{"id":45489,"date":"2023-09-12T21:28:47","date_gmt":"2023-09-12T20:28:47","guid":{"rendered":"https:\/\/lasentinelle.dz\/?p=45489"},"modified":"2023-09-12T21:28:49","modified_gmt":"2023-09-12T20:28:49","slug":"la-zlecaf-erigera-la-wilaya-de-tamanrasset-en-un-pole-commercial-africain","status":"publish","type":"post","link":"https:\/\/lasentinelle.dz\/index.php\/2023\/09\/12\/la-zlecaf-erigera-la-wilaya-de-tamanrasset-en-un-pole-commercial-africain\/","title":{"rendered":"\u00ab\u00a0La ZLECAF \u00e9rigera la wilaya de Tamanrasset en un p\u00f4le commercial africain\u00a0\u00bb"},"content":{"rendered":"\n<p>Le pr\u00e9sident de la Conf\u00e9d\u00e9ration des industriels et producteurs alg\u00e9riens (CIPA), Abdelouahab Ziani a soulign\u00e9 hier les opportunit\u00e9s qui seront offertes par Zone de libre-\u00e9change continentale africaine (ZLECAF) pour l\u2019Alg\u00e9rie. Il a soulign\u00e9, lors d\u2019une rencontre organis\u00e9e hier avec les m\u00e9dias que l&rsquo;Alg\u00e9rie est \u00ab\u00a0le c\u0153ur de l&rsquo;Afrique\u00a0\u00bb, \u00e9tant un axe commercial, estimant que la zone \u00ab\u00a0ZLECAF\u00a0\u00bb \u00e9rigera la wilaya de Tamanrasset en un p\u00f4le commercial africain. Saluant les efforts consentis par le Pr\u00e9sident de la R\u00e9publique, M. Abdelmadjid Tebboune, en vue de r\u00e9tablir la confiance des producteurs alg\u00e9riens, M. Ziani a affirm\u00e9 que la zone \u00ab\u00a0ZLECAF\u00a0\u00bb, en appelle \u00e0 une s\u00e9rie de mesures et la promulgation d&rsquo;autres lois \u00e0 l&rsquo;effet d&rsquo;accompagner les exportateurs, tout en soutenant la question de la r\u00e9vision de l&rsquo;accord d&rsquo;association avec l&rsquo;Union europ\u00e9enne (UE).<\/p>\n\n\n\n<p>L\u2019intervenant a dans ce sens soulign\u00e9 que l&rsquo;ouverture de banques et de foires alg\u00e9riennes dans les pays africains consolidera la place du produit alg\u00e9rien dans le continent. Ziani a indiqu\u00e9 que \u00ab\u00a0la pr\u00e9sence des banques alg\u00e9riennes \u00e0 l&rsquo;\u00e9tranger apportera une grande contribution pour les exportateurs, notamment \u00e0 travers la facilitation des transferts financiers\u00a0\u00bb. Il a \u00e9galement estim\u00e9 que l&rsquo;organisation des foires alg\u00e9riennes permanentes initi\u00e9es par la Soci\u00e9t\u00e9 alg\u00e9rienne des foires et&nbsp; exportation (SAFEX), permettre la pr\u00e9sence du produit alg\u00e9rien de mani\u00e8re permanente sur les march\u00e9s africains, soulignant l&rsquo;importance de la zone \u00ab\u00a0ZLECAF\u00a0\u00bb dans l&rsquo;augmentation des \u00e9changes commerciaux entre les pays du continent. S&rsquo;agissant du transport des marchandises alg\u00e9riennes vers les pays africains, le pr\u00e9sident de la Conf\u00e9d\u00e9ration s&rsquo;est f\u00e9licit\u00e9 des conclusions de sa r\u00e9cente r\u00e9union avec le ministre des Transports, Youcef Cherfa qui lui a affirm\u00e9 la disponibilit\u00e9 de son d\u00e9partement \u00e0 assurer toutes les facilitations pour le transport des marchandises alg\u00e9riennes vers l&rsquo;Afrique de l&rsquo;Ouest. Le pr\u00e9sident de la CIPZ a \u00e9galement soulign\u00e9 que l\u2019Afrique rec\u00e8le de mati\u00e8res premi\u00e8res en qui peuvent \u00eatre transform\u00e9es en Alg\u00e9rie.<\/p>\n\n\n\n<p>\u00c9voquant les questions li\u00e9es \u00e0 la r\u00e9gulation du march\u00e9 nationale, le pr\u00e9sident de la CIPA a estim\u00e9 que le ph\u00e9nom\u00e8ne de sp\u00e9culation illicite et du march\u00e9 parall\u00e8le avait contribu\u00e9 \u00e0 la flamb\u00e9e de certains prix de produits de large consommation, rappelant que le ministre du Commerce et de la Promotion des exportations, Tayeb Zitouni, lui avait affirm\u00e9, lors d&rsquo;une audience, la prise, prochainement, d&rsquo;une s\u00e9rie de mesures pour la r\u00e9gulation des prix dont le contr\u00f4le et le plafonnement des marges sur les produits. A ce propos, le m\u00eame responsable a insist\u00e9 sur \u00ab\u00a0l&rsquo;acc\u00e9l\u00e9ration du processus de num\u00e9risation en vue de faire face aux sp\u00e9culateurs et aux courtiers dont la marge b\u00e9n\u00e9ficiaire d\u00e9passe le prix du produit\u00a0\u00bb.<\/p>\n\n\n\n<p><strong>Chokri Hafed<\/strong><\/p>\n","protected":false},"excerpt":{"rendered":"<p>Le pr\u00e9sident de la Conf\u00e9d\u00e9ration des industriels et producteurs alg\u00e9riens (CIPA), Abdelouahab Ziani a soulign\u00e9 hier les opportunit\u00e9s qui seront<\/p>\n","protected":false},"author":3,"featured_media":43448,"comment_status":"open","ping_status":"closed","sticky":false,"template":"","format":"standard","meta":{"colormag_page_container_layout":"default_layout","colormag_page_sidebar_layout":"default_layout","om_disable_all_campaigns":false,"_monsterinsights_skip_tracking":false,"_monsterinsights_sitenote_active":false,"_monsterinsights_sitenote_note":"","_monsterinsights_sitenote_category":0,"footnotes":"","_wpscppro_dont_share_socialmedia":false,"_wpscppro_custom_social_share_image":0,"_facebook_share_type":"","_twitter_share_type":"","_linkedin_share_type":"","_pinterest_share_type":"","_linkedin_share_type_page":"","_instagram_share_type":"","_medium_share_type":"","_threads_share_type":"","_google_business_share_type":"","_selected_social_profile":[],"_wpsp_enable_custom_social_template":false,"_wpsp_social_scheduling":{"enabled":false,"datetime":null,"platforms":[],"status":"template_only","dateOption":"today","timeOption":"now","customDays":"","customHours":"","customDate":"","customTime":"","schedulingType":"absolute"},"_wpsp_active_default_template":true},"categories":[29],"tags":[],"class_list":["post-45489","post","type-post","status-publish","format-standard","has-post-thumbnail","hentry","category-economie"],"aioseo_notices":[],"yoast_head":"<!-- This site is optimized with the Yoast SEO plugin v27.5 - https:\/\/yoast.com\/product\/yoast-seo-wordpress\/ -->\n<title>\u00ab\u00a0La ZLECAF \u00e9rigera la wilaya de Tamanrasset en un p\u00f4le commercial africain\u00a0\u00bb - La Sentinelle<\/title>\n<meta name=\"robots\" content=\"index, follow, max-snippet:-1, max-image-preview:large, max-video-preview:-1\" \/>\n<link rel=\"canonical\" href=\"https:\/\/lasentinelle.dz\/index.php\/2023\/09\/12\/la-zlecaf-erigera-la-wilaya-de-tamanrasset-en-un-pole-commercial-africain\/\" \/>\n<meta property=\"og:locale\" content=\"fr_FR\" \/>\n<meta property=\"og:type\" content=\"article\" \/>\n<meta property=\"og:title\" content=\"\u00ab\u00a0La ZLECAF \u00e9rigera la wilaya de Tamanrasset en un p\u00f4le commercial africain\u00a0\u00bb - La Sentinelle\" \/>\n<meta property=\"og:description\" content=\"Le pr\u00e9sident de la Conf\u00e9d\u00e9ration des industriels et producteurs alg\u00e9riens (CIPA), Abdelouahab Ziani a soulign\u00e9 hier les opportunit\u00e9s qui seront\" \/>\n<meta property=\"og:url\" content=\"https:\/\/lasentinelle.dz\/index.php\/2023\/09\/12\/la-zlecaf-erigera-la-wilaya-de-tamanrasset-en-un-pole-commercial-africain\/\" \/>\n<meta property=\"og:site_name\" content=\"La Sentinelle\" \/>\n<meta property=\"article:publisher\" content=\"https:\/\/www.facebook.com\/La-Sentinelle-104059864394773\" \/>\n<meta property=\"article:published_time\" content=\"2023-09-12T20:28:47+00:00\" \/>\n<meta property=\"article:modified_time\" content=\"2023-09-12T20:28:49+00:00\" \/>\n<meta property=\"og:image\" content=\"https:\/\/lasentinelle.dz\/wp-content\/uploads\/2023\/07\/zlecaf.jpeg\" \/>\n\t<meta property=\"og:image:width\" content=\"580\" \/>\n\t<meta property=\"og:image:height\" content=\"350\" \/>\n\t<meta property=\"og:image:type\" content=\"image\/jpeg\" \/>\n<meta name=\"author\" content=\"La Sentinelle\" \/>\n<meta name=\"twitter:card\" content=\"summary_large_image\" \/>\n<meta name=\"twitter:label1\" content=\"\u00c9crit par\" \/>\n\t<meta name=\"twitter:data1\" content=\"La Sentinelle\" \/>\n\t<meta name=\"twitter:label2\" content=\"Dur\u00e9e de lecture estim\u00e9e\" \/>\n\t<meta name=\"twitter:data2\" content=\"3 minutes\" \/>\n<script type=\"application\/ld+json\" class=\"yoast-schema-graph\">{\"@context\":\"https:\\\/\\\/schema.org\",\"@graph\":[{\"@type\":\"Article\",\"@id\":\"https:\\\/\\\/lasentinelle.dz\\\/index.php\\\/2023\\\/09\\\/12\\\/la-zlecaf-erigera-la-wilaya-de-tamanrasset-en-un-pole-commercial-africain\\\/#article\",\"isPartOf\":{\"@id\":\"https:\\\/\\\/lasentinelle.dz\\\/index.php\\\/2023\\\/09\\\/12\\\/la-zlecaf-erigera-la-wilaya-de-tamanrasset-en-un-pole-commercial-africain\\\/\"},\"author\":{\"name\":\"La Sentinelle\",\"@id\":\"https:\\\/\\\/lasentinelle.dz\\\/#\\\/schema\\\/person\\\/d865044e22e70a75174ce8bcad3acfb3\"},\"headline\":\"\u00ab\u00a0La ZLECAF \u00e9rigera la wilaya de Tamanrasset en un p\u00f4le commercial africain\u00a0\u00bb\",\"datePublished\":\"2023-09-12T20:28:47+00:00\",\"dateModified\":\"2023-09-12T20:28:49+00:00\",\"mainEntityOfPage\":{\"@id\":\"https:\\\/\\\/lasentinelle.dz\\\/index.php\\\/2023\\\/09\\\/12\\\/la-zlecaf-erigera-la-wilaya-de-tamanrasset-en-un-pole-commercial-africain\\\/\"},\"wordCount\":520,\"commentCount\":0,\"publisher\":{\"@id\":\"https:\\\/\\\/lasentinelle.dz\\\/#organization\"},\"image\":{\"@id\":\"https:\\\/\\\/lasentinelle.dz\\\/index.php\\\/2023\\\/09\\\/12\\\/la-zlecaf-erigera-la-wilaya-de-tamanrasset-en-un-pole-commercial-africain\\\/#primaryimage\"},\"thumbnailUrl\":\"https:\\\/\\\/lasentinelle.dz\\\/wp-content\\\/uploads\\\/2023\\\/07\\\/zlecaf.jpeg\",\"articleSection\":[\"\u00c9conomie\"],\"inLanguage\":\"fr-FR\",\"potentialAction\":[{\"@type\":\"CommentAction\",\"name\":\"Comment\",\"target\":[\"https:\\\/\\\/lasentinelle.dz\\\/index.php\\\/2023\\\/09\\\/12\\\/la-zlecaf-erigera-la-wilaya-de-tamanrasset-en-un-pole-commercial-africain\\\/#respond\"]}]},{\"@type\":\"WebPage\",\"@id\":\"https:\\\/\\\/lasentinelle.dz\\\/index.php\\\/2023\\\/09\\\/12\\\/la-zlecaf-erigera-la-wilaya-de-tamanrasset-en-un-pole-commercial-africain\\\/\",\"url\":\"https:\\\/\\\/lasentinelle.dz\\\/index.php\\\/2023\\\/09\\\/12\\\/la-zlecaf-erigera-la-wilaya-de-tamanrasset-en-un-pole-commercial-africain\\\/\",\"name\":\"\u00ab\u00a0La ZLECAF \u00e9rigera la wilaya de Tamanrasset en un p\u00f4le commercial africain\u00a0\u00bb - La Sentinelle\",\"isPartOf\":{\"@id\":\"https:\\\/\\\/lasentinelle.dz\\\/#website\"},\"primaryImageOfPage\":{\"@id\":\"https:\\\/\\\/lasentinelle.dz\\\/index.php\\\/2023\\\/09\\\/12\\\/la-zlecaf-erigera-la-wilaya-de-tamanrasset-en-un-pole-commercial-africain\\\/#primaryimage\"},\"image\":{\"@id\":\"https:\\\/\\\/lasentinelle.dz\\\/index.php\\\/2023\\\/09\\\/12\\\/la-zlecaf-erigera-la-wilaya-de-tamanrasset-en-un-pole-commercial-africain\\\/#primaryimage\"},\"thumbnailUrl\":\"https:\\\/\\\/lasentinelle.dz\\\/wp-content\\\/uploads\\\/2023\\\/07\\\/zlecaf.jpeg\",\"datePublished\":\"2023-09-12T20:28:47+00:00\",\"dateModified\":\"2023-09-12T20:28:49+00:00\",\"breadcrumb\":{\"@id\":\"https:\\\/\\\/lasentinelle.dz\\\/index.php\\\/2023\\\/09\\\/12\\\/la-zlecaf-erigera-la-wilaya-de-tamanrasset-en-un-pole-commercial-africain\\\/#breadcrumb\"},\"inLanguage\":\"fr-FR\",\"potentialAction\":[{\"@type\":\"ReadAction\",\"target\":[\"https:\\\/\\\/lasentinelle.dz\\\/index.php\\\/2023\\\/09\\\/12\\\/la-zlecaf-erigera-la-wilaya-de-tamanrasset-en-un-pole-commercial-africain\\\/\"]}]},{\"@type\":\"ImageObject\",\"inLanguage\":\"fr-FR\",\"@id\":\"https:\\\/\\\/lasentinelle.dz\\\/index.php\\\/2023\\\/09\\\/12\\\/la-zlecaf-erigera-la-wilaya-de-tamanrasset-en-un-pole-commercial-africain\\\/#primaryimage\",\"url\":\"https:\\\/\\\/lasentinelle.dz\\\/wp-content\\\/uploads\\\/2023\\\/07\\\/zlecaf.jpeg\",\"contentUrl\":\"https:\\\/\\\/lasentinelle.dz\\\/wp-content\\\/uploads\\\/2023\\\/07\\\/zlecaf.jpeg\",\"width\":580,\"height\":350},{\"@type\":\"BreadcrumbList\",\"@id\":\"https:\\\/\\\/lasentinelle.dz\\\/index.php\\\/2023\\\/09\\\/12\\\/la-zlecaf-erigera-la-wilaya-de-tamanrasset-en-un-pole-commercial-africain\\\/#breadcrumb\",\"itemListElement\":[{\"@type\":\"ListItem\",\"position\":1,\"name\":\"Accueil\",\"item\":\"https:\\\/\\\/lasentinelle.dz\\\/\"},{\"@type\":\"ListItem\",\"position\":2,\"name\":\"\u00ab\u00a0La ZLECAF \u00e9rigera la wilaya de Tamanrasset en un p\u00f4le commercial africain\u00a0\u00bb\"}]},{\"@type\":\"WebSite\",\"@id\":\"https:\\\/\\\/lasentinelle.dz\\\/#website\",\"url\":\"https:\\\/\\\/lasentinelle.dz\\\/\",\"name\":\"La Sentinelle\",\"description\":\"Quotidien national d&#039;information\",\"publisher\":{\"@id\":\"https:\\\/\\\/lasentinelle.dz\\\/#organization\"},\"potentialAction\":[{\"@type\":\"SearchAction\",\"target\":{\"@type\":\"EntryPoint\",\"urlTemplate\":\"https:\\\/\\\/lasentinelle.dz\\\/?s={search_term_string}\"},\"query-input\":{\"@type\":\"PropertyValueSpecification\",\"valueRequired\":true,\"valueName\":\"search_term_string\"}}],\"inLanguage\":\"fr-FR\"},{\"@type\":\"Organization\",\"@id\":\"https:\\\/\\\/lasentinelle.dz\\\/#organization\",\"name\":\"Quotidien La Sentinelle\",\"url\":\"https:\\\/\\\/lasentinelle.dz\\\/\",\"logo\":{\"@type\":\"ImageObject\",\"inLanguage\":\"fr-FR\",\"@id\":\"https:\\\/\\\/lasentinelle.dz\\\/#\\\/schema\\\/logo\\\/image\\\/\",\"url\":\"https:\\\/\\\/lasentinelle.dz\\\/wp-content\\\/uploads\\\/2021\\\/09\\\/logo-sentinelleSLOGAN-1.png\",\"contentUrl\":\"https:\\\/\\\/lasentinelle.dz\\\/wp-content\\\/uploads\\\/2021\\\/09\\\/logo-sentinelleSLOGAN-1.png\",\"width\":615,\"height\":142,\"caption\":\"Quotidien La Sentinelle\"},\"image\":{\"@id\":\"https:\\\/\\\/lasentinelle.dz\\\/#\\\/schema\\\/logo\\\/image\\\/\"},\"sameAs\":[\"https:\\\/\\\/www.facebook.com\\\/La-Sentinelle-104059864394773\"]},{\"@type\":\"Person\",\"@id\":\"https:\\\/\\\/lasentinelle.dz\\\/#\\\/schema\\\/person\\\/d865044e22e70a75174ce8bcad3acfb3\",\"name\":\"La Sentinelle\",\"image\":{\"@type\":\"ImageObject\",\"inLanguage\":\"fr-FR\",\"@id\":\"https:\\\/\\\/secure.gravatar.com\\\/avatar\\\/57de8e5d4b15d43fb361a71fbb36338450fe67865b528a43dd10ef7c51a20392?s=96&d=mm&r=g\",\"url\":\"https:\\\/\\\/secure.gravatar.com\\\/avatar\\\/57de8e5d4b15d43fb361a71fbb36338450fe67865b528a43dd10ef7c51a20392?s=96&d=mm&r=g\",\"contentUrl\":\"https:\\\/\\\/secure.gravatar.com\\\/avatar\\\/57de8e5d4b15d43fb361a71fbb36338450fe67865b528a43dd10ef7c51a20392?s=96&d=mm&r=g\",\"caption\":\"La Sentinelle\"},\"sameAs\":[\"http:\\\/\\\/www.lasentinelle.dz\"],\"url\":\"https:\\\/\\\/lasentinelle.dz\\\/author\\\/redaction\\\/\"}]}<\/script>\n<!-- \/ Yoast SEO plugin. -->","yoast_head_json":{"title":"\u00ab\u00a0La ZLECAF \u00e9rigera la wilaya de Tamanrasset en un p\u00f4le commercial africain\u00a0\u00bb - La Sentinelle","robots":{"index":"index","follow":"follow","max-snippet":"max-snippet:-1","max-image-preview":"max-image-preview:large","max-video-preview":"max-video-preview:-1"},"canonical":"https:\/\/lasentinelle.dz\/index.php\/2023\/09\/12\/la-zlecaf-erigera-la-wilaya-de-tamanrasset-en-un-pole-commercial-africain\/","og_locale":"fr_FR","og_type":"article","og_title":"\u00ab\u00a0La ZLECAF \u00e9rigera la wilaya de Tamanrasset en un p\u00f4le commercial africain\u00a0\u00bb - La Sentinelle","og_description":"Le pr\u00e9sident de la Conf\u00e9d\u00e9ration des industriels et producteurs alg\u00e9riens (CIPA), Abdelouahab Ziani a soulign\u00e9 hier les opportunit\u00e9s qui seront","og_url":"https:\/\/lasentinelle.dz\/index.php\/2023\/09\/12\/la-zlecaf-erigera-la-wilaya-de-tamanrasset-en-un-pole-commercial-africain\/","og_site_name":"La Sentinelle","article_publisher":"https:\/\/www.facebook.com\/La-Sentinelle-104059864394773","article_published_time":"2023-09-12T20:28:47+00:00","article_modified_time":"2023-09-12T20:28:49+00:00","og_image":[{"width":580,"height":350,"url":"https:\/\/lasentinelle.dz\/wp-content\/uploads\/2023\/07\/zlecaf.jpeg","type":"image\/jpeg"}],"author":"La Sentinelle","twitter_card":"summary_large_image","twitter_misc":{"\u00c9crit par":"La Sentinelle","Dur\u00e9e de lecture estim\u00e9e":"3 minutes"},"schema":{"@context":"https:\/\/schema.org","@graph":[{"@type":"Article","@id":"https:\/\/lasentinelle.dz\/index.php\/2023\/09\/12\/la-zlecaf-erigera-la-wilaya-de-tamanrasset-en-un-pole-commercial-africain\/#article","isPartOf":{"@id":"https:\/\/lasentinelle.dz\/index.php\/2023\/09\/12\/la-zlecaf-erigera-la-wilaya-de-tamanrasset-en-un-pole-commercial-africain\/"},"author":{"name":"La Sentinelle","@id":"https:\/\/lasentinelle.dz\/#\/schema\/person\/d865044e22e70a75174ce8bcad3acfb3"},"headline":"\u00ab\u00a0La ZLECAF \u00e9rigera la wilaya de Tamanrasset en un p\u00f4le commercial africain\u00a0\u00bb","datePublished":"2023-09-12T20:28:47+00:00","dateModified":"2023-09-12T20:28:49+00:00","mainEntityOfPage":{"@id":"https:\/\/lasentinelle.dz\/index.php\/2023\/09\/12\/la-zlecaf-erigera-la-wilaya-de-tamanrasset-en-un-pole-commercial-africain\/"},"wordCount":520,"commentCount":0,"publisher":{"@id":"https:\/\/lasentinelle.dz\/#organization"},"image":{"@id":"https:\/\/lasentinelle.dz\/index.php\/2023\/09\/12\/la-zlecaf-erigera-la-wilaya-de-tamanrasset-en-un-pole-commercial-africain\/#primaryimage"},"thumbnailUrl":"https:\/\/lasentinelle.dz\/wp-content\/uploads\/2023\/07\/zlecaf.jpeg","articleSection":["\u00c9conomie"],"inLanguage":"fr-FR","potentialAction":[{"@type":"CommentAction","name":"Comment","target":["https:\/\/lasentinelle.dz\/index.php\/2023\/09\/12\/la-zlecaf-erigera-la-wilaya-de-tamanrasset-en-un-pole-commercial-africain\/#respond"]}]},{"@type":"WebPage","@id":"https:\/\/lasentinelle.dz\/index.php\/2023\/09\/12\/la-zlecaf-erigera-la-wilaya-de-tamanrasset-en-un-pole-commercial-africain\/","url":"https:\/\/lasentinelle.dz\/index.php\/2023\/09\/12\/la-zlecaf-erigera-la-wilaya-de-tamanrasset-en-un-pole-commercial-africain\/","name":"\u00ab\u00a0La ZLECAF \u00e9rigera la wilaya de Tamanrasset en un p\u00f4le commercial africain\u00a0\u00bb - La Sentinelle","isPartOf":{"@id":"https:\/\/lasentinelle.dz\/#website"},"primaryImageOfPage":{"@id":"https:\/\/lasentinelle.dz\/index.php\/2023\/09\/12\/la-zlecaf-erigera-la-wilaya-de-tamanrasset-en-un-pole-commercial-africain\/#primaryimage"},"image":{"@id":"https:\/\/lasentinelle.dz\/index.php\/2023\/09\/12\/la-zlecaf-erigera-la-wilaya-de-tamanrasset-en-un-pole-commercial-africain\/#primaryimage"},"thumbnailUrl":"https:\/\/lasentinelle.dz\/wp-content\/uploads\/2023\/07\/zlecaf.jpeg","datePublished":"2023-09-12T20:28:47+00:00","dateModified":"2023-09-12T20:28:49+00:00","breadcrumb":{"@id":"https:\/\/lasentinelle.dz\/index.php\/2023\/09\/12\/la-zlecaf-erigera-la-wilaya-de-tamanrasset-en-un-pole-commercial-africain\/#breadcrumb"},"inLanguage":"fr-FR","potentialAction":[{"@type":"ReadAction","target":["https:\/\/lasentinelle.dz\/index.php\/2023\/09\/12\/la-zlecaf-erigera-la-wilaya-de-tamanrasset-en-un-pole-commercial-africain\/"]}]},{"@type":"ImageObject","inLanguage":"fr-FR","@id":"https:\/\/lasentinelle.dz\/index.php\/2023\/09\/12\/la-zlecaf-erigera-la-wilaya-de-tamanrasset-en-un-pole-commercial-africain\/#primaryimage","url":"https:\/\/lasentinelle.dz\/wp-content\/uploads\/2023\/07\/zlecaf.jpeg","contentUrl":"https:\/\/lasentinelle.dz\/wp-content\/uploads\/2023\/07\/zlecaf.jpeg","width":580,"height":350},{"@type":"BreadcrumbList","@id":"https:\/\/lasentinelle.dz\/index.php\/2023\/09\/12\/la-zlecaf-erigera-la-wilaya-de-tamanrasset-en-un-pole-commercial-africain\/#breadcrumb","itemListElement":[{"@type":"ListItem","position":1,"name":"Accueil","item":"https:\/\/lasentinelle.dz\/"},{"@type":"ListItem","position":2,"name":"\u00ab\u00a0La ZLECAF \u00e9rigera la wilaya de Tamanrasset en un p\u00f4le commercial africain\u00a0\u00bb"}]},{"@type":"WebSite","@id":"https:\/\/lasentinelle.dz\/#website","url":"https:\/\/lasentinelle.dz\/","name":"La Sentinelle","description":"Quotidien national d&#039;information","publisher":{"@id":"https:\/\/lasentinelle.dz\/#organization"},"potentialAction":[{"@type":"SearchAction","target":{"@type":"EntryPoint","urlTemplate":"https:\/\/lasentinelle.dz\/?s={search_term_string}"},"query-input":{"@type":"PropertyValueSpecification","valueRequired":true,"valueName":"search_term_string"}}],"inLanguage":"fr-FR"},{"@type":"Organization","@id":"https:\/\/lasentinelle.dz\/#organization","name":"Quotidien La Sentinelle","url":"https:\/\/lasentinelle.dz\/","logo":{"@type":"ImageObject","inLanguage":"fr-FR","@id":"https:\/\/lasentinelle.dz\/#\/schema\/logo\/image\/","url":"https:\/\/lasentinelle.dz\/wp-content\/uploads\/2021\/09\/logo-sentinelleSLOGAN-1.png","contentUrl":"https:\/\/lasentinelle.dz\/wp-content\/uploads\/2021\/09\/logo-sentinelleSLOGAN-1.png","width":615,"height":142,"caption":"Quotidien La Sentinelle"},"image":{"@id":"https:\/\/lasentinelle.dz\/#\/schema\/logo\/image\/"},"sameAs":["https:\/\/www.facebook.com\/La-Sentinelle-104059864394773"]},{"@type":"Person","@id":"https:\/\/lasentinelle.dz\/#\/schema\/person\/d865044e22e70a75174ce8bcad3acfb3","name":"La Sentinelle","image":{"@type":"ImageObject","inLanguage":"fr-FR","@id":"https:\/\/secure.gravatar.com\/avatar\/57de8e5d4b15d43fb361a71fbb36338450fe67865b528a43dd10ef7c51a20392?s=96&d=mm&r=g","url":"https:\/\/secure.gravatar.com\/avatar\/57de8e5d4b15d43fb361a71fbb36338450fe67865b528a43dd10ef7c51a20392?s=96&d=mm&r=g","contentUrl":"https:\/\/secure.gravatar.com\/avatar\/57de8e5d4b15d43fb361a71fbb36338450fe67865b528a43dd10ef7c51a20392?s=96&d=mm&r=g","caption":"La Sentinelle"},"sameAs":["http:\/\/www.lasentinelle.dz"],"url":"https:\/\/lasentinelle.dz\/author\/redaction\/"}]}},"_links":{"self":[{"href":"https:\/\/lasentinelle.dz\/index.php\/wp-json\/wp\/v2\/posts\/45489","targetHints":{"allow":["GET"]}}],"collection":[{"href":"https:\/\/lasentinelle.dz\/index.php\/wp-json\/wp\/v2\/posts"}],"about":[{"href":"https:\/\/lasentinelle.dz\/index.php\/wp-json\/wp\/v2\/types\/post"}],"author":[{"embeddable":true,"href":"https:\/\/lasentinelle.dz\/index.php\/wp-json\/wp\/v2\/users\/3"}],"replies":[{"embeddable":true,"href":"https:\/\/lasentinelle.dz\/index.php\/wp-json\/wp\/v2\/comments?post=45489"}],"version-history":[{"count":1,"href":"https:\/\/lasentinelle.dz\/index.php\/wp-json\/wp\/v2\/posts\/45489\/revisions"}],"predecessor-version":[{"id":45490,"href":"https:\/\/lasentinelle.dz\/index.php\/wp-json\/wp\/v2\/posts\/45489\/revisions\/45490"}],"wp:featuredmedia":[{"embeddable":true,"href":"https:\/\/lasentinelle.dz\/index.php\/wp-json\/wp\/v2\/media\/43448"}],"wp:attachment":[{"href":"https:\/\/lasentinelle.dz\/index.php\/wp-json\/wp\/v2\/media?parent=45489"}],"wp:term":[{"taxonomy":"category","embeddable":true,"href":"https:\/\/lasentinelle.dz\/index.php\/wp-json\/wp\/v2\/categories?post=45489"},{"taxonomy":"post_tag","embeddable":true,"href":"https:\/\/lasentinelle.dz\/index.php\/wp-json\/wp\/v2\/tags?post=45489"}],"curies":[{"name":"wp","href":"https:\/\/api.w.org\/{rel}","templated":true}]}}