{"id":45492,"date":"2023-09-12T21:29:57","date_gmt":"2023-09-12T20:29:57","guid":{"rendered":"https:\/\/lasentinelle.dz\/?p=45492"},"modified":"2023-09-12T21:29:59","modified_gmt":"2023-09-12T20:29:59","slug":"air-algerie-renforce-ses-vols-vers-le-sud","status":"publish","type":"post","link":"https:\/\/lasentinelle.dz\/index.php\/2023\/09\/12\/air-algerie-renforce-ses-vols-vers-le-sud\/","title":{"rendered":"Air Alg\u00e9rie renforce ses vols vers le Sud"},"content":{"rendered":"\n<p>La compagnie a\u00e9rienne nationale poursuit son plan de d\u00e9veloppement et d\u2019expansion. En plus de l\u2019ouverture de nombreuses nouvelles lignes \u00e0 l\u2019international, Air Alg\u00e9rie consolident ses dessertes sur le r\u00e9seau national. C\u2019est dans ce contexte le pavillon national renforce ses dessertes vers les wilayas du Sud.<\/p>\n\n\n\n<p>La compagnie a\u00e9rienne nationale a, en effet, annonc\u00e9 hier dans un communiqu\u00e9 l\u2019augmentation du nombre de ses vols de et vers les a\u00e9roports du Sud du pays pour r\u00e9pondre \u00e0 une \u00ab\u00a0forte demande\u00a0\u00bb constat\u00e9e ces derniers jours. De son c\u00f4t\u00e9, le porte-parole de la compagnie, Amine Andaloussi, a indiqu\u00e9 dans une d\u00e9claration \u00e0 l\u2019APS que \u00ab&nbsp;nombre de passagers munis de billets ouverts sur les lignes du Sud du pays ont formul\u00e9 le souhait de prendre l&rsquo;avion en cette p\u00e9riode de rentr\u00e9e sociale. Air Alg\u00e9rie a donc pris rapidement l&rsquo;initiative d&rsquo;augmenter la capacit\u00e9 de transport sur ces lignes durant cette p\u00e9riode de forte demande&nbsp;\u00bb. Ainsi, pour accompagner ses clients, notamment les citoyens des wilayas du Sud du pays, Air Alg\u00e9rie a programm\u00e9 plusieurs vols suppl\u00e9mentaires durant cette p\u00e9riode, de et vers ces wilayas, assure le responsable, soulignant \u00e9galement la mobilisation d&rsquo;appareils d&rsquo;une plus grande capacit\u00e9, des Boeing 737 NG, dont la capacit\u00e9 peut aller jusqu&rsquo;\u00e0 150 passagers. \u00ab\u00a0Un nombre important de voyageurs s&rsquo;est inscrit ces derniers jours sur les listes d&rsquo;attente de la compagnie pour b\u00e9n\u00e9ficier d&rsquo;une place. Air Alg\u00e9rie a \u00e9t\u00e9 tr\u00e8s r\u00e9active pour r\u00e9pondre \u00e0 cette demande\u00a0\u00bb, a ajout\u00e9 M. Andaloussi, rappelant que \u00ab\u00a0le but de la compagnie est d&rsquo;accompagner les citoyens en leur offrant un service public de qualit\u00e9, notamment en r\u00e9duisant leur attente\u00a0\u00bb.<\/p>\n\n\n\n<p>Il faut dire que la compagnie a\u00e9rienne a d\u00e9cid\u00e9 de consolider sa flotte et de la moderniser afin d\u2019accompagner son d\u00e9ploiement. Air Alg\u00e9rie a lanc\u00e9 un appel d\u2019offre pour l\u2019acquisition de 15 nouveaux appareils Boeing et Airbus. Elle a \u00e9galement lanc\u00e9 un appel d\u2019offres pour l\u2019acquisition de 10 avions en leasing. La compagnie a\u00e9rienne dispose de 56 avions. A l\u2019international Air Alg\u00e9rie a ouvert plusieurs nouvelles lignes au cours des derniers mois, notamment vers des capitales africaines, dans le cadre de la strat\u00e9gie des autorit\u00e9s de faire de l\u2019a\u00e9roport d\u2019Alger un hub a\u00e9rien international. Elle a ainsi ouvert des dessertes vers Dakar, Abidjan, Ouagadougou et Bamako entre autres. Elle a \u00e9galement ouvert une nouvelle ligne vers la ville sud-africaine de Johannesburg au mois d\u2019ao\u00fbt. Elle \u00e9galement ouvert en juillet vers Saint-P\u00e9tersbourg en Russie.<\/p>\n\n\n\n<p><strong>Samir Benisid<\/strong><\/p>\n","protected":false},"excerpt":{"rendered":"<p>La compagnie a\u00e9rienne nationale poursuit son plan de d\u00e9veloppement et d\u2019expansion. En plus de l\u2019ouverture de nombreuses nouvelles lignes \u00e0<\/p>\n","protected":false},"author":3,"featured_media":22696,"comment_status":"open","ping_status":"closed","sticky":false,"template":"","format":"standard","meta":{"colormag_page_container_layout":"default_layout","colormag_page_sidebar_layout":"default_layout","om_disable_all_campaigns":false,"_monsterinsights_skip_tracking":false,"_monsterinsights_sitenote_active":false,"_monsterinsights_sitenote_note":"","_monsterinsights_sitenote_category":0,"footnotes":"","_wpscppro_dont_share_socialmedia":false,"_wpscppro_custom_social_share_image":0,"_facebook_share_type":"","_twitter_share_type":"","_linkedin_share_type":"","_pinterest_share_type":"","_linkedin_share_type_page":"","_instagram_share_type":"","_medium_share_type":"","_threads_share_type":"","_google_business_share_type":"","_selected_social_profile":[],"_wpsp_enable_custom_social_template":false,"_wpsp_social_scheduling":{"enabled":false,"datetime":null,"platforms":[],"status":"template_only","dateOption":"today","timeOption":"now","customDays":"","customHours":"","customDate":"","customTime":"","schedulingType":"absolute"},"_wpsp_active_default_template":true},"categories":[52,29],"tags":[],"class_list":["post-45492","post","type-post","status-publish","format-standard","has-post-thumbnail","hentry","category-a-la-une","category-economie"],"aioseo_notices":[],"yoast_head":"<!-- This site is optimized with the Yoast SEO plugin v27.4 - https:\/\/yoast.com\/product\/yoast-seo-wordpress\/ -->\n<title>Air Alg\u00e9rie renforce ses vols vers le Sud - La Sentinelle<\/title>\n<meta name=\"robots\" content=\"index, follow, max-snippet:-1, max-image-preview:large, max-video-preview:-1\" \/>\n<link rel=\"canonical\" href=\"https:\/\/lasentinelle.dz\/index.php\/2023\/09\/12\/air-algerie-renforce-ses-vols-vers-le-sud\/\" \/>\n<meta property=\"og:locale\" content=\"fr_FR\" \/>\n<meta property=\"og:type\" content=\"article\" \/>\n<meta property=\"og:title\" content=\"Air Alg\u00e9rie renforce ses vols vers le Sud - La Sentinelle\" \/>\n<meta property=\"og:description\" content=\"La compagnie a\u00e9rienne nationale poursuit son plan de d\u00e9veloppement et d\u2019expansion. En plus de l\u2019ouverture de nombreuses nouvelles lignes \u00e0\" \/>\n<meta property=\"og:url\" content=\"https:\/\/lasentinelle.dz\/index.php\/2023\/09\/12\/air-algerie-renforce-ses-vols-vers-le-sud\/\" \/>\n<meta property=\"og:site_name\" content=\"La Sentinelle\" \/>\n<meta property=\"article:publisher\" content=\"https:\/\/www.facebook.com\/La-Sentinelle-104059864394773\" \/>\n<meta property=\"article:published_time\" content=\"2023-09-12T20:29:57+00:00\" \/>\n<meta property=\"article:modified_time\" content=\"2023-09-12T20:29:59+00:00\" \/>\n<meta property=\"og:image\" content=\"https:\/\/lasentinelle.dz\/wp-content\/uploads\/2022\/06\/Air-Algerie-1.png\" \/>\n\t<meta property=\"og:image:width\" content=\"1600\" \/>\n\t<meta property=\"og:image:height\" content=\"900\" \/>\n\t<meta property=\"og:image:type\" content=\"image\/png\" \/>\n<meta name=\"author\" content=\"La Sentinelle\" \/>\n<meta name=\"twitter:card\" content=\"summary_large_image\" \/>\n<meta name=\"twitter:label1\" content=\"\u00c9crit par\" \/>\n\t<meta name=\"twitter:data1\" content=\"La Sentinelle\" \/>\n\t<meta name=\"twitter:label2\" content=\"Dur\u00e9e de lecture estim\u00e9e\" \/>\n\t<meta name=\"twitter:data2\" content=\"3 minutes\" \/>\n<script type=\"application\/ld+json\" class=\"yoast-schema-graph\">{\"@context\":\"https:\\\/\\\/schema.org\",\"@graph\":[{\"@type\":\"Article\",\"@id\":\"https:\\\/\\\/lasentinelle.dz\\\/index.php\\\/2023\\\/09\\\/12\\\/air-algerie-renforce-ses-vols-vers-le-sud\\\/#article\",\"isPartOf\":{\"@id\":\"https:\\\/\\\/lasentinelle.dz\\\/index.php\\\/2023\\\/09\\\/12\\\/air-algerie-renforce-ses-vols-vers-le-sud\\\/\"},\"author\":{\"name\":\"La Sentinelle\",\"@id\":\"https:\\\/\\\/lasentinelle.dz\\\/#\\\/schema\\\/person\\\/d865044e22e70a75174ce8bcad3acfb3\"},\"headline\":\"Air Alg\u00e9rie renforce ses vols vers le Sud\",\"datePublished\":\"2023-09-12T20:29:57+00:00\",\"dateModified\":\"2023-09-12T20:29:59+00:00\",\"mainEntityOfPage\":{\"@id\":\"https:\\\/\\\/lasentinelle.dz\\\/index.php\\\/2023\\\/09\\\/12\\\/air-algerie-renforce-ses-vols-vers-le-sud\\\/\"},\"wordCount\":458,\"commentCount\":0,\"publisher\":{\"@id\":\"https:\\\/\\\/lasentinelle.dz\\\/#organization\"},\"image\":{\"@id\":\"https:\\\/\\\/lasentinelle.dz\\\/index.php\\\/2023\\\/09\\\/12\\\/air-algerie-renforce-ses-vols-vers-le-sud\\\/#primaryimage\"},\"thumbnailUrl\":\"https:\\\/\\\/lasentinelle.dz\\\/wp-content\\\/uploads\\\/2022\\\/06\\\/Air-Algerie-1.png\",\"articleSection\":[\"\u00c0 la Une\",\"\u00c9conomie\"],\"inLanguage\":\"fr-FR\",\"potentialAction\":[{\"@type\":\"CommentAction\",\"name\":\"Comment\",\"target\":[\"https:\\\/\\\/lasentinelle.dz\\\/index.php\\\/2023\\\/09\\\/12\\\/air-algerie-renforce-ses-vols-vers-le-sud\\\/#respond\"]}]},{\"@type\":\"WebPage\",\"@id\":\"https:\\\/\\\/lasentinelle.dz\\\/index.php\\\/2023\\\/09\\\/12\\\/air-algerie-renforce-ses-vols-vers-le-sud\\\/\",\"url\":\"https:\\\/\\\/lasentinelle.dz\\\/index.php\\\/2023\\\/09\\\/12\\\/air-algerie-renforce-ses-vols-vers-le-sud\\\/\",\"name\":\"Air Alg\u00e9rie renforce ses vols vers le Sud - La Sentinelle\",\"isPartOf\":{\"@id\":\"https:\\\/\\\/lasentinelle.dz\\\/#website\"},\"primaryImageOfPage\":{\"@id\":\"https:\\\/\\\/lasentinelle.dz\\\/index.php\\\/2023\\\/09\\\/12\\\/air-algerie-renforce-ses-vols-vers-le-sud\\\/#primaryimage\"},\"image\":{\"@id\":\"https:\\\/\\\/lasentinelle.dz\\\/index.php\\\/2023\\\/09\\\/12\\\/air-algerie-renforce-ses-vols-vers-le-sud\\\/#primaryimage\"},\"thumbnailUrl\":\"https:\\\/\\\/lasentinelle.dz\\\/wp-content\\\/uploads\\\/2022\\\/06\\\/Air-Algerie-1.png\",\"datePublished\":\"2023-09-12T20:29:57+00:00\",\"dateModified\":\"2023-09-12T20:29:59+00:00\",\"breadcrumb\":{\"@id\":\"https:\\\/\\\/lasentinelle.dz\\\/index.php\\\/2023\\\/09\\\/12\\\/air-algerie-renforce-ses-vols-vers-le-sud\\\/#breadcrumb\"},\"inLanguage\":\"fr-FR\",\"potentialAction\":[{\"@type\":\"ReadAction\",\"target\":[\"https:\\\/\\\/lasentinelle.dz\\\/index.php\\\/2023\\\/09\\\/12\\\/air-algerie-renforce-ses-vols-vers-le-sud\\\/\"]}]},{\"@type\":\"ImageObject\",\"inLanguage\":\"fr-FR\",\"@id\":\"https:\\\/\\\/lasentinelle.dz\\\/index.php\\\/2023\\\/09\\\/12\\\/air-algerie-renforce-ses-vols-vers-le-sud\\\/#primaryimage\",\"url\":\"https:\\\/\\\/lasentinelle.dz\\\/wp-content\\\/uploads\\\/2022\\\/06\\\/Air-Algerie-1.png\",\"contentUrl\":\"https:\\\/\\\/lasentinelle.dz\\\/wp-content\\\/uploads\\\/2022\\\/06\\\/Air-Algerie-1.png\",\"width\":1600,\"height\":900},{\"@type\":\"BreadcrumbList\",\"@id\":\"https:\\\/\\\/lasentinelle.dz\\\/index.php\\\/2023\\\/09\\\/12\\\/air-algerie-renforce-ses-vols-vers-le-sud\\\/#breadcrumb\",\"itemListElement\":[{\"@type\":\"ListItem\",\"position\":1,\"name\":\"Accueil\",\"item\":\"https:\\\/\\\/lasentinelle.dz\\\/\"},{\"@type\":\"ListItem\",\"position\":2,\"name\":\"Air Alg\u00e9rie renforce ses vols vers le Sud\"}]},{\"@type\":\"WebSite\",\"@id\":\"https:\\\/\\\/lasentinelle.dz\\\/#website\",\"url\":\"https:\\\/\\\/lasentinelle.dz\\\/\",\"name\":\"La Sentinelle\",\"description\":\"Quotidien national d&#039;information\",\"publisher\":{\"@id\":\"https:\\\/\\\/lasentinelle.dz\\\/#organization\"},\"potentialAction\":[{\"@type\":\"SearchAction\",\"target\":{\"@type\":\"EntryPoint\",\"urlTemplate\":\"https:\\\/\\\/lasentinelle.dz\\\/?s={search_term_string}\"},\"query-input\":{\"@type\":\"PropertyValueSpecification\",\"valueRequired\":true,\"valueName\":\"search_term_string\"}}],\"inLanguage\":\"fr-FR\"},{\"@type\":\"Organization\",\"@id\":\"https:\\\/\\\/lasentinelle.dz\\\/#organization\",\"name\":\"Quotidien La Sentinelle\",\"url\":\"https:\\\/\\\/lasentinelle.dz\\\/\",\"logo\":{\"@type\":\"ImageObject\",\"inLanguage\":\"fr-FR\",\"@id\":\"https:\\\/\\\/lasentinelle.dz\\\/#\\\/schema\\\/logo\\\/image\\\/\",\"url\":\"https:\\\/\\\/lasentinelle.dz\\\/wp-content\\\/uploads\\\/2021\\\/09\\\/logo-sentinelleSLOGAN-1.png\",\"contentUrl\":\"https:\\\/\\\/lasentinelle.dz\\\/wp-content\\\/uploads\\\/2021\\\/09\\\/logo-sentinelleSLOGAN-1.png\",\"width\":615,\"height\":142,\"caption\":\"Quotidien La Sentinelle\"},\"image\":{\"@id\":\"https:\\\/\\\/lasentinelle.dz\\\/#\\\/schema\\\/logo\\\/image\\\/\"},\"sameAs\":[\"https:\\\/\\\/www.facebook.com\\\/La-Sentinelle-104059864394773\"]},{\"@type\":\"Person\",\"@id\":\"https:\\\/\\\/lasentinelle.dz\\\/#\\\/schema\\\/person\\\/d865044e22e70a75174ce8bcad3acfb3\",\"name\":\"La Sentinelle\",\"image\":{\"@type\":\"ImageObject\",\"inLanguage\":\"fr-FR\",\"@id\":\"https:\\\/\\\/secure.gravatar.com\\\/avatar\\\/57de8e5d4b15d43fb361a71fbb36338450fe67865b528a43dd10ef7c51a20392?s=96&d=mm&r=g\",\"url\":\"https:\\\/\\\/secure.gravatar.com\\\/avatar\\\/57de8e5d4b15d43fb361a71fbb36338450fe67865b528a43dd10ef7c51a20392?s=96&d=mm&r=g\",\"contentUrl\":\"https:\\\/\\\/secure.gravatar.com\\\/avatar\\\/57de8e5d4b15d43fb361a71fbb36338450fe67865b528a43dd10ef7c51a20392?s=96&d=mm&r=g\",\"caption\":\"La Sentinelle\"},\"sameAs\":[\"http:\\\/\\\/www.lasentinelle.dz\"],\"url\":\"https:\\\/\\\/lasentinelle.dz\\\/author\\\/redaction\\\/\"}]}<\/script>\n<!-- \/ Yoast SEO plugin. -->","yoast_head_json":{"title":"Air Alg\u00e9rie renforce ses vols vers le Sud - La Sentinelle","robots":{"index":"index","follow":"follow","max-snippet":"max-snippet:-1","max-image-preview":"max-image-preview:large","max-video-preview":"max-video-preview:-1"},"canonical":"https:\/\/lasentinelle.dz\/index.php\/2023\/09\/12\/air-algerie-renforce-ses-vols-vers-le-sud\/","og_locale":"fr_FR","og_type":"article","og_title":"Air Alg\u00e9rie renforce ses vols vers le Sud - La Sentinelle","og_description":"La compagnie a\u00e9rienne nationale poursuit son plan de d\u00e9veloppement et d\u2019expansion. En plus de l\u2019ouverture de nombreuses nouvelles lignes \u00e0","og_url":"https:\/\/lasentinelle.dz\/index.php\/2023\/09\/12\/air-algerie-renforce-ses-vols-vers-le-sud\/","og_site_name":"La Sentinelle","article_publisher":"https:\/\/www.facebook.com\/La-Sentinelle-104059864394773","article_published_time":"2023-09-12T20:29:57+00:00","article_modified_time":"2023-09-12T20:29:59+00:00","og_image":[{"width":1600,"height":900,"url":"https:\/\/lasentinelle.dz\/wp-content\/uploads\/2022\/06\/Air-Algerie-1.png","type":"image\/png"}],"author":"La Sentinelle","twitter_card":"summary_large_image","twitter_misc":{"\u00c9crit par":"La Sentinelle","Dur\u00e9e de lecture estim\u00e9e":"3 minutes"},"schema":{"@context":"https:\/\/schema.org","@graph":[{"@type":"Article","@id":"https:\/\/lasentinelle.dz\/index.php\/2023\/09\/12\/air-algerie-renforce-ses-vols-vers-le-sud\/#article","isPartOf":{"@id":"https:\/\/lasentinelle.dz\/index.php\/2023\/09\/12\/air-algerie-renforce-ses-vols-vers-le-sud\/"},"author":{"name":"La Sentinelle","@id":"https:\/\/lasentinelle.dz\/#\/schema\/person\/d865044e22e70a75174ce8bcad3acfb3"},"headline":"Air Alg\u00e9rie renforce ses vols vers le Sud","datePublished":"2023-09-12T20:29:57+00:00","dateModified":"2023-09-12T20:29:59+00:00","mainEntityOfPage":{"@id":"https:\/\/lasentinelle.dz\/index.php\/2023\/09\/12\/air-algerie-renforce-ses-vols-vers-le-sud\/"},"wordCount":458,"commentCount":0,"publisher":{"@id":"https:\/\/lasentinelle.dz\/#organization"},"image":{"@id":"https:\/\/lasentinelle.dz\/index.php\/2023\/09\/12\/air-algerie-renforce-ses-vols-vers-le-sud\/#primaryimage"},"thumbnailUrl":"https:\/\/lasentinelle.dz\/wp-content\/uploads\/2022\/06\/Air-Algerie-1.png","articleSection":["\u00c0 la Une","\u00c9conomie"],"inLanguage":"fr-FR","potentialAction":[{"@type":"CommentAction","name":"Comment","target":["https:\/\/lasentinelle.dz\/index.php\/2023\/09\/12\/air-algerie-renforce-ses-vols-vers-le-sud\/#respond"]}]},{"@type":"WebPage","@id":"https:\/\/lasentinelle.dz\/index.php\/2023\/09\/12\/air-algerie-renforce-ses-vols-vers-le-sud\/","url":"https:\/\/lasentinelle.dz\/index.php\/2023\/09\/12\/air-algerie-renforce-ses-vols-vers-le-sud\/","name":"Air Alg\u00e9rie renforce ses vols vers le Sud - La Sentinelle","isPartOf":{"@id":"https:\/\/lasentinelle.dz\/#website"},"primaryImageOfPage":{"@id":"https:\/\/lasentinelle.dz\/index.php\/2023\/09\/12\/air-algerie-renforce-ses-vols-vers-le-sud\/#primaryimage"},"image":{"@id":"https:\/\/lasentinelle.dz\/index.php\/2023\/09\/12\/air-algerie-renforce-ses-vols-vers-le-sud\/#primaryimage"},"thumbnailUrl":"https:\/\/lasentinelle.dz\/wp-content\/uploads\/2022\/06\/Air-Algerie-1.png","datePublished":"2023-09-12T20:29:57+00:00","dateModified":"2023-09-12T20:29:59+00:00","breadcrumb":{"@id":"https:\/\/lasentinelle.dz\/index.php\/2023\/09\/12\/air-algerie-renforce-ses-vols-vers-le-sud\/#breadcrumb"},"inLanguage":"fr-FR","potentialAction":[{"@type":"ReadAction","target":["https:\/\/lasentinelle.dz\/index.php\/2023\/09\/12\/air-algerie-renforce-ses-vols-vers-le-sud\/"]}]},{"@type":"ImageObject","inLanguage":"fr-FR","@id":"https:\/\/lasentinelle.dz\/index.php\/2023\/09\/12\/air-algerie-renforce-ses-vols-vers-le-sud\/#primaryimage","url":"https:\/\/lasentinelle.dz\/wp-content\/uploads\/2022\/06\/Air-Algerie-1.png","contentUrl":"https:\/\/lasentinelle.dz\/wp-content\/uploads\/2022\/06\/Air-Algerie-1.png","width":1600,"height":900},{"@type":"BreadcrumbList","@id":"https:\/\/lasentinelle.dz\/index.php\/2023\/09\/12\/air-algerie-renforce-ses-vols-vers-le-sud\/#breadcrumb","itemListElement":[{"@type":"ListItem","position":1,"name":"Accueil","item":"https:\/\/lasentinelle.dz\/"},{"@type":"ListItem","position":2,"name":"Air Alg\u00e9rie renforce ses vols vers le Sud"}]},{"@type":"WebSite","@id":"https:\/\/lasentinelle.dz\/#website","url":"https:\/\/lasentinelle.dz\/","name":"La Sentinelle","description":"Quotidien national d&#039;information","publisher":{"@id":"https:\/\/lasentinelle.dz\/#organization"},"potentialAction":[{"@type":"SearchAction","target":{"@type":"EntryPoint","urlTemplate":"https:\/\/lasentinelle.dz\/?s={search_term_string}"},"query-input":{"@type":"PropertyValueSpecification","valueRequired":true,"valueName":"search_term_string"}}],"inLanguage":"fr-FR"},{"@type":"Organization","@id":"https:\/\/lasentinelle.dz\/#organization","name":"Quotidien La Sentinelle","url":"https:\/\/lasentinelle.dz\/","logo":{"@type":"ImageObject","inLanguage":"fr-FR","@id":"https:\/\/lasentinelle.dz\/#\/schema\/logo\/image\/","url":"https:\/\/lasentinelle.dz\/wp-content\/uploads\/2021\/09\/logo-sentinelleSLOGAN-1.png","contentUrl":"https:\/\/lasentinelle.dz\/wp-content\/uploads\/2021\/09\/logo-sentinelleSLOGAN-1.png","width":615,"height":142,"caption":"Quotidien La Sentinelle"},"image":{"@id":"https:\/\/lasentinelle.dz\/#\/schema\/logo\/image\/"},"sameAs":["https:\/\/www.facebook.com\/La-Sentinelle-104059864394773"]},{"@type":"Person","@id":"https:\/\/lasentinelle.dz\/#\/schema\/person\/d865044e22e70a75174ce8bcad3acfb3","name":"La Sentinelle","image":{"@type":"ImageObject","inLanguage":"fr-FR","@id":"https:\/\/secure.gravatar.com\/avatar\/57de8e5d4b15d43fb361a71fbb36338450fe67865b528a43dd10ef7c51a20392?s=96&d=mm&r=g","url":"https:\/\/secure.gravatar.com\/avatar\/57de8e5d4b15d43fb361a71fbb36338450fe67865b528a43dd10ef7c51a20392?s=96&d=mm&r=g","contentUrl":"https:\/\/secure.gravatar.com\/avatar\/57de8e5d4b15d43fb361a71fbb36338450fe67865b528a43dd10ef7c51a20392?s=96&d=mm&r=g","caption":"La Sentinelle"},"sameAs":["http:\/\/www.lasentinelle.dz"],"url":"https:\/\/lasentinelle.dz\/author\/redaction\/"}]}},"_links":{"self":[{"href":"https:\/\/lasentinelle.dz\/index.php\/wp-json\/wp\/v2\/posts\/45492","targetHints":{"allow":["GET"]}}],"collection":[{"href":"https:\/\/lasentinelle.dz\/index.php\/wp-json\/wp\/v2\/posts"}],"about":[{"href":"https:\/\/lasentinelle.dz\/index.php\/wp-json\/wp\/v2\/types\/post"}],"author":[{"embeddable":true,"href":"https:\/\/lasentinelle.dz\/index.php\/wp-json\/wp\/v2\/users\/3"}],"replies":[{"embeddable":true,"href":"https:\/\/lasentinelle.dz\/index.php\/wp-json\/wp\/v2\/comments?post=45492"}],"version-history":[{"count":1,"href":"https:\/\/lasentinelle.dz\/index.php\/wp-json\/wp\/v2\/posts\/45492\/revisions"}],"predecessor-version":[{"id":45493,"href":"https:\/\/lasentinelle.dz\/index.php\/wp-json\/wp\/v2\/posts\/45492\/revisions\/45493"}],"wp:featuredmedia":[{"embeddable":true,"href":"https:\/\/lasentinelle.dz\/index.php\/wp-json\/wp\/v2\/media\/22696"}],"wp:attachment":[{"href":"https:\/\/lasentinelle.dz\/index.php\/wp-json\/wp\/v2\/media?parent=45492"}],"wp:term":[{"taxonomy":"category","embeddable":true,"href":"https:\/\/lasentinelle.dz\/index.php\/wp-json\/wp\/v2\/categories?post=45492"},{"taxonomy":"post_tag","embeddable":true,"href":"https:\/\/lasentinelle.dz\/index.php\/wp-json\/wp\/v2\/tags?post=45492"}],"curies":[{"name":"wp","href":"https:\/\/api.w.org\/{rel}","templated":true}]}}