{"id":45537,"date":"2023-09-13T21:21:47","date_gmt":"2023-09-13T20:21:47","guid":{"rendered":"https:\/\/lasentinelle.dz\/?p=45537"},"modified":"2023-09-13T21:21:48","modified_gmt":"2023-09-13T20:21:48","slug":"des-decisions-importantes-en-faveur-des-operateurs-economiques","status":"publish","type":"post","link":"https:\/\/lasentinelle.dz\/index.php\/2023\/09\/13\/des-decisions-importantes-en-faveur-des-operateurs-economiques\/","title":{"rendered":"Des \u00ab\u00a0d\u00e9cisions importantes en faveur des op\u00e9rateurs \u00e9conomiques"},"content":{"rendered":"\n<p>Le pr\u00e9sident du Crea, Kamel Moula, a indiqu\u00e9 que le pr\u00e9sident de la R\u00e9publique \u00ab&nbsp;a pris des d\u00e9cisions importantes&nbsp;\u00bb, pour soulager les op\u00e9rateurs \u00e9conomiques et r\u00e9gler leurs probl\u00e8mes.<\/p>\n\n\n\n<p>Le pr\u00e9sident de la R\u00e9publique, Abdelmadjid Tebboune, a re\u00e7u hier les membres du bureau \u00e9largi du Conseil du renouveau \u00e9conomique alg\u00e9rien&nbsp; (Crea), pr\u00e9sid\u00e9 par&nbsp; Kamel Moula, \u00e0 leur demande, a indiqu\u00e9 hier un communiqu\u00e9 de la pr\u00e9sidence de la R\u00e9publique. Cette r\u00e9union \u00e0 laquelle ont assist\u00e9 le Premier ministre, A\u00efmen Benabderrahmane, le directeur du Cabinet de la Pr\u00e9sidence de la R\u00e9publique,&nbsp; Nadhir Larbaoui, le ministre des Finances, La\u00e2ziz Fa\u00efd, le ministre de l&rsquo;Industrie et de la Production pharmaceutique, Ali Aoun, le ministre du Commerce et de la Promotion des exportations, Tayeb Zitouni, ainsi que le Directeur g\u00e9n\u00e9ral de l&rsquo;Agence nationale de promotion de l&rsquo;investissement,&nbsp; Omar Rekkach, a \u00e9t\u00e9 l&rsquo;occasion de&nbsp;\u00ab&nbsp;transmettre les pr\u00e9occupations des acteurs \u00e9conomiques qui ont salu\u00e9 les d\u00e9cisions importantes prises par le pr\u00e9sident pour revitaliser le secteur \u00e9conomique du pays&nbsp;\u00bb, pr\u00e9cise le communiqu\u00e9. Au sortir de l\u2019audience, le pr\u00e9sident du Crea, Kamel Moula, a soulign\u00e9 \u00ab&nbsp;l\u2019importance&nbsp;\u00bb de cette r\u00e9union qui intervient alors que l\u2019organisation ait transmis plusieurs rapports au Chef de l\u2019\u00c9tat. Il a soulign\u00e9 que plusieurs questions ont \u00e9t\u00e9 \u00e9voqu\u00e9es au cours de cette audience, notamment les probl\u00e8mes et difficult\u00e9s auxquelles font face les entreprises. Il a ajout\u00e9 que le pr\u00e9sident de la R\u00e9publique \u00ab&nbsp;a pris des d\u00e9cisions importantes&nbsp;\u00bb, pour soulager les op\u00e9rateurs \u00e9conomiques et r\u00e9gler leurs probl\u00e8mes. Et de conclure que le \u00ab&nbsp;Crea est au service de l\u2019Alg\u00e9rie, de l\u2019\u00e9conomie et du peuple&nbsp;\u00bb.<\/p>\n\n\n\n<p><strong>Chokri Hafed<\/strong><\/p>\n","protected":false},"excerpt":{"rendered":"<p>Le pr\u00e9sident du Crea, Kamel Moula, a indiqu\u00e9 que le pr\u00e9sident de la R\u00e9publique \u00ab&nbsp;a pris des d\u00e9cisions importantes&nbsp;\u00bb, pour<\/p>\n","protected":false},"author":3,"featured_media":45538,"comment_status":"open","ping_status":"closed","sticky":false,"template":"","format":"standard","meta":{"colormag_page_container_layout":"default_layout","colormag_page_sidebar_layout":"default_layout","om_disable_all_campaigns":false,"_monsterinsights_skip_tracking":false,"_monsterinsights_sitenote_active":false,"_monsterinsights_sitenote_note":"","_monsterinsights_sitenote_category":0,"footnotes":"","_wpscppro_dont_share_socialmedia":false,"_wpscppro_custom_social_share_image":0,"_facebook_share_type":"","_twitter_share_type":"","_linkedin_share_type":"","_pinterest_share_type":"","_linkedin_share_type_page":"","_instagram_share_type":"","_medium_share_type":"","_threads_share_type":"","_google_business_share_type":"","_selected_social_profile":[],"_wpsp_enable_custom_social_template":false,"_wpsp_social_scheduling":{"enabled":false,"datetime":null,"platforms":[],"status":"template_only","dateOption":"today","timeOption":"now","customDays":"","customHours":"","customDate":"","customTime":"","schedulingType":"absolute"},"_wpsp_active_default_template":true},"categories":[29],"tags":[],"class_list":["post-45537","post","type-post","status-publish","format-standard","has-post-thumbnail","hentry","category-economie"],"aioseo_notices":[],"yoast_head":"<!-- This site is optimized with the Yoast SEO plugin v27.5 - https:\/\/yoast.com\/product\/yoast-seo-wordpress\/ -->\n<title>Des \u00ab\u00a0d\u00e9cisions importantes en faveur des op\u00e9rateurs \u00e9conomiques - La Sentinelle<\/title>\n<meta name=\"robots\" content=\"index, follow, max-snippet:-1, max-image-preview:large, max-video-preview:-1\" \/>\n<link rel=\"canonical\" href=\"https:\/\/lasentinelle.dz\/index.php\/2023\/09\/13\/des-decisions-importantes-en-faveur-des-operateurs-economiques\/\" \/>\n<meta property=\"og:locale\" content=\"fr_FR\" \/>\n<meta property=\"og:type\" content=\"article\" \/>\n<meta property=\"og:title\" content=\"Des \u00ab\u00a0d\u00e9cisions importantes en faveur des op\u00e9rateurs \u00e9conomiques - La Sentinelle\" \/>\n<meta property=\"og:description\" content=\"Le pr\u00e9sident du Crea, Kamel Moula, a indiqu\u00e9 que le pr\u00e9sident de la R\u00e9publique \u00ab&nbsp;a pris des d\u00e9cisions importantes&nbsp;\u00bb, pour\" \/>\n<meta property=\"og:url\" content=\"https:\/\/lasentinelle.dz\/index.php\/2023\/09\/13\/des-decisions-importantes-en-faveur-des-operateurs-economiques\/\" \/>\n<meta property=\"og:site_name\" content=\"La Sentinelle\" \/>\n<meta property=\"article:publisher\" content=\"https:\/\/www.facebook.com\/La-Sentinelle-104059864394773\" \/>\n<meta property=\"article:published_time\" content=\"2023-09-13T20:21:47+00:00\" \/>\n<meta property=\"article:modified_time\" content=\"2023-09-13T20:21:48+00:00\" \/>\n<meta property=\"og:image\" content=\"https:\/\/lasentinelle.dz\/wp-content\/uploads\/2023\/09\/crea.jpeg\" \/>\n\t<meta property=\"og:image:width\" content=\"1920\" \/>\n\t<meta property=\"og:image:height\" content=\"1080\" \/>\n\t<meta property=\"og:image:type\" content=\"image\/jpeg\" \/>\n<meta name=\"author\" content=\"La Sentinelle\" \/>\n<meta name=\"twitter:card\" content=\"summary_large_image\" \/>\n<meta name=\"twitter:label1\" content=\"\u00c9crit par\" \/>\n\t<meta name=\"twitter:data1\" content=\"La Sentinelle\" \/>\n\t<meta name=\"twitter:label2\" content=\"Dur\u00e9e de lecture estim\u00e9e\" \/>\n\t<meta name=\"twitter:data2\" content=\"2 minutes\" \/>\n<script type=\"application\/ld+json\" class=\"yoast-schema-graph\">{\"@context\":\"https:\\\/\\\/schema.org\",\"@graph\":[{\"@type\":\"Article\",\"@id\":\"https:\\\/\\\/lasentinelle.dz\\\/index.php\\\/2023\\\/09\\\/13\\\/des-decisions-importantes-en-faveur-des-operateurs-economiques\\\/#article\",\"isPartOf\":{\"@id\":\"https:\\\/\\\/lasentinelle.dz\\\/index.php\\\/2023\\\/09\\\/13\\\/des-decisions-importantes-en-faveur-des-operateurs-economiques\\\/\"},\"author\":{\"name\":\"La Sentinelle\",\"@id\":\"https:\\\/\\\/lasentinelle.dz\\\/#\\\/schema\\\/person\\\/d865044e22e70a75174ce8bcad3acfb3\"},\"headline\":\"Des \u00ab\u00a0d\u00e9cisions importantes en faveur des op\u00e9rateurs \u00e9conomiques\",\"datePublished\":\"2023-09-13T20:21:47+00:00\",\"dateModified\":\"2023-09-13T20:21:48+00:00\",\"mainEntityOfPage\":{\"@id\":\"https:\\\/\\\/lasentinelle.dz\\\/index.php\\\/2023\\\/09\\\/13\\\/des-decisions-importantes-en-faveur-des-operateurs-economiques\\\/\"},\"wordCount\":329,\"commentCount\":0,\"publisher\":{\"@id\":\"https:\\\/\\\/lasentinelle.dz\\\/#organization\"},\"image\":{\"@id\":\"https:\\\/\\\/lasentinelle.dz\\\/index.php\\\/2023\\\/09\\\/13\\\/des-decisions-importantes-en-faveur-des-operateurs-economiques\\\/#primaryimage\"},\"thumbnailUrl\":\"https:\\\/\\\/lasentinelle.dz\\\/wp-content\\\/uploads\\\/2023\\\/09\\\/crea.jpeg\",\"articleSection\":[\"\u00c9conomie\"],\"inLanguage\":\"fr-FR\",\"potentialAction\":[{\"@type\":\"CommentAction\",\"name\":\"Comment\",\"target\":[\"https:\\\/\\\/lasentinelle.dz\\\/index.php\\\/2023\\\/09\\\/13\\\/des-decisions-importantes-en-faveur-des-operateurs-economiques\\\/#respond\"]}]},{\"@type\":\"WebPage\",\"@id\":\"https:\\\/\\\/lasentinelle.dz\\\/index.php\\\/2023\\\/09\\\/13\\\/des-decisions-importantes-en-faveur-des-operateurs-economiques\\\/\",\"url\":\"https:\\\/\\\/lasentinelle.dz\\\/index.php\\\/2023\\\/09\\\/13\\\/des-decisions-importantes-en-faveur-des-operateurs-economiques\\\/\",\"name\":\"Des \u00ab\u00a0d\u00e9cisions importantes en faveur des op\u00e9rateurs \u00e9conomiques - La Sentinelle\",\"isPartOf\":{\"@id\":\"https:\\\/\\\/lasentinelle.dz\\\/#website\"},\"primaryImageOfPage\":{\"@id\":\"https:\\\/\\\/lasentinelle.dz\\\/index.php\\\/2023\\\/09\\\/13\\\/des-decisions-importantes-en-faveur-des-operateurs-economiques\\\/#primaryimage\"},\"image\":{\"@id\":\"https:\\\/\\\/lasentinelle.dz\\\/index.php\\\/2023\\\/09\\\/13\\\/des-decisions-importantes-en-faveur-des-operateurs-economiques\\\/#primaryimage\"},\"thumbnailUrl\":\"https:\\\/\\\/lasentinelle.dz\\\/wp-content\\\/uploads\\\/2023\\\/09\\\/crea.jpeg\",\"datePublished\":\"2023-09-13T20:21:47+00:00\",\"dateModified\":\"2023-09-13T20:21:48+00:00\",\"breadcrumb\":{\"@id\":\"https:\\\/\\\/lasentinelle.dz\\\/index.php\\\/2023\\\/09\\\/13\\\/des-decisions-importantes-en-faveur-des-operateurs-economiques\\\/#breadcrumb\"},\"inLanguage\":\"fr-FR\",\"potentialAction\":[{\"@type\":\"ReadAction\",\"target\":[\"https:\\\/\\\/lasentinelle.dz\\\/index.php\\\/2023\\\/09\\\/13\\\/des-decisions-importantes-en-faveur-des-operateurs-economiques\\\/\"]}]},{\"@type\":\"ImageObject\",\"inLanguage\":\"fr-FR\",\"@id\":\"https:\\\/\\\/lasentinelle.dz\\\/index.php\\\/2023\\\/09\\\/13\\\/des-decisions-importantes-en-faveur-des-operateurs-economiques\\\/#primaryimage\",\"url\":\"https:\\\/\\\/lasentinelle.dz\\\/wp-content\\\/uploads\\\/2023\\\/09\\\/crea.jpeg\",\"contentUrl\":\"https:\\\/\\\/lasentinelle.dz\\\/wp-content\\\/uploads\\\/2023\\\/09\\\/crea.jpeg\",\"width\":1920,\"height\":1080},{\"@type\":\"BreadcrumbList\",\"@id\":\"https:\\\/\\\/lasentinelle.dz\\\/index.php\\\/2023\\\/09\\\/13\\\/des-decisions-importantes-en-faveur-des-operateurs-economiques\\\/#breadcrumb\",\"itemListElement\":[{\"@type\":\"ListItem\",\"position\":1,\"name\":\"Accueil\",\"item\":\"https:\\\/\\\/lasentinelle.dz\\\/\"},{\"@type\":\"ListItem\",\"position\":2,\"name\":\"Des \u00ab\u00a0d\u00e9cisions importantes en faveur des op\u00e9rateurs \u00e9conomiques\"}]},{\"@type\":\"WebSite\",\"@id\":\"https:\\\/\\\/lasentinelle.dz\\\/#website\",\"url\":\"https:\\\/\\\/lasentinelle.dz\\\/\",\"name\":\"La Sentinelle\",\"description\":\"Quotidien national d&#039;information\",\"publisher\":{\"@id\":\"https:\\\/\\\/lasentinelle.dz\\\/#organization\"},\"potentialAction\":[{\"@type\":\"SearchAction\",\"target\":{\"@type\":\"EntryPoint\",\"urlTemplate\":\"https:\\\/\\\/lasentinelle.dz\\\/?s={search_term_string}\"},\"query-input\":{\"@type\":\"PropertyValueSpecification\",\"valueRequired\":true,\"valueName\":\"search_term_string\"}}],\"inLanguage\":\"fr-FR\"},{\"@type\":\"Organization\",\"@id\":\"https:\\\/\\\/lasentinelle.dz\\\/#organization\",\"name\":\"Quotidien La Sentinelle\",\"url\":\"https:\\\/\\\/lasentinelle.dz\\\/\",\"logo\":{\"@type\":\"ImageObject\",\"inLanguage\":\"fr-FR\",\"@id\":\"https:\\\/\\\/lasentinelle.dz\\\/#\\\/schema\\\/logo\\\/image\\\/\",\"url\":\"https:\\\/\\\/lasentinelle.dz\\\/wp-content\\\/uploads\\\/2021\\\/09\\\/logo-sentinelleSLOGAN-1.png\",\"contentUrl\":\"https:\\\/\\\/lasentinelle.dz\\\/wp-content\\\/uploads\\\/2021\\\/09\\\/logo-sentinelleSLOGAN-1.png\",\"width\":615,\"height\":142,\"caption\":\"Quotidien La Sentinelle\"},\"image\":{\"@id\":\"https:\\\/\\\/lasentinelle.dz\\\/#\\\/schema\\\/logo\\\/image\\\/\"},\"sameAs\":[\"https:\\\/\\\/www.facebook.com\\\/La-Sentinelle-104059864394773\"]},{\"@type\":\"Person\",\"@id\":\"https:\\\/\\\/lasentinelle.dz\\\/#\\\/schema\\\/person\\\/d865044e22e70a75174ce8bcad3acfb3\",\"name\":\"La Sentinelle\",\"image\":{\"@type\":\"ImageObject\",\"inLanguage\":\"fr-FR\",\"@id\":\"https:\\\/\\\/secure.gravatar.com\\\/avatar\\\/57de8e5d4b15d43fb361a71fbb36338450fe67865b528a43dd10ef7c51a20392?s=96&d=mm&r=g\",\"url\":\"https:\\\/\\\/secure.gravatar.com\\\/avatar\\\/57de8e5d4b15d43fb361a71fbb36338450fe67865b528a43dd10ef7c51a20392?s=96&d=mm&r=g\",\"contentUrl\":\"https:\\\/\\\/secure.gravatar.com\\\/avatar\\\/57de8e5d4b15d43fb361a71fbb36338450fe67865b528a43dd10ef7c51a20392?s=96&d=mm&r=g\",\"caption\":\"La Sentinelle\"},\"sameAs\":[\"http:\\\/\\\/www.lasentinelle.dz\"],\"url\":\"https:\\\/\\\/lasentinelle.dz\\\/author\\\/redaction\\\/\"}]}<\/script>\n<!-- \/ Yoast SEO plugin. -->","yoast_head_json":{"title":"Des \u00ab\u00a0d\u00e9cisions importantes en faveur des op\u00e9rateurs \u00e9conomiques - La Sentinelle","robots":{"index":"index","follow":"follow","max-snippet":"max-snippet:-1","max-image-preview":"max-image-preview:large","max-video-preview":"max-video-preview:-1"},"canonical":"https:\/\/lasentinelle.dz\/index.php\/2023\/09\/13\/des-decisions-importantes-en-faveur-des-operateurs-economiques\/","og_locale":"fr_FR","og_type":"article","og_title":"Des \u00ab\u00a0d\u00e9cisions importantes en faveur des op\u00e9rateurs \u00e9conomiques - La Sentinelle","og_description":"Le pr\u00e9sident du Crea, Kamel Moula, a indiqu\u00e9 que le pr\u00e9sident de la R\u00e9publique \u00ab&nbsp;a pris des d\u00e9cisions importantes&nbsp;\u00bb, pour","og_url":"https:\/\/lasentinelle.dz\/index.php\/2023\/09\/13\/des-decisions-importantes-en-faveur-des-operateurs-economiques\/","og_site_name":"La Sentinelle","article_publisher":"https:\/\/www.facebook.com\/La-Sentinelle-104059864394773","article_published_time":"2023-09-13T20:21:47+00:00","article_modified_time":"2023-09-13T20:21:48+00:00","og_image":[{"width":1920,"height":1080,"url":"https:\/\/lasentinelle.dz\/wp-content\/uploads\/2023\/09\/crea.jpeg","type":"image\/jpeg"}],"author":"La Sentinelle","twitter_card":"summary_large_image","twitter_misc":{"\u00c9crit par":"La Sentinelle","Dur\u00e9e de lecture estim\u00e9e":"2 minutes"},"schema":{"@context":"https:\/\/schema.org","@graph":[{"@type":"Article","@id":"https:\/\/lasentinelle.dz\/index.php\/2023\/09\/13\/des-decisions-importantes-en-faveur-des-operateurs-economiques\/#article","isPartOf":{"@id":"https:\/\/lasentinelle.dz\/index.php\/2023\/09\/13\/des-decisions-importantes-en-faveur-des-operateurs-economiques\/"},"author":{"name":"La Sentinelle","@id":"https:\/\/lasentinelle.dz\/#\/schema\/person\/d865044e22e70a75174ce8bcad3acfb3"},"headline":"Des \u00ab\u00a0d\u00e9cisions importantes en faveur des op\u00e9rateurs \u00e9conomiques","datePublished":"2023-09-13T20:21:47+00:00","dateModified":"2023-09-13T20:21:48+00:00","mainEntityOfPage":{"@id":"https:\/\/lasentinelle.dz\/index.php\/2023\/09\/13\/des-decisions-importantes-en-faveur-des-operateurs-economiques\/"},"wordCount":329,"commentCount":0,"publisher":{"@id":"https:\/\/lasentinelle.dz\/#organization"},"image":{"@id":"https:\/\/lasentinelle.dz\/index.php\/2023\/09\/13\/des-decisions-importantes-en-faveur-des-operateurs-economiques\/#primaryimage"},"thumbnailUrl":"https:\/\/lasentinelle.dz\/wp-content\/uploads\/2023\/09\/crea.jpeg","articleSection":["\u00c9conomie"],"inLanguage":"fr-FR","potentialAction":[{"@type":"CommentAction","name":"Comment","target":["https:\/\/lasentinelle.dz\/index.php\/2023\/09\/13\/des-decisions-importantes-en-faveur-des-operateurs-economiques\/#respond"]}]},{"@type":"WebPage","@id":"https:\/\/lasentinelle.dz\/index.php\/2023\/09\/13\/des-decisions-importantes-en-faveur-des-operateurs-economiques\/","url":"https:\/\/lasentinelle.dz\/index.php\/2023\/09\/13\/des-decisions-importantes-en-faveur-des-operateurs-economiques\/","name":"Des \u00ab\u00a0d\u00e9cisions importantes en faveur des op\u00e9rateurs \u00e9conomiques - La Sentinelle","isPartOf":{"@id":"https:\/\/lasentinelle.dz\/#website"},"primaryImageOfPage":{"@id":"https:\/\/lasentinelle.dz\/index.php\/2023\/09\/13\/des-decisions-importantes-en-faveur-des-operateurs-economiques\/#primaryimage"},"image":{"@id":"https:\/\/lasentinelle.dz\/index.php\/2023\/09\/13\/des-decisions-importantes-en-faveur-des-operateurs-economiques\/#primaryimage"},"thumbnailUrl":"https:\/\/lasentinelle.dz\/wp-content\/uploads\/2023\/09\/crea.jpeg","datePublished":"2023-09-13T20:21:47+00:00","dateModified":"2023-09-13T20:21:48+00:00","breadcrumb":{"@id":"https:\/\/lasentinelle.dz\/index.php\/2023\/09\/13\/des-decisions-importantes-en-faveur-des-operateurs-economiques\/#breadcrumb"},"inLanguage":"fr-FR","potentialAction":[{"@type":"ReadAction","target":["https:\/\/lasentinelle.dz\/index.php\/2023\/09\/13\/des-decisions-importantes-en-faveur-des-operateurs-economiques\/"]}]},{"@type":"ImageObject","inLanguage":"fr-FR","@id":"https:\/\/lasentinelle.dz\/index.php\/2023\/09\/13\/des-decisions-importantes-en-faveur-des-operateurs-economiques\/#primaryimage","url":"https:\/\/lasentinelle.dz\/wp-content\/uploads\/2023\/09\/crea.jpeg","contentUrl":"https:\/\/lasentinelle.dz\/wp-content\/uploads\/2023\/09\/crea.jpeg","width":1920,"height":1080},{"@type":"BreadcrumbList","@id":"https:\/\/lasentinelle.dz\/index.php\/2023\/09\/13\/des-decisions-importantes-en-faveur-des-operateurs-economiques\/#breadcrumb","itemListElement":[{"@type":"ListItem","position":1,"name":"Accueil","item":"https:\/\/lasentinelle.dz\/"},{"@type":"ListItem","position":2,"name":"Des \u00ab\u00a0d\u00e9cisions importantes en faveur des op\u00e9rateurs \u00e9conomiques"}]},{"@type":"WebSite","@id":"https:\/\/lasentinelle.dz\/#website","url":"https:\/\/lasentinelle.dz\/","name":"La Sentinelle","description":"Quotidien national d&#039;information","publisher":{"@id":"https:\/\/lasentinelle.dz\/#organization"},"potentialAction":[{"@type":"SearchAction","target":{"@type":"EntryPoint","urlTemplate":"https:\/\/lasentinelle.dz\/?s={search_term_string}"},"query-input":{"@type":"PropertyValueSpecification","valueRequired":true,"valueName":"search_term_string"}}],"inLanguage":"fr-FR"},{"@type":"Organization","@id":"https:\/\/lasentinelle.dz\/#organization","name":"Quotidien La Sentinelle","url":"https:\/\/lasentinelle.dz\/","logo":{"@type":"ImageObject","inLanguage":"fr-FR","@id":"https:\/\/lasentinelle.dz\/#\/schema\/logo\/image\/","url":"https:\/\/lasentinelle.dz\/wp-content\/uploads\/2021\/09\/logo-sentinelleSLOGAN-1.png","contentUrl":"https:\/\/lasentinelle.dz\/wp-content\/uploads\/2021\/09\/logo-sentinelleSLOGAN-1.png","width":615,"height":142,"caption":"Quotidien La Sentinelle"},"image":{"@id":"https:\/\/lasentinelle.dz\/#\/schema\/logo\/image\/"},"sameAs":["https:\/\/www.facebook.com\/La-Sentinelle-104059864394773"]},{"@type":"Person","@id":"https:\/\/lasentinelle.dz\/#\/schema\/person\/d865044e22e70a75174ce8bcad3acfb3","name":"La Sentinelle","image":{"@type":"ImageObject","inLanguage":"fr-FR","@id":"https:\/\/secure.gravatar.com\/avatar\/57de8e5d4b15d43fb361a71fbb36338450fe67865b528a43dd10ef7c51a20392?s=96&d=mm&r=g","url":"https:\/\/secure.gravatar.com\/avatar\/57de8e5d4b15d43fb361a71fbb36338450fe67865b528a43dd10ef7c51a20392?s=96&d=mm&r=g","contentUrl":"https:\/\/secure.gravatar.com\/avatar\/57de8e5d4b15d43fb361a71fbb36338450fe67865b528a43dd10ef7c51a20392?s=96&d=mm&r=g","caption":"La Sentinelle"},"sameAs":["http:\/\/www.lasentinelle.dz"],"url":"https:\/\/lasentinelle.dz\/author\/redaction\/"}]}},"_links":{"self":[{"href":"https:\/\/lasentinelle.dz\/index.php\/wp-json\/wp\/v2\/posts\/45537","targetHints":{"allow":["GET"]}}],"collection":[{"href":"https:\/\/lasentinelle.dz\/index.php\/wp-json\/wp\/v2\/posts"}],"about":[{"href":"https:\/\/lasentinelle.dz\/index.php\/wp-json\/wp\/v2\/types\/post"}],"author":[{"embeddable":true,"href":"https:\/\/lasentinelle.dz\/index.php\/wp-json\/wp\/v2\/users\/3"}],"replies":[{"embeddable":true,"href":"https:\/\/lasentinelle.dz\/index.php\/wp-json\/wp\/v2\/comments?post=45537"}],"version-history":[{"count":1,"href":"https:\/\/lasentinelle.dz\/index.php\/wp-json\/wp\/v2\/posts\/45537\/revisions"}],"predecessor-version":[{"id":45539,"href":"https:\/\/lasentinelle.dz\/index.php\/wp-json\/wp\/v2\/posts\/45537\/revisions\/45539"}],"wp:featuredmedia":[{"embeddable":true,"href":"https:\/\/lasentinelle.dz\/index.php\/wp-json\/wp\/v2\/media\/45538"}],"wp:attachment":[{"href":"https:\/\/lasentinelle.dz\/index.php\/wp-json\/wp\/v2\/media?parent=45537"}],"wp:term":[{"taxonomy":"category","embeddable":true,"href":"https:\/\/lasentinelle.dz\/index.php\/wp-json\/wp\/v2\/categories?post=45537"},{"taxonomy":"post_tag","embeddable":true,"href":"https:\/\/lasentinelle.dz\/index.php\/wp-json\/wp\/v2\/tags?post=45537"}],"curies":[{"name":"wp","href":"https:\/\/api.w.org\/{rel}","templated":true}]}}