{"id":45551,"date":"2023-09-13T21:37:45","date_gmt":"2023-09-13T20:37:45","guid":{"rendered":"https:\/\/lasentinelle.dz\/?p=45551"},"modified":"2023-09-13T21:37:47","modified_gmt":"2023-09-13T20:37:47","slug":"le-president-tebboune-prochainement-a-new-york-pour-prendre-part-a-lag-de-lonu-alger-et-washington-renforcent-leur-coordination","status":"publish","type":"post","link":"https:\/\/lasentinelle.dz\/index.php\/2023\/09\/13\/le-president-tebboune-prochainement-a-new-york-pour-prendre-part-a-lag-de-lonu-alger-et-washington-renforcent-leur-coordination\/","title":{"rendered":"Le Pr\u00e9sident Tebboune prochainement \u00e0 New-York pour prendre part \u00e0 l\u2019AG de l\u2019ONU\u00a0: Alger et Washington renforcent leur coordination"},"content":{"rendered":"\n<p>Le pr\u00e9sident de la R\u00e9publique, Abdelmadjid Tebboune, doit effectuer un voyage prochainement \u00e0 New York dans le cadre de sa participation aux travaux de l\u2019Assembl\u00e9e g\u00e9n\u00e9rale des Nations-Unis. Dans ce contexte Washington entend consolider la coordination avec Alger.<\/p>\n\n\n\n<p>Washington est d\u00e9termin\u00e9e \u00e0 consolider sa coop\u00e9ration et sa coordination avec Alger. Consciente du r\u00f4le que joue l\u2019Alg\u00e9rie dans la stabilisation de la r\u00e9gion, l\u2019administration am\u00e9ricaine multiplie les contacts et les \u00e9changes \u00e0 propos des questions r\u00e9gionales et entend renforcer les relations \u00e9conomiques bilat\u00e9rales. Des objectifs une nouvelle fois affich\u00e9s hier l&rsquo;ambassadrice des Etats-Unis \u00e0 Alger Elizabeth Moore Aubin. La diplomate qui a \u00e9t\u00e9 re\u00e7ue hier par le pr\u00e9sident de la R\u00e9publique, Abdelmadjid Tebboune, a soulign\u00e9 dans une d\u00e9claration \u00e0 la presse au sortir de l\u2019audience la solidit\u00e9 de la coop\u00e9ration alg\u00e9ro-am\u00e9ricaine. L\u2019ambassadrice des USA \u00e0 Alger a dans ce contexte \u00e9voqu\u00e9 la prochaine visite du pr\u00e9sident Tebboune a New York dans le cadre de sa participation aux travaux de l\u2019Assembl\u00e9e g\u00e9n\u00e9rale des Nations unies.&nbsp; \u00ab\u00a0J&rsquo;ai souhait\u00e9 au Pr\u00e9sident Tebboune, un voyage fructueux et agr\u00e9able \u00e0 New York dans le cadre de sa participation aux travaux de l&rsquo;Assembl\u00e9e g\u00e9n\u00e9rale de l&rsquo;ONU\u00a0\u00bb, a soutenu la diplomate am\u00e9ricaine, soulignant que son pays \u00ab\u00a0est pr\u00eat \u00e0 travailler de concert avec l&rsquo;Alg\u00e9rie, durant son mandat en qualit\u00e9 de membre du Conseil de s\u00e9curit\u00e9 de l&rsquo;ONU et du Conseil des droits de l&rsquo;homme\u00a0\u00bb.<\/p>\n\n\n\n<p>La diplomate a \u00e9galement soulign\u00e9 que la rencontre a \u00e9t\u00e9 une occasion pour \u00e9voquer \u00ab\u00a0les moyens de r\u00e9tablir la s\u00e9curit\u00e9 et la stabilit\u00e9 dans la r\u00e9gion\u00a0\u00bb et de \u00ab\u00a0faire part au pr\u00e9sident de la R\u00e9publique de toute la gratitude des Etats-Unis quant aux efforts colossaux consentis par l&rsquo;Alg\u00e9rie pour soutenir les pays voisins, notamment avec les catastrophes qui ont fait des milliers de victimes\u00a0\u00bb, a-t-elle affirm\u00e9.<\/p>\n\n\n\n<p><strong>Une ligne directe Alger-New York<\/strong><strong>\u2026<\/strong><\/p>\n\n\n\n<p>La diplomate am\u00e9ricaine a, comme \u00e0 chaque fois, appel\u00e9 \u00e0 l\u2019ouverture l\u2019une a\u00e9rienne directe Alger-New York au regard de son importance pour la consolidation des relations \u00e9conomiques entre les deux pays.&nbsp; Elle a ainsi indiqu\u00e9 que la rencontre a permis, en outre, d&rsquo;\u00e9voquer \u00ab\u00a0les fortes relations unissant les deux pays dans le domaine \u00e9conomique\u00a0\u00bb, soulignant avoir affirm\u00e9 au pr\u00e9sident de la R\u00e9publique que \u00ab\u00a0le lancement d&rsquo;une ligne directe Alger-New York sera de nature \u00e0 renforcer les relations \u00e9conomiques et touristiques entre les deux pays, ainsi que les relations culturelles, et ce \u00e0 travers l&rsquo;\u00e9change d&rsquo;exp\u00e9riences et d&rsquo;expertises notamment en anglais\u00a0\u00bb. Enfin, l&rsquo;ambassadrice am\u00e9ricaine a exprim\u00e9 ses remerciements au pr\u00e9sident de la R\u00e9publique pour l&rsquo;accueil chaleureux qui lui a \u00e9t\u00e9 r\u00e9serv\u00e9, l&rsquo;assurant de la poursuite des efforts \u00ab\u00a0s\u00e9rieux pour promouvoir les relations importantes et ancr\u00e9es liant les deux pays\u00a0\u00bb. Notons qu\u2019un les relations alg\u00e9ro-am\u00e9ricaines sont marqu\u00e9es depuis quelques mois par un v\u00e9ritable diplomatique. Plusieurs d\u00e9l\u00e9gations de haut niveau ont fait le d\u00e9placement \u00e0 Alger pour \u00e9voquer la coop\u00e9ration, notamment en ce qui concerne les questions politiques et s\u00e9curitaires, ainsi que les questions r\u00e9gionales. Un ballet diplomatique qui a \u00e9galement \u00e9t\u00e9 marqu\u00e9 par la r\u00e9cente visite du ministre des Affaires \u00e9trang\u00e8res Ahmed Attaf \u00e0 Washington \u00e0 l\u2019invitation de son homologue am\u00e9ricain Antony Blinken au mois d\u2019ao\u00fbt dernier. Une visite qui a permis d\u2019afficher une totale convergence de vues en ce qui concerne les dossiers r\u00e9gionaux, notamment la situation au Sahel avec les dossier nig\u00e9rien et malien, la question du Sahara occidental, ainsi que la situation en Libye. Attaf et Blinken se sont \u00e9galement accord\u00e9 \u00e0 renforcer la coordination au sein des structures onusiennes, et de consolider la coop\u00e9ration \u00e9conomique.<\/p>\n\n\n\n<p><strong>Lyes Sa\u00efdi<\/strong><\/p>\n","protected":false},"excerpt":{"rendered":"<p>Le pr\u00e9sident de la R\u00e9publique, Abdelmadjid Tebboune, doit effectuer un voyage prochainement \u00e0 New York dans le cadre de sa<\/p>\n","protected":false},"author":3,"featured_media":45552,"comment_status":"open","ping_status":"closed","sticky":false,"template":"","format":"standard","meta":{"colormag_page_container_layout":"default_layout","colormag_page_sidebar_layout":"default_layout","om_disable_all_campaigns":false,"_monsterinsights_skip_tracking":false,"_monsterinsights_sitenote_active":false,"_monsterinsights_sitenote_note":"","_monsterinsights_sitenote_category":0,"footnotes":"","_wpscppro_dont_share_socialmedia":false,"_wpscppro_custom_social_share_image":0,"_facebook_share_type":"","_twitter_share_type":"","_linkedin_share_type":"","_pinterest_share_type":"","_linkedin_share_type_page":"","_instagram_share_type":"","_medium_share_type":"","_threads_share_type":"","_google_business_share_type":"","_selected_social_profile":[],"_wpsp_enable_custom_social_template":false,"_wpsp_social_scheduling":{"enabled":false,"datetime":null,"platforms":[],"status":"template_only","dateOption":"today","timeOption":"now","customDays":"","customHours":"","customDate":"","customTime":"","schedulingType":"absolute"},"_wpsp_active_default_template":true},"categories":[52,27],"tags":[],"class_list":["post-45551","post","type-post","status-publish","format-standard","has-post-thumbnail","hentry","category-a-la-une","category-actualite"],"aioseo_notices":[],"yoast_head":"<!-- This site is optimized with the Yoast SEO plugin v27.5 - https:\/\/yoast.com\/product\/yoast-seo-wordpress\/ -->\n<title>Le Pr\u00e9sident Tebboune prochainement \u00e0 New-York pour prendre part \u00e0 l\u2019AG de l\u2019ONU\u00a0: Alger et Washington renforcent leur coordination - La Sentinelle<\/title>\n<meta name=\"robots\" content=\"index, follow, max-snippet:-1, max-image-preview:large, max-video-preview:-1\" \/>\n<link rel=\"canonical\" href=\"https:\/\/lasentinelle.dz\/index.php\/2023\/09\/13\/le-president-tebboune-prochainement-a-new-york-pour-prendre-part-a-lag-de-lonu-alger-et-washington-renforcent-leur-coordination\/\" \/>\n<meta property=\"og:locale\" content=\"fr_FR\" \/>\n<meta property=\"og:type\" content=\"article\" \/>\n<meta property=\"og:title\" content=\"Le Pr\u00e9sident Tebboune prochainement \u00e0 New-York pour prendre part \u00e0 l\u2019AG de l\u2019ONU\u00a0: Alger et Washington renforcent leur coordination - La Sentinelle\" \/>\n<meta property=\"og:description\" content=\"Le pr\u00e9sident de la R\u00e9publique, Abdelmadjid Tebboune, doit effectuer un voyage prochainement \u00e0 New York dans le cadre de sa\" \/>\n<meta property=\"og:url\" content=\"https:\/\/lasentinelle.dz\/index.php\/2023\/09\/13\/le-president-tebboune-prochainement-a-new-york-pour-prendre-part-a-lag-de-lonu-alger-et-washington-renforcent-leur-coordination\/\" \/>\n<meta property=\"og:site_name\" content=\"La Sentinelle\" \/>\n<meta property=\"article:publisher\" content=\"https:\/\/www.facebook.com\/La-Sentinelle-104059864394773\" \/>\n<meta property=\"article:published_time\" content=\"2023-09-13T20:37:45+00:00\" \/>\n<meta property=\"article:modified_time\" content=\"2023-09-13T20:37:47+00:00\" \/>\n<meta property=\"og:image\" content=\"https:\/\/lasentinelle.dz\/wp-content\/uploads\/2023\/09\/algerie-USA.jpeg\" \/>\n\t<meta property=\"og:image:width\" content=\"1200\" \/>\n\t<meta property=\"og:image:height\" content=\"750\" \/>\n\t<meta property=\"og:image:type\" content=\"image\/jpeg\" \/>\n<meta name=\"author\" content=\"La Sentinelle\" \/>\n<meta name=\"twitter:card\" content=\"summary_large_image\" \/>\n<meta name=\"twitter:label1\" content=\"\u00c9crit par\" \/>\n\t<meta name=\"twitter:data1\" content=\"La Sentinelle\" \/>\n\t<meta name=\"twitter:label2\" content=\"Dur\u00e9e de lecture estim\u00e9e\" \/>\n\t<meta name=\"twitter:data2\" content=\"3 minutes\" \/>\n<script type=\"application\/ld+json\" class=\"yoast-schema-graph\">{\"@context\":\"https:\\\/\\\/schema.org\",\"@graph\":[{\"@type\":\"Article\",\"@id\":\"https:\\\/\\\/lasentinelle.dz\\\/index.php\\\/2023\\\/09\\\/13\\\/le-president-tebboune-prochainement-a-new-york-pour-prendre-part-a-lag-de-lonu-alger-et-washington-renforcent-leur-coordination\\\/#article\",\"isPartOf\":{\"@id\":\"https:\\\/\\\/lasentinelle.dz\\\/index.php\\\/2023\\\/09\\\/13\\\/le-president-tebboune-prochainement-a-new-york-pour-prendre-part-a-lag-de-lonu-alger-et-washington-renforcent-leur-coordination\\\/\"},\"author\":{\"name\":\"La Sentinelle\",\"@id\":\"https:\\\/\\\/lasentinelle.dz\\\/#\\\/schema\\\/person\\\/d865044e22e70a75174ce8bcad3acfb3\"},\"headline\":\"Le Pr\u00e9sident Tebboune prochainement \u00e0 New-York pour prendre part \u00e0 l\u2019AG de l\u2019ONU\u00a0: Alger et Washington renforcent leur coordination\",\"datePublished\":\"2023-09-13T20:37:45+00:00\",\"dateModified\":\"2023-09-13T20:37:47+00:00\",\"mainEntityOfPage\":{\"@id\":\"https:\\\/\\\/lasentinelle.dz\\\/index.php\\\/2023\\\/09\\\/13\\\/le-president-tebboune-prochainement-a-new-york-pour-prendre-part-a-lag-de-lonu-alger-et-washington-renforcent-leur-coordination\\\/\"},\"wordCount\":680,\"commentCount\":0,\"publisher\":{\"@id\":\"https:\\\/\\\/lasentinelle.dz\\\/#organization\"},\"image\":{\"@id\":\"https:\\\/\\\/lasentinelle.dz\\\/index.php\\\/2023\\\/09\\\/13\\\/le-president-tebboune-prochainement-a-new-york-pour-prendre-part-a-lag-de-lonu-alger-et-washington-renforcent-leur-coordination\\\/#primaryimage\"},\"thumbnailUrl\":\"https:\\\/\\\/lasentinelle.dz\\\/wp-content\\\/uploads\\\/2023\\\/09\\\/algerie-USA.jpeg\",\"articleSection\":[\"\u00c0 la Une\",\"Actualit\u00e9\"],\"inLanguage\":\"fr-FR\",\"potentialAction\":[{\"@type\":\"CommentAction\",\"name\":\"Comment\",\"target\":[\"https:\\\/\\\/lasentinelle.dz\\\/index.php\\\/2023\\\/09\\\/13\\\/le-president-tebboune-prochainement-a-new-york-pour-prendre-part-a-lag-de-lonu-alger-et-washington-renforcent-leur-coordination\\\/#respond\"]}]},{\"@type\":\"WebPage\",\"@id\":\"https:\\\/\\\/lasentinelle.dz\\\/index.php\\\/2023\\\/09\\\/13\\\/le-president-tebboune-prochainement-a-new-york-pour-prendre-part-a-lag-de-lonu-alger-et-washington-renforcent-leur-coordination\\\/\",\"url\":\"https:\\\/\\\/lasentinelle.dz\\\/index.php\\\/2023\\\/09\\\/13\\\/le-president-tebboune-prochainement-a-new-york-pour-prendre-part-a-lag-de-lonu-alger-et-washington-renforcent-leur-coordination\\\/\",\"name\":\"Le Pr\u00e9sident Tebboune prochainement \u00e0 New-York pour prendre part \u00e0 l\u2019AG de l\u2019ONU\u00a0: Alger et Washington renforcent leur coordination - La Sentinelle\",\"isPartOf\":{\"@id\":\"https:\\\/\\\/lasentinelle.dz\\\/#website\"},\"primaryImageOfPage\":{\"@id\":\"https:\\\/\\\/lasentinelle.dz\\\/index.php\\\/2023\\\/09\\\/13\\\/le-president-tebboune-prochainement-a-new-york-pour-prendre-part-a-lag-de-lonu-alger-et-washington-renforcent-leur-coordination\\\/#primaryimage\"},\"image\":{\"@id\":\"https:\\\/\\\/lasentinelle.dz\\\/index.php\\\/2023\\\/09\\\/13\\\/le-president-tebboune-prochainement-a-new-york-pour-prendre-part-a-lag-de-lonu-alger-et-washington-renforcent-leur-coordination\\\/#primaryimage\"},\"thumbnailUrl\":\"https:\\\/\\\/lasentinelle.dz\\\/wp-content\\\/uploads\\\/2023\\\/09\\\/algerie-USA.jpeg\",\"datePublished\":\"2023-09-13T20:37:45+00:00\",\"dateModified\":\"2023-09-13T20:37:47+00:00\",\"breadcrumb\":{\"@id\":\"https:\\\/\\\/lasentinelle.dz\\\/index.php\\\/2023\\\/09\\\/13\\\/le-president-tebboune-prochainement-a-new-york-pour-prendre-part-a-lag-de-lonu-alger-et-washington-renforcent-leur-coordination\\\/#breadcrumb\"},\"inLanguage\":\"fr-FR\",\"potentialAction\":[{\"@type\":\"ReadAction\",\"target\":[\"https:\\\/\\\/lasentinelle.dz\\\/index.php\\\/2023\\\/09\\\/13\\\/le-president-tebboune-prochainement-a-new-york-pour-prendre-part-a-lag-de-lonu-alger-et-washington-renforcent-leur-coordination\\\/\"]}]},{\"@type\":\"ImageObject\",\"inLanguage\":\"fr-FR\",\"@id\":\"https:\\\/\\\/lasentinelle.dz\\\/index.php\\\/2023\\\/09\\\/13\\\/le-president-tebboune-prochainement-a-new-york-pour-prendre-part-a-lag-de-lonu-alger-et-washington-renforcent-leur-coordination\\\/#primaryimage\",\"url\":\"https:\\\/\\\/lasentinelle.dz\\\/wp-content\\\/uploads\\\/2023\\\/09\\\/algerie-USA.jpeg\",\"contentUrl\":\"https:\\\/\\\/lasentinelle.dz\\\/wp-content\\\/uploads\\\/2023\\\/09\\\/algerie-USA.jpeg\",\"width\":1200,\"height\":750},{\"@type\":\"BreadcrumbList\",\"@id\":\"https:\\\/\\\/lasentinelle.dz\\\/index.php\\\/2023\\\/09\\\/13\\\/le-president-tebboune-prochainement-a-new-york-pour-prendre-part-a-lag-de-lonu-alger-et-washington-renforcent-leur-coordination\\\/#breadcrumb\",\"itemListElement\":[{\"@type\":\"ListItem\",\"position\":1,\"name\":\"Accueil\",\"item\":\"https:\\\/\\\/lasentinelle.dz\\\/\"},{\"@type\":\"ListItem\",\"position\":2,\"name\":\"Le Pr\u00e9sident Tebboune prochainement \u00e0 New-York pour prendre part \u00e0 l\u2019AG de l\u2019ONU\u00a0: Alger et Washington renforcent leur coordination\"}]},{\"@type\":\"WebSite\",\"@id\":\"https:\\\/\\\/lasentinelle.dz\\\/#website\",\"url\":\"https:\\\/\\\/lasentinelle.dz\\\/\",\"name\":\"La Sentinelle\",\"description\":\"Quotidien national d&#039;information\",\"publisher\":{\"@id\":\"https:\\\/\\\/lasentinelle.dz\\\/#organization\"},\"potentialAction\":[{\"@type\":\"SearchAction\",\"target\":{\"@type\":\"EntryPoint\",\"urlTemplate\":\"https:\\\/\\\/lasentinelle.dz\\\/?s={search_term_string}\"},\"query-input\":{\"@type\":\"PropertyValueSpecification\",\"valueRequired\":true,\"valueName\":\"search_term_string\"}}],\"inLanguage\":\"fr-FR\"},{\"@type\":\"Organization\",\"@id\":\"https:\\\/\\\/lasentinelle.dz\\\/#organization\",\"name\":\"Quotidien La Sentinelle\",\"url\":\"https:\\\/\\\/lasentinelle.dz\\\/\",\"logo\":{\"@type\":\"ImageObject\",\"inLanguage\":\"fr-FR\",\"@id\":\"https:\\\/\\\/lasentinelle.dz\\\/#\\\/schema\\\/logo\\\/image\\\/\",\"url\":\"https:\\\/\\\/lasentinelle.dz\\\/wp-content\\\/uploads\\\/2021\\\/09\\\/logo-sentinelleSLOGAN-1.png\",\"contentUrl\":\"https:\\\/\\\/lasentinelle.dz\\\/wp-content\\\/uploads\\\/2021\\\/09\\\/logo-sentinelleSLOGAN-1.png\",\"width\":615,\"height\":142,\"caption\":\"Quotidien La Sentinelle\"},\"image\":{\"@id\":\"https:\\\/\\\/lasentinelle.dz\\\/#\\\/schema\\\/logo\\\/image\\\/\"},\"sameAs\":[\"https:\\\/\\\/www.facebook.com\\\/La-Sentinelle-104059864394773\"]},{\"@type\":\"Person\",\"@id\":\"https:\\\/\\\/lasentinelle.dz\\\/#\\\/schema\\\/person\\\/d865044e22e70a75174ce8bcad3acfb3\",\"name\":\"La Sentinelle\",\"image\":{\"@type\":\"ImageObject\",\"inLanguage\":\"fr-FR\",\"@id\":\"https:\\\/\\\/secure.gravatar.com\\\/avatar\\\/57de8e5d4b15d43fb361a71fbb36338450fe67865b528a43dd10ef7c51a20392?s=96&d=mm&r=g\",\"url\":\"https:\\\/\\\/secure.gravatar.com\\\/avatar\\\/57de8e5d4b15d43fb361a71fbb36338450fe67865b528a43dd10ef7c51a20392?s=96&d=mm&r=g\",\"contentUrl\":\"https:\\\/\\\/secure.gravatar.com\\\/avatar\\\/57de8e5d4b15d43fb361a71fbb36338450fe67865b528a43dd10ef7c51a20392?s=96&d=mm&r=g\",\"caption\":\"La Sentinelle\"},\"sameAs\":[\"http:\\\/\\\/www.lasentinelle.dz\"],\"url\":\"https:\\\/\\\/lasentinelle.dz\\\/author\\\/redaction\\\/\"}]}<\/script>\n<!-- \/ Yoast SEO plugin. -->","yoast_head_json":{"title":"Le Pr\u00e9sident Tebboune prochainement \u00e0 New-York pour prendre part \u00e0 l\u2019AG de l\u2019ONU\u00a0: Alger et Washington renforcent leur coordination - La Sentinelle","robots":{"index":"index","follow":"follow","max-snippet":"max-snippet:-1","max-image-preview":"max-image-preview:large","max-video-preview":"max-video-preview:-1"},"canonical":"https:\/\/lasentinelle.dz\/index.php\/2023\/09\/13\/le-president-tebboune-prochainement-a-new-york-pour-prendre-part-a-lag-de-lonu-alger-et-washington-renforcent-leur-coordination\/","og_locale":"fr_FR","og_type":"article","og_title":"Le Pr\u00e9sident Tebboune prochainement \u00e0 New-York pour prendre part \u00e0 l\u2019AG de l\u2019ONU\u00a0: Alger et Washington renforcent leur coordination - La Sentinelle","og_description":"Le pr\u00e9sident de la R\u00e9publique, Abdelmadjid Tebboune, doit effectuer un voyage prochainement \u00e0 New York dans le cadre de sa","og_url":"https:\/\/lasentinelle.dz\/index.php\/2023\/09\/13\/le-president-tebboune-prochainement-a-new-york-pour-prendre-part-a-lag-de-lonu-alger-et-washington-renforcent-leur-coordination\/","og_site_name":"La Sentinelle","article_publisher":"https:\/\/www.facebook.com\/La-Sentinelle-104059864394773","article_published_time":"2023-09-13T20:37:45+00:00","article_modified_time":"2023-09-13T20:37:47+00:00","og_image":[{"width":1200,"height":750,"url":"https:\/\/lasentinelle.dz\/wp-content\/uploads\/2023\/09\/algerie-USA.jpeg","type":"image\/jpeg"}],"author":"La Sentinelle","twitter_card":"summary_large_image","twitter_misc":{"\u00c9crit par":"La Sentinelle","Dur\u00e9e de lecture estim\u00e9e":"3 minutes"},"schema":{"@context":"https:\/\/schema.org","@graph":[{"@type":"Article","@id":"https:\/\/lasentinelle.dz\/index.php\/2023\/09\/13\/le-president-tebboune-prochainement-a-new-york-pour-prendre-part-a-lag-de-lonu-alger-et-washington-renforcent-leur-coordination\/#article","isPartOf":{"@id":"https:\/\/lasentinelle.dz\/index.php\/2023\/09\/13\/le-president-tebboune-prochainement-a-new-york-pour-prendre-part-a-lag-de-lonu-alger-et-washington-renforcent-leur-coordination\/"},"author":{"name":"La Sentinelle","@id":"https:\/\/lasentinelle.dz\/#\/schema\/person\/d865044e22e70a75174ce8bcad3acfb3"},"headline":"Le Pr\u00e9sident Tebboune prochainement \u00e0 New-York pour prendre part \u00e0 l\u2019AG de l\u2019ONU\u00a0: Alger et Washington renforcent leur coordination","datePublished":"2023-09-13T20:37:45+00:00","dateModified":"2023-09-13T20:37:47+00:00","mainEntityOfPage":{"@id":"https:\/\/lasentinelle.dz\/index.php\/2023\/09\/13\/le-president-tebboune-prochainement-a-new-york-pour-prendre-part-a-lag-de-lonu-alger-et-washington-renforcent-leur-coordination\/"},"wordCount":680,"commentCount":0,"publisher":{"@id":"https:\/\/lasentinelle.dz\/#organization"},"image":{"@id":"https:\/\/lasentinelle.dz\/index.php\/2023\/09\/13\/le-president-tebboune-prochainement-a-new-york-pour-prendre-part-a-lag-de-lonu-alger-et-washington-renforcent-leur-coordination\/#primaryimage"},"thumbnailUrl":"https:\/\/lasentinelle.dz\/wp-content\/uploads\/2023\/09\/algerie-USA.jpeg","articleSection":["\u00c0 la Une","Actualit\u00e9"],"inLanguage":"fr-FR","potentialAction":[{"@type":"CommentAction","name":"Comment","target":["https:\/\/lasentinelle.dz\/index.php\/2023\/09\/13\/le-president-tebboune-prochainement-a-new-york-pour-prendre-part-a-lag-de-lonu-alger-et-washington-renforcent-leur-coordination\/#respond"]}]},{"@type":"WebPage","@id":"https:\/\/lasentinelle.dz\/index.php\/2023\/09\/13\/le-president-tebboune-prochainement-a-new-york-pour-prendre-part-a-lag-de-lonu-alger-et-washington-renforcent-leur-coordination\/","url":"https:\/\/lasentinelle.dz\/index.php\/2023\/09\/13\/le-president-tebboune-prochainement-a-new-york-pour-prendre-part-a-lag-de-lonu-alger-et-washington-renforcent-leur-coordination\/","name":"Le Pr\u00e9sident Tebboune prochainement \u00e0 New-York pour prendre part \u00e0 l\u2019AG de l\u2019ONU\u00a0: Alger et Washington renforcent leur coordination - La Sentinelle","isPartOf":{"@id":"https:\/\/lasentinelle.dz\/#website"},"primaryImageOfPage":{"@id":"https:\/\/lasentinelle.dz\/index.php\/2023\/09\/13\/le-president-tebboune-prochainement-a-new-york-pour-prendre-part-a-lag-de-lonu-alger-et-washington-renforcent-leur-coordination\/#primaryimage"},"image":{"@id":"https:\/\/lasentinelle.dz\/index.php\/2023\/09\/13\/le-president-tebboune-prochainement-a-new-york-pour-prendre-part-a-lag-de-lonu-alger-et-washington-renforcent-leur-coordination\/#primaryimage"},"thumbnailUrl":"https:\/\/lasentinelle.dz\/wp-content\/uploads\/2023\/09\/algerie-USA.jpeg","datePublished":"2023-09-13T20:37:45+00:00","dateModified":"2023-09-13T20:37:47+00:00","breadcrumb":{"@id":"https:\/\/lasentinelle.dz\/index.php\/2023\/09\/13\/le-president-tebboune-prochainement-a-new-york-pour-prendre-part-a-lag-de-lonu-alger-et-washington-renforcent-leur-coordination\/#breadcrumb"},"inLanguage":"fr-FR","potentialAction":[{"@type":"ReadAction","target":["https:\/\/lasentinelle.dz\/index.php\/2023\/09\/13\/le-president-tebboune-prochainement-a-new-york-pour-prendre-part-a-lag-de-lonu-alger-et-washington-renforcent-leur-coordination\/"]}]},{"@type":"ImageObject","inLanguage":"fr-FR","@id":"https:\/\/lasentinelle.dz\/index.php\/2023\/09\/13\/le-president-tebboune-prochainement-a-new-york-pour-prendre-part-a-lag-de-lonu-alger-et-washington-renforcent-leur-coordination\/#primaryimage","url":"https:\/\/lasentinelle.dz\/wp-content\/uploads\/2023\/09\/algerie-USA.jpeg","contentUrl":"https:\/\/lasentinelle.dz\/wp-content\/uploads\/2023\/09\/algerie-USA.jpeg","width":1200,"height":750},{"@type":"BreadcrumbList","@id":"https:\/\/lasentinelle.dz\/index.php\/2023\/09\/13\/le-president-tebboune-prochainement-a-new-york-pour-prendre-part-a-lag-de-lonu-alger-et-washington-renforcent-leur-coordination\/#breadcrumb","itemListElement":[{"@type":"ListItem","position":1,"name":"Accueil","item":"https:\/\/lasentinelle.dz\/"},{"@type":"ListItem","position":2,"name":"Le Pr\u00e9sident Tebboune prochainement \u00e0 New-York pour prendre part \u00e0 l\u2019AG de l\u2019ONU\u00a0: Alger et Washington renforcent leur coordination"}]},{"@type":"WebSite","@id":"https:\/\/lasentinelle.dz\/#website","url":"https:\/\/lasentinelle.dz\/","name":"La Sentinelle","description":"Quotidien national d&#039;information","publisher":{"@id":"https:\/\/lasentinelle.dz\/#organization"},"potentialAction":[{"@type":"SearchAction","target":{"@type":"EntryPoint","urlTemplate":"https:\/\/lasentinelle.dz\/?s={search_term_string}"},"query-input":{"@type":"PropertyValueSpecification","valueRequired":true,"valueName":"search_term_string"}}],"inLanguage":"fr-FR"},{"@type":"Organization","@id":"https:\/\/lasentinelle.dz\/#organization","name":"Quotidien La Sentinelle","url":"https:\/\/lasentinelle.dz\/","logo":{"@type":"ImageObject","inLanguage":"fr-FR","@id":"https:\/\/lasentinelle.dz\/#\/schema\/logo\/image\/","url":"https:\/\/lasentinelle.dz\/wp-content\/uploads\/2021\/09\/logo-sentinelleSLOGAN-1.png","contentUrl":"https:\/\/lasentinelle.dz\/wp-content\/uploads\/2021\/09\/logo-sentinelleSLOGAN-1.png","width":615,"height":142,"caption":"Quotidien La Sentinelle"},"image":{"@id":"https:\/\/lasentinelle.dz\/#\/schema\/logo\/image\/"},"sameAs":["https:\/\/www.facebook.com\/La-Sentinelle-104059864394773"]},{"@type":"Person","@id":"https:\/\/lasentinelle.dz\/#\/schema\/person\/d865044e22e70a75174ce8bcad3acfb3","name":"La Sentinelle","image":{"@type":"ImageObject","inLanguage":"fr-FR","@id":"https:\/\/secure.gravatar.com\/avatar\/57de8e5d4b15d43fb361a71fbb36338450fe67865b528a43dd10ef7c51a20392?s=96&d=mm&r=g","url":"https:\/\/secure.gravatar.com\/avatar\/57de8e5d4b15d43fb361a71fbb36338450fe67865b528a43dd10ef7c51a20392?s=96&d=mm&r=g","contentUrl":"https:\/\/secure.gravatar.com\/avatar\/57de8e5d4b15d43fb361a71fbb36338450fe67865b528a43dd10ef7c51a20392?s=96&d=mm&r=g","caption":"La Sentinelle"},"sameAs":["http:\/\/www.lasentinelle.dz"],"url":"https:\/\/lasentinelle.dz\/author\/redaction\/"}]}},"_links":{"self":[{"href":"https:\/\/lasentinelle.dz\/index.php\/wp-json\/wp\/v2\/posts\/45551","targetHints":{"allow":["GET"]}}],"collection":[{"href":"https:\/\/lasentinelle.dz\/index.php\/wp-json\/wp\/v2\/posts"}],"about":[{"href":"https:\/\/lasentinelle.dz\/index.php\/wp-json\/wp\/v2\/types\/post"}],"author":[{"embeddable":true,"href":"https:\/\/lasentinelle.dz\/index.php\/wp-json\/wp\/v2\/users\/3"}],"replies":[{"embeddable":true,"href":"https:\/\/lasentinelle.dz\/index.php\/wp-json\/wp\/v2\/comments?post=45551"}],"version-history":[{"count":1,"href":"https:\/\/lasentinelle.dz\/index.php\/wp-json\/wp\/v2\/posts\/45551\/revisions"}],"predecessor-version":[{"id":45553,"href":"https:\/\/lasentinelle.dz\/index.php\/wp-json\/wp\/v2\/posts\/45551\/revisions\/45553"}],"wp:featuredmedia":[{"embeddable":true,"href":"https:\/\/lasentinelle.dz\/index.php\/wp-json\/wp\/v2\/media\/45552"}],"wp:attachment":[{"href":"https:\/\/lasentinelle.dz\/index.php\/wp-json\/wp\/v2\/media?parent=45551"}],"wp:term":[{"taxonomy":"category","embeddable":true,"href":"https:\/\/lasentinelle.dz\/index.php\/wp-json\/wp\/v2\/categories?post=45551"},{"taxonomy":"post_tag","embeddable":true,"href":"https:\/\/lasentinelle.dz\/index.php\/wp-json\/wp\/v2\/tags?post=45551"}],"curies":[{"name":"wp","href":"https:\/\/api.w.org\/{rel}","templated":true}]}}