{"id":45654,"date":"2023-09-18T21:45:12","date_gmt":"2023-09-18T20:45:12","guid":{"rendered":"https:\/\/lasentinelle.dz\/?p=45654"},"modified":"2023-09-18T21:45:15","modified_gmt":"2023-09-18T20:45:15","slug":"complexe-siderurgique-del-hadjar-deux-responsables-demis-de-leurs-fonctions","status":"publish","type":"post","link":"https:\/\/lasentinelle.dz\/index.php\/2023\/09\/18\/complexe-siderurgique-del-hadjar-deux-responsables-demis-de-leurs-fonctions\/","title":{"rendered":"Complexe sid\u00e9rurgique d\u2019El-Hadjar\u00a0: Deux responsables d\u00e9mis de leurs fonctions"},"content":{"rendered":"\n<p>Deux responsables du complexe sid\u00e9rurgique d\u2019El-Hadjar ont \u00e9t\u00e9 d\u00e9mis de leurs fonctions. Il s\u2019agirait du directeur des approvisionnements et le chef du d\u00e9partement du charbon du complexe Sider El-Hadjar.<\/p>\n\n\n\n<p>Selon des m\u00e9dias r\u00e9gionaux, les raisons de ce limogeage ont un rapport avec une cargaison de \u00ab&nbsp;coke&nbsp;\u00bb import\u00e9e par bateau, mais qui n\u2019aurait pas \u00e9t\u00e9 r\u00e9ceptionn\u00e9e. Puisque impay\u00e9, le cargo avec \u00e0 son bord la cargaison serait rest\u00e9 une semaine au large des eaux maritimes de la wilaya d\u2019Annaba, avant que la cargaison ne soit livr\u00e9e \u00e0 un autre client, en Inde, toujours selon la m\u00eame source. La r\u00e9action des responsables ne s\u2019est faite attendre. Ces derniers ont aussit\u00f4t d\u00e9cid\u00e9 de mettre fin aux fonctions des deux responsables. Ces derniers ont \u00e9t\u00e9 consid\u00e9r\u00e9s comme \u00e9tant responsables quant \u00e0 l\u2019arr\u00eat de la production du complexe sid\u00e9rurgique. Un arr\u00eat occasionn\u00e9 par le manque d\u2019approvisionnement en combustible, le Coke en l\u2019occurrence. Pour s\u2019enqu\u00e9rir de la v\u00e9racit\u00e9 de l\u2019information, nous avons tent\u00e9 de prendre attache avec un quelconque responsable du complexe Sider d\u2019El Hadjar, mais nous avons \u00e9t\u00e9 confront\u00e9 \u00e0 un black-out. Toutefois, et selon les demis mots d\u2019une source interne au complexe, les deux responsables en question ont \u00e9t\u00e9 \u00e9vinc\u00e9s de leurs postes. Sous le sceau de l\u2019anonymat, la m\u00eame source a fait savoir que les responsables s\u2019att\u00e8lent \u00e0 trouver une solution pour l\u2019approvisionnement du complexe en ce combustible essentiel pour le fonctionnement du haut fourneau. Par ailleurs, et selon la m\u00eame source, il n&rsquo;y a pas eu d\u2019arr\u00eat de production car, le complexe a des r\u00e9serves qui peuvent lui assurer plusieurs semaines de production. En attendant des informations sur cette affaire, il est utile de rappeler que le complexe Sider El Hadjar est son \u00e9ni\u00e8me probl\u00e8me avec le Coke. Le premier est survenu en 2021 et le second en 2022, pour ne citer que ces deux cas. Le manque de ce combustible est \u00e0 chaque fois une source d\u2019angoisse pour les sid\u00e9rurgistes et de tracas pour la direction de l\u2019entreprise. C\u2019est un probl\u00e8me qui, \u00e0 chaque fois, stoppe l\u2019\u00e9lan du complexe, contraint jusqu\u2019ici \u00e0 concr\u00e9tiser les ambitieux objectifs de production que s\u2019est fix\u00e9e l\u2019entit\u00e9. Des ambitions qui refl\u00e8tent, convient-il de souligner, un relatif regain de productivit\u00e9, \u00e0 m\u00eame de lui permettre de se payer le luxe d\u2019exporter \u00e0 coup de millions de dollars de produits sid\u00e9rurgiques vers, entre autres, des pays d\u2019Europe, du Moyen- Orient. Prouvant ainsi sa capacit\u00e9 \u00e0 jouer dans la cour des grands<\/p>\n\n\n\n<p><strong>Sofia Chahine<\/strong><\/p>\n","protected":false},"excerpt":{"rendered":"<p>Deux responsables du complexe sid\u00e9rurgique d\u2019El-Hadjar ont \u00e9t\u00e9 d\u00e9mis de leurs fonctions. Il s\u2019agirait du directeur des approvisionnements et le<\/p>\n","protected":false},"author":3,"featured_media":44607,"comment_status":"open","ping_status":"closed","sticky":false,"template":"","format":"standard","meta":{"colormag_page_container_layout":"default_layout","colormag_page_sidebar_layout":"default_layout","om_disable_all_campaigns":false,"_monsterinsights_skip_tracking":false,"_monsterinsights_sitenote_active":false,"_monsterinsights_sitenote_note":"","_monsterinsights_sitenote_category":0,"footnotes":"","_wpscppro_dont_share_socialmedia":false,"_wpscppro_custom_social_share_image":0,"_facebook_share_type":"","_twitter_share_type":"","_linkedin_share_type":"","_pinterest_share_type":"","_linkedin_share_type_page":"","_instagram_share_type":"","_medium_share_type":"","_threads_share_type":"","_google_business_share_type":"","_selected_social_profile":[],"_wpsp_enable_custom_social_template":false,"_wpsp_social_scheduling":{"enabled":false,"datetime":null,"platforms":[],"status":"template_only","dateOption":"today","timeOption":"now","customDays":"","customHours":"","customDate":"","customTime":"","schedulingType":"absolute"},"_wpsp_active_default_template":true},"categories":[52,27],"tags":[],"class_list":["post-45654","post","type-post","status-publish","format-standard","has-post-thumbnail","hentry","category-a-la-une","category-actualite"],"aioseo_notices":[],"yoast_head":"<!-- This site is optimized with the Yoast SEO plugin v27.5 - https:\/\/yoast.com\/product\/yoast-seo-wordpress\/ -->\n<title>Complexe sid\u00e9rurgique d\u2019El-Hadjar\u00a0: Deux responsables d\u00e9mis de leurs fonctions - La Sentinelle<\/title>\n<meta name=\"robots\" content=\"index, follow, max-snippet:-1, max-image-preview:large, max-video-preview:-1\" \/>\n<link rel=\"canonical\" href=\"https:\/\/lasentinelle.dz\/index.php\/2023\/09\/18\/complexe-siderurgique-del-hadjar-deux-responsables-demis-de-leurs-fonctions\/\" \/>\n<meta property=\"og:locale\" content=\"fr_FR\" \/>\n<meta property=\"og:type\" content=\"article\" \/>\n<meta property=\"og:title\" content=\"Complexe sid\u00e9rurgique d\u2019El-Hadjar\u00a0: Deux responsables d\u00e9mis de leurs fonctions - La Sentinelle\" \/>\n<meta property=\"og:description\" content=\"Deux responsables du complexe sid\u00e9rurgique d\u2019El-Hadjar ont \u00e9t\u00e9 d\u00e9mis de leurs fonctions. Il s\u2019agirait du directeur des approvisionnements et le\" \/>\n<meta property=\"og:url\" content=\"https:\/\/lasentinelle.dz\/index.php\/2023\/09\/18\/complexe-siderurgique-del-hadjar-deux-responsables-demis-de-leurs-fonctions\/\" \/>\n<meta property=\"og:site_name\" content=\"La Sentinelle\" \/>\n<meta property=\"article:publisher\" content=\"https:\/\/www.facebook.com\/La-Sentinelle-104059864394773\" \/>\n<meta property=\"article:published_time\" content=\"2023-09-18T20:45:12+00:00\" \/>\n<meta property=\"article:modified_time\" content=\"2023-09-18T20:45:15+00:00\" \/>\n<meta property=\"og:image\" content=\"https:\/\/lasentinelle.dz\/wp-content\/uploads\/2023\/08\/El-Hadjar.jpeg\" \/>\n\t<meta property=\"og:image:width\" content=\"650\" \/>\n\t<meta property=\"og:image:height\" content=\"421\" \/>\n\t<meta property=\"og:image:type\" content=\"image\/jpeg\" \/>\n<meta name=\"author\" content=\"La Sentinelle\" \/>\n<meta name=\"twitter:card\" content=\"summary_large_image\" \/>\n<meta name=\"twitter:label1\" content=\"\u00c9crit par\" \/>\n\t<meta name=\"twitter:data1\" content=\"La Sentinelle\" \/>\n\t<meta name=\"twitter:label2\" content=\"Dur\u00e9e de lecture estim\u00e9e\" \/>\n\t<meta name=\"twitter:data2\" content=\"3 minutes\" \/>\n<script type=\"application\/ld+json\" class=\"yoast-schema-graph\">{\"@context\":\"https:\\\/\\\/schema.org\",\"@graph\":[{\"@type\":\"Article\",\"@id\":\"https:\\\/\\\/lasentinelle.dz\\\/index.php\\\/2023\\\/09\\\/18\\\/complexe-siderurgique-del-hadjar-deux-responsables-demis-de-leurs-fonctions\\\/#article\",\"isPartOf\":{\"@id\":\"https:\\\/\\\/lasentinelle.dz\\\/index.php\\\/2023\\\/09\\\/18\\\/complexe-siderurgique-del-hadjar-deux-responsables-demis-de-leurs-fonctions\\\/\"},\"author\":{\"name\":\"La Sentinelle\",\"@id\":\"https:\\\/\\\/lasentinelle.dz\\\/#\\\/schema\\\/person\\\/d865044e22e70a75174ce8bcad3acfb3\"},\"headline\":\"Complexe sid\u00e9rurgique d\u2019El-Hadjar\u00a0: Deux responsables d\u00e9mis de leurs fonctions\",\"datePublished\":\"2023-09-18T20:45:12+00:00\",\"dateModified\":\"2023-09-18T20:45:15+00:00\",\"mainEntityOfPage\":{\"@id\":\"https:\\\/\\\/lasentinelle.dz\\\/index.php\\\/2023\\\/09\\\/18\\\/complexe-siderurgique-del-hadjar-deux-responsables-demis-de-leurs-fonctions\\\/\"},\"wordCount\":467,\"commentCount\":0,\"publisher\":{\"@id\":\"https:\\\/\\\/lasentinelle.dz\\\/#organization\"},\"image\":{\"@id\":\"https:\\\/\\\/lasentinelle.dz\\\/index.php\\\/2023\\\/09\\\/18\\\/complexe-siderurgique-del-hadjar-deux-responsables-demis-de-leurs-fonctions\\\/#primaryimage\"},\"thumbnailUrl\":\"https:\\\/\\\/lasentinelle.dz\\\/wp-content\\\/uploads\\\/2023\\\/08\\\/El-Hadjar.jpeg\",\"articleSection\":[\"\u00c0 la Une\",\"Actualit\u00e9\"],\"inLanguage\":\"fr-FR\",\"potentialAction\":[{\"@type\":\"CommentAction\",\"name\":\"Comment\",\"target\":[\"https:\\\/\\\/lasentinelle.dz\\\/index.php\\\/2023\\\/09\\\/18\\\/complexe-siderurgique-del-hadjar-deux-responsables-demis-de-leurs-fonctions\\\/#respond\"]}]},{\"@type\":\"WebPage\",\"@id\":\"https:\\\/\\\/lasentinelle.dz\\\/index.php\\\/2023\\\/09\\\/18\\\/complexe-siderurgique-del-hadjar-deux-responsables-demis-de-leurs-fonctions\\\/\",\"url\":\"https:\\\/\\\/lasentinelle.dz\\\/index.php\\\/2023\\\/09\\\/18\\\/complexe-siderurgique-del-hadjar-deux-responsables-demis-de-leurs-fonctions\\\/\",\"name\":\"Complexe sid\u00e9rurgique d\u2019El-Hadjar\u00a0: Deux responsables d\u00e9mis de leurs fonctions - La Sentinelle\",\"isPartOf\":{\"@id\":\"https:\\\/\\\/lasentinelle.dz\\\/#website\"},\"primaryImageOfPage\":{\"@id\":\"https:\\\/\\\/lasentinelle.dz\\\/index.php\\\/2023\\\/09\\\/18\\\/complexe-siderurgique-del-hadjar-deux-responsables-demis-de-leurs-fonctions\\\/#primaryimage\"},\"image\":{\"@id\":\"https:\\\/\\\/lasentinelle.dz\\\/index.php\\\/2023\\\/09\\\/18\\\/complexe-siderurgique-del-hadjar-deux-responsables-demis-de-leurs-fonctions\\\/#primaryimage\"},\"thumbnailUrl\":\"https:\\\/\\\/lasentinelle.dz\\\/wp-content\\\/uploads\\\/2023\\\/08\\\/El-Hadjar.jpeg\",\"datePublished\":\"2023-09-18T20:45:12+00:00\",\"dateModified\":\"2023-09-18T20:45:15+00:00\",\"breadcrumb\":{\"@id\":\"https:\\\/\\\/lasentinelle.dz\\\/index.php\\\/2023\\\/09\\\/18\\\/complexe-siderurgique-del-hadjar-deux-responsables-demis-de-leurs-fonctions\\\/#breadcrumb\"},\"inLanguage\":\"fr-FR\",\"potentialAction\":[{\"@type\":\"ReadAction\",\"target\":[\"https:\\\/\\\/lasentinelle.dz\\\/index.php\\\/2023\\\/09\\\/18\\\/complexe-siderurgique-del-hadjar-deux-responsables-demis-de-leurs-fonctions\\\/\"]}]},{\"@type\":\"ImageObject\",\"inLanguage\":\"fr-FR\",\"@id\":\"https:\\\/\\\/lasentinelle.dz\\\/index.php\\\/2023\\\/09\\\/18\\\/complexe-siderurgique-del-hadjar-deux-responsables-demis-de-leurs-fonctions\\\/#primaryimage\",\"url\":\"https:\\\/\\\/lasentinelle.dz\\\/wp-content\\\/uploads\\\/2023\\\/08\\\/El-Hadjar.jpeg\",\"contentUrl\":\"https:\\\/\\\/lasentinelle.dz\\\/wp-content\\\/uploads\\\/2023\\\/08\\\/El-Hadjar.jpeg\",\"width\":650,\"height\":421},{\"@type\":\"BreadcrumbList\",\"@id\":\"https:\\\/\\\/lasentinelle.dz\\\/index.php\\\/2023\\\/09\\\/18\\\/complexe-siderurgique-del-hadjar-deux-responsables-demis-de-leurs-fonctions\\\/#breadcrumb\",\"itemListElement\":[{\"@type\":\"ListItem\",\"position\":1,\"name\":\"Accueil\",\"item\":\"https:\\\/\\\/lasentinelle.dz\\\/\"},{\"@type\":\"ListItem\",\"position\":2,\"name\":\"Complexe sid\u00e9rurgique d\u2019El-Hadjar\u00a0: Deux responsables d\u00e9mis de leurs fonctions\"}]},{\"@type\":\"WebSite\",\"@id\":\"https:\\\/\\\/lasentinelle.dz\\\/#website\",\"url\":\"https:\\\/\\\/lasentinelle.dz\\\/\",\"name\":\"La Sentinelle\",\"description\":\"Quotidien national d&#039;information\",\"publisher\":{\"@id\":\"https:\\\/\\\/lasentinelle.dz\\\/#organization\"},\"potentialAction\":[{\"@type\":\"SearchAction\",\"target\":{\"@type\":\"EntryPoint\",\"urlTemplate\":\"https:\\\/\\\/lasentinelle.dz\\\/?s={search_term_string}\"},\"query-input\":{\"@type\":\"PropertyValueSpecification\",\"valueRequired\":true,\"valueName\":\"search_term_string\"}}],\"inLanguage\":\"fr-FR\"},{\"@type\":\"Organization\",\"@id\":\"https:\\\/\\\/lasentinelle.dz\\\/#organization\",\"name\":\"Quotidien La Sentinelle\",\"url\":\"https:\\\/\\\/lasentinelle.dz\\\/\",\"logo\":{\"@type\":\"ImageObject\",\"inLanguage\":\"fr-FR\",\"@id\":\"https:\\\/\\\/lasentinelle.dz\\\/#\\\/schema\\\/logo\\\/image\\\/\",\"url\":\"https:\\\/\\\/lasentinelle.dz\\\/wp-content\\\/uploads\\\/2021\\\/09\\\/logo-sentinelleSLOGAN-1.png\",\"contentUrl\":\"https:\\\/\\\/lasentinelle.dz\\\/wp-content\\\/uploads\\\/2021\\\/09\\\/logo-sentinelleSLOGAN-1.png\",\"width\":615,\"height\":142,\"caption\":\"Quotidien La Sentinelle\"},\"image\":{\"@id\":\"https:\\\/\\\/lasentinelle.dz\\\/#\\\/schema\\\/logo\\\/image\\\/\"},\"sameAs\":[\"https:\\\/\\\/www.facebook.com\\\/La-Sentinelle-104059864394773\"]},{\"@type\":\"Person\",\"@id\":\"https:\\\/\\\/lasentinelle.dz\\\/#\\\/schema\\\/person\\\/d865044e22e70a75174ce8bcad3acfb3\",\"name\":\"La Sentinelle\",\"image\":{\"@type\":\"ImageObject\",\"inLanguage\":\"fr-FR\",\"@id\":\"https:\\\/\\\/secure.gravatar.com\\\/avatar\\\/57de8e5d4b15d43fb361a71fbb36338450fe67865b528a43dd10ef7c51a20392?s=96&d=mm&r=g\",\"url\":\"https:\\\/\\\/secure.gravatar.com\\\/avatar\\\/57de8e5d4b15d43fb361a71fbb36338450fe67865b528a43dd10ef7c51a20392?s=96&d=mm&r=g\",\"contentUrl\":\"https:\\\/\\\/secure.gravatar.com\\\/avatar\\\/57de8e5d4b15d43fb361a71fbb36338450fe67865b528a43dd10ef7c51a20392?s=96&d=mm&r=g\",\"caption\":\"La Sentinelle\"},\"sameAs\":[\"http:\\\/\\\/www.lasentinelle.dz\"],\"url\":\"https:\\\/\\\/lasentinelle.dz\\\/author\\\/redaction\\\/\"}]}<\/script>\n<!-- \/ Yoast SEO plugin. -->","yoast_head_json":{"title":"Complexe sid\u00e9rurgique d\u2019El-Hadjar\u00a0: Deux responsables d\u00e9mis de leurs fonctions - La Sentinelle","robots":{"index":"index","follow":"follow","max-snippet":"max-snippet:-1","max-image-preview":"max-image-preview:large","max-video-preview":"max-video-preview:-1"},"canonical":"https:\/\/lasentinelle.dz\/index.php\/2023\/09\/18\/complexe-siderurgique-del-hadjar-deux-responsables-demis-de-leurs-fonctions\/","og_locale":"fr_FR","og_type":"article","og_title":"Complexe sid\u00e9rurgique d\u2019El-Hadjar\u00a0: Deux responsables d\u00e9mis de leurs fonctions - La Sentinelle","og_description":"Deux responsables du complexe sid\u00e9rurgique d\u2019El-Hadjar ont \u00e9t\u00e9 d\u00e9mis de leurs fonctions. Il s\u2019agirait du directeur des approvisionnements et le","og_url":"https:\/\/lasentinelle.dz\/index.php\/2023\/09\/18\/complexe-siderurgique-del-hadjar-deux-responsables-demis-de-leurs-fonctions\/","og_site_name":"La Sentinelle","article_publisher":"https:\/\/www.facebook.com\/La-Sentinelle-104059864394773","article_published_time":"2023-09-18T20:45:12+00:00","article_modified_time":"2023-09-18T20:45:15+00:00","og_image":[{"width":650,"height":421,"url":"https:\/\/lasentinelle.dz\/wp-content\/uploads\/2023\/08\/El-Hadjar.jpeg","type":"image\/jpeg"}],"author":"La Sentinelle","twitter_card":"summary_large_image","twitter_misc":{"\u00c9crit par":"La Sentinelle","Dur\u00e9e de lecture estim\u00e9e":"3 minutes"},"schema":{"@context":"https:\/\/schema.org","@graph":[{"@type":"Article","@id":"https:\/\/lasentinelle.dz\/index.php\/2023\/09\/18\/complexe-siderurgique-del-hadjar-deux-responsables-demis-de-leurs-fonctions\/#article","isPartOf":{"@id":"https:\/\/lasentinelle.dz\/index.php\/2023\/09\/18\/complexe-siderurgique-del-hadjar-deux-responsables-demis-de-leurs-fonctions\/"},"author":{"name":"La Sentinelle","@id":"https:\/\/lasentinelle.dz\/#\/schema\/person\/d865044e22e70a75174ce8bcad3acfb3"},"headline":"Complexe sid\u00e9rurgique d\u2019El-Hadjar\u00a0: Deux responsables d\u00e9mis de leurs fonctions","datePublished":"2023-09-18T20:45:12+00:00","dateModified":"2023-09-18T20:45:15+00:00","mainEntityOfPage":{"@id":"https:\/\/lasentinelle.dz\/index.php\/2023\/09\/18\/complexe-siderurgique-del-hadjar-deux-responsables-demis-de-leurs-fonctions\/"},"wordCount":467,"commentCount":0,"publisher":{"@id":"https:\/\/lasentinelle.dz\/#organization"},"image":{"@id":"https:\/\/lasentinelle.dz\/index.php\/2023\/09\/18\/complexe-siderurgique-del-hadjar-deux-responsables-demis-de-leurs-fonctions\/#primaryimage"},"thumbnailUrl":"https:\/\/lasentinelle.dz\/wp-content\/uploads\/2023\/08\/El-Hadjar.jpeg","articleSection":["\u00c0 la Une","Actualit\u00e9"],"inLanguage":"fr-FR","potentialAction":[{"@type":"CommentAction","name":"Comment","target":["https:\/\/lasentinelle.dz\/index.php\/2023\/09\/18\/complexe-siderurgique-del-hadjar-deux-responsables-demis-de-leurs-fonctions\/#respond"]}]},{"@type":"WebPage","@id":"https:\/\/lasentinelle.dz\/index.php\/2023\/09\/18\/complexe-siderurgique-del-hadjar-deux-responsables-demis-de-leurs-fonctions\/","url":"https:\/\/lasentinelle.dz\/index.php\/2023\/09\/18\/complexe-siderurgique-del-hadjar-deux-responsables-demis-de-leurs-fonctions\/","name":"Complexe sid\u00e9rurgique d\u2019El-Hadjar\u00a0: Deux responsables d\u00e9mis de leurs fonctions - La Sentinelle","isPartOf":{"@id":"https:\/\/lasentinelle.dz\/#website"},"primaryImageOfPage":{"@id":"https:\/\/lasentinelle.dz\/index.php\/2023\/09\/18\/complexe-siderurgique-del-hadjar-deux-responsables-demis-de-leurs-fonctions\/#primaryimage"},"image":{"@id":"https:\/\/lasentinelle.dz\/index.php\/2023\/09\/18\/complexe-siderurgique-del-hadjar-deux-responsables-demis-de-leurs-fonctions\/#primaryimage"},"thumbnailUrl":"https:\/\/lasentinelle.dz\/wp-content\/uploads\/2023\/08\/El-Hadjar.jpeg","datePublished":"2023-09-18T20:45:12+00:00","dateModified":"2023-09-18T20:45:15+00:00","breadcrumb":{"@id":"https:\/\/lasentinelle.dz\/index.php\/2023\/09\/18\/complexe-siderurgique-del-hadjar-deux-responsables-demis-de-leurs-fonctions\/#breadcrumb"},"inLanguage":"fr-FR","potentialAction":[{"@type":"ReadAction","target":["https:\/\/lasentinelle.dz\/index.php\/2023\/09\/18\/complexe-siderurgique-del-hadjar-deux-responsables-demis-de-leurs-fonctions\/"]}]},{"@type":"ImageObject","inLanguage":"fr-FR","@id":"https:\/\/lasentinelle.dz\/index.php\/2023\/09\/18\/complexe-siderurgique-del-hadjar-deux-responsables-demis-de-leurs-fonctions\/#primaryimage","url":"https:\/\/lasentinelle.dz\/wp-content\/uploads\/2023\/08\/El-Hadjar.jpeg","contentUrl":"https:\/\/lasentinelle.dz\/wp-content\/uploads\/2023\/08\/El-Hadjar.jpeg","width":650,"height":421},{"@type":"BreadcrumbList","@id":"https:\/\/lasentinelle.dz\/index.php\/2023\/09\/18\/complexe-siderurgique-del-hadjar-deux-responsables-demis-de-leurs-fonctions\/#breadcrumb","itemListElement":[{"@type":"ListItem","position":1,"name":"Accueil","item":"https:\/\/lasentinelle.dz\/"},{"@type":"ListItem","position":2,"name":"Complexe sid\u00e9rurgique d\u2019El-Hadjar\u00a0: Deux responsables d\u00e9mis de leurs fonctions"}]},{"@type":"WebSite","@id":"https:\/\/lasentinelle.dz\/#website","url":"https:\/\/lasentinelle.dz\/","name":"La Sentinelle","description":"Quotidien national d&#039;information","publisher":{"@id":"https:\/\/lasentinelle.dz\/#organization"},"potentialAction":[{"@type":"SearchAction","target":{"@type":"EntryPoint","urlTemplate":"https:\/\/lasentinelle.dz\/?s={search_term_string}"},"query-input":{"@type":"PropertyValueSpecification","valueRequired":true,"valueName":"search_term_string"}}],"inLanguage":"fr-FR"},{"@type":"Organization","@id":"https:\/\/lasentinelle.dz\/#organization","name":"Quotidien La Sentinelle","url":"https:\/\/lasentinelle.dz\/","logo":{"@type":"ImageObject","inLanguage":"fr-FR","@id":"https:\/\/lasentinelle.dz\/#\/schema\/logo\/image\/","url":"https:\/\/lasentinelle.dz\/wp-content\/uploads\/2021\/09\/logo-sentinelleSLOGAN-1.png","contentUrl":"https:\/\/lasentinelle.dz\/wp-content\/uploads\/2021\/09\/logo-sentinelleSLOGAN-1.png","width":615,"height":142,"caption":"Quotidien La Sentinelle"},"image":{"@id":"https:\/\/lasentinelle.dz\/#\/schema\/logo\/image\/"},"sameAs":["https:\/\/www.facebook.com\/La-Sentinelle-104059864394773"]},{"@type":"Person","@id":"https:\/\/lasentinelle.dz\/#\/schema\/person\/d865044e22e70a75174ce8bcad3acfb3","name":"La Sentinelle","image":{"@type":"ImageObject","inLanguage":"fr-FR","@id":"https:\/\/secure.gravatar.com\/avatar\/57de8e5d4b15d43fb361a71fbb36338450fe67865b528a43dd10ef7c51a20392?s=96&d=mm&r=g","url":"https:\/\/secure.gravatar.com\/avatar\/57de8e5d4b15d43fb361a71fbb36338450fe67865b528a43dd10ef7c51a20392?s=96&d=mm&r=g","contentUrl":"https:\/\/secure.gravatar.com\/avatar\/57de8e5d4b15d43fb361a71fbb36338450fe67865b528a43dd10ef7c51a20392?s=96&d=mm&r=g","caption":"La Sentinelle"},"sameAs":["http:\/\/www.lasentinelle.dz"],"url":"https:\/\/lasentinelle.dz\/author\/redaction\/"}]}},"_links":{"self":[{"href":"https:\/\/lasentinelle.dz\/index.php\/wp-json\/wp\/v2\/posts\/45654","targetHints":{"allow":["GET"]}}],"collection":[{"href":"https:\/\/lasentinelle.dz\/index.php\/wp-json\/wp\/v2\/posts"}],"about":[{"href":"https:\/\/lasentinelle.dz\/index.php\/wp-json\/wp\/v2\/types\/post"}],"author":[{"embeddable":true,"href":"https:\/\/lasentinelle.dz\/index.php\/wp-json\/wp\/v2\/users\/3"}],"replies":[{"embeddable":true,"href":"https:\/\/lasentinelle.dz\/index.php\/wp-json\/wp\/v2\/comments?post=45654"}],"version-history":[{"count":1,"href":"https:\/\/lasentinelle.dz\/index.php\/wp-json\/wp\/v2\/posts\/45654\/revisions"}],"predecessor-version":[{"id":45655,"href":"https:\/\/lasentinelle.dz\/index.php\/wp-json\/wp\/v2\/posts\/45654\/revisions\/45655"}],"wp:featuredmedia":[{"embeddable":true,"href":"https:\/\/lasentinelle.dz\/index.php\/wp-json\/wp\/v2\/media\/44607"}],"wp:attachment":[{"href":"https:\/\/lasentinelle.dz\/index.php\/wp-json\/wp\/v2\/media?parent=45654"}],"wp:term":[{"taxonomy":"category","embeddable":true,"href":"https:\/\/lasentinelle.dz\/index.php\/wp-json\/wp\/v2\/categories?post=45654"},{"taxonomy":"post_tag","embeddable":true,"href":"https:\/\/lasentinelle.dz\/index.php\/wp-json\/wp\/v2\/tags?post=45654"}],"curies":[{"name":"wp","href":"https:\/\/api.w.org\/{rel}","templated":true}]}}