{"id":45661,"date":"2023-09-18T21:51:04","date_gmt":"2023-09-18T20:51:04","guid":{"rendered":"https:\/\/lasentinelle.dz\/?p=45661"},"modified":"2023-09-18T21:51:06","modified_gmt":"2023-09-18T20:51:06","slug":"11-millions-deleves-rejoignent-les-bancs-de-lecole-aujourdhui-cest-la-rentree","status":"publish","type":"post","link":"https:\/\/lasentinelle.dz\/index.php\/2023\/09\/18\/11-millions-deleves-rejoignent-les-bancs-de-lecole-aujourdhui-cest-la-rentree\/","title":{"rendered":"11 millions d\u2019\u00e9l\u00e8ves rejoignent les bancs de l\u2019\u00e9cole aujourd\u2019hui\u00a0: C\u2019est la rentr\u00e9e\u00a0!"},"content":{"rendered":"\n<p>Les vacances sont finies pour onze millions d\u2019\u00e9l\u00e8ves qui rejoindront les \u00e9tablissements d\u2019enseignement. \u00c0 la veille de cette rentr\u00e9e, les pr\u00e9paratifs se sont acc\u00e9l\u00e9r\u00e9s pour garantir une reprise sereine des cours.<\/p>\n\n\n\n<p>Trois d\u00e9partements minist\u00e9riels ont mobilis\u00e9 leurs troupes afin de r\u00e9gler les derniers d\u00e9tails. Op\u00e9ration de recrutement et de formation des enseignant, r\u00e9ception de nouveaux \u00e9tablissements et structures, transport scolaire et gestion des cours, tout a \u00e9t\u00e9 pass\u00e9 en revue par les d\u00e9partements concern\u00e9s. C\u2019est ainsi que le ministre de l\u2019Education nationale, Abdelhakim Belaabed, a pr\u00e9sid\u00e9, par visioconf\u00e9rence, une conf\u00e9rence nationale consacr\u00e9e au suivi de la phase finale de recrutement des enseignants contractuels, pour les postes vacants, dans les trois cycles d\u2019enseignement, wilaya par wilaya, apr\u00e8s l\u2019affichage des listes des admis et l\u2019expiration du d\u00e9lai pour le choix des \u00e9tablissements qu\u2019ils souhaiteraient rejoindre. Selon un communiqu\u00e9 du minist\u00e8re, Hakim Belaabed a soulign\u00e9 que \u00ab les directeurs de l\u2019Education sont tenus de t\u00e9l\u00e9charger les d\u00e9cisions d\u2019affectation en tant que contractuels, \u00e0 partir de la plateforme num\u00e9rique, de les signer et de les envoyer par email aux \u00e9tablissements \u00e9ducatifs concern\u00e9s \u00bb. Et d\u2019ajouter que \u00ab les candidats admis recevront, via leurs comptes sur la plateforme num\u00e9rique, une notification portant le nom de l\u2019\u00e9tablissement de leur affectation, qu\u2019ils doivent rejoindre lundi matin (08:00), pour retirer leur d\u00e9cision d\u2019affectation et signer le proc\u00e8s-verbal d\u2019installation, et ce dans un d\u00e9lai de 24h, faute de quoi, ils seront remplac\u00e9s par ceux qui leur succ\u00e8dent dans le classement \u00bb, a-t-il soutenu. Il est utile de rappeler dans ce contexte que pr\u00e8s de 17.000 postes d\u2019enseignants contractuels ont \u00e9t\u00e9 ouverts au titre de l\u2019ann\u00e9e scolaire 2023-2024. 12.000 enseignants doivent prendre en charge les cours d\u2019\u00e9ducation physique, tandis que pr\u00e8s de 5.000 sont recrut\u00e9s dans le cadre de l\u2019\u00e9largissement de l\u2019enseignement de l\u2019Anglais \u00e0 la quatri\u00e8me ann\u00e9e primaire.<\/p>\n\n\n\n<p>De son c\u00f4t\u00e9, le ministre de l&rsquo;Habitat, de l&rsquo;Urbanisme et de la Ville, Mohamed Tarek Belaribi, a r\u00e9v\u00e9l\u00e9, hier lors d\u2019une conf\u00e9rence de presse que 263 structures publiques ont \u00e9t\u00e9 r\u00e9ceptionn\u00e9es afin de renforcer les capacit\u00e9s d\u2019accueil du secteur de l\u2019\u00e9ducation nationale cette ann\u00e9e englobant des \u00e9coles primaires, des coll\u00e8ges et des lyc\u00e9es, soit 87 structures de plus par rapport \u00e0 l&rsquo;ann\u00e9e derni\u00e8re. \u00ab&nbsp;L&rsquo;ann\u00e9e derni\u00e8re, nous avons livr\u00e9 pr\u00e8s de 176 structures et cette ann\u00e9e, ce nombre est pass\u00e9 \u00e0 263, dont 143 \u00e9coles primaires, 75 coll\u00e8ges et 45 lyc\u00e9es&nbsp;\u00bb, a pr\u00e9cis\u00e9 le ministre. Le ministre a soulign\u00e9 qu&rsquo;il s&rsquo;agit de \u00ab\u00a087 \u00e9quipements publics en plus, ce qui est un nombre important\u00a0\u00bb, a-t-il dit. De son c\u00f4t\u00e9, le minist\u00e8re de l\u2019Int\u00e9rieur, des Collectivit\u00e9s locales et de l\u2019Am\u00e9nagement du territoire a adress\u00e9 plusieurs instructions afin de garantir la r\u00e9ussite de la rentr\u00e9e. C\u2019est ainsi que des r\u00e9unions \u00e9largies des comit\u00e9s de s\u00e9curit\u00e9 ont \u00e9t\u00e9 organis\u00e9es au niveau local. Ces r\u00e9unions ont permis d\u2019\u00e9valuer et de mettre en place les derni\u00e8res mesures et pr\u00e9paratifs li\u00e9s \u00e0 la rentr\u00e9e scolaire. De plus, les autorit\u00e9s locales ont effectu\u00e9 des visites sur le terrain au niveau des \u00e9tablissements \u00e9ducatifs pour v\u00e9rifier leur pr\u00e9paration \u00e0 accueillir les \u00e9l\u00e8ves et leur fournir des conditions optimales pour leur bien-\u00eatre. En ce qui concerne le transport scolaire, le d\u00e9partement de Brahim Merad a mobilit\u00e9 18 555 autobus ont \u00e9t\u00e9 mis \u00e0 disposition. Parmi eux, 11 383 appartiennent aux municipalit\u00e9s elles-m\u00eames, tandis que 7 172 sont des bus lou\u00e9s dans le cadre d\u2019accords avec des transporteurs priv\u00e9s. Toutes les mesures ont \u00e9t\u00e9 prises au niveau du minist\u00e8re de l\u2019Int\u00e9rieur, dont celles li\u00e9es au financement des \u00e9coles se trouvant dans des localit\u00e9s d\u00e9favoris\u00e9es, conform\u00e9ment aux orientations au pr\u00e9sident de la R\u00e9publique.<\/p>\n\n\n\n<p><strong>Quelles nouveaut\u00e9s<\/strong> ?<\/p>\n\n\n\n<p>De nombreuses nouveaut\u00e9s marquent cette ann\u00e9e scolaire. Au-del\u00e0 de la promotion du sport scolaire et de l\u2019\u00e9largissement de l\u2019enseignement de l\u2019Anglais, le processus de digitalisation de l\u2019enseignement se poursuit. Ainsi, 12.000 \u00e9coles seront dot\u00e9es de tablettes en plus des 1629 \u00e9coles \u00e9quip\u00e9es l\u2019an dernier. Par ailleurs, la rentr\u00e9e scolaire 2023-2024 sera marqu\u00e9e par la modification du tableau \u00ab\u00a0des horaires hebdomadaires\u00a0\u00bb pour le cycle d&rsquo;enseignement primaire. Un r\u00e9ajustement qui vise \u00e0 travers le nouveau tableau \u00e0 \u00ab\u00a0harmoniser\u00a0\u00bb les horaires quotidiens et hebdomadaires de ce cycle afin de \u00ab\u00a0pallier les dysfonctionnements enregistr\u00e9s\u00a0\u00bb. Ces nouveaux horaires ont pour objectif principal de \u00ab\u00a0cr\u00e9er des plages horaires pour la pratique de diff\u00e9rentes activit\u00e9s sportives et culturelles, d&rsquo;inclure les s\u00e9ances de traitement p\u00e9dagogique dans le processus d&rsquo;apprentissage et de conf\u00e9rer davantage de flexibilit\u00e9 \u00e0 l&rsquo;organisation p\u00e9dagogique, en y consacrant des s\u00e9ances d&rsquo;une heure, de 45 minutes ou de 30 minutes en fonction de la nature des mati\u00e8res et activit\u00e9s p\u00e9dagogiques\u00a0\u00bb, lit-on dans le communiqu\u00e9 du minist\u00e8re de tutelle.<\/p>\n\n\n\n<p>A noter que le coup d\u2019envoi officiel de la pr\u00e9sente rentr\u00e9e sera donn\u00e9 par le ministre de l\u2019Education \u00e0 partir de Souk Ahras dans la matin\u00e9e et \u00e0 partir de Na\u00e2ma et d\u2019El-Bayadh en apr\u00e8s-midi. Le cours inaugural aura pour th\u00e8me \u00ab&nbsp;l\u2019enfant et les technologies de l\u2019information&nbsp;\u00bb pour les \u00e9l\u00e8ves des cycles primaire et moyen, tandis que le th\u00e8me de \u00ab&nbsp;La coh\u00e9sion nationale&nbsp;\u00bb sera au c\u0153ur de la premi\u00e8re le\u00e7on de l\u2019ann\u00e9e dans le cycle secondaire.<\/p>\n\n\n\n<p>Chokri Hafed<\/p>\n","protected":false},"excerpt":{"rendered":"<p>Les vacances sont finies pour onze millions d\u2019\u00e9l\u00e8ves qui rejoindront les \u00e9tablissements d\u2019enseignement. \u00c0 la veille de cette rentr\u00e9e, les<\/p>\n","protected":false},"author":3,"featured_media":24179,"comment_status":"open","ping_status":"closed","sticky":false,"template":"","format":"standard","meta":{"colormag_page_container_layout":"default_layout","colormag_page_sidebar_layout":"default_layout","om_disable_all_campaigns":false,"_monsterinsights_skip_tracking":false,"_monsterinsights_sitenote_active":false,"_monsterinsights_sitenote_note":"","_monsterinsights_sitenote_category":0,"footnotes":"","_wpscppro_dont_share_socialmedia":false,"_wpscppro_custom_social_share_image":0,"_facebook_share_type":"","_twitter_share_type":"","_linkedin_share_type":"","_pinterest_share_type":"","_linkedin_share_type_page":"","_instagram_share_type":"","_medium_share_type":"","_threads_share_type":"","_google_business_share_type":"","_selected_social_profile":[],"_wpsp_enable_custom_social_template":false,"_wpsp_social_scheduling":{"enabled":false,"datetime":null,"platforms":[],"status":"template_only","dateOption":"today","timeOption":"now","customDays":"","customHours":"","customDate":"","customTime":"","schedulingType":"absolute"},"_wpsp_active_default_template":true},"categories":[52,27],"tags":[],"class_list":["post-45661","post","type-post","status-publish","format-standard","has-post-thumbnail","hentry","category-a-la-une","category-actualite"],"aioseo_notices":[],"yoast_head":"<!-- This site is optimized with the Yoast SEO plugin v27.5 - https:\/\/yoast.com\/product\/yoast-seo-wordpress\/ -->\n<title>11 millions d\u2019\u00e9l\u00e8ves rejoignent les bancs de l\u2019\u00e9cole aujourd\u2019hui\u00a0: C\u2019est la rentr\u00e9e\u00a0! - La Sentinelle<\/title>\n<meta name=\"robots\" content=\"index, follow, max-snippet:-1, max-image-preview:large, max-video-preview:-1\" \/>\n<link rel=\"canonical\" href=\"https:\/\/lasentinelle.dz\/index.php\/2023\/09\/18\/11-millions-deleves-rejoignent-les-bancs-de-lecole-aujourdhui-cest-la-rentree\/\" \/>\n<meta property=\"og:locale\" content=\"fr_FR\" \/>\n<meta property=\"og:type\" content=\"article\" \/>\n<meta property=\"og:title\" content=\"11 millions d\u2019\u00e9l\u00e8ves rejoignent les bancs de l\u2019\u00e9cole aujourd\u2019hui\u00a0: C\u2019est la rentr\u00e9e\u00a0! - La Sentinelle\" \/>\n<meta property=\"og:description\" content=\"Les vacances sont finies pour onze millions d\u2019\u00e9l\u00e8ves qui rejoindront les \u00e9tablissements d\u2019enseignement. \u00c0 la veille de cette rentr\u00e9e, les\" \/>\n<meta property=\"og:url\" content=\"https:\/\/lasentinelle.dz\/index.php\/2023\/09\/18\/11-millions-deleves-rejoignent-les-bancs-de-lecole-aujourdhui-cest-la-rentree\/\" \/>\n<meta property=\"og:site_name\" content=\"La Sentinelle\" \/>\n<meta property=\"article:publisher\" content=\"https:\/\/www.facebook.com\/La-Sentinelle-104059864394773\" \/>\n<meta property=\"article:published_time\" content=\"2023-09-18T20:51:04+00:00\" \/>\n<meta property=\"article:modified_time\" content=\"2023-09-18T20:51:06+00:00\" \/>\n<meta property=\"og:image\" content=\"https:\/\/lasentinelle.dz\/wp-content\/uploads\/2022\/07\/rentree-scolaire.png\" \/>\n\t<meta property=\"og:image:width\" content=\"1600\" \/>\n\t<meta property=\"og:image:height\" content=\"900\" \/>\n\t<meta property=\"og:image:type\" content=\"image\/png\" \/>\n<meta name=\"author\" content=\"La Sentinelle\" \/>\n<meta name=\"twitter:card\" content=\"summary_large_image\" \/>\n<meta name=\"twitter:label1\" content=\"\u00c9crit par\" \/>\n\t<meta name=\"twitter:data1\" content=\"La Sentinelle\" \/>\n\t<meta name=\"twitter:label2\" content=\"Dur\u00e9e de lecture estim\u00e9e\" \/>\n\t<meta name=\"twitter:data2\" content=\"5 minutes\" \/>\n<script type=\"application\/ld+json\" class=\"yoast-schema-graph\">{\"@context\":\"https:\\\/\\\/schema.org\",\"@graph\":[{\"@type\":\"Article\",\"@id\":\"https:\\\/\\\/lasentinelle.dz\\\/index.php\\\/2023\\\/09\\\/18\\\/11-millions-deleves-rejoignent-les-bancs-de-lecole-aujourdhui-cest-la-rentree\\\/#article\",\"isPartOf\":{\"@id\":\"https:\\\/\\\/lasentinelle.dz\\\/index.php\\\/2023\\\/09\\\/18\\\/11-millions-deleves-rejoignent-les-bancs-de-lecole-aujourdhui-cest-la-rentree\\\/\"},\"author\":{\"name\":\"La Sentinelle\",\"@id\":\"https:\\\/\\\/lasentinelle.dz\\\/#\\\/schema\\\/person\\\/d865044e22e70a75174ce8bcad3acfb3\"},\"headline\":\"11 millions d\u2019\u00e9l\u00e8ves rejoignent les bancs de l\u2019\u00e9cole aujourd\u2019hui\u00a0: C\u2019est la rentr\u00e9e\u00a0!\",\"datePublished\":\"2023-09-18T20:51:04+00:00\",\"dateModified\":\"2023-09-18T20:51:06+00:00\",\"mainEntityOfPage\":{\"@id\":\"https:\\\/\\\/lasentinelle.dz\\\/index.php\\\/2023\\\/09\\\/18\\\/11-millions-deleves-rejoignent-les-bancs-de-lecole-aujourdhui-cest-la-rentree\\\/\"},\"wordCount\":993,\"commentCount\":0,\"publisher\":{\"@id\":\"https:\\\/\\\/lasentinelle.dz\\\/#organization\"},\"image\":{\"@id\":\"https:\\\/\\\/lasentinelle.dz\\\/index.php\\\/2023\\\/09\\\/18\\\/11-millions-deleves-rejoignent-les-bancs-de-lecole-aujourdhui-cest-la-rentree\\\/#primaryimage\"},\"thumbnailUrl\":\"https:\\\/\\\/lasentinelle.dz\\\/wp-content\\\/uploads\\\/2022\\\/07\\\/rentree-scolaire.png\",\"articleSection\":[\"\u00c0 la Une\",\"Actualit\u00e9\"],\"inLanguage\":\"fr-FR\",\"potentialAction\":[{\"@type\":\"CommentAction\",\"name\":\"Comment\",\"target\":[\"https:\\\/\\\/lasentinelle.dz\\\/index.php\\\/2023\\\/09\\\/18\\\/11-millions-deleves-rejoignent-les-bancs-de-lecole-aujourdhui-cest-la-rentree\\\/#respond\"]}]},{\"@type\":\"WebPage\",\"@id\":\"https:\\\/\\\/lasentinelle.dz\\\/index.php\\\/2023\\\/09\\\/18\\\/11-millions-deleves-rejoignent-les-bancs-de-lecole-aujourdhui-cest-la-rentree\\\/\",\"url\":\"https:\\\/\\\/lasentinelle.dz\\\/index.php\\\/2023\\\/09\\\/18\\\/11-millions-deleves-rejoignent-les-bancs-de-lecole-aujourdhui-cest-la-rentree\\\/\",\"name\":\"11 millions d\u2019\u00e9l\u00e8ves rejoignent les bancs de l\u2019\u00e9cole aujourd\u2019hui\u00a0: C\u2019est la rentr\u00e9e\u00a0! - La Sentinelle\",\"isPartOf\":{\"@id\":\"https:\\\/\\\/lasentinelle.dz\\\/#website\"},\"primaryImageOfPage\":{\"@id\":\"https:\\\/\\\/lasentinelle.dz\\\/index.php\\\/2023\\\/09\\\/18\\\/11-millions-deleves-rejoignent-les-bancs-de-lecole-aujourdhui-cest-la-rentree\\\/#primaryimage\"},\"image\":{\"@id\":\"https:\\\/\\\/lasentinelle.dz\\\/index.php\\\/2023\\\/09\\\/18\\\/11-millions-deleves-rejoignent-les-bancs-de-lecole-aujourdhui-cest-la-rentree\\\/#primaryimage\"},\"thumbnailUrl\":\"https:\\\/\\\/lasentinelle.dz\\\/wp-content\\\/uploads\\\/2022\\\/07\\\/rentree-scolaire.png\",\"datePublished\":\"2023-09-18T20:51:04+00:00\",\"dateModified\":\"2023-09-18T20:51:06+00:00\",\"breadcrumb\":{\"@id\":\"https:\\\/\\\/lasentinelle.dz\\\/index.php\\\/2023\\\/09\\\/18\\\/11-millions-deleves-rejoignent-les-bancs-de-lecole-aujourdhui-cest-la-rentree\\\/#breadcrumb\"},\"inLanguage\":\"fr-FR\",\"potentialAction\":[{\"@type\":\"ReadAction\",\"target\":[\"https:\\\/\\\/lasentinelle.dz\\\/index.php\\\/2023\\\/09\\\/18\\\/11-millions-deleves-rejoignent-les-bancs-de-lecole-aujourdhui-cest-la-rentree\\\/\"]}]},{\"@type\":\"ImageObject\",\"inLanguage\":\"fr-FR\",\"@id\":\"https:\\\/\\\/lasentinelle.dz\\\/index.php\\\/2023\\\/09\\\/18\\\/11-millions-deleves-rejoignent-les-bancs-de-lecole-aujourdhui-cest-la-rentree\\\/#primaryimage\",\"url\":\"https:\\\/\\\/lasentinelle.dz\\\/wp-content\\\/uploads\\\/2022\\\/07\\\/rentree-scolaire.png\",\"contentUrl\":\"https:\\\/\\\/lasentinelle.dz\\\/wp-content\\\/uploads\\\/2022\\\/07\\\/rentree-scolaire.png\",\"width\":1600,\"height\":900},{\"@type\":\"BreadcrumbList\",\"@id\":\"https:\\\/\\\/lasentinelle.dz\\\/index.php\\\/2023\\\/09\\\/18\\\/11-millions-deleves-rejoignent-les-bancs-de-lecole-aujourdhui-cest-la-rentree\\\/#breadcrumb\",\"itemListElement\":[{\"@type\":\"ListItem\",\"position\":1,\"name\":\"Accueil\",\"item\":\"https:\\\/\\\/lasentinelle.dz\\\/\"},{\"@type\":\"ListItem\",\"position\":2,\"name\":\"11 millions d\u2019\u00e9l\u00e8ves rejoignent les bancs de l\u2019\u00e9cole aujourd\u2019hui\u00a0: C\u2019est la rentr\u00e9e\u00a0!\"}]},{\"@type\":\"WebSite\",\"@id\":\"https:\\\/\\\/lasentinelle.dz\\\/#website\",\"url\":\"https:\\\/\\\/lasentinelle.dz\\\/\",\"name\":\"La Sentinelle\",\"description\":\"Quotidien national d&#039;information\",\"publisher\":{\"@id\":\"https:\\\/\\\/lasentinelle.dz\\\/#organization\"},\"potentialAction\":[{\"@type\":\"SearchAction\",\"target\":{\"@type\":\"EntryPoint\",\"urlTemplate\":\"https:\\\/\\\/lasentinelle.dz\\\/?s={search_term_string}\"},\"query-input\":{\"@type\":\"PropertyValueSpecification\",\"valueRequired\":true,\"valueName\":\"search_term_string\"}}],\"inLanguage\":\"fr-FR\"},{\"@type\":\"Organization\",\"@id\":\"https:\\\/\\\/lasentinelle.dz\\\/#organization\",\"name\":\"Quotidien La Sentinelle\",\"url\":\"https:\\\/\\\/lasentinelle.dz\\\/\",\"logo\":{\"@type\":\"ImageObject\",\"inLanguage\":\"fr-FR\",\"@id\":\"https:\\\/\\\/lasentinelle.dz\\\/#\\\/schema\\\/logo\\\/image\\\/\",\"url\":\"https:\\\/\\\/lasentinelle.dz\\\/wp-content\\\/uploads\\\/2021\\\/09\\\/logo-sentinelleSLOGAN-1.png\",\"contentUrl\":\"https:\\\/\\\/lasentinelle.dz\\\/wp-content\\\/uploads\\\/2021\\\/09\\\/logo-sentinelleSLOGAN-1.png\",\"width\":615,\"height\":142,\"caption\":\"Quotidien La Sentinelle\"},\"image\":{\"@id\":\"https:\\\/\\\/lasentinelle.dz\\\/#\\\/schema\\\/logo\\\/image\\\/\"},\"sameAs\":[\"https:\\\/\\\/www.facebook.com\\\/La-Sentinelle-104059864394773\"]},{\"@type\":\"Person\",\"@id\":\"https:\\\/\\\/lasentinelle.dz\\\/#\\\/schema\\\/person\\\/d865044e22e70a75174ce8bcad3acfb3\",\"name\":\"La Sentinelle\",\"image\":{\"@type\":\"ImageObject\",\"inLanguage\":\"fr-FR\",\"@id\":\"https:\\\/\\\/secure.gravatar.com\\\/avatar\\\/57de8e5d4b15d43fb361a71fbb36338450fe67865b528a43dd10ef7c51a20392?s=96&d=mm&r=g\",\"url\":\"https:\\\/\\\/secure.gravatar.com\\\/avatar\\\/57de8e5d4b15d43fb361a71fbb36338450fe67865b528a43dd10ef7c51a20392?s=96&d=mm&r=g\",\"contentUrl\":\"https:\\\/\\\/secure.gravatar.com\\\/avatar\\\/57de8e5d4b15d43fb361a71fbb36338450fe67865b528a43dd10ef7c51a20392?s=96&d=mm&r=g\",\"caption\":\"La Sentinelle\"},\"sameAs\":[\"http:\\\/\\\/www.lasentinelle.dz\"],\"url\":\"https:\\\/\\\/lasentinelle.dz\\\/author\\\/redaction\\\/\"}]}<\/script>\n<!-- \/ Yoast SEO plugin. -->","yoast_head_json":{"title":"11 millions d\u2019\u00e9l\u00e8ves rejoignent les bancs de l\u2019\u00e9cole aujourd\u2019hui\u00a0: C\u2019est la rentr\u00e9e\u00a0! - La Sentinelle","robots":{"index":"index","follow":"follow","max-snippet":"max-snippet:-1","max-image-preview":"max-image-preview:large","max-video-preview":"max-video-preview:-1"},"canonical":"https:\/\/lasentinelle.dz\/index.php\/2023\/09\/18\/11-millions-deleves-rejoignent-les-bancs-de-lecole-aujourdhui-cest-la-rentree\/","og_locale":"fr_FR","og_type":"article","og_title":"11 millions d\u2019\u00e9l\u00e8ves rejoignent les bancs de l\u2019\u00e9cole aujourd\u2019hui\u00a0: C\u2019est la rentr\u00e9e\u00a0! - La Sentinelle","og_description":"Les vacances sont finies pour onze millions d\u2019\u00e9l\u00e8ves qui rejoindront les \u00e9tablissements d\u2019enseignement. \u00c0 la veille de cette rentr\u00e9e, les","og_url":"https:\/\/lasentinelle.dz\/index.php\/2023\/09\/18\/11-millions-deleves-rejoignent-les-bancs-de-lecole-aujourdhui-cest-la-rentree\/","og_site_name":"La Sentinelle","article_publisher":"https:\/\/www.facebook.com\/La-Sentinelle-104059864394773","article_published_time":"2023-09-18T20:51:04+00:00","article_modified_time":"2023-09-18T20:51:06+00:00","og_image":[{"width":1600,"height":900,"url":"https:\/\/lasentinelle.dz\/wp-content\/uploads\/2022\/07\/rentree-scolaire.png","type":"image\/png"}],"author":"La Sentinelle","twitter_card":"summary_large_image","twitter_misc":{"\u00c9crit par":"La Sentinelle","Dur\u00e9e de lecture estim\u00e9e":"5 minutes"},"schema":{"@context":"https:\/\/schema.org","@graph":[{"@type":"Article","@id":"https:\/\/lasentinelle.dz\/index.php\/2023\/09\/18\/11-millions-deleves-rejoignent-les-bancs-de-lecole-aujourdhui-cest-la-rentree\/#article","isPartOf":{"@id":"https:\/\/lasentinelle.dz\/index.php\/2023\/09\/18\/11-millions-deleves-rejoignent-les-bancs-de-lecole-aujourdhui-cest-la-rentree\/"},"author":{"name":"La Sentinelle","@id":"https:\/\/lasentinelle.dz\/#\/schema\/person\/d865044e22e70a75174ce8bcad3acfb3"},"headline":"11 millions d\u2019\u00e9l\u00e8ves rejoignent les bancs de l\u2019\u00e9cole aujourd\u2019hui\u00a0: C\u2019est la rentr\u00e9e\u00a0!","datePublished":"2023-09-18T20:51:04+00:00","dateModified":"2023-09-18T20:51:06+00:00","mainEntityOfPage":{"@id":"https:\/\/lasentinelle.dz\/index.php\/2023\/09\/18\/11-millions-deleves-rejoignent-les-bancs-de-lecole-aujourdhui-cest-la-rentree\/"},"wordCount":993,"commentCount":0,"publisher":{"@id":"https:\/\/lasentinelle.dz\/#organization"},"image":{"@id":"https:\/\/lasentinelle.dz\/index.php\/2023\/09\/18\/11-millions-deleves-rejoignent-les-bancs-de-lecole-aujourdhui-cest-la-rentree\/#primaryimage"},"thumbnailUrl":"https:\/\/lasentinelle.dz\/wp-content\/uploads\/2022\/07\/rentree-scolaire.png","articleSection":["\u00c0 la Une","Actualit\u00e9"],"inLanguage":"fr-FR","potentialAction":[{"@type":"CommentAction","name":"Comment","target":["https:\/\/lasentinelle.dz\/index.php\/2023\/09\/18\/11-millions-deleves-rejoignent-les-bancs-de-lecole-aujourdhui-cest-la-rentree\/#respond"]}]},{"@type":"WebPage","@id":"https:\/\/lasentinelle.dz\/index.php\/2023\/09\/18\/11-millions-deleves-rejoignent-les-bancs-de-lecole-aujourdhui-cest-la-rentree\/","url":"https:\/\/lasentinelle.dz\/index.php\/2023\/09\/18\/11-millions-deleves-rejoignent-les-bancs-de-lecole-aujourdhui-cest-la-rentree\/","name":"11 millions d\u2019\u00e9l\u00e8ves rejoignent les bancs de l\u2019\u00e9cole aujourd\u2019hui\u00a0: C\u2019est la rentr\u00e9e\u00a0! - La Sentinelle","isPartOf":{"@id":"https:\/\/lasentinelle.dz\/#website"},"primaryImageOfPage":{"@id":"https:\/\/lasentinelle.dz\/index.php\/2023\/09\/18\/11-millions-deleves-rejoignent-les-bancs-de-lecole-aujourdhui-cest-la-rentree\/#primaryimage"},"image":{"@id":"https:\/\/lasentinelle.dz\/index.php\/2023\/09\/18\/11-millions-deleves-rejoignent-les-bancs-de-lecole-aujourdhui-cest-la-rentree\/#primaryimage"},"thumbnailUrl":"https:\/\/lasentinelle.dz\/wp-content\/uploads\/2022\/07\/rentree-scolaire.png","datePublished":"2023-09-18T20:51:04+00:00","dateModified":"2023-09-18T20:51:06+00:00","breadcrumb":{"@id":"https:\/\/lasentinelle.dz\/index.php\/2023\/09\/18\/11-millions-deleves-rejoignent-les-bancs-de-lecole-aujourdhui-cest-la-rentree\/#breadcrumb"},"inLanguage":"fr-FR","potentialAction":[{"@type":"ReadAction","target":["https:\/\/lasentinelle.dz\/index.php\/2023\/09\/18\/11-millions-deleves-rejoignent-les-bancs-de-lecole-aujourdhui-cest-la-rentree\/"]}]},{"@type":"ImageObject","inLanguage":"fr-FR","@id":"https:\/\/lasentinelle.dz\/index.php\/2023\/09\/18\/11-millions-deleves-rejoignent-les-bancs-de-lecole-aujourdhui-cest-la-rentree\/#primaryimage","url":"https:\/\/lasentinelle.dz\/wp-content\/uploads\/2022\/07\/rentree-scolaire.png","contentUrl":"https:\/\/lasentinelle.dz\/wp-content\/uploads\/2022\/07\/rentree-scolaire.png","width":1600,"height":900},{"@type":"BreadcrumbList","@id":"https:\/\/lasentinelle.dz\/index.php\/2023\/09\/18\/11-millions-deleves-rejoignent-les-bancs-de-lecole-aujourdhui-cest-la-rentree\/#breadcrumb","itemListElement":[{"@type":"ListItem","position":1,"name":"Accueil","item":"https:\/\/lasentinelle.dz\/"},{"@type":"ListItem","position":2,"name":"11 millions d\u2019\u00e9l\u00e8ves rejoignent les bancs de l\u2019\u00e9cole aujourd\u2019hui\u00a0: C\u2019est la rentr\u00e9e\u00a0!"}]},{"@type":"WebSite","@id":"https:\/\/lasentinelle.dz\/#website","url":"https:\/\/lasentinelle.dz\/","name":"La Sentinelle","description":"Quotidien national d&#039;information","publisher":{"@id":"https:\/\/lasentinelle.dz\/#organization"},"potentialAction":[{"@type":"SearchAction","target":{"@type":"EntryPoint","urlTemplate":"https:\/\/lasentinelle.dz\/?s={search_term_string}"},"query-input":{"@type":"PropertyValueSpecification","valueRequired":true,"valueName":"search_term_string"}}],"inLanguage":"fr-FR"},{"@type":"Organization","@id":"https:\/\/lasentinelle.dz\/#organization","name":"Quotidien La Sentinelle","url":"https:\/\/lasentinelle.dz\/","logo":{"@type":"ImageObject","inLanguage":"fr-FR","@id":"https:\/\/lasentinelle.dz\/#\/schema\/logo\/image\/","url":"https:\/\/lasentinelle.dz\/wp-content\/uploads\/2021\/09\/logo-sentinelleSLOGAN-1.png","contentUrl":"https:\/\/lasentinelle.dz\/wp-content\/uploads\/2021\/09\/logo-sentinelleSLOGAN-1.png","width":615,"height":142,"caption":"Quotidien La Sentinelle"},"image":{"@id":"https:\/\/lasentinelle.dz\/#\/schema\/logo\/image\/"},"sameAs":["https:\/\/www.facebook.com\/La-Sentinelle-104059864394773"]},{"@type":"Person","@id":"https:\/\/lasentinelle.dz\/#\/schema\/person\/d865044e22e70a75174ce8bcad3acfb3","name":"La Sentinelle","image":{"@type":"ImageObject","inLanguage":"fr-FR","@id":"https:\/\/secure.gravatar.com\/avatar\/57de8e5d4b15d43fb361a71fbb36338450fe67865b528a43dd10ef7c51a20392?s=96&d=mm&r=g","url":"https:\/\/secure.gravatar.com\/avatar\/57de8e5d4b15d43fb361a71fbb36338450fe67865b528a43dd10ef7c51a20392?s=96&d=mm&r=g","contentUrl":"https:\/\/secure.gravatar.com\/avatar\/57de8e5d4b15d43fb361a71fbb36338450fe67865b528a43dd10ef7c51a20392?s=96&d=mm&r=g","caption":"La Sentinelle"},"sameAs":["http:\/\/www.lasentinelle.dz"],"url":"https:\/\/lasentinelle.dz\/author\/redaction\/"}]}},"_links":{"self":[{"href":"https:\/\/lasentinelle.dz\/index.php\/wp-json\/wp\/v2\/posts\/45661","targetHints":{"allow":["GET"]}}],"collection":[{"href":"https:\/\/lasentinelle.dz\/index.php\/wp-json\/wp\/v2\/posts"}],"about":[{"href":"https:\/\/lasentinelle.dz\/index.php\/wp-json\/wp\/v2\/types\/post"}],"author":[{"embeddable":true,"href":"https:\/\/lasentinelle.dz\/index.php\/wp-json\/wp\/v2\/users\/3"}],"replies":[{"embeddable":true,"href":"https:\/\/lasentinelle.dz\/index.php\/wp-json\/wp\/v2\/comments?post=45661"}],"version-history":[{"count":1,"href":"https:\/\/lasentinelle.dz\/index.php\/wp-json\/wp\/v2\/posts\/45661\/revisions"}],"predecessor-version":[{"id":45662,"href":"https:\/\/lasentinelle.dz\/index.php\/wp-json\/wp\/v2\/posts\/45661\/revisions\/45662"}],"wp:featuredmedia":[{"embeddable":true,"href":"https:\/\/lasentinelle.dz\/index.php\/wp-json\/wp\/v2\/media\/24179"}],"wp:attachment":[{"href":"https:\/\/lasentinelle.dz\/index.php\/wp-json\/wp\/v2\/media?parent=45661"}],"wp:term":[{"taxonomy":"category","embeddable":true,"href":"https:\/\/lasentinelle.dz\/index.php\/wp-json\/wp\/v2\/categories?post=45661"},{"taxonomy":"post_tag","embeddable":true,"href":"https:\/\/lasentinelle.dz\/index.php\/wp-json\/wp\/v2\/tags?post=45661"}],"curies":[{"name":"wp","href":"https:\/\/api.w.org\/{rel}","templated":true}]}}