{"id":45669,"date":"2023-09-18T21:57:28","date_gmt":"2023-09-18T20:57:28","guid":{"rendered":"https:\/\/lasentinelle.dz\/?p=45669"},"modified":"2023-09-18T21:57:30","modified_gmt":"2023-09-18T20:57:30","slug":"le-president-tebboune-prononce-un-discours-a-lonu-ce-soir-les-priorites-dun-monde-plus-equilibre","status":"publish","type":"post","link":"https:\/\/lasentinelle.dz\/index.php\/2023\/09\/18\/le-president-tebboune-prononce-un-discours-a-lonu-ce-soir-les-priorites-dun-monde-plus-equilibre\/","title":{"rendered":"Le Pr\u00e9sident Tebboune prononce un discours \u00e0 l\u2019ONU ce soir\u00a0: Les priorit\u00e9s d\u2019un monde plus \u00e9quilibr\u00e9"},"content":{"rendered":"\n<p>Le pr\u00e9sident de la R\u00e9publique, Abdelmadjid Tebboune, qui se trouve \u00e0 New York depuis samedi, doit prononcer un discours \u00e0 l\u2019Assembl\u00e9e g\u00e9n\u00e9rale de l\u2019ONU ce soir. Une intervention qui permettra de mettre en avant les positions de l\u2019Alg\u00e9rie en mati\u00e8re de paix et de s\u00e9curit\u00e9 et de d\u00e9veloppement et ses priorit\u00e9s en ce qui concerne la r\u00e9forme du multilat\u00e9ralisme. Des positions et priorit\u00e9s affich\u00e9es pour le prochain mandat de l\u2019Alg\u00e9rie au Conseil de s\u00e9curit\u00e9.<\/p>\n\n\n\n<p>Le d\u00e9bat g\u00e9n\u00e9ral de la 78e session ordinaire l\u2019Assembl\u00e9e g\u00e9n\u00e9rale des Nations s\u2019ouvre aujourd\u2019hui. Un d\u00e9bat qui s\u2019inscrit dans le cadre la semaine de haut niveau de l\u2019AGUN78 et qui intervient dans un contexte mondial marqu\u00e9 marqu\u00e9 par des crises multiples allant des r\u00e9percussions de la pand\u00e9mie de Covid-19 sur l\u2019\u00e9conomie mondiale, \u00e0 l\u2019exacerbation des conflits sur fond de polarisation du monde, en passant par l\u2019urgence climatique ainsi que l\u2019aggravation des in\u00e9galit\u00e9s en termes de qualit\u00e9 de la vie des populations entre les pays d\u00e9velopp\u00e9s et le reste de la plan\u00e8te. Le pr\u00e9sident de la R\u00e9publique, Abdelmadjid Tebboune qui prend part aux travaux de cette session doit prononcer un discours ce soir lors de cette session, la plus prestigieuse des tribunes mondiales.<\/p>\n\n\n\n<p>Une tribune qui doit permettre de mettre en avant les positions et priorit\u00e9s de la diplomatie alg\u00e9rienne \u00e0 la veille de l\u2019entr\u00e9e de l\u2019Alg\u00e9rie en tant que membre non-permanent du Conseil de s\u00e9curit\u00e9 pour le mandat 2024-2025. Les analystes et observateurs de l&rsquo;action de l&rsquo;ONU soulignent que les d\u00e9bats tourneront autour de nombreuses questions \u00e0 l\u2019image de la promotion des droits humains et du droit international, la promotion d\u2019une croissance \u00e9conomique soutenue et d\u2019un d\u00e9veloppement durable, le maintien de la paix et de la s\u00e9curit\u00e9 internationale, la lutte contre le terrorisme, le d\u00e9veloppement de l\u2019Afrique et ainsi que la r\u00e9forme du multilat\u00e9ralisme que ce soit au niveau de l\u2019ONU, ou des institutions financi\u00e8res internationales.<\/p>\n\n\n\n<p>C\u2019est dans ce contexte que le pr\u00e9sident de la R\u00e9publique s\u2019att\u00e8lera certainement \u00e0 promouvoir l\u2019approche \u00e9quilibr\u00e9e de la diplomatie alg\u00e9rienne en ce qui concerne les questions de paix et de s\u00e9curit\u00e9. Une approche assise sur le respect de la l\u00e9galit\u00e9 international, des droits des peuples et de la souverainet\u00e9 des \u00c9tats. Une position aussi en accord avec les principes du Mouvement des non-align\u00e9s dont l\u2019Alg\u00e9rie est l\u2019un des acteurs les plus important. Les questions de s\u00e9curit\u00e9 dans le voisinage imm\u00e9diat de l\u2019Alg\u00e9rie est \u00e9galement une pr\u00e9occupation importante pour l\u2019Alg\u00e9rie. Que ce soit, la situation en Palestine, le conflit au Sahara occidental, la situation en Libye, l\u2019instabilit\u00e9 au Sahel sur fond de crise au Mali et au Niger, une instabilit\u00e9 qui a d\u2019ailleurs favoris\u00e9 la propagation du terrorisme dans la r\u00e9gion sont des sources d\u2019inqui\u00e9tudes r\u00e9elles pour la s\u00e9curit\u00e9 r\u00e9gionale et mondiale. La diplomatie alg\u00e9rienne, qui b\u00e9n\u00e9ficie d\u2019une exp\u00e9rience certaine en ce qui concerne le r\u00e8glement des conflits depuis six d\u00e9cennies, pr\u00f4ne une approche globale pour ce qui est de la gestion des conflits et des d\u00e9fis s\u00e9curitaires en Afrique. Elle pr\u00f4ne d\u2019ailleurs le r\u00e8glement des conflits dans le cadre du respect du droit et de la l\u00e9galit\u00e9 internationale, ainsi que par le dialogue politique pacifique. C\u2019est ainsi qu\u2019elle appelle \u00e0 processus de r\u00e9conciliation qui devra aboutir \u00e0 l\u2019organisation d\u2019\u00e9lections en Libye pour mettre fin \u00e0 la crise qui d\u00e9chire ce pays depuis plus d\u2019une d\u00e9cennie. L\u2019Alg\u00e9rie pr\u00f4ne aussi la mise en \u0153uvre de l\u2019Accord de r\u00e9conciliation au Mali issu du processus d\u2019Alger en 2015 pour mettre fin \u00e0 la crise que vit ce pays, de m\u00eame que pour le Niger, l\u2019Alg\u00e9rie pr\u00e9sente une initiative avec des propositions concr\u00e8tes afin de r\u00e9tablir l\u2019ordre constitutionnel dans ce pays dans des d\u00e9lais brefs et \u00e9loigner la menace d\u2019une confrontation militaire r\u00e9gionale qui plongerait la r\u00e9gion dans le chaos. En mati\u00e8re de lutte contre le terrorisme, l\u2019Alg\u00e9rie qui a toujours \u00e9t\u00e9 \u00e0 l\u2019avant-garde de ce combat plaide pour la r\u00e9approprier les capacit\u00e9s de d\u00e9fense et de lutte contre ces r\u00e9seaux criminels par l\u2019Afrique.<\/p>\n\n\n\n<p>Au-del\u00e0, l\u2019Alg\u00e9rie estime que la stabilisation de l\u2019Afrique et notamment de la r\u00e9gion du Sahel, et la gestion des conflits dans la r\u00e9gion n\u00e9cessite une approche assise sur le d\u00e9veloppement et la lutte contre la pauvret\u00e9. Si l\u2019Alg\u00e9rie a d\u00e9cid\u00e9 d\u2019attribuer une enveloppe d\u2019un milliard de dollars d\u2019aide aux pays d\u2019Afrique, elle pr\u00e9voit d\u2019organiser une Conf\u00e9rence internationale sur le d\u00e9veloppement au Sahel sous l&rsquo;\u00e9gide de l&rsquo;ONU.<\/p>\n\n\n\n<p>En ce qui concerne de la r\u00e9forme des institutions internationales, l\u2019Alg\u00e9rie fait partie des pays qui, d\u00e8s les ann\u00e9es 1970, pr\u00f4nait d\u00e9j\u00e0 la prise en compte de l\u2019\u00e9quit\u00e9 internationale et demandait que les pays du Sud aient une place plus importante dans ces organisations universelles et que leurs voix soient mieux \u00e9cout\u00e9es. Le Pr\u00e9sident Tebboune a d\u2019ailleurs insist\u00e9 \u00e0 plusieurs reprises sur la n\u00e9cessit\u00e9 de r\u00e9former le Conseil de s\u00e9curit\u00e9 et \u00e9largir la repr\u00e9sentativit\u00e9 en son sein, conform\u00e9ment \u00e0 la teneur du \u00ab\u00a0Consensus d&rsquo;Ezulwini\u00a0\u00bb et de \u00ab\u00a0la D\u00e9claration de Syrte\u00a0\u00bb et permettre au continent d&rsquo;obtenir deux si\u00e8ges permanents au sein de l&rsquo;instance onusienne et d&rsquo;augmenter sa repr\u00e9sentativit\u00e9 dans la cat\u00e9gorie des si\u00e8ges non permanents, de trois \u00e0 cinq si\u00e8ges.<\/p>\n\n\n\n<p><strong>Lyes Sa\u00efdi<\/strong><\/p>\n","protected":false},"excerpt":{"rendered":"<p>Le pr\u00e9sident de la R\u00e9publique, Abdelmadjid Tebboune, qui se trouve \u00e0 New York depuis samedi, doit prononcer un discours \u00e0<\/p>\n","protected":false},"author":3,"featured_media":32103,"comment_status":"open","ping_status":"closed","sticky":false,"template":"","format":"standard","meta":{"colormag_page_container_layout":"default_layout","colormag_page_sidebar_layout":"default_layout","om_disable_all_campaigns":false,"_monsterinsights_skip_tracking":false,"_monsterinsights_sitenote_active":false,"_monsterinsights_sitenote_note":"","_monsterinsights_sitenote_category":0,"footnotes":"","_wpscppro_dont_share_socialmedia":false,"_wpscppro_custom_social_share_image":0,"_facebook_share_type":"","_twitter_share_type":"","_linkedin_share_type":"","_pinterest_share_type":"","_linkedin_share_type_page":"","_instagram_share_type":"","_medium_share_type":"","_threads_share_type":"","_google_business_share_type":"","_selected_social_profile":[],"_wpsp_enable_custom_social_template":false,"_wpsp_social_scheduling":{"enabled":false,"datetime":null,"platforms":[],"status":"template_only","dateOption":"today","timeOption":"now","customDays":"","customHours":"","customDate":"","customTime":"","schedulingType":"absolute"},"_wpsp_active_default_template":true},"categories":[52,27],"tags":[],"class_list":["post-45669","post","type-post","status-publish","format-standard","has-post-thumbnail","hentry","category-a-la-une","category-actualite"],"aioseo_notices":[],"yoast_head":"<!-- This site is optimized with the Yoast SEO plugin v27.5 - https:\/\/yoast.com\/product\/yoast-seo-wordpress\/ -->\n<title>Le Pr\u00e9sident Tebboune prononce un discours \u00e0 l\u2019ONU ce soir\u00a0: Les priorit\u00e9s d\u2019un monde plus \u00e9quilibr\u00e9 - La Sentinelle<\/title>\n<meta name=\"robots\" content=\"index, follow, max-snippet:-1, max-image-preview:large, max-video-preview:-1\" \/>\n<link rel=\"canonical\" href=\"https:\/\/lasentinelle.dz\/index.php\/2023\/09\/18\/le-president-tebboune-prononce-un-discours-a-lonu-ce-soir-les-priorites-dun-monde-plus-equilibre\/\" \/>\n<meta property=\"og:locale\" content=\"fr_FR\" \/>\n<meta property=\"og:type\" content=\"article\" \/>\n<meta property=\"og:title\" content=\"Le Pr\u00e9sident Tebboune prononce un discours \u00e0 l\u2019ONU ce soir\u00a0: Les priorit\u00e9s d\u2019un monde plus \u00e9quilibr\u00e9 - La Sentinelle\" \/>\n<meta property=\"og:description\" content=\"Le pr\u00e9sident de la R\u00e9publique, Abdelmadjid Tebboune, qui se trouve \u00e0 New York depuis samedi, doit prononcer un discours \u00e0\" \/>\n<meta property=\"og:url\" content=\"https:\/\/lasentinelle.dz\/index.php\/2023\/09\/18\/le-president-tebboune-prononce-un-discours-a-lonu-ce-soir-les-priorites-dun-monde-plus-equilibre\/\" \/>\n<meta property=\"og:site_name\" content=\"La Sentinelle\" \/>\n<meta property=\"article:publisher\" content=\"https:\/\/www.facebook.com\/La-Sentinelle-104059864394773\" \/>\n<meta property=\"article:published_time\" content=\"2023-09-18T20:57:28+00:00\" \/>\n<meta property=\"article:modified_time\" content=\"2023-09-18T20:57:30+00:00\" \/>\n<meta property=\"og:image\" content=\"https:\/\/lasentinelle.dz\/wp-content\/uploads\/2022\/12\/tebboune.png\" \/>\n\t<meta property=\"og:image:width\" content=\"902\" \/>\n\t<meta property=\"og:image:height\" content=\"900\" \/>\n\t<meta property=\"og:image:type\" content=\"image\/png\" \/>\n<meta name=\"author\" content=\"La Sentinelle\" \/>\n<meta name=\"twitter:card\" content=\"summary_large_image\" \/>\n<meta name=\"twitter:label1\" content=\"\u00c9crit par\" \/>\n\t<meta name=\"twitter:data1\" content=\"La Sentinelle\" \/>\n\t<meta name=\"twitter:label2\" content=\"Dur\u00e9e de lecture estim\u00e9e\" \/>\n\t<meta name=\"twitter:data2\" content=\"5 minutes\" \/>\n<script type=\"application\/ld+json\" class=\"yoast-schema-graph\">{\"@context\":\"https:\\\/\\\/schema.org\",\"@graph\":[{\"@type\":\"Article\",\"@id\":\"https:\\\/\\\/lasentinelle.dz\\\/index.php\\\/2023\\\/09\\\/18\\\/le-president-tebboune-prononce-un-discours-a-lonu-ce-soir-les-priorites-dun-monde-plus-equilibre\\\/#article\",\"isPartOf\":{\"@id\":\"https:\\\/\\\/lasentinelle.dz\\\/index.php\\\/2023\\\/09\\\/18\\\/le-president-tebboune-prononce-un-discours-a-lonu-ce-soir-les-priorites-dun-monde-plus-equilibre\\\/\"},\"author\":{\"name\":\"La Sentinelle\",\"@id\":\"https:\\\/\\\/lasentinelle.dz\\\/#\\\/schema\\\/person\\\/d865044e22e70a75174ce8bcad3acfb3\"},\"headline\":\"Le Pr\u00e9sident Tebboune prononce un discours \u00e0 l\u2019ONU ce soir\u00a0: Les priorit\u00e9s d\u2019un monde plus \u00e9quilibr\u00e9\",\"datePublished\":\"2023-09-18T20:57:28+00:00\",\"dateModified\":\"2023-09-18T20:57:30+00:00\",\"mainEntityOfPage\":{\"@id\":\"https:\\\/\\\/lasentinelle.dz\\\/index.php\\\/2023\\\/09\\\/18\\\/le-president-tebboune-prononce-un-discours-a-lonu-ce-soir-les-priorites-dun-monde-plus-equilibre\\\/\"},\"wordCount\":1029,\"commentCount\":0,\"publisher\":{\"@id\":\"https:\\\/\\\/lasentinelle.dz\\\/#organization\"},\"image\":{\"@id\":\"https:\\\/\\\/lasentinelle.dz\\\/index.php\\\/2023\\\/09\\\/18\\\/le-president-tebboune-prononce-un-discours-a-lonu-ce-soir-les-priorites-dun-monde-plus-equilibre\\\/#primaryimage\"},\"thumbnailUrl\":\"https:\\\/\\\/lasentinelle.dz\\\/wp-content\\\/uploads\\\/2022\\\/12\\\/tebboune-e1695070842600.png\",\"articleSection\":[\"\u00c0 la Une\",\"Actualit\u00e9\"],\"inLanguage\":\"fr-FR\",\"potentialAction\":[{\"@type\":\"CommentAction\",\"name\":\"Comment\",\"target\":[\"https:\\\/\\\/lasentinelle.dz\\\/index.php\\\/2023\\\/09\\\/18\\\/le-president-tebboune-prononce-un-discours-a-lonu-ce-soir-les-priorites-dun-monde-plus-equilibre\\\/#respond\"]}]},{\"@type\":\"WebPage\",\"@id\":\"https:\\\/\\\/lasentinelle.dz\\\/index.php\\\/2023\\\/09\\\/18\\\/le-president-tebboune-prononce-un-discours-a-lonu-ce-soir-les-priorites-dun-monde-plus-equilibre\\\/\",\"url\":\"https:\\\/\\\/lasentinelle.dz\\\/index.php\\\/2023\\\/09\\\/18\\\/le-president-tebboune-prononce-un-discours-a-lonu-ce-soir-les-priorites-dun-monde-plus-equilibre\\\/\",\"name\":\"Le Pr\u00e9sident Tebboune prononce un discours \u00e0 l\u2019ONU ce soir\u00a0: Les priorit\u00e9s d\u2019un monde plus \u00e9quilibr\u00e9 - La Sentinelle\",\"isPartOf\":{\"@id\":\"https:\\\/\\\/lasentinelle.dz\\\/#website\"},\"primaryImageOfPage\":{\"@id\":\"https:\\\/\\\/lasentinelle.dz\\\/index.php\\\/2023\\\/09\\\/18\\\/le-president-tebboune-prononce-un-discours-a-lonu-ce-soir-les-priorites-dun-monde-plus-equilibre\\\/#primaryimage\"},\"image\":{\"@id\":\"https:\\\/\\\/lasentinelle.dz\\\/index.php\\\/2023\\\/09\\\/18\\\/le-president-tebboune-prononce-un-discours-a-lonu-ce-soir-les-priorites-dun-monde-plus-equilibre\\\/#primaryimage\"},\"thumbnailUrl\":\"https:\\\/\\\/lasentinelle.dz\\\/wp-content\\\/uploads\\\/2022\\\/12\\\/tebboune-e1695070842600.png\",\"datePublished\":\"2023-09-18T20:57:28+00:00\",\"dateModified\":\"2023-09-18T20:57:30+00:00\",\"breadcrumb\":{\"@id\":\"https:\\\/\\\/lasentinelle.dz\\\/index.php\\\/2023\\\/09\\\/18\\\/le-president-tebboune-prononce-un-discours-a-lonu-ce-soir-les-priorites-dun-monde-plus-equilibre\\\/#breadcrumb\"},\"inLanguage\":\"fr-FR\",\"potentialAction\":[{\"@type\":\"ReadAction\",\"target\":[\"https:\\\/\\\/lasentinelle.dz\\\/index.php\\\/2023\\\/09\\\/18\\\/le-president-tebboune-prononce-un-discours-a-lonu-ce-soir-les-priorites-dun-monde-plus-equilibre\\\/\"]}]},{\"@type\":\"ImageObject\",\"inLanguage\":\"fr-FR\",\"@id\":\"https:\\\/\\\/lasentinelle.dz\\\/index.php\\\/2023\\\/09\\\/18\\\/le-president-tebboune-prononce-un-discours-a-lonu-ce-soir-les-priorites-dun-monde-plus-equilibre\\\/#primaryimage\",\"url\":\"https:\\\/\\\/lasentinelle.dz\\\/wp-content\\\/uploads\\\/2022\\\/12\\\/tebboune-e1695070842600.png\",\"contentUrl\":\"https:\\\/\\\/lasentinelle.dz\\\/wp-content\\\/uploads\\\/2022\\\/12\\\/tebboune-e1695070842600.png\",\"width\":894,\"height\":652},{\"@type\":\"BreadcrumbList\",\"@id\":\"https:\\\/\\\/lasentinelle.dz\\\/index.php\\\/2023\\\/09\\\/18\\\/le-president-tebboune-prononce-un-discours-a-lonu-ce-soir-les-priorites-dun-monde-plus-equilibre\\\/#breadcrumb\",\"itemListElement\":[{\"@type\":\"ListItem\",\"position\":1,\"name\":\"Accueil\",\"item\":\"https:\\\/\\\/lasentinelle.dz\\\/\"},{\"@type\":\"ListItem\",\"position\":2,\"name\":\"Le Pr\u00e9sident Tebboune prononce un discours \u00e0 l\u2019ONU ce soir\u00a0: Les priorit\u00e9s d\u2019un monde plus \u00e9quilibr\u00e9\"}]},{\"@type\":\"WebSite\",\"@id\":\"https:\\\/\\\/lasentinelle.dz\\\/#website\",\"url\":\"https:\\\/\\\/lasentinelle.dz\\\/\",\"name\":\"La Sentinelle\",\"description\":\"Quotidien national d&#039;information\",\"publisher\":{\"@id\":\"https:\\\/\\\/lasentinelle.dz\\\/#organization\"},\"potentialAction\":[{\"@type\":\"SearchAction\",\"target\":{\"@type\":\"EntryPoint\",\"urlTemplate\":\"https:\\\/\\\/lasentinelle.dz\\\/?s={search_term_string}\"},\"query-input\":{\"@type\":\"PropertyValueSpecification\",\"valueRequired\":true,\"valueName\":\"search_term_string\"}}],\"inLanguage\":\"fr-FR\"},{\"@type\":\"Organization\",\"@id\":\"https:\\\/\\\/lasentinelle.dz\\\/#organization\",\"name\":\"Quotidien La Sentinelle\",\"url\":\"https:\\\/\\\/lasentinelle.dz\\\/\",\"logo\":{\"@type\":\"ImageObject\",\"inLanguage\":\"fr-FR\",\"@id\":\"https:\\\/\\\/lasentinelle.dz\\\/#\\\/schema\\\/logo\\\/image\\\/\",\"url\":\"https:\\\/\\\/lasentinelle.dz\\\/wp-content\\\/uploads\\\/2021\\\/09\\\/logo-sentinelleSLOGAN-1.png\",\"contentUrl\":\"https:\\\/\\\/lasentinelle.dz\\\/wp-content\\\/uploads\\\/2021\\\/09\\\/logo-sentinelleSLOGAN-1.png\",\"width\":615,\"height\":142,\"caption\":\"Quotidien La Sentinelle\"},\"image\":{\"@id\":\"https:\\\/\\\/lasentinelle.dz\\\/#\\\/schema\\\/logo\\\/image\\\/\"},\"sameAs\":[\"https:\\\/\\\/www.facebook.com\\\/La-Sentinelle-104059864394773\"]},{\"@type\":\"Person\",\"@id\":\"https:\\\/\\\/lasentinelle.dz\\\/#\\\/schema\\\/person\\\/d865044e22e70a75174ce8bcad3acfb3\",\"name\":\"La Sentinelle\",\"image\":{\"@type\":\"ImageObject\",\"inLanguage\":\"fr-FR\",\"@id\":\"https:\\\/\\\/secure.gravatar.com\\\/avatar\\\/57de8e5d4b15d43fb361a71fbb36338450fe67865b528a43dd10ef7c51a20392?s=96&d=mm&r=g\",\"url\":\"https:\\\/\\\/secure.gravatar.com\\\/avatar\\\/57de8e5d4b15d43fb361a71fbb36338450fe67865b528a43dd10ef7c51a20392?s=96&d=mm&r=g\",\"contentUrl\":\"https:\\\/\\\/secure.gravatar.com\\\/avatar\\\/57de8e5d4b15d43fb361a71fbb36338450fe67865b528a43dd10ef7c51a20392?s=96&d=mm&r=g\",\"caption\":\"La Sentinelle\"},\"sameAs\":[\"http:\\\/\\\/www.lasentinelle.dz\"],\"url\":\"https:\\\/\\\/lasentinelle.dz\\\/author\\\/redaction\\\/\"}]}<\/script>\n<!-- \/ Yoast SEO plugin. -->","yoast_head_json":{"title":"Le Pr\u00e9sident Tebboune prononce un discours \u00e0 l\u2019ONU ce soir\u00a0: Les priorit\u00e9s d\u2019un monde plus \u00e9quilibr\u00e9 - La Sentinelle","robots":{"index":"index","follow":"follow","max-snippet":"max-snippet:-1","max-image-preview":"max-image-preview:large","max-video-preview":"max-video-preview:-1"},"canonical":"https:\/\/lasentinelle.dz\/index.php\/2023\/09\/18\/le-president-tebboune-prononce-un-discours-a-lonu-ce-soir-les-priorites-dun-monde-plus-equilibre\/","og_locale":"fr_FR","og_type":"article","og_title":"Le Pr\u00e9sident Tebboune prononce un discours \u00e0 l\u2019ONU ce soir\u00a0: Les priorit\u00e9s d\u2019un monde plus \u00e9quilibr\u00e9 - La Sentinelle","og_description":"Le pr\u00e9sident de la R\u00e9publique, Abdelmadjid Tebboune, qui se trouve \u00e0 New York depuis samedi, doit prononcer un discours \u00e0","og_url":"https:\/\/lasentinelle.dz\/index.php\/2023\/09\/18\/le-president-tebboune-prononce-un-discours-a-lonu-ce-soir-les-priorites-dun-monde-plus-equilibre\/","og_site_name":"La Sentinelle","article_publisher":"https:\/\/www.facebook.com\/La-Sentinelle-104059864394773","article_published_time":"2023-09-18T20:57:28+00:00","article_modified_time":"2023-09-18T20:57:30+00:00","og_image":[{"width":902,"height":900,"url":"https:\/\/lasentinelle.dz\/wp-content\/uploads\/2022\/12\/tebboune.png","type":"image\/png"}],"author":"La Sentinelle","twitter_card":"summary_large_image","twitter_misc":{"\u00c9crit par":"La Sentinelle","Dur\u00e9e de lecture estim\u00e9e":"5 minutes"},"schema":{"@context":"https:\/\/schema.org","@graph":[{"@type":"Article","@id":"https:\/\/lasentinelle.dz\/index.php\/2023\/09\/18\/le-president-tebboune-prononce-un-discours-a-lonu-ce-soir-les-priorites-dun-monde-plus-equilibre\/#article","isPartOf":{"@id":"https:\/\/lasentinelle.dz\/index.php\/2023\/09\/18\/le-president-tebboune-prononce-un-discours-a-lonu-ce-soir-les-priorites-dun-monde-plus-equilibre\/"},"author":{"name":"La Sentinelle","@id":"https:\/\/lasentinelle.dz\/#\/schema\/person\/d865044e22e70a75174ce8bcad3acfb3"},"headline":"Le Pr\u00e9sident Tebboune prononce un discours \u00e0 l\u2019ONU ce soir\u00a0: Les priorit\u00e9s d\u2019un monde plus \u00e9quilibr\u00e9","datePublished":"2023-09-18T20:57:28+00:00","dateModified":"2023-09-18T20:57:30+00:00","mainEntityOfPage":{"@id":"https:\/\/lasentinelle.dz\/index.php\/2023\/09\/18\/le-president-tebboune-prononce-un-discours-a-lonu-ce-soir-les-priorites-dun-monde-plus-equilibre\/"},"wordCount":1029,"commentCount":0,"publisher":{"@id":"https:\/\/lasentinelle.dz\/#organization"},"image":{"@id":"https:\/\/lasentinelle.dz\/index.php\/2023\/09\/18\/le-president-tebboune-prononce-un-discours-a-lonu-ce-soir-les-priorites-dun-monde-plus-equilibre\/#primaryimage"},"thumbnailUrl":"https:\/\/lasentinelle.dz\/wp-content\/uploads\/2022\/12\/tebboune-e1695070842600.png","articleSection":["\u00c0 la Une","Actualit\u00e9"],"inLanguage":"fr-FR","potentialAction":[{"@type":"CommentAction","name":"Comment","target":["https:\/\/lasentinelle.dz\/index.php\/2023\/09\/18\/le-president-tebboune-prononce-un-discours-a-lonu-ce-soir-les-priorites-dun-monde-plus-equilibre\/#respond"]}]},{"@type":"WebPage","@id":"https:\/\/lasentinelle.dz\/index.php\/2023\/09\/18\/le-president-tebboune-prononce-un-discours-a-lonu-ce-soir-les-priorites-dun-monde-plus-equilibre\/","url":"https:\/\/lasentinelle.dz\/index.php\/2023\/09\/18\/le-president-tebboune-prononce-un-discours-a-lonu-ce-soir-les-priorites-dun-monde-plus-equilibre\/","name":"Le Pr\u00e9sident Tebboune prononce un discours \u00e0 l\u2019ONU ce soir\u00a0: Les priorit\u00e9s d\u2019un monde plus \u00e9quilibr\u00e9 - La Sentinelle","isPartOf":{"@id":"https:\/\/lasentinelle.dz\/#website"},"primaryImageOfPage":{"@id":"https:\/\/lasentinelle.dz\/index.php\/2023\/09\/18\/le-president-tebboune-prononce-un-discours-a-lonu-ce-soir-les-priorites-dun-monde-plus-equilibre\/#primaryimage"},"image":{"@id":"https:\/\/lasentinelle.dz\/index.php\/2023\/09\/18\/le-president-tebboune-prononce-un-discours-a-lonu-ce-soir-les-priorites-dun-monde-plus-equilibre\/#primaryimage"},"thumbnailUrl":"https:\/\/lasentinelle.dz\/wp-content\/uploads\/2022\/12\/tebboune-e1695070842600.png","datePublished":"2023-09-18T20:57:28+00:00","dateModified":"2023-09-18T20:57:30+00:00","breadcrumb":{"@id":"https:\/\/lasentinelle.dz\/index.php\/2023\/09\/18\/le-president-tebboune-prononce-un-discours-a-lonu-ce-soir-les-priorites-dun-monde-plus-equilibre\/#breadcrumb"},"inLanguage":"fr-FR","potentialAction":[{"@type":"ReadAction","target":["https:\/\/lasentinelle.dz\/index.php\/2023\/09\/18\/le-president-tebboune-prononce-un-discours-a-lonu-ce-soir-les-priorites-dun-monde-plus-equilibre\/"]}]},{"@type":"ImageObject","inLanguage":"fr-FR","@id":"https:\/\/lasentinelle.dz\/index.php\/2023\/09\/18\/le-president-tebboune-prononce-un-discours-a-lonu-ce-soir-les-priorites-dun-monde-plus-equilibre\/#primaryimage","url":"https:\/\/lasentinelle.dz\/wp-content\/uploads\/2022\/12\/tebboune-e1695070842600.png","contentUrl":"https:\/\/lasentinelle.dz\/wp-content\/uploads\/2022\/12\/tebboune-e1695070842600.png","width":894,"height":652},{"@type":"BreadcrumbList","@id":"https:\/\/lasentinelle.dz\/index.php\/2023\/09\/18\/le-president-tebboune-prononce-un-discours-a-lonu-ce-soir-les-priorites-dun-monde-plus-equilibre\/#breadcrumb","itemListElement":[{"@type":"ListItem","position":1,"name":"Accueil","item":"https:\/\/lasentinelle.dz\/"},{"@type":"ListItem","position":2,"name":"Le Pr\u00e9sident Tebboune prononce un discours \u00e0 l\u2019ONU ce soir\u00a0: Les priorit\u00e9s d\u2019un monde plus \u00e9quilibr\u00e9"}]},{"@type":"WebSite","@id":"https:\/\/lasentinelle.dz\/#website","url":"https:\/\/lasentinelle.dz\/","name":"La Sentinelle","description":"Quotidien national d&#039;information","publisher":{"@id":"https:\/\/lasentinelle.dz\/#organization"},"potentialAction":[{"@type":"SearchAction","target":{"@type":"EntryPoint","urlTemplate":"https:\/\/lasentinelle.dz\/?s={search_term_string}"},"query-input":{"@type":"PropertyValueSpecification","valueRequired":true,"valueName":"search_term_string"}}],"inLanguage":"fr-FR"},{"@type":"Organization","@id":"https:\/\/lasentinelle.dz\/#organization","name":"Quotidien La Sentinelle","url":"https:\/\/lasentinelle.dz\/","logo":{"@type":"ImageObject","inLanguage":"fr-FR","@id":"https:\/\/lasentinelle.dz\/#\/schema\/logo\/image\/","url":"https:\/\/lasentinelle.dz\/wp-content\/uploads\/2021\/09\/logo-sentinelleSLOGAN-1.png","contentUrl":"https:\/\/lasentinelle.dz\/wp-content\/uploads\/2021\/09\/logo-sentinelleSLOGAN-1.png","width":615,"height":142,"caption":"Quotidien La Sentinelle"},"image":{"@id":"https:\/\/lasentinelle.dz\/#\/schema\/logo\/image\/"},"sameAs":["https:\/\/www.facebook.com\/La-Sentinelle-104059864394773"]},{"@type":"Person","@id":"https:\/\/lasentinelle.dz\/#\/schema\/person\/d865044e22e70a75174ce8bcad3acfb3","name":"La Sentinelle","image":{"@type":"ImageObject","inLanguage":"fr-FR","@id":"https:\/\/secure.gravatar.com\/avatar\/57de8e5d4b15d43fb361a71fbb36338450fe67865b528a43dd10ef7c51a20392?s=96&d=mm&r=g","url":"https:\/\/secure.gravatar.com\/avatar\/57de8e5d4b15d43fb361a71fbb36338450fe67865b528a43dd10ef7c51a20392?s=96&d=mm&r=g","contentUrl":"https:\/\/secure.gravatar.com\/avatar\/57de8e5d4b15d43fb361a71fbb36338450fe67865b528a43dd10ef7c51a20392?s=96&d=mm&r=g","caption":"La Sentinelle"},"sameAs":["http:\/\/www.lasentinelle.dz"],"url":"https:\/\/lasentinelle.dz\/author\/redaction\/"}]}},"_links":{"self":[{"href":"https:\/\/lasentinelle.dz\/index.php\/wp-json\/wp\/v2\/posts\/45669","targetHints":{"allow":["GET"]}}],"collection":[{"href":"https:\/\/lasentinelle.dz\/index.php\/wp-json\/wp\/v2\/posts"}],"about":[{"href":"https:\/\/lasentinelle.dz\/index.php\/wp-json\/wp\/v2\/types\/post"}],"author":[{"embeddable":true,"href":"https:\/\/lasentinelle.dz\/index.php\/wp-json\/wp\/v2\/users\/3"}],"replies":[{"embeddable":true,"href":"https:\/\/lasentinelle.dz\/index.php\/wp-json\/wp\/v2\/comments?post=45669"}],"version-history":[{"count":1,"href":"https:\/\/lasentinelle.dz\/index.php\/wp-json\/wp\/v2\/posts\/45669\/revisions"}],"predecessor-version":[{"id":45670,"href":"https:\/\/lasentinelle.dz\/index.php\/wp-json\/wp\/v2\/posts\/45669\/revisions\/45670"}],"wp:featuredmedia":[{"embeddable":true,"href":"https:\/\/lasentinelle.dz\/index.php\/wp-json\/wp\/v2\/media\/32103"}],"wp:attachment":[{"href":"https:\/\/lasentinelle.dz\/index.php\/wp-json\/wp\/v2\/media?parent=45669"}],"wp:term":[{"taxonomy":"category","embeddable":true,"href":"https:\/\/lasentinelle.dz\/index.php\/wp-json\/wp\/v2\/categories?post=45669"},{"taxonomy":"post_tag","embeddable":true,"href":"https:\/\/lasentinelle.dz\/index.php\/wp-json\/wp\/v2\/tags?post=45669"}],"curies":[{"name":"wp","href":"https:\/\/api.w.org\/{rel}","templated":true}]}}