{"id":45678,"date":"2023-09-19T21:16:05","date_gmt":"2023-09-19T20:16:05","guid":{"rendered":"https:\/\/lasentinelle.dz\/?p=45678"},"modified":"2023-09-19T21:16:07","modified_gmt":"2023-09-19T20:16:07","slug":"equipe-nationale-deux-matchs-amicaux-prevus-en-octobre","status":"publish","type":"post","link":"https:\/\/lasentinelle.dz\/index.php\/2023\/09\/19\/equipe-nationale-deux-matchs-amicaux-prevus-en-octobre\/","title":{"rendered":"\u00c9quipe nationale\u00a0: Deux matchs amicaux pr\u00e9vus en octobre"},"content":{"rendered":"\n<p>Le S\u00e9lectionneur national entend peaufiner la pr\u00e9paration de son effectif avant le d\u00e9but des \u00e9liminatoires du Mondial 2026, pr\u00e9vu en novembre. Ainsi, deux matchs amicaux sont pr\u00e9vus lors de la prochaine fen\u00eatre FIFA en octobre, contre la S\u00e9lection du Cap de Vert, mais et surtout les Pharaons d\u2019\u00c9gypte.<\/p>\n\n\n\n<p>Pr\u00e9vu en ce mois de septembre, le choc Alg\u00e9rie-\u00c9gypte se jouera finalement \u00e0 la mi-octobre. Tr\u00e8s attendue, la confrontation a fait l\u2019objet de nombreuses rumeurs au cours des derniers jours.&nbsp; Maintenant c\u2019est officiel&nbsp;: cette joute aura bel et bien lieu le 16 octobre prochain \u00e0 Abou Dhabi aux Emirats arabes unis. Les Verts affronteront quelques jours auparavant le Cap Vert \u00e0 Constantine. \u00ab Dans le cadre de la fen\u00eatre FIFA du mois d\u2019octobre 2023, soit du 9 au 17 de ce mois, et en pr\u00e9vision de ses prochaines \u00e9ch\u00e9ances que sont les \u00e9liminatoires de la Coupe du Monde 2026 qui d\u00e9buteront en novembre et la CAN TotalEnergies \u2013 C\u00f4te d\u2019Ivoire 2023, la s\u00e9lection nationale affrontera en amical respectivement le Cap Vert et l\u2019Egypte \u00bb, indique un communiqu\u00e9 de la F\u00e9d\u00e9ration alg\u00e9rienne de football. L\u2019Instance f\u00e9d\u00e9rale pr\u00e9cise que les Verts seront d\u2019abord oppos\u00e9s au Cap Vert le jeudi 12 octobre au stade du Chahid Hamlaoui de Constantine (20h00), puis se d\u00e9placeront \u00e0 Abu Dhabi, aux Emirats Arabes Unis, pour affronter l\u2019Egypte, le 16.<\/p>\n\n\n\n<p>Le second match promet une belle affiche au cours de laquelle s\u2019affronteront les deux grands rivaux nord-africains. Les Verts et les Pharaons se sont affront\u00e9s \u00e0 plusieurs reprises, mais ne se sont pas rencontr\u00e9s depuis plus de 13 ans. Le dernier match remonte en janvier 2010, \u00e0 l\u2019occasion de la CAN-2010 en Angola. Ce match est d\u2019ailleurs un nouveau test pour les Alg\u00e9riens apr\u00e8s la joute amicale contre le S\u00e9n\u00e9gal, champion d\u2019Afrique en titre, et sur lequel l\u2019EN a r\u00e9ussi \u00e0 prendre le dessus.<\/p>\n\n\n\n<p>Il leur offrirait \u00e9galement une occasion pr\u00e9cieuse de se pr\u00e9parer en vue des qualifications de la Coupe du monde 2026 (qui d\u00e9butent en novembre) puis de la CAN du d\u00e9but d\u2019ann\u00e9e prochaine. Une chose est sure, une joute entre l\u2019Alg\u00e9rie et l\u2019\u00c9gypte, deux poids lourds du football africain, constitue une belle occasion pour les deux \u00e9quipes de peaufiner leur pr\u00e9paration en vue des prochaines \u00e9ch\u00e9ances. Il faut dire que le s\u00e9lectionneur national n\u2019a pas cach\u00e9 son ambition de miser sur les sparring-partners de choix pour pousser ses joueurs et tester leur potentiel. C\u2019est dans ce contexte que c\u2019est justement inscrite la rencontre amicale tenue r\u00e9cemment entre les Verts et les Lions de la Teranga. Intervenant il y a quelques jours, sur RMC sport, Djamel Belmadi a soulign\u00e9 l\u2019envie de faire jouer l\u2019EN face aux meilleures \u00e9quipes. \u00ab Nous, on veut jouer contre les meilleurs. En allant jouer au S\u00e9n\u00e9gal (en match amical mardi \u00e0 Dakar), on ne cherche pas la facilit\u00e9 \u00bb, a-t-il dit. C\u2019est aussi dans ce contexte qu\u2019il a affich\u00e9 l\u2019ambition de voir s\u2019organiser un match amical entre l\u2019Alg\u00e9rie et la France. \u00ab Jouer contre la France oui\u2026 il y a beaucoup de binationaux, on a tous un lien avec la France. C\u2019est un match que beaucoup voudraient voir un jour \u00bb, a-t-il ajout\u00e9. Pour rappel, Les Verts entameront les \u00e9liminatoires du Mondial en affrontant, \u00e0 domicile, la Somalie au mois de novembre prochain. Les \u00e9liminatoires s\u2019\u00e9tendent sur 10 journ\u00e9es pr\u00e9vues jusqu\u2019au mois d\u2019octobre 2025. L\u2019Afrique aura 9 repr\u00e9sentants qualifi\u00e9s directement pour le Mondial 2026. Il s\u2019agit des leaders des 9 groupes. Les 4 meilleurs deuxi\u00e8mes animeront un mini-tournoi africain dont le vainqueur disputera un barrage pour tenter d\u2019arracher un 10e \u201cpass\u201d pour la CAF.<\/p>\n\n\n\n<p><strong>Moncef Dahleb<\/strong><\/p>\n","protected":false},"excerpt":{"rendered":"<p>Le S\u00e9lectionneur national entend peaufiner la pr\u00e9paration de son effectif avant le d\u00e9but des \u00e9liminatoires du Mondial 2026, pr\u00e9vu en<\/p>\n","protected":false},"author":3,"featured_media":45679,"comment_status":"open","ping_status":"closed","sticky":false,"template":"","format":"standard","meta":{"colormag_page_container_layout":"default_layout","colormag_page_sidebar_layout":"default_layout","om_disable_all_campaigns":false,"_monsterinsights_skip_tracking":false,"_monsterinsights_sitenote_active":false,"_monsterinsights_sitenote_note":"","_monsterinsights_sitenote_category":0,"footnotes":"","_wpscppro_dont_share_socialmedia":false,"_wpscppro_custom_social_share_image":0,"_facebook_share_type":"","_twitter_share_type":"","_linkedin_share_type":"","_pinterest_share_type":"","_linkedin_share_type_page":"","_instagram_share_type":"","_medium_share_type":"","_threads_share_type":"","_google_business_share_type":"","_selected_social_profile":[],"_wpsp_enable_custom_social_template":false,"_wpsp_social_scheduling":{"enabled":false,"datetime":null,"platforms":[],"status":"template_only","dateOption":"today","timeOption":"now","customDays":"","customHours":"","customDate":"","customTime":"","schedulingType":"absolute"},"_wpsp_active_default_template":true},"categories":[52,33],"tags":[],"class_list":["post-45678","post","type-post","status-publish","format-standard","has-post-thumbnail","hentry","category-a-la-une","category-sports"],"aioseo_notices":[],"yoast_head":"<!-- This site is optimized with the Yoast SEO plugin v27.5 - https:\/\/yoast.com\/product\/yoast-seo-wordpress\/ -->\n<title>\u00c9quipe nationale\u00a0: Deux matchs amicaux pr\u00e9vus en octobre - La Sentinelle<\/title>\n<meta name=\"robots\" content=\"index, follow, max-snippet:-1, max-image-preview:large, max-video-preview:-1\" \/>\n<link rel=\"canonical\" href=\"https:\/\/lasentinelle.dz\/index.php\/2023\/09\/19\/equipe-nationale-deux-matchs-amicaux-prevus-en-octobre\/\" \/>\n<meta property=\"og:locale\" content=\"fr_FR\" \/>\n<meta property=\"og:type\" content=\"article\" \/>\n<meta property=\"og:title\" content=\"\u00c9quipe nationale\u00a0: Deux matchs amicaux pr\u00e9vus en octobre - La Sentinelle\" \/>\n<meta property=\"og:description\" content=\"Le S\u00e9lectionneur national entend peaufiner la pr\u00e9paration de son effectif avant le d\u00e9but des \u00e9liminatoires du Mondial 2026, pr\u00e9vu en\" \/>\n<meta property=\"og:url\" content=\"https:\/\/lasentinelle.dz\/index.php\/2023\/09\/19\/equipe-nationale-deux-matchs-amicaux-prevus-en-octobre\/\" \/>\n<meta property=\"og:site_name\" content=\"La Sentinelle\" \/>\n<meta property=\"article:publisher\" content=\"https:\/\/www.facebook.com\/La-Sentinelle-104059864394773\" \/>\n<meta property=\"article:published_time\" content=\"2023-09-19T20:16:05+00:00\" \/>\n<meta property=\"article:modified_time\" content=\"2023-09-19T20:16:07+00:00\" \/>\n<meta property=\"og:image\" content=\"https:\/\/lasentinelle.dz\/wp-content\/uploads\/2023\/09\/EN-3.jpeg\" \/>\n\t<meta property=\"og:image:width\" content=\"2000\" \/>\n\t<meta property=\"og:image:height\" content=\"1332\" \/>\n\t<meta property=\"og:image:type\" content=\"image\/jpeg\" \/>\n<meta name=\"author\" content=\"La Sentinelle\" \/>\n<meta name=\"twitter:card\" content=\"summary_large_image\" \/>\n<meta name=\"twitter:label1\" content=\"\u00c9crit par\" \/>\n\t<meta name=\"twitter:data1\" content=\"La Sentinelle\" \/>\n\t<meta name=\"twitter:label2\" content=\"Dur\u00e9e de lecture estim\u00e9e\" \/>\n\t<meta name=\"twitter:data2\" content=\"4 minutes\" \/>\n<script type=\"application\/ld+json\" class=\"yoast-schema-graph\">{\"@context\":\"https:\\\/\\\/schema.org\",\"@graph\":[{\"@type\":\"Article\",\"@id\":\"https:\\\/\\\/lasentinelle.dz\\\/index.php\\\/2023\\\/09\\\/19\\\/equipe-nationale-deux-matchs-amicaux-prevus-en-octobre\\\/#article\",\"isPartOf\":{\"@id\":\"https:\\\/\\\/lasentinelle.dz\\\/index.php\\\/2023\\\/09\\\/19\\\/equipe-nationale-deux-matchs-amicaux-prevus-en-octobre\\\/\"},\"author\":{\"name\":\"La Sentinelle\",\"@id\":\"https:\\\/\\\/lasentinelle.dz\\\/#\\\/schema\\\/person\\\/d865044e22e70a75174ce8bcad3acfb3\"},\"headline\":\"\u00c9quipe nationale\u00a0: Deux matchs amicaux pr\u00e9vus en octobre\",\"datePublished\":\"2023-09-19T20:16:05+00:00\",\"dateModified\":\"2023-09-19T20:16:07+00:00\",\"mainEntityOfPage\":{\"@id\":\"https:\\\/\\\/lasentinelle.dz\\\/index.php\\\/2023\\\/09\\\/19\\\/equipe-nationale-deux-matchs-amicaux-prevus-en-octobre\\\/\"},\"wordCount\":654,\"commentCount\":0,\"publisher\":{\"@id\":\"https:\\\/\\\/lasentinelle.dz\\\/#organization\"},\"image\":{\"@id\":\"https:\\\/\\\/lasentinelle.dz\\\/index.php\\\/2023\\\/09\\\/19\\\/equipe-nationale-deux-matchs-amicaux-prevus-en-octobre\\\/#primaryimage\"},\"thumbnailUrl\":\"https:\\\/\\\/lasentinelle.dz\\\/wp-content\\\/uploads\\\/2023\\\/09\\\/EN-3.jpeg\",\"articleSection\":[\"\u00c0 la Une\",\"Sports\"],\"inLanguage\":\"fr-FR\",\"potentialAction\":[{\"@type\":\"CommentAction\",\"name\":\"Comment\",\"target\":[\"https:\\\/\\\/lasentinelle.dz\\\/index.php\\\/2023\\\/09\\\/19\\\/equipe-nationale-deux-matchs-amicaux-prevus-en-octobre\\\/#respond\"]}]},{\"@type\":\"WebPage\",\"@id\":\"https:\\\/\\\/lasentinelle.dz\\\/index.php\\\/2023\\\/09\\\/19\\\/equipe-nationale-deux-matchs-amicaux-prevus-en-octobre\\\/\",\"url\":\"https:\\\/\\\/lasentinelle.dz\\\/index.php\\\/2023\\\/09\\\/19\\\/equipe-nationale-deux-matchs-amicaux-prevus-en-octobre\\\/\",\"name\":\"\u00c9quipe nationale\u00a0: Deux matchs amicaux pr\u00e9vus en octobre - La Sentinelle\",\"isPartOf\":{\"@id\":\"https:\\\/\\\/lasentinelle.dz\\\/#website\"},\"primaryImageOfPage\":{\"@id\":\"https:\\\/\\\/lasentinelle.dz\\\/index.php\\\/2023\\\/09\\\/19\\\/equipe-nationale-deux-matchs-amicaux-prevus-en-octobre\\\/#primaryimage\"},\"image\":{\"@id\":\"https:\\\/\\\/lasentinelle.dz\\\/index.php\\\/2023\\\/09\\\/19\\\/equipe-nationale-deux-matchs-amicaux-prevus-en-octobre\\\/#primaryimage\"},\"thumbnailUrl\":\"https:\\\/\\\/lasentinelle.dz\\\/wp-content\\\/uploads\\\/2023\\\/09\\\/EN-3.jpeg\",\"datePublished\":\"2023-09-19T20:16:05+00:00\",\"dateModified\":\"2023-09-19T20:16:07+00:00\",\"breadcrumb\":{\"@id\":\"https:\\\/\\\/lasentinelle.dz\\\/index.php\\\/2023\\\/09\\\/19\\\/equipe-nationale-deux-matchs-amicaux-prevus-en-octobre\\\/#breadcrumb\"},\"inLanguage\":\"fr-FR\",\"potentialAction\":[{\"@type\":\"ReadAction\",\"target\":[\"https:\\\/\\\/lasentinelle.dz\\\/index.php\\\/2023\\\/09\\\/19\\\/equipe-nationale-deux-matchs-amicaux-prevus-en-octobre\\\/\"]}]},{\"@type\":\"ImageObject\",\"inLanguage\":\"fr-FR\",\"@id\":\"https:\\\/\\\/lasentinelle.dz\\\/index.php\\\/2023\\\/09\\\/19\\\/equipe-nationale-deux-matchs-amicaux-prevus-en-octobre\\\/#primaryimage\",\"url\":\"https:\\\/\\\/lasentinelle.dz\\\/wp-content\\\/uploads\\\/2023\\\/09\\\/EN-3.jpeg\",\"contentUrl\":\"https:\\\/\\\/lasentinelle.dz\\\/wp-content\\\/uploads\\\/2023\\\/09\\\/EN-3.jpeg\",\"width\":2000,\"height\":1332},{\"@type\":\"BreadcrumbList\",\"@id\":\"https:\\\/\\\/lasentinelle.dz\\\/index.php\\\/2023\\\/09\\\/19\\\/equipe-nationale-deux-matchs-amicaux-prevus-en-octobre\\\/#breadcrumb\",\"itemListElement\":[{\"@type\":\"ListItem\",\"position\":1,\"name\":\"Accueil\",\"item\":\"https:\\\/\\\/lasentinelle.dz\\\/\"},{\"@type\":\"ListItem\",\"position\":2,\"name\":\"\u00c9quipe nationale\u00a0: Deux matchs amicaux pr\u00e9vus en octobre\"}]},{\"@type\":\"WebSite\",\"@id\":\"https:\\\/\\\/lasentinelle.dz\\\/#website\",\"url\":\"https:\\\/\\\/lasentinelle.dz\\\/\",\"name\":\"La Sentinelle\",\"description\":\"Quotidien national d&#039;information\",\"publisher\":{\"@id\":\"https:\\\/\\\/lasentinelle.dz\\\/#organization\"},\"potentialAction\":[{\"@type\":\"SearchAction\",\"target\":{\"@type\":\"EntryPoint\",\"urlTemplate\":\"https:\\\/\\\/lasentinelle.dz\\\/?s={search_term_string}\"},\"query-input\":{\"@type\":\"PropertyValueSpecification\",\"valueRequired\":true,\"valueName\":\"search_term_string\"}}],\"inLanguage\":\"fr-FR\"},{\"@type\":\"Organization\",\"@id\":\"https:\\\/\\\/lasentinelle.dz\\\/#organization\",\"name\":\"Quotidien La Sentinelle\",\"url\":\"https:\\\/\\\/lasentinelle.dz\\\/\",\"logo\":{\"@type\":\"ImageObject\",\"inLanguage\":\"fr-FR\",\"@id\":\"https:\\\/\\\/lasentinelle.dz\\\/#\\\/schema\\\/logo\\\/image\\\/\",\"url\":\"https:\\\/\\\/lasentinelle.dz\\\/wp-content\\\/uploads\\\/2021\\\/09\\\/logo-sentinelleSLOGAN-1.png\",\"contentUrl\":\"https:\\\/\\\/lasentinelle.dz\\\/wp-content\\\/uploads\\\/2021\\\/09\\\/logo-sentinelleSLOGAN-1.png\",\"width\":615,\"height\":142,\"caption\":\"Quotidien La Sentinelle\"},\"image\":{\"@id\":\"https:\\\/\\\/lasentinelle.dz\\\/#\\\/schema\\\/logo\\\/image\\\/\"},\"sameAs\":[\"https:\\\/\\\/www.facebook.com\\\/La-Sentinelle-104059864394773\"]},{\"@type\":\"Person\",\"@id\":\"https:\\\/\\\/lasentinelle.dz\\\/#\\\/schema\\\/person\\\/d865044e22e70a75174ce8bcad3acfb3\",\"name\":\"La Sentinelle\",\"image\":{\"@type\":\"ImageObject\",\"inLanguage\":\"fr-FR\",\"@id\":\"https:\\\/\\\/secure.gravatar.com\\\/avatar\\\/57de8e5d4b15d43fb361a71fbb36338450fe67865b528a43dd10ef7c51a20392?s=96&d=mm&r=g\",\"url\":\"https:\\\/\\\/secure.gravatar.com\\\/avatar\\\/57de8e5d4b15d43fb361a71fbb36338450fe67865b528a43dd10ef7c51a20392?s=96&d=mm&r=g\",\"contentUrl\":\"https:\\\/\\\/secure.gravatar.com\\\/avatar\\\/57de8e5d4b15d43fb361a71fbb36338450fe67865b528a43dd10ef7c51a20392?s=96&d=mm&r=g\",\"caption\":\"La Sentinelle\"},\"sameAs\":[\"http:\\\/\\\/www.lasentinelle.dz\"],\"url\":\"https:\\\/\\\/lasentinelle.dz\\\/author\\\/redaction\\\/\"}]}<\/script>\n<!-- \/ Yoast SEO plugin. -->","yoast_head_json":{"title":"\u00c9quipe nationale\u00a0: Deux matchs amicaux pr\u00e9vus en octobre - La Sentinelle","robots":{"index":"index","follow":"follow","max-snippet":"max-snippet:-1","max-image-preview":"max-image-preview:large","max-video-preview":"max-video-preview:-1"},"canonical":"https:\/\/lasentinelle.dz\/index.php\/2023\/09\/19\/equipe-nationale-deux-matchs-amicaux-prevus-en-octobre\/","og_locale":"fr_FR","og_type":"article","og_title":"\u00c9quipe nationale\u00a0: Deux matchs amicaux pr\u00e9vus en octobre - La Sentinelle","og_description":"Le S\u00e9lectionneur national entend peaufiner la pr\u00e9paration de son effectif avant le d\u00e9but des \u00e9liminatoires du Mondial 2026, pr\u00e9vu en","og_url":"https:\/\/lasentinelle.dz\/index.php\/2023\/09\/19\/equipe-nationale-deux-matchs-amicaux-prevus-en-octobre\/","og_site_name":"La Sentinelle","article_publisher":"https:\/\/www.facebook.com\/La-Sentinelle-104059864394773","article_published_time":"2023-09-19T20:16:05+00:00","article_modified_time":"2023-09-19T20:16:07+00:00","og_image":[{"width":2000,"height":1332,"url":"https:\/\/lasentinelle.dz\/wp-content\/uploads\/2023\/09\/EN-3.jpeg","type":"image\/jpeg"}],"author":"La Sentinelle","twitter_card":"summary_large_image","twitter_misc":{"\u00c9crit par":"La Sentinelle","Dur\u00e9e de lecture estim\u00e9e":"4 minutes"},"schema":{"@context":"https:\/\/schema.org","@graph":[{"@type":"Article","@id":"https:\/\/lasentinelle.dz\/index.php\/2023\/09\/19\/equipe-nationale-deux-matchs-amicaux-prevus-en-octobre\/#article","isPartOf":{"@id":"https:\/\/lasentinelle.dz\/index.php\/2023\/09\/19\/equipe-nationale-deux-matchs-amicaux-prevus-en-octobre\/"},"author":{"name":"La Sentinelle","@id":"https:\/\/lasentinelle.dz\/#\/schema\/person\/d865044e22e70a75174ce8bcad3acfb3"},"headline":"\u00c9quipe nationale\u00a0: Deux matchs amicaux pr\u00e9vus en octobre","datePublished":"2023-09-19T20:16:05+00:00","dateModified":"2023-09-19T20:16:07+00:00","mainEntityOfPage":{"@id":"https:\/\/lasentinelle.dz\/index.php\/2023\/09\/19\/equipe-nationale-deux-matchs-amicaux-prevus-en-octobre\/"},"wordCount":654,"commentCount":0,"publisher":{"@id":"https:\/\/lasentinelle.dz\/#organization"},"image":{"@id":"https:\/\/lasentinelle.dz\/index.php\/2023\/09\/19\/equipe-nationale-deux-matchs-amicaux-prevus-en-octobre\/#primaryimage"},"thumbnailUrl":"https:\/\/lasentinelle.dz\/wp-content\/uploads\/2023\/09\/EN-3.jpeg","articleSection":["\u00c0 la Une","Sports"],"inLanguage":"fr-FR","potentialAction":[{"@type":"CommentAction","name":"Comment","target":["https:\/\/lasentinelle.dz\/index.php\/2023\/09\/19\/equipe-nationale-deux-matchs-amicaux-prevus-en-octobre\/#respond"]}]},{"@type":"WebPage","@id":"https:\/\/lasentinelle.dz\/index.php\/2023\/09\/19\/equipe-nationale-deux-matchs-amicaux-prevus-en-octobre\/","url":"https:\/\/lasentinelle.dz\/index.php\/2023\/09\/19\/equipe-nationale-deux-matchs-amicaux-prevus-en-octobre\/","name":"\u00c9quipe nationale\u00a0: Deux matchs amicaux pr\u00e9vus en octobre - La Sentinelle","isPartOf":{"@id":"https:\/\/lasentinelle.dz\/#website"},"primaryImageOfPage":{"@id":"https:\/\/lasentinelle.dz\/index.php\/2023\/09\/19\/equipe-nationale-deux-matchs-amicaux-prevus-en-octobre\/#primaryimage"},"image":{"@id":"https:\/\/lasentinelle.dz\/index.php\/2023\/09\/19\/equipe-nationale-deux-matchs-amicaux-prevus-en-octobre\/#primaryimage"},"thumbnailUrl":"https:\/\/lasentinelle.dz\/wp-content\/uploads\/2023\/09\/EN-3.jpeg","datePublished":"2023-09-19T20:16:05+00:00","dateModified":"2023-09-19T20:16:07+00:00","breadcrumb":{"@id":"https:\/\/lasentinelle.dz\/index.php\/2023\/09\/19\/equipe-nationale-deux-matchs-amicaux-prevus-en-octobre\/#breadcrumb"},"inLanguage":"fr-FR","potentialAction":[{"@type":"ReadAction","target":["https:\/\/lasentinelle.dz\/index.php\/2023\/09\/19\/equipe-nationale-deux-matchs-amicaux-prevus-en-octobre\/"]}]},{"@type":"ImageObject","inLanguage":"fr-FR","@id":"https:\/\/lasentinelle.dz\/index.php\/2023\/09\/19\/equipe-nationale-deux-matchs-amicaux-prevus-en-octobre\/#primaryimage","url":"https:\/\/lasentinelle.dz\/wp-content\/uploads\/2023\/09\/EN-3.jpeg","contentUrl":"https:\/\/lasentinelle.dz\/wp-content\/uploads\/2023\/09\/EN-3.jpeg","width":2000,"height":1332},{"@type":"BreadcrumbList","@id":"https:\/\/lasentinelle.dz\/index.php\/2023\/09\/19\/equipe-nationale-deux-matchs-amicaux-prevus-en-octobre\/#breadcrumb","itemListElement":[{"@type":"ListItem","position":1,"name":"Accueil","item":"https:\/\/lasentinelle.dz\/"},{"@type":"ListItem","position":2,"name":"\u00c9quipe nationale\u00a0: Deux matchs amicaux pr\u00e9vus en octobre"}]},{"@type":"WebSite","@id":"https:\/\/lasentinelle.dz\/#website","url":"https:\/\/lasentinelle.dz\/","name":"La Sentinelle","description":"Quotidien national d&#039;information","publisher":{"@id":"https:\/\/lasentinelle.dz\/#organization"},"potentialAction":[{"@type":"SearchAction","target":{"@type":"EntryPoint","urlTemplate":"https:\/\/lasentinelle.dz\/?s={search_term_string}"},"query-input":{"@type":"PropertyValueSpecification","valueRequired":true,"valueName":"search_term_string"}}],"inLanguage":"fr-FR"},{"@type":"Organization","@id":"https:\/\/lasentinelle.dz\/#organization","name":"Quotidien La Sentinelle","url":"https:\/\/lasentinelle.dz\/","logo":{"@type":"ImageObject","inLanguage":"fr-FR","@id":"https:\/\/lasentinelle.dz\/#\/schema\/logo\/image\/","url":"https:\/\/lasentinelle.dz\/wp-content\/uploads\/2021\/09\/logo-sentinelleSLOGAN-1.png","contentUrl":"https:\/\/lasentinelle.dz\/wp-content\/uploads\/2021\/09\/logo-sentinelleSLOGAN-1.png","width":615,"height":142,"caption":"Quotidien La Sentinelle"},"image":{"@id":"https:\/\/lasentinelle.dz\/#\/schema\/logo\/image\/"},"sameAs":["https:\/\/www.facebook.com\/La-Sentinelle-104059864394773"]},{"@type":"Person","@id":"https:\/\/lasentinelle.dz\/#\/schema\/person\/d865044e22e70a75174ce8bcad3acfb3","name":"La Sentinelle","image":{"@type":"ImageObject","inLanguage":"fr-FR","@id":"https:\/\/secure.gravatar.com\/avatar\/57de8e5d4b15d43fb361a71fbb36338450fe67865b528a43dd10ef7c51a20392?s=96&d=mm&r=g","url":"https:\/\/secure.gravatar.com\/avatar\/57de8e5d4b15d43fb361a71fbb36338450fe67865b528a43dd10ef7c51a20392?s=96&d=mm&r=g","contentUrl":"https:\/\/secure.gravatar.com\/avatar\/57de8e5d4b15d43fb361a71fbb36338450fe67865b528a43dd10ef7c51a20392?s=96&d=mm&r=g","caption":"La Sentinelle"},"sameAs":["http:\/\/www.lasentinelle.dz"],"url":"https:\/\/lasentinelle.dz\/author\/redaction\/"}]}},"_links":{"self":[{"href":"https:\/\/lasentinelle.dz\/index.php\/wp-json\/wp\/v2\/posts\/45678","targetHints":{"allow":["GET"]}}],"collection":[{"href":"https:\/\/lasentinelle.dz\/index.php\/wp-json\/wp\/v2\/posts"}],"about":[{"href":"https:\/\/lasentinelle.dz\/index.php\/wp-json\/wp\/v2\/types\/post"}],"author":[{"embeddable":true,"href":"https:\/\/lasentinelle.dz\/index.php\/wp-json\/wp\/v2\/users\/3"}],"replies":[{"embeddable":true,"href":"https:\/\/lasentinelle.dz\/index.php\/wp-json\/wp\/v2\/comments?post=45678"}],"version-history":[{"count":1,"href":"https:\/\/lasentinelle.dz\/index.php\/wp-json\/wp\/v2\/posts\/45678\/revisions"}],"predecessor-version":[{"id":45680,"href":"https:\/\/lasentinelle.dz\/index.php\/wp-json\/wp\/v2\/posts\/45678\/revisions\/45680"}],"wp:featuredmedia":[{"embeddable":true,"href":"https:\/\/lasentinelle.dz\/index.php\/wp-json\/wp\/v2\/media\/45679"}],"wp:attachment":[{"href":"https:\/\/lasentinelle.dz\/index.php\/wp-json\/wp\/v2\/media?parent=45678"}],"wp:term":[{"taxonomy":"category","embeddable":true,"href":"https:\/\/lasentinelle.dz\/index.php\/wp-json\/wp\/v2\/categories?post=45678"},{"taxonomy":"post_tag","embeddable":true,"href":"https:\/\/lasentinelle.dz\/index.php\/wp-json\/wp\/v2\/tags?post=45678"}],"curies":[{"name":"wp","href":"https:\/\/api.w.org\/{rel}","templated":true}]}}