{"id":45696,"date":"2023-09-19T21:36:00","date_gmt":"2023-09-19T20:36:00","guid":{"rendered":"https:\/\/lasentinelle.dz\/?p=45696"},"modified":"2023-09-19T21:36:02","modified_gmt":"2023-09-19T20:36:02","slug":"rentree-scolaire-a-annaba-le-wali-donne-un-cours-inaugural","status":"publish","type":"post","link":"https:\/\/lasentinelle.dz\/index.php\/2023\/09\/19\/rentree-scolaire-a-annaba-le-wali-donne-un-cours-inaugural\/","title":{"rendered":"Rentr\u00e9e Scolaire \u00e0 Annaba\u00a0: Le wali donne un cours inaugural"},"content":{"rendered":"\n<p>Cette ann\u00e9e, la rentr\u00e9e 2023\/2024, est marqu\u00e9e par l\u2019admission de pas&nbsp; moins de 280 dipl\u00f4m\u00e9s universitaires,&nbsp; en tant qu\u2019enseignants contractuels au niveau des trois paliers du secteur de l&rsquo;\u00c9ducation nationale&nbsp; \u00e0 Annaba.<\/p>\n\n\n\n<p>Comme \u00e0 travers toutes les wilayas du pays, ce panel d\u2019enseignants a \u00e9t\u00e9 retenu pour combler le manque de personnel \u00e9ducatif au niveau des \u00e9tablissements scolaires de la wilaya. Apr\u00e8s avoir eu&nbsp; connaissance des r\u00e9sultats, les 280 universitaires&nbsp; admis&nbsp; ont aussit\u00f4t proc\u00e9der au choix de leurs \u00e9tablissements via la plateforme num\u00e9rique mise en place \u00e0 cet effet par la direction de l\u2019Education nationale. Celle-ci qui a, soulignons-le, pris toutes les dispositions afin d\u2019assurer une rentr\u00e9e scolaire r\u00e9ussie. La mise en place de ce dispositif a \u00e9t\u00e9 salu\u00e9 par le wali d\u2019Annaba qui a, notons-le donn\u00e9 le coup d\u2019envoi de la rentr\u00e9e scolaire depuis le nouveau lyc\u00e9e&nbsp; baptis\u00e9 au nom de \u2018\u2019Mahdi Salah\u2019\u2019 au p\u00f4le urbain Kalitoussa \u00e0 Berrahal. En marge de la c\u00e9r\u00e9monie d\u2019ouverture de la rentr\u00e9e des classes, Abdelkader Djellaoui, wali d\u2019Annaba a donn\u00e9 aux \u00e9l\u00e8ves du second pallier, une le\u00e7on sur la r\u00e9volution de novembre 1954 et les dangers des feux de for\u00eats. Une premi\u00e8re qui a marqu\u00e9 le secteur de l\u2019\u00e9ducation \u00e0 Annaba. Ce dernier compte d\u00e9sormais un total de 257 \u00e9coles primaires, dont 10 ont b\u00e9n\u00e9fici\u00e9 chacune de 90 tablettes \u00e9lectroniques. Le secteur de l\u2019\u00e9ducation compte \u00e9galement 102 coll\u00e8ges et 48 lyc\u00e9es, r\u00e9pondant ainsi aux d\u00e9fis de la croissance d\u00e9mographique qui p\u00e8se sur les \u00e9tablissements scolaires \u00e0 Annaba. Si le nombre de cantines existant \u00e0 travers les \u00e9coles \u00e0 Annaba peine \u00e0 r\u00e9pondre aux besoins des \u00e9l\u00e8ves, les efforts d\u00e9ploy\u00e9s pour am\u00e9liorer la situation sont \u00e0 saluer. En effet, quatre nouvelles cantines scolaires ont \u00e9t\u00e9 mises en service \u00e0 Berrahal, portant leur nombre total \u00e0 240 cantines pour assurer des repas&nbsp; \u00e0 100% chauds. Menant une course contre la montre au cours des derni\u00e8res semaines, les autorit\u00e9s locales se disaient capables de r\u00e9parer les \u00e9coles afin d\u2019accueillir des milliers d\u2019\u00e9l\u00e8ves qui reprennent les cours, notamment apr\u00e8s les op\u00e9rations de relogement r\u00e9centes dans la wilaya. Ainsi, de nouveaux \u00e9tablissements ont \u00e9galement \u00e9t\u00e9 r\u00e9alis\u00e9s et mis en service dans les nouveaux p\u00f4les urbains.&nbsp; Lors de la c\u00e9r\u00e9monie d\u2019ouverture de la nouvelle ann\u00e9e scolaire,&nbsp; Abdelkader Djellaoui, wali d&rsquo;Annaba, a confirm\u00e9 que tous les travaux \u00e9taient achev\u00e9s \u00e0 100%, garantissant ainsi que l\u2019\u00e9tablissement \u00e9tait pr\u00eat \u00e0 accueillir les \u00e9l\u00e8ves en toute s\u00e9curit\u00e9. Ce qui n\u2019est pas le cas pour&nbsp; l\u2019\u00e9cole primaire Tebchach Bachir, dans la commune d\u2019Ain Berda, o\u00f9 les travaux \u00e9taient toujours en cours de r\u00e9alisation pour finaliser la pr\u00e9paration de la cantine, des panneaux de signalisation et du nettoyage des environs. L\u2019\u00e9tablissement&nbsp; sera pr\u00eat pour&nbsp; accueillir les \u00e9l\u00e8ves dans des d\u00e9lais exig\u00e9s par le wali, \u00e0 savoir le dimanche prochain. Par ailleurs, dans le but d\u2019assurer une rentr\u00e9e scolaire en toute s\u00e9curit\u00e9, les services de s\u00e9curit\u00e9 de la wilaya d\u2019Annaba ont mis en place un dispositif s\u00e9curitaire afin de juguler le trafic automobile et surtout s\u00e9curiser l\u2019environnement dans les p\u00e9rim\u00e8tres des \u00e9tablissements scolaires. \u00c0 cet effet,&nbsp; des patrouilles ont&nbsp; \u00e9t\u00e9 d\u00e9ploy\u00e9es pour lutter contre la criminalit\u00e9 aux abords des \u00e9coles.<\/p>\n\n\n\n<p><strong>Sofia Chahine<\/strong><\/p>\n","protected":false},"excerpt":{"rendered":"<p>Cette ann\u00e9e, la rentr\u00e9e 2023\/2024, est marqu\u00e9e par l\u2019admission de pas&nbsp; moins de 280 dipl\u00f4m\u00e9s universitaires,&nbsp; en tant qu\u2019enseignants contractuels<\/p>\n","protected":false},"author":3,"featured_media":25945,"comment_status":"open","ping_status":"closed","sticky":false,"template":"","format":"standard","meta":{"colormag_page_container_layout":"default_layout","colormag_page_sidebar_layout":"default_layout","om_disable_all_campaigns":false,"_monsterinsights_skip_tracking":false,"_monsterinsights_sitenote_active":false,"_monsterinsights_sitenote_note":"","_monsterinsights_sitenote_category":0,"footnotes":"","_wpscppro_dont_share_socialmedia":false,"_wpscppro_custom_social_share_image":0,"_facebook_share_type":"","_twitter_share_type":"","_linkedin_share_type":"","_pinterest_share_type":"","_linkedin_share_type_page":"","_instagram_share_type":"","_medium_share_type":"","_threads_share_type":"","_google_business_share_type":"","_selected_social_profile":[],"_wpsp_enable_custom_social_template":false,"_wpsp_social_scheduling":{"enabled":false,"datetime":null,"platforms":[],"status":"template_only","dateOption":"today","timeOption":"now","customDays":"","customHours":"","customDate":"","customTime":"","schedulingType":"absolute"},"_wpsp_active_default_template":true},"categories":[27],"tags":[],"class_list":["post-45696","post","type-post","status-publish","format-standard","has-post-thumbnail","hentry","category-actualite"],"aioseo_notices":[],"yoast_head":"<!-- This site is optimized with the Yoast SEO plugin v27.5 - https:\/\/yoast.com\/product\/yoast-seo-wordpress\/ -->\n<title>Rentr\u00e9e Scolaire \u00e0 Annaba\u00a0: Le wali donne un cours inaugural - La Sentinelle<\/title>\n<meta name=\"robots\" content=\"index, follow, max-snippet:-1, max-image-preview:large, max-video-preview:-1\" \/>\n<link rel=\"canonical\" href=\"https:\/\/lasentinelle.dz\/index.php\/2023\/09\/19\/rentree-scolaire-a-annaba-le-wali-donne-un-cours-inaugural\/\" \/>\n<meta property=\"og:locale\" content=\"fr_FR\" \/>\n<meta property=\"og:type\" content=\"article\" \/>\n<meta property=\"og:title\" content=\"Rentr\u00e9e Scolaire \u00e0 Annaba\u00a0: Le wali donne un cours inaugural - La Sentinelle\" \/>\n<meta property=\"og:description\" content=\"Cette ann\u00e9e, la rentr\u00e9e 2023\/2024, est marqu\u00e9e par l\u2019admission de pas&nbsp; moins de 280 dipl\u00f4m\u00e9s universitaires,&nbsp; en tant qu\u2019enseignants contractuels\" \/>\n<meta property=\"og:url\" content=\"https:\/\/lasentinelle.dz\/index.php\/2023\/09\/19\/rentree-scolaire-a-annaba-le-wali-donne-un-cours-inaugural\/\" \/>\n<meta property=\"og:site_name\" content=\"La Sentinelle\" \/>\n<meta property=\"article:publisher\" content=\"https:\/\/www.facebook.com\/La-Sentinelle-104059864394773\" \/>\n<meta property=\"article:published_time\" content=\"2023-09-19T20:36:00+00:00\" \/>\n<meta property=\"article:modified_time\" content=\"2023-09-19T20:36:02+00:00\" \/>\n<meta property=\"og:image\" content=\"https:\/\/lasentinelle.dz\/wp-content\/uploads\/2022\/08\/Rentree-scolaire-620x330-1-835x430-2.png\" \/>\n\t<meta property=\"og:image:width\" content=\"1748\" \/>\n\t<meta property=\"og:image:height\" content=\"900\" \/>\n\t<meta property=\"og:image:type\" content=\"image\/png\" \/>\n<meta name=\"author\" content=\"La Sentinelle\" \/>\n<meta name=\"twitter:card\" content=\"summary_large_image\" \/>\n<meta name=\"twitter:label1\" content=\"\u00c9crit par\" \/>\n\t<meta name=\"twitter:data1\" content=\"La Sentinelle\" \/>\n\t<meta name=\"twitter:label2\" content=\"Dur\u00e9e de lecture estim\u00e9e\" \/>\n\t<meta name=\"twitter:data2\" content=\"3 minutes\" \/>\n<script type=\"application\/ld+json\" class=\"yoast-schema-graph\">{\"@context\":\"https:\\\/\\\/schema.org\",\"@graph\":[{\"@type\":\"Article\",\"@id\":\"https:\\\/\\\/lasentinelle.dz\\\/index.php\\\/2023\\\/09\\\/19\\\/rentree-scolaire-a-annaba-le-wali-donne-un-cours-inaugural\\\/#article\",\"isPartOf\":{\"@id\":\"https:\\\/\\\/lasentinelle.dz\\\/index.php\\\/2023\\\/09\\\/19\\\/rentree-scolaire-a-annaba-le-wali-donne-un-cours-inaugural\\\/\"},\"author\":{\"name\":\"La Sentinelle\",\"@id\":\"https:\\\/\\\/lasentinelle.dz\\\/#\\\/schema\\\/person\\\/d865044e22e70a75174ce8bcad3acfb3\"},\"headline\":\"Rentr\u00e9e Scolaire \u00e0 Annaba\u00a0: Le wali donne un cours inaugural\",\"datePublished\":\"2023-09-19T20:36:00+00:00\",\"dateModified\":\"2023-09-19T20:36:02+00:00\",\"mainEntityOfPage\":{\"@id\":\"https:\\\/\\\/lasentinelle.dz\\\/index.php\\\/2023\\\/09\\\/19\\\/rentree-scolaire-a-annaba-le-wali-donne-un-cours-inaugural\\\/\"},\"wordCount\":605,\"commentCount\":0,\"publisher\":{\"@id\":\"https:\\\/\\\/lasentinelle.dz\\\/#organization\"},\"image\":{\"@id\":\"https:\\\/\\\/lasentinelle.dz\\\/index.php\\\/2023\\\/09\\\/19\\\/rentree-scolaire-a-annaba-le-wali-donne-un-cours-inaugural\\\/#primaryimage\"},\"thumbnailUrl\":\"https:\\\/\\\/lasentinelle.dz\\\/wp-content\\\/uploads\\\/2022\\\/08\\\/Rentree-scolaire-620x330-1-835x430-2.png\",\"articleSection\":[\"Actualit\u00e9\"],\"inLanguage\":\"fr-FR\",\"potentialAction\":[{\"@type\":\"CommentAction\",\"name\":\"Comment\",\"target\":[\"https:\\\/\\\/lasentinelle.dz\\\/index.php\\\/2023\\\/09\\\/19\\\/rentree-scolaire-a-annaba-le-wali-donne-un-cours-inaugural\\\/#respond\"]}]},{\"@type\":\"WebPage\",\"@id\":\"https:\\\/\\\/lasentinelle.dz\\\/index.php\\\/2023\\\/09\\\/19\\\/rentree-scolaire-a-annaba-le-wali-donne-un-cours-inaugural\\\/\",\"url\":\"https:\\\/\\\/lasentinelle.dz\\\/index.php\\\/2023\\\/09\\\/19\\\/rentree-scolaire-a-annaba-le-wali-donne-un-cours-inaugural\\\/\",\"name\":\"Rentr\u00e9e Scolaire \u00e0 Annaba\u00a0: Le wali donne un cours inaugural - La Sentinelle\",\"isPartOf\":{\"@id\":\"https:\\\/\\\/lasentinelle.dz\\\/#website\"},\"primaryImageOfPage\":{\"@id\":\"https:\\\/\\\/lasentinelle.dz\\\/index.php\\\/2023\\\/09\\\/19\\\/rentree-scolaire-a-annaba-le-wali-donne-un-cours-inaugural\\\/#primaryimage\"},\"image\":{\"@id\":\"https:\\\/\\\/lasentinelle.dz\\\/index.php\\\/2023\\\/09\\\/19\\\/rentree-scolaire-a-annaba-le-wali-donne-un-cours-inaugural\\\/#primaryimage\"},\"thumbnailUrl\":\"https:\\\/\\\/lasentinelle.dz\\\/wp-content\\\/uploads\\\/2022\\\/08\\\/Rentree-scolaire-620x330-1-835x430-2.png\",\"datePublished\":\"2023-09-19T20:36:00+00:00\",\"dateModified\":\"2023-09-19T20:36:02+00:00\",\"breadcrumb\":{\"@id\":\"https:\\\/\\\/lasentinelle.dz\\\/index.php\\\/2023\\\/09\\\/19\\\/rentree-scolaire-a-annaba-le-wali-donne-un-cours-inaugural\\\/#breadcrumb\"},\"inLanguage\":\"fr-FR\",\"potentialAction\":[{\"@type\":\"ReadAction\",\"target\":[\"https:\\\/\\\/lasentinelle.dz\\\/index.php\\\/2023\\\/09\\\/19\\\/rentree-scolaire-a-annaba-le-wali-donne-un-cours-inaugural\\\/\"]}]},{\"@type\":\"ImageObject\",\"inLanguage\":\"fr-FR\",\"@id\":\"https:\\\/\\\/lasentinelle.dz\\\/index.php\\\/2023\\\/09\\\/19\\\/rentree-scolaire-a-annaba-le-wali-donne-un-cours-inaugural\\\/#primaryimage\",\"url\":\"https:\\\/\\\/lasentinelle.dz\\\/wp-content\\\/uploads\\\/2022\\\/08\\\/Rentree-scolaire-620x330-1-835x430-2.png\",\"contentUrl\":\"https:\\\/\\\/lasentinelle.dz\\\/wp-content\\\/uploads\\\/2022\\\/08\\\/Rentree-scolaire-620x330-1-835x430-2.png\",\"width\":1748,\"height\":900},{\"@type\":\"BreadcrumbList\",\"@id\":\"https:\\\/\\\/lasentinelle.dz\\\/index.php\\\/2023\\\/09\\\/19\\\/rentree-scolaire-a-annaba-le-wali-donne-un-cours-inaugural\\\/#breadcrumb\",\"itemListElement\":[{\"@type\":\"ListItem\",\"position\":1,\"name\":\"Accueil\",\"item\":\"https:\\\/\\\/lasentinelle.dz\\\/\"},{\"@type\":\"ListItem\",\"position\":2,\"name\":\"Rentr\u00e9e Scolaire \u00e0 Annaba\u00a0: Le wali donne un cours inaugural\"}]},{\"@type\":\"WebSite\",\"@id\":\"https:\\\/\\\/lasentinelle.dz\\\/#website\",\"url\":\"https:\\\/\\\/lasentinelle.dz\\\/\",\"name\":\"La Sentinelle\",\"description\":\"Quotidien national d&#039;information\",\"publisher\":{\"@id\":\"https:\\\/\\\/lasentinelle.dz\\\/#organization\"},\"potentialAction\":[{\"@type\":\"SearchAction\",\"target\":{\"@type\":\"EntryPoint\",\"urlTemplate\":\"https:\\\/\\\/lasentinelle.dz\\\/?s={search_term_string}\"},\"query-input\":{\"@type\":\"PropertyValueSpecification\",\"valueRequired\":true,\"valueName\":\"search_term_string\"}}],\"inLanguage\":\"fr-FR\"},{\"@type\":\"Organization\",\"@id\":\"https:\\\/\\\/lasentinelle.dz\\\/#organization\",\"name\":\"Quotidien La Sentinelle\",\"url\":\"https:\\\/\\\/lasentinelle.dz\\\/\",\"logo\":{\"@type\":\"ImageObject\",\"inLanguage\":\"fr-FR\",\"@id\":\"https:\\\/\\\/lasentinelle.dz\\\/#\\\/schema\\\/logo\\\/image\\\/\",\"url\":\"https:\\\/\\\/lasentinelle.dz\\\/wp-content\\\/uploads\\\/2021\\\/09\\\/logo-sentinelleSLOGAN-1.png\",\"contentUrl\":\"https:\\\/\\\/lasentinelle.dz\\\/wp-content\\\/uploads\\\/2021\\\/09\\\/logo-sentinelleSLOGAN-1.png\",\"width\":615,\"height\":142,\"caption\":\"Quotidien La Sentinelle\"},\"image\":{\"@id\":\"https:\\\/\\\/lasentinelle.dz\\\/#\\\/schema\\\/logo\\\/image\\\/\"},\"sameAs\":[\"https:\\\/\\\/www.facebook.com\\\/La-Sentinelle-104059864394773\"]},{\"@type\":\"Person\",\"@id\":\"https:\\\/\\\/lasentinelle.dz\\\/#\\\/schema\\\/person\\\/d865044e22e70a75174ce8bcad3acfb3\",\"name\":\"La Sentinelle\",\"image\":{\"@type\":\"ImageObject\",\"inLanguage\":\"fr-FR\",\"@id\":\"https:\\\/\\\/secure.gravatar.com\\\/avatar\\\/57de8e5d4b15d43fb361a71fbb36338450fe67865b528a43dd10ef7c51a20392?s=96&d=mm&r=g\",\"url\":\"https:\\\/\\\/secure.gravatar.com\\\/avatar\\\/57de8e5d4b15d43fb361a71fbb36338450fe67865b528a43dd10ef7c51a20392?s=96&d=mm&r=g\",\"contentUrl\":\"https:\\\/\\\/secure.gravatar.com\\\/avatar\\\/57de8e5d4b15d43fb361a71fbb36338450fe67865b528a43dd10ef7c51a20392?s=96&d=mm&r=g\",\"caption\":\"La Sentinelle\"},\"sameAs\":[\"http:\\\/\\\/www.lasentinelle.dz\"],\"url\":\"https:\\\/\\\/lasentinelle.dz\\\/author\\\/redaction\\\/\"}]}<\/script>\n<!-- \/ Yoast SEO plugin. -->","yoast_head_json":{"title":"Rentr\u00e9e Scolaire \u00e0 Annaba\u00a0: Le wali donne un cours inaugural - La Sentinelle","robots":{"index":"index","follow":"follow","max-snippet":"max-snippet:-1","max-image-preview":"max-image-preview:large","max-video-preview":"max-video-preview:-1"},"canonical":"https:\/\/lasentinelle.dz\/index.php\/2023\/09\/19\/rentree-scolaire-a-annaba-le-wali-donne-un-cours-inaugural\/","og_locale":"fr_FR","og_type":"article","og_title":"Rentr\u00e9e Scolaire \u00e0 Annaba\u00a0: Le wali donne un cours inaugural - La Sentinelle","og_description":"Cette ann\u00e9e, la rentr\u00e9e 2023\/2024, est marqu\u00e9e par l\u2019admission de pas&nbsp; moins de 280 dipl\u00f4m\u00e9s universitaires,&nbsp; en tant qu\u2019enseignants contractuels","og_url":"https:\/\/lasentinelle.dz\/index.php\/2023\/09\/19\/rentree-scolaire-a-annaba-le-wali-donne-un-cours-inaugural\/","og_site_name":"La Sentinelle","article_publisher":"https:\/\/www.facebook.com\/La-Sentinelle-104059864394773","article_published_time":"2023-09-19T20:36:00+00:00","article_modified_time":"2023-09-19T20:36:02+00:00","og_image":[{"width":1748,"height":900,"url":"https:\/\/lasentinelle.dz\/wp-content\/uploads\/2022\/08\/Rentree-scolaire-620x330-1-835x430-2.png","type":"image\/png"}],"author":"La Sentinelle","twitter_card":"summary_large_image","twitter_misc":{"\u00c9crit par":"La Sentinelle","Dur\u00e9e de lecture estim\u00e9e":"3 minutes"},"schema":{"@context":"https:\/\/schema.org","@graph":[{"@type":"Article","@id":"https:\/\/lasentinelle.dz\/index.php\/2023\/09\/19\/rentree-scolaire-a-annaba-le-wali-donne-un-cours-inaugural\/#article","isPartOf":{"@id":"https:\/\/lasentinelle.dz\/index.php\/2023\/09\/19\/rentree-scolaire-a-annaba-le-wali-donne-un-cours-inaugural\/"},"author":{"name":"La Sentinelle","@id":"https:\/\/lasentinelle.dz\/#\/schema\/person\/d865044e22e70a75174ce8bcad3acfb3"},"headline":"Rentr\u00e9e Scolaire \u00e0 Annaba\u00a0: Le wali donne un cours inaugural","datePublished":"2023-09-19T20:36:00+00:00","dateModified":"2023-09-19T20:36:02+00:00","mainEntityOfPage":{"@id":"https:\/\/lasentinelle.dz\/index.php\/2023\/09\/19\/rentree-scolaire-a-annaba-le-wali-donne-un-cours-inaugural\/"},"wordCount":605,"commentCount":0,"publisher":{"@id":"https:\/\/lasentinelle.dz\/#organization"},"image":{"@id":"https:\/\/lasentinelle.dz\/index.php\/2023\/09\/19\/rentree-scolaire-a-annaba-le-wali-donne-un-cours-inaugural\/#primaryimage"},"thumbnailUrl":"https:\/\/lasentinelle.dz\/wp-content\/uploads\/2022\/08\/Rentree-scolaire-620x330-1-835x430-2.png","articleSection":["Actualit\u00e9"],"inLanguage":"fr-FR","potentialAction":[{"@type":"CommentAction","name":"Comment","target":["https:\/\/lasentinelle.dz\/index.php\/2023\/09\/19\/rentree-scolaire-a-annaba-le-wali-donne-un-cours-inaugural\/#respond"]}]},{"@type":"WebPage","@id":"https:\/\/lasentinelle.dz\/index.php\/2023\/09\/19\/rentree-scolaire-a-annaba-le-wali-donne-un-cours-inaugural\/","url":"https:\/\/lasentinelle.dz\/index.php\/2023\/09\/19\/rentree-scolaire-a-annaba-le-wali-donne-un-cours-inaugural\/","name":"Rentr\u00e9e Scolaire \u00e0 Annaba\u00a0: Le wali donne un cours inaugural - La Sentinelle","isPartOf":{"@id":"https:\/\/lasentinelle.dz\/#website"},"primaryImageOfPage":{"@id":"https:\/\/lasentinelle.dz\/index.php\/2023\/09\/19\/rentree-scolaire-a-annaba-le-wali-donne-un-cours-inaugural\/#primaryimage"},"image":{"@id":"https:\/\/lasentinelle.dz\/index.php\/2023\/09\/19\/rentree-scolaire-a-annaba-le-wali-donne-un-cours-inaugural\/#primaryimage"},"thumbnailUrl":"https:\/\/lasentinelle.dz\/wp-content\/uploads\/2022\/08\/Rentree-scolaire-620x330-1-835x430-2.png","datePublished":"2023-09-19T20:36:00+00:00","dateModified":"2023-09-19T20:36:02+00:00","breadcrumb":{"@id":"https:\/\/lasentinelle.dz\/index.php\/2023\/09\/19\/rentree-scolaire-a-annaba-le-wali-donne-un-cours-inaugural\/#breadcrumb"},"inLanguage":"fr-FR","potentialAction":[{"@type":"ReadAction","target":["https:\/\/lasentinelle.dz\/index.php\/2023\/09\/19\/rentree-scolaire-a-annaba-le-wali-donne-un-cours-inaugural\/"]}]},{"@type":"ImageObject","inLanguage":"fr-FR","@id":"https:\/\/lasentinelle.dz\/index.php\/2023\/09\/19\/rentree-scolaire-a-annaba-le-wali-donne-un-cours-inaugural\/#primaryimage","url":"https:\/\/lasentinelle.dz\/wp-content\/uploads\/2022\/08\/Rentree-scolaire-620x330-1-835x430-2.png","contentUrl":"https:\/\/lasentinelle.dz\/wp-content\/uploads\/2022\/08\/Rentree-scolaire-620x330-1-835x430-2.png","width":1748,"height":900},{"@type":"BreadcrumbList","@id":"https:\/\/lasentinelle.dz\/index.php\/2023\/09\/19\/rentree-scolaire-a-annaba-le-wali-donne-un-cours-inaugural\/#breadcrumb","itemListElement":[{"@type":"ListItem","position":1,"name":"Accueil","item":"https:\/\/lasentinelle.dz\/"},{"@type":"ListItem","position":2,"name":"Rentr\u00e9e Scolaire \u00e0 Annaba\u00a0: Le wali donne un cours inaugural"}]},{"@type":"WebSite","@id":"https:\/\/lasentinelle.dz\/#website","url":"https:\/\/lasentinelle.dz\/","name":"La Sentinelle","description":"Quotidien national d&#039;information","publisher":{"@id":"https:\/\/lasentinelle.dz\/#organization"},"potentialAction":[{"@type":"SearchAction","target":{"@type":"EntryPoint","urlTemplate":"https:\/\/lasentinelle.dz\/?s={search_term_string}"},"query-input":{"@type":"PropertyValueSpecification","valueRequired":true,"valueName":"search_term_string"}}],"inLanguage":"fr-FR"},{"@type":"Organization","@id":"https:\/\/lasentinelle.dz\/#organization","name":"Quotidien La Sentinelle","url":"https:\/\/lasentinelle.dz\/","logo":{"@type":"ImageObject","inLanguage":"fr-FR","@id":"https:\/\/lasentinelle.dz\/#\/schema\/logo\/image\/","url":"https:\/\/lasentinelle.dz\/wp-content\/uploads\/2021\/09\/logo-sentinelleSLOGAN-1.png","contentUrl":"https:\/\/lasentinelle.dz\/wp-content\/uploads\/2021\/09\/logo-sentinelleSLOGAN-1.png","width":615,"height":142,"caption":"Quotidien La Sentinelle"},"image":{"@id":"https:\/\/lasentinelle.dz\/#\/schema\/logo\/image\/"},"sameAs":["https:\/\/www.facebook.com\/La-Sentinelle-104059864394773"]},{"@type":"Person","@id":"https:\/\/lasentinelle.dz\/#\/schema\/person\/d865044e22e70a75174ce8bcad3acfb3","name":"La Sentinelle","image":{"@type":"ImageObject","inLanguage":"fr-FR","@id":"https:\/\/secure.gravatar.com\/avatar\/57de8e5d4b15d43fb361a71fbb36338450fe67865b528a43dd10ef7c51a20392?s=96&d=mm&r=g","url":"https:\/\/secure.gravatar.com\/avatar\/57de8e5d4b15d43fb361a71fbb36338450fe67865b528a43dd10ef7c51a20392?s=96&d=mm&r=g","contentUrl":"https:\/\/secure.gravatar.com\/avatar\/57de8e5d4b15d43fb361a71fbb36338450fe67865b528a43dd10ef7c51a20392?s=96&d=mm&r=g","caption":"La Sentinelle"},"sameAs":["http:\/\/www.lasentinelle.dz"],"url":"https:\/\/lasentinelle.dz\/author\/redaction\/"}]}},"_links":{"self":[{"href":"https:\/\/lasentinelle.dz\/index.php\/wp-json\/wp\/v2\/posts\/45696","targetHints":{"allow":["GET"]}}],"collection":[{"href":"https:\/\/lasentinelle.dz\/index.php\/wp-json\/wp\/v2\/posts"}],"about":[{"href":"https:\/\/lasentinelle.dz\/index.php\/wp-json\/wp\/v2\/types\/post"}],"author":[{"embeddable":true,"href":"https:\/\/lasentinelle.dz\/index.php\/wp-json\/wp\/v2\/users\/3"}],"replies":[{"embeddable":true,"href":"https:\/\/lasentinelle.dz\/index.php\/wp-json\/wp\/v2\/comments?post=45696"}],"version-history":[{"count":1,"href":"https:\/\/lasentinelle.dz\/index.php\/wp-json\/wp\/v2\/posts\/45696\/revisions"}],"predecessor-version":[{"id":45697,"href":"https:\/\/lasentinelle.dz\/index.php\/wp-json\/wp\/v2\/posts\/45696\/revisions\/45697"}],"wp:featuredmedia":[{"embeddable":true,"href":"https:\/\/lasentinelle.dz\/index.php\/wp-json\/wp\/v2\/media\/25945"}],"wp:attachment":[{"href":"https:\/\/lasentinelle.dz\/index.php\/wp-json\/wp\/v2\/media?parent=45696"}],"wp:term":[{"taxonomy":"category","embeddable":true,"href":"https:\/\/lasentinelle.dz\/index.php\/wp-json\/wp\/v2\/categories?post=45696"},{"taxonomy":"post_tag","embeddable":true,"href":"https:\/\/lasentinelle.dz\/index.php\/wp-json\/wp\/v2\/tags?post=45696"}],"curies":[{"name":"wp","href":"https:\/\/api.w.org\/{rel}","templated":true}]}}