{"id":45716,"date":"2023-09-20T21:26:58","date_gmt":"2023-09-20T20:26:58","guid":{"rendered":"https:\/\/lasentinelle.dz\/?p=45716"},"modified":"2023-09-20T21:27:00","modified_gmt":"2023-09-20T20:27:00","slug":"amenagement-urbain-de-la-ville-dannaba-lapc-met-enfin-la-main-a-la-poche","status":"publish","type":"post","link":"https:\/\/lasentinelle.dz\/index.php\/2023\/09\/20\/amenagement-urbain-de-la-ville-dannaba-lapc-met-enfin-la-main-a-la-poche\/","title":{"rendered":"\u00a0Am\u00e9nagement urbain de la ville d\u2019Annaba\u00a0: L\u2019APC met, enfin, la main \u00e0 la poche"},"content":{"rendered":"\n<p>Le pr\u00e9sident de la l\u2019Assembl\u00e9e populaire communale d\u2019Annaba vient d\u2019annoncer que le dernier trimestre de l\u2019exercice 2023 sera caract\u00e9ris\u00e9 par le lancement de 4 nouveaux projets de d\u00e9veloppement d\u2019envergure au niveau de la commune d\u2019Annaba. Selon les pr\u00e9cisions apport\u00e9es par l\u2019\u00e9lu, pas moins de 60 milliards de centimes ont \u00e9t\u00e9 consacr\u00e9s \u00e0 ces projets destin\u00e9s \u00e0 redonner \u00e0 la commune le paysage urbain qui lui convient. L\u2019op\u00e9ration va concerner le r\u00e9am\u00e9nagement du boulevard de l\u2019Afrique, l\u2019une des principales art\u00e8res de la ville, tout comme le rond-point de Safsaf, ainsi que l\u2019installation des feux tricolores intelligents annonc\u00e9s en d\u00e9but d\u2019ann\u00e9e. Pour rappel, ces projets ont \u00e9t\u00e9 communiqu\u00e9s, lors d\u2019une r\u00e9union tenue par le P\/APC en pr\u00e9sence entre autres, des repr\u00e9sentants de la soci\u00e9t\u00e9 civile et des membres de l\u2019ex\u00e9cutif de la wilaya. S\u2019agissant du projet des feux tricolores intelligents, son \u00e9tude technique est \u00e0 hauteur 70%, a r\u00e9v\u00e9l\u00e9 le P\/APC. Une fois l\u2019\u00e9tude finalis\u00e9e, ce projet sera de facto soumis \u00e0 la soci\u00e9t\u00e9 civile et les directions concern\u00e9es avant le lancement effectif des travaux, a fait savoir le maire. Selon les explications apport\u00e9es par l\u2019\u00e9lu, le projet consiste \u00e0 mettre en place un nouveau syst\u00e8me visant \u00e0 mettre fin au probl\u00e8me des embouteillages et \u00e0 r\u00e9guler le trafic routier dans toute la ville. Le recours aux feux tricolores pour r\u00e9guler le trafic routier via un \u2018\u2019syst\u00e8me intelligent\u2019\u2019 s\u2019inscrit dans le cadre du projet de ville intelligente, afin de ne plus recourir aux agents de police pour r\u00e9guler le trafic routier, notamment lors des heures de pointe. En plus des douze intersections en train d\u2019\u00eatre \u00e9quip\u00e9es de feux tricolores, une vingtaine sera prochainement au menu de l\u2019APC. Notons que l\u2019installation des fixations pour le passage des c\u00e2bles des feux tricolores dans une douzaine d\u2019intersections de la ville d\u2019Annaba a d\u00e9but\u00e9 dans le cadre du projet de l\u2019APC. Par ailleurs, dans le cadre des projets initi\u00e9s par la wilaya, la commune d\u2019Annaba va b\u00e9n\u00e9ficier au m\u00eame titre que les autres communes de la wilaya du projet de r\u00e9habilitation des quartiers populaires. Une enveloppe financi\u00e8re de 160 milliards de centimes a \u00e9t\u00e9 r\u00e9serv\u00e9e \u00e0 ce projet. Cette op\u00e9ration va toucher toutes les communes de la wilaya sans exception et s\u2019\u00e9tendra sur plusieurs niveaux. L\u2019\u00e9tude de ce programme a pris effet en f\u00e9vrier dernier et devrait ainsi \u00eatre concr\u00e9tis\u00e9e avant la fin de l\u2019ann\u00e9e. Bien que ces projets ne sont qu\u2019une infime partie des dol\u00e9ances des habitants de la commune d\u2019Annaba, mais l\u2019initiative reste louable.<\/p>\n\n\n\n<p><strong>Sofia Chahine<\/strong><\/p>\n","protected":false},"excerpt":{"rendered":"<p>Le pr\u00e9sident de la l\u2019Assembl\u00e9e populaire communale d\u2019Annaba vient d\u2019annoncer que le dernier trimestre de l\u2019exercice 2023 sera caract\u00e9ris\u00e9 par<\/p>\n","protected":false},"author":3,"featured_media":37769,"comment_status":"open","ping_status":"closed","sticky":false,"template":"","format":"standard","meta":{"colormag_page_container_layout":"default_layout","colormag_page_sidebar_layout":"default_layout","om_disable_all_campaigns":false,"_monsterinsights_skip_tracking":false,"_monsterinsights_sitenote_active":false,"_monsterinsights_sitenote_note":"","_monsterinsights_sitenote_category":0,"footnotes":"","_wpscppro_dont_share_socialmedia":false,"_wpscppro_custom_social_share_image":0,"_facebook_share_type":"","_twitter_share_type":"","_linkedin_share_type":"","_pinterest_share_type":"","_linkedin_share_type_page":"","_instagram_share_type":"","_medium_share_type":"","_threads_share_type":"","_google_business_share_type":"","_selected_social_profile":[],"_wpsp_enable_custom_social_template":false,"_wpsp_social_scheduling":{"enabled":false,"datetime":null,"platforms":[],"status":"template_only","dateOption":"today","timeOption":"now","customDays":"","customHours":"","customDate":"","customTime":"","schedulingType":"absolute"},"_wpsp_active_default_template":true},"categories":[31],"tags":[],"class_list":["post-45716","post","type-post","status-publish","format-standard","has-post-thumbnail","hentry","category-regions"],"aioseo_notices":[],"yoast_head":"<!-- This site is optimized with the Yoast SEO plugin v27.5 - https:\/\/yoast.com\/product\/yoast-seo-wordpress\/ -->\n<title>\u00a0Am\u00e9nagement urbain de la ville d\u2019Annaba\u00a0: L\u2019APC met, enfin, la main \u00e0 la poche - La Sentinelle<\/title>\n<meta name=\"robots\" content=\"index, follow, max-snippet:-1, max-image-preview:large, max-video-preview:-1\" \/>\n<link rel=\"canonical\" href=\"https:\/\/lasentinelle.dz\/index.php\/2023\/09\/20\/amenagement-urbain-de-la-ville-dannaba-lapc-met-enfin-la-main-a-la-poche\/\" \/>\n<meta property=\"og:locale\" content=\"fr_FR\" \/>\n<meta property=\"og:type\" content=\"article\" \/>\n<meta property=\"og:title\" content=\"\u00a0Am\u00e9nagement urbain de la ville d\u2019Annaba\u00a0: L\u2019APC met, enfin, la main \u00e0 la poche - La Sentinelle\" \/>\n<meta property=\"og:description\" content=\"Le pr\u00e9sident de la l\u2019Assembl\u00e9e populaire communale d\u2019Annaba vient d\u2019annoncer que le dernier trimestre de l\u2019exercice 2023 sera caract\u00e9ris\u00e9 par\" \/>\n<meta property=\"og:url\" content=\"https:\/\/lasentinelle.dz\/index.php\/2023\/09\/20\/amenagement-urbain-de-la-ville-dannaba-lapc-met-enfin-la-main-a-la-poche\/\" \/>\n<meta property=\"og:site_name\" content=\"La Sentinelle\" \/>\n<meta property=\"article:publisher\" content=\"https:\/\/www.facebook.com\/La-Sentinelle-104059864394773\" \/>\n<meta property=\"article:published_time\" content=\"2023-09-20T20:26:58+00:00\" \/>\n<meta property=\"article:modified_time\" content=\"2023-09-20T20:27:00+00:00\" \/>\n<meta property=\"og:image\" content=\"https:\/\/lasentinelle.dz\/wp-content\/uploads\/2023\/03\/Annaba.png\" \/>\n\t<meta property=\"og:image:width\" content=\"1185\" \/>\n\t<meta property=\"og:image:height\" content=\"900\" \/>\n\t<meta property=\"og:image:type\" content=\"image\/png\" \/>\n<meta name=\"author\" content=\"La Sentinelle\" \/>\n<meta name=\"twitter:card\" content=\"summary_large_image\" \/>\n<meta name=\"twitter:label1\" content=\"\u00c9crit par\" \/>\n\t<meta name=\"twitter:data1\" content=\"La Sentinelle\" \/>\n\t<meta name=\"twitter:label2\" content=\"Dur\u00e9e de lecture estim\u00e9e\" \/>\n\t<meta name=\"twitter:data2\" content=\"3 minutes\" \/>\n<script type=\"application\/ld+json\" class=\"yoast-schema-graph\">{\"@context\":\"https:\\\/\\\/schema.org\",\"@graph\":[{\"@type\":\"Article\",\"@id\":\"https:\\\/\\\/lasentinelle.dz\\\/index.php\\\/2023\\\/09\\\/20\\\/amenagement-urbain-de-la-ville-dannaba-lapc-met-enfin-la-main-a-la-poche\\\/#article\",\"isPartOf\":{\"@id\":\"https:\\\/\\\/lasentinelle.dz\\\/index.php\\\/2023\\\/09\\\/20\\\/amenagement-urbain-de-la-ville-dannaba-lapc-met-enfin-la-main-a-la-poche\\\/\"},\"author\":{\"name\":\"La Sentinelle\",\"@id\":\"https:\\\/\\\/lasentinelle.dz\\\/#\\\/schema\\\/person\\\/d865044e22e70a75174ce8bcad3acfb3\"},\"headline\":\"\u00a0Am\u00e9nagement urbain de la ville d\u2019Annaba\u00a0: L\u2019APC met, enfin, la main \u00e0 la poche\",\"datePublished\":\"2023-09-20T20:26:58+00:00\",\"dateModified\":\"2023-09-20T20:27:00+00:00\",\"mainEntityOfPage\":{\"@id\":\"https:\\\/\\\/lasentinelle.dz\\\/index.php\\\/2023\\\/09\\\/20\\\/amenagement-urbain-de-la-ville-dannaba-lapc-met-enfin-la-main-a-la-poche\\\/\"},\"wordCount\":497,\"commentCount\":1,\"publisher\":{\"@id\":\"https:\\\/\\\/lasentinelle.dz\\\/#organization\"},\"image\":{\"@id\":\"https:\\\/\\\/lasentinelle.dz\\\/index.php\\\/2023\\\/09\\\/20\\\/amenagement-urbain-de-la-ville-dannaba-lapc-met-enfin-la-main-a-la-poche\\\/#primaryimage\"},\"thumbnailUrl\":\"https:\\\/\\\/lasentinelle.dz\\\/wp-content\\\/uploads\\\/2023\\\/03\\\/Annaba.png\",\"articleSection\":[\"R\u00e9gions\"],\"inLanguage\":\"fr-FR\",\"potentialAction\":[{\"@type\":\"CommentAction\",\"name\":\"Comment\",\"target\":[\"https:\\\/\\\/lasentinelle.dz\\\/index.php\\\/2023\\\/09\\\/20\\\/amenagement-urbain-de-la-ville-dannaba-lapc-met-enfin-la-main-a-la-poche\\\/#respond\"]}]},{\"@type\":\"WebPage\",\"@id\":\"https:\\\/\\\/lasentinelle.dz\\\/index.php\\\/2023\\\/09\\\/20\\\/amenagement-urbain-de-la-ville-dannaba-lapc-met-enfin-la-main-a-la-poche\\\/\",\"url\":\"https:\\\/\\\/lasentinelle.dz\\\/index.php\\\/2023\\\/09\\\/20\\\/amenagement-urbain-de-la-ville-dannaba-lapc-met-enfin-la-main-a-la-poche\\\/\",\"name\":\"\u00a0Am\u00e9nagement urbain de la ville d\u2019Annaba\u00a0: L\u2019APC met, enfin, la main \u00e0 la poche - La Sentinelle\",\"isPartOf\":{\"@id\":\"https:\\\/\\\/lasentinelle.dz\\\/#website\"},\"primaryImageOfPage\":{\"@id\":\"https:\\\/\\\/lasentinelle.dz\\\/index.php\\\/2023\\\/09\\\/20\\\/amenagement-urbain-de-la-ville-dannaba-lapc-met-enfin-la-main-a-la-poche\\\/#primaryimage\"},\"image\":{\"@id\":\"https:\\\/\\\/lasentinelle.dz\\\/index.php\\\/2023\\\/09\\\/20\\\/amenagement-urbain-de-la-ville-dannaba-lapc-met-enfin-la-main-a-la-poche\\\/#primaryimage\"},\"thumbnailUrl\":\"https:\\\/\\\/lasentinelle.dz\\\/wp-content\\\/uploads\\\/2023\\\/03\\\/Annaba.png\",\"datePublished\":\"2023-09-20T20:26:58+00:00\",\"dateModified\":\"2023-09-20T20:27:00+00:00\",\"breadcrumb\":{\"@id\":\"https:\\\/\\\/lasentinelle.dz\\\/index.php\\\/2023\\\/09\\\/20\\\/amenagement-urbain-de-la-ville-dannaba-lapc-met-enfin-la-main-a-la-poche\\\/#breadcrumb\"},\"inLanguage\":\"fr-FR\",\"potentialAction\":[{\"@type\":\"ReadAction\",\"target\":[\"https:\\\/\\\/lasentinelle.dz\\\/index.php\\\/2023\\\/09\\\/20\\\/amenagement-urbain-de-la-ville-dannaba-lapc-met-enfin-la-main-a-la-poche\\\/\"]}]},{\"@type\":\"ImageObject\",\"inLanguage\":\"fr-FR\",\"@id\":\"https:\\\/\\\/lasentinelle.dz\\\/index.php\\\/2023\\\/09\\\/20\\\/amenagement-urbain-de-la-ville-dannaba-lapc-met-enfin-la-main-a-la-poche\\\/#primaryimage\",\"url\":\"https:\\\/\\\/lasentinelle.dz\\\/wp-content\\\/uploads\\\/2023\\\/03\\\/Annaba.png\",\"contentUrl\":\"https:\\\/\\\/lasentinelle.dz\\\/wp-content\\\/uploads\\\/2023\\\/03\\\/Annaba.png\",\"width\":1185,\"height\":900},{\"@type\":\"BreadcrumbList\",\"@id\":\"https:\\\/\\\/lasentinelle.dz\\\/index.php\\\/2023\\\/09\\\/20\\\/amenagement-urbain-de-la-ville-dannaba-lapc-met-enfin-la-main-a-la-poche\\\/#breadcrumb\",\"itemListElement\":[{\"@type\":\"ListItem\",\"position\":1,\"name\":\"Accueil\",\"item\":\"https:\\\/\\\/lasentinelle.dz\\\/\"},{\"@type\":\"ListItem\",\"position\":2,\"name\":\"\u00a0Am\u00e9nagement urbain de la ville d\u2019Annaba\u00a0: L\u2019APC met, enfin, la main \u00e0 la poche\"}]},{\"@type\":\"WebSite\",\"@id\":\"https:\\\/\\\/lasentinelle.dz\\\/#website\",\"url\":\"https:\\\/\\\/lasentinelle.dz\\\/\",\"name\":\"La Sentinelle\",\"description\":\"Quotidien national d&#039;information\",\"publisher\":{\"@id\":\"https:\\\/\\\/lasentinelle.dz\\\/#organization\"},\"potentialAction\":[{\"@type\":\"SearchAction\",\"target\":{\"@type\":\"EntryPoint\",\"urlTemplate\":\"https:\\\/\\\/lasentinelle.dz\\\/?s={search_term_string}\"},\"query-input\":{\"@type\":\"PropertyValueSpecification\",\"valueRequired\":true,\"valueName\":\"search_term_string\"}}],\"inLanguage\":\"fr-FR\"},{\"@type\":\"Organization\",\"@id\":\"https:\\\/\\\/lasentinelle.dz\\\/#organization\",\"name\":\"Quotidien La Sentinelle\",\"url\":\"https:\\\/\\\/lasentinelle.dz\\\/\",\"logo\":{\"@type\":\"ImageObject\",\"inLanguage\":\"fr-FR\",\"@id\":\"https:\\\/\\\/lasentinelle.dz\\\/#\\\/schema\\\/logo\\\/image\\\/\",\"url\":\"https:\\\/\\\/lasentinelle.dz\\\/wp-content\\\/uploads\\\/2021\\\/09\\\/logo-sentinelleSLOGAN-1.png\",\"contentUrl\":\"https:\\\/\\\/lasentinelle.dz\\\/wp-content\\\/uploads\\\/2021\\\/09\\\/logo-sentinelleSLOGAN-1.png\",\"width\":615,\"height\":142,\"caption\":\"Quotidien La Sentinelle\"},\"image\":{\"@id\":\"https:\\\/\\\/lasentinelle.dz\\\/#\\\/schema\\\/logo\\\/image\\\/\"},\"sameAs\":[\"https:\\\/\\\/www.facebook.com\\\/La-Sentinelle-104059864394773\"]},{\"@type\":\"Person\",\"@id\":\"https:\\\/\\\/lasentinelle.dz\\\/#\\\/schema\\\/person\\\/d865044e22e70a75174ce8bcad3acfb3\",\"name\":\"La Sentinelle\",\"image\":{\"@type\":\"ImageObject\",\"inLanguage\":\"fr-FR\",\"@id\":\"https:\\\/\\\/secure.gravatar.com\\\/avatar\\\/57de8e5d4b15d43fb361a71fbb36338450fe67865b528a43dd10ef7c51a20392?s=96&d=mm&r=g\",\"url\":\"https:\\\/\\\/secure.gravatar.com\\\/avatar\\\/57de8e5d4b15d43fb361a71fbb36338450fe67865b528a43dd10ef7c51a20392?s=96&d=mm&r=g\",\"contentUrl\":\"https:\\\/\\\/secure.gravatar.com\\\/avatar\\\/57de8e5d4b15d43fb361a71fbb36338450fe67865b528a43dd10ef7c51a20392?s=96&d=mm&r=g\",\"caption\":\"La Sentinelle\"},\"sameAs\":[\"http:\\\/\\\/www.lasentinelle.dz\"],\"url\":\"https:\\\/\\\/lasentinelle.dz\\\/author\\\/redaction\\\/\"}]}<\/script>\n<!-- \/ Yoast SEO plugin. -->","yoast_head_json":{"title":"\u00a0Am\u00e9nagement urbain de la ville d\u2019Annaba\u00a0: L\u2019APC met, enfin, la main \u00e0 la poche - La Sentinelle","robots":{"index":"index","follow":"follow","max-snippet":"max-snippet:-1","max-image-preview":"max-image-preview:large","max-video-preview":"max-video-preview:-1"},"canonical":"https:\/\/lasentinelle.dz\/index.php\/2023\/09\/20\/amenagement-urbain-de-la-ville-dannaba-lapc-met-enfin-la-main-a-la-poche\/","og_locale":"fr_FR","og_type":"article","og_title":"\u00a0Am\u00e9nagement urbain de la ville d\u2019Annaba\u00a0: L\u2019APC met, enfin, la main \u00e0 la poche - La Sentinelle","og_description":"Le pr\u00e9sident de la l\u2019Assembl\u00e9e populaire communale d\u2019Annaba vient d\u2019annoncer que le dernier trimestre de l\u2019exercice 2023 sera caract\u00e9ris\u00e9 par","og_url":"https:\/\/lasentinelle.dz\/index.php\/2023\/09\/20\/amenagement-urbain-de-la-ville-dannaba-lapc-met-enfin-la-main-a-la-poche\/","og_site_name":"La Sentinelle","article_publisher":"https:\/\/www.facebook.com\/La-Sentinelle-104059864394773","article_published_time":"2023-09-20T20:26:58+00:00","article_modified_time":"2023-09-20T20:27:00+00:00","og_image":[{"width":1185,"height":900,"url":"https:\/\/lasentinelle.dz\/wp-content\/uploads\/2023\/03\/Annaba.png","type":"image\/png"}],"author":"La Sentinelle","twitter_card":"summary_large_image","twitter_misc":{"\u00c9crit par":"La Sentinelle","Dur\u00e9e de lecture estim\u00e9e":"3 minutes"},"schema":{"@context":"https:\/\/schema.org","@graph":[{"@type":"Article","@id":"https:\/\/lasentinelle.dz\/index.php\/2023\/09\/20\/amenagement-urbain-de-la-ville-dannaba-lapc-met-enfin-la-main-a-la-poche\/#article","isPartOf":{"@id":"https:\/\/lasentinelle.dz\/index.php\/2023\/09\/20\/amenagement-urbain-de-la-ville-dannaba-lapc-met-enfin-la-main-a-la-poche\/"},"author":{"name":"La Sentinelle","@id":"https:\/\/lasentinelle.dz\/#\/schema\/person\/d865044e22e70a75174ce8bcad3acfb3"},"headline":"\u00a0Am\u00e9nagement urbain de la ville d\u2019Annaba\u00a0: L\u2019APC met, enfin, la main \u00e0 la poche","datePublished":"2023-09-20T20:26:58+00:00","dateModified":"2023-09-20T20:27:00+00:00","mainEntityOfPage":{"@id":"https:\/\/lasentinelle.dz\/index.php\/2023\/09\/20\/amenagement-urbain-de-la-ville-dannaba-lapc-met-enfin-la-main-a-la-poche\/"},"wordCount":497,"commentCount":1,"publisher":{"@id":"https:\/\/lasentinelle.dz\/#organization"},"image":{"@id":"https:\/\/lasentinelle.dz\/index.php\/2023\/09\/20\/amenagement-urbain-de-la-ville-dannaba-lapc-met-enfin-la-main-a-la-poche\/#primaryimage"},"thumbnailUrl":"https:\/\/lasentinelle.dz\/wp-content\/uploads\/2023\/03\/Annaba.png","articleSection":["R\u00e9gions"],"inLanguage":"fr-FR","potentialAction":[{"@type":"CommentAction","name":"Comment","target":["https:\/\/lasentinelle.dz\/index.php\/2023\/09\/20\/amenagement-urbain-de-la-ville-dannaba-lapc-met-enfin-la-main-a-la-poche\/#respond"]}]},{"@type":"WebPage","@id":"https:\/\/lasentinelle.dz\/index.php\/2023\/09\/20\/amenagement-urbain-de-la-ville-dannaba-lapc-met-enfin-la-main-a-la-poche\/","url":"https:\/\/lasentinelle.dz\/index.php\/2023\/09\/20\/amenagement-urbain-de-la-ville-dannaba-lapc-met-enfin-la-main-a-la-poche\/","name":"\u00a0Am\u00e9nagement urbain de la ville d\u2019Annaba\u00a0: L\u2019APC met, enfin, la main \u00e0 la poche - La Sentinelle","isPartOf":{"@id":"https:\/\/lasentinelle.dz\/#website"},"primaryImageOfPage":{"@id":"https:\/\/lasentinelle.dz\/index.php\/2023\/09\/20\/amenagement-urbain-de-la-ville-dannaba-lapc-met-enfin-la-main-a-la-poche\/#primaryimage"},"image":{"@id":"https:\/\/lasentinelle.dz\/index.php\/2023\/09\/20\/amenagement-urbain-de-la-ville-dannaba-lapc-met-enfin-la-main-a-la-poche\/#primaryimage"},"thumbnailUrl":"https:\/\/lasentinelle.dz\/wp-content\/uploads\/2023\/03\/Annaba.png","datePublished":"2023-09-20T20:26:58+00:00","dateModified":"2023-09-20T20:27:00+00:00","breadcrumb":{"@id":"https:\/\/lasentinelle.dz\/index.php\/2023\/09\/20\/amenagement-urbain-de-la-ville-dannaba-lapc-met-enfin-la-main-a-la-poche\/#breadcrumb"},"inLanguage":"fr-FR","potentialAction":[{"@type":"ReadAction","target":["https:\/\/lasentinelle.dz\/index.php\/2023\/09\/20\/amenagement-urbain-de-la-ville-dannaba-lapc-met-enfin-la-main-a-la-poche\/"]}]},{"@type":"ImageObject","inLanguage":"fr-FR","@id":"https:\/\/lasentinelle.dz\/index.php\/2023\/09\/20\/amenagement-urbain-de-la-ville-dannaba-lapc-met-enfin-la-main-a-la-poche\/#primaryimage","url":"https:\/\/lasentinelle.dz\/wp-content\/uploads\/2023\/03\/Annaba.png","contentUrl":"https:\/\/lasentinelle.dz\/wp-content\/uploads\/2023\/03\/Annaba.png","width":1185,"height":900},{"@type":"BreadcrumbList","@id":"https:\/\/lasentinelle.dz\/index.php\/2023\/09\/20\/amenagement-urbain-de-la-ville-dannaba-lapc-met-enfin-la-main-a-la-poche\/#breadcrumb","itemListElement":[{"@type":"ListItem","position":1,"name":"Accueil","item":"https:\/\/lasentinelle.dz\/"},{"@type":"ListItem","position":2,"name":"\u00a0Am\u00e9nagement urbain de la ville d\u2019Annaba\u00a0: L\u2019APC met, enfin, la main \u00e0 la poche"}]},{"@type":"WebSite","@id":"https:\/\/lasentinelle.dz\/#website","url":"https:\/\/lasentinelle.dz\/","name":"La Sentinelle","description":"Quotidien national d&#039;information","publisher":{"@id":"https:\/\/lasentinelle.dz\/#organization"},"potentialAction":[{"@type":"SearchAction","target":{"@type":"EntryPoint","urlTemplate":"https:\/\/lasentinelle.dz\/?s={search_term_string}"},"query-input":{"@type":"PropertyValueSpecification","valueRequired":true,"valueName":"search_term_string"}}],"inLanguage":"fr-FR"},{"@type":"Organization","@id":"https:\/\/lasentinelle.dz\/#organization","name":"Quotidien La Sentinelle","url":"https:\/\/lasentinelle.dz\/","logo":{"@type":"ImageObject","inLanguage":"fr-FR","@id":"https:\/\/lasentinelle.dz\/#\/schema\/logo\/image\/","url":"https:\/\/lasentinelle.dz\/wp-content\/uploads\/2021\/09\/logo-sentinelleSLOGAN-1.png","contentUrl":"https:\/\/lasentinelle.dz\/wp-content\/uploads\/2021\/09\/logo-sentinelleSLOGAN-1.png","width":615,"height":142,"caption":"Quotidien La Sentinelle"},"image":{"@id":"https:\/\/lasentinelle.dz\/#\/schema\/logo\/image\/"},"sameAs":["https:\/\/www.facebook.com\/La-Sentinelle-104059864394773"]},{"@type":"Person","@id":"https:\/\/lasentinelle.dz\/#\/schema\/person\/d865044e22e70a75174ce8bcad3acfb3","name":"La Sentinelle","image":{"@type":"ImageObject","inLanguage":"fr-FR","@id":"https:\/\/secure.gravatar.com\/avatar\/57de8e5d4b15d43fb361a71fbb36338450fe67865b528a43dd10ef7c51a20392?s=96&d=mm&r=g","url":"https:\/\/secure.gravatar.com\/avatar\/57de8e5d4b15d43fb361a71fbb36338450fe67865b528a43dd10ef7c51a20392?s=96&d=mm&r=g","contentUrl":"https:\/\/secure.gravatar.com\/avatar\/57de8e5d4b15d43fb361a71fbb36338450fe67865b528a43dd10ef7c51a20392?s=96&d=mm&r=g","caption":"La Sentinelle"},"sameAs":["http:\/\/www.lasentinelle.dz"],"url":"https:\/\/lasentinelle.dz\/author\/redaction\/"}]}},"_links":{"self":[{"href":"https:\/\/lasentinelle.dz\/index.php\/wp-json\/wp\/v2\/posts\/45716","targetHints":{"allow":["GET"]}}],"collection":[{"href":"https:\/\/lasentinelle.dz\/index.php\/wp-json\/wp\/v2\/posts"}],"about":[{"href":"https:\/\/lasentinelle.dz\/index.php\/wp-json\/wp\/v2\/types\/post"}],"author":[{"embeddable":true,"href":"https:\/\/lasentinelle.dz\/index.php\/wp-json\/wp\/v2\/users\/3"}],"replies":[{"embeddable":true,"href":"https:\/\/lasentinelle.dz\/index.php\/wp-json\/wp\/v2\/comments?post=45716"}],"version-history":[{"count":1,"href":"https:\/\/lasentinelle.dz\/index.php\/wp-json\/wp\/v2\/posts\/45716\/revisions"}],"predecessor-version":[{"id":45717,"href":"https:\/\/lasentinelle.dz\/index.php\/wp-json\/wp\/v2\/posts\/45716\/revisions\/45717"}],"wp:featuredmedia":[{"embeddable":true,"href":"https:\/\/lasentinelle.dz\/index.php\/wp-json\/wp\/v2\/media\/37769"}],"wp:attachment":[{"href":"https:\/\/lasentinelle.dz\/index.php\/wp-json\/wp\/v2\/media?parent=45716"}],"wp:term":[{"taxonomy":"category","embeddable":true,"href":"https:\/\/lasentinelle.dz\/index.php\/wp-json\/wp\/v2\/categories?post=45716"},{"taxonomy":"post_tag","embeddable":true,"href":"https:\/\/lasentinelle.dz\/index.php\/wp-json\/wp\/v2\/tags?post=45716"}],"curies":[{"name":"wp","href":"https:\/\/api.w.org\/{rel}","templated":true}]}}