{"id":45721,"date":"2023-09-20T21:28:48","date_gmt":"2023-09-20T20:28:48","guid":{"rendered":"https:\/\/lasentinelle.dz\/?p=45721"},"modified":"2023-09-20T21:28:51","modified_gmt":"2023-09-20T20:28:51","slug":"sonatrach-prend-part-a-la-24e-conference-mondiale-du-petrole","status":"publish","type":"post","link":"https:\/\/lasentinelle.dz\/index.php\/2023\/09\/20\/sonatrach-prend-part-a-la-24e-conference-mondiale-du-petrole\/","title":{"rendered":"Sonatrach prend part \u00e0 la 24e Conf\u00e9rence mondiale du p\u00e9trole"},"content":{"rendered":"\n<p>Sonatrach participe \u00e0 la 24e Conf\u00e9rence mondiale du p\u00e9trole, qui se d\u00e9roule depuis dimanche dans la ville de Calgary au Canada. \u00ab&nbsp;Sonatrach participe avec une d\u00e9l\u00e9gation importante dirig\u00e9e par le Directeur Central des Nouvelles Ressources, Youcef Khennaf, aux travaux de la 24e Conf\u00e9rence mondiale du p\u00e9trole, qui se tient cette ann\u00e9e \u00e0 Calgary, Canada, du 17 au 21 septembre&nbsp;\u00bb, indique un communiqu\u00e9 du groupe. &nbsp;La participation de Sonatrach \u00e0 cette \u00e9dition est en tant que \u00ab\u00a0membre \u00e9minent et acteur \u00e9conomique de l&rsquo;industrie p\u00e9troli\u00e8re mondiale, vient confirmer son r\u00f4le de leader dans la promotion de la s\u00e9curit\u00e9, de la stabilit\u00e9 et de la durabilit\u00e9 des march\u00e9s mondiaux du p\u00e9trole et du gaz\u00a0\u00bb, selon le communiqu\u00e9. La tenue de cet \u00e9v\u00e9nement \u00e9nerg\u00e9tique cette ann\u00e9e est li\u00e9e aux \u00ab\u00a0pressions mondiales croissantes visant \u00e0 r\u00e9duire les \u00e9missions de gaz \u00e0 effet de serre, et \u00e0 un moment o\u00f9 la question de la s\u00e9curit\u00e9 \u00e9nerg\u00e9tique mondiale reste importante \u00e0 la suite des d\u00e9veloppements internationaux en cours\u00a0\u00bb, selon la m\u00eame source.<\/p>\n\n\n\n<p>La Conf\u00e9rence mondiale du p\u00e9trole, qui se tient tous les trois ans, est un \u00ab\u00a0\u00e9v\u00e9nement mondial de premier plan, r\u00e9unissant des pays et des organisations internationales&nbsp;\u00bb<\/p>\n\n\n\n<p>Cet \u00e9v\u00e9nement, qui suscite un grand int\u00e9r\u00eat parmi les experts et les acteurs du secteur de l&rsquo;\u00e9nergie, aborde \u00ab\u00a0tous les aspects de l&rsquo;industrie \u00e9nerg\u00e9tique, y compris les technologies innovantes dans la production et la consommation, le r\u00f4le du gaz naturel et des \u00e9nergies renouvelables dans la transition \u00e9nerg\u00e9tique, ainsi que les d\u00e9fis actuels auxquels ce secteur vital est confront\u00e9 dans le monde\u00a0\u00bb, ajoute le communiqu\u00e9.<\/p>\n\n\n\n<p>R.E.<\/p>\n","protected":false},"excerpt":{"rendered":"<p>Sonatrach participe \u00e0 la 24e Conf\u00e9rence mondiale du p\u00e9trole, qui se d\u00e9roule depuis dimanche dans la ville de Calgary au<\/p>\n","protected":false},"author":3,"featured_media":33165,"comment_status":"open","ping_status":"closed","sticky":false,"template":"","format":"standard","meta":{"colormag_page_container_layout":"default_layout","colormag_page_sidebar_layout":"default_layout","om_disable_all_campaigns":false,"_monsterinsights_skip_tracking":false,"_monsterinsights_sitenote_active":false,"_monsterinsights_sitenote_note":"","_monsterinsights_sitenote_category":0,"footnotes":"","_wpscppro_dont_share_socialmedia":false,"_wpscppro_custom_social_share_image":0,"_facebook_share_type":"","_twitter_share_type":"","_linkedin_share_type":"","_pinterest_share_type":"","_linkedin_share_type_page":"","_instagram_share_type":"","_medium_share_type":"","_threads_share_type":"","_google_business_share_type":"","_selected_social_profile":[],"_wpsp_enable_custom_social_template":false,"_wpsp_social_scheduling":{"enabled":false,"datetime":null,"platforms":[],"status":"template_only","dateOption":"today","timeOption":"now","customDays":"","customHours":"","customDate":"","customTime":"","schedulingType":"absolute"},"_wpsp_active_default_template":true},"categories":[29],"tags":[],"class_list":["post-45721","post","type-post","status-publish","format-standard","has-post-thumbnail","hentry","category-economie"],"aioseo_notices":[],"yoast_head":"<!-- This site is optimized with the Yoast SEO plugin v27.5 - https:\/\/yoast.com\/product\/yoast-seo-wordpress\/ -->\n<title>Sonatrach prend part \u00e0 la 24e Conf\u00e9rence mondiale du p\u00e9trole - La Sentinelle<\/title>\n<meta name=\"robots\" content=\"index, follow, max-snippet:-1, max-image-preview:large, max-video-preview:-1\" \/>\n<link rel=\"canonical\" href=\"https:\/\/lasentinelle.dz\/index.php\/2023\/09\/20\/sonatrach-prend-part-a-la-24e-conference-mondiale-du-petrole\/\" \/>\n<meta property=\"og:locale\" content=\"fr_FR\" \/>\n<meta property=\"og:type\" content=\"article\" \/>\n<meta property=\"og:title\" content=\"Sonatrach prend part \u00e0 la 24e Conf\u00e9rence mondiale du p\u00e9trole - La Sentinelle\" \/>\n<meta property=\"og:description\" content=\"Sonatrach participe \u00e0 la 24e Conf\u00e9rence mondiale du p\u00e9trole, qui se d\u00e9roule depuis dimanche dans la ville de Calgary au\" \/>\n<meta property=\"og:url\" content=\"https:\/\/lasentinelle.dz\/index.php\/2023\/09\/20\/sonatrach-prend-part-a-la-24e-conference-mondiale-du-petrole\/\" \/>\n<meta property=\"og:site_name\" content=\"La Sentinelle\" \/>\n<meta property=\"article:publisher\" content=\"https:\/\/www.facebook.com\/La-Sentinelle-104059864394773\" \/>\n<meta property=\"article:published_time\" content=\"2023-09-20T20:28:48+00:00\" \/>\n<meta property=\"article:modified_time\" content=\"2023-09-20T20:28:51+00:00\" \/>\n<meta property=\"og:image\" content=\"https:\/\/lasentinelle.dz\/wp-content\/uploads\/2022\/12\/Sonatrach-1.png\" \/>\n\t<meta property=\"og:image:width\" content=\"1349\" \/>\n\t<meta property=\"og:image:height\" content=\"900\" \/>\n\t<meta property=\"og:image:type\" content=\"image\/png\" \/>\n<meta name=\"author\" content=\"La Sentinelle\" \/>\n<meta name=\"twitter:card\" content=\"summary_large_image\" \/>\n<meta name=\"twitter:label1\" content=\"\u00c9crit par\" \/>\n\t<meta name=\"twitter:data1\" content=\"La Sentinelle\" \/>\n\t<meta name=\"twitter:label2\" content=\"Dur\u00e9e de lecture estim\u00e9e\" \/>\n\t<meta name=\"twitter:data2\" content=\"2 minutes\" \/>\n<script type=\"application\/ld+json\" class=\"yoast-schema-graph\">{\"@context\":\"https:\\\/\\\/schema.org\",\"@graph\":[{\"@type\":\"Article\",\"@id\":\"https:\\\/\\\/lasentinelle.dz\\\/index.php\\\/2023\\\/09\\\/20\\\/sonatrach-prend-part-a-la-24e-conference-mondiale-du-petrole\\\/#article\",\"isPartOf\":{\"@id\":\"https:\\\/\\\/lasentinelle.dz\\\/index.php\\\/2023\\\/09\\\/20\\\/sonatrach-prend-part-a-la-24e-conference-mondiale-du-petrole\\\/\"},\"author\":{\"name\":\"La Sentinelle\",\"@id\":\"https:\\\/\\\/lasentinelle.dz\\\/#\\\/schema\\\/person\\\/d865044e22e70a75174ce8bcad3acfb3\"},\"headline\":\"Sonatrach prend part \u00e0 la 24e Conf\u00e9rence mondiale du p\u00e9trole\",\"datePublished\":\"2023-09-20T20:28:48+00:00\",\"dateModified\":\"2023-09-20T20:28:51+00:00\",\"mainEntityOfPage\":{\"@id\":\"https:\\\/\\\/lasentinelle.dz\\\/index.php\\\/2023\\\/09\\\/20\\\/sonatrach-prend-part-a-la-24e-conference-mondiale-du-petrole\\\/\"},\"wordCount\":302,\"commentCount\":0,\"publisher\":{\"@id\":\"https:\\\/\\\/lasentinelle.dz\\\/#organization\"},\"image\":{\"@id\":\"https:\\\/\\\/lasentinelle.dz\\\/index.php\\\/2023\\\/09\\\/20\\\/sonatrach-prend-part-a-la-24e-conference-mondiale-du-petrole\\\/#primaryimage\"},\"thumbnailUrl\":\"https:\\\/\\\/lasentinelle.dz\\\/wp-content\\\/uploads\\\/2022\\\/12\\\/Sonatrach-1.png\",\"articleSection\":[\"\u00c9conomie\"],\"inLanguage\":\"fr-FR\",\"potentialAction\":[{\"@type\":\"CommentAction\",\"name\":\"Comment\",\"target\":[\"https:\\\/\\\/lasentinelle.dz\\\/index.php\\\/2023\\\/09\\\/20\\\/sonatrach-prend-part-a-la-24e-conference-mondiale-du-petrole\\\/#respond\"]}]},{\"@type\":\"WebPage\",\"@id\":\"https:\\\/\\\/lasentinelle.dz\\\/index.php\\\/2023\\\/09\\\/20\\\/sonatrach-prend-part-a-la-24e-conference-mondiale-du-petrole\\\/\",\"url\":\"https:\\\/\\\/lasentinelle.dz\\\/index.php\\\/2023\\\/09\\\/20\\\/sonatrach-prend-part-a-la-24e-conference-mondiale-du-petrole\\\/\",\"name\":\"Sonatrach prend part \u00e0 la 24e Conf\u00e9rence mondiale du p\u00e9trole - La Sentinelle\",\"isPartOf\":{\"@id\":\"https:\\\/\\\/lasentinelle.dz\\\/#website\"},\"primaryImageOfPage\":{\"@id\":\"https:\\\/\\\/lasentinelle.dz\\\/index.php\\\/2023\\\/09\\\/20\\\/sonatrach-prend-part-a-la-24e-conference-mondiale-du-petrole\\\/#primaryimage\"},\"image\":{\"@id\":\"https:\\\/\\\/lasentinelle.dz\\\/index.php\\\/2023\\\/09\\\/20\\\/sonatrach-prend-part-a-la-24e-conference-mondiale-du-petrole\\\/#primaryimage\"},\"thumbnailUrl\":\"https:\\\/\\\/lasentinelle.dz\\\/wp-content\\\/uploads\\\/2022\\\/12\\\/Sonatrach-1.png\",\"datePublished\":\"2023-09-20T20:28:48+00:00\",\"dateModified\":\"2023-09-20T20:28:51+00:00\",\"breadcrumb\":{\"@id\":\"https:\\\/\\\/lasentinelle.dz\\\/index.php\\\/2023\\\/09\\\/20\\\/sonatrach-prend-part-a-la-24e-conference-mondiale-du-petrole\\\/#breadcrumb\"},\"inLanguage\":\"fr-FR\",\"potentialAction\":[{\"@type\":\"ReadAction\",\"target\":[\"https:\\\/\\\/lasentinelle.dz\\\/index.php\\\/2023\\\/09\\\/20\\\/sonatrach-prend-part-a-la-24e-conference-mondiale-du-petrole\\\/\"]}]},{\"@type\":\"ImageObject\",\"inLanguage\":\"fr-FR\",\"@id\":\"https:\\\/\\\/lasentinelle.dz\\\/index.php\\\/2023\\\/09\\\/20\\\/sonatrach-prend-part-a-la-24e-conference-mondiale-du-petrole\\\/#primaryimage\",\"url\":\"https:\\\/\\\/lasentinelle.dz\\\/wp-content\\\/uploads\\\/2022\\\/12\\\/Sonatrach-1.png\",\"contentUrl\":\"https:\\\/\\\/lasentinelle.dz\\\/wp-content\\\/uploads\\\/2022\\\/12\\\/Sonatrach-1.png\",\"width\":1349,\"height\":900},{\"@type\":\"BreadcrumbList\",\"@id\":\"https:\\\/\\\/lasentinelle.dz\\\/index.php\\\/2023\\\/09\\\/20\\\/sonatrach-prend-part-a-la-24e-conference-mondiale-du-petrole\\\/#breadcrumb\",\"itemListElement\":[{\"@type\":\"ListItem\",\"position\":1,\"name\":\"Accueil\",\"item\":\"https:\\\/\\\/lasentinelle.dz\\\/\"},{\"@type\":\"ListItem\",\"position\":2,\"name\":\"Sonatrach prend part \u00e0 la 24e Conf\u00e9rence mondiale du p\u00e9trole\"}]},{\"@type\":\"WebSite\",\"@id\":\"https:\\\/\\\/lasentinelle.dz\\\/#website\",\"url\":\"https:\\\/\\\/lasentinelle.dz\\\/\",\"name\":\"La Sentinelle\",\"description\":\"Quotidien national d&#039;information\",\"publisher\":{\"@id\":\"https:\\\/\\\/lasentinelle.dz\\\/#organization\"},\"potentialAction\":[{\"@type\":\"SearchAction\",\"target\":{\"@type\":\"EntryPoint\",\"urlTemplate\":\"https:\\\/\\\/lasentinelle.dz\\\/?s={search_term_string}\"},\"query-input\":{\"@type\":\"PropertyValueSpecification\",\"valueRequired\":true,\"valueName\":\"search_term_string\"}}],\"inLanguage\":\"fr-FR\"},{\"@type\":\"Organization\",\"@id\":\"https:\\\/\\\/lasentinelle.dz\\\/#organization\",\"name\":\"Quotidien La Sentinelle\",\"url\":\"https:\\\/\\\/lasentinelle.dz\\\/\",\"logo\":{\"@type\":\"ImageObject\",\"inLanguage\":\"fr-FR\",\"@id\":\"https:\\\/\\\/lasentinelle.dz\\\/#\\\/schema\\\/logo\\\/image\\\/\",\"url\":\"https:\\\/\\\/lasentinelle.dz\\\/wp-content\\\/uploads\\\/2021\\\/09\\\/logo-sentinelleSLOGAN-1.png\",\"contentUrl\":\"https:\\\/\\\/lasentinelle.dz\\\/wp-content\\\/uploads\\\/2021\\\/09\\\/logo-sentinelleSLOGAN-1.png\",\"width\":615,\"height\":142,\"caption\":\"Quotidien La Sentinelle\"},\"image\":{\"@id\":\"https:\\\/\\\/lasentinelle.dz\\\/#\\\/schema\\\/logo\\\/image\\\/\"},\"sameAs\":[\"https:\\\/\\\/www.facebook.com\\\/La-Sentinelle-104059864394773\"]},{\"@type\":\"Person\",\"@id\":\"https:\\\/\\\/lasentinelle.dz\\\/#\\\/schema\\\/person\\\/d865044e22e70a75174ce8bcad3acfb3\",\"name\":\"La Sentinelle\",\"image\":{\"@type\":\"ImageObject\",\"inLanguage\":\"fr-FR\",\"@id\":\"https:\\\/\\\/secure.gravatar.com\\\/avatar\\\/57de8e5d4b15d43fb361a71fbb36338450fe67865b528a43dd10ef7c51a20392?s=96&d=mm&r=g\",\"url\":\"https:\\\/\\\/secure.gravatar.com\\\/avatar\\\/57de8e5d4b15d43fb361a71fbb36338450fe67865b528a43dd10ef7c51a20392?s=96&d=mm&r=g\",\"contentUrl\":\"https:\\\/\\\/secure.gravatar.com\\\/avatar\\\/57de8e5d4b15d43fb361a71fbb36338450fe67865b528a43dd10ef7c51a20392?s=96&d=mm&r=g\",\"caption\":\"La Sentinelle\"},\"sameAs\":[\"http:\\\/\\\/www.lasentinelle.dz\"],\"url\":\"https:\\\/\\\/lasentinelle.dz\\\/author\\\/redaction\\\/\"}]}<\/script>\n<!-- \/ Yoast SEO plugin. -->","yoast_head_json":{"title":"Sonatrach prend part \u00e0 la 24e Conf\u00e9rence mondiale du p\u00e9trole - La Sentinelle","robots":{"index":"index","follow":"follow","max-snippet":"max-snippet:-1","max-image-preview":"max-image-preview:large","max-video-preview":"max-video-preview:-1"},"canonical":"https:\/\/lasentinelle.dz\/index.php\/2023\/09\/20\/sonatrach-prend-part-a-la-24e-conference-mondiale-du-petrole\/","og_locale":"fr_FR","og_type":"article","og_title":"Sonatrach prend part \u00e0 la 24e Conf\u00e9rence mondiale du p\u00e9trole - La Sentinelle","og_description":"Sonatrach participe \u00e0 la 24e Conf\u00e9rence mondiale du p\u00e9trole, qui se d\u00e9roule depuis dimanche dans la ville de Calgary au","og_url":"https:\/\/lasentinelle.dz\/index.php\/2023\/09\/20\/sonatrach-prend-part-a-la-24e-conference-mondiale-du-petrole\/","og_site_name":"La Sentinelle","article_publisher":"https:\/\/www.facebook.com\/La-Sentinelle-104059864394773","article_published_time":"2023-09-20T20:28:48+00:00","article_modified_time":"2023-09-20T20:28:51+00:00","og_image":[{"width":1349,"height":900,"url":"https:\/\/lasentinelle.dz\/wp-content\/uploads\/2022\/12\/Sonatrach-1.png","type":"image\/png"}],"author":"La Sentinelle","twitter_card":"summary_large_image","twitter_misc":{"\u00c9crit par":"La Sentinelle","Dur\u00e9e de lecture estim\u00e9e":"2 minutes"},"schema":{"@context":"https:\/\/schema.org","@graph":[{"@type":"Article","@id":"https:\/\/lasentinelle.dz\/index.php\/2023\/09\/20\/sonatrach-prend-part-a-la-24e-conference-mondiale-du-petrole\/#article","isPartOf":{"@id":"https:\/\/lasentinelle.dz\/index.php\/2023\/09\/20\/sonatrach-prend-part-a-la-24e-conference-mondiale-du-petrole\/"},"author":{"name":"La Sentinelle","@id":"https:\/\/lasentinelle.dz\/#\/schema\/person\/d865044e22e70a75174ce8bcad3acfb3"},"headline":"Sonatrach prend part \u00e0 la 24e Conf\u00e9rence mondiale du p\u00e9trole","datePublished":"2023-09-20T20:28:48+00:00","dateModified":"2023-09-20T20:28:51+00:00","mainEntityOfPage":{"@id":"https:\/\/lasentinelle.dz\/index.php\/2023\/09\/20\/sonatrach-prend-part-a-la-24e-conference-mondiale-du-petrole\/"},"wordCount":302,"commentCount":0,"publisher":{"@id":"https:\/\/lasentinelle.dz\/#organization"},"image":{"@id":"https:\/\/lasentinelle.dz\/index.php\/2023\/09\/20\/sonatrach-prend-part-a-la-24e-conference-mondiale-du-petrole\/#primaryimage"},"thumbnailUrl":"https:\/\/lasentinelle.dz\/wp-content\/uploads\/2022\/12\/Sonatrach-1.png","articleSection":["\u00c9conomie"],"inLanguage":"fr-FR","potentialAction":[{"@type":"CommentAction","name":"Comment","target":["https:\/\/lasentinelle.dz\/index.php\/2023\/09\/20\/sonatrach-prend-part-a-la-24e-conference-mondiale-du-petrole\/#respond"]}]},{"@type":"WebPage","@id":"https:\/\/lasentinelle.dz\/index.php\/2023\/09\/20\/sonatrach-prend-part-a-la-24e-conference-mondiale-du-petrole\/","url":"https:\/\/lasentinelle.dz\/index.php\/2023\/09\/20\/sonatrach-prend-part-a-la-24e-conference-mondiale-du-petrole\/","name":"Sonatrach prend part \u00e0 la 24e Conf\u00e9rence mondiale du p\u00e9trole - La Sentinelle","isPartOf":{"@id":"https:\/\/lasentinelle.dz\/#website"},"primaryImageOfPage":{"@id":"https:\/\/lasentinelle.dz\/index.php\/2023\/09\/20\/sonatrach-prend-part-a-la-24e-conference-mondiale-du-petrole\/#primaryimage"},"image":{"@id":"https:\/\/lasentinelle.dz\/index.php\/2023\/09\/20\/sonatrach-prend-part-a-la-24e-conference-mondiale-du-petrole\/#primaryimage"},"thumbnailUrl":"https:\/\/lasentinelle.dz\/wp-content\/uploads\/2022\/12\/Sonatrach-1.png","datePublished":"2023-09-20T20:28:48+00:00","dateModified":"2023-09-20T20:28:51+00:00","breadcrumb":{"@id":"https:\/\/lasentinelle.dz\/index.php\/2023\/09\/20\/sonatrach-prend-part-a-la-24e-conference-mondiale-du-petrole\/#breadcrumb"},"inLanguage":"fr-FR","potentialAction":[{"@type":"ReadAction","target":["https:\/\/lasentinelle.dz\/index.php\/2023\/09\/20\/sonatrach-prend-part-a-la-24e-conference-mondiale-du-petrole\/"]}]},{"@type":"ImageObject","inLanguage":"fr-FR","@id":"https:\/\/lasentinelle.dz\/index.php\/2023\/09\/20\/sonatrach-prend-part-a-la-24e-conference-mondiale-du-petrole\/#primaryimage","url":"https:\/\/lasentinelle.dz\/wp-content\/uploads\/2022\/12\/Sonatrach-1.png","contentUrl":"https:\/\/lasentinelle.dz\/wp-content\/uploads\/2022\/12\/Sonatrach-1.png","width":1349,"height":900},{"@type":"BreadcrumbList","@id":"https:\/\/lasentinelle.dz\/index.php\/2023\/09\/20\/sonatrach-prend-part-a-la-24e-conference-mondiale-du-petrole\/#breadcrumb","itemListElement":[{"@type":"ListItem","position":1,"name":"Accueil","item":"https:\/\/lasentinelle.dz\/"},{"@type":"ListItem","position":2,"name":"Sonatrach prend part \u00e0 la 24e Conf\u00e9rence mondiale du p\u00e9trole"}]},{"@type":"WebSite","@id":"https:\/\/lasentinelle.dz\/#website","url":"https:\/\/lasentinelle.dz\/","name":"La Sentinelle","description":"Quotidien national d&#039;information","publisher":{"@id":"https:\/\/lasentinelle.dz\/#organization"},"potentialAction":[{"@type":"SearchAction","target":{"@type":"EntryPoint","urlTemplate":"https:\/\/lasentinelle.dz\/?s={search_term_string}"},"query-input":{"@type":"PropertyValueSpecification","valueRequired":true,"valueName":"search_term_string"}}],"inLanguage":"fr-FR"},{"@type":"Organization","@id":"https:\/\/lasentinelle.dz\/#organization","name":"Quotidien La Sentinelle","url":"https:\/\/lasentinelle.dz\/","logo":{"@type":"ImageObject","inLanguage":"fr-FR","@id":"https:\/\/lasentinelle.dz\/#\/schema\/logo\/image\/","url":"https:\/\/lasentinelle.dz\/wp-content\/uploads\/2021\/09\/logo-sentinelleSLOGAN-1.png","contentUrl":"https:\/\/lasentinelle.dz\/wp-content\/uploads\/2021\/09\/logo-sentinelleSLOGAN-1.png","width":615,"height":142,"caption":"Quotidien La Sentinelle"},"image":{"@id":"https:\/\/lasentinelle.dz\/#\/schema\/logo\/image\/"},"sameAs":["https:\/\/www.facebook.com\/La-Sentinelle-104059864394773"]},{"@type":"Person","@id":"https:\/\/lasentinelle.dz\/#\/schema\/person\/d865044e22e70a75174ce8bcad3acfb3","name":"La Sentinelle","image":{"@type":"ImageObject","inLanguage":"fr-FR","@id":"https:\/\/secure.gravatar.com\/avatar\/57de8e5d4b15d43fb361a71fbb36338450fe67865b528a43dd10ef7c51a20392?s=96&d=mm&r=g","url":"https:\/\/secure.gravatar.com\/avatar\/57de8e5d4b15d43fb361a71fbb36338450fe67865b528a43dd10ef7c51a20392?s=96&d=mm&r=g","contentUrl":"https:\/\/secure.gravatar.com\/avatar\/57de8e5d4b15d43fb361a71fbb36338450fe67865b528a43dd10ef7c51a20392?s=96&d=mm&r=g","caption":"La Sentinelle"},"sameAs":["http:\/\/www.lasentinelle.dz"],"url":"https:\/\/lasentinelle.dz\/author\/redaction\/"}]}},"_links":{"self":[{"href":"https:\/\/lasentinelle.dz\/index.php\/wp-json\/wp\/v2\/posts\/45721","targetHints":{"allow":["GET"]}}],"collection":[{"href":"https:\/\/lasentinelle.dz\/index.php\/wp-json\/wp\/v2\/posts"}],"about":[{"href":"https:\/\/lasentinelle.dz\/index.php\/wp-json\/wp\/v2\/types\/post"}],"author":[{"embeddable":true,"href":"https:\/\/lasentinelle.dz\/index.php\/wp-json\/wp\/v2\/users\/3"}],"replies":[{"embeddable":true,"href":"https:\/\/lasentinelle.dz\/index.php\/wp-json\/wp\/v2\/comments?post=45721"}],"version-history":[{"count":1,"href":"https:\/\/lasentinelle.dz\/index.php\/wp-json\/wp\/v2\/posts\/45721\/revisions"}],"predecessor-version":[{"id":45722,"href":"https:\/\/lasentinelle.dz\/index.php\/wp-json\/wp\/v2\/posts\/45721\/revisions\/45722"}],"wp:featuredmedia":[{"embeddable":true,"href":"https:\/\/lasentinelle.dz\/index.php\/wp-json\/wp\/v2\/media\/33165"}],"wp:attachment":[{"href":"https:\/\/lasentinelle.dz\/index.php\/wp-json\/wp\/v2\/media?parent=45721"}],"wp:term":[{"taxonomy":"category","embeddable":true,"href":"https:\/\/lasentinelle.dz\/index.php\/wp-json\/wp\/v2\/categories?post=45721"},{"taxonomy":"post_tag","embeddable":true,"href":"https:\/\/lasentinelle.dz\/index.php\/wp-json\/wp\/v2\/tags?post=45721"}],"curies":[{"name":"wp","href":"https:\/\/api.w.org\/{rel}","templated":true}]}}