{"id":45728,"date":"2023-09-20T21:33:55","date_gmt":"2023-09-20T20:33:55","guid":{"rendered":"https:\/\/lasentinelle.dz\/?p=45728"},"modified":"2023-09-20T21:33:58","modified_gmt":"2023-09-20T20:33:58","slug":"realisation-et-amenagement-de-certains-etablissements-hospitaliers-le-ministere-de-lhabitat-recupere-les-chantiers","status":"publish","type":"post","link":"https:\/\/lasentinelle.dz\/index.php\/2023\/09\/20\/realisation-et-amenagement-de-certains-etablissements-hospitaliers-le-ministere-de-lhabitat-recupere-les-chantiers\/","title":{"rendered":"R\u00e9alisation et am\u00e9nagement de certains \u00e9tablissements hospitaliers\u00a0: Le minist\u00e8re de l\u2019Habitat r\u00e9cup\u00e8re les chantiers"},"content":{"rendered":"\n<p>Apr\u00e8s les projets de r\u00e9alisation d\u2019infrastructures sportives en souffrance, le minist\u00e8re de l\u2019Habitat et de l\u2019Urbanisme r\u00e9cup\u00e8re la gestion des chantiers de r\u00e9alisation et d\u2019am\u00e9nagement de certains \u00e9tablissements hospitaliers. &nbsp;<\/p>\n\n\n\n<p>Dans le cadre de la coop\u00e9ration intersectorielle, des op\u00e9rations li\u00e9es \u00e0 la r\u00e9alisation et \u00e0 l\u2019am\u00e9nagement de certains \u00e9tablissements hospitaliers ont \u00e9t\u00e9 confi\u00e9es au minist\u00e8re de l\u2019Habitat, de l\u2019Urbanisme et de la Ville, \u00e9tant le secteur le plus qualifi\u00e9 en la mati\u00e8re, a annonc\u00e9 le minist\u00e8re de la Sant\u00e9 dans un communiqu\u00e9 rendu public ce mercredi. \u00ab Dans le cadre de la coop\u00e9ration intersectorielle, l\u2019op\u00e9ration li\u00e9e \u00e0 la r\u00e9alisation d\u2019\u00e9tablissements hospitaliers (60 lits, 120 lits, 240 lits, 400 lits et polycliniques) a \u00e9t\u00e9 confi\u00e9e au minist\u00e8re de l\u2019Habitat, de l\u2019Urbanisme et de la Ville, au vu de son expertise dans la concr\u00e9tisation de ces projets selon les normes internationales et dans les d\u00e9lais fix\u00e9s \u00bb, pr\u00e9cise le communiqu\u00e9.<\/p>\n\n\n\n<p>&nbsp; Le minist\u00e8re de la Sant\u00e9 a, \u00e9galement, mis en avant la coordination avec le minist\u00e8re de l\u2019Habitat pour \u00ab fournir toutes les donn\u00e9es concernant les exigences et les normes de travail dans le domaine de la sant\u00e9 qui doivent \u00eatre garanties dans chaque structure m\u00e9dicale \u00bb, sachant que l\u2019op\u00e9ration de transfert de ces projets se trouve actuellement dans \u00ab sa phase finale \u00bb. Apr\u00e8s avoir soulign\u00e9 qu\u2019il \u00ab \u00e9tait n\u00e9cessaire de proc\u00e9der au transfert de la r\u00e9alisation et de l\u2019am\u00e9nagement de ces structures sanitaires au secteur sp\u00e9cialis\u00e9, \u00e0 savoir celui du b\u00e2timent et de l\u2019habitat, \u00e9tant le plus qualifi\u00e9 en la mati\u00e8re \u00bb, le minist\u00e8re de la sant\u00e9 a indiqu\u00e9 que \u00ab sa noble mission consiste \u00e0 prendre en charge le patient, mobiliser tous les efforts \u00e0 son service et satisfaire ses besoins \u00bb. Pour rappel, lors d\u2019une r\u00e9union d\u2019\u00e9valuation dans le cadre de la pr\u00e9paration de la rentr\u00e9e scolaire 2023\/2024, le ministre de l\u2019Habitat Tarek Belaribi a indiqu\u00e9 lundi que es services du Premier ministre ont valid\u00e9 un accord sign\u00e9 entre le minist\u00e8re de la Sant\u00e9 et celui de l\u2019Habitat pour le transfert de la gestion des projets du secteur de la Sant\u00e9 vers le d\u00e9partement de l\u2019Habitat. \u00abLe suivi de tous les projets pour la r\u00e9alisation d\u2019h\u00f4pitaux de capacit\u00e9s de 60, 80, 120, 240 ou 400 lits sera attribu\u00e9 aux services du minist\u00e8re de l\u2019Habitat qui dispose de l\u2019ensemble des moyens et des sp\u00e9cialistes pour le suivi de ce genre d\u2019\u00e9quipements. Cette situation apportera un nouveau souffle \u00e0 ces projets et contribuera \u00e0 l\u2019acc\u00e9l\u00e9ration des travaux\u00bb, a-t-il indiqu\u00e9.<\/p>\n\n\n\n<p>R.N.<\/p>\n","protected":false},"excerpt":{"rendered":"<p>Apr\u00e8s les projets de r\u00e9alisation d\u2019infrastructures sportives en souffrance, le minist\u00e8re de l\u2019Habitat et de l\u2019Urbanisme r\u00e9cup\u00e8re la gestion des<\/p>\n","protected":false},"author":3,"featured_media":41010,"comment_status":"open","ping_status":"closed","sticky":false,"template":"","format":"standard","meta":{"colormag_page_container_layout":"default_layout","colormag_page_sidebar_layout":"default_layout","om_disable_all_campaigns":false,"_monsterinsights_skip_tracking":false,"_monsterinsights_sitenote_active":false,"_monsterinsights_sitenote_note":"","_monsterinsights_sitenote_category":0,"footnotes":"","_wpscppro_dont_share_socialmedia":false,"_wpscppro_custom_social_share_image":0,"_facebook_share_type":"","_twitter_share_type":"","_linkedin_share_type":"","_pinterest_share_type":"","_linkedin_share_type_page":"","_instagram_share_type":"","_medium_share_type":"","_threads_share_type":"","_google_business_share_type":"","_selected_social_profile":[],"_wpsp_enable_custom_social_template":false,"_wpsp_social_scheduling":{"enabled":false,"datetime":null,"platforms":[],"status":"template_only","dateOption":"today","timeOption":"now","customDays":"","customHours":"","customDate":"","customTime":"","schedulingType":"absolute"},"_wpsp_active_default_template":true},"categories":[27],"tags":[],"class_list":["post-45728","post","type-post","status-publish","format-standard","has-post-thumbnail","hentry","category-actualite"],"aioseo_notices":[],"yoast_head":"<!-- This site is optimized with the Yoast SEO plugin v27.5 - https:\/\/yoast.com\/product\/yoast-seo-wordpress\/ -->\n<title>R\u00e9alisation et am\u00e9nagement de certains \u00e9tablissements hospitaliers\u00a0: Le minist\u00e8re de l\u2019Habitat r\u00e9cup\u00e8re les chantiers - La Sentinelle<\/title>\n<meta name=\"robots\" content=\"index, follow, max-snippet:-1, max-image-preview:large, max-video-preview:-1\" \/>\n<link rel=\"canonical\" href=\"https:\/\/lasentinelle.dz\/index.php\/2023\/09\/20\/realisation-et-amenagement-de-certains-etablissements-hospitaliers-le-ministere-de-lhabitat-recupere-les-chantiers\/\" \/>\n<meta property=\"og:locale\" content=\"fr_FR\" \/>\n<meta property=\"og:type\" content=\"article\" \/>\n<meta property=\"og:title\" content=\"R\u00e9alisation et am\u00e9nagement de certains \u00e9tablissements hospitaliers\u00a0: Le minist\u00e8re de l\u2019Habitat r\u00e9cup\u00e8re les chantiers - La Sentinelle\" \/>\n<meta property=\"og:description\" content=\"Apr\u00e8s les projets de r\u00e9alisation d\u2019infrastructures sportives en souffrance, le minist\u00e8re de l\u2019Habitat et de l\u2019Urbanisme r\u00e9cup\u00e8re la gestion des\" \/>\n<meta property=\"og:url\" content=\"https:\/\/lasentinelle.dz\/index.php\/2023\/09\/20\/realisation-et-amenagement-de-certains-etablissements-hospitaliers-le-ministere-de-lhabitat-recupere-les-chantiers\/\" \/>\n<meta property=\"og:site_name\" content=\"La Sentinelle\" \/>\n<meta property=\"article:publisher\" content=\"https:\/\/www.facebook.com\/La-Sentinelle-104059864394773\" \/>\n<meta property=\"article:published_time\" content=\"2023-09-20T20:33:55+00:00\" \/>\n<meta property=\"article:modified_time\" content=\"2023-09-20T20:33:58+00:00\" \/>\n<meta property=\"og:image\" content=\"https:\/\/lasentinelle.dz\/wp-content\/uploads\/2023\/05\/hopital.png\" \/>\n\t<meta property=\"og:image:width\" content=\"1602\" \/>\n\t<meta property=\"og:image:height\" content=\"900\" \/>\n\t<meta property=\"og:image:type\" content=\"image\/png\" \/>\n<meta name=\"author\" content=\"La Sentinelle\" \/>\n<meta name=\"twitter:card\" content=\"summary_large_image\" \/>\n<meta name=\"twitter:label1\" content=\"\u00c9crit par\" \/>\n\t<meta name=\"twitter:data1\" content=\"La Sentinelle\" \/>\n\t<meta name=\"twitter:label2\" content=\"Dur\u00e9e de lecture estim\u00e9e\" \/>\n\t<meta name=\"twitter:data2\" content=\"3 minutes\" \/>\n<script type=\"application\/ld+json\" class=\"yoast-schema-graph\">{\"@context\":\"https:\\\/\\\/schema.org\",\"@graph\":[{\"@type\":\"Article\",\"@id\":\"https:\\\/\\\/lasentinelle.dz\\\/index.php\\\/2023\\\/09\\\/20\\\/realisation-et-amenagement-de-certains-etablissements-hospitaliers-le-ministere-de-lhabitat-recupere-les-chantiers\\\/#article\",\"isPartOf\":{\"@id\":\"https:\\\/\\\/lasentinelle.dz\\\/index.php\\\/2023\\\/09\\\/20\\\/realisation-et-amenagement-de-certains-etablissements-hospitaliers-le-ministere-de-lhabitat-recupere-les-chantiers\\\/\"},\"author\":{\"name\":\"La Sentinelle\",\"@id\":\"https:\\\/\\\/lasentinelle.dz\\\/#\\\/schema\\\/person\\\/d865044e22e70a75174ce8bcad3acfb3\"},\"headline\":\"R\u00e9alisation et am\u00e9nagement de certains \u00e9tablissements hospitaliers\u00a0: Le minist\u00e8re de l\u2019Habitat r\u00e9cup\u00e8re les chantiers\",\"datePublished\":\"2023-09-20T20:33:55+00:00\",\"dateModified\":\"2023-09-20T20:33:58+00:00\",\"mainEntityOfPage\":{\"@id\":\"https:\\\/\\\/lasentinelle.dz\\\/index.php\\\/2023\\\/09\\\/20\\\/realisation-et-amenagement-de-certains-etablissements-hospitaliers-le-ministere-de-lhabitat-recupere-les-chantiers\\\/\"},\"wordCount\":481,\"commentCount\":0,\"publisher\":{\"@id\":\"https:\\\/\\\/lasentinelle.dz\\\/#organization\"},\"image\":{\"@id\":\"https:\\\/\\\/lasentinelle.dz\\\/index.php\\\/2023\\\/09\\\/20\\\/realisation-et-amenagement-de-certains-etablissements-hospitaliers-le-ministere-de-lhabitat-recupere-les-chantiers\\\/#primaryimage\"},\"thumbnailUrl\":\"https:\\\/\\\/lasentinelle.dz\\\/wp-content\\\/uploads\\\/2023\\\/05\\\/hopital.png\",\"articleSection\":[\"Actualit\u00e9\"],\"inLanguage\":\"fr-FR\",\"potentialAction\":[{\"@type\":\"CommentAction\",\"name\":\"Comment\",\"target\":[\"https:\\\/\\\/lasentinelle.dz\\\/index.php\\\/2023\\\/09\\\/20\\\/realisation-et-amenagement-de-certains-etablissements-hospitaliers-le-ministere-de-lhabitat-recupere-les-chantiers\\\/#respond\"]}]},{\"@type\":\"WebPage\",\"@id\":\"https:\\\/\\\/lasentinelle.dz\\\/index.php\\\/2023\\\/09\\\/20\\\/realisation-et-amenagement-de-certains-etablissements-hospitaliers-le-ministere-de-lhabitat-recupere-les-chantiers\\\/\",\"url\":\"https:\\\/\\\/lasentinelle.dz\\\/index.php\\\/2023\\\/09\\\/20\\\/realisation-et-amenagement-de-certains-etablissements-hospitaliers-le-ministere-de-lhabitat-recupere-les-chantiers\\\/\",\"name\":\"R\u00e9alisation et am\u00e9nagement de certains \u00e9tablissements hospitaliers\u00a0: Le minist\u00e8re de l\u2019Habitat r\u00e9cup\u00e8re les chantiers - La Sentinelle\",\"isPartOf\":{\"@id\":\"https:\\\/\\\/lasentinelle.dz\\\/#website\"},\"primaryImageOfPage\":{\"@id\":\"https:\\\/\\\/lasentinelle.dz\\\/index.php\\\/2023\\\/09\\\/20\\\/realisation-et-amenagement-de-certains-etablissements-hospitaliers-le-ministere-de-lhabitat-recupere-les-chantiers\\\/#primaryimage\"},\"image\":{\"@id\":\"https:\\\/\\\/lasentinelle.dz\\\/index.php\\\/2023\\\/09\\\/20\\\/realisation-et-amenagement-de-certains-etablissements-hospitaliers-le-ministere-de-lhabitat-recupere-les-chantiers\\\/#primaryimage\"},\"thumbnailUrl\":\"https:\\\/\\\/lasentinelle.dz\\\/wp-content\\\/uploads\\\/2023\\\/05\\\/hopital.png\",\"datePublished\":\"2023-09-20T20:33:55+00:00\",\"dateModified\":\"2023-09-20T20:33:58+00:00\",\"breadcrumb\":{\"@id\":\"https:\\\/\\\/lasentinelle.dz\\\/index.php\\\/2023\\\/09\\\/20\\\/realisation-et-amenagement-de-certains-etablissements-hospitaliers-le-ministere-de-lhabitat-recupere-les-chantiers\\\/#breadcrumb\"},\"inLanguage\":\"fr-FR\",\"potentialAction\":[{\"@type\":\"ReadAction\",\"target\":[\"https:\\\/\\\/lasentinelle.dz\\\/index.php\\\/2023\\\/09\\\/20\\\/realisation-et-amenagement-de-certains-etablissements-hospitaliers-le-ministere-de-lhabitat-recupere-les-chantiers\\\/\"]}]},{\"@type\":\"ImageObject\",\"inLanguage\":\"fr-FR\",\"@id\":\"https:\\\/\\\/lasentinelle.dz\\\/index.php\\\/2023\\\/09\\\/20\\\/realisation-et-amenagement-de-certains-etablissements-hospitaliers-le-ministere-de-lhabitat-recupere-les-chantiers\\\/#primaryimage\",\"url\":\"https:\\\/\\\/lasentinelle.dz\\\/wp-content\\\/uploads\\\/2023\\\/05\\\/hopital.png\",\"contentUrl\":\"https:\\\/\\\/lasentinelle.dz\\\/wp-content\\\/uploads\\\/2023\\\/05\\\/hopital.png\",\"width\":1602,\"height\":900},{\"@type\":\"BreadcrumbList\",\"@id\":\"https:\\\/\\\/lasentinelle.dz\\\/index.php\\\/2023\\\/09\\\/20\\\/realisation-et-amenagement-de-certains-etablissements-hospitaliers-le-ministere-de-lhabitat-recupere-les-chantiers\\\/#breadcrumb\",\"itemListElement\":[{\"@type\":\"ListItem\",\"position\":1,\"name\":\"Accueil\",\"item\":\"https:\\\/\\\/lasentinelle.dz\\\/\"},{\"@type\":\"ListItem\",\"position\":2,\"name\":\"R\u00e9alisation et am\u00e9nagement de certains \u00e9tablissements hospitaliers\u00a0: Le minist\u00e8re de l\u2019Habitat r\u00e9cup\u00e8re les chantiers\"}]},{\"@type\":\"WebSite\",\"@id\":\"https:\\\/\\\/lasentinelle.dz\\\/#website\",\"url\":\"https:\\\/\\\/lasentinelle.dz\\\/\",\"name\":\"La Sentinelle\",\"description\":\"Quotidien national d&#039;information\",\"publisher\":{\"@id\":\"https:\\\/\\\/lasentinelle.dz\\\/#organization\"},\"potentialAction\":[{\"@type\":\"SearchAction\",\"target\":{\"@type\":\"EntryPoint\",\"urlTemplate\":\"https:\\\/\\\/lasentinelle.dz\\\/?s={search_term_string}\"},\"query-input\":{\"@type\":\"PropertyValueSpecification\",\"valueRequired\":true,\"valueName\":\"search_term_string\"}}],\"inLanguage\":\"fr-FR\"},{\"@type\":\"Organization\",\"@id\":\"https:\\\/\\\/lasentinelle.dz\\\/#organization\",\"name\":\"Quotidien La Sentinelle\",\"url\":\"https:\\\/\\\/lasentinelle.dz\\\/\",\"logo\":{\"@type\":\"ImageObject\",\"inLanguage\":\"fr-FR\",\"@id\":\"https:\\\/\\\/lasentinelle.dz\\\/#\\\/schema\\\/logo\\\/image\\\/\",\"url\":\"https:\\\/\\\/lasentinelle.dz\\\/wp-content\\\/uploads\\\/2021\\\/09\\\/logo-sentinelleSLOGAN-1.png\",\"contentUrl\":\"https:\\\/\\\/lasentinelle.dz\\\/wp-content\\\/uploads\\\/2021\\\/09\\\/logo-sentinelleSLOGAN-1.png\",\"width\":615,\"height\":142,\"caption\":\"Quotidien La Sentinelle\"},\"image\":{\"@id\":\"https:\\\/\\\/lasentinelle.dz\\\/#\\\/schema\\\/logo\\\/image\\\/\"},\"sameAs\":[\"https:\\\/\\\/www.facebook.com\\\/La-Sentinelle-104059864394773\"]},{\"@type\":\"Person\",\"@id\":\"https:\\\/\\\/lasentinelle.dz\\\/#\\\/schema\\\/person\\\/d865044e22e70a75174ce8bcad3acfb3\",\"name\":\"La Sentinelle\",\"image\":{\"@type\":\"ImageObject\",\"inLanguage\":\"fr-FR\",\"@id\":\"https:\\\/\\\/secure.gravatar.com\\\/avatar\\\/57de8e5d4b15d43fb361a71fbb36338450fe67865b528a43dd10ef7c51a20392?s=96&d=mm&r=g\",\"url\":\"https:\\\/\\\/secure.gravatar.com\\\/avatar\\\/57de8e5d4b15d43fb361a71fbb36338450fe67865b528a43dd10ef7c51a20392?s=96&d=mm&r=g\",\"contentUrl\":\"https:\\\/\\\/secure.gravatar.com\\\/avatar\\\/57de8e5d4b15d43fb361a71fbb36338450fe67865b528a43dd10ef7c51a20392?s=96&d=mm&r=g\",\"caption\":\"La Sentinelle\"},\"sameAs\":[\"http:\\\/\\\/www.lasentinelle.dz\"],\"url\":\"https:\\\/\\\/lasentinelle.dz\\\/author\\\/redaction\\\/\"}]}<\/script>\n<!-- \/ Yoast SEO plugin. -->","yoast_head_json":{"title":"R\u00e9alisation et am\u00e9nagement de certains \u00e9tablissements hospitaliers\u00a0: Le minist\u00e8re de l\u2019Habitat r\u00e9cup\u00e8re les chantiers - La Sentinelle","robots":{"index":"index","follow":"follow","max-snippet":"max-snippet:-1","max-image-preview":"max-image-preview:large","max-video-preview":"max-video-preview:-1"},"canonical":"https:\/\/lasentinelle.dz\/index.php\/2023\/09\/20\/realisation-et-amenagement-de-certains-etablissements-hospitaliers-le-ministere-de-lhabitat-recupere-les-chantiers\/","og_locale":"fr_FR","og_type":"article","og_title":"R\u00e9alisation et am\u00e9nagement de certains \u00e9tablissements hospitaliers\u00a0: Le minist\u00e8re de l\u2019Habitat r\u00e9cup\u00e8re les chantiers - La Sentinelle","og_description":"Apr\u00e8s les projets de r\u00e9alisation d\u2019infrastructures sportives en souffrance, le minist\u00e8re de l\u2019Habitat et de l\u2019Urbanisme r\u00e9cup\u00e8re la gestion des","og_url":"https:\/\/lasentinelle.dz\/index.php\/2023\/09\/20\/realisation-et-amenagement-de-certains-etablissements-hospitaliers-le-ministere-de-lhabitat-recupere-les-chantiers\/","og_site_name":"La Sentinelle","article_publisher":"https:\/\/www.facebook.com\/La-Sentinelle-104059864394773","article_published_time":"2023-09-20T20:33:55+00:00","article_modified_time":"2023-09-20T20:33:58+00:00","og_image":[{"width":1602,"height":900,"url":"https:\/\/lasentinelle.dz\/wp-content\/uploads\/2023\/05\/hopital.png","type":"image\/png"}],"author":"La Sentinelle","twitter_card":"summary_large_image","twitter_misc":{"\u00c9crit par":"La Sentinelle","Dur\u00e9e de lecture estim\u00e9e":"3 minutes"},"schema":{"@context":"https:\/\/schema.org","@graph":[{"@type":"Article","@id":"https:\/\/lasentinelle.dz\/index.php\/2023\/09\/20\/realisation-et-amenagement-de-certains-etablissements-hospitaliers-le-ministere-de-lhabitat-recupere-les-chantiers\/#article","isPartOf":{"@id":"https:\/\/lasentinelle.dz\/index.php\/2023\/09\/20\/realisation-et-amenagement-de-certains-etablissements-hospitaliers-le-ministere-de-lhabitat-recupere-les-chantiers\/"},"author":{"name":"La Sentinelle","@id":"https:\/\/lasentinelle.dz\/#\/schema\/person\/d865044e22e70a75174ce8bcad3acfb3"},"headline":"R\u00e9alisation et am\u00e9nagement de certains \u00e9tablissements hospitaliers\u00a0: Le minist\u00e8re de l\u2019Habitat r\u00e9cup\u00e8re les chantiers","datePublished":"2023-09-20T20:33:55+00:00","dateModified":"2023-09-20T20:33:58+00:00","mainEntityOfPage":{"@id":"https:\/\/lasentinelle.dz\/index.php\/2023\/09\/20\/realisation-et-amenagement-de-certains-etablissements-hospitaliers-le-ministere-de-lhabitat-recupere-les-chantiers\/"},"wordCount":481,"commentCount":0,"publisher":{"@id":"https:\/\/lasentinelle.dz\/#organization"},"image":{"@id":"https:\/\/lasentinelle.dz\/index.php\/2023\/09\/20\/realisation-et-amenagement-de-certains-etablissements-hospitaliers-le-ministere-de-lhabitat-recupere-les-chantiers\/#primaryimage"},"thumbnailUrl":"https:\/\/lasentinelle.dz\/wp-content\/uploads\/2023\/05\/hopital.png","articleSection":["Actualit\u00e9"],"inLanguage":"fr-FR","potentialAction":[{"@type":"CommentAction","name":"Comment","target":["https:\/\/lasentinelle.dz\/index.php\/2023\/09\/20\/realisation-et-amenagement-de-certains-etablissements-hospitaliers-le-ministere-de-lhabitat-recupere-les-chantiers\/#respond"]}]},{"@type":"WebPage","@id":"https:\/\/lasentinelle.dz\/index.php\/2023\/09\/20\/realisation-et-amenagement-de-certains-etablissements-hospitaliers-le-ministere-de-lhabitat-recupere-les-chantiers\/","url":"https:\/\/lasentinelle.dz\/index.php\/2023\/09\/20\/realisation-et-amenagement-de-certains-etablissements-hospitaliers-le-ministere-de-lhabitat-recupere-les-chantiers\/","name":"R\u00e9alisation et am\u00e9nagement de certains \u00e9tablissements hospitaliers\u00a0: Le minist\u00e8re de l\u2019Habitat r\u00e9cup\u00e8re les chantiers - La Sentinelle","isPartOf":{"@id":"https:\/\/lasentinelle.dz\/#website"},"primaryImageOfPage":{"@id":"https:\/\/lasentinelle.dz\/index.php\/2023\/09\/20\/realisation-et-amenagement-de-certains-etablissements-hospitaliers-le-ministere-de-lhabitat-recupere-les-chantiers\/#primaryimage"},"image":{"@id":"https:\/\/lasentinelle.dz\/index.php\/2023\/09\/20\/realisation-et-amenagement-de-certains-etablissements-hospitaliers-le-ministere-de-lhabitat-recupere-les-chantiers\/#primaryimage"},"thumbnailUrl":"https:\/\/lasentinelle.dz\/wp-content\/uploads\/2023\/05\/hopital.png","datePublished":"2023-09-20T20:33:55+00:00","dateModified":"2023-09-20T20:33:58+00:00","breadcrumb":{"@id":"https:\/\/lasentinelle.dz\/index.php\/2023\/09\/20\/realisation-et-amenagement-de-certains-etablissements-hospitaliers-le-ministere-de-lhabitat-recupere-les-chantiers\/#breadcrumb"},"inLanguage":"fr-FR","potentialAction":[{"@type":"ReadAction","target":["https:\/\/lasentinelle.dz\/index.php\/2023\/09\/20\/realisation-et-amenagement-de-certains-etablissements-hospitaliers-le-ministere-de-lhabitat-recupere-les-chantiers\/"]}]},{"@type":"ImageObject","inLanguage":"fr-FR","@id":"https:\/\/lasentinelle.dz\/index.php\/2023\/09\/20\/realisation-et-amenagement-de-certains-etablissements-hospitaliers-le-ministere-de-lhabitat-recupere-les-chantiers\/#primaryimage","url":"https:\/\/lasentinelle.dz\/wp-content\/uploads\/2023\/05\/hopital.png","contentUrl":"https:\/\/lasentinelle.dz\/wp-content\/uploads\/2023\/05\/hopital.png","width":1602,"height":900},{"@type":"BreadcrumbList","@id":"https:\/\/lasentinelle.dz\/index.php\/2023\/09\/20\/realisation-et-amenagement-de-certains-etablissements-hospitaliers-le-ministere-de-lhabitat-recupere-les-chantiers\/#breadcrumb","itemListElement":[{"@type":"ListItem","position":1,"name":"Accueil","item":"https:\/\/lasentinelle.dz\/"},{"@type":"ListItem","position":2,"name":"R\u00e9alisation et am\u00e9nagement de certains \u00e9tablissements hospitaliers\u00a0: Le minist\u00e8re de l\u2019Habitat r\u00e9cup\u00e8re les chantiers"}]},{"@type":"WebSite","@id":"https:\/\/lasentinelle.dz\/#website","url":"https:\/\/lasentinelle.dz\/","name":"La Sentinelle","description":"Quotidien national d&#039;information","publisher":{"@id":"https:\/\/lasentinelle.dz\/#organization"},"potentialAction":[{"@type":"SearchAction","target":{"@type":"EntryPoint","urlTemplate":"https:\/\/lasentinelle.dz\/?s={search_term_string}"},"query-input":{"@type":"PropertyValueSpecification","valueRequired":true,"valueName":"search_term_string"}}],"inLanguage":"fr-FR"},{"@type":"Organization","@id":"https:\/\/lasentinelle.dz\/#organization","name":"Quotidien La Sentinelle","url":"https:\/\/lasentinelle.dz\/","logo":{"@type":"ImageObject","inLanguage":"fr-FR","@id":"https:\/\/lasentinelle.dz\/#\/schema\/logo\/image\/","url":"https:\/\/lasentinelle.dz\/wp-content\/uploads\/2021\/09\/logo-sentinelleSLOGAN-1.png","contentUrl":"https:\/\/lasentinelle.dz\/wp-content\/uploads\/2021\/09\/logo-sentinelleSLOGAN-1.png","width":615,"height":142,"caption":"Quotidien La Sentinelle"},"image":{"@id":"https:\/\/lasentinelle.dz\/#\/schema\/logo\/image\/"},"sameAs":["https:\/\/www.facebook.com\/La-Sentinelle-104059864394773"]},{"@type":"Person","@id":"https:\/\/lasentinelle.dz\/#\/schema\/person\/d865044e22e70a75174ce8bcad3acfb3","name":"La Sentinelle","image":{"@type":"ImageObject","inLanguage":"fr-FR","@id":"https:\/\/secure.gravatar.com\/avatar\/57de8e5d4b15d43fb361a71fbb36338450fe67865b528a43dd10ef7c51a20392?s=96&d=mm&r=g","url":"https:\/\/secure.gravatar.com\/avatar\/57de8e5d4b15d43fb361a71fbb36338450fe67865b528a43dd10ef7c51a20392?s=96&d=mm&r=g","contentUrl":"https:\/\/secure.gravatar.com\/avatar\/57de8e5d4b15d43fb361a71fbb36338450fe67865b528a43dd10ef7c51a20392?s=96&d=mm&r=g","caption":"La Sentinelle"},"sameAs":["http:\/\/www.lasentinelle.dz"],"url":"https:\/\/lasentinelle.dz\/author\/redaction\/"}]}},"_links":{"self":[{"href":"https:\/\/lasentinelle.dz\/index.php\/wp-json\/wp\/v2\/posts\/45728","targetHints":{"allow":["GET"]}}],"collection":[{"href":"https:\/\/lasentinelle.dz\/index.php\/wp-json\/wp\/v2\/posts"}],"about":[{"href":"https:\/\/lasentinelle.dz\/index.php\/wp-json\/wp\/v2\/types\/post"}],"author":[{"embeddable":true,"href":"https:\/\/lasentinelle.dz\/index.php\/wp-json\/wp\/v2\/users\/3"}],"replies":[{"embeddable":true,"href":"https:\/\/lasentinelle.dz\/index.php\/wp-json\/wp\/v2\/comments?post=45728"}],"version-history":[{"count":1,"href":"https:\/\/lasentinelle.dz\/index.php\/wp-json\/wp\/v2\/posts\/45728\/revisions"}],"predecessor-version":[{"id":45729,"href":"https:\/\/lasentinelle.dz\/index.php\/wp-json\/wp\/v2\/posts\/45728\/revisions\/45729"}],"wp:featuredmedia":[{"embeddable":true,"href":"https:\/\/lasentinelle.dz\/index.php\/wp-json\/wp\/v2\/media\/41010"}],"wp:attachment":[{"href":"https:\/\/lasentinelle.dz\/index.php\/wp-json\/wp\/v2\/media?parent=45728"}],"wp:term":[{"taxonomy":"category","embeddable":true,"href":"https:\/\/lasentinelle.dz\/index.php\/wp-json\/wp\/v2\/categories?post=45728"},{"taxonomy":"post_tag","embeddable":true,"href":"https:\/\/lasentinelle.dz\/index.php\/wp-json\/wp\/v2\/tags?post=45728"}],"curies":[{"name":"wp","href":"https:\/\/api.w.org\/{rel}","templated":true}]}}