{"id":45736,"date":"2023-09-20T21:36:59","date_gmt":"2023-09-20T20:36:59","guid":{"rendered":"https:\/\/lasentinelle.dz\/?p=45736"},"modified":"2023-09-20T21:37:01","modified_gmt":"2023-09-20T20:37:01","slug":"justice-les-avocats-suspendent-leur-greve","status":"publish","type":"post","link":"https:\/\/lasentinelle.dz\/index.php\/2023\/09\/20\/justice-les-avocats-suspendent-leur-greve\/","title":{"rendered":"Justice\u00a0: Les avocats suspendent leur gr\u00e8ve"},"content":{"rendered":"\n<p>Le minist\u00e8re de la Justice a annonc\u00e9 hier la mise en place d\u2019une commission paritaire pour l\u2019examen, en concertation avec l\u2019Union nation des ordres des avocats les dispositions controvers\u00e9es dans le code p\u00e9nal et le code des proc\u00e9dures p\u00e9nales.<\/p>\n\n\n\n<p>Le conflit opposant les avocats au minist\u00e8re de la Justice est voie de r\u00e8glement. Le fait est que le d\u00e9partement de Abderrachid Tabi a d\u00e9cid\u00e9 d\u2019ouvrir le dialogue \u00e0 propos des dispositions du Code p\u00e9nal et du Code des proc\u00e9dures p\u00e9nales, principale revendication des professionnels du secteur. Une annonce qui pouss\u00e9 l\u2019Union nationale des ordres des avocats \u00e0 suspendre la gr\u00e8ve annonc\u00e9e pour la semaine prochaine.&nbsp; Selon un communiqu\u00e9 du minist\u00e8re de la Justice, Abderrachid Tabi a rencontr\u00e9 mardi, au si\u00e8ge du minist\u00e8re les membres du conseil de l&rsquo;Union nationale des ordres des avocats, avec qui il a pass\u00e9 en revue les diff\u00e9rentes pr\u00e9occupations de l&rsquo;union, notamment celles li\u00e9es au processus d&rsquo;\u00e9laboration des textes juridiques. \u00ab&nbsp;Apr\u00e8s un \u00e9change riche et fructueux, en pr\u00e9sence de hauts cadres du minist\u00e8re, il a \u00e9t\u00e9 convenu de constituer un groupe de travail conjoint qui regroupe des repr\u00e9sentants de l&rsquo;union et des cadres du minist\u00e8re de la Justice, pour examiner les questions controvers\u00e9es concernant les projets de loi relatifs au code p\u00e9nal et au code de proc\u00e9dure p\u00e9nale&nbsp;\u00bb, ajoute la m\u00eame source. Il a \u00e9t\u00e9 \u00e9galement convenu de constituer un autre groupe pour enrichir les deux projets de loi relatifs au code de proc\u00e9dure civile et administratif et au code du commerce\u00a0\u00bb outre l&rsquo;\u00e9tablissement \u00ab\u00a0d&rsquo;un m\u00e9canisme permanant de consultation et de coordination pour contribuer \u00e0 l&rsquo;enrichissement des textes juridiques\u00a0\u00bb conclut le communiqu\u00e9.<\/p>\n\n\n\n<p>L\u2019UNOA a pour sa part annonc\u00e9, hier dans un communiqu\u00e9, avoir d\u00e9cid\u00e9 de suspendre, jusqu\u2019\u00e0 nouvel ordre, le boycott des tribunaux et Cours de justice. L\u2019UNOA pr\u00e9cise aussi qu\u2019au cours de la rencontre tenue avec le ministre de la Justice et Garde des Sceaux, il a \u00e9t\u00e9 convenu de cr\u00e9er une commission paritaire qui enrichira le Code des proc\u00e9dures civiles et administratives et Code de commerce. Les deux parties ont, par ailleurs d\u00e9cid\u00e9 de former une commission permanente paritaire compos\u00e9e de repr\u00e9sentants de la F\u00e9d\u00e9ration nationale des organisations d\u2019avocats et du minist\u00e8re de la Justice qui participera \u00e0 l\u2019enrichissement des projets de loi avant leur pr\u00e9sentation devant le Parlement. Pour rappel, les avocats ont menac\u00e9 de paralyser les tribunaux apr\u00e8s le refus de minist\u00e8re de la Justice de retirer les projets d\u2019amendement du Code p\u00e9nal et du Code de proc\u00e9dure p\u00e9nale actuellement sur le bureau de l\u2019Assembl\u00e9e populaire nationale.&nbsp;Les avocats reprochent \u00e0 l\u2019Ex\u00e9cutif de ne pas avoir \u00e9t\u00e9 consult\u00e9s lors de l\u2019\u00e9laboration des textes en question. C\u2019est ainsi, qu\u2019\u00e0 l\u2019issue d\u2019une r\u00e9union qui s\u2019est tenue le 14 septembre, l\u2019UNOA a d\u00e9cid\u00e9 de paralyser l\u2019activit\u00e9 judiciaire sur l\u2019ensemble du territoire national, du 24 au 30 septembre, \u00e0 l\u2019exception des affaires concern\u00e9es par une expiration des d\u00e9lais de recours. Elle avait \u00e9galement pr\u00e9vu de suspendre les visites des avocats dans les \u00e9tablissements p\u00e9nitentiaires durant cette p\u00e9riode.<\/p>\n\n\n\n<p>Hocine Fadheli<\/p>\n","protected":false},"excerpt":{"rendered":"<p>Le minist\u00e8re de la Justice a annonc\u00e9 hier la mise en place d\u2019une commission paritaire pour l\u2019examen, en concertation avec<\/p>\n","protected":false},"author":3,"featured_media":16130,"comment_status":"open","ping_status":"closed","sticky":false,"template":"","format":"standard","meta":{"colormag_page_container_layout":"default_layout","colormag_page_sidebar_layout":"default_layout","om_disable_all_campaigns":false,"_monsterinsights_skip_tracking":false,"_monsterinsights_sitenote_active":false,"_monsterinsights_sitenote_note":"","_monsterinsights_sitenote_category":0,"footnotes":"","_wpscppro_dont_share_socialmedia":false,"_wpscppro_custom_social_share_image":0,"_facebook_share_type":"","_twitter_share_type":"","_linkedin_share_type":"","_pinterest_share_type":"","_linkedin_share_type_page":"","_instagram_share_type":"","_medium_share_type":"","_threads_share_type":"","_google_business_share_type":"","_selected_social_profile":[],"_wpsp_enable_custom_social_template":false,"_wpsp_social_scheduling":{"enabled":false,"datetime":null,"platforms":[],"status":"template_only","dateOption":"today","timeOption":"now","customDays":"","customHours":"","customDate":"","customTime":"","schedulingType":"absolute"},"_wpsp_active_default_template":true},"categories":[52,27],"tags":[],"class_list":["post-45736","post","type-post","status-publish","format-standard","has-post-thumbnail","hentry","category-a-la-une","category-actualite"],"aioseo_notices":[],"yoast_head":"<!-- This site is optimized with the Yoast SEO plugin v27.5 - https:\/\/yoast.com\/product\/yoast-seo-wordpress\/ -->\n<title>Justice\u00a0: Les avocats suspendent leur gr\u00e8ve - La Sentinelle<\/title>\n<meta name=\"robots\" content=\"index, follow, max-snippet:-1, max-image-preview:large, max-video-preview:-1\" \/>\n<link rel=\"canonical\" href=\"https:\/\/lasentinelle.dz\/index.php\/2023\/09\/20\/justice-les-avocats-suspendent-leur-greve\/\" \/>\n<meta property=\"og:locale\" content=\"fr_FR\" \/>\n<meta property=\"og:type\" content=\"article\" \/>\n<meta property=\"og:title\" content=\"Justice\u00a0: Les avocats suspendent leur gr\u00e8ve - La Sentinelle\" \/>\n<meta property=\"og:description\" content=\"Le minist\u00e8re de la Justice a annonc\u00e9 hier la mise en place d\u2019une commission paritaire pour l\u2019examen, en concertation avec\" \/>\n<meta property=\"og:url\" content=\"https:\/\/lasentinelle.dz\/index.php\/2023\/09\/20\/justice-les-avocats-suspendent-leur-greve\/\" \/>\n<meta property=\"og:site_name\" content=\"La Sentinelle\" \/>\n<meta property=\"article:publisher\" content=\"https:\/\/www.facebook.com\/La-Sentinelle-104059864394773\" \/>\n<meta property=\"article:published_time\" content=\"2023-09-20T20:36:59+00:00\" \/>\n<meta property=\"article:modified_time\" content=\"2023-09-20T20:37:01+00:00\" \/>\n<meta property=\"og:image\" content=\"https:\/\/lasentinelle.dz\/wp-content\/uploads\/2022\/01\/avocats.png\" \/>\n\t<meta property=\"og:image:width\" content=\"1679\" \/>\n\t<meta property=\"og:image:height\" content=\"900\" \/>\n\t<meta property=\"og:image:type\" content=\"image\/png\" \/>\n<meta name=\"author\" content=\"La Sentinelle\" \/>\n<meta name=\"twitter:card\" content=\"summary_large_image\" \/>\n<meta name=\"twitter:label1\" content=\"\u00c9crit par\" \/>\n\t<meta name=\"twitter:data1\" content=\"La Sentinelle\" \/>\n\t<meta name=\"twitter:label2\" content=\"Dur\u00e9e de lecture estim\u00e9e\" \/>\n\t<meta name=\"twitter:data2\" content=\"3 minutes\" \/>\n<script type=\"application\/ld+json\" class=\"yoast-schema-graph\">{\"@context\":\"https:\\\/\\\/schema.org\",\"@graph\":[{\"@type\":\"Article\",\"@id\":\"https:\\\/\\\/lasentinelle.dz\\\/index.php\\\/2023\\\/09\\\/20\\\/justice-les-avocats-suspendent-leur-greve\\\/#article\",\"isPartOf\":{\"@id\":\"https:\\\/\\\/lasentinelle.dz\\\/index.php\\\/2023\\\/09\\\/20\\\/justice-les-avocats-suspendent-leur-greve\\\/\"},\"author\":{\"name\":\"La Sentinelle\",\"@id\":\"https:\\\/\\\/lasentinelle.dz\\\/#\\\/schema\\\/person\\\/d865044e22e70a75174ce8bcad3acfb3\"},\"headline\":\"Justice\u00a0: Les avocats suspendent leur gr\u00e8ve\",\"datePublished\":\"2023-09-20T20:36:59+00:00\",\"dateModified\":\"2023-09-20T20:37:01+00:00\",\"mainEntityOfPage\":{\"@id\":\"https:\\\/\\\/lasentinelle.dz\\\/index.php\\\/2023\\\/09\\\/20\\\/justice-les-avocats-suspendent-leur-greve\\\/\"},\"wordCount\":582,\"commentCount\":0,\"publisher\":{\"@id\":\"https:\\\/\\\/lasentinelle.dz\\\/#organization\"},\"image\":{\"@id\":\"https:\\\/\\\/lasentinelle.dz\\\/index.php\\\/2023\\\/09\\\/20\\\/justice-les-avocats-suspendent-leur-greve\\\/#primaryimage\"},\"thumbnailUrl\":\"https:\\\/\\\/lasentinelle.dz\\\/wp-content\\\/uploads\\\/2022\\\/01\\\/avocats.png\",\"articleSection\":[\"\u00c0 la Une\",\"Actualit\u00e9\"],\"inLanguage\":\"fr-FR\",\"potentialAction\":[{\"@type\":\"CommentAction\",\"name\":\"Comment\",\"target\":[\"https:\\\/\\\/lasentinelle.dz\\\/index.php\\\/2023\\\/09\\\/20\\\/justice-les-avocats-suspendent-leur-greve\\\/#respond\"]}]},{\"@type\":\"WebPage\",\"@id\":\"https:\\\/\\\/lasentinelle.dz\\\/index.php\\\/2023\\\/09\\\/20\\\/justice-les-avocats-suspendent-leur-greve\\\/\",\"url\":\"https:\\\/\\\/lasentinelle.dz\\\/index.php\\\/2023\\\/09\\\/20\\\/justice-les-avocats-suspendent-leur-greve\\\/\",\"name\":\"Justice\u00a0: Les avocats suspendent leur gr\u00e8ve - La Sentinelle\",\"isPartOf\":{\"@id\":\"https:\\\/\\\/lasentinelle.dz\\\/#website\"},\"primaryImageOfPage\":{\"@id\":\"https:\\\/\\\/lasentinelle.dz\\\/index.php\\\/2023\\\/09\\\/20\\\/justice-les-avocats-suspendent-leur-greve\\\/#primaryimage\"},\"image\":{\"@id\":\"https:\\\/\\\/lasentinelle.dz\\\/index.php\\\/2023\\\/09\\\/20\\\/justice-les-avocats-suspendent-leur-greve\\\/#primaryimage\"},\"thumbnailUrl\":\"https:\\\/\\\/lasentinelle.dz\\\/wp-content\\\/uploads\\\/2022\\\/01\\\/avocats.png\",\"datePublished\":\"2023-09-20T20:36:59+00:00\",\"dateModified\":\"2023-09-20T20:37:01+00:00\",\"breadcrumb\":{\"@id\":\"https:\\\/\\\/lasentinelle.dz\\\/index.php\\\/2023\\\/09\\\/20\\\/justice-les-avocats-suspendent-leur-greve\\\/#breadcrumb\"},\"inLanguage\":\"fr-FR\",\"potentialAction\":[{\"@type\":\"ReadAction\",\"target\":[\"https:\\\/\\\/lasentinelle.dz\\\/index.php\\\/2023\\\/09\\\/20\\\/justice-les-avocats-suspendent-leur-greve\\\/\"]}]},{\"@type\":\"ImageObject\",\"inLanguage\":\"fr-FR\",\"@id\":\"https:\\\/\\\/lasentinelle.dz\\\/index.php\\\/2023\\\/09\\\/20\\\/justice-les-avocats-suspendent-leur-greve\\\/#primaryimage\",\"url\":\"https:\\\/\\\/lasentinelle.dz\\\/wp-content\\\/uploads\\\/2022\\\/01\\\/avocats.png\",\"contentUrl\":\"https:\\\/\\\/lasentinelle.dz\\\/wp-content\\\/uploads\\\/2022\\\/01\\\/avocats.png\",\"width\":1679,\"height\":900},{\"@type\":\"BreadcrumbList\",\"@id\":\"https:\\\/\\\/lasentinelle.dz\\\/index.php\\\/2023\\\/09\\\/20\\\/justice-les-avocats-suspendent-leur-greve\\\/#breadcrumb\",\"itemListElement\":[{\"@type\":\"ListItem\",\"position\":1,\"name\":\"Accueil\",\"item\":\"https:\\\/\\\/lasentinelle.dz\\\/\"},{\"@type\":\"ListItem\",\"position\":2,\"name\":\"Justice\u00a0: Les avocats suspendent leur gr\u00e8ve\"}]},{\"@type\":\"WebSite\",\"@id\":\"https:\\\/\\\/lasentinelle.dz\\\/#website\",\"url\":\"https:\\\/\\\/lasentinelle.dz\\\/\",\"name\":\"La Sentinelle\",\"description\":\"Quotidien national d&#039;information\",\"publisher\":{\"@id\":\"https:\\\/\\\/lasentinelle.dz\\\/#organization\"},\"potentialAction\":[{\"@type\":\"SearchAction\",\"target\":{\"@type\":\"EntryPoint\",\"urlTemplate\":\"https:\\\/\\\/lasentinelle.dz\\\/?s={search_term_string}\"},\"query-input\":{\"@type\":\"PropertyValueSpecification\",\"valueRequired\":true,\"valueName\":\"search_term_string\"}}],\"inLanguage\":\"fr-FR\"},{\"@type\":\"Organization\",\"@id\":\"https:\\\/\\\/lasentinelle.dz\\\/#organization\",\"name\":\"Quotidien La Sentinelle\",\"url\":\"https:\\\/\\\/lasentinelle.dz\\\/\",\"logo\":{\"@type\":\"ImageObject\",\"inLanguage\":\"fr-FR\",\"@id\":\"https:\\\/\\\/lasentinelle.dz\\\/#\\\/schema\\\/logo\\\/image\\\/\",\"url\":\"https:\\\/\\\/lasentinelle.dz\\\/wp-content\\\/uploads\\\/2021\\\/09\\\/logo-sentinelleSLOGAN-1.png\",\"contentUrl\":\"https:\\\/\\\/lasentinelle.dz\\\/wp-content\\\/uploads\\\/2021\\\/09\\\/logo-sentinelleSLOGAN-1.png\",\"width\":615,\"height\":142,\"caption\":\"Quotidien La Sentinelle\"},\"image\":{\"@id\":\"https:\\\/\\\/lasentinelle.dz\\\/#\\\/schema\\\/logo\\\/image\\\/\"},\"sameAs\":[\"https:\\\/\\\/www.facebook.com\\\/La-Sentinelle-104059864394773\"]},{\"@type\":\"Person\",\"@id\":\"https:\\\/\\\/lasentinelle.dz\\\/#\\\/schema\\\/person\\\/d865044e22e70a75174ce8bcad3acfb3\",\"name\":\"La Sentinelle\",\"image\":{\"@type\":\"ImageObject\",\"inLanguage\":\"fr-FR\",\"@id\":\"https:\\\/\\\/secure.gravatar.com\\\/avatar\\\/57de8e5d4b15d43fb361a71fbb36338450fe67865b528a43dd10ef7c51a20392?s=96&d=mm&r=g\",\"url\":\"https:\\\/\\\/secure.gravatar.com\\\/avatar\\\/57de8e5d4b15d43fb361a71fbb36338450fe67865b528a43dd10ef7c51a20392?s=96&d=mm&r=g\",\"contentUrl\":\"https:\\\/\\\/secure.gravatar.com\\\/avatar\\\/57de8e5d4b15d43fb361a71fbb36338450fe67865b528a43dd10ef7c51a20392?s=96&d=mm&r=g\",\"caption\":\"La Sentinelle\"},\"sameAs\":[\"http:\\\/\\\/www.lasentinelle.dz\"],\"url\":\"https:\\\/\\\/lasentinelle.dz\\\/author\\\/redaction\\\/\"}]}<\/script>\n<!-- \/ Yoast SEO plugin. -->","yoast_head_json":{"title":"Justice\u00a0: Les avocats suspendent leur gr\u00e8ve - La Sentinelle","robots":{"index":"index","follow":"follow","max-snippet":"max-snippet:-1","max-image-preview":"max-image-preview:large","max-video-preview":"max-video-preview:-1"},"canonical":"https:\/\/lasentinelle.dz\/index.php\/2023\/09\/20\/justice-les-avocats-suspendent-leur-greve\/","og_locale":"fr_FR","og_type":"article","og_title":"Justice\u00a0: Les avocats suspendent leur gr\u00e8ve - La Sentinelle","og_description":"Le minist\u00e8re de la Justice a annonc\u00e9 hier la mise en place d\u2019une commission paritaire pour l\u2019examen, en concertation avec","og_url":"https:\/\/lasentinelle.dz\/index.php\/2023\/09\/20\/justice-les-avocats-suspendent-leur-greve\/","og_site_name":"La Sentinelle","article_publisher":"https:\/\/www.facebook.com\/La-Sentinelle-104059864394773","article_published_time":"2023-09-20T20:36:59+00:00","article_modified_time":"2023-09-20T20:37:01+00:00","og_image":[{"width":1679,"height":900,"url":"https:\/\/lasentinelle.dz\/wp-content\/uploads\/2022\/01\/avocats.png","type":"image\/png"}],"author":"La Sentinelle","twitter_card":"summary_large_image","twitter_misc":{"\u00c9crit par":"La Sentinelle","Dur\u00e9e de lecture estim\u00e9e":"3 minutes"},"schema":{"@context":"https:\/\/schema.org","@graph":[{"@type":"Article","@id":"https:\/\/lasentinelle.dz\/index.php\/2023\/09\/20\/justice-les-avocats-suspendent-leur-greve\/#article","isPartOf":{"@id":"https:\/\/lasentinelle.dz\/index.php\/2023\/09\/20\/justice-les-avocats-suspendent-leur-greve\/"},"author":{"name":"La Sentinelle","@id":"https:\/\/lasentinelle.dz\/#\/schema\/person\/d865044e22e70a75174ce8bcad3acfb3"},"headline":"Justice\u00a0: Les avocats suspendent leur gr\u00e8ve","datePublished":"2023-09-20T20:36:59+00:00","dateModified":"2023-09-20T20:37:01+00:00","mainEntityOfPage":{"@id":"https:\/\/lasentinelle.dz\/index.php\/2023\/09\/20\/justice-les-avocats-suspendent-leur-greve\/"},"wordCount":582,"commentCount":0,"publisher":{"@id":"https:\/\/lasentinelle.dz\/#organization"},"image":{"@id":"https:\/\/lasentinelle.dz\/index.php\/2023\/09\/20\/justice-les-avocats-suspendent-leur-greve\/#primaryimage"},"thumbnailUrl":"https:\/\/lasentinelle.dz\/wp-content\/uploads\/2022\/01\/avocats.png","articleSection":["\u00c0 la Une","Actualit\u00e9"],"inLanguage":"fr-FR","potentialAction":[{"@type":"CommentAction","name":"Comment","target":["https:\/\/lasentinelle.dz\/index.php\/2023\/09\/20\/justice-les-avocats-suspendent-leur-greve\/#respond"]}]},{"@type":"WebPage","@id":"https:\/\/lasentinelle.dz\/index.php\/2023\/09\/20\/justice-les-avocats-suspendent-leur-greve\/","url":"https:\/\/lasentinelle.dz\/index.php\/2023\/09\/20\/justice-les-avocats-suspendent-leur-greve\/","name":"Justice\u00a0: Les avocats suspendent leur gr\u00e8ve - La Sentinelle","isPartOf":{"@id":"https:\/\/lasentinelle.dz\/#website"},"primaryImageOfPage":{"@id":"https:\/\/lasentinelle.dz\/index.php\/2023\/09\/20\/justice-les-avocats-suspendent-leur-greve\/#primaryimage"},"image":{"@id":"https:\/\/lasentinelle.dz\/index.php\/2023\/09\/20\/justice-les-avocats-suspendent-leur-greve\/#primaryimage"},"thumbnailUrl":"https:\/\/lasentinelle.dz\/wp-content\/uploads\/2022\/01\/avocats.png","datePublished":"2023-09-20T20:36:59+00:00","dateModified":"2023-09-20T20:37:01+00:00","breadcrumb":{"@id":"https:\/\/lasentinelle.dz\/index.php\/2023\/09\/20\/justice-les-avocats-suspendent-leur-greve\/#breadcrumb"},"inLanguage":"fr-FR","potentialAction":[{"@type":"ReadAction","target":["https:\/\/lasentinelle.dz\/index.php\/2023\/09\/20\/justice-les-avocats-suspendent-leur-greve\/"]}]},{"@type":"ImageObject","inLanguage":"fr-FR","@id":"https:\/\/lasentinelle.dz\/index.php\/2023\/09\/20\/justice-les-avocats-suspendent-leur-greve\/#primaryimage","url":"https:\/\/lasentinelle.dz\/wp-content\/uploads\/2022\/01\/avocats.png","contentUrl":"https:\/\/lasentinelle.dz\/wp-content\/uploads\/2022\/01\/avocats.png","width":1679,"height":900},{"@type":"BreadcrumbList","@id":"https:\/\/lasentinelle.dz\/index.php\/2023\/09\/20\/justice-les-avocats-suspendent-leur-greve\/#breadcrumb","itemListElement":[{"@type":"ListItem","position":1,"name":"Accueil","item":"https:\/\/lasentinelle.dz\/"},{"@type":"ListItem","position":2,"name":"Justice\u00a0: Les avocats suspendent leur gr\u00e8ve"}]},{"@type":"WebSite","@id":"https:\/\/lasentinelle.dz\/#website","url":"https:\/\/lasentinelle.dz\/","name":"La Sentinelle","description":"Quotidien national d&#039;information","publisher":{"@id":"https:\/\/lasentinelle.dz\/#organization"},"potentialAction":[{"@type":"SearchAction","target":{"@type":"EntryPoint","urlTemplate":"https:\/\/lasentinelle.dz\/?s={search_term_string}"},"query-input":{"@type":"PropertyValueSpecification","valueRequired":true,"valueName":"search_term_string"}}],"inLanguage":"fr-FR"},{"@type":"Organization","@id":"https:\/\/lasentinelle.dz\/#organization","name":"Quotidien La Sentinelle","url":"https:\/\/lasentinelle.dz\/","logo":{"@type":"ImageObject","inLanguage":"fr-FR","@id":"https:\/\/lasentinelle.dz\/#\/schema\/logo\/image\/","url":"https:\/\/lasentinelle.dz\/wp-content\/uploads\/2021\/09\/logo-sentinelleSLOGAN-1.png","contentUrl":"https:\/\/lasentinelle.dz\/wp-content\/uploads\/2021\/09\/logo-sentinelleSLOGAN-1.png","width":615,"height":142,"caption":"Quotidien La Sentinelle"},"image":{"@id":"https:\/\/lasentinelle.dz\/#\/schema\/logo\/image\/"},"sameAs":["https:\/\/www.facebook.com\/La-Sentinelle-104059864394773"]},{"@type":"Person","@id":"https:\/\/lasentinelle.dz\/#\/schema\/person\/d865044e22e70a75174ce8bcad3acfb3","name":"La Sentinelle","image":{"@type":"ImageObject","inLanguage":"fr-FR","@id":"https:\/\/secure.gravatar.com\/avatar\/57de8e5d4b15d43fb361a71fbb36338450fe67865b528a43dd10ef7c51a20392?s=96&d=mm&r=g","url":"https:\/\/secure.gravatar.com\/avatar\/57de8e5d4b15d43fb361a71fbb36338450fe67865b528a43dd10ef7c51a20392?s=96&d=mm&r=g","contentUrl":"https:\/\/secure.gravatar.com\/avatar\/57de8e5d4b15d43fb361a71fbb36338450fe67865b528a43dd10ef7c51a20392?s=96&d=mm&r=g","caption":"La Sentinelle"},"sameAs":["http:\/\/www.lasentinelle.dz"],"url":"https:\/\/lasentinelle.dz\/author\/redaction\/"}]}},"_links":{"self":[{"href":"https:\/\/lasentinelle.dz\/index.php\/wp-json\/wp\/v2\/posts\/45736","targetHints":{"allow":["GET"]}}],"collection":[{"href":"https:\/\/lasentinelle.dz\/index.php\/wp-json\/wp\/v2\/posts"}],"about":[{"href":"https:\/\/lasentinelle.dz\/index.php\/wp-json\/wp\/v2\/types\/post"}],"author":[{"embeddable":true,"href":"https:\/\/lasentinelle.dz\/index.php\/wp-json\/wp\/v2\/users\/3"}],"replies":[{"embeddable":true,"href":"https:\/\/lasentinelle.dz\/index.php\/wp-json\/wp\/v2\/comments?post=45736"}],"version-history":[{"count":1,"href":"https:\/\/lasentinelle.dz\/index.php\/wp-json\/wp\/v2\/posts\/45736\/revisions"}],"predecessor-version":[{"id":45737,"href":"https:\/\/lasentinelle.dz\/index.php\/wp-json\/wp\/v2\/posts\/45736\/revisions\/45737"}],"wp:featuredmedia":[{"embeddable":true,"href":"https:\/\/lasentinelle.dz\/index.php\/wp-json\/wp\/v2\/media\/16130"}],"wp:attachment":[{"href":"https:\/\/lasentinelle.dz\/index.php\/wp-json\/wp\/v2\/media?parent=45736"}],"wp:term":[{"taxonomy":"category","embeddable":true,"href":"https:\/\/lasentinelle.dz\/index.php\/wp-json\/wp\/v2\/categories?post=45736"},{"taxonomy":"post_tag","embeddable":true,"href":"https:\/\/lasentinelle.dz\/index.php\/wp-json\/wp\/v2\/tags?post=45736"}],"curies":[{"name":"wp","href":"https:\/\/api.w.org\/{rel}","templated":true}]}}