{"id":45752,"date":"2023-09-23T19:59:30","date_gmt":"2023-09-23T18:59:30","guid":{"rendered":"https:\/\/lasentinelle.dz\/?p=45752"},"modified":"2023-09-23T19:59:33","modified_gmt":"2023-09-23T18:59:33","slug":"legende-les-algeriens-nont-pas-pu-passer-le-cap-des-demi-finales-photo-dr","status":"publish","type":"post","link":"https:\/\/lasentinelle.dz\/index.php\/2023\/09\/23\/legende-les-algeriens-nont-pas-pu-passer-le-cap-des-demi-finales-photo-dr\/","title":{"rendered":"L\u00e9gende\u00a0: Les Alg\u00e9riens n\u2019ont pas pu passer le cap des demi-finales. (Photo DR)"},"content":{"rendered":"\n<p><strong>Mondial de boules (U19)&nbsp;<\/strong><strong>: Le bronze pour le duo Bada Houssem-El-Meddah Yasmine<\/strong><\/p>\n\n\n\n<p>La paire alg\u00e9rienne Bada Houssem-El-Meddah Yasmine a remport\u00e9, samedi, la m\u00e9daille de bronze dans la comp\u00e9tition de double mixte de rafle, dans le cadre du championnat du monde de boules des moins de 19 ans, organis\u00e9 au Palais des sports Hamou-Boutl\u00e9lis \u00e0 Oran.<\/p>\n\n\n\n<p>Le duo Bada Houssam-El Meddah Yasmine a \u00e9t\u00e9 battu en demi-finale par une paire mixte italienne sur le score de 8 \u00e0 2. La finale de cette sp\u00e9cialit\u00e9 opposera le duo italien \u00e0 celui du P\u00e9rou, qui s&rsquo;est impos\u00e9 contre le Br\u00e9sil sur le score de 4 \u00e0 2. Dans une d\u00e9claration \u00e0 l&rsquo;APS, Bada Houssem et El Meddah Yasmine se sont d\u00e9clar\u00e9s tr\u00e8s heureux d&rsquo;avoir d\u00e9croch\u00e9 la m\u00e9daille de bronze, la premi\u00e8re de l&rsquo;\u00e9quipe alg\u00e9rienne dans cet \u00e9v\u00e9nement sportif international. Les deux athl\u00e8tes alg\u00e9riens ont soulign\u00e9 qu&rsquo;ils ont \u00e9t\u00e9 battus par les champions du monde italiens, ajoutant qu&rsquo;ils aspiraient \u00e0 atteindre la finale et remporter une m\u00e9daille d&rsquo;or, mais sont tr\u00e8s fiers d&rsquo;avoir honor\u00e9 les couleurs nationales en remportant la m\u00e9daille de bronze.<\/p>\n\n\n\n<p>De son c\u00f4t\u00e9, la doublette alg\u00e9rienne des moins de 23 ans compos\u00e9e de Gobin-Hamoudi a \u00e9t\u00e9 \u00e9limin\u00e9e en demi-finale en jeu long, disput\u00e9e samedi matin au complexe sportif \u00ab Lofa \u00bb d\u2019Es-Senia (Oran Le duo Yanis Gobin-Hamoudi Raed, seul repr\u00e9sentant alg\u00e9rien au dernier carr\u00e9, s\u2019est inclin\u00e9e face au duo italien Soggetti Emanuele-Soligo Ivan sur le score de 13-03.<\/p>\n\n\n\n<p>La participation des autres Alg\u00e9riens en U18 et U23 dans cette comp\u00e9tition dans les sp\u00e9cialit\u00e9s du simple, combin\u00e9, tir rapide en double, tir progressif et tir de pr\u00e9cision s\u2019est arr\u00eat\u00e9e aux quarts de finale. L\u2019entraineur national, Ali Charef Bouharrak s\u2019est d\u00e9clar\u00e9 satisfait de la prestation de ses joueurs qui manquent d\u2019exp\u00e9rience et de comp\u00e9titions, face aux t\u00e9nors des sports de boules. Le pr\u00e9sident de la F\u00e9d\u00e9ration internationale de sports de boules, Fr\u00e9d\u00e9ric Ruis, tr\u00e8s satisfait du niveau technique affich\u00e9 par les concurrents, a soulign\u00e9 que \u00ab les rencontres ont \u00e9t\u00e9 d\u2019un bon niveau, d\u00e9montrant la volont\u00e9 de toutes les \u00e9quipes de fournir le meilleur d\u2019elles-m\u00eames \u00bb. \u00ab Je tiens \u00e0 souligner que la bonne organisation par l\u2019Alg\u00e9rie de ce championnat du monde n\u2019est pas le fruit du hasard, mais de plusieurs mois de grande pr\u00e9paration. L\u2019Alg\u00e9rie a gagn\u00e9 la confiance des instances sportives internationales, au vu des investissements importants dans le domaine sportif \u00bb, a-t-il encore d\u00e9clar\u00e9, ajoutant \u00ab c\u2019est la premi\u00e8re fois que je viens en Alg\u00e9rie et ce qui m\u2019a marqu\u00e9, c\u2019est le bon accueil \u00bb.<\/p>\n\n\n\n<p>Ce mondial jeunes des sports de boules jeu long pour les moins de 18 ans et 23 ans, se d\u00e9roule du 20 au 23 septembre au niveau du complexe sportif \u00ab Lofa \u00bb&nbsp; d\u2019Es Senia (Oran) avec la participation de 121 joueurs de 23 pays.<\/p>\n\n\n\n<p>R.S.<\/p>\n","protected":false},"excerpt":{"rendered":"<p>Mondial de boules (U19)&nbsp;: Le bronze pour le duo Bada Houssem-El-Meddah Yasmine La paire alg\u00e9rienne Bada Houssem-El-Meddah Yasmine a remport\u00e9,<\/p>\n","protected":false},"author":3,"featured_media":45705,"comment_status":"open","ping_status":"closed","sticky":false,"template":"","format":"standard","meta":{"colormag_page_container_layout":"default_layout","colormag_page_sidebar_layout":"default_layout","om_disable_all_campaigns":false,"_monsterinsights_skip_tracking":false,"_monsterinsights_sitenote_active":false,"_monsterinsights_sitenote_note":"","_monsterinsights_sitenote_category":0,"footnotes":"","_wpscppro_dont_share_socialmedia":false,"_wpscppro_custom_social_share_image":0,"_facebook_share_type":"","_twitter_share_type":"","_linkedin_share_type":"","_pinterest_share_type":"","_linkedin_share_type_page":"","_instagram_share_type":"","_medium_share_type":"","_threads_share_type":"","_google_business_share_type":"","_selected_social_profile":[],"_wpsp_enable_custom_social_template":false,"_wpsp_social_scheduling":{"enabled":false,"datetime":null,"platforms":[],"status":"template_only","dateOption":"today","timeOption":"now","customDays":"","customHours":"","customDate":"","customTime":"","schedulingType":"absolute"},"_wpsp_active_default_template":true},"categories":[33],"tags":[],"class_list":["post-45752","post","type-post","status-publish","format-standard","has-post-thumbnail","hentry","category-sports"],"aioseo_notices":[],"yoast_head":"<!-- This site is optimized with the Yoast SEO plugin v27.5 - https:\/\/yoast.com\/product\/yoast-seo-wordpress\/ -->\n<title>L\u00e9gende\u00a0: Les Alg\u00e9riens n\u2019ont pas pu passer le cap des demi-finales. (Photo DR) - La Sentinelle<\/title>\n<meta name=\"robots\" content=\"index, follow, max-snippet:-1, max-image-preview:large, max-video-preview:-1\" \/>\n<link rel=\"canonical\" href=\"https:\/\/lasentinelle.dz\/index.php\/2023\/09\/23\/legende-les-algeriens-nont-pas-pu-passer-le-cap-des-demi-finales-photo-dr\/\" \/>\n<meta property=\"og:locale\" content=\"fr_FR\" \/>\n<meta property=\"og:type\" content=\"article\" \/>\n<meta property=\"og:title\" content=\"L\u00e9gende\u00a0: Les Alg\u00e9riens n\u2019ont pas pu passer le cap des demi-finales. (Photo DR) - La Sentinelle\" \/>\n<meta property=\"og:description\" content=\"Mondial de boules (U19)&nbsp;: Le bronze pour le duo Bada Houssem-El-Meddah Yasmine La paire alg\u00e9rienne Bada Houssem-El-Meddah Yasmine a remport\u00e9,\" \/>\n<meta property=\"og:url\" content=\"https:\/\/lasentinelle.dz\/index.php\/2023\/09\/23\/legende-les-algeriens-nont-pas-pu-passer-le-cap-des-demi-finales-photo-dr\/\" \/>\n<meta property=\"og:site_name\" content=\"La Sentinelle\" \/>\n<meta property=\"article:publisher\" content=\"https:\/\/www.facebook.com\/La-Sentinelle-104059864394773\" \/>\n<meta property=\"article:published_time\" content=\"2023-09-23T18:59:30+00:00\" \/>\n<meta property=\"article:modified_time\" content=\"2023-09-23T18:59:33+00:00\" \/>\n<meta property=\"og:image\" content=\"https:\/\/lasentinelle.dz\/wp-content\/uploads\/2023\/09\/boulisme.jpeg\" \/>\n\t<meta property=\"og:image:width\" content=\"900\" \/>\n\t<meta property=\"og:image:height\" content=\"599\" \/>\n\t<meta property=\"og:image:type\" content=\"image\/jpeg\" \/>\n<meta name=\"author\" content=\"La Sentinelle\" \/>\n<meta name=\"twitter:card\" content=\"summary_large_image\" \/>\n<meta name=\"twitter:label1\" content=\"\u00c9crit par\" \/>\n\t<meta name=\"twitter:data1\" content=\"La Sentinelle\" \/>\n\t<meta name=\"twitter:label2\" content=\"Dur\u00e9e de lecture estim\u00e9e\" \/>\n\t<meta name=\"twitter:data2\" content=\"3 minutes\" \/>\n<script type=\"application\/ld+json\" class=\"yoast-schema-graph\">{\"@context\":\"https:\\\/\\\/schema.org\",\"@graph\":[{\"@type\":\"Article\",\"@id\":\"https:\\\/\\\/lasentinelle.dz\\\/index.php\\\/2023\\\/09\\\/23\\\/legende-les-algeriens-nont-pas-pu-passer-le-cap-des-demi-finales-photo-dr\\\/#article\",\"isPartOf\":{\"@id\":\"https:\\\/\\\/lasentinelle.dz\\\/index.php\\\/2023\\\/09\\\/23\\\/legende-les-algeriens-nont-pas-pu-passer-le-cap-des-demi-finales-photo-dr\\\/\"},\"author\":{\"name\":\"La Sentinelle\",\"@id\":\"https:\\\/\\\/lasentinelle.dz\\\/#\\\/schema\\\/person\\\/d865044e22e70a75174ce8bcad3acfb3\"},\"headline\":\"L\u00e9gende\u00a0: Les Alg\u00e9riens n\u2019ont pas pu passer le cap des demi-finales. (Photo DR)\",\"datePublished\":\"2023-09-23T18:59:30+00:00\",\"dateModified\":\"2023-09-23T18:59:33+00:00\",\"mainEntityOfPage\":{\"@id\":\"https:\\\/\\\/lasentinelle.dz\\\/index.php\\\/2023\\\/09\\\/23\\\/legende-les-algeriens-nont-pas-pu-passer-le-cap-des-demi-finales-photo-dr\\\/\"},\"wordCount\":529,\"commentCount\":0,\"publisher\":{\"@id\":\"https:\\\/\\\/lasentinelle.dz\\\/#organization\"},\"image\":{\"@id\":\"https:\\\/\\\/lasentinelle.dz\\\/index.php\\\/2023\\\/09\\\/23\\\/legende-les-algeriens-nont-pas-pu-passer-le-cap-des-demi-finales-photo-dr\\\/#primaryimage\"},\"thumbnailUrl\":\"https:\\\/\\\/lasentinelle.dz\\\/wp-content\\\/uploads\\\/2023\\\/09\\\/boulisme.jpeg\",\"articleSection\":[\"Sports\"],\"inLanguage\":\"fr-FR\",\"potentialAction\":[{\"@type\":\"CommentAction\",\"name\":\"Comment\",\"target\":[\"https:\\\/\\\/lasentinelle.dz\\\/index.php\\\/2023\\\/09\\\/23\\\/legende-les-algeriens-nont-pas-pu-passer-le-cap-des-demi-finales-photo-dr\\\/#respond\"]}]},{\"@type\":\"WebPage\",\"@id\":\"https:\\\/\\\/lasentinelle.dz\\\/index.php\\\/2023\\\/09\\\/23\\\/legende-les-algeriens-nont-pas-pu-passer-le-cap-des-demi-finales-photo-dr\\\/\",\"url\":\"https:\\\/\\\/lasentinelle.dz\\\/index.php\\\/2023\\\/09\\\/23\\\/legende-les-algeriens-nont-pas-pu-passer-le-cap-des-demi-finales-photo-dr\\\/\",\"name\":\"L\u00e9gende\u00a0: Les Alg\u00e9riens n\u2019ont pas pu passer le cap des demi-finales. (Photo DR) - La Sentinelle\",\"isPartOf\":{\"@id\":\"https:\\\/\\\/lasentinelle.dz\\\/#website\"},\"primaryImageOfPage\":{\"@id\":\"https:\\\/\\\/lasentinelle.dz\\\/index.php\\\/2023\\\/09\\\/23\\\/legende-les-algeriens-nont-pas-pu-passer-le-cap-des-demi-finales-photo-dr\\\/#primaryimage\"},\"image\":{\"@id\":\"https:\\\/\\\/lasentinelle.dz\\\/index.php\\\/2023\\\/09\\\/23\\\/legende-les-algeriens-nont-pas-pu-passer-le-cap-des-demi-finales-photo-dr\\\/#primaryimage\"},\"thumbnailUrl\":\"https:\\\/\\\/lasentinelle.dz\\\/wp-content\\\/uploads\\\/2023\\\/09\\\/boulisme.jpeg\",\"datePublished\":\"2023-09-23T18:59:30+00:00\",\"dateModified\":\"2023-09-23T18:59:33+00:00\",\"breadcrumb\":{\"@id\":\"https:\\\/\\\/lasentinelle.dz\\\/index.php\\\/2023\\\/09\\\/23\\\/legende-les-algeriens-nont-pas-pu-passer-le-cap-des-demi-finales-photo-dr\\\/#breadcrumb\"},\"inLanguage\":\"fr-FR\",\"potentialAction\":[{\"@type\":\"ReadAction\",\"target\":[\"https:\\\/\\\/lasentinelle.dz\\\/index.php\\\/2023\\\/09\\\/23\\\/legende-les-algeriens-nont-pas-pu-passer-le-cap-des-demi-finales-photo-dr\\\/\"]}]},{\"@type\":\"ImageObject\",\"inLanguage\":\"fr-FR\",\"@id\":\"https:\\\/\\\/lasentinelle.dz\\\/index.php\\\/2023\\\/09\\\/23\\\/legende-les-algeriens-nont-pas-pu-passer-le-cap-des-demi-finales-photo-dr\\\/#primaryimage\",\"url\":\"https:\\\/\\\/lasentinelle.dz\\\/wp-content\\\/uploads\\\/2023\\\/09\\\/boulisme.jpeg\",\"contentUrl\":\"https:\\\/\\\/lasentinelle.dz\\\/wp-content\\\/uploads\\\/2023\\\/09\\\/boulisme.jpeg\",\"width\":900,\"height\":599},{\"@type\":\"BreadcrumbList\",\"@id\":\"https:\\\/\\\/lasentinelle.dz\\\/index.php\\\/2023\\\/09\\\/23\\\/legende-les-algeriens-nont-pas-pu-passer-le-cap-des-demi-finales-photo-dr\\\/#breadcrumb\",\"itemListElement\":[{\"@type\":\"ListItem\",\"position\":1,\"name\":\"Accueil\",\"item\":\"https:\\\/\\\/lasentinelle.dz\\\/\"},{\"@type\":\"ListItem\",\"position\":2,\"name\":\"L\u00e9gende\u00a0: Les Alg\u00e9riens n\u2019ont pas pu passer le cap des demi-finales. (Photo DR)\"}]},{\"@type\":\"WebSite\",\"@id\":\"https:\\\/\\\/lasentinelle.dz\\\/#website\",\"url\":\"https:\\\/\\\/lasentinelle.dz\\\/\",\"name\":\"La Sentinelle\",\"description\":\"Quotidien national d&#039;information\",\"publisher\":{\"@id\":\"https:\\\/\\\/lasentinelle.dz\\\/#organization\"},\"potentialAction\":[{\"@type\":\"SearchAction\",\"target\":{\"@type\":\"EntryPoint\",\"urlTemplate\":\"https:\\\/\\\/lasentinelle.dz\\\/?s={search_term_string}\"},\"query-input\":{\"@type\":\"PropertyValueSpecification\",\"valueRequired\":true,\"valueName\":\"search_term_string\"}}],\"inLanguage\":\"fr-FR\"},{\"@type\":\"Organization\",\"@id\":\"https:\\\/\\\/lasentinelle.dz\\\/#organization\",\"name\":\"Quotidien La Sentinelle\",\"url\":\"https:\\\/\\\/lasentinelle.dz\\\/\",\"logo\":{\"@type\":\"ImageObject\",\"inLanguage\":\"fr-FR\",\"@id\":\"https:\\\/\\\/lasentinelle.dz\\\/#\\\/schema\\\/logo\\\/image\\\/\",\"url\":\"https:\\\/\\\/lasentinelle.dz\\\/wp-content\\\/uploads\\\/2021\\\/09\\\/logo-sentinelleSLOGAN-1.png\",\"contentUrl\":\"https:\\\/\\\/lasentinelle.dz\\\/wp-content\\\/uploads\\\/2021\\\/09\\\/logo-sentinelleSLOGAN-1.png\",\"width\":615,\"height\":142,\"caption\":\"Quotidien La Sentinelle\"},\"image\":{\"@id\":\"https:\\\/\\\/lasentinelle.dz\\\/#\\\/schema\\\/logo\\\/image\\\/\"},\"sameAs\":[\"https:\\\/\\\/www.facebook.com\\\/La-Sentinelle-104059864394773\"]},{\"@type\":\"Person\",\"@id\":\"https:\\\/\\\/lasentinelle.dz\\\/#\\\/schema\\\/person\\\/d865044e22e70a75174ce8bcad3acfb3\",\"name\":\"La Sentinelle\",\"image\":{\"@type\":\"ImageObject\",\"inLanguage\":\"fr-FR\",\"@id\":\"https:\\\/\\\/secure.gravatar.com\\\/avatar\\\/57de8e5d4b15d43fb361a71fbb36338450fe67865b528a43dd10ef7c51a20392?s=96&d=mm&r=g\",\"url\":\"https:\\\/\\\/secure.gravatar.com\\\/avatar\\\/57de8e5d4b15d43fb361a71fbb36338450fe67865b528a43dd10ef7c51a20392?s=96&d=mm&r=g\",\"contentUrl\":\"https:\\\/\\\/secure.gravatar.com\\\/avatar\\\/57de8e5d4b15d43fb361a71fbb36338450fe67865b528a43dd10ef7c51a20392?s=96&d=mm&r=g\",\"caption\":\"La Sentinelle\"},\"sameAs\":[\"http:\\\/\\\/www.lasentinelle.dz\"],\"url\":\"https:\\\/\\\/lasentinelle.dz\\\/author\\\/redaction\\\/\"}]}<\/script>\n<!-- \/ Yoast SEO plugin. -->","yoast_head_json":{"title":"L\u00e9gende\u00a0: Les Alg\u00e9riens n\u2019ont pas pu passer le cap des demi-finales. (Photo DR) - La Sentinelle","robots":{"index":"index","follow":"follow","max-snippet":"max-snippet:-1","max-image-preview":"max-image-preview:large","max-video-preview":"max-video-preview:-1"},"canonical":"https:\/\/lasentinelle.dz\/index.php\/2023\/09\/23\/legende-les-algeriens-nont-pas-pu-passer-le-cap-des-demi-finales-photo-dr\/","og_locale":"fr_FR","og_type":"article","og_title":"L\u00e9gende\u00a0: Les Alg\u00e9riens n\u2019ont pas pu passer le cap des demi-finales. (Photo DR) - La Sentinelle","og_description":"Mondial de boules (U19)&nbsp;: Le bronze pour le duo Bada Houssem-El-Meddah Yasmine La paire alg\u00e9rienne Bada Houssem-El-Meddah Yasmine a remport\u00e9,","og_url":"https:\/\/lasentinelle.dz\/index.php\/2023\/09\/23\/legende-les-algeriens-nont-pas-pu-passer-le-cap-des-demi-finales-photo-dr\/","og_site_name":"La Sentinelle","article_publisher":"https:\/\/www.facebook.com\/La-Sentinelle-104059864394773","article_published_time":"2023-09-23T18:59:30+00:00","article_modified_time":"2023-09-23T18:59:33+00:00","og_image":[{"width":900,"height":599,"url":"https:\/\/lasentinelle.dz\/wp-content\/uploads\/2023\/09\/boulisme.jpeg","type":"image\/jpeg"}],"author":"La Sentinelle","twitter_card":"summary_large_image","twitter_misc":{"\u00c9crit par":"La Sentinelle","Dur\u00e9e de lecture estim\u00e9e":"3 minutes"},"schema":{"@context":"https:\/\/schema.org","@graph":[{"@type":"Article","@id":"https:\/\/lasentinelle.dz\/index.php\/2023\/09\/23\/legende-les-algeriens-nont-pas-pu-passer-le-cap-des-demi-finales-photo-dr\/#article","isPartOf":{"@id":"https:\/\/lasentinelle.dz\/index.php\/2023\/09\/23\/legende-les-algeriens-nont-pas-pu-passer-le-cap-des-demi-finales-photo-dr\/"},"author":{"name":"La Sentinelle","@id":"https:\/\/lasentinelle.dz\/#\/schema\/person\/d865044e22e70a75174ce8bcad3acfb3"},"headline":"L\u00e9gende\u00a0: Les Alg\u00e9riens n\u2019ont pas pu passer le cap des demi-finales. (Photo DR)","datePublished":"2023-09-23T18:59:30+00:00","dateModified":"2023-09-23T18:59:33+00:00","mainEntityOfPage":{"@id":"https:\/\/lasentinelle.dz\/index.php\/2023\/09\/23\/legende-les-algeriens-nont-pas-pu-passer-le-cap-des-demi-finales-photo-dr\/"},"wordCount":529,"commentCount":0,"publisher":{"@id":"https:\/\/lasentinelle.dz\/#organization"},"image":{"@id":"https:\/\/lasentinelle.dz\/index.php\/2023\/09\/23\/legende-les-algeriens-nont-pas-pu-passer-le-cap-des-demi-finales-photo-dr\/#primaryimage"},"thumbnailUrl":"https:\/\/lasentinelle.dz\/wp-content\/uploads\/2023\/09\/boulisme.jpeg","articleSection":["Sports"],"inLanguage":"fr-FR","potentialAction":[{"@type":"CommentAction","name":"Comment","target":["https:\/\/lasentinelle.dz\/index.php\/2023\/09\/23\/legende-les-algeriens-nont-pas-pu-passer-le-cap-des-demi-finales-photo-dr\/#respond"]}]},{"@type":"WebPage","@id":"https:\/\/lasentinelle.dz\/index.php\/2023\/09\/23\/legende-les-algeriens-nont-pas-pu-passer-le-cap-des-demi-finales-photo-dr\/","url":"https:\/\/lasentinelle.dz\/index.php\/2023\/09\/23\/legende-les-algeriens-nont-pas-pu-passer-le-cap-des-demi-finales-photo-dr\/","name":"L\u00e9gende\u00a0: Les Alg\u00e9riens n\u2019ont pas pu passer le cap des demi-finales. (Photo DR) - La Sentinelle","isPartOf":{"@id":"https:\/\/lasentinelle.dz\/#website"},"primaryImageOfPage":{"@id":"https:\/\/lasentinelle.dz\/index.php\/2023\/09\/23\/legende-les-algeriens-nont-pas-pu-passer-le-cap-des-demi-finales-photo-dr\/#primaryimage"},"image":{"@id":"https:\/\/lasentinelle.dz\/index.php\/2023\/09\/23\/legende-les-algeriens-nont-pas-pu-passer-le-cap-des-demi-finales-photo-dr\/#primaryimage"},"thumbnailUrl":"https:\/\/lasentinelle.dz\/wp-content\/uploads\/2023\/09\/boulisme.jpeg","datePublished":"2023-09-23T18:59:30+00:00","dateModified":"2023-09-23T18:59:33+00:00","breadcrumb":{"@id":"https:\/\/lasentinelle.dz\/index.php\/2023\/09\/23\/legende-les-algeriens-nont-pas-pu-passer-le-cap-des-demi-finales-photo-dr\/#breadcrumb"},"inLanguage":"fr-FR","potentialAction":[{"@type":"ReadAction","target":["https:\/\/lasentinelle.dz\/index.php\/2023\/09\/23\/legende-les-algeriens-nont-pas-pu-passer-le-cap-des-demi-finales-photo-dr\/"]}]},{"@type":"ImageObject","inLanguage":"fr-FR","@id":"https:\/\/lasentinelle.dz\/index.php\/2023\/09\/23\/legende-les-algeriens-nont-pas-pu-passer-le-cap-des-demi-finales-photo-dr\/#primaryimage","url":"https:\/\/lasentinelle.dz\/wp-content\/uploads\/2023\/09\/boulisme.jpeg","contentUrl":"https:\/\/lasentinelle.dz\/wp-content\/uploads\/2023\/09\/boulisme.jpeg","width":900,"height":599},{"@type":"BreadcrumbList","@id":"https:\/\/lasentinelle.dz\/index.php\/2023\/09\/23\/legende-les-algeriens-nont-pas-pu-passer-le-cap-des-demi-finales-photo-dr\/#breadcrumb","itemListElement":[{"@type":"ListItem","position":1,"name":"Accueil","item":"https:\/\/lasentinelle.dz\/"},{"@type":"ListItem","position":2,"name":"L\u00e9gende\u00a0: Les Alg\u00e9riens n\u2019ont pas pu passer le cap des demi-finales. (Photo DR)"}]},{"@type":"WebSite","@id":"https:\/\/lasentinelle.dz\/#website","url":"https:\/\/lasentinelle.dz\/","name":"La Sentinelle","description":"Quotidien national d&#039;information","publisher":{"@id":"https:\/\/lasentinelle.dz\/#organization"},"potentialAction":[{"@type":"SearchAction","target":{"@type":"EntryPoint","urlTemplate":"https:\/\/lasentinelle.dz\/?s={search_term_string}"},"query-input":{"@type":"PropertyValueSpecification","valueRequired":true,"valueName":"search_term_string"}}],"inLanguage":"fr-FR"},{"@type":"Organization","@id":"https:\/\/lasentinelle.dz\/#organization","name":"Quotidien La Sentinelle","url":"https:\/\/lasentinelle.dz\/","logo":{"@type":"ImageObject","inLanguage":"fr-FR","@id":"https:\/\/lasentinelle.dz\/#\/schema\/logo\/image\/","url":"https:\/\/lasentinelle.dz\/wp-content\/uploads\/2021\/09\/logo-sentinelleSLOGAN-1.png","contentUrl":"https:\/\/lasentinelle.dz\/wp-content\/uploads\/2021\/09\/logo-sentinelleSLOGAN-1.png","width":615,"height":142,"caption":"Quotidien La Sentinelle"},"image":{"@id":"https:\/\/lasentinelle.dz\/#\/schema\/logo\/image\/"},"sameAs":["https:\/\/www.facebook.com\/La-Sentinelle-104059864394773"]},{"@type":"Person","@id":"https:\/\/lasentinelle.dz\/#\/schema\/person\/d865044e22e70a75174ce8bcad3acfb3","name":"La Sentinelle","image":{"@type":"ImageObject","inLanguage":"fr-FR","@id":"https:\/\/secure.gravatar.com\/avatar\/57de8e5d4b15d43fb361a71fbb36338450fe67865b528a43dd10ef7c51a20392?s=96&d=mm&r=g","url":"https:\/\/secure.gravatar.com\/avatar\/57de8e5d4b15d43fb361a71fbb36338450fe67865b528a43dd10ef7c51a20392?s=96&d=mm&r=g","contentUrl":"https:\/\/secure.gravatar.com\/avatar\/57de8e5d4b15d43fb361a71fbb36338450fe67865b528a43dd10ef7c51a20392?s=96&d=mm&r=g","caption":"La Sentinelle"},"sameAs":["http:\/\/www.lasentinelle.dz"],"url":"https:\/\/lasentinelle.dz\/author\/redaction\/"}]}},"_links":{"self":[{"href":"https:\/\/lasentinelle.dz\/index.php\/wp-json\/wp\/v2\/posts\/45752","targetHints":{"allow":["GET"]}}],"collection":[{"href":"https:\/\/lasentinelle.dz\/index.php\/wp-json\/wp\/v2\/posts"}],"about":[{"href":"https:\/\/lasentinelle.dz\/index.php\/wp-json\/wp\/v2\/types\/post"}],"author":[{"embeddable":true,"href":"https:\/\/lasentinelle.dz\/index.php\/wp-json\/wp\/v2\/users\/3"}],"replies":[{"embeddable":true,"href":"https:\/\/lasentinelle.dz\/index.php\/wp-json\/wp\/v2\/comments?post=45752"}],"version-history":[{"count":1,"href":"https:\/\/lasentinelle.dz\/index.php\/wp-json\/wp\/v2\/posts\/45752\/revisions"}],"predecessor-version":[{"id":45753,"href":"https:\/\/lasentinelle.dz\/index.php\/wp-json\/wp\/v2\/posts\/45752\/revisions\/45753"}],"wp:featuredmedia":[{"embeddable":true,"href":"https:\/\/lasentinelle.dz\/index.php\/wp-json\/wp\/v2\/media\/45705"}],"wp:attachment":[{"href":"https:\/\/lasentinelle.dz\/index.php\/wp-json\/wp\/v2\/media?parent=45752"}],"wp:term":[{"taxonomy":"category","embeddable":true,"href":"https:\/\/lasentinelle.dz\/index.php\/wp-json\/wp\/v2\/categories?post=45752"},{"taxonomy":"post_tag","embeddable":true,"href":"https:\/\/lasentinelle.dz\/index.php\/wp-json\/wp\/v2\/tags?post=45752"}],"curies":[{"name":"wp","href":"https:\/\/api.w.org\/{rel}","templated":true}]}}