{"id":45817,"date":"2023-09-25T21:05:14","date_gmt":"2023-09-25T20:05:14","guid":{"rendered":"https:\/\/lasentinelle.dz\/?p=45817"},"modified":"2023-09-25T21:05:16","modified_gmt":"2023-09-25T20:05:16","slug":"eliminatoires-can-2024-dames-les-vertes-pour-confirmer","status":"publish","type":"post","link":"https:\/\/lasentinelle.dz\/index.php\/2023\/09\/25\/eliminatoires-can-2024-dames-les-vertes-pour-confirmer\/","title":{"rendered":"Eliminatoires CAN 2024 Dames\u00a0: Les Vertes pour confirmer"},"content":{"rendered":"\n<p>La s\u00e9lection nationale f\u00e9minine de football, affrontera ce soir \u00e0 19h00 son homologue ougandaise au stade Miloud-Hadefi d&rsquo;Oran. Les Verts qui ont pris une bonne option \u00e0 l\u2019aller en prenant le dessus sur leurs adversaire \u00e0 Jinja (2-1), doivent confirmer \u00e0 domicile&nbsp;;&nbsp; \u00e0 l&rsquo;occasion de la seconde manche du 1er tour des \u00e9liminatoires de la Coupe d&rsquo;Afrique des Nations f\u00e9minine 2024. Vainqueures mercredi dernier lors du match aller gr\u00e2ce \u00e0 deux buts sign\u00e9s par Imane Chabel (47e) et Habiba Karchouni (51e), les Alg\u00e9riennes aborderont cette seconde manche avec l&rsquo;intention de finir le boulot et surtout confirmer leur renouveau, face \u00e0 un adversaire qui n&rsquo;aura rien \u00e0 perdre mais tout \u00e0 gagner. M\u00eame si les \u00abVertes\u00bb partiront largement favorites \u00e0 domicile et devant leur public, il n&rsquo;en demeure pas moins qu&rsquo;elles seront appel\u00e9es \u00e0 faire preuve de vigilance face \u00e0 une \u00e9quipe ougandaise qui va tenter le tout pour le tout dans l&rsquo;objectif de renverser la vapeur et cr\u00e9er la surprise. En pr\u00e9vision de ce match retour, les joueuses du s\u00e9lectionneur Farid Benstiti ont ralli\u00e9 vendredi soir la ville d&rsquo;Oran en pr\u00e9sence de l&rsquo;ensemble de l&rsquo;effectif. La premi\u00e8re s\u00e9ance d&rsquo;entra\u00eenement, effectu\u00e9e samedi, a vu la pr\u00e9sence de toutes les joueuses \u00e0 l&rsquo;exception de la soci\u00e9taire de l&rsquo;Inter Milan (Italie) Ghoutia Karchouni, laiss\u00e9e au repos. En cas de qualification, l\u2019Alg\u00e9rie affrontera au 2e et dernier tour (27 novembre &#8211; 5 d\u00e9cembre), le vainqueur de la double confrontation entre le Burundi et l&rsquo;Ethiopie. Lors du match aller, les deux \u00e9quipes se sont neutralis\u00e9es \u00e0 Bujumbura (1-1). &nbsp;Pour rappel, la derni\u00e8re participation de l&rsquo;Alg\u00e9rie \u00e0 la CAN, remonte \u00e0 l&rsquo;\u00e9dition 2018 disput\u00e9e au Ghana, et marqu\u00e9e par une \u00e9limination d\u00e8s le premier tour de la comp\u00e9tition. L&rsquo;Alg\u00e9rie comptait auparavant quatre participations au tournoi continental (2004, 2006, 2010, et 2014). Au total, 42 nations participeront aux qualifications de la CAN-2024, qui se d\u00e9rouleront sous format de match aller-retour, en deux tours. L&rsquo;Afrique du Sud, championne en titre, la Zambie, vice-championne, seront exemptes du premier tour. Le tournoi final se jouera au Maroc. Le 1er tour est compos\u00e9 de 40 \u00e9quipes. Les 20 \u00e9quipes qualifi\u00e9es du premier tour ainsi que les 2 \u00e9quipes exempt\u00e9es joueront ce second tour. Les 11 \u00e9quipes gagnantes se qualifieront pour le tournoi final.<\/p>\n\n\n\n<p>R.S.<\/p>\n\n\n\n<p><\/p>\n","protected":false},"excerpt":{"rendered":"<p>La s\u00e9lection nationale f\u00e9minine de football, affrontera ce soir \u00e0 19h00 son homologue ougandaise au stade Miloud-Hadefi d&rsquo;Oran. Les Verts<\/p>\n","protected":false},"author":3,"featured_media":45818,"comment_status":"open","ping_status":"closed","sticky":false,"template":"","format":"standard","meta":{"colormag_page_container_layout":"default_layout","colormag_page_sidebar_layout":"default_layout","om_disable_all_campaigns":false,"_monsterinsights_skip_tracking":false,"_monsterinsights_sitenote_active":false,"_monsterinsights_sitenote_note":"","_monsterinsights_sitenote_category":0,"footnotes":"","_wpscppro_dont_share_socialmedia":false,"_wpscppro_custom_social_share_image":0,"_facebook_share_type":"","_twitter_share_type":"","_linkedin_share_type":"","_pinterest_share_type":"","_linkedin_share_type_page":"","_instagram_share_type":"","_medium_share_type":"","_threads_share_type":"","_google_business_share_type":"","_selected_social_profile":[],"_wpsp_enable_custom_social_template":false,"_wpsp_social_scheduling":{"enabled":false,"datetime":null,"platforms":[],"status":"template_only","dateOption":"today","timeOption":"now","customDays":"","customHours":"","customDate":"","customTime":"","schedulingType":"absolute"},"_wpsp_active_default_template":true},"categories":[33],"tags":[],"class_list":["post-45817","post","type-post","status-publish","format-standard","has-post-thumbnail","hentry","category-sports"],"aioseo_notices":[],"yoast_head":"<!-- This site is optimized with the Yoast SEO plugin v27.5 - https:\/\/yoast.com\/product\/yoast-seo-wordpress\/ -->\n<title>Eliminatoires CAN 2024 Dames\u00a0: Les Vertes pour confirmer - La Sentinelle<\/title>\n<meta name=\"robots\" content=\"index, follow, max-snippet:-1, max-image-preview:large, max-video-preview:-1\" \/>\n<link rel=\"canonical\" href=\"https:\/\/lasentinelle.dz\/index.php\/2023\/09\/25\/eliminatoires-can-2024-dames-les-vertes-pour-confirmer\/\" \/>\n<meta property=\"og:locale\" content=\"fr_FR\" \/>\n<meta property=\"og:type\" content=\"article\" \/>\n<meta property=\"og:title\" content=\"Eliminatoires CAN 2024 Dames\u00a0: Les Vertes pour confirmer - La Sentinelle\" \/>\n<meta property=\"og:description\" content=\"La s\u00e9lection nationale f\u00e9minine de football, affrontera ce soir \u00e0 19h00 son homologue ougandaise au stade Miloud-Hadefi d&rsquo;Oran. Les Verts\" \/>\n<meta property=\"og:url\" content=\"https:\/\/lasentinelle.dz\/index.php\/2023\/09\/25\/eliminatoires-can-2024-dames-les-vertes-pour-confirmer\/\" \/>\n<meta property=\"og:site_name\" content=\"La Sentinelle\" \/>\n<meta property=\"article:publisher\" content=\"https:\/\/www.facebook.com\/La-Sentinelle-104059864394773\" \/>\n<meta property=\"article:published_time\" content=\"2023-09-25T20:05:14+00:00\" \/>\n<meta property=\"article:modified_time\" content=\"2023-09-25T20:05:16+00:00\" \/>\n<meta property=\"og:image\" content=\"https:\/\/lasentinelle.dz\/wp-content\/uploads\/2023\/09\/dames.jpeg\" \/>\n\t<meta property=\"og:image:width\" content=\"2560\" \/>\n\t<meta property=\"og:image:height\" content=\"1706\" \/>\n\t<meta property=\"og:image:type\" content=\"image\/jpeg\" \/>\n<meta name=\"author\" content=\"La Sentinelle\" \/>\n<meta name=\"twitter:card\" content=\"summary_large_image\" \/>\n<meta name=\"twitter:label1\" content=\"\u00c9crit par\" \/>\n\t<meta name=\"twitter:data1\" content=\"La Sentinelle\" \/>\n\t<meta name=\"twitter:label2\" content=\"Dur\u00e9e de lecture estim\u00e9e\" \/>\n\t<meta name=\"twitter:data2\" content=\"2 minutes\" \/>\n<script type=\"application\/ld+json\" class=\"yoast-schema-graph\">{\"@context\":\"https:\\\/\\\/schema.org\",\"@graph\":[{\"@type\":\"Article\",\"@id\":\"https:\\\/\\\/lasentinelle.dz\\\/index.php\\\/2023\\\/09\\\/25\\\/eliminatoires-can-2024-dames-les-vertes-pour-confirmer\\\/#article\",\"isPartOf\":{\"@id\":\"https:\\\/\\\/lasentinelle.dz\\\/index.php\\\/2023\\\/09\\\/25\\\/eliminatoires-can-2024-dames-les-vertes-pour-confirmer\\\/\"},\"author\":{\"name\":\"La Sentinelle\",\"@id\":\"https:\\\/\\\/lasentinelle.dz\\\/#\\\/schema\\\/person\\\/d865044e22e70a75174ce8bcad3acfb3\"},\"headline\":\"Eliminatoires CAN 2024 Dames\u00a0: Les Vertes pour confirmer\",\"datePublished\":\"2023-09-25T20:05:14+00:00\",\"dateModified\":\"2023-09-25T20:05:16+00:00\",\"mainEntityOfPage\":{\"@id\":\"https:\\\/\\\/lasentinelle.dz\\\/index.php\\\/2023\\\/09\\\/25\\\/eliminatoires-can-2024-dames-les-vertes-pour-confirmer\\\/\"},\"wordCount\":408,\"commentCount\":0,\"publisher\":{\"@id\":\"https:\\\/\\\/lasentinelle.dz\\\/#organization\"},\"image\":{\"@id\":\"https:\\\/\\\/lasentinelle.dz\\\/index.php\\\/2023\\\/09\\\/25\\\/eliminatoires-can-2024-dames-les-vertes-pour-confirmer\\\/#primaryimage\"},\"thumbnailUrl\":\"https:\\\/\\\/lasentinelle.dz\\\/wp-content\\\/uploads\\\/2023\\\/09\\\/dames.jpeg\",\"articleSection\":[\"Sports\"],\"inLanguage\":\"fr-FR\",\"potentialAction\":[{\"@type\":\"CommentAction\",\"name\":\"Comment\",\"target\":[\"https:\\\/\\\/lasentinelle.dz\\\/index.php\\\/2023\\\/09\\\/25\\\/eliminatoires-can-2024-dames-les-vertes-pour-confirmer\\\/#respond\"]}]},{\"@type\":\"WebPage\",\"@id\":\"https:\\\/\\\/lasentinelle.dz\\\/index.php\\\/2023\\\/09\\\/25\\\/eliminatoires-can-2024-dames-les-vertes-pour-confirmer\\\/\",\"url\":\"https:\\\/\\\/lasentinelle.dz\\\/index.php\\\/2023\\\/09\\\/25\\\/eliminatoires-can-2024-dames-les-vertes-pour-confirmer\\\/\",\"name\":\"Eliminatoires CAN 2024 Dames\u00a0: Les Vertes pour confirmer - La Sentinelle\",\"isPartOf\":{\"@id\":\"https:\\\/\\\/lasentinelle.dz\\\/#website\"},\"primaryImageOfPage\":{\"@id\":\"https:\\\/\\\/lasentinelle.dz\\\/index.php\\\/2023\\\/09\\\/25\\\/eliminatoires-can-2024-dames-les-vertes-pour-confirmer\\\/#primaryimage\"},\"image\":{\"@id\":\"https:\\\/\\\/lasentinelle.dz\\\/index.php\\\/2023\\\/09\\\/25\\\/eliminatoires-can-2024-dames-les-vertes-pour-confirmer\\\/#primaryimage\"},\"thumbnailUrl\":\"https:\\\/\\\/lasentinelle.dz\\\/wp-content\\\/uploads\\\/2023\\\/09\\\/dames.jpeg\",\"datePublished\":\"2023-09-25T20:05:14+00:00\",\"dateModified\":\"2023-09-25T20:05:16+00:00\",\"breadcrumb\":{\"@id\":\"https:\\\/\\\/lasentinelle.dz\\\/index.php\\\/2023\\\/09\\\/25\\\/eliminatoires-can-2024-dames-les-vertes-pour-confirmer\\\/#breadcrumb\"},\"inLanguage\":\"fr-FR\",\"potentialAction\":[{\"@type\":\"ReadAction\",\"target\":[\"https:\\\/\\\/lasentinelle.dz\\\/index.php\\\/2023\\\/09\\\/25\\\/eliminatoires-can-2024-dames-les-vertes-pour-confirmer\\\/\"]}]},{\"@type\":\"ImageObject\",\"inLanguage\":\"fr-FR\",\"@id\":\"https:\\\/\\\/lasentinelle.dz\\\/index.php\\\/2023\\\/09\\\/25\\\/eliminatoires-can-2024-dames-les-vertes-pour-confirmer\\\/#primaryimage\",\"url\":\"https:\\\/\\\/lasentinelle.dz\\\/wp-content\\\/uploads\\\/2023\\\/09\\\/dames.jpeg\",\"contentUrl\":\"https:\\\/\\\/lasentinelle.dz\\\/wp-content\\\/uploads\\\/2023\\\/09\\\/dames.jpeg\",\"width\":2560,\"height\":1706},{\"@type\":\"BreadcrumbList\",\"@id\":\"https:\\\/\\\/lasentinelle.dz\\\/index.php\\\/2023\\\/09\\\/25\\\/eliminatoires-can-2024-dames-les-vertes-pour-confirmer\\\/#breadcrumb\",\"itemListElement\":[{\"@type\":\"ListItem\",\"position\":1,\"name\":\"Accueil\",\"item\":\"https:\\\/\\\/lasentinelle.dz\\\/\"},{\"@type\":\"ListItem\",\"position\":2,\"name\":\"Eliminatoires CAN 2024 Dames\u00a0: Les Vertes pour confirmer\"}]},{\"@type\":\"WebSite\",\"@id\":\"https:\\\/\\\/lasentinelle.dz\\\/#website\",\"url\":\"https:\\\/\\\/lasentinelle.dz\\\/\",\"name\":\"La Sentinelle\",\"description\":\"Quotidien national d&#039;information\",\"publisher\":{\"@id\":\"https:\\\/\\\/lasentinelle.dz\\\/#organization\"},\"potentialAction\":[{\"@type\":\"SearchAction\",\"target\":{\"@type\":\"EntryPoint\",\"urlTemplate\":\"https:\\\/\\\/lasentinelle.dz\\\/?s={search_term_string}\"},\"query-input\":{\"@type\":\"PropertyValueSpecification\",\"valueRequired\":true,\"valueName\":\"search_term_string\"}}],\"inLanguage\":\"fr-FR\"},{\"@type\":\"Organization\",\"@id\":\"https:\\\/\\\/lasentinelle.dz\\\/#organization\",\"name\":\"Quotidien La Sentinelle\",\"url\":\"https:\\\/\\\/lasentinelle.dz\\\/\",\"logo\":{\"@type\":\"ImageObject\",\"inLanguage\":\"fr-FR\",\"@id\":\"https:\\\/\\\/lasentinelle.dz\\\/#\\\/schema\\\/logo\\\/image\\\/\",\"url\":\"https:\\\/\\\/lasentinelle.dz\\\/wp-content\\\/uploads\\\/2021\\\/09\\\/logo-sentinelleSLOGAN-1.png\",\"contentUrl\":\"https:\\\/\\\/lasentinelle.dz\\\/wp-content\\\/uploads\\\/2021\\\/09\\\/logo-sentinelleSLOGAN-1.png\",\"width\":615,\"height\":142,\"caption\":\"Quotidien La Sentinelle\"},\"image\":{\"@id\":\"https:\\\/\\\/lasentinelle.dz\\\/#\\\/schema\\\/logo\\\/image\\\/\"},\"sameAs\":[\"https:\\\/\\\/www.facebook.com\\\/La-Sentinelle-104059864394773\"]},{\"@type\":\"Person\",\"@id\":\"https:\\\/\\\/lasentinelle.dz\\\/#\\\/schema\\\/person\\\/d865044e22e70a75174ce8bcad3acfb3\",\"name\":\"La Sentinelle\",\"image\":{\"@type\":\"ImageObject\",\"inLanguage\":\"fr-FR\",\"@id\":\"https:\\\/\\\/secure.gravatar.com\\\/avatar\\\/57de8e5d4b15d43fb361a71fbb36338450fe67865b528a43dd10ef7c51a20392?s=96&d=mm&r=g\",\"url\":\"https:\\\/\\\/secure.gravatar.com\\\/avatar\\\/57de8e5d4b15d43fb361a71fbb36338450fe67865b528a43dd10ef7c51a20392?s=96&d=mm&r=g\",\"contentUrl\":\"https:\\\/\\\/secure.gravatar.com\\\/avatar\\\/57de8e5d4b15d43fb361a71fbb36338450fe67865b528a43dd10ef7c51a20392?s=96&d=mm&r=g\",\"caption\":\"La Sentinelle\"},\"sameAs\":[\"http:\\\/\\\/www.lasentinelle.dz\"],\"url\":\"https:\\\/\\\/lasentinelle.dz\\\/author\\\/redaction\\\/\"}]}<\/script>\n<!-- \/ Yoast SEO plugin. -->","yoast_head_json":{"title":"Eliminatoires CAN 2024 Dames\u00a0: Les Vertes pour confirmer - La Sentinelle","robots":{"index":"index","follow":"follow","max-snippet":"max-snippet:-1","max-image-preview":"max-image-preview:large","max-video-preview":"max-video-preview:-1"},"canonical":"https:\/\/lasentinelle.dz\/index.php\/2023\/09\/25\/eliminatoires-can-2024-dames-les-vertes-pour-confirmer\/","og_locale":"fr_FR","og_type":"article","og_title":"Eliminatoires CAN 2024 Dames\u00a0: Les Vertes pour confirmer - La Sentinelle","og_description":"La s\u00e9lection nationale f\u00e9minine de football, affrontera ce soir \u00e0 19h00 son homologue ougandaise au stade Miloud-Hadefi d&rsquo;Oran. Les Verts","og_url":"https:\/\/lasentinelle.dz\/index.php\/2023\/09\/25\/eliminatoires-can-2024-dames-les-vertes-pour-confirmer\/","og_site_name":"La Sentinelle","article_publisher":"https:\/\/www.facebook.com\/La-Sentinelle-104059864394773","article_published_time":"2023-09-25T20:05:14+00:00","article_modified_time":"2023-09-25T20:05:16+00:00","og_image":[{"width":2560,"height":1706,"url":"https:\/\/lasentinelle.dz\/wp-content\/uploads\/2023\/09\/dames.jpeg","type":"image\/jpeg"}],"author":"La Sentinelle","twitter_card":"summary_large_image","twitter_misc":{"\u00c9crit par":"La Sentinelle","Dur\u00e9e de lecture estim\u00e9e":"2 minutes"},"schema":{"@context":"https:\/\/schema.org","@graph":[{"@type":"Article","@id":"https:\/\/lasentinelle.dz\/index.php\/2023\/09\/25\/eliminatoires-can-2024-dames-les-vertes-pour-confirmer\/#article","isPartOf":{"@id":"https:\/\/lasentinelle.dz\/index.php\/2023\/09\/25\/eliminatoires-can-2024-dames-les-vertes-pour-confirmer\/"},"author":{"name":"La Sentinelle","@id":"https:\/\/lasentinelle.dz\/#\/schema\/person\/d865044e22e70a75174ce8bcad3acfb3"},"headline":"Eliminatoires CAN 2024 Dames\u00a0: Les Vertes pour confirmer","datePublished":"2023-09-25T20:05:14+00:00","dateModified":"2023-09-25T20:05:16+00:00","mainEntityOfPage":{"@id":"https:\/\/lasentinelle.dz\/index.php\/2023\/09\/25\/eliminatoires-can-2024-dames-les-vertes-pour-confirmer\/"},"wordCount":408,"commentCount":0,"publisher":{"@id":"https:\/\/lasentinelle.dz\/#organization"},"image":{"@id":"https:\/\/lasentinelle.dz\/index.php\/2023\/09\/25\/eliminatoires-can-2024-dames-les-vertes-pour-confirmer\/#primaryimage"},"thumbnailUrl":"https:\/\/lasentinelle.dz\/wp-content\/uploads\/2023\/09\/dames.jpeg","articleSection":["Sports"],"inLanguage":"fr-FR","potentialAction":[{"@type":"CommentAction","name":"Comment","target":["https:\/\/lasentinelle.dz\/index.php\/2023\/09\/25\/eliminatoires-can-2024-dames-les-vertes-pour-confirmer\/#respond"]}]},{"@type":"WebPage","@id":"https:\/\/lasentinelle.dz\/index.php\/2023\/09\/25\/eliminatoires-can-2024-dames-les-vertes-pour-confirmer\/","url":"https:\/\/lasentinelle.dz\/index.php\/2023\/09\/25\/eliminatoires-can-2024-dames-les-vertes-pour-confirmer\/","name":"Eliminatoires CAN 2024 Dames\u00a0: Les Vertes pour confirmer - La Sentinelle","isPartOf":{"@id":"https:\/\/lasentinelle.dz\/#website"},"primaryImageOfPage":{"@id":"https:\/\/lasentinelle.dz\/index.php\/2023\/09\/25\/eliminatoires-can-2024-dames-les-vertes-pour-confirmer\/#primaryimage"},"image":{"@id":"https:\/\/lasentinelle.dz\/index.php\/2023\/09\/25\/eliminatoires-can-2024-dames-les-vertes-pour-confirmer\/#primaryimage"},"thumbnailUrl":"https:\/\/lasentinelle.dz\/wp-content\/uploads\/2023\/09\/dames.jpeg","datePublished":"2023-09-25T20:05:14+00:00","dateModified":"2023-09-25T20:05:16+00:00","breadcrumb":{"@id":"https:\/\/lasentinelle.dz\/index.php\/2023\/09\/25\/eliminatoires-can-2024-dames-les-vertes-pour-confirmer\/#breadcrumb"},"inLanguage":"fr-FR","potentialAction":[{"@type":"ReadAction","target":["https:\/\/lasentinelle.dz\/index.php\/2023\/09\/25\/eliminatoires-can-2024-dames-les-vertes-pour-confirmer\/"]}]},{"@type":"ImageObject","inLanguage":"fr-FR","@id":"https:\/\/lasentinelle.dz\/index.php\/2023\/09\/25\/eliminatoires-can-2024-dames-les-vertes-pour-confirmer\/#primaryimage","url":"https:\/\/lasentinelle.dz\/wp-content\/uploads\/2023\/09\/dames.jpeg","contentUrl":"https:\/\/lasentinelle.dz\/wp-content\/uploads\/2023\/09\/dames.jpeg","width":2560,"height":1706},{"@type":"BreadcrumbList","@id":"https:\/\/lasentinelle.dz\/index.php\/2023\/09\/25\/eliminatoires-can-2024-dames-les-vertes-pour-confirmer\/#breadcrumb","itemListElement":[{"@type":"ListItem","position":1,"name":"Accueil","item":"https:\/\/lasentinelle.dz\/"},{"@type":"ListItem","position":2,"name":"Eliminatoires CAN 2024 Dames\u00a0: Les Vertes pour confirmer"}]},{"@type":"WebSite","@id":"https:\/\/lasentinelle.dz\/#website","url":"https:\/\/lasentinelle.dz\/","name":"La Sentinelle","description":"Quotidien national d&#039;information","publisher":{"@id":"https:\/\/lasentinelle.dz\/#organization"},"potentialAction":[{"@type":"SearchAction","target":{"@type":"EntryPoint","urlTemplate":"https:\/\/lasentinelle.dz\/?s={search_term_string}"},"query-input":{"@type":"PropertyValueSpecification","valueRequired":true,"valueName":"search_term_string"}}],"inLanguage":"fr-FR"},{"@type":"Organization","@id":"https:\/\/lasentinelle.dz\/#organization","name":"Quotidien La Sentinelle","url":"https:\/\/lasentinelle.dz\/","logo":{"@type":"ImageObject","inLanguage":"fr-FR","@id":"https:\/\/lasentinelle.dz\/#\/schema\/logo\/image\/","url":"https:\/\/lasentinelle.dz\/wp-content\/uploads\/2021\/09\/logo-sentinelleSLOGAN-1.png","contentUrl":"https:\/\/lasentinelle.dz\/wp-content\/uploads\/2021\/09\/logo-sentinelleSLOGAN-1.png","width":615,"height":142,"caption":"Quotidien La Sentinelle"},"image":{"@id":"https:\/\/lasentinelle.dz\/#\/schema\/logo\/image\/"},"sameAs":["https:\/\/www.facebook.com\/La-Sentinelle-104059864394773"]},{"@type":"Person","@id":"https:\/\/lasentinelle.dz\/#\/schema\/person\/d865044e22e70a75174ce8bcad3acfb3","name":"La Sentinelle","image":{"@type":"ImageObject","inLanguage":"fr-FR","@id":"https:\/\/secure.gravatar.com\/avatar\/57de8e5d4b15d43fb361a71fbb36338450fe67865b528a43dd10ef7c51a20392?s=96&d=mm&r=g","url":"https:\/\/secure.gravatar.com\/avatar\/57de8e5d4b15d43fb361a71fbb36338450fe67865b528a43dd10ef7c51a20392?s=96&d=mm&r=g","contentUrl":"https:\/\/secure.gravatar.com\/avatar\/57de8e5d4b15d43fb361a71fbb36338450fe67865b528a43dd10ef7c51a20392?s=96&d=mm&r=g","caption":"La Sentinelle"},"sameAs":["http:\/\/www.lasentinelle.dz"],"url":"https:\/\/lasentinelle.dz\/author\/redaction\/"}]}},"_links":{"self":[{"href":"https:\/\/lasentinelle.dz\/index.php\/wp-json\/wp\/v2\/posts\/45817","targetHints":{"allow":["GET"]}}],"collection":[{"href":"https:\/\/lasentinelle.dz\/index.php\/wp-json\/wp\/v2\/posts"}],"about":[{"href":"https:\/\/lasentinelle.dz\/index.php\/wp-json\/wp\/v2\/types\/post"}],"author":[{"embeddable":true,"href":"https:\/\/lasentinelle.dz\/index.php\/wp-json\/wp\/v2\/users\/3"}],"replies":[{"embeddable":true,"href":"https:\/\/lasentinelle.dz\/index.php\/wp-json\/wp\/v2\/comments?post=45817"}],"version-history":[{"count":1,"href":"https:\/\/lasentinelle.dz\/index.php\/wp-json\/wp\/v2\/posts\/45817\/revisions"}],"predecessor-version":[{"id":45819,"href":"https:\/\/lasentinelle.dz\/index.php\/wp-json\/wp\/v2\/posts\/45817\/revisions\/45819"}],"wp:featuredmedia":[{"embeddable":true,"href":"https:\/\/lasentinelle.dz\/index.php\/wp-json\/wp\/v2\/media\/45818"}],"wp:attachment":[{"href":"https:\/\/lasentinelle.dz\/index.php\/wp-json\/wp\/v2\/media?parent=45817"}],"wp:term":[{"taxonomy":"category","embeddable":true,"href":"https:\/\/lasentinelle.dz\/index.php\/wp-json\/wp\/v2\/categories?post=45817"},{"taxonomy":"post_tag","embeddable":true,"href":"https:\/\/lasentinelle.dz\/index.php\/wp-json\/wp\/v2\/tags?post=45817"}],"curies":[{"name":"wp","href":"https:\/\/api.w.org\/{rel}","templated":true}]}}