{"id":45820,"date":"2023-09-25T21:06:28","date_gmt":"2023-09-25T20:06:28","guid":{"rendered":"https:\/\/lasentinelle.dz\/?p=45820"},"modified":"2023-09-25T21:06:31","modified_gmt":"2023-09-25T20:06:31","slug":"en-prevision-du-match-amical-face-a-lalgerie-le-pharaons-font-appel-a-leurs-internationaux","status":"publish","type":"post","link":"https:\/\/lasentinelle.dz\/index.php\/2023\/09\/25\/en-prevision-du-match-amical-face-a-lalgerie-le-pharaons-font-appel-a-leurs-internationaux\/","title":{"rendered":"En pr\u00e9vision du match amical face \u00e0 l\u2019Alg\u00e9rie\u00a0: Le Pharaons font appel \u00e0 leurs internationaux"},"content":{"rendered":"\n<p>L\u2019Alg\u00e9rie affrontera l\u2019\u00c9gypte le 16 octobre prochain \u00e0 Abu Dhabi aux \u00c9mirats arabes unis. Une confrontation qui est loin d\u2019\u00eatre un simple match de gala et qui est prise au s\u00e9rieux par les deux poids lourds du foot africain. La premi\u00e8re liste des joueurs pr\u00e9s\u00e9lectionn\u00e9s publi\u00e9e hier par les Pharaons d\u00e9montre bien que ces derniers n\u2019entendent pas prendre leurs adversaires alg\u00e9riens \u00e0 la l\u00e9g\u00e8re et qu\u2019ils comptent aligner un effectif au complet en pr\u00e9vision de ce match. En effet, la F\u00e9d\u00e9ration \u00e9gyptienne de football (EFA) a annonc\u00e9 la pr\u00e9-s\u00e9lection d\u2019une dizaine d\u2019internationaux retenus par le s\u00e9lectionneur <a><\/a><a>Rui Vit\u00f3ria<\/a>, en vue des matchs amicaux contre la Zambie et l\u2019Alg\u00e9rie. Ainsi 10 internationaux ont \u00e9t\u00e9 convoqu\u00e9s, dont 4 effectuant leur retour. Au-del\u00e0 de la star de Liverpool Mohamed Salah, appel\u00e9 par Rui Vit\u00f3ria, l\u2019effectif comptera l\u2019avant-centre Ahmed Hassan Kouka. Indisponible pour cause d\u2019une blessure au genou (mai-septembre 2023), il avait manqu\u00e9 les rassemblements de juin et de septembre. Sa derni\u00e8re convocation remonte \u00e0 la double confrontation avec le Malawi, dans le cadre des \u00e9liminatoires pour la CAN 2023 (2-0, 0-4) en mars. Transf\u00e9r\u00e9 librement cet \u00e9t\u00e9 depuis l\u2019Olympiakos (Gr\u00e8ce) vers le club turc de Pendikspor, il n\u2019a encore disput\u00e9 aucune minute sous ses nouvelles couleurs cette saison. Mohamed Elneny &nbsp;absent en raison d\u2019une blessure au genou l\u2019ayant tenu \u00e9loign\u00e9 des terrains pendant 9 mois (janvier-septembre 2023) fera \u00e9galement son retour. le milieu d\u00e9fensif de 31 ans n\u2019avait plus \u00e9t\u00e9 convoqu\u00e9 depuis novembre 2022, et l\u2019amical contre la Belgique (victoire 1-2). La semaine pass\u00e9e, il \u00e9tait sur le banc d\u2019Arsenal contre le PSV Eindhoven en Ligue des Champions, puis face \u00e0 Tottenham pour la 6e journ\u00e9e de Premier League, quelques jours apr\u00e8s avoir repris l\u2019entrainement. Le coach des Pharaons a \u00e9galement appel\u00e9 Mohamed Hassan Tr\u00e9z\u00e9guet (Trabzonspor), Tarek Hamed (Damac FC), Mustafa Mohamed (FC Nantes), Omar Mermoush (E. Frankfurt), Hamdi Fathy (Al Wakrah), Mohamed Sh\u00e9rif (Khaleej FC), Samy Morsy (Ipswich) et Ahmed Hamdi (CF Montr\u00e9al). Les \u00c9gyptiens d\u00e9buteront leur regroupement \u00e9mirati le 9 octobre prochain. Ils affronteront la Zambie le 12 octobre puis aux Verts. Le m\u00eame jour les Verts affronteront en amical le Cap-Vert au stade Chahid Hamlaoui de Constantine, dans le cadre de leur stage de pr\u00e9paration en pr\u00e9vision du d\u00e9but des \u00c9liminatoires du Mondial 2026 en novembre prochain.<\/p>\n\n\n\n<p><strong>Moncef Dahleb<\/strong><\/p>\n","protected":false},"excerpt":{"rendered":"<p>L\u2019Alg\u00e9rie affrontera l\u2019\u00c9gypte le 16 octobre prochain \u00e0 Abu Dhabi aux \u00c9mirats arabes unis. Une confrontation qui est loin d\u2019\u00eatre<\/p>\n","protected":false},"author":3,"featured_media":45485,"comment_status":"open","ping_status":"closed","sticky":false,"template":"","format":"standard","meta":{"colormag_page_container_layout":"default_layout","colormag_page_sidebar_layout":"default_layout","om_disable_all_campaigns":false,"_monsterinsights_skip_tracking":false,"_monsterinsights_sitenote_active":false,"_monsterinsights_sitenote_note":"","_monsterinsights_sitenote_category":0,"footnotes":"","_wpscppro_dont_share_socialmedia":false,"_wpscppro_custom_social_share_image":0,"_facebook_share_type":"","_twitter_share_type":"","_linkedin_share_type":"","_pinterest_share_type":"","_linkedin_share_type_page":"","_instagram_share_type":"","_medium_share_type":"","_threads_share_type":"","_google_business_share_type":"","_selected_social_profile":[],"_wpsp_enable_custom_social_template":false,"_wpsp_social_scheduling":{"enabled":false,"datetime":null,"platforms":[],"status":"template_only","dateOption":"today","timeOption":"now","customDays":"","customHours":"","customDate":"","customTime":"","schedulingType":"absolute"},"_wpsp_active_default_template":true},"categories":[52,33],"tags":[],"class_list":["post-45820","post","type-post","status-publish","format-standard","has-post-thumbnail","hentry","category-a-la-une","category-sports"],"aioseo_notices":[],"yoast_head":"<!-- This site is optimized with the Yoast SEO plugin v27.5 - https:\/\/yoast.com\/product\/yoast-seo-wordpress\/ -->\n<title>En pr\u00e9vision du match amical face \u00e0 l\u2019Alg\u00e9rie\u00a0: Le Pharaons font appel \u00e0 leurs internationaux - La Sentinelle<\/title>\n<meta name=\"robots\" content=\"index, follow, max-snippet:-1, max-image-preview:large, max-video-preview:-1\" \/>\n<link rel=\"canonical\" href=\"https:\/\/lasentinelle.dz\/index.php\/2023\/09\/25\/en-prevision-du-match-amical-face-a-lalgerie-le-pharaons-font-appel-a-leurs-internationaux\/\" \/>\n<meta property=\"og:locale\" content=\"fr_FR\" \/>\n<meta property=\"og:type\" content=\"article\" \/>\n<meta property=\"og:title\" content=\"En pr\u00e9vision du match amical face \u00e0 l\u2019Alg\u00e9rie\u00a0: Le Pharaons font appel \u00e0 leurs internationaux - La Sentinelle\" \/>\n<meta property=\"og:description\" content=\"L\u2019Alg\u00e9rie affrontera l\u2019\u00c9gypte le 16 octobre prochain \u00e0 Abu Dhabi aux \u00c9mirats arabes unis. Une confrontation qui est loin d\u2019\u00eatre\" \/>\n<meta property=\"og:url\" content=\"https:\/\/lasentinelle.dz\/index.php\/2023\/09\/25\/en-prevision-du-match-amical-face-a-lalgerie-le-pharaons-font-appel-a-leurs-internationaux\/\" \/>\n<meta property=\"og:site_name\" content=\"La Sentinelle\" \/>\n<meta property=\"article:publisher\" content=\"https:\/\/www.facebook.com\/La-Sentinelle-104059864394773\" \/>\n<meta property=\"article:published_time\" content=\"2023-09-25T20:06:28+00:00\" \/>\n<meta property=\"article:modified_time\" content=\"2023-09-25T20:06:31+00:00\" \/>\n<meta property=\"og:image\" content=\"https:\/\/lasentinelle.dz\/wp-content\/uploads\/2023\/09\/algerie-egypte.png\" \/>\n\t<meta property=\"og:image:width\" content=\"1200\" \/>\n\t<meta property=\"og:image:height\" content=\"667\" \/>\n\t<meta property=\"og:image:type\" content=\"image\/png\" \/>\n<meta name=\"author\" content=\"La Sentinelle\" \/>\n<meta name=\"twitter:card\" content=\"summary_large_image\" \/>\n<meta name=\"twitter:label1\" content=\"\u00c9crit par\" \/>\n\t<meta name=\"twitter:data1\" content=\"La Sentinelle\" \/>\n\t<meta name=\"twitter:label2\" content=\"Dur\u00e9e de lecture estim\u00e9e\" \/>\n\t<meta name=\"twitter:data2\" content=\"2 minutes\" \/>\n<script type=\"application\/ld+json\" class=\"yoast-schema-graph\">{\"@context\":\"https:\\\/\\\/schema.org\",\"@graph\":[{\"@type\":\"Article\",\"@id\":\"https:\\\/\\\/lasentinelle.dz\\\/index.php\\\/2023\\\/09\\\/25\\\/en-prevision-du-match-amical-face-a-lalgerie-le-pharaons-font-appel-a-leurs-internationaux\\\/#article\",\"isPartOf\":{\"@id\":\"https:\\\/\\\/lasentinelle.dz\\\/index.php\\\/2023\\\/09\\\/25\\\/en-prevision-du-match-amical-face-a-lalgerie-le-pharaons-font-appel-a-leurs-internationaux\\\/\"},\"author\":{\"name\":\"La Sentinelle\",\"@id\":\"https:\\\/\\\/lasentinelle.dz\\\/#\\\/schema\\\/person\\\/d865044e22e70a75174ce8bcad3acfb3\"},\"headline\":\"En pr\u00e9vision du match amical face \u00e0 l\u2019Alg\u00e9rie\u00a0: Le Pharaons font appel \u00e0 leurs internationaux\",\"datePublished\":\"2023-09-25T20:06:28+00:00\",\"dateModified\":\"2023-09-25T20:06:31+00:00\",\"mainEntityOfPage\":{\"@id\":\"https:\\\/\\\/lasentinelle.dz\\\/index.php\\\/2023\\\/09\\\/25\\\/en-prevision-du-match-amical-face-a-lalgerie-le-pharaons-font-appel-a-leurs-internationaux\\\/\"},\"wordCount\":436,\"commentCount\":0,\"publisher\":{\"@id\":\"https:\\\/\\\/lasentinelle.dz\\\/#organization\"},\"image\":{\"@id\":\"https:\\\/\\\/lasentinelle.dz\\\/index.php\\\/2023\\\/09\\\/25\\\/en-prevision-du-match-amical-face-a-lalgerie-le-pharaons-font-appel-a-leurs-internationaux\\\/#primaryimage\"},\"thumbnailUrl\":\"https:\\\/\\\/lasentinelle.dz\\\/wp-content\\\/uploads\\\/2023\\\/09\\\/algerie-egypte.png\",\"articleSection\":[\"\u00c0 la Une\",\"Sports\"],\"inLanguage\":\"fr-FR\",\"potentialAction\":[{\"@type\":\"CommentAction\",\"name\":\"Comment\",\"target\":[\"https:\\\/\\\/lasentinelle.dz\\\/index.php\\\/2023\\\/09\\\/25\\\/en-prevision-du-match-amical-face-a-lalgerie-le-pharaons-font-appel-a-leurs-internationaux\\\/#respond\"]}]},{\"@type\":\"WebPage\",\"@id\":\"https:\\\/\\\/lasentinelle.dz\\\/index.php\\\/2023\\\/09\\\/25\\\/en-prevision-du-match-amical-face-a-lalgerie-le-pharaons-font-appel-a-leurs-internationaux\\\/\",\"url\":\"https:\\\/\\\/lasentinelle.dz\\\/index.php\\\/2023\\\/09\\\/25\\\/en-prevision-du-match-amical-face-a-lalgerie-le-pharaons-font-appel-a-leurs-internationaux\\\/\",\"name\":\"En pr\u00e9vision du match amical face \u00e0 l\u2019Alg\u00e9rie\u00a0: Le Pharaons font appel \u00e0 leurs internationaux - La Sentinelle\",\"isPartOf\":{\"@id\":\"https:\\\/\\\/lasentinelle.dz\\\/#website\"},\"primaryImageOfPage\":{\"@id\":\"https:\\\/\\\/lasentinelle.dz\\\/index.php\\\/2023\\\/09\\\/25\\\/en-prevision-du-match-amical-face-a-lalgerie-le-pharaons-font-appel-a-leurs-internationaux\\\/#primaryimage\"},\"image\":{\"@id\":\"https:\\\/\\\/lasentinelle.dz\\\/index.php\\\/2023\\\/09\\\/25\\\/en-prevision-du-match-amical-face-a-lalgerie-le-pharaons-font-appel-a-leurs-internationaux\\\/#primaryimage\"},\"thumbnailUrl\":\"https:\\\/\\\/lasentinelle.dz\\\/wp-content\\\/uploads\\\/2023\\\/09\\\/algerie-egypte.png\",\"datePublished\":\"2023-09-25T20:06:28+00:00\",\"dateModified\":\"2023-09-25T20:06:31+00:00\",\"breadcrumb\":{\"@id\":\"https:\\\/\\\/lasentinelle.dz\\\/index.php\\\/2023\\\/09\\\/25\\\/en-prevision-du-match-amical-face-a-lalgerie-le-pharaons-font-appel-a-leurs-internationaux\\\/#breadcrumb\"},\"inLanguage\":\"fr-FR\",\"potentialAction\":[{\"@type\":\"ReadAction\",\"target\":[\"https:\\\/\\\/lasentinelle.dz\\\/index.php\\\/2023\\\/09\\\/25\\\/en-prevision-du-match-amical-face-a-lalgerie-le-pharaons-font-appel-a-leurs-internationaux\\\/\"]}]},{\"@type\":\"ImageObject\",\"inLanguage\":\"fr-FR\",\"@id\":\"https:\\\/\\\/lasentinelle.dz\\\/index.php\\\/2023\\\/09\\\/25\\\/en-prevision-du-match-amical-face-a-lalgerie-le-pharaons-font-appel-a-leurs-internationaux\\\/#primaryimage\",\"url\":\"https:\\\/\\\/lasentinelle.dz\\\/wp-content\\\/uploads\\\/2023\\\/09\\\/algerie-egypte.png\",\"contentUrl\":\"https:\\\/\\\/lasentinelle.dz\\\/wp-content\\\/uploads\\\/2023\\\/09\\\/algerie-egypte.png\",\"width\":1200,\"height\":667},{\"@type\":\"BreadcrumbList\",\"@id\":\"https:\\\/\\\/lasentinelle.dz\\\/index.php\\\/2023\\\/09\\\/25\\\/en-prevision-du-match-amical-face-a-lalgerie-le-pharaons-font-appel-a-leurs-internationaux\\\/#breadcrumb\",\"itemListElement\":[{\"@type\":\"ListItem\",\"position\":1,\"name\":\"Accueil\",\"item\":\"https:\\\/\\\/lasentinelle.dz\\\/\"},{\"@type\":\"ListItem\",\"position\":2,\"name\":\"En pr\u00e9vision du match amical face \u00e0 l\u2019Alg\u00e9rie\u00a0: Le Pharaons font appel \u00e0 leurs internationaux\"}]},{\"@type\":\"WebSite\",\"@id\":\"https:\\\/\\\/lasentinelle.dz\\\/#website\",\"url\":\"https:\\\/\\\/lasentinelle.dz\\\/\",\"name\":\"La Sentinelle\",\"description\":\"Quotidien national d&#039;information\",\"publisher\":{\"@id\":\"https:\\\/\\\/lasentinelle.dz\\\/#organization\"},\"potentialAction\":[{\"@type\":\"SearchAction\",\"target\":{\"@type\":\"EntryPoint\",\"urlTemplate\":\"https:\\\/\\\/lasentinelle.dz\\\/?s={search_term_string}\"},\"query-input\":{\"@type\":\"PropertyValueSpecification\",\"valueRequired\":true,\"valueName\":\"search_term_string\"}}],\"inLanguage\":\"fr-FR\"},{\"@type\":\"Organization\",\"@id\":\"https:\\\/\\\/lasentinelle.dz\\\/#organization\",\"name\":\"Quotidien La Sentinelle\",\"url\":\"https:\\\/\\\/lasentinelle.dz\\\/\",\"logo\":{\"@type\":\"ImageObject\",\"inLanguage\":\"fr-FR\",\"@id\":\"https:\\\/\\\/lasentinelle.dz\\\/#\\\/schema\\\/logo\\\/image\\\/\",\"url\":\"https:\\\/\\\/lasentinelle.dz\\\/wp-content\\\/uploads\\\/2021\\\/09\\\/logo-sentinelleSLOGAN-1.png\",\"contentUrl\":\"https:\\\/\\\/lasentinelle.dz\\\/wp-content\\\/uploads\\\/2021\\\/09\\\/logo-sentinelleSLOGAN-1.png\",\"width\":615,\"height\":142,\"caption\":\"Quotidien La Sentinelle\"},\"image\":{\"@id\":\"https:\\\/\\\/lasentinelle.dz\\\/#\\\/schema\\\/logo\\\/image\\\/\"},\"sameAs\":[\"https:\\\/\\\/www.facebook.com\\\/La-Sentinelle-104059864394773\"]},{\"@type\":\"Person\",\"@id\":\"https:\\\/\\\/lasentinelle.dz\\\/#\\\/schema\\\/person\\\/d865044e22e70a75174ce8bcad3acfb3\",\"name\":\"La Sentinelle\",\"image\":{\"@type\":\"ImageObject\",\"inLanguage\":\"fr-FR\",\"@id\":\"https:\\\/\\\/secure.gravatar.com\\\/avatar\\\/57de8e5d4b15d43fb361a71fbb36338450fe67865b528a43dd10ef7c51a20392?s=96&d=mm&r=g\",\"url\":\"https:\\\/\\\/secure.gravatar.com\\\/avatar\\\/57de8e5d4b15d43fb361a71fbb36338450fe67865b528a43dd10ef7c51a20392?s=96&d=mm&r=g\",\"contentUrl\":\"https:\\\/\\\/secure.gravatar.com\\\/avatar\\\/57de8e5d4b15d43fb361a71fbb36338450fe67865b528a43dd10ef7c51a20392?s=96&d=mm&r=g\",\"caption\":\"La Sentinelle\"},\"sameAs\":[\"http:\\\/\\\/www.lasentinelle.dz\"],\"url\":\"https:\\\/\\\/lasentinelle.dz\\\/author\\\/redaction\\\/\"}]}<\/script>\n<!-- \/ Yoast SEO plugin. -->","yoast_head_json":{"title":"En pr\u00e9vision du match amical face \u00e0 l\u2019Alg\u00e9rie\u00a0: Le Pharaons font appel \u00e0 leurs internationaux - La Sentinelle","robots":{"index":"index","follow":"follow","max-snippet":"max-snippet:-1","max-image-preview":"max-image-preview:large","max-video-preview":"max-video-preview:-1"},"canonical":"https:\/\/lasentinelle.dz\/index.php\/2023\/09\/25\/en-prevision-du-match-amical-face-a-lalgerie-le-pharaons-font-appel-a-leurs-internationaux\/","og_locale":"fr_FR","og_type":"article","og_title":"En pr\u00e9vision du match amical face \u00e0 l\u2019Alg\u00e9rie\u00a0: Le Pharaons font appel \u00e0 leurs internationaux - La Sentinelle","og_description":"L\u2019Alg\u00e9rie affrontera l\u2019\u00c9gypte le 16 octobre prochain \u00e0 Abu Dhabi aux \u00c9mirats arabes unis. Une confrontation qui est loin d\u2019\u00eatre","og_url":"https:\/\/lasentinelle.dz\/index.php\/2023\/09\/25\/en-prevision-du-match-amical-face-a-lalgerie-le-pharaons-font-appel-a-leurs-internationaux\/","og_site_name":"La Sentinelle","article_publisher":"https:\/\/www.facebook.com\/La-Sentinelle-104059864394773","article_published_time":"2023-09-25T20:06:28+00:00","article_modified_time":"2023-09-25T20:06:31+00:00","og_image":[{"width":1200,"height":667,"url":"https:\/\/lasentinelle.dz\/wp-content\/uploads\/2023\/09\/algerie-egypte.png","type":"image\/png"}],"author":"La Sentinelle","twitter_card":"summary_large_image","twitter_misc":{"\u00c9crit par":"La Sentinelle","Dur\u00e9e de lecture estim\u00e9e":"2 minutes"},"schema":{"@context":"https:\/\/schema.org","@graph":[{"@type":"Article","@id":"https:\/\/lasentinelle.dz\/index.php\/2023\/09\/25\/en-prevision-du-match-amical-face-a-lalgerie-le-pharaons-font-appel-a-leurs-internationaux\/#article","isPartOf":{"@id":"https:\/\/lasentinelle.dz\/index.php\/2023\/09\/25\/en-prevision-du-match-amical-face-a-lalgerie-le-pharaons-font-appel-a-leurs-internationaux\/"},"author":{"name":"La Sentinelle","@id":"https:\/\/lasentinelle.dz\/#\/schema\/person\/d865044e22e70a75174ce8bcad3acfb3"},"headline":"En pr\u00e9vision du match amical face \u00e0 l\u2019Alg\u00e9rie\u00a0: Le Pharaons font appel \u00e0 leurs internationaux","datePublished":"2023-09-25T20:06:28+00:00","dateModified":"2023-09-25T20:06:31+00:00","mainEntityOfPage":{"@id":"https:\/\/lasentinelle.dz\/index.php\/2023\/09\/25\/en-prevision-du-match-amical-face-a-lalgerie-le-pharaons-font-appel-a-leurs-internationaux\/"},"wordCount":436,"commentCount":0,"publisher":{"@id":"https:\/\/lasentinelle.dz\/#organization"},"image":{"@id":"https:\/\/lasentinelle.dz\/index.php\/2023\/09\/25\/en-prevision-du-match-amical-face-a-lalgerie-le-pharaons-font-appel-a-leurs-internationaux\/#primaryimage"},"thumbnailUrl":"https:\/\/lasentinelle.dz\/wp-content\/uploads\/2023\/09\/algerie-egypte.png","articleSection":["\u00c0 la Une","Sports"],"inLanguage":"fr-FR","potentialAction":[{"@type":"CommentAction","name":"Comment","target":["https:\/\/lasentinelle.dz\/index.php\/2023\/09\/25\/en-prevision-du-match-amical-face-a-lalgerie-le-pharaons-font-appel-a-leurs-internationaux\/#respond"]}]},{"@type":"WebPage","@id":"https:\/\/lasentinelle.dz\/index.php\/2023\/09\/25\/en-prevision-du-match-amical-face-a-lalgerie-le-pharaons-font-appel-a-leurs-internationaux\/","url":"https:\/\/lasentinelle.dz\/index.php\/2023\/09\/25\/en-prevision-du-match-amical-face-a-lalgerie-le-pharaons-font-appel-a-leurs-internationaux\/","name":"En pr\u00e9vision du match amical face \u00e0 l\u2019Alg\u00e9rie\u00a0: Le Pharaons font appel \u00e0 leurs internationaux - La Sentinelle","isPartOf":{"@id":"https:\/\/lasentinelle.dz\/#website"},"primaryImageOfPage":{"@id":"https:\/\/lasentinelle.dz\/index.php\/2023\/09\/25\/en-prevision-du-match-amical-face-a-lalgerie-le-pharaons-font-appel-a-leurs-internationaux\/#primaryimage"},"image":{"@id":"https:\/\/lasentinelle.dz\/index.php\/2023\/09\/25\/en-prevision-du-match-amical-face-a-lalgerie-le-pharaons-font-appel-a-leurs-internationaux\/#primaryimage"},"thumbnailUrl":"https:\/\/lasentinelle.dz\/wp-content\/uploads\/2023\/09\/algerie-egypte.png","datePublished":"2023-09-25T20:06:28+00:00","dateModified":"2023-09-25T20:06:31+00:00","breadcrumb":{"@id":"https:\/\/lasentinelle.dz\/index.php\/2023\/09\/25\/en-prevision-du-match-amical-face-a-lalgerie-le-pharaons-font-appel-a-leurs-internationaux\/#breadcrumb"},"inLanguage":"fr-FR","potentialAction":[{"@type":"ReadAction","target":["https:\/\/lasentinelle.dz\/index.php\/2023\/09\/25\/en-prevision-du-match-amical-face-a-lalgerie-le-pharaons-font-appel-a-leurs-internationaux\/"]}]},{"@type":"ImageObject","inLanguage":"fr-FR","@id":"https:\/\/lasentinelle.dz\/index.php\/2023\/09\/25\/en-prevision-du-match-amical-face-a-lalgerie-le-pharaons-font-appel-a-leurs-internationaux\/#primaryimage","url":"https:\/\/lasentinelle.dz\/wp-content\/uploads\/2023\/09\/algerie-egypte.png","contentUrl":"https:\/\/lasentinelle.dz\/wp-content\/uploads\/2023\/09\/algerie-egypte.png","width":1200,"height":667},{"@type":"BreadcrumbList","@id":"https:\/\/lasentinelle.dz\/index.php\/2023\/09\/25\/en-prevision-du-match-amical-face-a-lalgerie-le-pharaons-font-appel-a-leurs-internationaux\/#breadcrumb","itemListElement":[{"@type":"ListItem","position":1,"name":"Accueil","item":"https:\/\/lasentinelle.dz\/"},{"@type":"ListItem","position":2,"name":"En pr\u00e9vision du match amical face \u00e0 l\u2019Alg\u00e9rie\u00a0: Le Pharaons font appel \u00e0 leurs internationaux"}]},{"@type":"WebSite","@id":"https:\/\/lasentinelle.dz\/#website","url":"https:\/\/lasentinelle.dz\/","name":"La Sentinelle","description":"Quotidien national d&#039;information","publisher":{"@id":"https:\/\/lasentinelle.dz\/#organization"},"potentialAction":[{"@type":"SearchAction","target":{"@type":"EntryPoint","urlTemplate":"https:\/\/lasentinelle.dz\/?s={search_term_string}"},"query-input":{"@type":"PropertyValueSpecification","valueRequired":true,"valueName":"search_term_string"}}],"inLanguage":"fr-FR"},{"@type":"Organization","@id":"https:\/\/lasentinelle.dz\/#organization","name":"Quotidien La Sentinelle","url":"https:\/\/lasentinelle.dz\/","logo":{"@type":"ImageObject","inLanguage":"fr-FR","@id":"https:\/\/lasentinelle.dz\/#\/schema\/logo\/image\/","url":"https:\/\/lasentinelle.dz\/wp-content\/uploads\/2021\/09\/logo-sentinelleSLOGAN-1.png","contentUrl":"https:\/\/lasentinelle.dz\/wp-content\/uploads\/2021\/09\/logo-sentinelleSLOGAN-1.png","width":615,"height":142,"caption":"Quotidien La Sentinelle"},"image":{"@id":"https:\/\/lasentinelle.dz\/#\/schema\/logo\/image\/"},"sameAs":["https:\/\/www.facebook.com\/La-Sentinelle-104059864394773"]},{"@type":"Person","@id":"https:\/\/lasentinelle.dz\/#\/schema\/person\/d865044e22e70a75174ce8bcad3acfb3","name":"La Sentinelle","image":{"@type":"ImageObject","inLanguage":"fr-FR","@id":"https:\/\/secure.gravatar.com\/avatar\/57de8e5d4b15d43fb361a71fbb36338450fe67865b528a43dd10ef7c51a20392?s=96&d=mm&r=g","url":"https:\/\/secure.gravatar.com\/avatar\/57de8e5d4b15d43fb361a71fbb36338450fe67865b528a43dd10ef7c51a20392?s=96&d=mm&r=g","contentUrl":"https:\/\/secure.gravatar.com\/avatar\/57de8e5d4b15d43fb361a71fbb36338450fe67865b528a43dd10ef7c51a20392?s=96&d=mm&r=g","caption":"La Sentinelle"},"sameAs":["http:\/\/www.lasentinelle.dz"],"url":"https:\/\/lasentinelle.dz\/author\/redaction\/"}]}},"_links":{"self":[{"href":"https:\/\/lasentinelle.dz\/index.php\/wp-json\/wp\/v2\/posts\/45820","targetHints":{"allow":["GET"]}}],"collection":[{"href":"https:\/\/lasentinelle.dz\/index.php\/wp-json\/wp\/v2\/posts"}],"about":[{"href":"https:\/\/lasentinelle.dz\/index.php\/wp-json\/wp\/v2\/types\/post"}],"author":[{"embeddable":true,"href":"https:\/\/lasentinelle.dz\/index.php\/wp-json\/wp\/v2\/users\/3"}],"replies":[{"embeddable":true,"href":"https:\/\/lasentinelle.dz\/index.php\/wp-json\/wp\/v2\/comments?post=45820"}],"version-history":[{"count":1,"href":"https:\/\/lasentinelle.dz\/index.php\/wp-json\/wp\/v2\/posts\/45820\/revisions"}],"predecessor-version":[{"id":45821,"href":"https:\/\/lasentinelle.dz\/index.php\/wp-json\/wp\/v2\/posts\/45820\/revisions\/45821"}],"wp:featuredmedia":[{"embeddable":true,"href":"https:\/\/lasentinelle.dz\/index.php\/wp-json\/wp\/v2\/media\/45485"}],"wp:attachment":[{"href":"https:\/\/lasentinelle.dz\/index.php\/wp-json\/wp\/v2\/media?parent=45820"}],"wp:term":[{"taxonomy":"category","embeddable":true,"href":"https:\/\/lasentinelle.dz\/index.php\/wp-json\/wp\/v2\/categories?post=45820"},{"taxonomy":"post_tag","embeddable":true,"href":"https:\/\/lasentinelle.dz\/index.php\/wp-json\/wp\/v2\/tags?post=45820"}],"curies":[{"name":"wp","href":"https:\/\/api.w.org\/{rel}","templated":true}]}}