{"id":45842,"date":"2023-09-25T21:20:00","date_gmt":"2023-09-25T20:20:00","guid":{"rendered":"https:\/\/lasentinelle.dz\/?p=45842"},"modified":"2023-09-25T21:20:12","modified_gmt":"2023-09-25T20:20:12","slug":"les-profanations-du-coran-se-multiplient-lalgerie-appelle-a-une-resolution-durgence","status":"publish","type":"post","link":"https:\/\/lasentinelle.dz\/index.php\/2023\/09\/25\/les-profanations-du-coran-se-multiplient-lalgerie-appelle-a-une-resolution-durgence\/","title":{"rendered":"Les profanations du Coran se multiplient\u00a0: L\u2019Alg\u00e9rie appelle \u00e0 une r\u00e9solution d\u2019urgence"},"content":{"rendered":"\n<p>Les attaques contre le Coran et l\u2019Islam se multiplient en Europe. Ainsi, apr\u00e8s la Su\u00e8de et le Danemark, des actes de profanation et d\u2019autodaf\u00e9 du Coran sont enregistr\u00e9s aux Pays-Bas. Des actes commis par des groupes islamophobes qui commettent ces provocations devant les ambassades de pays musulmans dans le seul objectif de mystifier l\u2019Islam et les Musulmans et d\u2019entretenir la haine. Samedi, Edwin Wagensveld, le chef de PEGIDA, un groupe islamophobe, a d\u00e9chir\u00e9 des exemplaires du Saint Coran devant les ambassades de Turquie, d&rsquo;Indon\u00e9sie et du Pakistan, ainsi que devant l&rsquo;ambassade du Danemark \u00e0 La Haye.<\/p>\n\n\n\n<p>Une situation qui interpelle et qui appelle \u00e0 des mesures urgentes. C\u2019est dans ce contexte que l\u2019Alg\u00e9rie a une nouvelle fois vivement condamn\u00e9 ces actes et appel\u00e9 \u00e0 une r\u00e9solution criminalisant l\u2019atteinte aux symboles religieux et sacr\u00e9s.<\/p>\n\n\n\n<p>En effet, &nbsp;le&nbsp; pr\u00e9sident de l\u2019Assembl\u00e9e populaire nationale (APN) et le pr\u00e9sident de l\u2019Union des Conseils des pays membres de l\u2019Organisation de la coop\u00e9ration islamique, Brahim Boughali, a appel\u00e9, hier \u00e0 Alger, les parlements des Etats membres de l\u2019OCI \u00e0 soumettre \u00ab une clause d\u2019urgence \u00bb lors de la prochaine session de l\u2019Union interparlementaire en vue d\u2019adopter une r\u00e9solution condamnant et criminalisant l\u2019atteinte aux symboles religieux et sacr\u00e9s.<\/p>\n\n\n\n<p>Intervenant par vid\u00e9oconf\u00e9rence lors de la r\u00e9union des parlements de l\u2019Union des Conseils des pays membres de l\u2019Organisation de la coop\u00e9ration islamique, consacr\u00e9e \u00e0 l\u2019examen des moyens d\u2019interdire&nbsp; les comportements abjects qui portent atteinte aux valeurs de tol\u00e9rance et de mod\u00e9ration du Saint Coran, Boughali a condamn\u00e9 et d\u00e9nonc\u00e9 \u00e0 nouveau les agressions ignobles contre la religion islamique et les Musulmans au nom de la libert\u00e9 d\u2019expression \u00bb. Il a soulign\u00e9 dans le m\u00eame contexte que \u00ab ce que certains extr\u00e9mistes ont fait sous la protection de la police dans certains pays europ\u00e9ens en br\u00fblant le Saint Coran, est une provocation qui exacerbe la haine, l\u2019extr\u00e9misme et la violence. C\u2019est aussi une \u00e9preuve pour renforcer notre solidarit\u00e9 pour d\u00e9fendre notre religion \u00bb.<\/p>\n\n\n\n<p>&nbsp;\u00ab Nous prenons acte des excuses tardives des gouvernements su\u00e9dois et danois et leur annonce de r\u00e9examiner leurs lois afin d\u2019\u00e9viter la r\u00e9p\u00e9tition de ces pratiques, ainsi que l\u2019adoption d\u2019une r\u00e9solution par le Conseil des droits de l\u2019homme des Nations Unies condamnant l\u2019autodaf\u00e9 du Saint Coran \u00bb, a-t-il soutenu. \u00ab&nbsp;Nous sommes appel\u00e9s ainsi \u00e0 prendre des mesures appropri\u00e9es pour pr\u00e9venir ces comportements \u00e0 l\u2019avenir, ce qui nous interpelle \u00e0 renforcer en urgence notre solidarit\u00e9 face \u00e0 ces actes odieux \u00e0 travers le renforcement de l\u2019action multilat\u00e9rale pour \u00e9mettre des r\u00e9solutions et des l\u00e9gislations criminalisant les atteintes aux lieux saints religieux, en sus de poursuivre les auteurs et d\u2019emp\u00eacher que ces pratiques ne deviennent un mod\u00e8le social admis dans les milieux populaires et officiels occidentaux \u00bb, a-t-il ajout\u00e9.<\/p>\n\n\n\n<p>Le pr\u00e9sident de l\u2019APN a sugg\u00e9r\u00e9, dans ce sens, \u00ab de pr\u00e9senter une clause d\u2019urgence lors de la prochaine session de l\u2019UIP pour l\u2019adoption d\u2019une r\u00e9solution condamnant toute atteinte aux lieux saints et symboles religieux et criminalisant cet acte odieux \u00bb, appelant tout un chacun \u00ab \u00e0 la coordination des efforts et \u00e0 une action commune pour pr\u00e9senter cette proposition au nom des groupes parlementaires africain, asiatique et arabe \u00bb. Pour rappel, le Conseil des droits de l\u2019Homme de l\u2019ONU a adopt\u00e9 le 12 juillet une r\u00e9solution non contraignante condamnant les autodaf\u00e9s du Coran et autres actes de haine religieuse. Le texte comporte une condamnation de \u00abtout plaidoyer et manifestation de haine religieuse, dont les actes r\u00e9cents, publics et pr\u00e9m\u00e9dit\u00e9s, qui ont d\u00e9sacralis\u00e9 le Coran\u00bb et un appel aux pays \u00e0 adopter des lois leur permettant de traduire en justice les responsables de ces actes. Cette r\u00e9solution demande donc \u00e0 l\u2019ONU d\u2019identifier les pays ne disposant pas d\u2019une telle l\u00e9gislation et d\u2019organiser une table ronde d\u2019experts charg\u00e9s de se pencher sur le sujet.<\/p>\n\n\n\n<p>Pour sa part, le ministre danois de la Justice a pr\u00e9sent\u00e9 un projet de loi, le 25 ao\u00fbt dernier visant \u00e0 interdire la profanation les livres et objets sacr\u00e9s. La loi va \u00ab interdire le traitement inappropri\u00e9 d\u2019objets ayant une signification religieuse importante pour une communaut\u00e9 religieuse \u00bb La Su\u00e8de a pour sa part annonc\u00e9 des mesures beaucoup plus nuanc\u00e9es \u00e0 ce propos. Le fait que la majeure partie des pays europ\u00e9ens pr\u00e9sente l\u2019argument fallacieux de la libert\u00e9 d\u2019expression pour permettre ces actes fonci\u00e8rement racistes et haineux, dans un contexte o\u00f9 l\u2019islamophobie est promue et encourag\u00e9e dans le discours politique ambiant. Une attitude qui a encourag\u00e9 les groupes extr\u00e9mistes \u00e0 multiplier les provocations.<\/p>\n\n\n\n<p><strong>Lyes Sa\u00efdi<\/strong><\/p>\n","protected":false},"excerpt":{"rendered":"<p>Les attaques contre le Coran et l\u2019Islam se multiplient en Europe. Ainsi, apr\u00e8s la Su\u00e8de et le Danemark, des actes<\/p>\n","protected":false},"author":3,"featured_media":45843,"comment_status":"open","ping_status":"closed","sticky":false,"template":"","format":"standard","meta":{"colormag_page_container_layout":"default_layout","colormag_page_sidebar_layout":"default_layout","om_disable_all_campaigns":false,"_monsterinsights_skip_tracking":false,"_monsterinsights_sitenote_active":false,"_monsterinsights_sitenote_note":"","_monsterinsights_sitenote_category":0,"footnotes":"","_wpscppro_dont_share_socialmedia":false,"_wpscppro_custom_social_share_image":0,"_facebook_share_type":"","_twitter_share_type":"","_linkedin_share_type":"","_pinterest_share_type":"","_linkedin_share_type_page":"","_instagram_share_type":"","_medium_share_type":"","_threads_share_type":"","_google_business_share_type":"","_selected_social_profile":[],"_wpsp_enable_custom_social_template":false,"_wpsp_social_scheduling":{"enabled":false,"datetime":null,"platforms":[],"status":"template_only","dateOption":"today","timeOption":"now","customDays":"","customHours":"","customDate":"","customTime":"","schedulingType":"absolute"},"_wpsp_active_default_template":true},"categories":[52,27],"tags":[],"class_list":["post-45842","post","type-post","status-publish","format-standard","has-post-thumbnail","hentry","category-a-la-une","category-actualite"],"aioseo_notices":[],"yoast_head":"<!-- This site is optimized with the Yoast SEO plugin v27.5 - https:\/\/yoast.com\/product\/yoast-seo-wordpress\/ -->\n<title>Les profanations du Coran se multiplient\u00a0: L\u2019Alg\u00e9rie appelle \u00e0 une r\u00e9solution d\u2019urgence - La Sentinelle<\/title>\n<meta name=\"robots\" content=\"index, follow, max-snippet:-1, max-image-preview:large, max-video-preview:-1\" \/>\n<link rel=\"canonical\" href=\"https:\/\/lasentinelle.dz\/index.php\/2023\/09\/25\/les-profanations-du-coran-se-multiplient-lalgerie-appelle-a-une-resolution-durgence\/\" \/>\n<meta property=\"og:locale\" content=\"fr_FR\" \/>\n<meta property=\"og:type\" content=\"article\" \/>\n<meta property=\"og:title\" content=\"Les profanations du Coran se multiplient\u00a0: L\u2019Alg\u00e9rie appelle \u00e0 une r\u00e9solution d\u2019urgence - La Sentinelle\" \/>\n<meta property=\"og:description\" content=\"Les attaques contre le Coran et l\u2019Islam se multiplient en Europe. Ainsi, apr\u00e8s la Su\u00e8de et le Danemark, des actes\" \/>\n<meta property=\"og:url\" content=\"https:\/\/lasentinelle.dz\/index.php\/2023\/09\/25\/les-profanations-du-coran-se-multiplient-lalgerie-appelle-a-une-resolution-durgence\/\" \/>\n<meta property=\"og:site_name\" content=\"La Sentinelle\" \/>\n<meta property=\"article:publisher\" content=\"https:\/\/www.facebook.com\/La-Sentinelle-104059864394773\" \/>\n<meta property=\"article:published_time\" content=\"2023-09-25T20:20:00+00:00\" \/>\n<meta property=\"article:modified_time\" content=\"2023-09-25T20:20:12+00:00\" \/>\n<meta property=\"og:image\" content=\"https:\/\/lasentinelle.dz\/wp-content\/uploads\/2023\/09\/profanation.jpeg\" \/>\n\t<meta property=\"og:image:width\" content=\"864\" \/>\n\t<meta property=\"og:image:height\" content=\"486\" \/>\n\t<meta property=\"og:image:type\" content=\"image\/jpeg\" \/>\n<meta name=\"author\" content=\"La Sentinelle\" \/>\n<meta name=\"twitter:card\" content=\"summary_large_image\" \/>\n<meta name=\"twitter:label1\" content=\"\u00c9crit par\" \/>\n\t<meta name=\"twitter:data1\" content=\"La Sentinelle\" \/>\n\t<meta name=\"twitter:label2\" content=\"Dur\u00e9e de lecture estim\u00e9e\" \/>\n\t<meta name=\"twitter:data2\" content=\"4 minutes\" \/>\n<script type=\"application\/ld+json\" class=\"yoast-schema-graph\">{\"@context\":\"https:\\\/\\\/schema.org\",\"@graph\":[{\"@type\":\"Article\",\"@id\":\"https:\\\/\\\/lasentinelle.dz\\\/index.php\\\/2023\\\/09\\\/25\\\/les-profanations-du-coran-se-multiplient-lalgerie-appelle-a-une-resolution-durgence\\\/#article\",\"isPartOf\":{\"@id\":\"https:\\\/\\\/lasentinelle.dz\\\/index.php\\\/2023\\\/09\\\/25\\\/les-profanations-du-coran-se-multiplient-lalgerie-appelle-a-une-resolution-durgence\\\/\"},\"author\":{\"name\":\"La Sentinelle\",\"@id\":\"https:\\\/\\\/lasentinelle.dz\\\/#\\\/schema\\\/person\\\/d865044e22e70a75174ce8bcad3acfb3\"},\"headline\":\"Les profanations du Coran se multiplient\u00a0: L\u2019Alg\u00e9rie appelle \u00e0 une r\u00e9solution d\u2019urgence\",\"datePublished\":\"2023-09-25T20:20:00+00:00\",\"dateModified\":\"2023-09-25T20:20:12+00:00\",\"mainEntityOfPage\":{\"@id\":\"https:\\\/\\\/lasentinelle.dz\\\/index.php\\\/2023\\\/09\\\/25\\\/les-profanations-du-coran-se-multiplient-lalgerie-appelle-a-une-resolution-durgence\\\/\"},\"wordCount\":838,\"commentCount\":0,\"publisher\":{\"@id\":\"https:\\\/\\\/lasentinelle.dz\\\/#organization\"},\"image\":{\"@id\":\"https:\\\/\\\/lasentinelle.dz\\\/index.php\\\/2023\\\/09\\\/25\\\/les-profanations-du-coran-se-multiplient-lalgerie-appelle-a-une-resolution-durgence\\\/#primaryimage\"},\"thumbnailUrl\":\"https:\\\/\\\/lasentinelle.dz\\\/wp-content\\\/uploads\\\/2023\\\/09\\\/profanation.jpeg\",\"articleSection\":[\"\u00c0 la Une\",\"Actualit\u00e9\"],\"inLanguage\":\"fr-FR\",\"potentialAction\":[{\"@type\":\"CommentAction\",\"name\":\"Comment\",\"target\":[\"https:\\\/\\\/lasentinelle.dz\\\/index.php\\\/2023\\\/09\\\/25\\\/les-profanations-du-coran-se-multiplient-lalgerie-appelle-a-une-resolution-durgence\\\/#respond\"]}]},{\"@type\":\"WebPage\",\"@id\":\"https:\\\/\\\/lasentinelle.dz\\\/index.php\\\/2023\\\/09\\\/25\\\/les-profanations-du-coran-se-multiplient-lalgerie-appelle-a-une-resolution-durgence\\\/\",\"url\":\"https:\\\/\\\/lasentinelle.dz\\\/index.php\\\/2023\\\/09\\\/25\\\/les-profanations-du-coran-se-multiplient-lalgerie-appelle-a-une-resolution-durgence\\\/\",\"name\":\"Les profanations du Coran se multiplient\u00a0: L\u2019Alg\u00e9rie appelle \u00e0 une r\u00e9solution d\u2019urgence - La Sentinelle\",\"isPartOf\":{\"@id\":\"https:\\\/\\\/lasentinelle.dz\\\/#website\"},\"primaryImageOfPage\":{\"@id\":\"https:\\\/\\\/lasentinelle.dz\\\/index.php\\\/2023\\\/09\\\/25\\\/les-profanations-du-coran-se-multiplient-lalgerie-appelle-a-une-resolution-durgence\\\/#primaryimage\"},\"image\":{\"@id\":\"https:\\\/\\\/lasentinelle.dz\\\/index.php\\\/2023\\\/09\\\/25\\\/les-profanations-du-coran-se-multiplient-lalgerie-appelle-a-une-resolution-durgence\\\/#primaryimage\"},\"thumbnailUrl\":\"https:\\\/\\\/lasentinelle.dz\\\/wp-content\\\/uploads\\\/2023\\\/09\\\/profanation.jpeg\",\"datePublished\":\"2023-09-25T20:20:00+00:00\",\"dateModified\":\"2023-09-25T20:20:12+00:00\",\"breadcrumb\":{\"@id\":\"https:\\\/\\\/lasentinelle.dz\\\/index.php\\\/2023\\\/09\\\/25\\\/les-profanations-du-coran-se-multiplient-lalgerie-appelle-a-une-resolution-durgence\\\/#breadcrumb\"},\"inLanguage\":\"fr-FR\",\"potentialAction\":[{\"@type\":\"ReadAction\",\"target\":[\"https:\\\/\\\/lasentinelle.dz\\\/index.php\\\/2023\\\/09\\\/25\\\/les-profanations-du-coran-se-multiplient-lalgerie-appelle-a-une-resolution-durgence\\\/\"]}]},{\"@type\":\"ImageObject\",\"inLanguage\":\"fr-FR\",\"@id\":\"https:\\\/\\\/lasentinelle.dz\\\/index.php\\\/2023\\\/09\\\/25\\\/les-profanations-du-coran-se-multiplient-lalgerie-appelle-a-une-resolution-durgence\\\/#primaryimage\",\"url\":\"https:\\\/\\\/lasentinelle.dz\\\/wp-content\\\/uploads\\\/2023\\\/09\\\/profanation.jpeg\",\"contentUrl\":\"https:\\\/\\\/lasentinelle.dz\\\/wp-content\\\/uploads\\\/2023\\\/09\\\/profanation.jpeg\",\"width\":864,\"height\":486},{\"@type\":\"BreadcrumbList\",\"@id\":\"https:\\\/\\\/lasentinelle.dz\\\/index.php\\\/2023\\\/09\\\/25\\\/les-profanations-du-coran-se-multiplient-lalgerie-appelle-a-une-resolution-durgence\\\/#breadcrumb\",\"itemListElement\":[{\"@type\":\"ListItem\",\"position\":1,\"name\":\"Accueil\",\"item\":\"https:\\\/\\\/lasentinelle.dz\\\/\"},{\"@type\":\"ListItem\",\"position\":2,\"name\":\"Les profanations du Coran se multiplient\u00a0: L\u2019Alg\u00e9rie appelle \u00e0 une r\u00e9solution d\u2019urgence\"}]},{\"@type\":\"WebSite\",\"@id\":\"https:\\\/\\\/lasentinelle.dz\\\/#website\",\"url\":\"https:\\\/\\\/lasentinelle.dz\\\/\",\"name\":\"La Sentinelle\",\"description\":\"Quotidien national d&#039;information\",\"publisher\":{\"@id\":\"https:\\\/\\\/lasentinelle.dz\\\/#organization\"},\"potentialAction\":[{\"@type\":\"SearchAction\",\"target\":{\"@type\":\"EntryPoint\",\"urlTemplate\":\"https:\\\/\\\/lasentinelle.dz\\\/?s={search_term_string}\"},\"query-input\":{\"@type\":\"PropertyValueSpecification\",\"valueRequired\":true,\"valueName\":\"search_term_string\"}}],\"inLanguage\":\"fr-FR\"},{\"@type\":\"Organization\",\"@id\":\"https:\\\/\\\/lasentinelle.dz\\\/#organization\",\"name\":\"Quotidien La Sentinelle\",\"url\":\"https:\\\/\\\/lasentinelle.dz\\\/\",\"logo\":{\"@type\":\"ImageObject\",\"inLanguage\":\"fr-FR\",\"@id\":\"https:\\\/\\\/lasentinelle.dz\\\/#\\\/schema\\\/logo\\\/image\\\/\",\"url\":\"https:\\\/\\\/lasentinelle.dz\\\/wp-content\\\/uploads\\\/2021\\\/09\\\/logo-sentinelleSLOGAN-1.png\",\"contentUrl\":\"https:\\\/\\\/lasentinelle.dz\\\/wp-content\\\/uploads\\\/2021\\\/09\\\/logo-sentinelleSLOGAN-1.png\",\"width\":615,\"height\":142,\"caption\":\"Quotidien La Sentinelle\"},\"image\":{\"@id\":\"https:\\\/\\\/lasentinelle.dz\\\/#\\\/schema\\\/logo\\\/image\\\/\"},\"sameAs\":[\"https:\\\/\\\/www.facebook.com\\\/La-Sentinelle-104059864394773\"]},{\"@type\":\"Person\",\"@id\":\"https:\\\/\\\/lasentinelle.dz\\\/#\\\/schema\\\/person\\\/d865044e22e70a75174ce8bcad3acfb3\",\"name\":\"La Sentinelle\",\"image\":{\"@type\":\"ImageObject\",\"inLanguage\":\"fr-FR\",\"@id\":\"https:\\\/\\\/secure.gravatar.com\\\/avatar\\\/57de8e5d4b15d43fb361a71fbb36338450fe67865b528a43dd10ef7c51a20392?s=96&d=mm&r=g\",\"url\":\"https:\\\/\\\/secure.gravatar.com\\\/avatar\\\/57de8e5d4b15d43fb361a71fbb36338450fe67865b528a43dd10ef7c51a20392?s=96&d=mm&r=g\",\"contentUrl\":\"https:\\\/\\\/secure.gravatar.com\\\/avatar\\\/57de8e5d4b15d43fb361a71fbb36338450fe67865b528a43dd10ef7c51a20392?s=96&d=mm&r=g\",\"caption\":\"La Sentinelle\"},\"sameAs\":[\"http:\\\/\\\/www.lasentinelle.dz\"],\"url\":\"https:\\\/\\\/lasentinelle.dz\\\/author\\\/redaction\\\/\"}]}<\/script>\n<!-- \/ Yoast SEO plugin. -->","yoast_head_json":{"title":"Les profanations du Coran se multiplient\u00a0: L\u2019Alg\u00e9rie appelle \u00e0 une r\u00e9solution d\u2019urgence - La Sentinelle","robots":{"index":"index","follow":"follow","max-snippet":"max-snippet:-1","max-image-preview":"max-image-preview:large","max-video-preview":"max-video-preview:-1"},"canonical":"https:\/\/lasentinelle.dz\/index.php\/2023\/09\/25\/les-profanations-du-coran-se-multiplient-lalgerie-appelle-a-une-resolution-durgence\/","og_locale":"fr_FR","og_type":"article","og_title":"Les profanations du Coran se multiplient\u00a0: L\u2019Alg\u00e9rie appelle \u00e0 une r\u00e9solution d\u2019urgence - La Sentinelle","og_description":"Les attaques contre le Coran et l\u2019Islam se multiplient en Europe. Ainsi, apr\u00e8s la Su\u00e8de et le Danemark, des actes","og_url":"https:\/\/lasentinelle.dz\/index.php\/2023\/09\/25\/les-profanations-du-coran-se-multiplient-lalgerie-appelle-a-une-resolution-durgence\/","og_site_name":"La Sentinelle","article_publisher":"https:\/\/www.facebook.com\/La-Sentinelle-104059864394773","article_published_time":"2023-09-25T20:20:00+00:00","article_modified_time":"2023-09-25T20:20:12+00:00","og_image":[{"width":864,"height":486,"url":"https:\/\/lasentinelle.dz\/wp-content\/uploads\/2023\/09\/profanation.jpeg","type":"image\/jpeg"}],"author":"La Sentinelle","twitter_card":"summary_large_image","twitter_misc":{"\u00c9crit par":"La Sentinelle","Dur\u00e9e de lecture estim\u00e9e":"4 minutes"},"schema":{"@context":"https:\/\/schema.org","@graph":[{"@type":"Article","@id":"https:\/\/lasentinelle.dz\/index.php\/2023\/09\/25\/les-profanations-du-coran-se-multiplient-lalgerie-appelle-a-une-resolution-durgence\/#article","isPartOf":{"@id":"https:\/\/lasentinelle.dz\/index.php\/2023\/09\/25\/les-profanations-du-coran-se-multiplient-lalgerie-appelle-a-une-resolution-durgence\/"},"author":{"name":"La Sentinelle","@id":"https:\/\/lasentinelle.dz\/#\/schema\/person\/d865044e22e70a75174ce8bcad3acfb3"},"headline":"Les profanations du Coran se multiplient\u00a0: L\u2019Alg\u00e9rie appelle \u00e0 une r\u00e9solution d\u2019urgence","datePublished":"2023-09-25T20:20:00+00:00","dateModified":"2023-09-25T20:20:12+00:00","mainEntityOfPage":{"@id":"https:\/\/lasentinelle.dz\/index.php\/2023\/09\/25\/les-profanations-du-coran-se-multiplient-lalgerie-appelle-a-une-resolution-durgence\/"},"wordCount":838,"commentCount":0,"publisher":{"@id":"https:\/\/lasentinelle.dz\/#organization"},"image":{"@id":"https:\/\/lasentinelle.dz\/index.php\/2023\/09\/25\/les-profanations-du-coran-se-multiplient-lalgerie-appelle-a-une-resolution-durgence\/#primaryimage"},"thumbnailUrl":"https:\/\/lasentinelle.dz\/wp-content\/uploads\/2023\/09\/profanation.jpeg","articleSection":["\u00c0 la Une","Actualit\u00e9"],"inLanguage":"fr-FR","potentialAction":[{"@type":"CommentAction","name":"Comment","target":["https:\/\/lasentinelle.dz\/index.php\/2023\/09\/25\/les-profanations-du-coran-se-multiplient-lalgerie-appelle-a-une-resolution-durgence\/#respond"]}]},{"@type":"WebPage","@id":"https:\/\/lasentinelle.dz\/index.php\/2023\/09\/25\/les-profanations-du-coran-se-multiplient-lalgerie-appelle-a-une-resolution-durgence\/","url":"https:\/\/lasentinelle.dz\/index.php\/2023\/09\/25\/les-profanations-du-coran-se-multiplient-lalgerie-appelle-a-une-resolution-durgence\/","name":"Les profanations du Coran se multiplient\u00a0: L\u2019Alg\u00e9rie appelle \u00e0 une r\u00e9solution d\u2019urgence - La Sentinelle","isPartOf":{"@id":"https:\/\/lasentinelle.dz\/#website"},"primaryImageOfPage":{"@id":"https:\/\/lasentinelle.dz\/index.php\/2023\/09\/25\/les-profanations-du-coran-se-multiplient-lalgerie-appelle-a-une-resolution-durgence\/#primaryimage"},"image":{"@id":"https:\/\/lasentinelle.dz\/index.php\/2023\/09\/25\/les-profanations-du-coran-se-multiplient-lalgerie-appelle-a-une-resolution-durgence\/#primaryimage"},"thumbnailUrl":"https:\/\/lasentinelle.dz\/wp-content\/uploads\/2023\/09\/profanation.jpeg","datePublished":"2023-09-25T20:20:00+00:00","dateModified":"2023-09-25T20:20:12+00:00","breadcrumb":{"@id":"https:\/\/lasentinelle.dz\/index.php\/2023\/09\/25\/les-profanations-du-coran-se-multiplient-lalgerie-appelle-a-une-resolution-durgence\/#breadcrumb"},"inLanguage":"fr-FR","potentialAction":[{"@type":"ReadAction","target":["https:\/\/lasentinelle.dz\/index.php\/2023\/09\/25\/les-profanations-du-coran-se-multiplient-lalgerie-appelle-a-une-resolution-durgence\/"]}]},{"@type":"ImageObject","inLanguage":"fr-FR","@id":"https:\/\/lasentinelle.dz\/index.php\/2023\/09\/25\/les-profanations-du-coran-se-multiplient-lalgerie-appelle-a-une-resolution-durgence\/#primaryimage","url":"https:\/\/lasentinelle.dz\/wp-content\/uploads\/2023\/09\/profanation.jpeg","contentUrl":"https:\/\/lasentinelle.dz\/wp-content\/uploads\/2023\/09\/profanation.jpeg","width":864,"height":486},{"@type":"BreadcrumbList","@id":"https:\/\/lasentinelle.dz\/index.php\/2023\/09\/25\/les-profanations-du-coran-se-multiplient-lalgerie-appelle-a-une-resolution-durgence\/#breadcrumb","itemListElement":[{"@type":"ListItem","position":1,"name":"Accueil","item":"https:\/\/lasentinelle.dz\/"},{"@type":"ListItem","position":2,"name":"Les profanations du Coran se multiplient\u00a0: L\u2019Alg\u00e9rie appelle \u00e0 une r\u00e9solution d\u2019urgence"}]},{"@type":"WebSite","@id":"https:\/\/lasentinelle.dz\/#website","url":"https:\/\/lasentinelle.dz\/","name":"La Sentinelle","description":"Quotidien national d&#039;information","publisher":{"@id":"https:\/\/lasentinelle.dz\/#organization"},"potentialAction":[{"@type":"SearchAction","target":{"@type":"EntryPoint","urlTemplate":"https:\/\/lasentinelle.dz\/?s={search_term_string}"},"query-input":{"@type":"PropertyValueSpecification","valueRequired":true,"valueName":"search_term_string"}}],"inLanguage":"fr-FR"},{"@type":"Organization","@id":"https:\/\/lasentinelle.dz\/#organization","name":"Quotidien La Sentinelle","url":"https:\/\/lasentinelle.dz\/","logo":{"@type":"ImageObject","inLanguage":"fr-FR","@id":"https:\/\/lasentinelle.dz\/#\/schema\/logo\/image\/","url":"https:\/\/lasentinelle.dz\/wp-content\/uploads\/2021\/09\/logo-sentinelleSLOGAN-1.png","contentUrl":"https:\/\/lasentinelle.dz\/wp-content\/uploads\/2021\/09\/logo-sentinelleSLOGAN-1.png","width":615,"height":142,"caption":"Quotidien La Sentinelle"},"image":{"@id":"https:\/\/lasentinelle.dz\/#\/schema\/logo\/image\/"},"sameAs":["https:\/\/www.facebook.com\/La-Sentinelle-104059864394773"]},{"@type":"Person","@id":"https:\/\/lasentinelle.dz\/#\/schema\/person\/d865044e22e70a75174ce8bcad3acfb3","name":"La Sentinelle","image":{"@type":"ImageObject","inLanguage":"fr-FR","@id":"https:\/\/secure.gravatar.com\/avatar\/57de8e5d4b15d43fb361a71fbb36338450fe67865b528a43dd10ef7c51a20392?s=96&d=mm&r=g","url":"https:\/\/secure.gravatar.com\/avatar\/57de8e5d4b15d43fb361a71fbb36338450fe67865b528a43dd10ef7c51a20392?s=96&d=mm&r=g","contentUrl":"https:\/\/secure.gravatar.com\/avatar\/57de8e5d4b15d43fb361a71fbb36338450fe67865b528a43dd10ef7c51a20392?s=96&d=mm&r=g","caption":"La Sentinelle"},"sameAs":["http:\/\/www.lasentinelle.dz"],"url":"https:\/\/lasentinelle.dz\/author\/redaction\/"}]}},"_links":{"self":[{"href":"https:\/\/lasentinelle.dz\/index.php\/wp-json\/wp\/v2\/posts\/45842","targetHints":{"allow":["GET"]}}],"collection":[{"href":"https:\/\/lasentinelle.dz\/index.php\/wp-json\/wp\/v2\/posts"}],"about":[{"href":"https:\/\/lasentinelle.dz\/index.php\/wp-json\/wp\/v2\/types\/post"}],"author":[{"embeddable":true,"href":"https:\/\/lasentinelle.dz\/index.php\/wp-json\/wp\/v2\/users\/3"}],"replies":[{"embeddable":true,"href":"https:\/\/lasentinelle.dz\/index.php\/wp-json\/wp\/v2\/comments?post=45842"}],"version-history":[{"count":1,"href":"https:\/\/lasentinelle.dz\/index.php\/wp-json\/wp\/v2\/posts\/45842\/revisions"}],"predecessor-version":[{"id":45844,"href":"https:\/\/lasentinelle.dz\/index.php\/wp-json\/wp\/v2\/posts\/45842\/revisions\/45844"}],"wp:featuredmedia":[{"embeddable":true,"href":"https:\/\/lasentinelle.dz\/index.php\/wp-json\/wp\/v2\/media\/45843"}],"wp:attachment":[{"href":"https:\/\/lasentinelle.dz\/index.php\/wp-json\/wp\/v2\/media?parent=45842"}],"wp:term":[{"taxonomy":"category","embeddable":true,"href":"https:\/\/lasentinelle.dz\/index.php\/wp-json\/wp\/v2\/categories?post=45842"},{"taxonomy":"post_tag","embeddable":true,"href":"https:\/\/lasentinelle.dz\/index.php\/wp-json\/wp\/v2\/tags?post=45842"}],"curies":[{"name":"wp","href":"https:\/\/api.w.org\/{rel}","templated":true}]}}