{"id":45849,"date":"2023-09-25T21:23:01","date_gmt":"2023-09-25T20:23:01","guid":{"rendered":"https:\/\/lasentinelle.dz\/?p=45849"},"modified":"2023-09-25T21:23:02","modified_gmt":"2023-09-25T20:23:02","slug":"lugta-envisage-de-soumettre-de-nouvelles-propositions-quelles-mesures-pour-le-pouvoir-dachat","status":"publish","type":"post","link":"https:\/\/lasentinelle.dz\/index.php\/2023\/09\/25\/lugta-envisage-de-soumettre-de-nouvelles-propositions-quelles-mesures-pour-le-pouvoir-dachat\/","title":{"rendered":"L\u2019UGTA envisage de soumettre de nouvelles propositions\u00a0: Quelles mesures pour le pouvoir d\u2019achat\u00a0?"},"content":{"rendered":"\n<p>Le Secr\u00e9taire g\u00e9n\u00e9ral de l\u2019Union g\u00e9n\u00e9rale des travailleurs alg\u00e9riens a estim\u00e9 hier que les mesures prises pour am\u00e9liorer du pouvoir d\u2019achat des m\u00e9nages \u00e9taient insuffisantes, sans un renforcement du contr\u00f4le du march\u00e9 et la ma\u00eetrise de l\u2019inflation.<\/p>\n\n\n\n<p>L\u2019am\u00e9lioration du pouvoir d\u2019achat est une pr\u00e9occupation majeure aussi bien pour le Gouvernement que pour les partenaires sociaux. Le fait est que les dysfonctionnements du march\u00e9 et l\u2019inflation \u00e9rodent le pouvoir d\u2019achat des m\u00e9nages et neutralisent les mesures prises pour augmenter les revenus de la classe moyenne et des familles vuln\u00e9rables. C\u2019est d\u2019ailleurs ce qu\u2019a soulign\u00e9 hier le nouveau Secr\u00e9taire g\u00e9n\u00e9ral de l\u2019Union g\u00e9n\u00e9rale des travailleurs alg\u00e9riens Amar Takjout lors d\u2019une intervention sur les ondes de la Radio alg\u00e9rienne. Le SG de l\u2019UGTA a soulign\u00e9 que les mesures prises par les pouvoirs publics pour pr\u00e9server le pouvoir d\u2019achat dans un contexte de rentr\u00e9e sociale sont positives. a soulign\u00e9 les points positifs et les am\u00e9liorations enregistr\u00e9es, mais il a \u00e9galement \u00e9voqu\u00e9 les nombreuses contraintes auxquelles les travailleurs font face, en particulier, le probl\u00e8me de l&rsquo;\u00e9rosion du pouvoir d&rsquo;achat face \u00e0 la hausse des prix. Le SG de l&rsquo;UGTA a cependant soulign\u00e9 que cette r\u00e9alit\u00e9 \u00ab objective \u00bb n&rsquo;est pas propre \u00e0 l&rsquo;Alg\u00e9rie et qu&rsquo;elle constitue un d\u00e9nominateur commun \u00e0 tous les pays de la plan\u00e8te. Pour Amar Takdjout, la question du pouvoir d&rsquo;achat n\u00e9cessite une r\u00e9flexion approfondie, car \u00ab les augmentations accord\u00e9es sont rapidement grignot\u00e9es par l&rsquo;inflation \u00bb. Il a ainsi annonc\u00e9 que son organisation pr\u00e9sentera des propositions visant \u00e0 am\u00e9liorer la situation socioprofessionnelle des travailleurs. \u00ab Les m\u00e9canismes en vigueur visant \u00e0 pr\u00e9server le pouvoir d&rsquo;achat s&rsquo;av\u00e8rent insuffisants, nous avons l&rsquo;intention de faire des propositions qui permettront de ma\u00eetriser les prix et pr\u00e9server le train de vie des travailleurs \u00bb, a-t-il indiqu\u00e9.&nbsp;<\/p>\n\n\n\n<p><strong>Prendre en compte les pr\u00e9occupations des travailleurs<\/strong><\/p>\n\n\n\n<p>Le secr\u00e9taire g\u00e9n\u00e9ral de l&rsquo;UGTA a \u00e9galement appel\u00e9 les responsables \u00e0 prendre en compte les pr\u00e9occupations sociales et professionnelles des travailleurs, en recommandant notamment une meilleure communication envers les citoyens pour r\u00e9tablir la confiance et renforcer le Front int\u00e9rieur. Par ailleurs, M. Takdjout a invit\u00e9 les entreprises priv\u00e9es \u00e0 respecter le droit des travailleurs \u00e0 l&rsquo;organisation et \u00e0 la cr\u00e9ation de syndicats : \u00ab les dirigeants d&rsquo;entreprises priv\u00e9es qui sont organis\u00e9s en patronat doivent respecter les lois de la R\u00e9publique et accorder aux travailleurs le droit de cr\u00e9er leurs propres syndicats \u00bb.<\/p>\n\n\n\n<p>En plus des conditions sociales des travailleurs, la centrale syndicale se pr\u00e9occupe de leur sant\u00e9 mentale.&nbsp; \u00ab Nous ne devons pas nous limiter aux seules maladies professionnelles, mais nous devons prendre en charge le probl\u00e8me de la sant\u00e9 mentale des travailleurs, qui affecte la plupart d&rsquo;entre eux et impacte l&rsquo;\u00e9conomie nationale dans son ensemble \u00bb, a-t-il soulign\u00e9. Dans ce sens, il a annonc\u00e9 la cr\u00e9ation d&rsquo;un d\u00e9partement compos\u00e9 d&rsquo;experts et de m\u00e9decins pour garantir le bien-\u00eatre psychologique de la population active.<\/p>\n\n\n\n<p><strong>Hocine Fadheli<\/strong><\/p>\n","protected":false},"excerpt":{"rendered":"<p>Le Secr\u00e9taire g\u00e9n\u00e9ral de l\u2019Union g\u00e9n\u00e9rale des travailleurs alg\u00e9riens a estim\u00e9 hier que les mesures prises pour am\u00e9liorer du pouvoir<\/p>\n","protected":false},"author":3,"featured_media":45850,"comment_status":"open","ping_status":"closed","sticky":false,"template":"","format":"standard","meta":{"colormag_page_container_layout":"default_layout","colormag_page_sidebar_layout":"default_layout","om_disable_all_campaigns":false,"_monsterinsights_skip_tracking":false,"_monsterinsights_sitenote_active":false,"_monsterinsights_sitenote_note":"","_monsterinsights_sitenote_category":0,"footnotes":"","_wpscppro_dont_share_socialmedia":false,"_wpscppro_custom_social_share_image":0,"_facebook_share_type":"","_twitter_share_type":"","_linkedin_share_type":"","_pinterest_share_type":"","_linkedin_share_type_page":"","_instagram_share_type":"","_medium_share_type":"","_threads_share_type":"","_google_business_share_type":"","_selected_social_profile":[],"_wpsp_enable_custom_social_template":false,"_wpsp_social_scheduling":{"enabled":false,"datetime":null,"platforms":[],"status":"template_only","dateOption":"today","timeOption":"now","customDays":"","customHours":"","customDate":"","customTime":"","schedulingType":"absolute"},"_wpsp_active_default_template":true},"categories":[52,27],"tags":[],"class_list":["post-45849","post","type-post","status-publish","format-standard","has-post-thumbnail","hentry","category-a-la-une","category-actualite"],"aioseo_notices":[],"yoast_head":"<!-- This site is optimized with the Yoast SEO plugin v27.5 - https:\/\/yoast.com\/product\/yoast-seo-wordpress\/ -->\n<title>L\u2019UGTA envisage de soumettre de nouvelles propositions\u00a0: Quelles mesures pour le pouvoir d\u2019achat\u00a0? - La Sentinelle<\/title>\n<meta name=\"robots\" content=\"index, follow, max-snippet:-1, max-image-preview:large, max-video-preview:-1\" \/>\n<link rel=\"canonical\" href=\"https:\/\/lasentinelle.dz\/index.php\/2023\/09\/25\/lugta-envisage-de-soumettre-de-nouvelles-propositions-quelles-mesures-pour-le-pouvoir-dachat\/\" \/>\n<meta property=\"og:locale\" content=\"fr_FR\" \/>\n<meta property=\"og:type\" content=\"article\" \/>\n<meta property=\"og:title\" content=\"L\u2019UGTA envisage de soumettre de nouvelles propositions\u00a0: Quelles mesures pour le pouvoir d\u2019achat\u00a0? - La Sentinelle\" \/>\n<meta property=\"og:description\" content=\"Le Secr\u00e9taire g\u00e9n\u00e9ral de l\u2019Union g\u00e9n\u00e9rale des travailleurs alg\u00e9riens a estim\u00e9 hier que les mesures prises pour am\u00e9liorer du pouvoir\" \/>\n<meta property=\"og:url\" content=\"https:\/\/lasentinelle.dz\/index.php\/2023\/09\/25\/lugta-envisage-de-soumettre-de-nouvelles-propositions-quelles-mesures-pour-le-pouvoir-dachat\/\" \/>\n<meta property=\"og:site_name\" content=\"La Sentinelle\" \/>\n<meta property=\"article:publisher\" content=\"https:\/\/www.facebook.com\/La-Sentinelle-104059864394773\" \/>\n<meta property=\"article:published_time\" content=\"2023-09-25T20:23:01+00:00\" \/>\n<meta property=\"article:modified_time\" content=\"2023-09-25T20:23:02+00:00\" \/>\n<meta property=\"og:image\" content=\"https:\/\/lasentinelle.dz\/wp-content\/uploads\/2023\/09\/takjout.webp\" \/>\n\t<meta property=\"og:image:width\" content=\"640\" \/>\n\t<meta property=\"og:image:height\" content=\"360\" \/>\n\t<meta property=\"og:image:type\" content=\"image\/webp\" \/>\n<meta name=\"author\" content=\"La Sentinelle\" \/>\n<meta name=\"twitter:card\" content=\"summary_large_image\" \/>\n<meta name=\"twitter:label1\" content=\"\u00c9crit par\" \/>\n\t<meta name=\"twitter:data1\" content=\"La Sentinelle\" \/>\n\t<meta name=\"twitter:label2\" content=\"Dur\u00e9e de lecture estim\u00e9e\" \/>\n\t<meta name=\"twitter:data2\" content=\"3 minutes\" \/>\n<script type=\"application\/ld+json\" class=\"yoast-schema-graph\">{\"@context\":\"https:\\\/\\\/schema.org\",\"@graph\":[{\"@type\":\"Article\",\"@id\":\"https:\\\/\\\/lasentinelle.dz\\\/index.php\\\/2023\\\/09\\\/25\\\/lugta-envisage-de-soumettre-de-nouvelles-propositions-quelles-mesures-pour-le-pouvoir-dachat\\\/#article\",\"isPartOf\":{\"@id\":\"https:\\\/\\\/lasentinelle.dz\\\/index.php\\\/2023\\\/09\\\/25\\\/lugta-envisage-de-soumettre-de-nouvelles-propositions-quelles-mesures-pour-le-pouvoir-dachat\\\/\"},\"author\":{\"name\":\"La Sentinelle\",\"@id\":\"https:\\\/\\\/lasentinelle.dz\\\/#\\\/schema\\\/person\\\/d865044e22e70a75174ce8bcad3acfb3\"},\"headline\":\"L\u2019UGTA envisage de soumettre de nouvelles propositions\u00a0: Quelles mesures pour le pouvoir d\u2019achat\u00a0?\",\"datePublished\":\"2023-09-25T20:23:01+00:00\",\"dateModified\":\"2023-09-25T20:23:02+00:00\",\"mainEntityOfPage\":{\"@id\":\"https:\\\/\\\/lasentinelle.dz\\\/index.php\\\/2023\\\/09\\\/25\\\/lugta-envisage-de-soumettre-de-nouvelles-propositions-quelles-mesures-pour-le-pouvoir-dachat\\\/\"},\"wordCount\":560,\"commentCount\":0,\"publisher\":{\"@id\":\"https:\\\/\\\/lasentinelle.dz\\\/#organization\"},\"image\":{\"@id\":\"https:\\\/\\\/lasentinelle.dz\\\/index.php\\\/2023\\\/09\\\/25\\\/lugta-envisage-de-soumettre-de-nouvelles-propositions-quelles-mesures-pour-le-pouvoir-dachat\\\/#primaryimage\"},\"thumbnailUrl\":\"https:\\\/\\\/lasentinelle.dz\\\/wp-content\\\/uploads\\\/2023\\\/09\\\/takjout.webp\",\"articleSection\":[\"\u00c0 la Une\",\"Actualit\u00e9\"],\"inLanguage\":\"fr-FR\",\"potentialAction\":[{\"@type\":\"CommentAction\",\"name\":\"Comment\",\"target\":[\"https:\\\/\\\/lasentinelle.dz\\\/index.php\\\/2023\\\/09\\\/25\\\/lugta-envisage-de-soumettre-de-nouvelles-propositions-quelles-mesures-pour-le-pouvoir-dachat\\\/#respond\"]}]},{\"@type\":\"WebPage\",\"@id\":\"https:\\\/\\\/lasentinelle.dz\\\/index.php\\\/2023\\\/09\\\/25\\\/lugta-envisage-de-soumettre-de-nouvelles-propositions-quelles-mesures-pour-le-pouvoir-dachat\\\/\",\"url\":\"https:\\\/\\\/lasentinelle.dz\\\/index.php\\\/2023\\\/09\\\/25\\\/lugta-envisage-de-soumettre-de-nouvelles-propositions-quelles-mesures-pour-le-pouvoir-dachat\\\/\",\"name\":\"L\u2019UGTA envisage de soumettre de nouvelles propositions\u00a0: Quelles mesures pour le pouvoir d\u2019achat\u00a0? - La Sentinelle\",\"isPartOf\":{\"@id\":\"https:\\\/\\\/lasentinelle.dz\\\/#website\"},\"primaryImageOfPage\":{\"@id\":\"https:\\\/\\\/lasentinelle.dz\\\/index.php\\\/2023\\\/09\\\/25\\\/lugta-envisage-de-soumettre-de-nouvelles-propositions-quelles-mesures-pour-le-pouvoir-dachat\\\/#primaryimage\"},\"image\":{\"@id\":\"https:\\\/\\\/lasentinelle.dz\\\/index.php\\\/2023\\\/09\\\/25\\\/lugta-envisage-de-soumettre-de-nouvelles-propositions-quelles-mesures-pour-le-pouvoir-dachat\\\/#primaryimage\"},\"thumbnailUrl\":\"https:\\\/\\\/lasentinelle.dz\\\/wp-content\\\/uploads\\\/2023\\\/09\\\/takjout.webp\",\"datePublished\":\"2023-09-25T20:23:01+00:00\",\"dateModified\":\"2023-09-25T20:23:02+00:00\",\"breadcrumb\":{\"@id\":\"https:\\\/\\\/lasentinelle.dz\\\/index.php\\\/2023\\\/09\\\/25\\\/lugta-envisage-de-soumettre-de-nouvelles-propositions-quelles-mesures-pour-le-pouvoir-dachat\\\/#breadcrumb\"},\"inLanguage\":\"fr-FR\",\"potentialAction\":[{\"@type\":\"ReadAction\",\"target\":[\"https:\\\/\\\/lasentinelle.dz\\\/index.php\\\/2023\\\/09\\\/25\\\/lugta-envisage-de-soumettre-de-nouvelles-propositions-quelles-mesures-pour-le-pouvoir-dachat\\\/\"]}]},{\"@type\":\"ImageObject\",\"inLanguage\":\"fr-FR\",\"@id\":\"https:\\\/\\\/lasentinelle.dz\\\/index.php\\\/2023\\\/09\\\/25\\\/lugta-envisage-de-soumettre-de-nouvelles-propositions-quelles-mesures-pour-le-pouvoir-dachat\\\/#primaryimage\",\"url\":\"https:\\\/\\\/lasentinelle.dz\\\/wp-content\\\/uploads\\\/2023\\\/09\\\/takjout.webp\",\"contentUrl\":\"https:\\\/\\\/lasentinelle.dz\\\/wp-content\\\/uploads\\\/2023\\\/09\\\/takjout.webp\",\"width\":640,\"height\":360},{\"@type\":\"BreadcrumbList\",\"@id\":\"https:\\\/\\\/lasentinelle.dz\\\/index.php\\\/2023\\\/09\\\/25\\\/lugta-envisage-de-soumettre-de-nouvelles-propositions-quelles-mesures-pour-le-pouvoir-dachat\\\/#breadcrumb\",\"itemListElement\":[{\"@type\":\"ListItem\",\"position\":1,\"name\":\"Accueil\",\"item\":\"https:\\\/\\\/lasentinelle.dz\\\/\"},{\"@type\":\"ListItem\",\"position\":2,\"name\":\"L\u2019UGTA envisage de soumettre de nouvelles propositions\u00a0: Quelles mesures pour le pouvoir d\u2019achat\u00a0?\"}]},{\"@type\":\"WebSite\",\"@id\":\"https:\\\/\\\/lasentinelle.dz\\\/#website\",\"url\":\"https:\\\/\\\/lasentinelle.dz\\\/\",\"name\":\"La Sentinelle\",\"description\":\"Quotidien national d&#039;information\",\"publisher\":{\"@id\":\"https:\\\/\\\/lasentinelle.dz\\\/#organization\"},\"potentialAction\":[{\"@type\":\"SearchAction\",\"target\":{\"@type\":\"EntryPoint\",\"urlTemplate\":\"https:\\\/\\\/lasentinelle.dz\\\/?s={search_term_string}\"},\"query-input\":{\"@type\":\"PropertyValueSpecification\",\"valueRequired\":true,\"valueName\":\"search_term_string\"}}],\"inLanguage\":\"fr-FR\"},{\"@type\":\"Organization\",\"@id\":\"https:\\\/\\\/lasentinelle.dz\\\/#organization\",\"name\":\"Quotidien La Sentinelle\",\"url\":\"https:\\\/\\\/lasentinelle.dz\\\/\",\"logo\":{\"@type\":\"ImageObject\",\"inLanguage\":\"fr-FR\",\"@id\":\"https:\\\/\\\/lasentinelle.dz\\\/#\\\/schema\\\/logo\\\/image\\\/\",\"url\":\"https:\\\/\\\/lasentinelle.dz\\\/wp-content\\\/uploads\\\/2021\\\/09\\\/logo-sentinelleSLOGAN-1.png\",\"contentUrl\":\"https:\\\/\\\/lasentinelle.dz\\\/wp-content\\\/uploads\\\/2021\\\/09\\\/logo-sentinelleSLOGAN-1.png\",\"width\":615,\"height\":142,\"caption\":\"Quotidien La Sentinelle\"},\"image\":{\"@id\":\"https:\\\/\\\/lasentinelle.dz\\\/#\\\/schema\\\/logo\\\/image\\\/\"},\"sameAs\":[\"https:\\\/\\\/www.facebook.com\\\/La-Sentinelle-104059864394773\"]},{\"@type\":\"Person\",\"@id\":\"https:\\\/\\\/lasentinelle.dz\\\/#\\\/schema\\\/person\\\/d865044e22e70a75174ce8bcad3acfb3\",\"name\":\"La Sentinelle\",\"image\":{\"@type\":\"ImageObject\",\"inLanguage\":\"fr-FR\",\"@id\":\"https:\\\/\\\/secure.gravatar.com\\\/avatar\\\/57de8e5d4b15d43fb361a71fbb36338450fe67865b528a43dd10ef7c51a20392?s=96&d=mm&r=g\",\"url\":\"https:\\\/\\\/secure.gravatar.com\\\/avatar\\\/57de8e5d4b15d43fb361a71fbb36338450fe67865b528a43dd10ef7c51a20392?s=96&d=mm&r=g\",\"contentUrl\":\"https:\\\/\\\/secure.gravatar.com\\\/avatar\\\/57de8e5d4b15d43fb361a71fbb36338450fe67865b528a43dd10ef7c51a20392?s=96&d=mm&r=g\",\"caption\":\"La Sentinelle\"},\"sameAs\":[\"http:\\\/\\\/www.lasentinelle.dz\"],\"url\":\"https:\\\/\\\/lasentinelle.dz\\\/author\\\/redaction\\\/\"}]}<\/script>\n<!-- \/ Yoast SEO plugin. -->","yoast_head_json":{"title":"L\u2019UGTA envisage de soumettre de nouvelles propositions\u00a0: Quelles mesures pour le pouvoir d\u2019achat\u00a0? - La Sentinelle","robots":{"index":"index","follow":"follow","max-snippet":"max-snippet:-1","max-image-preview":"max-image-preview:large","max-video-preview":"max-video-preview:-1"},"canonical":"https:\/\/lasentinelle.dz\/index.php\/2023\/09\/25\/lugta-envisage-de-soumettre-de-nouvelles-propositions-quelles-mesures-pour-le-pouvoir-dachat\/","og_locale":"fr_FR","og_type":"article","og_title":"L\u2019UGTA envisage de soumettre de nouvelles propositions\u00a0: Quelles mesures pour le pouvoir d\u2019achat\u00a0? - La Sentinelle","og_description":"Le Secr\u00e9taire g\u00e9n\u00e9ral de l\u2019Union g\u00e9n\u00e9rale des travailleurs alg\u00e9riens a estim\u00e9 hier que les mesures prises pour am\u00e9liorer du pouvoir","og_url":"https:\/\/lasentinelle.dz\/index.php\/2023\/09\/25\/lugta-envisage-de-soumettre-de-nouvelles-propositions-quelles-mesures-pour-le-pouvoir-dachat\/","og_site_name":"La Sentinelle","article_publisher":"https:\/\/www.facebook.com\/La-Sentinelle-104059864394773","article_published_time":"2023-09-25T20:23:01+00:00","article_modified_time":"2023-09-25T20:23:02+00:00","og_image":[{"width":640,"height":360,"url":"https:\/\/lasentinelle.dz\/wp-content\/uploads\/2023\/09\/takjout.webp","type":"image\/webp"}],"author":"La Sentinelle","twitter_card":"summary_large_image","twitter_misc":{"\u00c9crit par":"La Sentinelle","Dur\u00e9e de lecture estim\u00e9e":"3 minutes"},"schema":{"@context":"https:\/\/schema.org","@graph":[{"@type":"Article","@id":"https:\/\/lasentinelle.dz\/index.php\/2023\/09\/25\/lugta-envisage-de-soumettre-de-nouvelles-propositions-quelles-mesures-pour-le-pouvoir-dachat\/#article","isPartOf":{"@id":"https:\/\/lasentinelle.dz\/index.php\/2023\/09\/25\/lugta-envisage-de-soumettre-de-nouvelles-propositions-quelles-mesures-pour-le-pouvoir-dachat\/"},"author":{"name":"La Sentinelle","@id":"https:\/\/lasentinelle.dz\/#\/schema\/person\/d865044e22e70a75174ce8bcad3acfb3"},"headline":"L\u2019UGTA envisage de soumettre de nouvelles propositions\u00a0: Quelles mesures pour le pouvoir d\u2019achat\u00a0?","datePublished":"2023-09-25T20:23:01+00:00","dateModified":"2023-09-25T20:23:02+00:00","mainEntityOfPage":{"@id":"https:\/\/lasentinelle.dz\/index.php\/2023\/09\/25\/lugta-envisage-de-soumettre-de-nouvelles-propositions-quelles-mesures-pour-le-pouvoir-dachat\/"},"wordCount":560,"commentCount":0,"publisher":{"@id":"https:\/\/lasentinelle.dz\/#organization"},"image":{"@id":"https:\/\/lasentinelle.dz\/index.php\/2023\/09\/25\/lugta-envisage-de-soumettre-de-nouvelles-propositions-quelles-mesures-pour-le-pouvoir-dachat\/#primaryimage"},"thumbnailUrl":"https:\/\/lasentinelle.dz\/wp-content\/uploads\/2023\/09\/takjout.webp","articleSection":["\u00c0 la Une","Actualit\u00e9"],"inLanguage":"fr-FR","potentialAction":[{"@type":"CommentAction","name":"Comment","target":["https:\/\/lasentinelle.dz\/index.php\/2023\/09\/25\/lugta-envisage-de-soumettre-de-nouvelles-propositions-quelles-mesures-pour-le-pouvoir-dachat\/#respond"]}]},{"@type":"WebPage","@id":"https:\/\/lasentinelle.dz\/index.php\/2023\/09\/25\/lugta-envisage-de-soumettre-de-nouvelles-propositions-quelles-mesures-pour-le-pouvoir-dachat\/","url":"https:\/\/lasentinelle.dz\/index.php\/2023\/09\/25\/lugta-envisage-de-soumettre-de-nouvelles-propositions-quelles-mesures-pour-le-pouvoir-dachat\/","name":"L\u2019UGTA envisage de soumettre de nouvelles propositions\u00a0: Quelles mesures pour le pouvoir d\u2019achat\u00a0? - La Sentinelle","isPartOf":{"@id":"https:\/\/lasentinelle.dz\/#website"},"primaryImageOfPage":{"@id":"https:\/\/lasentinelle.dz\/index.php\/2023\/09\/25\/lugta-envisage-de-soumettre-de-nouvelles-propositions-quelles-mesures-pour-le-pouvoir-dachat\/#primaryimage"},"image":{"@id":"https:\/\/lasentinelle.dz\/index.php\/2023\/09\/25\/lugta-envisage-de-soumettre-de-nouvelles-propositions-quelles-mesures-pour-le-pouvoir-dachat\/#primaryimage"},"thumbnailUrl":"https:\/\/lasentinelle.dz\/wp-content\/uploads\/2023\/09\/takjout.webp","datePublished":"2023-09-25T20:23:01+00:00","dateModified":"2023-09-25T20:23:02+00:00","breadcrumb":{"@id":"https:\/\/lasentinelle.dz\/index.php\/2023\/09\/25\/lugta-envisage-de-soumettre-de-nouvelles-propositions-quelles-mesures-pour-le-pouvoir-dachat\/#breadcrumb"},"inLanguage":"fr-FR","potentialAction":[{"@type":"ReadAction","target":["https:\/\/lasentinelle.dz\/index.php\/2023\/09\/25\/lugta-envisage-de-soumettre-de-nouvelles-propositions-quelles-mesures-pour-le-pouvoir-dachat\/"]}]},{"@type":"ImageObject","inLanguage":"fr-FR","@id":"https:\/\/lasentinelle.dz\/index.php\/2023\/09\/25\/lugta-envisage-de-soumettre-de-nouvelles-propositions-quelles-mesures-pour-le-pouvoir-dachat\/#primaryimage","url":"https:\/\/lasentinelle.dz\/wp-content\/uploads\/2023\/09\/takjout.webp","contentUrl":"https:\/\/lasentinelle.dz\/wp-content\/uploads\/2023\/09\/takjout.webp","width":640,"height":360},{"@type":"BreadcrumbList","@id":"https:\/\/lasentinelle.dz\/index.php\/2023\/09\/25\/lugta-envisage-de-soumettre-de-nouvelles-propositions-quelles-mesures-pour-le-pouvoir-dachat\/#breadcrumb","itemListElement":[{"@type":"ListItem","position":1,"name":"Accueil","item":"https:\/\/lasentinelle.dz\/"},{"@type":"ListItem","position":2,"name":"L\u2019UGTA envisage de soumettre de nouvelles propositions\u00a0: Quelles mesures pour le pouvoir d\u2019achat\u00a0?"}]},{"@type":"WebSite","@id":"https:\/\/lasentinelle.dz\/#website","url":"https:\/\/lasentinelle.dz\/","name":"La Sentinelle","description":"Quotidien national d&#039;information","publisher":{"@id":"https:\/\/lasentinelle.dz\/#organization"},"potentialAction":[{"@type":"SearchAction","target":{"@type":"EntryPoint","urlTemplate":"https:\/\/lasentinelle.dz\/?s={search_term_string}"},"query-input":{"@type":"PropertyValueSpecification","valueRequired":true,"valueName":"search_term_string"}}],"inLanguage":"fr-FR"},{"@type":"Organization","@id":"https:\/\/lasentinelle.dz\/#organization","name":"Quotidien La Sentinelle","url":"https:\/\/lasentinelle.dz\/","logo":{"@type":"ImageObject","inLanguage":"fr-FR","@id":"https:\/\/lasentinelle.dz\/#\/schema\/logo\/image\/","url":"https:\/\/lasentinelle.dz\/wp-content\/uploads\/2021\/09\/logo-sentinelleSLOGAN-1.png","contentUrl":"https:\/\/lasentinelle.dz\/wp-content\/uploads\/2021\/09\/logo-sentinelleSLOGAN-1.png","width":615,"height":142,"caption":"Quotidien La Sentinelle"},"image":{"@id":"https:\/\/lasentinelle.dz\/#\/schema\/logo\/image\/"},"sameAs":["https:\/\/www.facebook.com\/La-Sentinelle-104059864394773"]},{"@type":"Person","@id":"https:\/\/lasentinelle.dz\/#\/schema\/person\/d865044e22e70a75174ce8bcad3acfb3","name":"La Sentinelle","image":{"@type":"ImageObject","inLanguage":"fr-FR","@id":"https:\/\/secure.gravatar.com\/avatar\/57de8e5d4b15d43fb361a71fbb36338450fe67865b528a43dd10ef7c51a20392?s=96&d=mm&r=g","url":"https:\/\/secure.gravatar.com\/avatar\/57de8e5d4b15d43fb361a71fbb36338450fe67865b528a43dd10ef7c51a20392?s=96&d=mm&r=g","contentUrl":"https:\/\/secure.gravatar.com\/avatar\/57de8e5d4b15d43fb361a71fbb36338450fe67865b528a43dd10ef7c51a20392?s=96&d=mm&r=g","caption":"La Sentinelle"},"sameAs":["http:\/\/www.lasentinelle.dz"],"url":"https:\/\/lasentinelle.dz\/author\/redaction\/"}]}},"_links":{"self":[{"href":"https:\/\/lasentinelle.dz\/index.php\/wp-json\/wp\/v2\/posts\/45849","targetHints":{"allow":["GET"]}}],"collection":[{"href":"https:\/\/lasentinelle.dz\/index.php\/wp-json\/wp\/v2\/posts"}],"about":[{"href":"https:\/\/lasentinelle.dz\/index.php\/wp-json\/wp\/v2\/types\/post"}],"author":[{"embeddable":true,"href":"https:\/\/lasentinelle.dz\/index.php\/wp-json\/wp\/v2\/users\/3"}],"replies":[{"embeddable":true,"href":"https:\/\/lasentinelle.dz\/index.php\/wp-json\/wp\/v2\/comments?post=45849"}],"version-history":[{"count":1,"href":"https:\/\/lasentinelle.dz\/index.php\/wp-json\/wp\/v2\/posts\/45849\/revisions"}],"predecessor-version":[{"id":45851,"href":"https:\/\/lasentinelle.dz\/index.php\/wp-json\/wp\/v2\/posts\/45849\/revisions\/45851"}],"wp:featuredmedia":[{"embeddable":true,"href":"https:\/\/lasentinelle.dz\/index.php\/wp-json\/wp\/v2\/media\/45850"}],"wp:attachment":[{"href":"https:\/\/lasentinelle.dz\/index.php\/wp-json\/wp\/v2\/media?parent=45849"}],"wp:term":[{"taxonomy":"category","embeddable":true,"href":"https:\/\/lasentinelle.dz\/index.php\/wp-json\/wp\/v2\/categories?post=45849"},{"taxonomy":"post_tag","embeddable":true,"href":"https:\/\/lasentinelle.dz\/index.php\/wp-json\/wp\/v2\/tags?post=45849"}],"curies":[{"name":"wp","href":"https:\/\/api.w.org\/{rel}","templated":true}]}}