{"id":45873,"date":"2023-09-27T06:46:00","date_gmt":"2023-09-27T05:46:00","guid":{"rendered":"https:\/\/lasentinelle.dz\/?p=45873"},"modified":"2023-09-27T19:48:21","modified_gmt":"2023-09-27T18:48:21","slug":"mise-a-jour-de-la-ligue-1-lusma-fait-ses-debuts-face-au-pac","status":"publish","type":"post","link":"https:\/\/lasentinelle.dz\/index.php\/2023\/09\/27\/mise-a-jour-de-la-ligue-1-lusma-fait-ses-debuts-face-au-pac\/","title":{"rendered":"Mise \u00e0 jour de la Ligue 1\u00a0: L\u2019USMA fait ses d\u00e9buts face au PAC"},"content":{"rendered":"\n<p>L&rsquo;USM Alger va enfin faire son entr\u00e9e en Ligue 1 Mobilis 2023\/2024 aujourd\u2019hui pour le premier match de mise \u00e0 jour de la Ligue 1, face au Paradou AC au stade Omar Benrabah de Dar El- Beida. &nbsp;&nbsp;<\/p>\n\n\n\n<p>Aur\u00e9ol\u00e9s de deux titres africains les Rouge et Noir auront \u00e0 c\u0153ur de r\u00e9ussir leur entr\u00e9e en championnat national, mais feront face \u00e0 des pacistes qui ont d\u00e9j\u00e0 mis en \u00e9chec la&nbsp; JSK vendredi et chercheront \u00e0 r\u00e9\u00e9diter la performance. Le derby de la Capitale sera donc ouvert \u00e0 toutes les possibilit\u00e9s. Le PAC ambitionne de d\u00e9crocher sa premi\u00e8re victoire de la saison, apr\u00e8s avoir arrach\u00e9 un match nul contre la Jeunesse Sportive de Kabylie \u00e0 Tizi Ouzou (0-0). Cependant, cette fois-ci, la t\u00e2che s&rsquo;annonce plus difficile face \u00e0 l\u2019USMA qui s\u2019impose aujourd\u2019hui comme le meilleur club sur le continent.<\/p>\n\n\n\n<p>Sous la direction de l&rsquo;entra\u00eeneur fran\u00e7ais Corentin Martins, qui a r\u00e9cemment remplac\u00e9 Nazir Leknaoui \u00e0 la t\u00eate de l&rsquo;acad\u00e9mie, les jeunes du Paradou AC comptent sur la solidit\u00e9 de leur d\u00e9fense pour contrer les attaques des poulains Bencheikha, comme cela a \u00e9t\u00e9 le cas lors du premier match contre le \u00ab\u00a0Canari\u00a0\u00bb. L\u2019USMA est rest\u00e9e sur une s\u00e9rie de succ\u00e8s au niveau continental et s\u2019impose comme favori sur le papier. Cependant, les joueurs devront g\u00e9rer la fatigue pr\u00e8s une s\u00e9rie de rencontres \u00e0 haut niveau et les nombreux d\u00e9placements qu\u2019elles ont n\u00e9cessit\u00e9. Les Rouges et Noirs ont affronter Al Ahly d\u2019\u00c9gypte le 15 septembre en Arabie saoudite, avant d\u2019affronter les Marocains du FUS Samedi \u00e0 Rabat, avant de rentrer \u00e0 Alger. Aussi et apr\u00e8s le match de championnat, l\u2019USMA doit faire le d\u00e9placement \u00e0 Oran pour le match retour contre le FUS dans le cadre du second tour pr\u00e9liminaire de la Coupe de la CAF. Un match primordial pour la qualification en phase de poules. Il ne serait donc pas \u00e9tonnant de voir Benchikha m\u00e9nager certains de ses joueurs cl\u00e9s pour le prochain match pr\u00e9vu dimanche. &nbsp;L\u2019USMA est parvenu \u00e0 obtenir un satisfaisant contre le FUS Rabat (1-1) lors du match aller . En championnat, les Rouge et Noir doivent encore jouer un autre match de mise \u00e0 jour comptant pour la deuxi\u00e8me journ\u00e9e de Ligue 1 face \u00e0 l\u2019USM Khenchela et dont la date sera fix\u00e9e ult\u00e9rieurement.\u00a0\u00bb<\/p>\n\n\n\n<p>R.S.<\/p>\n","protected":false},"excerpt":{"rendered":"<p>L&rsquo;USM Alger va enfin faire son entr\u00e9e en Ligue 1 Mobilis 2023\/2024 aujourd\u2019hui pour le premier match de mise \u00e0<\/p>\n","protected":false},"author":3,"featured_media":45874,"comment_status":"open","ping_status":"closed","sticky":false,"template":"","format":"standard","meta":{"colormag_page_container_layout":"default_layout","colormag_page_sidebar_layout":"default_layout","om_disable_all_campaigns":false,"_monsterinsights_skip_tracking":false,"_monsterinsights_sitenote_active":false,"_monsterinsights_sitenote_note":"","_monsterinsights_sitenote_category":0,"footnotes":"","_wpscppro_dont_share_socialmedia":false,"_wpscppro_custom_social_share_image":0,"_facebook_share_type":"","_twitter_share_type":"","_linkedin_share_type":"","_pinterest_share_type":"","_linkedin_share_type_page":"","_instagram_share_type":"","_medium_share_type":"","_threads_share_type":"","_google_business_share_type":"","_selected_social_profile":[],"_wpsp_enable_custom_social_template":false,"_wpsp_social_scheduling":{"enabled":false,"datetime":null,"platforms":[],"status":"template_only","dateOption":"today","timeOption":"now","customDays":"","customHours":"","customDate":"","customTime":"","schedulingType":"absolute"},"_wpsp_active_default_template":true},"categories":[33],"tags":[],"class_list":["post-45873","post","type-post","status-publish","format-standard","has-post-thumbnail","hentry","category-sports"],"aioseo_notices":[],"yoast_head":"<!-- This site is optimized with the Yoast SEO plugin v27.5 - https:\/\/yoast.com\/product\/yoast-seo-wordpress\/ -->\n<title>Mise \u00e0 jour de la Ligue 1\u00a0: L\u2019USMA fait ses d\u00e9buts face au PAC - La Sentinelle<\/title>\n<meta name=\"robots\" content=\"index, follow, max-snippet:-1, max-image-preview:large, max-video-preview:-1\" \/>\n<link rel=\"canonical\" href=\"https:\/\/lasentinelle.dz\/index.php\/2023\/09\/27\/mise-a-jour-de-la-ligue-1-lusma-fait-ses-debuts-face-au-pac\/\" \/>\n<meta property=\"og:locale\" content=\"fr_FR\" \/>\n<meta property=\"og:type\" content=\"article\" \/>\n<meta property=\"og:title\" content=\"Mise \u00e0 jour de la Ligue 1\u00a0: L\u2019USMA fait ses d\u00e9buts face au PAC - La Sentinelle\" \/>\n<meta property=\"og:description\" content=\"L&rsquo;USM Alger va enfin faire son entr\u00e9e en Ligue 1 Mobilis 2023\/2024 aujourd\u2019hui pour le premier match de mise \u00e0\" \/>\n<meta property=\"og:url\" content=\"https:\/\/lasentinelle.dz\/index.php\/2023\/09\/27\/mise-a-jour-de-la-ligue-1-lusma-fait-ses-debuts-face-au-pac\/\" \/>\n<meta property=\"og:site_name\" content=\"La Sentinelle\" \/>\n<meta property=\"article:publisher\" content=\"https:\/\/www.facebook.com\/La-Sentinelle-104059864394773\" \/>\n<meta property=\"article:published_time\" content=\"2023-09-27T05:46:00+00:00\" \/>\n<meta property=\"article:modified_time\" content=\"2023-09-27T18:48:21+00:00\" \/>\n<meta property=\"og:image\" content=\"https:\/\/lasentinelle.dz\/wp-content\/uploads\/2023\/09\/USMA-3.jpeg\" \/>\n\t<meta property=\"og:image:width\" content=\"1565\" \/>\n\t<meta property=\"og:image:height\" content=\"1007\" \/>\n\t<meta property=\"og:image:type\" content=\"image\/jpeg\" \/>\n<meta name=\"author\" content=\"La Sentinelle\" \/>\n<meta name=\"twitter:card\" content=\"summary_large_image\" \/>\n<meta name=\"twitter:label1\" content=\"\u00c9crit par\" \/>\n\t<meta name=\"twitter:data1\" content=\"La Sentinelle\" \/>\n\t<meta name=\"twitter:label2\" content=\"Dur\u00e9e de lecture estim\u00e9e\" \/>\n\t<meta name=\"twitter:data2\" content=\"2 minutes\" \/>\n<script type=\"application\/ld+json\" class=\"yoast-schema-graph\">{\"@context\":\"https:\\\/\\\/schema.org\",\"@graph\":[{\"@type\":\"Article\",\"@id\":\"https:\\\/\\\/lasentinelle.dz\\\/index.php\\\/2023\\\/09\\\/27\\\/mise-a-jour-de-la-ligue-1-lusma-fait-ses-debuts-face-au-pac\\\/#article\",\"isPartOf\":{\"@id\":\"https:\\\/\\\/lasentinelle.dz\\\/index.php\\\/2023\\\/09\\\/27\\\/mise-a-jour-de-la-ligue-1-lusma-fait-ses-debuts-face-au-pac\\\/\"},\"author\":{\"name\":\"La Sentinelle\",\"@id\":\"https:\\\/\\\/lasentinelle.dz\\\/#\\\/schema\\\/person\\\/d865044e22e70a75174ce8bcad3acfb3\"},\"headline\":\"Mise \u00e0 jour de la Ligue 1\u00a0: L\u2019USMA fait ses d\u00e9buts face au PAC\",\"datePublished\":\"2023-09-27T05:46:00+00:00\",\"dateModified\":\"2023-09-27T18:48:21+00:00\",\"mainEntityOfPage\":{\"@id\":\"https:\\\/\\\/lasentinelle.dz\\\/index.php\\\/2023\\\/09\\\/27\\\/mise-a-jour-de-la-ligue-1-lusma-fait-ses-debuts-face-au-pac\\\/\"},\"wordCount\":426,\"commentCount\":0,\"publisher\":{\"@id\":\"https:\\\/\\\/lasentinelle.dz\\\/#organization\"},\"image\":{\"@id\":\"https:\\\/\\\/lasentinelle.dz\\\/index.php\\\/2023\\\/09\\\/27\\\/mise-a-jour-de-la-ligue-1-lusma-fait-ses-debuts-face-au-pac\\\/#primaryimage\"},\"thumbnailUrl\":\"https:\\\/\\\/lasentinelle.dz\\\/wp-content\\\/uploads\\\/2023\\\/09\\\/USMA-3.jpeg\",\"articleSection\":[\"Sports\"],\"inLanguage\":\"fr-FR\",\"potentialAction\":[{\"@type\":\"CommentAction\",\"name\":\"Comment\",\"target\":[\"https:\\\/\\\/lasentinelle.dz\\\/index.php\\\/2023\\\/09\\\/27\\\/mise-a-jour-de-la-ligue-1-lusma-fait-ses-debuts-face-au-pac\\\/#respond\"]}]},{\"@type\":\"WebPage\",\"@id\":\"https:\\\/\\\/lasentinelle.dz\\\/index.php\\\/2023\\\/09\\\/27\\\/mise-a-jour-de-la-ligue-1-lusma-fait-ses-debuts-face-au-pac\\\/\",\"url\":\"https:\\\/\\\/lasentinelle.dz\\\/index.php\\\/2023\\\/09\\\/27\\\/mise-a-jour-de-la-ligue-1-lusma-fait-ses-debuts-face-au-pac\\\/\",\"name\":\"Mise \u00e0 jour de la Ligue 1\u00a0: L\u2019USMA fait ses d\u00e9buts face au PAC - La Sentinelle\",\"isPartOf\":{\"@id\":\"https:\\\/\\\/lasentinelle.dz\\\/#website\"},\"primaryImageOfPage\":{\"@id\":\"https:\\\/\\\/lasentinelle.dz\\\/index.php\\\/2023\\\/09\\\/27\\\/mise-a-jour-de-la-ligue-1-lusma-fait-ses-debuts-face-au-pac\\\/#primaryimage\"},\"image\":{\"@id\":\"https:\\\/\\\/lasentinelle.dz\\\/index.php\\\/2023\\\/09\\\/27\\\/mise-a-jour-de-la-ligue-1-lusma-fait-ses-debuts-face-au-pac\\\/#primaryimage\"},\"thumbnailUrl\":\"https:\\\/\\\/lasentinelle.dz\\\/wp-content\\\/uploads\\\/2023\\\/09\\\/USMA-3.jpeg\",\"datePublished\":\"2023-09-27T05:46:00+00:00\",\"dateModified\":\"2023-09-27T18:48:21+00:00\",\"breadcrumb\":{\"@id\":\"https:\\\/\\\/lasentinelle.dz\\\/index.php\\\/2023\\\/09\\\/27\\\/mise-a-jour-de-la-ligue-1-lusma-fait-ses-debuts-face-au-pac\\\/#breadcrumb\"},\"inLanguage\":\"fr-FR\",\"potentialAction\":[{\"@type\":\"ReadAction\",\"target\":[\"https:\\\/\\\/lasentinelle.dz\\\/index.php\\\/2023\\\/09\\\/27\\\/mise-a-jour-de-la-ligue-1-lusma-fait-ses-debuts-face-au-pac\\\/\"]}]},{\"@type\":\"ImageObject\",\"inLanguage\":\"fr-FR\",\"@id\":\"https:\\\/\\\/lasentinelle.dz\\\/index.php\\\/2023\\\/09\\\/27\\\/mise-a-jour-de-la-ligue-1-lusma-fait-ses-debuts-face-au-pac\\\/#primaryimage\",\"url\":\"https:\\\/\\\/lasentinelle.dz\\\/wp-content\\\/uploads\\\/2023\\\/09\\\/USMA-3.jpeg\",\"contentUrl\":\"https:\\\/\\\/lasentinelle.dz\\\/wp-content\\\/uploads\\\/2023\\\/09\\\/USMA-3.jpeg\",\"width\":1565,\"height\":1007},{\"@type\":\"BreadcrumbList\",\"@id\":\"https:\\\/\\\/lasentinelle.dz\\\/index.php\\\/2023\\\/09\\\/27\\\/mise-a-jour-de-la-ligue-1-lusma-fait-ses-debuts-face-au-pac\\\/#breadcrumb\",\"itemListElement\":[{\"@type\":\"ListItem\",\"position\":1,\"name\":\"Accueil\",\"item\":\"https:\\\/\\\/lasentinelle.dz\\\/\"},{\"@type\":\"ListItem\",\"position\":2,\"name\":\"Mise \u00e0 jour de la Ligue 1\u00a0: L\u2019USMA fait ses d\u00e9buts face au PAC\"}]},{\"@type\":\"WebSite\",\"@id\":\"https:\\\/\\\/lasentinelle.dz\\\/#website\",\"url\":\"https:\\\/\\\/lasentinelle.dz\\\/\",\"name\":\"La Sentinelle\",\"description\":\"Quotidien national d&#039;information\",\"publisher\":{\"@id\":\"https:\\\/\\\/lasentinelle.dz\\\/#organization\"},\"potentialAction\":[{\"@type\":\"SearchAction\",\"target\":{\"@type\":\"EntryPoint\",\"urlTemplate\":\"https:\\\/\\\/lasentinelle.dz\\\/?s={search_term_string}\"},\"query-input\":{\"@type\":\"PropertyValueSpecification\",\"valueRequired\":true,\"valueName\":\"search_term_string\"}}],\"inLanguage\":\"fr-FR\"},{\"@type\":\"Organization\",\"@id\":\"https:\\\/\\\/lasentinelle.dz\\\/#organization\",\"name\":\"Quotidien La Sentinelle\",\"url\":\"https:\\\/\\\/lasentinelle.dz\\\/\",\"logo\":{\"@type\":\"ImageObject\",\"inLanguage\":\"fr-FR\",\"@id\":\"https:\\\/\\\/lasentinelle.dz\\\/#\\\/schema\\\/logo\\\/image\\\/\",\"url\":\"https:\\\/\\\/lasentinelle.dz\\\/wp-content\\\/uploads\\\/2021\\\/09\\\/logo-sentinelleSLOGAN-1.png\",\"contentUrl\":\"https:\\\/\\\/lasentinelle.dz\\\/wp-content\\\/uploads\\\/2021\\\/09\\\/logo-sentinelleSLOGAN-1.png\",\"width\":615,\"height\":142,\"caption\":\"Quotidien La Sentinelle\"},\"image\":{\"@id\":\"https:\\\/\\\/lasentinelle.dz\\\/#\\\/schema\\\/logo\\\/image\\\/\"},\"sameAs\":[\"https:\\\/\\\/www.facebook.com\\\/La-Sentinelle-104059864394773\"]},{\"@type\":\"Person\",\"@id\":\"https:\\\/\\\/lasentinelle.dz\\\/#\\\/schema\\\/person\\\/d865044e22e70a75174ce8bcad3acfb3\",\"name\":\"La Sentinelle\",\"image\":{\"@type\":\"ImageObject\",\"inLanguage\":\"fr-FR\",\"@id\":\"https:\\\/\\\/secure.gravatar.com\\\/avatar\\\/57de8e5d4b15d43fb361a71fbb36338450fe67865b528a43dd10ef7c51a20392?s=96&d=mm&r=g\",\"url\":\"https:\\\/\\\/secure.gravatar.com\\\/avatar\\\/57de8e5d4b15d43fb361a71fbb36338450fe67865b528a43dd10ef7c51a20392?s=96&d=mm&r=g\",\"contentUrl\":\"https:\\\/\\\/secure.gravatar.com\\\/avatar\\\/57de8e5d4b15d43fb361a71fbb36338450fe67865b528a43dd10ef7c51a20392?s=96&d=mm&r=g\",\"caption\":\"La Sentinelle\"},\"sameAs\":[\"http:\\\/\\\/www.lasentinelle.dz\"],\"url\":\"https:\\\/\\\/lasentinelle.dz\\\/author\\\/redaction\\\/\"}]}<\/script>\n<!-- \/ Yoast SEO plugin. -->","yoast_head_json":{"title":"Mise \u00e0 jour de la Ligue 1\u00a0: L\u2019USMA fait ses d\u00e9buts face au PAC - La Sentinelle","robots":{"index":"index","follow":"follow","max-snippet":"max-snippet:-1","max-image-preview":"max-image-preview:large","max-video-preview":"max-video-preview:-1"},"canonical":"https:\/\/lasentinelle.dz\/index.php\/2023\/09\/27\/mise-a-jour-de-la-ligue-1-lusma-fait-ses-debuts-face-au-pac\/","og_locale":"fr_FR","og_type":"article","og_title":"Mise \u00e0 jour de la Ligue 1\u00a0: L\u2019USMA fait ses d\u00e9buts face au PAC - La Sentinelle","og_description":"L&rsquo;USM Alger va enfin faire son entr\u00e9e en Ligue 1 Mobilis 2023\/2024 aujourd\u2019hui pour le premier match de mise \u00e0","og_url":"https:\/\/lasentinelle.dz\/index.php\/2023\/09\/27\/mise-a-jour-de-la-ligue-1-lusma-fait-ses-debuts-face-au-pac\/","og_site_name":"La Sentinelle","article_publisher":"https:\/\/www.facebook.com\/La-Sentinelle-104059864394773","article_published_time":"2023-09-27T05:46:00+00:00","article_modified_time":"2023-09-27T18:48:21+00:00","og_image":[{"width":1565,"height":1007,"url":"https:\/\/lasentinelle.dz\/wp-content\/uploads\/2023\/09\/USMA-3.jpeg","type":"image\/jpeg"}],"author":"La Sentinelle","twitter_card":"summary_large_image","twitter_misc":{"\u00c9crit par":"La Sentinelle","Dur\u00e9e de lecture estim\u00e9e":"2 minutes"},"schema":{"@context":"https:\/\/schema.org","@graph":[{"@type":"Article","@id":"https:\/\/lasentinelle.dz\/index.php\/2023\/09\/27\/mise-a-jour-de-la-ligue-1-lusma-fait-ses-debuts-face-au-pac\/#article","isPartOf":{"@id":"https:\/\/lasentinelle.dz\/index.php\/2023\/09\/27\/mise-a-jour-de-la-ligue-1-lusma-fait-ses-debuts-face-au-pac\/"},"author":{"name":"La Sentinelle","@id":"https:\/\/lasentinelle.dz\/#\/schema\/person\/d865044e22e70a75174ce8bcad3acfb3"},"headline":"Mise \u00e0 jour de la Ligue 1\u00a0: L\u2019USMA fait ses d\u00e9buts face au PAC","datePublished":"2023-09-27T05:46:00+00:00","dateModified":"2023-09-27T18:48:21+00:00","mainEntityOfPage":{"@id":"https:\/\/lasentinelle.dz\/index.php\/2023\/09\/27\/mise-a-jour-de-la-ligue-1-lusma-fait-ses-debuts-face-au-pac\/"},"wordCount":426,"commentCount":0,"publisher":{"@id":"https:\/\/lasentinelle.dz\/#organization"},"image":{"@id":"https:\/\/lasentinelle.dz\/index.php\/2023\/09\/27\/mise-a-jour-de-la-ligue-1-lusma-fait-ses-debuts-face-au-pac\/#primaryimage"},"thumbnailUrl":"https:\/\/lasentinelle.dz\/wp-content\/uploads\/2023\/09\/USMA-3.jpeg","articleSection":["Sports"],"inLanguage":"fr-FR","potentialAction":[{"@type":"CommentAction","name":"Comment","target":["https:\/\/lasentinelle.dz\/index.php\/2023\/09\/27\/mise-a-jour-de-la-ligue-1-lusma-fait-ses-debuts-face-au-pac\/#respond"]}]},{"@type":"WebPage","@id":"https:\/\/lasentinelle.dz\/index.php\/2023\/09\/27\/mise-a-jour-de-la-ligue-1-lusma-fait-ses-debuts-face-au-pac\/","url":"https:\/\/lasentinelle.dz\/index.php\/2023\/09\/27\/mise-a-jour-de-la-ligue-1-lusma-fait-ses-debuts-face-au-pac\/","name":"Mise \u00e0 jour de la Ligue 1\u00a0: L\u2019USMA fait ses d\u00e9buts face au PAC - La Sentinelle","isPartOf":{"@id":"https:\/\/lasentinelle.dz\/#website"},"primaryImageOfPage":{"@id":"https:\/\/lasentinelle.dz\/index.php\/2023\/09\/27\/mise-a-jour-de-la-ligue-1-lusma-fait-ses-debuts-face-au-pac\/#primaryimage"},"image":{"@id":"https:\/\/lasentinelle.dz\/index.php\/2023\/09\/27\/mise-a-jour-de-la-ligue-1-lusma-fait-ses-debuts-face-au-pac\/#primaryimage"},"thumbnailUrl":"https:\/\/lasentinelle.dz\/wp-content\/uploads\/2023\/09\/USMA-3.jpeg","datePublished":"2023-09-27T05:46:00+00:00","dateModified":"2023-09-27T18:48:21+00:00","breadcrumb":{"@id":"https:\/\/lasentinelle.dz\/index.php\/2023\/09\/27\/mise-a-jour-de-la-ligue-1-lusma-fait-ses-debuts-face-au-pac\/#breadcrumb"},"inLanguage":"fr-FR","potentialAction":[{"@type":"ReadAction","target":["https:\/\/lasentinelle.dz\/index.php\/2023\/09\/27\/mise-a-jour-de-la-ligue-1-lusma-fait-ses-debuts-face-au-pac\/"]}]},{"@type":"ImageObject","inLanguage":"fr-FR","@id":"https:\/\/lasentinelle.dz\/index.php\/2023\/09\/27\/mise-a-jour-de-la-ligue-1-lusma-fait-ses-debuts-face-au-pac\/#primaryimage","url":"https:\/\/lasentinelle.dz\/wp-content\/uploads\/2023\/09\/USMA-3.jpeg","contentUrl":"https:\/\/lasentinelle.dz\/wp-content\/uploads\/2023\/09\/USMA-3.jpeg","width":1565,"height":1007},{"@type":"BreadcrumbList","@id":"https:\/\/lasentinelle.dz\/index.php\/2023\/09\/27\/mise-a-jour-de-la-ligue-1-lusma-fait-ses-debuts-face-au-pac\/#breadcrumb","itemListElement":[{"@type":"ListItem","position":1,"name":"Accueil","item":"https:\/\/lasentinelle.dz\/"},{"@type":"ListItem","position":2,"name":"Mise \u00e0 jour de la Ligue 1\u00a0: L\u2019USMA fait ses d\u00e9buts face au PAC"}]},{"@type":"WebSite","@id":"https:\/\/lasentinelle.dz\/#website","url":"https:\/\/lasentinelle.dz\/","name":"La Sentinelle","description":"Quotidien national d&#039;information","publisher":{"@id":"https:\/\/lasentinelle.dz\/#organization"},"potentialAction":[{"@type":"SearchAction","target":{"@type":"EntryPoint","urlTemplate":"https:\/\/lasentinelle.dz\/?s={search_term_string}"},"query-input":{"@type":"PropertyValueSpecification","valueRequired":true,"valueName":"search_term_string"}}],"inLanguage":"fr-FR"},{"@type":"Organization","@id":"https:\/\/lasentinelle.dz\/#organization","name":"Quotidien La Sentinelle","url":"https:\/\/lasentinelle.dz\/","logo":{"@type":"ImageObject","inLanguage":"fr-FR","@id":"https:\/\/lasentinelle.dz\/#\/schema\/logo\/image\/","url":"https:\/\/lasentinelle.dz\/wp-content\/uploads\/2021\/09\/logo-sentinelleSLOGAN-1.png","contentUrl":"https:\/\/lasentinelle.dz\/wp-content\/uploads\/2021\/09\/logo-sentinelleSLOGAN-1.png","width":615,"height":142,"caption":"Quotidien La Sentinelle"},"image":{"@id":"https:\/\/lasentinelle.dz\/#\/schema\/logo\/image\/"},"sameAs":["https:\/\/www.facebook.com\/La-Sentinelle-104059864394773"]},{"@type":"Person","@id":"https:\/\/lasentinelle.dz\/#\/schema\/person\/d865044e22e70a75174ce8bcad3acfb3","name":"La Sentinelle","image":{"@type":"ImageObject","inLanguage":"fr-FR","@id":"https:\/\/secure.gravatar.com\/avatar\/57de8e5d4b15d43fb361a71fbb36338450fe67865b528a43dd10ef7c51a20392?s=96&d=mm&r=g","url":"https:\/\/secure.gravatar.com\/avatar\/57de8e5d4b15d43fb361a71fbb36338450fe67865b528a43dd10ef7c51a20392?s=96&d=mm&r=g","contentUrl":"https:\/\/secure.gravatar.com\/avatar\/57de8e5d4b15d43fb361a71fbb36338450fe67865b528a43dd10ef7c51a20392?s=96&d=mm&r=g","caption":"La Sentinelle"},"sameAs":["http:\/\/www.lasentinelle.dz"],"url":"https:\/\/lasentinelle.dz\/author\/redaction\/"}]}},"_links":{"self":[{"href":"https:\/\/lasentinelle.dz\/index.php\/wp-json\/wp\/v2\/posts\/45873","targetHints":{"allow":["GET"]}}],"collection":[{"href":"https:\/\/lasentinelle.dz\/index.php\/wp-json\/wp\/v2\/posts"}],"about":[{"href":"https:\/\/lasentinelle.dz\/index.php\/wp-json\/wp\/v2\/types\/post"}],"author":[{"embeddable":true,"href":"https:\/\/lasentinelle.dz\/index.php\/wp-json\/wp\/v2\/users\/3"}],"replies":[{"embeddable":true,"href":"https:\/\/lasentinelle.dz\/index.php\/wp-json\/wp\/v2\/comments?post=45873"}],"version-history":[{"count":1,"href":"https:\/\/lasentinelle.dz\/index.php\/wp-json\/wp\/v2\/posts\/45873\/revisions"}],"predecessor-version":[{"id":45875,"href":"https:\/\/lasentinelle.dz\/index.php\/wp-json\/wp\/v2\/posts\/45873\/revisions\/45875"}],"wp:featuredmedia":[{"embeddable":true,"href":"https:\/\/lasentinelle.dz\/index.php\/wp-json\/wp\/v2\/media\/45874"}],"wp:attachment":[{"href":"https:\/\/lasentinelle.dz\/index.php\/wp-json\/wp\/v2\/media?parent=45873"}],"wp:term":[{"taxonomy":"category","embeddable":true,"href":"https:\/\/lasentinelle.dz\/index.php\/wp-json\/wp\/v2\/categories?post=45873"},{"taxonomy":"post_tag","embeddable":true,"href":"https:\/\/lasentinelle.dz\/index.php\/wp-json\/wp\/v2\/tags?post=45873"}],"curies":[{"name":"wp","href":"https:\/\/api.w.org\/{rel}","templated":true}]}}