{"id":45876,"date":"2023-09-27T06:48:00","date_gmt":"2023-09-27T05:48:00","guid":{"rendered":"https:\/\/lasentinelle.dz\/?p=45876"},"modified":"2023-09-27T19:50:27","modified_gmt":"2023-09-27T18:50:27","slug":"organisation-de-la-can-2025-et-de-la-can-2027-lalgerie-retire-sa-candidature","status":"publish","type":"post","link":"https:\/\/lasentinelle.dz\/index.php\/2023\/09\/27\/organisation-de-la-can-2025-et-de-la-can-2027-lalgerie-retire-sa-candidature\/","title":{"rendered":"Organisation de la CAN 2025 et de la CAN-2027\u00a0: L\u2019Alg\u00e9rie retire sa candidature"},"content":{"rendered":"\n<p>L\u2019Alg\u00e9rie a d\u00e9cid\u00e9 de retirer sa candidature pour l\u2019organisation de la CAN 2025 et la CAN 2027. La F\u00e9d\u00e9ration alg\u00e9rienne de football a motiv\u00e9 cette d\u00e9cision par la n\u00e9cessit\u00e9 de recentrer les priorit\u00e9s sur le d\u00e9veloppement du football national et l\u2019assainissement de la sc\u00e8ne footballistique.<\/p>\n\n\n\n<p>Le nouveau pr\u00e9sident de la F\u00e9d\u00e9ration alg\u00e9rienne de football a pris ses fonctions officiellement hier et Walid Sadi n\u2019a pas tard\u00e9 d\u2019annoncer une premi\u00e8re d\u00e9cision majeure. C\u2019est ainsi qu\u2019il a annonc\u00e9 en marge de la c\u00e9r\u00e9monie d\u2019installation le retrait des dossiers de candidatures de l\u2019Alg\u00e9rie \u00e0 l\u2019organisation des \u00e9ditions de 2025 et de 2027 de la Coupe d\u2019Afrique des Nations. Dans une d\u00e9claration \u00e0 la T\u00e9l\u00e9vision nationale, le nouveau pr\u00e9sident de la FAF a indiqu\u00e9 que \u00ab\u00a0l&rsquo;Alg\u00e9rie a officiellement retir\u00e9 sa candidature \u00e0 l&rsquo;organisation des \u00e9ditions 2025 et 2027 de la Coupe d&rsquo;Afrique des nations\u00a0\u00bb, ajoutant qu&rsquo;un courrier a \u00e9t\u00e9 adress\u00e9 \u00ab\u00a0\u00e0 la Conf\u00e9d\u00e9ration africaine de football, pour l&rsquo;informer de notre d\u00e9cision\u00a0\u00bb.<\/p>\n\n\n\n<p>Une d\u00e9claration qui a par la suite \u00e9t\u00e9 suivie par un communiqu\u00e9 de l\u2019instance f\u00e9d\u00e9rale pour expliquer les motifs ayant conduit \u00e0 prendre cette d\u00e9cision. Le communiqu\u00e9 a ainsi indiqu\u00e9 que la FAF a \u00ab&nbsp;officiellement transmis \u00e0 la Conf\u00e9d\u00e9ration Africaine de Football (CAF) un courrier par lequel elle l\u2019informe de sa d\u00e9cision de retrait de la candidature de l\u2019Alg\u00e9rie pour l\u2019organisation de la Coupe d\u2019Afrique des Nations Total Energies (CAN), \u00e9dition 2025 et 2027&nbsp;\u00bb. Dans cette correspondance, l\u2019instance f\u00e9d\u00e9rale a expliqu\u00e9 que ce retrait est motiv\u00e9 par la nouvelle approche de la FAF relative \u00e0 la strat\u00e9gie de d\u00e9veloppement du Football en Alg\u00e9rie. \u00ab&nbsp;La FAF concentre d\u00e9sormais ses efforts dans la r\u00e9organisation et la redynamisation du football en Alg\u00e9rie de m\u00eame qu\u2019elle r\u00e9it\u00e8re son engagement ind\u00e9fectible au profit du d\u00e9veloppement du football africain&nbsp;\u00bb, ajoute la m\u00eame source.<\/p>\n\n\n\n<p>\u00ab&nbsp;A cette occasion, la FAF adresse ses vifs remerciements \u00e0 la grande famille du football africain pour la compr\u00e9hension de sa d\u00e9cision qui ne signifie nullement un d\u00e9sengagement de l\u2019Alg\u00e9rie par rapport au sport- roi en Afrique&nbsp;\u00bb, conclut le communiqu\u00e9.<\/p>\n\n\n\n<p>Il est utile de souligner que cette d\u00e9cision intervient 24 heures avant l&rsquo;annonce officielle du pr\u00e9sident de la CAF, Patrice Motsepe, concernant les pays qui ont \u00e9t\u00e9 choisis pour l&rsquo;organisation des \u00e9ditions 2025 et 2027 de la CAN. Un processus dans la transparence et la cr\u00e9dibilit\u00e9 fait l\u2019objet de nombreux doutes dans la mesure o\u00f9 des rumeurs persistantes ont mis en avant et \u00e0 plusieurs reprises que les noms des candidats ont \u00e9t\u00e9 choisis depuis plusieurs mois dans les coulisses dans l\u2019instance conf\u00e9d\u00e9rale. Des rumeurs qui sont all\u00e9es de plus belle cette semaine pour annoncer que l\u2019organisation des deux tournois a \u00e9t\u00e9 attribu\u00e9e au Maroc en 2025 et au S\u00e9n\u00e9gal en 2027.<\/p>\n\n\n\n<p>Moncef Dahleb<\/p>\n","protected":false},"excerpt":{"rendered":"<p>L\u2019Alg\u00e9rie a d\u00e9cid\u00e9 de retirer sa candidature pour l\u2019organisation de la CAN 2025 et la CAN 2027. La F\u00e9d\u00e9ration alg\u00e9rienne<\/p>\n","protected":false},"author":3,"featured_media":45877,"comment_status":"open","ping_status":"closed","sticky":false,"template":"","format":"standard","meta":{"colormag_page_container_layout":"default_layout","colormag_page_sidebar_layout":"default_layout","om_disable_all_campaigns":false,"_monsterinsights_skip_tracking":false,"_monsterinsights_sitenote_active":false,"_monsterinsights_sitenote_note":"","_monsterinsights_sitenote_category":0,"footnotes":"","_wpscppro_dont_share_socialmedia":false,"_wpscppro_custom_social_share_image":0,"_facebook_share_type":"","_twitter_share_type":"","_linkedin_share_type":"","_pinterest_share_type":"","_linkedin_share_type_page":"","_instagram_share_type":"","_medium_share_type":"","_threads_share_type":"","_google_business_share_type":"","_selected_social_profile":[],"_wpsp_enable_custom_social_template":false,"_wpsp_social_scheduling":{"enabled":false,"datetime":null,"platforms":[],"status":"template_only","dateOption":"today","timeOption":"now","customDays":"","customHours":"","customDate":"","customTime":"","schedulingType":"absolute"},"_wpsp_active_default_template":true},"categories":[52,33],"tags":[],"class_list":["post-45876","post","type-post","status-publish","format-standard","has-post-thumbnail","hentry","category-a-la-une","category-sports"],"aioseo_notices":[],"yoast_head":"<!-- This site is optimized with the Yoast SEO plugin v27.5 - https:\/\/yoast.com\/product\/yoast-seo-wordpress\/ -->\n<title>Organisation de la CAN 2025 et de la CAN-2027\u00a0: L\u2019Alg\u00e9rie retire sa candidature - La Sentinelle<\/title>\n<meta name=\"robots\" content=\"index, follow, max-snippet:-1, max-image-preview:large, max-video-preview:-1\" \/>\n<link rel=\"canonical\" href=\"https:\/\/lasentinelle.dz\/index.php\/2023\/09\/27\/organisation-de-la-can-2025-et-de-la-can-2027-lalgerie-retire-sa-candidature\/\" \/>\n<meta property=\"og:locale\" content=\"fr_FR\" \/>\n<meta property=\"og:type\" content=\"article\" \/>\n<meta property=\"og:title\" content=\"Organisation de la CAN 2025 et de la CAN-2027\u00a0: L\u2019Alg\u00e9rie retire sa candidature - La Sentinelle\" \/>\n<meta property=\"og:description\" content=\"L\u2019Alg\u00e9rie a d\u00e9cid\u00e9 de retirer sa candidature pour l\u2019organisation de la CAN 2025 et la CAN 2027. La F\u00e9d\u00e9ration alg\u00e9rienne\" \/>\n<meta property=\"og:url\" content=\"https:\/\/lasentinelle.dz\/index.php\/2023\/09\/27\/organisation-de-la-can-2025-et-de-la-can-2027-lalgerie-retire-sa-candidature\/\" \/>\n<meta property=\"og:site_name\" content=\"La Sentinelle\" \/>\n<meta property=\"article:publisher\" content=\"https:\/\/www.facebook.com\/La-Sentinelle-104059864394773\" \/>\n<meta property=\"article:published_time\" content=\"2023-09-27T05:48:00+00:00\" \/>\n<meta property=\"article:modified_time\" content=\"2023-09-27T18:50:27+00:00\" \/>\n<meta property=\"og:image\" content=\"https:\/\/lasentinelle.dz\/wp-content\/uploads\/2023\/09\/Coupe-dafrique-.jpeg\" \/>\n\t<meta property=\"og:image:width\" content=\"800\" \/>\n\t<meta property=\"og:image:height\" content=\"494\" \/>\n\t<meta property=\"og:image:type\" content=\"image\/jpeg\" \/>\n<meta name=\"author\" content=\"La Sentinelle\" \/>\n<meta name=\"twitter:card\" content=\"summary_large_image\" \/>\n<meta name=\"twitter:label1\" content=\"\u00c9crit par\" \/>\n\t<meta name=\"twitter:data1\" content=\"La Sentinelle\" \/>\n\t<meta name=\"twitter:label2\" content=\"Dur\u00e9e de lecture estim\u00e9e\" \/>\n\t<meta name=\"twitter:data2\" content=\"3 minutes\" \/>\n<script type=\"application\/ld+json\" class=\"yoast-schema-graph\">{\"@context\":\"https:\\\/\\\/schema.org\",\"@graph\":[{\"@type\":\"Article\",\"@id\":\"https:\\\/\\\/lasentinelle.dz\\\/index.php\\\/2023\\\/09\\\/27\\\/organisation-de-la-can-2025-et-de-la-can-2027-lalgerie-retire-sa-candidature\\\/#article\",\"isPartOf\":{\"@id\":\"https:\\\/\\\/lasentinelle.dz\\\/index.php\\\/2023\\\/09\\\/27\\\/organisation-de-la-can-2025-et-de-la-can-2027-lalgerie-retire-sa-candidature\\\/\"},\"author\":{\"name\":\"La Sentinelle\",\"@id\":\"https:\\\/\\\/lasentinelle.dz\\\/#\\\/schema\\\/person\\\/d865044e22e70a75174ce8bcad3acfb3\"},\"headline\":\"Organisation de la CAN 2025 et de la CAN-2027\u00a0: L\u2019Alg\u00e9rie retire sa candidature\",\"datePublished\":\"2023-09-27T05:48:00+00:00\",\"dateModified\":\"2023-09-27T18:50:27+00:00\",\"mainEntityOfPage\":{\"@id\":\"https:\\\/\\\/lasentinelle.dz\\\/index.php\\\/2023\\\/09\\\/27\\\/organisation-de-la-can-2025-et-de-la-can-2027-lalgerie-retire-sa-candidature\\\/\"},\"wordCount\":537,\"commentCount\":0,\"publisher\":{\"@id\":\"https:\\\/\\\/lasentinelle.dz\\\/#organization\"},\"image\":{\"@id\":\"https:\\\/\\\/lasentinelle.dz\\\/index.php\\\/2023\\\/09\\\/27\\\/organisation-de-la-can-2025-et-de-la-can-2027-lalgerie-retire-sa-candidature\\\/#primaryimage\"},\"thumbnailUrl\":\"https:\\\/\\\/lasentinelle.dz\\\/wp-content\\\/uploads\\\/2023\\\/09\\\/Coupe-dafrique-.jpeg\",\"articleSection\":[\"\u00c0 la Une\",\"Sports\"],\"inLanguage\":\"fr-FR\",\"potentialAction\":[{\"@type\":\"CommentAction\",\"name\":\"Comment\",\"target\":[\"https:\\\/\\\/lasentinelle.dz\\\/index.php\\\/2023\\\/09\\\/27\\\/organisation-de-la-can-2025-et-de-la-can-2027-lalgerie-retire-sa-candidature\\\/#respond\"]}]},{\"@type\":\"WebPage\",\"@id\":\"https:\\\/\\\/lasentinelle.dz\\\/index.php\\\/2023\\\/09\\\/27\\\/organisation-de-la-can-2025-et-de-la-can-2027-lalgerie-retire-sa-candidature\\\/\",\"url\":\"https:\\\/\\\/lasentinelle.dz\\\/index.php\\\/2023\\\/09\\\/27\\\/organisation-de-la-can-2025-et-de-la-can-2027-lalgerie-retire-sa-candidature\\\/\",\"name\":\"Organisation de la CAN 2025 et de la CAN-2027\u00a0: L\u2019Alg\u00e9rie retire sa candidature - La Sentinelle\",\"isPartOf\":{\"@id\":\"https:\\\/\\\/lasentinelle.dz\\\/#website\"},\"primaryImageOfPage\":{\"@id\":\"https:\\\/\\\/lasentinelle.dz\\\/index.php\\\/2023\\\/09\\\/27\\\/organisation-de-la-can-2025-et-de-la-can-2027-lalgerie-retire-sa-candidature\\\/#primaryimage\"},\"image\":{\"@id\":\"https:\\\/\\\/lasentinelle.dz\\\/index.php\\\/2023\\\/09\\\/27\\\/organisation-de-la-can-2025-et-de-la-can-2027-lalgerie-retire-sa-candidature\\\/#primaryimage\"},\"thumbnailUrl\":\"https:\\\/\\\/lasentinelle.dz\\\/wp-content\\\/uploads\\\/2023\\\/09\\\/Coupe-dafrique-.jpeg\",\"datePublished\":\"2023-09-27T05:48:00+00:00\",\"dateModified\":\"2023-09-27T18:50:27+00:00\",\"breadcrumb\":{\"@id\":\"https:\\\/\\\/lasentinelle.dz\\\/index.php\\\/2023\\\/09\\\/27\\\/organisation-de-la-can-2025-et-de-la-can-2027-lalgerie-retire-sa-candidature\\\/#breadcrumb\"},\"inLanguage\":\"fr-FR\",\"potentialAction\":[{\"@type\":\"ReadAction\",\"target\":[\"https:\\\/\\\/lasentinelle.dz\\\/index.php\\\/2023\\\/09\\\/27\\\/organisation-de-la-can-2025-et-de-la-can-2027-lalgerie-retire-sa-candidature\\\/\"]}]},{\"@type\":\"ImageObject\",\"inLanguage\":\"fr-FR\",\"@id\":\"https:\\\/\\\/lasentinelle.dz\\\/index.php\\\/2023\\\/09\\\/27\\\/organisation-de-la-can-2025-et-de-la-can-2027-lalgerie-retire-sa-candidature\\\/#primaryimage\",\"url\":\"https:\\\/\\\/lasentinelle.dz\\\/wp-content\\\/uploads\\\/2023\\\/09\\\/Coupe-dafrique-.jpeg\",\"contentUrl\":\"https:\\\/\\\/lasentinelle.dz\\\/wp-content\\\/uploads\\\/2023\\\/09\\\/Coupe-dafrique-.jpeg\",\"width\":800,\"height\":494},{\"@type\":\"BreadcrumbList\",\"@id\":\"https:\\\/\\\/lasentinelle.dz\\\/index.php\\\/2023\\\/09\\\/27\\\/organisation-de-la-can-2025-et-de-la-can-2027-lalgerie-retire-sa-candidature\\\/#breadcrumb\",\"itemListElement\":[{\"@type\":\"ListItem\",\"position\":1,\"name\":\"Accueil\",\"item\":\"https:\\\/\\\/lasentinelle.dz\\\/\"},{\"@type\":\"ListItem\",\"position\":2,\"name\":\"Organisation de la CAN 2025 et de la CAN-2027\u00a0: L\u2019Alg\u00e9rie retire sa candidature\"}]},{\"@type\":\"WebSite\",\"@id\":\"https:\\\/\\\/lasentinelle.dz\\\/#website\",\"url\":\"https:\\\/\\\/lasentinelle.dz\\\/\",\"name\":\"La Sentinelle\",\"description\":\"Quotidien national d&#039;information\",\"publisher\":{\"@id\":\"https:\\\/\\\/lasentinelle.dz\\\/#organization\"},\"potentialAction\":[{\"@type\":\"SearchAction\",\"target\":{\"@type\":\"EntryPoint\",\"urlTemplate\":\"https:\\\/\\\/lasentinelle.dz\\\/?s={search_term_string}\"},\"query-input\":{\"@type\":\"PropertyValueSpecification\",\"valueRequired\":true,\"valueName\":\"search_term_string\"}}],\"inLanguage\":\"fr-FR\"},{\"@type\":\"Organization\",\"@id\":\"https:\\\/\\\/lasentinelle.dz\\\/#organization\",\"name\":\"Quotidien La Sentinelle\",\"url\":\"https:\\\/\\\/lasentinelle.dz\\\/\",\"logo\":{\"@type\":\"ImageObject\",\"inLanguage\":\"fr-FR\",\"@id\":\"https:\\\/\\\/lasentinelle.dz\\\/#\\\/schema\\\/logo\\\/image\\\/\",\"url\":\"https:\\\/\\\/lasentinelle.dz\\\/wp-content\\\/uploads\\\/2021\\\/09\\\/logo-sentinelleSLOGAN-1.png\",\"contentUrl\":\"https:\\\/\\\/lasentinelle.dz\\\/wp-content\\\/uploads\\\/2021\\\/09\\\/logo-sentinelleSLOGAN-1.png\",\"width\":615,\"height\":142,\"caption\":\"Quotidien La Sentinelle\"},\"image\":{\"@id\":\"https:\\\/\\\/lasentinelle.dz\\\/#\\\/schema\\\/logo\\\/image\\\/\"},\"sameAs\":[\"https:\\\/\\\/www.facebook.com\\\/La-Sentinelle-104059864394773\"]},{\"@type\":\"Person\",\"@id\":\"https:\\\/\\\/lasentinelle.dz\\\/#\\\/schema\\\/person\\\/d865044e22e70a75174ce8bcad3acfb3\",\"name\":\"La Sentinelle\",\"image\":{\"@type\":\"ImageObject\",\"inLanguage\":\"fr-FR\",\"@id\":\"https:\\\/\\\/secure.gravatar.com\\\/avatar\\\/57de8e5d4b15d43fb361a71fbb36338450fe67865b528a43dd10ef7c51a20392?s=96&d=mm&r=g\",\"url\":\"https:\\\/\\\/secure.gravatar.com\\\/avatar\\\/57de8e5d4b15d43fb361a71fbb36338450fe67865b528a43dd10ef7c51a20392?s=96&d=mm&r=g\",\"contentUrl\":\"https:\\\/\\\/secure.gravatar.com\\\/avatar\\\/57de8e5d4b15d43fb361a71fbb36338450fe67865b528a43dd10ef7c51a20392?s=96&d=mm&r=g\",\"caption\":\"La Sentinelle\"},\"sameAs\":[\"http:\\\/\\\/www.lasentinelle.dz\"],\"url\":\"https:\\\/\\\/lasentinelle.dz\\\/author\\\/redaction\\\/\"}]}<\/script>\n<!-- \/ Yoast SEO plugin. -->","yoast_head_json":{"title":"Organisation de la CAN 2025 et de la CAN-2027\u00a0: L\u2019Alg\u00e9rie retire sa candidature - La Sentinelle","robots":{"index":"index","follow":"follow","max-snippet":"max-snippet:-1","max-image-preview":"max-image-preview:large","max-video-preview":"max-video-preview:-1"},"canonical":"https:\/\/lasentinelle.dz\/index.php\/2023\/09\/27\/organisation-de-la-can-2025-et-de-la-can-2027-lalgerie-retire-sa-candidature\/","og_locale":"fr_FR","og_type":"article","og_title":"Organisation de la CAN 2025 et de la CAN-2027\u00a0: L\u2019Alg\u00e9rie retire sa candidature - La Sentinelle","og_description":"L\u2019Alg\u00e9rie a d\u00e9cid\u00e9 de retirer sa candidature pour l\u2019organisation de la CAN 2025 et la CAN 2027. La F\u00e9d\u00e9ration alg\u00e9rienne","og_url":"https:\/\/lasentinelle.dz\/index.php\/2023\/09\/27\/organisation-de-la-can-2025-et-de-la-can-2027-lalgerie-retire-sa-candidature\/","og_site_name":"La Sentinelle","article_publisher":"https:\/\/www.facebook.com\/La-Sentinelle-104059864394773","article_published_time":"2023-09-27T05:48:00+00:00","article_modified_time":"2023-09-27T18:50:27+00:00","og_image":[{"width":800,"height":494,"url":"https:\/\/lasentinelle.dz\/wp-content\/uploads\/2023\/09\/Coupe-dafrique-.jpeg","type":"image\/jpeg"}],"author":"La Sentinelle","twitter_card":"summary_large_image","twitter_misc":{"\u00c9crit par":"La Sentinelle","Dur\u00e9e de lecture estim\u00e9e":"3 minutes"},"schema":{"@context":"https:\/\/schema.org","@graph":[{"@type":"Article","@id":"https:\/\/lasentinelle.dz\/index.php\/2023\/09\/27\/organisation-de-la-can-2025-et-de-la-can-2027-lalgerie-retire-sa-candidature\/#article","isPartOf":{"@id":"https:\/\/lasentinelle.dz\/index.php\/2023\/09\/27\/organisation-de-la-can-2025-et-de-la-can-2027-lalgerie-retire-sa-candidature\/"},"author":{"name":"La Sentinelle","@id":"https:\/\/lasentinelle.dz\/#\/schema\/person\/d865044e22e70a75174ce8bcad3acfb3"},"headline":"Organisation de la CAN 2025 et de la CAN-2027\u00a0: L\u2019Alg\u00e9rie retire sa candidature","datePublished":"2023-09-27T05:48:00+00:00","dateModified":"2023-09-27T18:50:27+00:00","mainEntityOfPage":{"@id":"https:\/\/lasentinelle.dz\/index.php\/2023\/09\/27\/organisation-de-la-can-2025-et-de-la-can-2027-lalgerie-retire-sa-candidature\/"},"wordCount":537,"commentCount":0,"publisher":{"@id":"https:\/\/lasentinelle.dz\/#organization"},"image":{"@id":"https:\/\/lasentinelle.dz\/index.php\/2023\/09\/27\/organisation-de-la-can-2025-et-de-la-can-2027-lalgerie-retire-sa-candidature\/#primaryimage"},"thumbnailUrl":"https:\/\/lasentinelle.dz\/wp-content\/uploads\/2023\/09\/Coupe-dafrique-.jpeg","articleSection":["\u00c0 la Une","Sports"],"inLanguage":"fr-FR","potentialAction":[{"@type":"CommentAction","name":"Comment","target":["https:\/\/lasentinelle.dz\/index.php\/2023\/09\/27\/organisation-de-la-can-2025-et-de-la-can-2027-lalgerie-retire-sa-candidature\/#respond"]}]},{"@type":"WebPage","@id":"https:\/\/lasentinelle.dz\/index.php\/2023\/09\/27\/organisation-de-la-can-2025-et-de-la-can-2027-lalgerie-retire-sa-candidature\/","url":"https:\/\/lasentinelle.dz\/index.php\/2023\/09\/27\/organisation-de-la-can-2025-et-de-la-can-2027-lalgerie-retire-sa-candidature\/","name":"Organisation de la CAN 2025 et de la CAN-2027\u00a0: L\u2019Alg\u00e9rie retire sa candidature - La Sentinelle","isPartOf":{"@id":"https:\/\/lasentinelle.dz\/#website"},"primaryImageOfPage":{"@id":"https:\/\/lasentinelle.dz\/index.php\/2023\/09\/27\/organisation-de-la-can-2025-et-de-la-can-2027-lalgerie-retire-sa-candidature\/#primaryimage"},"image":{"@id":"https:\/\/lasentinelle.dz\/index.php\/2023\/09\/27\/organisation-de-la-can-2025-et-de-la-can-2027-lalgerie-retire-sa-candidature\/#primaryimage"},"thumbnailUrl":"https:\/\/lasentinelle.dz\/wp-content\/uploads\/2023\/09\/Coupe-dafrique-.jpeg","datePublished":"2023-09-27T05:48:00+00:00","dateModified":"2023-09-27T18:50:27+00:00","breadcrumb":{"@id":"https:\/\/lasentinelle.dz\/index.php\/2023\/09\/27\/organisation-de-la-can-2025-et-de-la-can-2027-lalgerie-retire-sa-candidature\/#breadcrumb"},"inLanguage":"fr-FR","potentialAction":[{"@type":"ReadAction","target":["https:\/\/lasentinelle.dz\/index.php\/2023\/09\/27\/organisation-de-la-can-2025-et-de-la-can-2027-lalgerie-retire-sa-candidature\/"]}]},{"@type":"ImageObject","inLanguage":"fr-FR","@id":"https:\/\/lasentinelle.dz\/index.php\/2023\/09\/27\/organisation-de-la-can-2025-et-de-la-can-2027-lalgerie-retire-sa-candidature\/#primaryimage","url":"https:\/\/lasentinelle.dz\/wp-content\/uploads\/2023\/09\/Coupe-dafrique-.jpeg","contentUrl":"https:\/\/lasentinelle.dz\/wp-content\/uploads\/2023\/09\/Coupe-dafrique-.jpeg","width":800,"height":494},{"@type":"BreadcrumbList","@id":"https:\/\/lasentinelle.dz\/index.php\/2023\/09\/27\/organisation-de-la-can-2025-et-de-la-can-2027-lalgerie-retire-sa-candidature\/#breadcrumb","itemListElement":[{"@type":"ListItem","position":1,"name":"Accueil","item":"https:\/\/lasentinelle.dz\/"},{"@type":"ListItem","position":2,"name":"Organisation de la CAN 2025 et de la CAN-2027\u00a0: L\u2019Alg\u00e9rie retire sa candidature"}]},{"@type":"WebSite","@id":"https:\/\/lasentinelle.dz\/#website","url":"https:\/\/lasentinelle.dz\/","name":"La Sentinelle","description":"Quotidien national d&#039;information","publisher":{"@id":"https:\/\/lasentinelle.dz\/#organization"},"potentialAction":[{"@type":"SearchAction","target":{"@type":"EntryPoint","urlTemplate":"https:\/\/lasentinelle.dz\/?s={search_term_string}"},"query-input":{"@type":"PropertyValueSpecification","valueRequired":true,"valueName":"search_term_string"}}],"inLanguage":"fr-FR"},{"@type":"Organization","@id":"https:\/\/lasentinelle.dz\/#organization","name":"Quotidien La Sentinelle","url":"https:\/\/lasentinelle.dz\/","logo":{"@type":"ImageObject","inLanguage":"fr-FR","@id":"https:\/\/lasentinelle.dz\/#\/schema\/logo\/image\/","url":"https:\/\/lasentinelle.dz\/wp-content\/uploads\/2021\/09\/logo-sentinelleSLOGAN-1.png","contentUrl":"https:\/\/lasentinelle.dz\/wp-content\/uploads\/2021\/09\/logo-sentinelleSLOGAN-1.png","width":615,"height":142,"caption":"Quotidien La Sentinelle"},"image":{"@id":"https:\/\/lasentinelle.dz\/#\/schema\/logo\/image\/"},"sameAs":["https:\/\/www.facebook.com\/La-Sentinelle-104059864394773"]},{"@type":"Person","@id":"https:\/\/lasentinelle.dz\/#\/schema\/person\/d865044e22e70a75174ce8bcad3acfb3","name":"La Sentinelle","image":{"@type":"ImageObject","inLanguage":"fr-FR","@id":"https:\/\/secure.gravatar.com\/avatar\/57de8e5d4b15d43fb361a71fbb36338450fe67865b528a43dd10ef7c51a20392?s=96&d=mm&r=g","url":"https:\/\/secure.gravatar.com\/avatar\/57de8e5d4b15d43fb361a71fbb36338450fe67865b528a43dd10ef7c51a20392?s=96&d=mm&r=g","contentUrl":"https:\/\/secure.gravatar.com\/avatar\/57de8e5d4b15d43fb361a71fbb36338450fe67865b528a43dd10ef7c51a20392?s=96&d=mm&r=g","caption":"La Sentinelle"},"sameAs":["http:\/\/www.lasentinelle.dz"],"url":"https:\/\/lasentinelle.dz\/author\/redaction\/"}]}},"_links":{"self":[{"href":"https:\/\/lasentinelle.dz\/index.php\/wp-json\/wp\/v2\/posts\/45876","targetHints":{"allow":["GET"]}}],"collection":[{"href":"https:\/\/lasentinelle.dz\/index.php\/wp-json\/wp\/v2\/posts"}],"about":[{"href":"https:\/\/lasentinelle.dz\/index.php\/wp-json\/wp\/v2\/types\/post"}],"author":[{"embeddable":true,"href":"https:\/\/lasentinelle.dz\/index.php\/wp-json\/wp\/v2\/users\/3"}],"replies":[{"embeddable":true,"href":"https:\/\/lasentinelle.dz\/index.php\/wp-json\/wp\/v2\/comments?post=45876"}],"version-history":[{"count":1,"href":"https:\/\/lasentinelle.dz\/index.php\/wp-json\/wp\/v2\/posts\/45876\/revisions"}],"predecessor-version":[{"id":45878,"href":"https:\/\/lasentinelle.dz\/index.php\/wp-json\/wp\/v2\/posts\/45876\/revisions\/45878"}],"wp:featuredmedia":[{"embeddable":true,"href":"https:\/\/lasentinelle.dz\/index.php\/wp-json\/wp\/v2\/media\/45877"}],"wp:attachment":[{"href":"https:\/\/lasentinelle.dz\/index.php\/wp-json\/wp\/v2\/media?parent=45876"}],"wp:term":[{"taxonomy":"category","embeddable":true,"href":"https:\/\/lasentinelle.dz\/index.php\/wp-json\/wp\/v2\/categories?post=45876"},{"taxonomy":"post_tag","embeddable":true,"href":"https:\/\/lasentinelle.dz\/index.php\/wp-json\/wp\/v2\/tags?post=45876"}],"curies":[{"name":"wp","href":"https:\/\/api.w.org\/{rel}","templated":true}]}}