{"id":45889,"date":"2023-09-27T20:02:22","date_gmt":"2023-09-27T19:02:22","guid":{"rendered":"https:\/\/lasentinelle.dz\/?p=45889"},"modified":"2023-09-27T20:02:23","modified_gmt":"2023-09-27T19:02:23","slug":"le-ffs-anime-la-scene-politique","status":"publish","type":"post","link":"https:\/\/lasentinelle.dz\/index.php\/2023\/09\/27\/le-ffs-anime-la-scene-politique\/","title":{"rendered":"Le FFS anime la sc\u00e8ne politique"},"content":{"rendered":"\n<p>Le Front des forces socialistes compte organiser un meeting populaire \u00e0 Alger pour marquer les 60 ans de sa cr\u00e9ation.<\/p>\n\n\n\n<p>Le plus vieux parti d\u2019opposition veut marquer son 60<sup>e<\/sup> anniversaire en mettant en avant son parcours et son action pour la promotion des libert\u00e9s d\u00e9mocratiques et son engagement envers le pays. Le parti a d\u2019ailleurs mis en place un programme de c\u00e9l\u00e9brations qui ont commenc\u00e9 depuis quelques semaines, et qui pr\u00e9voit d\u2019ailleurs un meeting populaire pr\u00e9vue samedi apr\u00e8s-midi \u00e0 la salle Ibn Khaldoun \u00e0 Alger. \u00ab&nbsp;Cette c\u00e9l\u00e9bration est une occasion pour revenir sur le parcours du parti et ses engagements permanents en faveur de la population&nbsp; et du pays&nbsp;\u00bb, annonce le FFS. Un meeting qui permettra d\u2019ailleurs de rompre avec la torpeur dans laquelle s\u2019est install\u00e9e la sc\u00e8ne politique, mais aussi pour pr\u00e9senter le projet politique port\u00e9 par le parti du d\u00e9funt Hocine Ait Ahmed.<\/p>\n\n\n\n<p>Ces c\u00e9l\u00e9brations interviennent alors que le FFS a annonc\u00e9 une nouvelle initiative politique, laquelle fait l\u2019objet de consultations avec les partis de l\u2019opposition, mais aussi de la majorit\u00e9 parlementaire. Une initiative que le plus vieux parti d\u2019opposition veut sans exclusive et transcende les clivages politiques et id\u00e9ologiques. D\u2019ailleurs lors de la pr\u00e9sentation de cette initiative au d\u00e9but de ce mois de septembre, le premier secr\u00e9taire national du parti, Youcef Aouchiche a soulign\u00e9 que cette initiative s\u2019adresse \u00ab \u00e0 toutes les forces politiques \u00e0 la fois engag\u00e9es dans la d\u00e9fense de l\u2019Etat de droit, des libert\u00e9s, de la justice sociale et intransigeants quand il s\u2019agit de s\u2019opposer fermement aux vell\u00e9it\u00e9s, internes ou externes, de porter atteinte, sous quelques pr\u00e9textes que ce soit, \u00e0 l\u2019int\u00e9grit\u00e9 et l\u2019unit\u00e9 du pays, \u00e0 l\u2019Etat et \u00e0 ses institutions \u00bb, vise \u00e0 transcender -sans les nier- les clivages id\u00e9ologiques et \u00ab s\u2019inscrit au-del\u00e0 des \u00e9ch\u00e9ances \u00e9lectorales \u00bb. Il a ajout\u00e9 que l\u2019initiative du FFS a pour objectif de r\u00e9habiliter le politique et la politique et \u00ab lib\u00e9rer une dynamique qui renforcera l\u2019Etat national en cr\u00e9ant un climat apais\u00e9 et en r\u00e9unissant les conditions n\u00e9cessaires \u00e0 l\u2019engagement politique de nos concitoyens \u00bb.<\/p>\n\n\n\n<p>l Le FFS a dans ce sens lanc\u00e9 des consultations avec d\u2019autres formations politiques&nbsp; pour d\u00e9battre sur la mani\u00e8re deconstruire et renforcer le front patriotique pour neutraliser toutes les menaces qui ciblent l\u2019Etat national, l\u2019unit\u00e9 et la souverainet\u00e9 du pays et de la mani\u00e8re de concilier protection contre toutes les formes de subversion, de division et d\u2019ing\u00e9rence dans les affaires de notre pays et la n\u00e9cessit\u00e9 de respecter le pluralisme politique, les libert\u00e9s fondamentales et les droits de l\u2019homme, ainsi que les r\u00e9formes politiques \u00e0 initier pour consacrer l\u2019Etat de droit, renforcer la l\u00e9gitimit\u00e9 des institutions \u00e9lues tant au niveau national que local et favoriser une r\u00e9elle d\u00e9mocratie repr\u00e9sentative et participative et les r\u00e9formes \u00e9conomiques structurelles. Le FFS a ainsi engag\u00e9 des consultations avec trois formations politique. Youcef Aouchiche s\u2019est ainsi entretenu avec le pr\u00e9sident du Mouvement de la soci\u00e9t\u00e9 pour la Paix (MSP), Abdelali Hassani Cherif, le pr\u00e9sident du Front El Mostakbal Abdelaziz Bela\u00efd et plus r\u00e9cemment avec le pr\u00e9sident de Jil Jadid, Soufiane Djilali. Des entretiens qui ont permis d\u2019\u00e9voquer la situation politique nationale et le contexte, r\u00e9gional et international, ainsi que sur les voies et moyens qui permettront de renforcer l\u2019exercice politique. Des consultations qui ont surtout permis de discuter de l\u2019initiative politique du FFS, tandis que l\u2019ensemble des partis se sont engag\u00e9s \u00e0 garder les canaux de communication et de dialogue \u00ab&nbsp;ouverts&nbsp;\u00bb.<\/p>\n\n\n\n<p><strong>Hocine Fadheli<\/strong><\/p>\n","protected":false},"excerpt":{"rendered":"<p>Le Front des forces socialistes compte organiser un meeting populaire \u00e0 Alger pour marquer les 60 ans de sa cr\u00e9ation.<\/p>\n","protected":false},"author":3,"featured_media":24573,"comment_status":"open","ping_status":"closed","sticky":false,"template":"","format":"standard","meta":{"colormag_page_container_layout":"default_layout","colormag_page_sidebar_layout":"default_layout","om_disable_all_campaigns":false,"_monsterinsights_skip_tracking":false,"_monsterinsights_sitenote_active":false,"_monsterinsights_sitenote_note":"","_monsterinsights_sitenote_category":0,"footnotes":"","_wpscppro_dont_share_socialmedia":false,"_wpscppro_custom_social_share_image":0,"_facebook_share_type":"","_twitter_share_type":"","_linkedin_share_type":"","_pinterest_share_type":"","_linkedin_share_type_page":"","_instagram_share_type":"","_medium_share_type":"","_threads_share_type":"","_google_business_share_type":"","_selected_social_profile":[],"_wpsp_enable_custom_social_template":false,"_wpsp_social_scheduling":{"enabled":false,"datetime":null,"platforms":[],"status":"template_only","dateOption":"today","timeOption":"now","customDays":"","customHours":"","customDate":"","customTime":"","schedulingType":"absolute"},"_wpsp_active_default_template":true},"categories":[52,28],"tags":[],"class_list":["post-45889","post","type-post","status-publish","format-standard","has-post-thumbnail","hentry","category-a-la-une","category-politique"],"aioseo_notices":[],"yoast_head":"<!-- This site is optimized with the Yoast SEO plugin v27.5 - https:\/\/yoast.com\/product\/yoast-seo-wordpress\/ -->\n<title>Le FFS anime la sc\u00e8ne politique - La Sentinelle<\/title>\n<meta name=\"robots\" content=\"index, follow, max-snippet:-1, max-image-preview:large, max-video-preview:-1\" \/>\n<link rel=\"canonical\" href=\"https:\/\/lasentinelle.dz\/index.php\/2023\/09\/27\/le-ffs-anime-la-scene-politique\/\" \/>\n<meta property=\"og:locale\" content=\"fr_FR\" \/>\n<meta property=\"og:type\" content=\"article\" \/>\n<meta property=\"og:title\" content=\"Le FFS anime la sc\u00e8ne politique - La Sentinelle\" \/>\n<meta property=\"og:description\" content=\"Le Front des forces socialistes compte organiser un meeting populaire \u00e0 Alger pour marquer les 60 ans de sa cr\u00e9ation.\" \/>\n<meta property=\"og:url\" content=\"https:\/\/lasentinelle.dz\/index.php\/2023\/09\/27\/le-ffs-anime-la-scene-politique\/\" \/>\n<meta property=\"og:site_name\" content=\"La Sentinelle\" \/>\n<meta property=\"article:publisher\" content=\"https:\/\/www.facebook.com\/La-Sentinelle-104059864394773\" \/>\n<meta property=\"article:published_time\" content=\"2023-09-27T19:02:22+00:00\" \/>\n<meta property=\"article:modified_time\" content=\"2023-09-27T19:02:23+00:00\" \/>\n<meta property=\"og:image\" content=\"https:\/\/lasentinelle.dz\/wp-content\/uploads\/2022\/07\/FFS.png\" \/>\n\t<meta property=\"og:image:width\" content=\"1177\" \/>\n\t<meta property=\"og:image:height\" content=\"900\" \/>\n\t<meta property=\"og:image:type\" content=\"image\/png\" \/>\n<meta name=\"author\" content=\"La Sentinelle\" \/>\n<meta name=\"twitter:card\" content=\"summary_large_image\" \/>\n<meta name=\"twitter:label1\" content=\"\u00c9crit par\" \/>\n\t<meta name=\"twitter:data1\" content=\"La Sentinelle\" \/>\n\t<meta name=\"twitter:label2\" content=\"Dur\u00e9e de lecture estim\u00e9e\" \/>\n\t<meta name=\"twitter:data2\" content=\"3 minutes\" \/>\n<script type=\"application\/ld+json\" class=\"yoast-schema-graph\">{\"@context\":\"https:\\\/\\\/schema.org\",\"@graph\":[{\"@type\":\"Article\",\"@id\":\"https:\\\/\\\/lasentinelle.dz\\\/index.php\\\/2023\\\/09\\\/27\\\/le-ffs-anime-la-scene-politique\\\/#article\",\"isPartOf\":{\"@id\":\"https:\\\/\\\/lasentinelle.dz\\\/index.php\\\/2023\\\/09\\\/27\\\/le-ffs-anime-la-scene-politique\\\/\"},\"author\":{\"name\":\"La Sentinelle\",\"@id\":\"https:\\\/\\\/lasentinelle.dz\\\/#\\\/schema\\\/person\\\/d865044e22e70a75174ce8bcad3acfb3\"},\"headline\":\"Le FFS anime la sc\u00e8ne politique\",\"datePublished\":\"2023-09-27T19:02:22+00:00\",\"dateModified\":\"2023-09-27T19:02:23+00:00\",\"mainEntityOfPage\":{\"@id\":\"https:\\\/\\\/lasentinelle.dz\\\/index.php\\\/2023\\\/09\\\/27\\\/le-ffs-anime-la-scene-politique\\\/\"},\"wordCount\":647,\"commentCount\":0,\"publisher\":{\"@id\":\"https:\\\/\\\/lasentinelle.dz\\\/#organization\"},\"image\":{\"@id\":\"https:\\\/\\\/lasentinelle.dz\\\/index.php\\\/2023\\\/09\\\/27\\\/le-ffs-anime-la-scene-politique\\\/#primaryimage\"},\"thumbnailUrl\":\"https:\\\/\\\/lasentinelle.dz\\\/wp-content\\\/uploads\\\/2022\\\/07\\\/FFS.png\",\"articleSection\":[\"\u00c0 la Une\",\"Politique\"],\"inLanguage\":\"fr-FR\",\"potentialAction\":[{\"@type\":\"CommentAction\",\"name\":\"Comment\",\"target\":[\"https:\\\/\\\/lasentinelle.dz\\\/index.php\\\/2023\\\/09\\\/27\\\/le-ffs-anime-la-scene-politique\\\/#respond\"]}]},{\"@type\":\"WebPage\",\"@id\":\"https:\\\/\\\/lasentinelle.dz\\\/index.php\\\/2023\\\/09\\\/27\\\/le-ffs-anime-la-scene-politique\\\/\",\"url\":\"https:\\\/\\\/lasentinelle.dz\\\/index.php\\\/2023\\\/09\\\/27\\\/le-ffs-anime-la-scene-politique\\\/\",\"name\":\"Le FFS anime la sc\u00e8ne politique - La Sentinelle\",\"isPartOf\":{\"@id\":\"https:\\\/\\\/lasentinelle.dz\\\/#website\"},\"primaryImageOfPage\":{\"@id\":\"https:\\\/\\\/lasentinelle.dz\\\/index.php\\\/2023\\\/09\\\/27\\\/le-ffs-anime-la-scene-politique\\\/#primaryimage\"},\"image\":{\"@id\":\"https:\\\/\\\/lasentinelle.dz\\\/index.php\\\/2023\\\/09\\\/27\\\/le-ffs-anime-la-scene-politique\\\/#primaryimage\"},\"thumbnailUrl\":\"https:\\\/\\\/lasentinelle.dz\\\/wp-content\\\/uploads\\\/2022\\\/07\\\/FFS.png\",\"datePublished\":\"2023-09-27T19:02:22+00:00\",\"dateModified\":\"2023-09-27T19:02:23+00:00\",\"breadcrumb\":{\"@id\":\"https:\\\/\\\/lasentinelle.dz\\\/index.php\\\/2023\\\/09\\\/27\\\/le-ffs-anime-la-scene-politique\\\/#breadcrumb\"},\"inLanguage\":\"fr-FR\",\"potentialAction\":[{\"@type\":\"ReadAction\",\"target\":[\"https:\\\/\\\/lasentinelle.dz\\\/index.php\\\/2023\\\/09\\\/27\\\/le-ffs-anime-la-scene-politique\\\/\"]}]},{\"@type\":\"ImageObject\",\"inLanguage\":\"fr-FR\",\"@id\":\"https:\\\/\\\/lasentinelle.dz\\\/index.php\\\/2023\\\/09\\\/27\\\/le-ffs-anime-la-scene-politique\\\/#primaryimage\",\"url\":\"https:\\\/\\\/lasentinelle.dz\\\/wp-content\\\/uploads\\\/2022\\\/07\\\/FFS.png\",\"contentUrl\":\"https:\\\/\\\/lasentinelle.dz\\\/wp-content\\\/uploads\\\/2022\\\/07\\\/FFS.png\",\"width\":1177,\"height\":900},{\"@type\":\"BreadcrumbList\",\"@id\":\"https:\\\/\\\/lasentinelle.dz\\\/index.php\\\/2023\\\/09\\\/27\\\/le-ffs-anime-la-scene-politique\\\/#breadcrumb\",\"itemListElement\":[{\"@type\":\"ListItem\",\"position\":1,\"name\":\"Accueil\",\"item\":\"https:\\\/\\\/lasentinelle.dz\\\/\"},{\"@type\":\"ListItem\",\"position\":2,\"name\":\"Le FFS anime la sc\u00e8ne politique\"}]},{\"@type\":\"WebSite\",\"@id\":\"https:\\\/\\\/lasentinelle.dz\\\/#website\",\"url\":\"https:\\\/\\\/lasentinelle.dz\\\/\",\"name\":\"La Sentinelle\",\"description\":\"Quotidien national d&#039;information\",\"publisher\":{\"@id\":\"https:\\\/\\\/lasentinelle.dz\\\/#organization\"},\"potentialAction\":[{\"@type\":\"SearchAction\",\"target\":{\"@type\":\"EntryPoint\",\"urlTemplate\":\"https:\\\/\\\/lasentinelle.dz\\\/?s={search_term_string}\"},\"query-input\":{\"@type\":\"PropertyValueSpecification\",\"valueRequired\":true,\"valueName\":\"search_term_string\"}}],\"inLanguage\":\"fr-FR\"},{\"@type\":\"Organization\",\"@id\":\"https:\\\/\\\/lasentinelle.dz\\\/#organization\",\"name\":\"Quotidien La Sentinelle\",\"url\":\"https:\\\/\\\/lasentinelle.dz\\\/\",\"logo\":{\"@type\":\"ImageObject\",\"inLanguage\":\"fr-FR\",\"@id\":\"https:\\\/\\\/lasentinelle.dz\\\/#\\\/schema\\\/logo\\\/image\\\/\",\"url\":\"https:\\\/\\\/lasentinelle.dz\\\/wp-content\\\/uploads\\\/2021\\\/09\\\/logo-sentinelleSLOGAN-1.png\",\"contentUrl\":\"https:\\\/\\\/lasentinelle.dz\\\/wp-content\\\/uploads\\\/2021\\\/09\\\/logo-sentinelleSLOGAN-1.png\",\"width\":615,\"height\":142,\"caption\":\"Quotidien La Sentinelle\"},\"image\":{\"@id\":\"https:\\\/\\\/lasentinelle.dz\\\/#\\\/schema\\\/logo\\\/image\\\/\"},\"sameAs\":[\"https:\\\/\\\/www.facebook.com\\\/La-Sentinelle-104059864394773\"]},{\"@type\":\"Person\",\"@id\":\"https:\\\/\\\/lasentinelle.dz\\\/#\\\/schema\\\/person\\\/d865044e22e70a75174ce8bcad3acfb3\",\"name\":\"La Sentinelle\",\"image\":{\"@type\":\"ImageObject\",\"inLanguage\":\"fr-FR\",\"@id\":\"https:\\\/\\\/secure.gravatar.com\\\/avatar\\\/57de8e5d4b15d43fb361a71fbb36338450fe67865b528a43dd10ef7c51a20392?s=96&d=mm&r=g\",\"url\":\"https:\\\/\\\/secure.gravatar.com\\\/avatar\\\/57de8e5d4b15d43fb361a71fbb36338450fe67865b528a43dd10ef7c51a20392?s=96&d=mm&r=g\",\"contentUrl\":\"https:\\\/\\\/secure.gravatar.com\\\/avatar\\\/57de8e5d4b15d43fb361a71fbb36338450fe67865b528a43dd10ef7c51a20392?s=96&d=mm&r=g\",\"caption\":\"La Sentinelle\"},\"sameAs\":[\"http:\\\/\\\/www.lasentinelle.dz\"],\"url\":\"https:\\\/\\\/lasentinelle.dz\\\/author\\\/redaction\\\/\"}]}<\/script>\n<!-- \/ Yoast SEO plugin. -->","yoast_head_json":{"title":"Le FFS anime la sc\u00e8ne politique - La Sentinelle","robots":{"index":"index","follow":"follow","max-snippet":"max-snippet:-1","max-image-preview":"max-image-preview:large","max-video-preview":"max-video-preview:-1"},"canonical":"https:\/\/lasentinelle.dz\/index.php\/2023\/09\/27\/le-ffs-anime-la-scene-politique\/","og_locale":"fr_FR","og_type":"article","og_title":"Le FFS anime la sc\u00e8ne politique - La Sentinelle","og_description":"Le Front des forces socialistes compte organiser un meeting populaire \u00e0 Alger pour marquer les 60 ans de sa cr\u00e9ation.","og_url":"https:\/\/lasentinelle.dz\/index.php\/2023\/09\/27\/le-ffs-anime-la-scene-politique\/","og_site_name":"La Sentinelle","article_publisher":"https:\/\/www.facebook.com\/La-Sentinelle-104059864394773","article_published_time":"2023-09-27T19:02:22+00:00","article_modified_time":"2023-09-27T19:02:23+00:00","og_image":[{"width":1177,"height":900,"url":"https:\/\/lasentinelle.dz\/wp-content\/uploads\/2022\/07\/FFS.png","type":"image\/png"}],"author":"La Sentinelle","twitter_card":"summary_large_image","twitter_misc":{"\u00c9crit par":"La Sentinelle","Dur\u00e9e de lecture estim\u00e9e":"3 minutes"},"schema":{"@context":"https:\/\/schema.org","@graph":[{"@type":"Article","@id":"https:\/\/lasentinelle.dz\/index.php\/2023\/09\/27\/le-ffs-anime-la-scene-politique\/#article","isPartOf":{"@id":"https:\/\/lasentinelle.dz\/index.php\/2023\/09\/27\/le-ffs-anime-la-scene-politique\/"},"author":{"name":"La Sentinelle","@id":"https:\/\/lasentinelle.dz\/#\/schema\/person\/d865044e22e70a75174ce8bcad3acfb3"},"headline":"Le FFS anime la sc\u00e8ne politique","datePublished":"2023-09-27T19:02:22+00:00","dateModified":"2023-09-27T19:02:23+00:00","mainEntityOfPage":{"@id":"https:\/\/lasentinelle.dz\/index.php\/2023\/09\/27\/le-ffs-anime-la-scene-politique\/"},"wordCount":647,"commentCount":0,"publisher":{"@id":"https:\/\/lasentinelle.dz\/#organization"},"image":{"@id":"https:\/\/lasentinelle.dz\/index.php\/2023\/09\/27\/le-ffs-anime-la-scene-politique\/#primaryimage"},"thumbnailUrl":"https:\/\/lasentinelle.dz\/wp-content\/uploads\/2022\/07\/FFS.png","articleSection":["\u00c0 la Une","Politique"],"inLanguage":"fr-FR","potentialAction":[{"@type":"CommentAction","name":"Comment","target":["https:\/\/lasentinelle.dz\/index.php\/2023\/09\/27\/le-ffs-anime-la-scene-politique\/#respond"]}]},{"@type":"WebPage","@id":"https:\/\/lasentinelle.dz\/index.php\/2023\/09\/27\/le-ffs-anime-la-scene-politique\/","url":"https:\/\/lasentinelle.dz\/index.php\/2023\/09\/27\/le-ffs-anime-la-scene-politique\/","name":"Le FFS anime la sc\u00e8ne politique - La Sentinelle","isPartOf":{"@id":"https:\/\/lasentinelle.dz\/#website"},"primaryImageOfPage":{"@id":"https:\/\/lasentinelle.dz\/index.php\/2023\/09\/27\/le-ffs-anime-la-scene-politique\/#primaryimage"},"image":{"@id":"https:\/\/lasentinelle.dz\/index.php\/2023\/09\/27\/le-ffs-anime-la-scene-politique\/#primaryimage"},"thumbnailUrl":"https:\/\/lasentinelle.dz\/wp-content\/uploads\/2022\/07\/FFS.png","datePublished":"2023-09-27T19:02:22+00:00","dateModified":"2023-09-27T19:02:23+00:00","breadcrumb":{"@id":"https:\/\/lasentinelle.dz\/index.php\/2023\/09\/27\/le-ffs-anime-la-scene-politique\/#breadcrumb"},"inLanguage":"fr-FR","potentialAction":[{"@type":"ReadAction","target":["https:\/\/lasentinelle.dz\/index.php\/2023\/09\/27\/le-ffs-anime-la-scene-politique\/"]}]},{"@type":"ImageObject","inLanguage":"fr-FR","@id":"https:\/\/lasentinelle.dz\/index.php\/2023\/09\/27\/le-ffs-anime-la-scene-politique\/#primaryimage","url":"https:\/\/lasentinelle.dz\/wp-content\/uploads\/2022\/07\/FFS.png","contentUrl":"https:\/\/lasentinelle.dz\/wp-content\/uploads\/2022\/07\/FFS.png","width":1177,"height":900},{"@type":"BreadcrumbList","@id":"https:\/\/lasentinelle.dz\/index.php\/2023\/09\/27\/le-ffs-anime-la-scene-politique\/#breadcrumb","itemListElement":[{"@type":"ListItem","position":1,"name":"Accueil","item":"https:\/\/lasentinelle.dz\/"},{"@type":"ListItem","position":2,"name":"Le FFS anime la sc\u00e8ne politique"}]},{"@type":"WebSite","@id":"https:\/\/lasentinelle.dz\/#website","url":"https:\/\/lasentinelle.dz\/","name":"La Sentinelle","description":"Quotidien national d&#039;information","publisher":{"@id":"https:\/\/lasentinelle.dz\/#organization"},"potentialAction":[{"@type":"SearchAction","target":{"@type":"EntryPoint","urlTemplate":"https:\/\/lasentinelle.dz\/?s={search_term_string}"},"query-input":{"@type":"PropertyValueSpecification","valueRequired":true,"valueName":"search_term_string"}}],"inLanguage":"fr-FR"},{"@type":"Organization","@id":"https:\/\/lasentinelle.dz\/#organization","name":"Quotidien La Sentinelle","url":"https:\/\/lasentinelle.dz\/","logo":{"@type":"ImageObject","inLanguage":"fr-FR","@id":"https:\/\/lasentinelle.dz\/#\/schema\/logo\/image\/","url":"https:\/\/lasentinelle.dz\/wp-content\/uploads\/2021\/09\/logo-sentinelleSLOGAN-1.png","contentUrl":"https:\/\/lasentinelle.dz\/wp-content\/uploads\/2021\/09\/logo-sentinelleSLOGAN-1.png","width":615,"height":142,"caption":"Quotidien La Sentinelle"},"image":{"@id":"https:\/\/lasentinelle.dz\/#\/schema\/logo\/image\/"},"sameAs":["https:\/\/www.facebook.com\/La-Sentinelle-104059864394773"]},{"@type":"Person","@id":"https:\/\/lasentinelle.dz\/#\/schema\/person\/d865044e22e70a75174ce8bcad3acfb3","name":"La Sentinelle","image":{"@type":"ImageObject","inLanguage":"fr-FR","@id":"https:\/\/secure.gravatar.com\/avatar\/57de8e5d4b15d43fb361a71fbb36338450fe67865b528a43dd10ef7c51a20392?s=96&d=mm&r=g","url":"https:\/\/secure.gravatar.com\/avatar\/57de8e5d4b15d43fb361a71fbb36338450fe67865b528a43dd10ef7c51a20392?s=96&d=mm&r=g","contentUrl":"https:\/\/secure.gravatar.com\/avatar\/57de8e5d4b15d43fb361a71fbb36338450fe67865b528a43dd10ef7c51a20392?s=96&d=mm&r=g","caption":"La Sentinelle"},"sameAs":["http:\/\/www.lasentinelle.dz"],"url":"https:\/\/lasentinelle.dz\/author\/redaction\/"}]}},"_links":{"self":[{"href":"https:\/\/lasentinelle.dz\/index.php\/wp-json\/wp\/v2\/posts\/45889","targetHints":{"allow":["GET"]}}],"collection":[{"href":"https:\/\/lasentinelle.dz\/index.php\/wp-json\/wp\/v2\/posts"}],"about":[{"href":"https:\/\/lasentinelle.dz\/index.php\/wp-json\/wp\/v2\/types\/post"}],"author":[{"embeddable":true,"href":"https:\/\/lasentinelle.dz\/index.php\/wp-json\/wp\/v2\/users\/3"}],"replies":[{"embeddable":true,"href":"https:\/\/lasentinelle.dz\/index.php\/wp-json\/wp\/v2\/comments?post=45889"}],"version-history":[{"count":1,"href":"https:\/\/lasentinelle.dz\/index.php\/wp-json\/wp\/v2\/posts\/45889\/revisions"}],"predecessor-version":[{"id":45890,"href":"https:\/\/lasentinelle.dz\/index.php\/wp-json\/wp\/v2\/posts\/45889\/revisions\/45890"}],"wp:featuredmedia":[{"embeddable":true,"href":"https:\/\/lasentinelle.dz\/index.php\/wp-json\/wp\/v2\/media\/24573"}],"wp:attachment":[{"href":"https:\/\/lasentinelle.dz\/index.php\/wp-json\/wp\/v2\/media?parent=45889"}],"wp:term":[{"taxonomy":"category","embeddable":true,"href":"https:\/\/lasentinelle.dz\/index.php\/wp-json\/wp\/v2\/categories?post=45889"},{"taxonomy":"post_tag","embeddable":true,"href":"https:\/\/lasentinelle.dz\/index.php\/wp-json\/wp\/v2\/tags?post=45889"}],"curies":[{"name":"wp","href":"https:\/\/api.w.org\/{rel}","templated":true}]}}