{"id":45906,"date":"2023-09-30T21:10:50","date_gmt":"2023-09-30T20:10:50","guid":{"rendered":"https:\/\/lasentinelle.dz\/?p=45906"},"modified":"2023-09-30T21:10:52","modified_gmt":"2023-09-30T20:10:52","slug":"ligue-1-mobilis-premiere-defaite-pour-la-jsk","status":"publish","type":"post","link":"https:\/\/lasentinelle.dz\/index.php\/2023\/09\/30\/ligue-1-mobilis-premiere-defaite-pour-la-jsk\/","title":{"rendered":"Ligue 1 Mobilis\u00a0: Premi\u00e8re d\u00e9faite pour la JSK"},"content":{"rendered":"\n<p>JS Kabylie a conc\u00e9d\u00e9 une d\u00e9faite face \u00e0 l&rsquo;USMK \u00e0 Khenchla vendredi sur le score de 2 \u00e0 1 lors du match comptant pour la troisieme journ\u00e9e du championnat de ligue 1.<\/p>\n\n\n\n<p>Une premi\u00e8re d\u00e9faite pour les Canaris qui contrarie le club le plus titr\u00e9 d\u2019Alg\u00e9rie, d\u2019autant plus qu\u2019ils sur un bon r\u00e9sultat face \u00e0 l&rsquo;USMK apr\u00e8s le faux-pas enregistr\u00e9 contre le PAC \u00e0 domicile (0-0) lors de la pr\u00e9c\u00e9dente journ\u00e9e.<\/p>\n\n\n\n<p>La JSK a encaiss\u00e9 les deux buts sur penalty. Les hommes de Youcef Bouzidi ont cru faire le plus dur en \u00e9galisant \u00e0 la 72&prime; du jeu sur une r\u00e9alisation d&rsquo;Ait Athmane, toutefois, une erreur de d\u00e9butant du d\u00e9fenseur Amriche a co\u00fbt\u00e9 \u00e0 la JSK les trois points en fin de match. Cette d\u00e9faite va certainement pousser l&rsquo;administration \u00e0 prendre des d\u00e9cisions importantes. L\u2019entra\u00eeneur des \u00ab Canaris \u00bb Youcef Bouzidi est d\u00e9j\u00e0 sur la sellette, en attendant la r\u00e9action de la direction du club de la ville des Gen\u00eats. De son c\u00f4t\u00e9, l\u2019USM Khenchela s\u2019est empar\u00e9e provisoirement, gr\u00e2ce \u00e0 cette victoire de la t\u00eate du classement de la Ligue 1 Mobilis de footballi Gr\u00e2ce \u00e0 deux penalties transform\u00e9s par le Ghan\u00e9en Baakoh (53e) et Ogbi (80e), l\u2019USMK a align\u00e9 un deuxi\u00e8me succ\u00e8s de rang qui lui permet de prendre provisoirement les commandes, en attendant de jouer son match en retard en d\u00e9placement face \u00e0 l\u2019USM Alger.<\/p>\n\n\n\n<p>De son c\u00f4t\u00e9, le NC Magra a r\u00e9ussi \u00e0 sortir la t\u00eate de l\u2019eau en signant sa premi\u00e8re victoire, \u00e0 domicile face \u00e0 l\u2019US Biskra (2-1). Dadache (60e, s.p) et Sa\u00efdi (83e) ont permis au NCM de souffler et surtout quitter la position de lanterne rouge A l\u2019instar de la formation de Magra, le promu l\u2019US Souf a empoch\u00e9 son premier point cette saison, en se faisant tenir en \u00e9chec \u00e0 la maison par le MC Oran (0-0). Il s\u2019agit du deuxi\u00e8me nul de suite pour les Oranais apr\u00e8s celui conc\u00e9d\u00e9 lors de la pr\u00e9c\u00e9dente journ\u00e9e \u00e0 domicile face \u00e0 la JS Saoura (1-1). Les matchs Paradou AC \u2013 CR Belouizdad et ES S\u00e9tif \u2013 USM Alger qui devaient constituer les deux belles affiches de cette 3e journ\u00e9e, sont report\u00e9s \u00e0 une date ult\u00e9rieure, en raison de la participation du CRB et de l\u2019USMA aux comp\u00e9titions africaines interclubs.<\/p>\n\n\n\n<p>R.S.<\/p>\n\n\n\n<p><strong>ES Souf-CR Belouizdad report\u00e9<\/strong><\/p>\n\n\n\n<p>Le match de mise \u00e0 jour de la premi\u00e8re journ\u00e9e du championnat de Ligue 1 Mobilis entre l\u2019US Souf et le CR Belouizdad, pr\u00e9vu le mercredi 4 octobre 2023 a \u00e9t\u00e9 report\u00e9 \u00e0 une date ult\u00e9rieure, a indiqu\u00e9 samedi la Ligue de football professionnel (LFP).<\/p>\n\n\n\n<p>Le report de cette rencontre fait suite \u00e0 la d\u00e9cision de la Conf\u00e9d\u00e9ration africaine de football (CAF) de d\u00e9caler la rencontre CR Belouizdad contre Bo Rangers (Sierra Leone), comptant pour le 2\u00e9me tour pr\u00e9liminaire (retour), programm\u00e9e initialement ce samedi au lundi 2 octobre au stade Miloud-Hadefi d\u2019Oran, pr\u00e9cise la LFP.<\/p>\n\n\n\n<p>Pour rappel, la CAF a d\u00e9cal\u00e9 le match CRB- Bo Rangers en raison \u00abdes difficult\u00e9s rencontr\u00e9es par l\u2019adversaire pour rallier l\u2019Alg\u00e9rie \u00bb, a indiqu\u00e9 vendredi le CRB sur sa page officielle Facebook. Lors de la premi\u00e8re manche disput\u00e9e \u00e0 Bo, le quadruple champion d\u2019Alg\u00e9rie en titre a r\u00e9alis\u00e9 une belle op\u00e9ration en s\u2019imposant sur le score de 3 \u00e0 1, gr\u00e2ce \u00e0 un doubl\u00e9 de Darfalou et un but de Meziane.<\/p>\n","protected":false},"excerpt":{"rendered":"<p>JS Kabylie a conc\u00e9d\u00e9 une d\u00e9faite face \u00e0 l&rsquo;USMK \u00e0 Khenchla vendredi sur le score de 2 \u00e0 1 lors<\/p>\n","protected":false},"author":3,"featured_media":45907,"comment_status":"open","ping_status":"closed","sticky":false,"template":"","format":"standard","meta":{"colormag_page_container_layout":"default_layout","colormag_page_sidebar_layout":"default_layout","om_disable_all_campaigns":false,"_monsterinsights_skip_tracking":false,"_monsterinsights_sitenote_active":false,"_monsterinsights_sitenote_note":"","_monsterinsights_sitenote_category":0,"footnotes":"","_wpscppro_dont_share_socialmedia":false,"_wpscppro_custom_social_share_image":0,"_facebook_share_type":"","_twitter_share_type":"","_linkedin_share_type":"","_pinterest_share_type":"","_linkedin_share_type_page":"","_instagram_share_type":"","_medium_share_type":"","_threads_share_type":"","_google_business_share_type":"","_selected_social_profile":[],"_wpsp_enable_custom_social_template":false,"_wpsp_social_scheduling":{"enabled":false,"datetime":null,"platforms":[],"status":"template_only","dateOption":"today","timeOption":"now","customDays":"","customHours":"","customDate":"","customTime":"","schedulingType":"absolute"},"_wpsp_active_default_template":true},"categories":[33],"tags":[],"class_list":["post-45906","post","type-post","status-publish","format-standard","has-post-thumbnail","hentry","category-sports"],"aioseo_notices":[],"yoast_head":"<!-- This site is optimized with the Yoast SEO plugin v27.5 - https:\/\/yoast.com\/product\/yoast-seo-wordpress\/ -->\n<title>Ligue 1 Mobilis\u00a0: Premi\u00e8re d\u00e9faite pour la JSK - La Sentinelle<\/title>\n<meta name=\"robots\" content=\"index, follow, max-snippet:-1, max-image-preview:large, max-video-preview:-1\" \/>\n<link rel=\"canonical\" href=\"https:\/\/lasentinelle.dz\/index.php\/2023\/09\/30\/ligue-1-mobilis-premiere-defaite-pour-la-jsk\/\" \/>\n<meta property=\"og:locale\" content=\"fr_FR\" \/>\n<meta property=\"og:type\" content=\"article\" \/>\n<meta property=\"og:title\" content=\"Ligue 1 Mobilis\u00a0: Premi\u00e8re d\u00e9faite pour la JSK - La Sentinelle\" \/>\n<meta property=\"og:description\" content=\"JS Kabylie a conc\u00e9d\u00e9 une d\u00e9faite face \u00e0 l&rsquo;USMK \u00e0 Khenchla vendredi sur le score de 2 \u00e0 1 lors\" \/>\n<meta property=\"og:url\" content=\"https:\/\/lasentinelle.dz\/index.php\/2023\/09\/30\/ligue-1-mobilis-premiere-defaite-pour-la-jsk\/\" \/>\n<meta property=\"og:site_name\" content=\"La Sentinelle\" \/>\n<meta property=\"article:publisher\" content=\"https:\/\/www.facebook.com\/La-Sentinelle-104059864394773\" \/>\n<meta property=\"article:published_time\" content=\"2023-09-30T20:10:50+00:00\" \/>\n<meta property=\"article:modified_time\" content=\"2023-09-30T20:10:52+00:00\" \/>\n<meta property=\"og:image\" content=\"https:\/\/lasentinelle.dz\/wp-content\/uploads\/2023\/09\/JSK.jpeg\" \/>\n\t<meta property=\"og:image:width\" content=\"997\" \/>\n\t<meta property=\"og:image:height\" content=\"707\" \/>\n\t<meta property=\"og:image:type\" content=\"image\/jpeg\" \/>\n<meta name=\"author\" content=\"La Sentinelle\" \/>\n<meta name=\"twitter:card\" content=\"summary_large_image\" \/>\n<meta name=\"twitter:label1\" content=\"\u00c9crit par\" \/>\n\t<meta name=\"twitter:data1\" content=\"La Sentinelle\" \/>\n\t<meta name=\"twitter:label2\" content=\"Dur\u00e9e de lecture estim\u00e9e\" \/>\n\t<meta name=\"twitter:data2\" content=\"3 minutes\" \/>\n<script type=\"application\/ld+json\" class=\"yoast-schema-graph\">{\"@context\":\"https:\\\/\\\/schema.org\",\"@graph\":[{\"@type\":\"Article\",\"@id\":\"https:\\\/\\\/lasentinelle.dz\\\/index.php\\\/2023\\\/09\\\/30\\\/ligue-1-mobilis-premiere-defaite-pour-la-jsk\\\/#article\",\"isPartOf\":{\"@id\":\"https:\\\/\\\/lasentinelle.dz\\\/index.php\\\/2023\\\/09\\\/30\\\/ligue-1-mobilis-premiere-defaite-pour-la-jsk\\\/\"},\"author\":{\"name\":\"La Sentinelle\",\"@id\":\"https:\\\/\\\/lasentinelle.dz\\\/#\\\/schema\\\/person\\\/d865044e22e70a75174ce8bcad3acfb3\"},\"headline\":\"Ligue 1 Mobilis\u00a0: Premi\u00e8re d\u00e9faite pour la JSK\",\"datePublished\":\"2023-09-30T20:10:50+00:00\",\"dateModified\":\"2023-09-30T20:10:52+00:00\",\"mainEntityOfPage\":{\"@id\":\"https:\\\/\\\/lasentinelle.dz\\\/index.php\\\/2023\\\/09\\\/30\\\/ligue-1-mobilis-premiere-defaite-pour-la-jsk\\\/\"},\"wordCount\":609,\"commentCount\":0,\"publisher\":{\"@id\":\"https:\\\/\\\/lasentinelle.dz\\\/#organization\"},\"image\":{\"@id\":\"https:\\\/\\\/lasentinelle.dz\\\/index.php\\\/2023\\\/09\\\/30\\\/ligue-1-mobilis-premiere-defaite-pour-la-jsk\\\/#primaryimage\"},\"thumbnailUrl\":\"https:\\\/\\\/lasentinelle.dz\\\/wp-content\\\/uploads\\\/2023\\\/09\\\/JSK.jpeg\",\"articleSection\":[\"Sports\"],\"inLanguage\":\"fr-FR\",\"potentialAction\":[{\"@type\":\"CommentAction\",\"name\":\"Comment\",\"target\":[\"https:\\\/\\\/lasentinelle.dz\\\/index.php\\\/2023\\\/09\\\/30\\\/ligue-1-mobilis-premiere-defaite-pour-la-jsk\\\/#respond\"]}]},{\"@type\":\"WebPage\",\"@id\":\"https:\\\/\\\/lasentinelle.dz\\\/index.php\\\/2023\\\/09\\\/30\\\/ligue-1-mobilis-premiere-defaite-pour-la-jsk\\\/\",\"url\":\"https:\\\/\\\/lasentinelle.dz\\\/index.php\\\/2023\\\/09\\\/30\\\/ligue-1-mobilis-premiere-defaite-pour-la-jsk\\\/\",\"name\":\"Ligue 1 Mobilis\u00a0: Premi\u00e8re d\u00e9faite pour la JSK - La Sentinelle\",\"isPartOf\":{\"@id\":\"https:\\\/\\\/lasentinelle.dz\\\/#website\"},\"primaryImageOfPage\":{\"@id\":\"https:\\\/\\\/lasentinelle.dz\\\/index.php\\\/2023\\\/09\\\/30\\\/ligue-1-mobilis-premiere-defaite-pour-la-jsk\\\/#primaryimage\"},\"image\":{\"@id\":\"https:\\\/\\\/lasentinelle.dz\\\/index.php\\\/2023\\\/09\\\/30\\\/ligue-1-mobilis-premiere-defaite-pour-la-jsk\\\/#primaryimage\"},\"thumbnailUrl\":\"https:\\\/\\\/lasentinelle.dz\\\/wp-content\\\/uploads\\\/2023\\\/09\\\/JSK.jpeg\",\"datePublished\":\"2023-09-30T20:10:50+00:00\",\"dateModified\":\"2023-09-30T20:10:52+00:00\",\"breadcrumb\":{\"@id\":\"https:\\\/\\\/lasentinelle.dz\\\/index.php\\\/2023\\\/09\\\/30\\\/ligue-1-mobilis-premiere-defaite-pour-la-jsk\\\/#breadcrumb\"},\"inLanguage\":\"fr-FR\",\"potentialAction\":[{\"@type\":\"ReadAction\",\"target\":[\"https:\\\/\\\/lasentinelle.dz\\\/index.php\\\/2023\\\/09\\\/30\\\/ligue-1-mobilis-premiere-defaite-pour-la-jsk\\\/\"]}]},{\"@type\":\"ImageObject\",\"inLanguage\":\"fr-FR\",\"@id\":\"https:\\\/\\\/lasentinelle.dz\\\/index.php\\\/2023\\\/09\\\/30\\\/ligue-1-mobilis-premiere-defaite-pour-la-jsk\\\/#primaryimage\",\"url\":\"https:\\\/\\\/lasentinelle.dz\\\/wp-content\\\/uploads\\\/2023\\\/09\\\/JSK.jpeg\",\"contentUrl\":\"https:\\\/\\\/lasentinelle.dz\\\/wp-content\\\/uploads\\\/2023\\\/09\\\/JSK.jpeg\",\"width\":997,\"height\":707},{\"@type\":\"BreadcrumbList\",\"@id\":\"https:\\\/\\\/lasentinelle.dz\\\/index.php\\\/2023\\\/09\\\/30\\\/ligue-1-mobilis-premiere-defaite-pour-la-jsk\\\/#breadcrumb\",\"itemListElement\":[{\"@type\":\"ListItem\",\"position\":1,\"name\":\"Accueil\",\"item\":\"https:\\\/\\\/lasentinelle.dz\\\/\"},{\"@type\":\"ListItem\",\"position\":2,\"name\":\"Ligue 1 Mobilis\u00a0: Premi\u00e8re d\u00e9faite pour la JSK\"}]},{\"@type\":\"WebSite\",\"@id\":\"https:\\\/\\\/lasentinelle.dz\\\/#website\",\"url\":\"https:\\\/\\\/lasentinelle.dz\\\/\",\"name\":\"La Sentinelle\",\"description\":\"Quotidien national d&#039;information\",\"publisher\":{\"@id\":\"https:\\\/\\\/lasentinelle.dz\\\/#organization\"},\"potentialAction\":[{\"@type\":\"SearchAction\",\"target\":{\"@type\":\"EntryPoint\",\"urlTemplate\":\"https:\\\/\\\/lasentinelle.dz\\\/?s={search_term_string}\"},\"query-input\":{\"@type\":\"PropertyValueSpecification\",\"valueRequired\":true,\"valueName\":\"search_term_string\"}}],\"inLanguage\":\"fr-FR\"},{\"@type\":\"Organization\",\"@id\":\"https:\\\/\\\/lasentinelle.dz\\\/#organization\",\"name\":\"Quotidien La Sentinelle\",\"url\":\"https:\\\/\\\/lasentinelle.dz\\\/\",\"logo\":{\"@type\":\"ImageObject\",\"inLanguage\":\"fr-FR\",\"@id\":\"https:\\\/\\\/lasentinelle.dz\\\/#\\\/schema\\\/logo\\\/image\\\/\",\"url\":\"https:\\\/\\\/lasentinelle.dz\\\/wp-content\\\/uploads\\\/2021\\\/09\\\/logo-sentinelleSLOGAN-1.png\",\"contentUrl\":\"https:\\\/\\\/lasentinelle.dz\\\/wp-content\\\/uploads\\\/2021\\\/09\\\/logo-sentinelleSLOGAN-1.png\",\"width\":615,\"height\":142,\"caption\":\"Quotidien La Sentinelle\"},\"image\":{\"@id\":\"https:\\\/\\\/lasentinelle.dz\\\/#\\\/schema\\\/logo\\\/image\\\/\"},\"sameAs\":[\"https:\\\/\\\/www.facebook.com\\\/La-Sentinelle-104059864394773\"]},{\"@type\":\"Person\",\"@id\":\"https:\\\/\\\/lasentinelle.dz\\\/#\\\/schema\\\/person\\\/d865044e22e70a75174ce8bcad3acfb3\",\"name\":\"La Sentinelle\",\"image\":{\"@type\":\"ImageObject\",\"inLanguage\":\"fr-FR\",\"@id\":\"https:\\\/\\\/secure.gravatar.com\\\/avatar\\\/57de8e5d4b15d43fb361a71fbb36338450fe67865b528a43dd10ef7c51a20392?s=96&d=mm&r=g\",\"url\":\"https:\\\/\\\/secure.gravatar.com\\\/avatar\\\/57de8e5d4b15d43fb361a71fbb36338450fe67865b528a43dd10ef7c51a20392?s=96&d=mm&r=g\",\"contentUrl\":\"https:\\\/\\\/secure.gravatar.com\\\/avatar\\\/57de8e5d4b15d43fb361a71fbb36338450fe67865b528a43dd10ef7c51a20392?s=96&d=mm&r=g\",\"caption\":\"La Sentinelle\"},\"sameAs\":[\"http:\\\/\\\/www.lasentinelle.dz\"],\"url\":\"https:\\\/\\\/lasentinelle.dz\\\/author\\\/redaction\\\/\"}]}<\/script>\n<!-- \/ Yoast SEO plugin. -->","yoast_head_json":{"title":"Ligue 1 Mobilis\u00a0: Premi\u00e8re d\u00e9faite pour la JSK - La Sentinelle","robots":{"index":"index","follow":"follow","max-snippet":"max-snippet:-1","max-image-preview":"max-image-preview:large","max-video-preview":"max-video-preview:-1"},"canonical":"https:\/\/lasentinelle.dz\/index.php\/2023\/09\/30\/ligue-1-mobilis-premiere-defaite-pour-la-jsk\/","og_locale":"fr_FR","og_type":"article","og_title":"Ligue 1 Mobilis\u00a0: Premi\u00e8re d\u00e9faite pour la JSK - La Sentinelle","og_description":"JS Kabylie a conc\u00e9d\u00e9 une d\u00e9faite face \u00e0 l&rsquo;USMK \u00e0 Khenchla vendredi sur le score de 2 \u00e0 1 lors","og_url":"https:\/\/lasentinelle.dz\/index.php\/2023\/09\/30\/ligue-1-mobilis-premiere-defaite-pour-la-jsk\/","og_site_name":"La Sentinelle","article_publisher":"https:\/\/www.facebook.com\/La-Sentinelle-104059864394773","article_published_time":"2023-09-30T20:10:50+00:00","article_modified_time":"2023-09-30T20:10:52+00:00","og_image":[{"width":997,"height":707,"url":"https:\/\/lasentinelle.dz\/wp-content\/uploads\/2023\/09\/JSK.jpeg","type":"image\/jpeg"}],"author":"La Sentinelle","twitter_card":"summary_large_image","twitter_misc":{"\u00c9crit par":"La Sentinelle","Dur\u00e9e de lecture estim\u00e9e":"3 minutes"},"schema":{"@context":"https:\/\/schema.org","@graph":[{"@type":"Article","@id":"https:\/\/lasentinelle.dz\/index.php\/2023\/09\/30\/ligue-1-mobilis-premiere-defaite-pour-la-jsk\/#article","isPartOf":{"@id":"https:\/\/lasentinelle.dz\/index.php\/2023\/09\/30\/ligue-1-mobilis-premiere-defaite-pour-la-jsk\/"},"author":{"name":"La Sentinelle","@id":"https:\/\/lasentinelle.dz\/#\/schema\/person\/d865044e22e70a75174ce8bcad3acfb3"},"headline":"Ligue 1 Mobilis\u00a0: Premi\u00e8re d\u00e9faite pour la JSK","datePublished":"2023-09-30T20:10:50+00:00","dateModified":"2023-09-30T20:10:52+00:00","mainEntityOfPage":{"@id":"https:\/\/lasentinelle.dz\/index.php\/2023\/09\/30\/ligue-1-mobilis-premiere-defaite-pour-la-jsk\/"},"wordCount":609,"commentCount":0,"publisher":{"@id":"https:\/\/lasentinelle.dz\/#organization"},"image":{"@id":"https:\/\/lasentinelle.dz\/index.php\/2023\/09\/30\/ligue-1-mobilis-premiere-defaite-pour-la-jsk\/#primaryimage"},"thumbnailUrl":"https:\/\/lasentinelle.dz\/wp-content\/uploads\/2023\/09\/JSK.jpeg","articleSection":["Sports"],"inLanguage":"fr-FR","potentialAction":[{"@type":"CommentAction","name":"Comment","target":["https:\/\/lasentinelle.dz\/index.php\/2023\/09\/30\/ligue-1-mobilis-premiere-defaite-pour-la-jsk\/#respond"]}]},{"@type":"WebPage","@id":"https:\/\/lasentinelle.dz\/index.php\/2023\/09\/30\/ligue-1-mobilis-premiere-defaite-pour-la-jsk\/","url":"https:\/\/lasentinelle.dz\/index.php\/2023\/09\/30\/ligue-1-mobilis-premiere-defaite-pour-la-jsk\/","name":"Ligue 1 Mobilis\u00a0: Premi\u00e8re d\u00e9faite pour la JSK - La Sentinelle","isPartOf":{"@id":"https:\/\/lasentinelle.dz\/#website"},"primaryImageOfPage":{"@id":"https:\/\/lasentinelle.dz\/index.php\/2023\/09\/30\/ligue-1-mobilis-premiere-defaite-pour-la-jsk\/#primaryimage"},"image":{"@id":"https:\/\/lasentinelle.dz\/index.php\/2023\/09\/30\/ligue-1-mobilis-premiere-defaite-pour-la-jsk\/#primaryimage"},"thumbnailUrl":"https:\/\/lasentinelle.dz\/wp-content\/uploads\/2023\/09\/JSK.jpeg","datePublished":"2023-09-30T20:10:50+00:00","dateModified":"2023-09-30T20:10:52+00:00","breadcrumb":{"@id":"https:\/\/lasentinelle.dz\/index.php\/2023\/09\/30\/ligue-1-mobilis-premiere-defaite-pour-la-jsk\/#breadcrumb"},"inLanguage":"fr-FR","potentialAction":[{"@type":"ReadAction","target":["https:\/\/lasentinelle.dz\/index.php\/2023\/09\/30\/ligue-1-mobilis-premiere-defaite-pour-la-jsk\/"]}]},{"@type":"ImageObject","inLanguage":"fr-FR","@id":"https:\/\/lasentinelle.dz\/index.php\/2023\/09\/30\/ligue-1-mobilis-premiere-defaite-pour-la-jsk\/#primaryimage","url":"https:\/\/lasentinelle.dz\/wp-content\/uploads\/2023\/09\/JSK.jpeg","contentUrl":"https:\/\/lasentinelle.dz\/wp-content\/uploads\/2023\/09\/JSK.jpeg","width":997,"height":707},{"@type":"BreadcrumbList","@id":"https:\/\/lasentinelle.dz\/index.php\/2023\/09\/30\/ligue-1-mobilis-premiere-defaite-pour-la-jsk\/#breadcrumb","itemListElement":[{"@type":"ListItem","position":1,"name":"Accueil","item":"https:\/\/lasentinelle.dz\/"},{"@type":"ListItem","position":2,"name":"Ligue 1 Mobilis\u00a0: Premi\u00e8re d\u00e9faite pour la JSK"}]},{"@type":"WebSite","@id":"https:\/\/lasentinelle.dz\/#website","url":"https:\/\/lasentinelle.dz\/","name":"La Sentinelle","description":"Quotidien national d&#039;information","publisher":{"@id":"https:\/\/lasentinelle.dz\/#organization"},"potentialAction":[{"@type":"SearchAction","target":{"@type":"EntryPoint","urlTemplate":"https:\/\/lasentinelle.dz\/?s={search_term_string}"},"query-input":{"@type":"PropertyValueSpecification","valueRequired":true,"valueName":"search_term_string"}}],"inLanguage":"fr-FR"},{"@type":"Organization","@id":"https:\/\/lasentinelle.dz\/#organization","name":"Quotidien La Sentinelle","url":"https:\/\/lasentinelle.dz\/","logo":{"@type":"ImageObject","inLanguage":"fr-FR","@id":"https:\/\/lasentinelle.dz\/#\/schema\/logo\/image\/","url":"https:\/\/lasentinelle.dz\/wp-content\/uploads\/2021\/09\/logo-sentinelleSLOGAN-1.png","contentUrl":"https:\/\/lasentinelle.dz\/wp-content\/uploads\/2021\/09\/logo-sentinelleSLOGAN-1.png","width":615,"height":142,"caption":"Quotidien La Sentinelle"},"image":{"@id":"https:\/\/lasentinelle.dz\/#\/schema\/logo\/image\/"},"sameAs":["https:\/\/www.facebook.com\/La-Sentinelle-104059864394773"]},{"@type":"Person","@id":"https:\/\/lasentinelle.dz\/#\/schema\/person\/d865044e22e70a75174ce8bcad3acfb3","name":"La Sentinelle","image":{"@type":"ImageObject","inLanguage":"fr-FR","@id":"https:\/\/secure.gravatar.com\/avatar\/57de8e5d4b15d43fb361a71fbb36338450fe67865b528a43dd10ef7c51a20392?s=96&d=mm&r=g","url":"https:\/\/secure.gravatar.com\/avatar\/57de8e5d4b15d43fb361a71fbb36338450fe67865b528a43dd10ef7c51a20392?s=96&d=mm&r=g","contentUrl":"https:\/\/secure.gravatar.com\/avatar\/57de8e5d4b15d43fb361a71fbb36338450fe67865b528a43dd10ef7c51a20392?s=96&d=mm&r=g","caption":"La Sentinelle"},"sameAs":["http:\/\/www.lasentinelle.dz"],"url":"https:\/\/lasentinelle.dz\/author\/redaction\/"}]}},"_links":{"self":[{"href":"https:\/\/lasentinelle.dz\/index.php\/wp-json\/wp\/v2\/posts\/45906","targetHints":{"allow":["GET"]}}],"collection":[{"href":"https:\/\/lasentinelle.dz\/index.php\/wp-json\/wp\/v2\/posts"}],"about":[{"href":"https:\/\/lasentinelle.dz\/index.php\/wp-json\/wp\/v2\/types\/post"}],"author":[{"embeddable":true,"href":"https:\/\/lasentinelle.dz\/index.php\/wp-json\/wp\/v2\/users\/3"}],"replies":[{"embeddable":true,"href":"https:\/\/lasentinelle.dz\/index.php\/wp-json\/wp\/v2\/comments?post=45906"}],"version-history":[{"count":1,"href":"https:\/\/lasentinelle.dz\/index.php\/wp-json\/wp\/v2\/posts\/45906\/revisions"}],"predecessor-version":[{"id":45908,"href":"https:\/\/lasentinelle.dz\/index.php\/wp-json\/wp\/v2\/posts\/45906\/revisions\/45908"}],"wp:featuredmedia":[{"embeddable":true,"href":"https:\/\/lasentinelle.dz\/index.php\/wp-json\/wp\/v2\/media\/45907"}],"wp:attachment":[{"href":"https:\/\/lasentinelle.dz\/index.php\/wp-json\/wp\/v2\/media?parent=45906"}],"wp:term":[{"taxonomy":"category","embeddable":true,"href":"https:\/\/lasentinelle.dz\/index.php\/wp-json\/wp\/v2\/categories?post=45906"},{"taxonomy":"post_tag","embeddable":true,"href":"https:\/\/lasentinelle.dz\/index.php\/wp-json\/wp\/v2\/tags?post=45906"}],"curies":[{"name":"wp","href":"https:\/\/api.w.org\/{rel}","templated":true}]}}