{"id":45911,"date":"2023-09-30T21:14:55","date_gmt":"2023-09-30T20:14:55","guid":{"rendered":"https:\/\/lasentinelle.dz\/?p=45911"},"modified":"2023-09-30T21:14:56","modified_gmt":"2023-09-30T20:14:56","slug":"annaba-le-projet-de-route-ras-el-hamra-oued-bakrat-relance","status":"publish","type":"post","link":"https:\/\/lasentinelle.dz\/index.php\/2023\/09\/30\/annaba-le-projet-de-route-ras-el-hamra-oued-bakrat-relance\/","title":{"rendered":"Annaba\u00a0: Le projet de route Ras El Hamra- Oued Bakrat relanc\u00e9"},"content":{"rendered":"\n<p>Lanc\u00e9 en 2018, le projet de la route reliant le Cap de Garde \u00e0 la Grande plage continue de tra\u00eener avec un taux d\u2019avancement des travaux \u00e0 hauteur de 45%.<\/p>\n\n\n\n<p>&nbsp;Qualifiant d\u2019inadmissible ce retard flagrant dans la r\u00e9alisation du projet, Abdelkader Djellaoui, wali d\u2019Annaba a, lors d\u2019une r\u00e9union tenue avec le directeur des travaux publics, le directeur du projet et les directeurs respectifs d\u2019ALTRO et SAPTA, ordonn\u00e9 de redoubler d\u2019efforts pour achever les travaux restants. Le chef de l\u2019ex\u00e9cutif local a ordonn\u00e9 le recours au syst\u00e8me de travail de 2X8 pour rattraper le retard. Dans ce sillage, le wali a fix\u00e9 aux directeurs des entreprises charg\u00e9es de la r\u00e9alisation de ce projet un ultimatum de 18 mois, avec un r\u00e9capitulatif n\u00e9cessaire pour l\u2019ach\u00e8vement des 6 km restants du projet pour lequel, le chef de l\u2019ex\u00e9cutif local a d\u00e9cid\u00e9 d\u2019une r\u00e9union tous les 15 jours, avec les charg\u00e9s de la r\u00e9alisation de ce projet, afin d\u2019\u00eatre tenu inform\u00e9 de l\u2019avancement des travaux. Par ailleurs, le wali n\u2019a pas omis de demander aux charg\u00e9s des travaux de r\u00e9alisation de nettoyer l\u2019environnement de la zone, apr\u00e8s l\u2019ach\u00e8vement du projet. Il rappel\u00e9 dans ce sens que les entreprises de r\u00e9alisation des diff\u00e9rents projets ont pris l\u2019habitude, une fois leurs projets achev\u00e9s, d\u2019emballer leurs \u00e9quipements et partir laissant derri\u00e8re eux, des tas de gravas et autres d\u00e9chets de construction. Ces agissements doivent \u00eatre bannis et chaque entreprise est somm\u00e9e de nettoyer son site apr\u00e8s chaque fin de travaux. Des propos qui sous -entendent que des sanctions seront prises contre les entreprises contrevenantes. Pour l\u2019heure les entreprises de r\u00e9alisation de la route Ras El Hamra (Annaba \u00e0 Oued Bakrat (S\u00e9raidi), ont encore 18 mois avant la livraison du projet fini. Un projet qui \u00e9tait, lors de son lancement tr\u00e8s m\u00e9diatis\u00e9, pour \u00eatre mis en service dans un d\u00e9lai de 27 mois. Or, \u00e0 ce jour, le projet n\u2019est qu\u2019\u00e0 45% de r\u00e9alisation, alors qu\u2019il \u00e9tait annonc\u00e9, lors de la derni\u00e8re visite effectu\u00e9e par l\u2019ex wali en 2022, \u00eatre livr\u00e9 pour la saison estivale 2023. Pour des raisons qui n\u2019ont pas \u00e9t\u00e9 d\u00e9voil\u00e9es, cette route tant attendue par les populations des communes d\u2019Annaba et de S\u00e9raidi, aura quelques mois avant d\u2019\u00eatre praticable. Pour rappel, lanc\u00e9 en 2008, ce projet avait \u00e9t\u00e9 rapidement gel\u00e9 \u00e0 cause des restrictions financi\u00e8res que connaissait le pays en cette p\u00e9riode. D\u00e9gel\u00e9 en 2018, il a malheureusement \u00e9t\u00e9 rattrap\u00e9 par un second gel en raison de la pand\u00e9mie de Covid-19. Scind\u00e9s en deux tranches, une partie du projet est actuellement \u00e0 la phase de finalisation de la premi\u00e8re tranche, qui compte des ouvrages d\u2019art particuli\u00e8rement difficiles \u00e0 construire, tant les d\u00e9fis techniques sont nombreux et, pour la plupart impr\u00e9visibles. \u00c0 noter que ce projet bien que pr\u00e9sentant un renouveau pour la wilaya, a toujours \u00e9t\u00e9 retard\u00e9 en raison de son caract\u00e8re \u2018\u2019non essentiel\u2019\u2019. Or, aujourd\u2019hui, cette route reliant deux c\u00f4t\u00e9s des deux villes c\u00f4ti\u00e8res d\u2019Annaba et S\u00e9raidi, est plus que n\u00e9cessaires, tant pour d\u00e9sencombrement de la route de Seraidi devenue p\u00e9nible et dangereuse pour les automobilistes, que pour la promotion du secteur du tourisme. Car, convient-il de souligner, la station baln\u00e9aire de S\u00e9raidi \u00e0 caract\u00e8re touristique par excellence, attire chaque ann\u00e9e de nombreux estivants \u00e0 qui, il faut procurer toutes les conditions favorables afin de promouvoir le tourisme \u00e0 Annaba \u00e0 travers un r\u00e9seau routier accessible et moderne. Et l&rsquo;impact du projet de la route reliant la corniche d\u2019Annaba jusqu\u2019\u00e0 la grande plage (Oued Bakrat), s\u2019inscrit dans cette optique, en plus de la cr\u00e9ation de plusieurs postes d\u2019emploi, gr\u00e2ce aux structures et infrastructures qui seront implant\u00e9es sur ce parcours touristique. Car, allant dans la continuit\u00e9 de la corniche d\u2019Annaba, une fois achev\u00e9e, cette route abritera plusieurs projets touristiques et de divertissements de petite \u00e0 moyenne taille.<\/p>\n\n\n\n<p><strong>Sofia Chahine<\/strong><\/p>\n","protected":false},"excerpt":{"rendered":"<p>Lanc\u00e9 en 2018, le projet de la route reliant le Cap de Garde \u00e0 la Grande plage continue de tra\u00eener<\/p>\n","protected":false},"author":3,"featured_media":44628,"comment_status":"open","ping_status":"closed","sticky":false,"template":"","format":"standard","meta":{"colormag_page_container_layout":"default_layout","colormag_page_sidebar_layout":"default_layout","om_disable_all_campaigns":false,"_monsterinsights_skip_tracking":false,"_monsterinsights_sitenote_active":false,"_monsterinsights_sitenote_note":"","_monsterinsights_sitenote_category":0,"footnotes":"","_wpscppro_dont_share_socialmedia":false,"_wpscppro_custom_social_share_image":0,"_facebook_share_type":"","_twitter_share_type":"","_linkedin_share_type":"","_pinterest_share_type":"","_linkedin_share_type_page":"","_instagram_share_type":"","_medium_share_type":"","_threads_share_type":"","_google_business_share_type":"","_selected_social_profile":[],"_wpsp_enable_custom_social_template":false,"_wpsp_social_scheduling":{"enabled":false,"datetime":null,"platforms":[],"status":"template_only","dateOption":"today","timeOption":"now","customDays":"","customHours":"","customDate":"","customTime":"","schedulingType":"absolute"},"_wpsp_active_default_template":true},"categories":[31],"tags":[],"class_list":["post-45911","post","type-post","status-publish","format-standard","has-post-thumbnail","hentry","category-regions"],"aioseo_notices":[],"yoast_head":"<!-- This site is optimized with the Yoast SEO plugin v27.5 - https:\/\/yoast.com\/product\/yoast-seo-wordpress\/ -->\n<title>Annaba\u00a0: Le projet de route Ras El Hamra- Oued Bakrat relanc\u00e9 - La Sentinelle<\/title>\n<meta name=\"robots\" content=\"index, follow, max-snippet:-1, max-image-preview:large, max-video-preview:-1\" \/>\n<link rel=\"canonical\" href=\"https:\/\/lasentinelle.dz\/index.php\/2023\/09\/30\/annaba-le-projet-de-route-ras-el-hamra-oued-bakrat-relance\/\" \/>\n<meta property=\"og:locale\" content=\"fr_FR\" \/>\n<meta property=\"og:type\" content=\"article\" \/>\n<meta property=\"og:title\" content=\"Annaba\u00a0: Le projet de route Ras El Hamra- Oued Bakrat relanc\u00e9 - La Sentinelle\" \/>\n<meta property=\"og:description\" content=\"Lanc\u00e9 en 2018, le projet de la route reliant le Cap de Garde \u00e0 la Grande plage continue de tra\u00eener\" \/>\n<meta property=\"og:url\" content=\"https:\/\/lasentinelle.dz\/index.php\/2023\/09\/30\/annaba-le-projet-de-route-ras-el-hamra-oued-bakrat-relance\/\" \/>\n<meta property=\"og:site_name\" content=\"La Sentinelle\" \/>\n<meta property=\"article:publisher\" content=\"https:\/\/www.facebook.com\/La-Sentinelle-104059864394773\" \/>\n<meta property=\"article:published_time\" content=\"2023-09-30T20:14:55+00:00\" \/>\n<meta property=\"article:modified_time\" content=\"2023-09-30T20:14:56+00:00\" \/>\n<meta property=\"og:image\" content=\"https:\/\/lasentinelle.dz\/wp-content\/uploads\/2023\/08\/travaux-route.jpeg\" \/>\n\t<meta property=\"og:image:width\" content=\"1200\" \/>\n\t<meta property=\"og:image:height\" content=\"900\" \/>\n\t<meta property=\"og:image:type\" content=\"image\/jpeg\" \/>\n<meta name=\"author\" content=\"La Sentinelle\" \/>\n<meta name=\"twitter:card\" content=\"summary_large_image\" \/>\n<meta name=\"twitter:label1\" content=\"\u00c9crit par\" \/>\n\t<meta name=\"twitter:data1\" content=\"La Sentinelle\" \/>\n\t<meta name=\"twitter:label2\" content=\"Dur\u00e9e de lecture estim\u00e9e\" \/>\n\t<meta name=\"twitter:data2\" content=\"4 minutes\" \/>\n<script type=\"application\/ld+json\" class=\"yoast-schema-graph\">{\"@context\":\"https:\\\/\\\/schema.org\",\"@graph\":[{\"@type\":\"Article\",\"@id\":\"https:\\\/\\\/lasentinelle.dz\\\/index.php\\\/2023\\\/09\\\/30\\\/annaba-le-projet-de-route-ras-el-hamra-oued-bakrat-relance\\\/#article\",\"isPartOf\":{\"@id\":\"https:\\\/\\\/lasentinelle.dz\\\/index.php\\\/2023\\\/09\\\/30\\\/annaba-le-projet-de-route-ras-el-hamra-oued-bakrat-relance\\\/\"},\"author\":{\"name\":\"La Sentinelle\",\"@id\":\"https:\\\/\\\/lasentinelle.dz\\\/#\\\/schema\\\/person\\\/d865044e22e70a75174ce8bcad3acfb3\"},\"headline\":\"Annaba\u00a0: Le projet de route Ras El Hamra- Oued Bakrat relanc\u00e9\",\"datePublished\":\"2023-09-30T20:14:55+00:00\",\"dateModified\":\"2023-09-30T20:14:56+00:00\",\"mainEntityOfPage\":{\"@id\":\"https:\\\/\\\/lasentinelle.dz\\\/index.php\\\/2023\\\/09\\\/30\\\/annaba-le-projet-de-route-ras-el-hamra-oued-bakrat-relance\\\/\"},\"wordCount\":709,\"commentCount\":0,\"publisher\":{\"@id\":\"https:\\\/\\\/lasentinelle.dz\\\/#organization\"},\"image\":{\"@id\":\"https:\\\/\\\/lasentinelle.dz\\\/index.php\\\/2023\\\/09\\\/30\\\/annaba-le-projet-de-route-ras-el-hamra-oued-bakrat-relance\\\/#primaryimage\"},\"thumbnailUrl\":\"https:\\\/\\\/lasentinelle.dz\\\/wp-content\\\/uploads\\\/2023\\\/08\\\/travaux-route.jpeg\",\"articleSection\":[\"R\u00e9gions\"],\"inLanguage\":\"fr-FR\",\"potentialAction\":[{\"@type\":\"CommentAction\",\"name\":\"Comment\",\"target\":[\"https:\\\/\\\/lasentinelle.dz\\\/index.php\\\/2023\\\/09\\\/30\\\/annaba-le-projet-de-route-ras-el-hamra-oued-bakrat-relance\\\/#respond\"]}]},{\"@type\":\"WebPage\",\"@id\":\"https:\\\/\\\/lasentinelle.dz\\\/index.php\\\/2023\\\/09\\\/30\\\/annaba-le-projet-de-route-ras-el-hamra-oued-bakrat-relance\\\/\",\"url\":\"https:\\\/\\\/lasentinelle.dz\\\/index.php\\\/2023\\\/09\\\/30\\\/annaba-le-projet-de-route-ras-el-hamra-oued-bakrat-relance\\\/\",\"name\":\"Annaba\u00a0: Le projet de route Ras El Hamra- Oued Bakrat relanc\u00e9 - La Sentinelle\",\"isPartOf\":{\"@id\":\"https:\\\/\\\/lasentinelle.dz\\\/#website\"},\"primaryImageOfPage\":{\"@id\":\"https:\\\/\\\/lasentinelle.dz\\\/index.php\\\/2023\\\/09\\\/30\\\/annaba-le-projet-de-route-ras-el-hamra-oued-bakrat-relance\\\/#primaryimage\"},\"image\":{\"@id\":\"https:\\\/\\\/lasentinelle.dz\\\/index.php\\\/2023\\\/09\\\/30\\\/annaba-le-projet-de-route-ras-el-hamra-oued-bakrat-relance\\\/#primaryimage\"},\"thumbnailUrl\":\"https:\\\/\\\/lasentinelle.dz\\\/wp-content\\\/uploads\\\/2023\\\/08\\\/travaux-route.jpeg\",\"datePublished\":\"2023-09-30T20:14:55+00:00\",\"dateModified\":\"2023-09-30T20:14:56+00:00\",\"breadcrumb\":{\"@id\":\"https:\\\/\\\/lasentinelle.dz\\\/index.php\\\/2023\\\/09\\\/30\\\/annaba-le-projet-de-route-ras-el-hamra-oued-bakrat-relance\\\/#breadcrumb\"},\"inLanguage\":\"fr-FR\",\"potentialAction\":[{\"@type\":\"ReadAction\",\"target\":[\"https:\\\/\\\/lasentinelle.dz\\\/index.php\\\/2023\\\/09\\\/30\\\/annaba-le-projet-de-route-ras-el-hamra-oued-bakrat-relance\\\/\"]}]},{\"@type\":\"ImageObject\",\"inLanguage\":\"fr-FR\",\"@id\":\"https:\\\/\\\/lasentinelle.dz\\\/index.php\\\/2023\\\/09\\\/30\\\/annaba-le-projet-de-route-ras-el-hamra-oued-bakrat-relance\\\/#primaryimage\",\"url\":\"https:\\\/\\\/lasentinelle.dz\\\/wp-content\\\/uploads\\\/2023\\\/08\\\/travaux-route.jpeg\",\"contentUrl\":\"https:\\\/\\\/lasentinelle.dz\\\/wp-content\\\/uploads\\\/2023\\\/08\\\/travaux-route.jpeg\",\"width\":1200,\"height\":900},{\"@type\":\"BreadcrumbList\",\"@id\":\"https:\\\/\\\/lasentinelle.dz\\\/index.php\\\/2023\\\/09\\\/30\\\/annaba-le-projet-de-route-ras-el-hamra-oued-bakrat-relance\\\/#breadcrumb\",\"itemListElement\":[{\"@type\":\"ListItem\",\"position\":1,\"name\":\"Accueil\",\"item\":\"https:\\\/\\\/lasentinelle.dz\\\/\"},{\"@type\":\"ListItem\",\"position\":2,\"name\":\"Annaba\u00a0: Le projet de route Ras El Hamra- Oued Bakrat relanc\u00e9\"}]},{\"@type\":\"WebSite\",\"@id\":\"https:\\\/\\\/lasentinelle.dz\\\/#website\",\"url\":\"https:\\\/\\\/lasentinelle.dz\\\/\",\"name\":\"La Sentinelle\",\"description\":\"Quotidien national d&#039;information\",\"publisher\":{\"@id\":\"https:\\\/\\\/lasentinelle.dz\\\/#organization\"},\"potentialAction\":[{\"@type\":\"SearchAction\",\"target\":{\"@type\":\"EntryPoint\",\"urlTemplate\":\"https:\\\/\\\/lasentinelle.dz\\\/?s={search_term_string}\"},\"query-input\":{\"@type\":\"PropertyValueSpecification\",\"valueRequired\":true,\"valueName\":\"search_term_string\"}}],\"inLanguage\":\"fr-FR\"},{\"@type\":\"Organization\",\"@id\":\"https:\\\/\\\/lasentinelle.dz\\\/#organization\",\"name\":\"Quotidien La Sentinelle\",\"url\":\"https:\\\/\\\/lasentinelle.dz\\\/\",\"logo\":{\"@type\":\"ImageObject\",\"inLanguage\":\"fr-FR\",\"@id\":\"https:\\\/\\\/lasentinelle.dz\\\/#\\\/schema\\\/logo\\\/image\\\/\",\"url\":\"https:\\\/\\\/lasentinelle.dz\\\/wp-content\\\/uploads\\\/2021\\\/09\\\/logo-sentinelleSLOGAN-1.png\",\"contentUrl\":\"https:\\\/\\\/lasentinelle.dz\\\/wp-content\\\/uploads\\\/2021\\\/09\\\/logo-sentinelleSLOGAN-1.png\",\"width\":615,\"height\":142,\"caption\":\"Quotidien La Sentinelle\"},\"image\":{\"@id\":\"https:\\\/\\\/lasentinelle.dz\\\/#\\\/schema\\\/logo\\\/image\\\/\"},\"sameAs\":[\"https:\\\/\\\/www.facebook.com\\\/La-Sentinelle-104059864394773\"]},{\"@type\":\"Person\",\"@id\":\"https:\\\/\\\/lasentinelle.dz\\\/#\\\/schema\\\/person\\\/d865044e22e70a75174ce8bcad3acfb3\",\"name\":\"La Sentinelle\",\"image\":{\"@type\":\"ImageObject\",\"inLanguage\":\"fr-FR\",\"@id\":\"https:\\\/\\\/secure.gravatar.com\\\/avatar\\\/57de8e5d4b15d43fb361a71fbb36338450fe67865b528a43dd10ef7c51a20392?s=96&d=mm&r=g\",\"url\":\"https:\\\/\\\/secure.gravatar.com\\\/avatar\\\/57de8e5d4b15d43fb361a71fbb36338450fe67865b528a43dd10ef7c51a20392?s=96&d=mm&r=g\",\"contentUrl\":\"https:\\\/\\\/secure.gravatar.com\\\/avatar\\\/57de8e5d4b15d43fb361a71fbb36338450fe67865b528a43dd10ef7c51a20392?s=96&d=mm&r=g\",\"caption\":\"La Sentinelle\"},\"sameAs\":[\"http:\\\/\\\/www.lasentinelle.dz\"],\"url\":\"https:\\\/\\\/lasentinelle.dz\\\/author\\\/redaction\\\/\"}]}<\/script>\n<!-- \/ Yoast SEO plugin. -->","yoast_head_json":{"title":"Annaba\u00a0: Le projet de route Ras El Hamra- Oued Bakrat relanc\u00e9 - La Sentinelle","robots":{"index":"index","follow":"follow","max-snippet":"max-snippet:-1","max-image-preview":"max-image-preview:large","max-video-preview":"max-video-preview:-1"},"canonical":"https:\/\/lasentinelle.dz\/index.php\/2023\/09\/30\/annaba-le-projet-de-route-ras-el-hamra-oued-bakrat-relance\/","og_locale":"fr_FR","og_type":"article","og_title":"Annaba\u00a0: Le projet de route Ras El Hamra- Oued Bakrat relanc\u00e9 - La Sentinelle","og_description":"Lanc\u00e9 en 2018, le projet de la route reliant le Cap de Garde \u00e0 la Grande plage continue de tra\u00eener","og_url":"https:\/\/lasentinelle.dz\/index.php\/2023\/09\/30\/annaba-le-projet-de-route-ras-el-hamra-oued-bakrat-relance\/","og_site_name":"La Sentinelle","article_publisher":"https:\/\/www.facebook.com\/La-Sentinelle-104059864394773","article_published_time":"2023-09-30T20:14:55+00:00","article_modified_time":"2023-09-30T20:14:56+00:00","og_image":[{"width":1200,"height":900,"url":"https:\/\/lasentinelle.dz\/wp-content\/uploads\/2023\/08\/travaux-route.jpeg","type":"image\/jpeg"}],"author":"La Sentinelle","twitter_card":"summary_large_image","twitter_misc":{"\u00c9crit par":"La Sentinelle","Dur\u00e9e de lecture estim\u00e9e":"4 minutes"},"schema":{"@context":"https:\/\/schema.org","@graph":[{"@type":"Article","@id":"https:\/\/lasentinelle.dz\/index.php\/2023\/09\/30\/annaba-le-projet-de-route-ras-el-hamra-oued-bakrat-relance\/#article","isPartOf":{"@id":"https:\/\/lasentinelle.dz\/index.php\/2023\/09\/30\/annaba-le-projet-de-route-ras-el-hamra-oued-bakrat-relance\/"},"author":{"name":"La Sentinelle","@id":"https:\/\/lasentinelle.dz\/#\/schema\/person\/d865044e22e70a75174ce8bcad3acfb3"},"headline":"Annaba\u00a0: Le projet de route Ras El Hamra- Oued Bakrat relanc\u00e9","datePublished":"2023-09-30T20:14:55+00:00","dateModified":"2023-09-30T20:14:56+00:00","mainEntityOfPage":{"@id":"https:\/\/lasentinelle.dz\/index.php\/2023\/09\/30\/annaba-le-projet-de-route-ras-el-hamra-oued-bakrat-relance\/"},"wordCount":709,"commentCount":0,"publisher":{"@id":"https:\/\/lasentinelle.dz\/#organization"},"image":{"@id":"https:\/\/lasentinelle.dz\/index.php\/2023\/09\/30\/annaba-le-projet-de-route-ras-el-hamra-oued-bakrat-relance\/#primaryimage"},"thumbnailUrl":"https:\/\/lasentinelle.dz\/wp-content\/uploads\/2023\/08\/travaux-route.jpeg","articleSection":["R\u00e9gions"],"inLanguage":"fr-FR","potentialAction":[{"@type":"CommentAction","name":"Comment","target":["https:\/\/lasentinelle.dz\/index.php\/2023\/09\/30\/annaba-le-projet-de-route-ras-el-hamra-oued-bakrat-relance\/#respond"]}]},{"@type":"WebPage","@id":"https:\/\/lasentinelle.dz\/index.php\/2023\/09\/30\/annaba-le-projet-de-route-ras-el-hamra-oued-bakrat-relance\/","url":"https:\/\/lasentinelle.dz\/index.php\/2023\/09\/30\/annaba-le-projet-de-route-ras-el-hamra-oued-bakrat-relance\/","name":"Annaba\u00a0: Le projet de route Ras El Hamra- Oued Bakrat relanc\u00e9 - La Sentinelle","isPartOf":{"@id":"https:\/\/lasentinelle.dz\/#website"},"primaryImageOfPage":{"@id":"https:\/\/lasentinelle.dz\/index.php\/2023\/09\/30\/annaba-le-projet-de-route-ras-el-hamra-oued-bakrat-relance\/#primaryimage"},"image":{"@id":"https:\/\/lasentinelle.dz\/index.php\/2023\/09\/30\/annaba-le-projet-de-route-ras-el-hamra-oued-bakrat-relance\/#primaryimage"},"thumbnailUrl":"https:\/\/lasentinelle.dz\/wp-content\/uploads\/2023\/08\/travaux-route.jpeg","datePublished":"2023-09-30T20:14:55+00:00","dateModified":"2023-09-30T20:14:56+00:00","breadcrumb":{"@id":"https:\/\/lasentinelle.dz\/index.php\/2023\/09\/30\/annaba-le-projet-de-route-ras-el-hamra-oued-bakrat-relance\/#breadcrumb"},"inLanguage":"fr-FR","potentialAction":[{"@type":"ReadAction","target":["https:\/\/lasentinelle.dz\/index.php\/2023\/09\/30\/annaba-le-projet-de-route-ras-el-hamra-oued-bakrat-relance\/"]}]},{"@type":"ImageObject","inLanguage":"fr-FR","@id":"https:\/\/lasentinelle.dz\/index.php\/2023\/09\/30\/annaba-le-projet-de-route-ras-el-hamra-oued-bakrat-relance\/#primaryimage","url":"https:\/\/lasentinelle.dz\/wp-content\/uploads\/2023\/08\/travaux-route.jpeg","contentUrl":"https:\/\/lasentinelle.dz\/wp-content\/uploads\/2023\/08\/travaux-route.jpeg","width":1200,"height":900},{"@type":"BreadcrumbList","@id":"https:\/\/lasentinelle.dz\/index.php\/2023\/09\/30\/annaba-le-projet-de-route-ras-el-hamra-oued-bakrat-relance\/#breadcrumb","itemListElement":[{"@type":"ListItem","position":1,"name":"Accueil","item":"https:\/\/lasentinelle.dz\/"},{"@type":"ListItem","position":2,"name":"Annaba\u00a0: Le projet de route Ras El Hamra- Oued Bakrat relanc\u00e9"}]},{"@type":"WebSite","@id":"https:\/\/lasentinelle.dz\/#website","url":"https:\/\/lasentinelle.dz\/","name":"La Sentinelle","description":"Quotidien national d&#039;information","publisher":{"@id":"https:\/\/lasentinelle.dz\/#organization"},"potentialAction":[{"@type":"SearchAction","target":{"@type":"EntryPoint","urlTemplate":"https:\/\/lasentinelle.dz\/?s={search_term_string}"},"query-input":{"@type":"PropertyValueSpecification","valueRequired":true,"valueName":"search_term_string"}}],"inLanguage":"fr-FR"},{"@type":"Organization","@id":"https:\/\/lasentinelle.dz\/#organization","name":"Quotidien La Sentinelle","url":"https:\/\/lasentinelle.dz\/","logo":{"@type":"ImageObject","inLanguage":"fr-FR","@id":"https:\/\/lasentinelle.dz\/#\/schema\/logo\/image\/","url":"https:\/\/lasentinelle.dz\/wp-content\/uploads\/2021\/09\/logo-sentinelleSLOGAN-1.png","contentUrl":"https:\/\/lasentinelle.dz\/wp-content\/uploads\/2021\/09\/logo-sentinelleSLOGAN-1.png","width":615,"height":142,"caption":"Quotidien La Sentinelle"},"image":{"@id":"https:\/\/lasentinelle.dz\/#\/schema\/logo\/image\/"},"sameAs":["https:\/\/www.facebook.com\/La-Sentinelle-104059864394773"]},{"@type":"Person","@id":"https:\/\/lasentinelle.dz\/#\/schema\/person\/d865044e22e70a75174ce8bcad3acfb3","name":"La Sentinelle","image":{"@type":"ImageObject","inLanguage":"fr-FR","@id":"https:\/\/secure.gravatar.com\/avatar\/57de8e5d4b15d43fb361a71fbb36338450fe67865b528a43dd10ef7c51a20392?s=96&d=mm&r=g","url":"https:\/\/secure.gravatar.com\/avatar\/57de8e5d4b15d43fb361a71fbb36338450fe67865b528a43dd10ef7c51a20392?s=96&d=mm&r=g","contentUrl":"https:\/\/secure.gravatar.com\/avatar\/57de8e5d4b15d43fb361a71fbb36338450fe67865b528a43dd10ef7c51a20392?s=96&d=mm&r=g","caption":"La Sentinelle"},"sameAs":["http:\/\/www.lasentinelle.dz"],"url":"https:\/\/lasentinelle.dz\/author\/redaction\/"}]}},"_links":{"self":[{"href":"https:\/\/lasentinelle.dz\/index.php\/wp-json\/wp\/v2\/posts\/45911","targetHints":{"allow":["GET"]}}],"collection":[{"href":"https:\/\/lasentinelle.dz\/index.php\/wp-json\/wp\/v2\/posts"}],"about":[{"href":"https:\/\/lasentinelle.dz\/index.php\/wp-json\/wp\/v2\/types\/post"}],"author":[{"embeddable":true,"href":"https:\/\/lasentinelle.dz\/index.php\/wp-json\/wp\/v2\/users\/3"}],"replies":[{"embeddable":true,"href":"https:\/\/lasentinelle.dz\/index.php\/wp-json\/wp\/v2\/comments?post=45911"}],"version-history":[{"count":1,"href":"https:\/\/lasentinelle.dz\/index.php\/wp-json\/wp\/v2\/posts\/45911\/revisions"}],"predecessor-version":[{"id":45912,"href":"https:\/\/lasentinelle.dz\/index.php\/wp-json\/wp\/v2\/posts\/45911\/revisions\/45912"}],"wp:featuredmedia":[{"embeddable":true,"href":"https:\/\/lasentinelle.dz\/index.php\/wp-json\/wp\/v2\/media\/44628"}],"wp:attachment":[{"href":"https:\/\/lasentinelle.dz\/index.php\/wp-json\/wp\/v2\/media?parent=45911"}],"wp:term":[{"taxonomy":"category","embeddable":true,"href":"https:\/\/lasentinelle.dz\/index.php\/wp-json\/wp\/v2\/categories?post=45911"},{"taxonomy":"post_tag","embeddable":true,"href":"https:\/\/lasentinelle.dz\/index.php\/wp-json\/wp\/v2\/tags?post=45911"}],"curies":[{"name":"wp","href":"https:\/\/api.w.org\/{rel}","templated":true}]}}