{"id":45968,"date":"2023-10-01T22:49:46","date_gmt":"2023-10-01T21:49:46","guid":{"rendered":"https:\/\/lasentinelle.dz\/?p=45968"},"modified":"2023-10-01T22:49:47","modified_gmt":"2023-10-01T21:49:47","slug":"visite-annoncee-du-chef-du-gouvernement-tunisien-ahmed-hachani-mercredi-en-algerie-consolider-la-cooperation-bilaterale","status":"publish","type":"post","link":"https:\/\/lasentinelle.dz\/index.php\/2023\/10\/01\/visite-annoncee-du-chef-du-gouvernement-tunisien-ahmed-hachani-mercredi-en-algerie-consolider-la-cooperation-bilaterale\/","title":{"rendered":"Visite annonc\u00e9e du chef du gouvernement tunisien, Ahmed Hachani, mercredi en Alg\u00e9rie\u00a0: Consolider la coop\u00e9ration bilat\u00e9rale"},"content":{"rendered":"\n<p>Le chef du gouvernement tunisien, Ahmed Hachani, devrait effectuer une visite officielle en Alg\u00e9rie d\u00e8s mercredi. C\u2019est du moins ce qu\u2019ont annonc\u00e9 hier plusieurs m\u00e9dias tunisiens. Il s\u2019agit de la premi\u00e8re visite du chef du gouvernement tunisien \u00e0 l&rsquo;\u00e9tranger depuis sa nomination en ao\u00fbt dernier par le pr\u00e9sident de la R\u00e9publique, Ka\u00efs Sa\u00efed, en remplacement de Najla Bouden, note-on. Selon les m\u00eames sources, cette visite intervient alors que le Premier ministre, A\u00efmene Benabderrahmane et son homologue tunisien doivent copr\u00e9sider la 22e session de la haute Commission mixte alg\u00e9ro-tunisienne. Les m\u00e9dias tunisiens pr\u00e9cisent aussi que des projets d&rsquo;investissement communs devraient \u00eatre annonc\u00e9s \u00e0 l&rsquo;issue des travaux de cette session, en sus de la signature d&rsquo;accords bilat\u00e9raux dans divers domaines, notamment le commerce, les douanes, l&rsquo;industrie, l&rsquo;\u00e9nergie, le tourisme, les affaires sociales, et \u00e9galement dans le domaine de la coop\u00e9ration s\u00e9curitaire et militaire, ainsi que dans les domaines du transport, de l&rsquo;infrastructure, de l&rsquo;\u00e9quipement, de la formation, et de l&rsquo;enseignement sup\u00e9rieur. Il est utile de rappeler que les deux pays accordent beaucoup d\u2019importance \u00e0 la consolidation de la coop\u00e9ration bilat\u00e9rale depuis l\u2019investiture du pr\u00e9sident de la R\u00e9publique Abdelmadjid Tebboune et du pr\u00e9sident tunisien Kais Saied. Ce dernier a d\u2019ailleurs effectu\u00e9 une visite en Alg\u00e9rie d\u00e8s f\u00e9vrier 2020 suivie d\u2019une visite d\u2019\u00c9tat du Pr\u00e9sident Tebboune en Tunisie en d\u00e9cembre 2021 et laquelle a jet\u00e9 de nouvelles bases au partenariat bilat\u00e9rale. Les \u00e9changes de visites et les contacts sont d\u2019ailleurs r\u00e9guliers entre les deux pays. La derni\u00e8re visite en date et celle que le ministre du Commerce et de la Promotion des exportations, Tayeb Zitouni a effectu\u00e9 il y a une quinzaine de jours en Tunisie et qui est intervenue en amont de la tenue de Haute-Commission mixte alg\u00e9ro-tunisienne. Une visite au cours de laquelle, le ministre du Commerce a \u00e9t\u00e9 re\u00e7u par le chef du gouvernement tunisien. Tayeb Zitouni a annonc\u00e9 pour l\u2019occasion que le d\u00e9veloppement de la bande frontali\u00e8re entre l\u2019Alg\u00e9rie et la Tunisie, la promotion du commerce entre les deux pays, l\u2019investissement et les zones franches \u00e9taient les principales questions abord\u00e9es lors des travaux de la 5e session de la Commission mixte alg\u00e9ro-tunisienne de suivi des \u00e9changes commerciaux, tenue dans la capitale tunisienne. Il a pr\u00e9cis\u00e9 que des rapports concernant ces questions et d\u2019autres seront soumis \u00e0 la haute Commission mixte alg\u00e9ro-tunisienne qui se tiendra prochainement en Alg\u00e9rie, sous la co-pr\u00e9sidence du Premier ministre, Aimen Benabderrahamene, et du Chef du gouvernement tunisien, Ahmed Hachani.Le ministre a soulign\u00e9 que la Haute-Commission mixte permettra de donner \u00abun nouvel \u00e9lan\u00bb aux relations commerciales entre les deux pays.<\/p>\n\n\n\n<p><strong>Lyes Sa\u00efdi<\/strong><\/p>\n","protected":false},"excerpt":{"rendered":"<p>Le chef du gouvernement tunisien, Ahmed Hachani, devrait effectuer une visite officielle en Alg\u00e9rie d\u00e8s mercredi. C\u2019est du moins ce<\/p>\n","protected":false},"author":3,"featured_media":45969,"comment_status":"open","ping_status":"closed","sticky":false,"template":"","format":"standard","meta":{"colormag_page_container_layout":"default_layout","colormag_page_sidebar_layout":"default_layout","om_disable_all_campaigns":false,"_monsterinsights_skip_tracking":false,"_monsterinsights_sitenote_active":false,"_monsterinsights_sitenote_note":"","_monsterinsights_sitenote_category":0,"footnotes":"","_wpscppro_dont_share_socialmedia":false,"_wpscppro_custom_social_share_image":0,"_facebook_share_type":"","_twitter_share_type":"","_linkedin_share_type":"","_pinterest_share_type":"","_linkedin_share_type_page":"","_instagram_share_type":"","_medium_share_type":"","_threads_share_type":"","_google_business_share_type":"","_selected_social_profile":[],"_wpsp_enable_custom_social_template":false,"_wpsp_social_scheduling":{"enabled":false,"datetime":null,"platforms":[],"status":"template_only","dateOption":"today","timeOption":"now","customDays":"","customHours":"","customDate":"","customTime":"","schedulingType":"absolute"},"_wpsp_active_default_template":true},"categories":[27],"tags":[],"class_list":["post-45968","post","type-post","status-publish","format-standard","has-post-thumbnail","hentry","category-actualite"],"aioseo_notices":[],"yoast_head":"<!-- This site is optimized with the Yoast SEO plugin v27.5 - https:\/\/yoast.com\/product\/yoast-seo-wordpress\/ -->\n<title>Visite annonc\u00e9e du chef du gouvernement tunisien, Ahmed Hachani, mercredi en Alg\u00e9rie\u00a0: Consolider la coop\u00e9ration bilat\u00e9rale - La Sentinelle<\/title>\n<meta name=\"robots\" content=\"index, follow, max-snippet:-1, max-image-preview:large, max-video-preview:-1\" \/>\n<link rel=\"canonical\" href=\"https:\/\/lasentinelle.dz\/index.php\/2023\/10\/01\/visite-annoncee-du-chef-du-gouvernement-tunisien-ahmed-hachani-mercredi-en-algerie-consolider-la-cooperation-bilaterale\/\" \/>\n<meta property=\"og:locale\" content=\"fr_FR\" \/>\n<meta property=\"og:type\" content=\"article\" \/>\n<meta property=\"og:title\" content=\"Visite annonc\u00e9e du chef du gouvernement tunisien, Ahmed Hachani, mercredi en Alg\u00e9rie\u00a0: Consolider la coop\u00e9ration bilat\u00e9rale - La Sentinelle\" \/>\n<meta property=\"og:description\" content=\"Le chef du gouvernement tunisien, Ahmed Hachani, devrait effectuer une visite officielle en Alg\u00e9rie d\u00e8s mercredi. C\u2019est du moins ce\" \/>\n<meta property=\"og:url\" content=\"https:\/\/lasentinelle.dz\/index.php\/2023\/10\/01\/visite-annoncee-du-chef-du-gouvernement-tunisien-ahmed-hachani-mercredi-en-algerie-consolider-la-cooperation-bilaterale\/\" \/>\n<meta property=\"og:site_name\" content=\"La Sentinelle\" \/>\n<meta property=\"article:publisher\" content=\"https:\/\/www.facebook.com\/La-Sentinelle-104059864394773\" \/>\n<meta property=\"article:published_time\" content=\"2023-10-01T21:49:46+00:00\" \/>\n<meta property=\"article:modified_time\" content=\"2023-10-01T21:49:47+00:00\" \/>\n<meta property=\"og:image\" content=\"https:\/\/lasentinelle.dz\/wp-content\/uploads\/2023\/10\/Ahmed-Hachani.jpeg\" \/>\n\t<meta property=\"og:image:width\" content=\"580\" \/>\n\t<meta property=\"og:image:height\" content=\"350\" \/>\n\t<meta property=\"og:image:type\" content=\"image\/jpeg\" \/>\n<meta name=\"author\" content=\"La Sentinelle\" \/>\n<meta name=\"twitter:card\" content=\"summary_large_image\" \/>\n<meta name=\"twitter:label1\" content=\"\u00c9crit par\" \/>\n\t<meta name=\"twitter:data1\" content=\"La Sentinelle\" \/>\n\t<meta name=\"twitter:label2\" content=\"Dur\u00e9e de lecture estim\u00e9e\" \/>\n\t<meta name=\"twitter:data2\" content=\"3 minutes\" \/>\n<script type=\"application\/ld+json\" class=\"yoast-schema-graph\">{\"@context\":\"https:\\\/\\\/schema.org\",\"@graph\":[{\"@type\":\"Article\",\"@id\":\"https:\\\/\\\/lasentinelle.dz\\\/index.php\\\/2023\\\/10\\\/01\\\/visite-annoncee-du-chef-du-gouvernement-tunisien-ahmed-hachani-mercredi-en-algerie-consolider-la-cooperation-bilaterale\\\/#article\",\"isPartOf\":{\"@id\":\"https:\\\/\\\/lasentinelle.dz\\\/index.php\\\/2023\\\/10\\\/01\\\/visite-annoncee-du-chef-du-gouvernement-tunisien-ahmed-hachani-mercredi-en-algerie-consolider-la-cooperation-bilaterale\\\/\"},\"author\":{\"name\":\"La Sentinelle\",\"@id\":\"https:\\\/\\\/lasentinelle.dz\\\/#\\\/schema\\\/person\\\/d865044e22e70a75174ce8bcad3acfb3\"},\"headline\":\"Visite annonc\u00e9e du chef du gouvernement tunisien, Ahmed Hachani, mercredi en Alg\u00e9rie\u00a0: Consolider la coop\u00e9ration bilat\u00e9rale\",\"datePublished\":\"2023-10-01T21:49:46+00:00\",\"dateModified\":\"2023-10-01T21:49:47+00:00\",\"mainEntityOfPage\":{\"@id\":\"https:\\\/\\\/lasentinelle.dz\\\/index.php\\\/2023\\\/10\\\/01\\\/visite-annoncee-du-chef-du-gouvernement-tunisien-ahmed-hachani-mercredi-en-algerie-consolider-la-cooperation-bilaterale\\\/\"},\"wordCount\":507,\"commentCount\":0,\"publisher\":{\"@id\":\"https:\\\/\\\/lasentinelle.dz\\\/#organization\"},\"image\":{\"@id\":\"https:\\\/\\\/lasentinelle.dz\\\/index.php\\\/2023\\\/10\\\/01\\\/visite-annoncee-du-chef-du-gouvernement-tunisien-ahmed-hachani-mercredi-en-algerie-consolider-la-cooperation-bilaterale\\\/#primaryimage\"},\"thumbnailUrl\":\"https:\\\/\\\/lasentinelle.dz\\\/wp-content\\\/uploads\\\/2023\\\/10\\\/Ahmed-Hachani.jpeg\",\"articleSection\":[\"Actualit\u00e9\"],\"inLanguage\":\"fr-FR\",\"potentialAction\":[{\"@type\":\"CommentAction\",\"name\":\"Comment\",\"target\":[\"https:\\\/\\\/lasentinelle.dz\\\/index.php\\\/2023\\\/10\\\/01\\\/visite-annoncee-du-chef-du-gouvernement-tunisien-ahmed-hachani-mercredi-en-algerie-consolider-la-cooperation-bilaterale\\\/#respond\"]}]},{\"@type\":\"WebPage\",\"@id\":\"https:\\\/\\\/lasentinelle.dz\\\/index.php\\\/2023\\\/10\\\/01\\\/visite-annoncee-du-chef-du-gouvernement-tunisien-ahmed-hachani-mercredi-en-algerie-consolider-la-cooperation-bilaterale\\\/\",\"url\":\"https:\\\/\\\/lasentinelle.dz\\\/index.php\\\/2023\\\/10\\\/01\\\/visite-annoncee-du-chef-du-gouvernement-tunisien-ahmed-hachani-mercredi-en-algerie-consolider-la-cooperation-bilaterale\\\/\",\"name\":\"Visite annonc\u00e9e du chef du gouvernement tunisien, Ahmed Hachani, mercredi en Alg\u00e9rie\u00a0: Consolider la coop\u00e9ration bilat\u00e9rale - La Sentinelle\",\"isPartOf\":{\"@id\":\"https:\\\/\\\/lasentinelle.dz\\\/#website\"},\"primaryImageOfPage\":{\"@id\":\"https:\\\/\\\/lasentinelle.dz\\\/index.php\\\/2023\\\/10\\\/01\\\/visite-annoncee-du-chef-du-gouvernement-tunisien-ahmed-hachani-mercredi-en-algerie-consolider-la-cooperation-bilaterale\\\/#primaryimage\"},\"image\":{\"@id\":\"https:\\\/\\\/lasentinelle.dz\\\/index.php\\\/2023\\\/10\\\/01\\\/visite-annoncee-du-chef-du-gouvernement-tunisien-ahmed-hachani-mercredi-en-algerie-consolider-la-cooperation-bilaterale\\\/#primaryimage\"},\"thumbnailUrl\":\"https:\\\/\\\/lasentinelle.dz\\\/wp-content\\\/uploads\\\/2023\\\/10\\\/Ahmed-Hachani.jpeg\",\"datePublished\":\"2023-10-01T21:49:46+00:00\",\"dateModified\":\"2023-10-01T21:49:47+00:00\",\"breadcrumb\":{\"@id\":\"https:\\\/\\\/lasentinelle.dz\\\/index.php\\\/2023\\\/10\\\/01\\\/visite-annoncee-du-chef-du-gouvernement-tunisien-ahmed-hachani-mercredi-en-algerie-consolider-la-cooperation-bilaterale\\\/#breadcrumb\"},\"inLanguage\":\"fr-FR\",\"potentialAction\":[{\"@type\":\"ReadAction\",\"target\":[\"https:\\\/\\\/lasentinelle.dz\\\/index.php\\\/2023\\\/10\\\/01\\\/visite-annoncee-du-chef-du-gouvernement-tunisien-ahmed-hachani-mercredi-en-algerie-consolider-la-cooperation-bilaterale\\\/\"]}]},{\"@type\":\"ImageObject\",\"inLanguage\":\"fr-FR\",\"@id\":\"https:\\\/\\\/lasentinelle.dz\\\/index.php\\\/2023\\\/10\\\/01\\\/visite-annoncee-du-chef-du-gouvernement-tunisien-ahmed-hachani-mercredi-en-algerie-consolider-la-cooperation-bilaterale\\\/#primaryimage\",\"url\":\"https:\\\/\\\/lasentinelle.dz\\\/wp-content\\\/uploads\\\/2023\\\/10\\\/Ahmed-Hachani.jpeg\",\"contentUrl\":\"https:\\\/\\\/lasentinelle.dz\\\/wp-content\\\/uploads\\\/2023\\\/10\\\/Ahmed-Hachani.jpeg\",\"width\":580,\"height\":350},{\"@type\":\"BreadcrumbList\",\"@id\":\"https:\\\/\\\/lasentinelle.dz\\\/index.php\\\/2023\\\/10\\\/01\\\/visite-annoncee-du-chef-du-gouvernement-tunisien-ahmed-hachani-mercredi-en-algerie-consolider-la-cooperation-bilaterale\\\/#breadcrumb\",\"itemListElement\":[{\"@type\":\"ListItem\",\"position\":1,\"name\":\"Accueil\",\"item\":\"https:\\\/\\\/lasentinelle.dz\\\/\"},{\"@type\":\"ListItem\",\"position\":2,\"name\":\"Visite annonc\u00e9e du chef du gouvernement tunisien, Ahmed Hachani, mercredi en Alg\u00e9rie\u00a0: Consolider la coop\u00e9ration bilat\u00e9rale\"}]},{\"@type\":\"WebSite\",\"@id\":\"https:\\\/\\\/lasentinelle.dz\\\/#website\",\"url\":\"https:\\\/\\\/lasentinelle.dz\\\/\",\"name\":\"La Sentinelle\",\"description\":\"Quotidien national d&#039;information\",\"publisher\":{\"@id\":\"https:\\\/\\\/lasentinelle.dz\\\/#organization\"},\"potentialAction\":[{\"@type\":\"SearchAction\",\"target\":{\"@type\":\"EntryPoint\",\"urlTemplate\":\"https:\\\/\\\/lasentinelle.dz\\\/?s={search_term_string}\"},\"query-input\":{\"@type\":\"PropertyValueSpecification\",\"valueRequired\":true,\"valueName\":\"search_term_string\"}}],\"inLanguage\":\"fr-FR\"},{\"@type\":\"Organization\",\"@id\":\"https:\\\/\\\/lasentinelle.dz\\\/#organization\",\"name\":\"Quotidien La Sentinelle\",\"url\":\"https:\\\/\\\/lasentinelle.dz\\\/\",\"logo\":{\"@type\":\"ImageObject\",\"inLanguage\":\"fr-FR\",\"@id\":\"https:\\\/\\\/lasentinelle.dz\\\/#\\\/schema\\\/logo\\\/image\\\/\",\"url\":\"https:\\\/\\\/lasentinelle.dz\\\/wp-content\\\/uploads\\\/2021\\\/09\\\/logo-sentinelleSLOGAN-1.png\",\"contentUrl\":\"https:\\\/\\\/lasentinelle.dz\\\/wp-content\\\/uploads\\\/2021\\\/09\\\/logo-sentinelleSLOGAN-1.png\",\"width\":615,\"height\":142,\"caption\":\"Quotidien La Sentinelle\"},\"image\":{\"@id\":\"https:\\\/\\\/lasentinelle.dz\\\/#\\\/schema\\\/logo\\\/image\\\/\"},\"sameAs\":[\"https:\\\/\\\/www.facebook.com\\\/La-Sentinelle-104059864394773\"]},{\"@type\":\"Person\",\"@id\":\"https:\\\/\\\/lasentinelle.dz\\\/#\\\/schema\\\/person\\\/d865044e22e70a75174ce8bcad3acfb3\",\"name\":\"La Sentinelle\",\"image\":{\"@type\":\"ImageObject\",\"inLanguage\":\"fr-FR\",\"@id\":\"https:\\\/\\\/secure.gravatar.com\\\/avatar\\\/57de8e5d4b15d43fb361a71fbb36338450fe67865b528a43dd10ef7c51a20392?s=96&d=mm&r=g\",\"url\":\"https:\\\/\\\/secure.gravatar.com\\\/avatar\\\/57de8e5d4b15d43fb361a71fbb36338450fe67865b528a43dd10ef7c51a20392?s=96&d=mm&r=g\",\"contentUrl\":\"https:\\\/\\\/secure.gravatar.com\\\/avatar\\\/57de8e5d4b15d43fb361a71fbb36338450fe67865b528a43dd10ef7c51a20392?s=96&d=mm&r=g\",\"caption\":\"La Sentinelle\"},\"sameAs\":[\"http:\\\/\\\/www.lasentinelle.dz\"],\"url\":\"https:\\\/\\\/lasentinelle.dz\\\/author\\\/redaction\\\/\"}]}<\/script>\n<!-- \/ Yoast SEO plugin. -->","yoast_head_json":{"title":"Visite annonc\u00e9e du chef du gouvernement tunisien, Ahmed Hachani, mercredi en Alg\u00e9rie\u00a0: Consolider la coop\u00e9ration bilat\u00e9rale - La Sentinelle","robots":{"index":"index","follow":"follow","max-snippet":"max-snippet:-1","max-image-preview":"max-image-preview:large","max-video-preview":"max-video-preview:-1"},"canonical":"https:\/\/lasentinelle.dz\/index.php\/2023\/10\/01\/visite-annoncee-du-chef-du-gouvernement-tunisien-ahmed-hachani-mercredi-en-algerie-consolider-la-cooperation-bilaterale\/","og_locale":"fr_FR","og_type":"article","og_title":"Visite annonc\u00e9e du chef du gouvernement tunisien, Ahmed Hachani, mercredi en Alg\u00e9rie\u00a0: Consolider la coop\u00e9ration bilat\u00e9rale - La Sentinelle","og_description":"Le chef du gouvernement tunisien, Ahmed Hachani, devrait effectuer une visite officielle en Alg\u00e9rie d\u00e8s mercredi. C\u2019est du moins ce","og_url":"https:\/\/lasentinelle.dz\/index.php\/2023\/10\/01\/visite-annoncee-du-chef-du-gouvernement-tunisien-ahmed-hachani-mercredi-en-algerie-consolider-la-cooperation-bilaterale\/","og_site_name":"La Sentinelle","article_publisher":"https:\/\/www.facebook.com\/La-Sentinelle-104059864394773","article_published_time":"2023-10-01T21:49:46+00:00","article_modified_time":"2023-10-01T21:49:47+00:00","og_image":[{"width":580,"height":350,"url":"https:\/\/lasentinelle.dz\/wp-content\/uploads\/2023\/10\/Ahmed-Hachani.jpeg","type":"image\/jpeg"}],"author":"La Sentinelle","twitter_card":"summary_large_image","twitter_misc":{"\u00c9crit par":"La Sentinelle","Dur\u00e9e de lecture estim\u00e9e":"3 minutes"},"schema":{"@context":"https:\/\/schema.org","@graph":[{"@type":"Article","@id":"https:\/\/lasentinelle.dz\/index.php\/2023\/10\/01\/visite-annoncee-du-chef-du-gouvernement-tunisien-ahmed-hachani-mercredi-en-algerie-consolider-la-cooperation-bilaterale\/#article","isPartOf":{"@id":"https:\/\/lasentinelle.dz\/index.php\/2023\/10\/01\/visite-annoncee-du-chef-du-gouvernement-tunisien-ahmed-hachani-mercredi-en-algerie-consolider-la-cooperation-bilaterale\/"},"author":{"name":"La Sentinelle","@id":"https:\/\/lasentinelle.dz\/#\/schema\/person\/d865044e22e70a75174ce8bcad3acfb3"},"headline":"Visite annonc\u00e9e du chef du gouvernement tunisien, Ahmed Hachani, mercredi en Alg\u00e9rie\u00a0: Consolider la coop\u00e9ration bilat\u00e9rale","datePublished":"2023-10-01T21:49:46+00:00","dateModified":"2023-10-01T21:49:47+00:00","mainEntityOfPage":{"@id":"https:\/\/lasentinelle.dz\/index.php\/2023\/10\/01\/visite-annoncee-du-chef-du-gouvernement-tunisien-ahmed-hachani-mercredi-en-algerie-consolider-la-cooperation-bilaterale\/"},"wordCount":507,"commentCount":0,"publisher":{"@id":"https:\/\/lasentinelle.dz\/#organization"},"image":{"@id":"https:\/\/lasentinelle.dz\/index.php\/2023\/10\/01\/visite-annoncee-du-chef-du-gouvernement-tunisien-ahmed-hachani-mercredi-en-algerie-consolider-la-cooperation-bilaterale\/#primaryimage"},"thumbnailUrl":"https:\/\/lasentinelle.dz\/wp-content\/uploads\/2023\/10\/Ahmed-Hachani.jpeg","articleSection":["Actualit\u00e9"],"inLanguage":"fr-FR","potentialAction":[{"@type":"CommentAction","name":"Comment","target":["https:\/\/lasentinelle.dz\/index.php\/2023\/10\/01\/visite-annoncee-du-chef-du-gouvernement-tunisien-ahmed-hachani-mercredi-en-algerie-consolider-la-cooperation-bilaterale\/#respond"]}]},{"@type":"WebPage","@id":"https:\/\/lasentinelle.dz\/index.php\/2023\/10\/01\/visite-annoncee-du-chef-du-gouvernement-tunisien-ahmed-hachani-mercredi-en-algerie-consolider-la-cooperation-bilaterale\/","url":"https:\/\/lasentinelle.dz\/index.php\/2023\/10\/01\/visite-annoncee-du-chef-du-gouvernement-tunisien-ahmed-hachani-mercredi-en-algerie-consolider-la-cooperation-bilaterale\/","name":"Visite annonc\u00e9e du chef du gouvernement tunisien, Ahmed Hachani, mercredi en Alg\u00e9rie\u00a0: Consolider la coop\u00e9ration bilat\u00e9rale - La Sentinelle","isPartOf":{"@id":"https:\/\/lasentinelle.dz\/#website"},"primaryImageOfPage":{"@id":"https:\/\/lasentinelle.dz\/index.php\/2023\/10\/01\/visite-annoncee-du-chef-du-gouvernement-tunisien-ahmed-hachani-mercredi-en-algerie-consolider-la-cooperation-bilaterale\/#primaryimage"},"image":{"@id":"https:\/\/lasentinelle.dz\/index.php\/2023\/10\/01\/visite-annoncee-du-chef-du-gouvernement-tunisien-ahmed-hachani-mercredi-en-algerie-consolider-la-cooperation-bilaterale\/#primaryimage"},"thumbnailUrl":"https:\/\/lasentinelle.dz\/wp-content\/uploads\/2023\/10\/Ahmed-Hachani.jpeg","datePublished":"2023-10-01T21:49:46+00:00","dateModified":"2023-10-01T21:49:47+00:00","breadcrumb":{"@id":"https:\/\/lasentinelle.dz\/index.php\/2023\/10\/01\/visite-annoncee-du-chef-du-gouvernement-tunisien-ahmed-hachani-mercredi-en-algerie-consolider-la-cooperation-bilaterale\/#breadcrumb"},"inLanguage":"fr-FR","potentialAction":[{"@type":"ReadAction","target":["https:\/\/lasentinelle.dz\/index.php\/2023\/10\/01\/visite-annoncee-du-chef-du-gouvernement-tunisien-ahmed-hachani-mercredi-en-algerie-consolider-la-cooperation-bilaterale\/"]}]},{"@type":"ImageObject","inLanguage":"fr-FR","@id":"https:\/\/lasentinelle.dz\/index.php\/2023\/10\/01\/visite-annoncee-du-chef-du-gouvernement-tunisien-ahmed-hachani-mercredi-en-algerie-consolider-la-cooperation-bilaterale\/#primaryimage","url":"https:\/\/lasentinelle.dz\/wp-content\/uploads\/2023\/10\/Ahmed-Hachani.jpeg","contentUrl":"https:\/\/lasentinelle.dz\/wp-content\/uploads\/2023\/10\/Ahmed-Hachani.jpeg","width":580,"height":350},{"@type":"BreadcrumbList","@id":"https:\/\/lasentinelle.dz\/index.php\/2023\/10\/01\/visite-annoncee-du-chef-du-gouvernement-tunisien-ahmed-hachani-mercredi-en-algerie-consolider-la-cooperation-bilaterale\/#breadcrumb","itemListElement":[{"@type":"ListItem","position":1,"name":"Accueil","item":"https:\/\/lasentinelle.dz\/"},{"@type":"ListItem","position":2,"name":"Visite annonc\u00e9e du chef du gouvernement tunisien, Ahmed Hachani, mercredi en Alg\u00e9rie\u00a0: Consolider la coop\u00e9ration bilat\u00e9rale"}]},{"@type":"WebSite","@id":"https:\/\/lasentinelle.dz\/#website","url":"https:\/\/lasentinelle.dz\/","name":"La Sentinelle","description":"Quotidien national d&#039;information","publisher":{"@id":"https:\/\/lasentinelle.dz\/#organization"},"potentialAction":[{"@type":"SearchAction","target":{"@type":"EntryPoint","urlTemplate":"https:\/\/lasentinelle.dz\/?s={search_term_string}"},"query-input":{"@type":"PropertyValueSpecification","valueRequired":true,"valueName":"search_term_string"}}],"inLanguage":"fr-FR"},{"@type":"Organization","@id":"https:\/\/lasentinelle.dz\/#organization","name":"Quotidien La Sentinelle","url":"https:\/\/lasentinelle.dz\/","logo":{"@type":"ImageObject","inLanguage":"fr-FR","@id":"https:\/\/lasentinelle.dz\/#\/schema\/logo\/image\/","url":"https:\/\/lasentinelle.dz\/wp-content\/uploads\/2021\/09\/logo-sentinelleSLOGAN-1.png","contentUrl":"https:\/\/lasentinelle.dz\/wp-content\/uploads\/2021\/09\/logo-sentinelleSLOGAN-1.png","width":615,"height":142,"caption":"Quotidien La Sentinelle"},"image":{"@id":"https:\/\/lasentinelle.dz\/#\/schema\/logo\/image\/"},"sameAs":["https:\/\/www.facebook.com\/La-Sentinelle-104059864394773"]},{"@type":"Person","@id":"https:\/\/lasentinelle.dz\/#\/schema\/person\/d865044e22e70a75174ce8bcad3acfb3","name":"La Sentinelle","image":{"@type":"ImageObject","inLanguage":"fr-FR","@id":"https:\/\/secure.gravatar.com\/avatar\/57de8e5d4b15d43fb361a71fbb36338450fe67865b528a43dd10ef7c51a20392?s=96&d=mm&r=g","url":"https:\/\/secure.gravatar.com\/avatar\/57de8e5d4b15d43fb361a71fbb36338450fe67865b528a43dd10ef7c51a20392?s=96&d=mm&r=g","contentUrl":"https:\/\/secure.gravatar.com\/avatar\/57de8e5d4b15d43fb361a71fbb36338450fe67865b528a43dd10ef7c51a20392?s=96&d=mm&r=g","caption":"La Sentinelle"},"sameAs":["http:\/\/www.lasentinelle.dz"],"url":"https:\/\/lasentinelle.dz\/author\/redaction\/"}]}},"_links":{"self":[{"href":"https:\/\/lasentinelle.dz\/index.php\/wp-json\/wp\/v2\/posts\/45968","targetHints":{"allow":["GET"]}}],"collection":[{"href":"https:\/\/lasentinelle.dz\/index.php\/wp-json\/wp\/v2\/posts"}],"about":[{"href":"https:\/\/lasentinelle.dz\/index.php\/wp-json\/wp\/v2\/types\/post"}],"author":[{"embeddable":true,"href":"https:\/\/lasentinelle.dz\/index.php\/wp-json\/wp\/v2\/users\/3"}],"replies":[{"embeddable":true,"href":"https:\/\/lasentinelle.dz\/index.php\/wp-json\/wp\/v2\/comments?post=45968"}],"version-history":[{"count":1,"href":"https:\/\/lasentinelle.dz\/index.php\/wp-json\/wp\/v2\/posts\/45968\/revisions"}],"predecessor-version":[{"id":45970,"href":"https:\/\/lasentinelle.dz\/index.php\/wp-json\/wp\/v2\/posts\/45968\/revisions\/45970"}],"wp:featuredmedia":[{"embeddable":true,"href":"https:\/\/lasentinelle.dz\/index.php\/wp-json\/wp\/v2\/media\/45969"}],"wp:attachment":[{"href":"https:\/\/lasentinelle.dz\/index.php\/wp-json\/wp\/v2\/media?parent=45968"}],"wp:term":[{"taxonomy":"category","embeddable":true,"href":"https:\/\/lasentinelle.dz\/index.php\/wp-json\/wp\/v2\/categories?post=45968"},{"taxonomy":"post_tag","embeddable":true,"href":"https:\/\/lasentinelle.dz\/index.php\/wp-json\/wp\/v2\/tags?post=45968"}],"curies":[{"name":"wp","href":"https:\/\/api.w.org\/{rel}","templated":true}]}}