{"id":46039,"date":"2023-10-03T21:50:57","date_gmt":"2023-10-03T20:50:57","guid":{"rendered":"https:\/\/lasentinelle.dz\/?p=46039"},"modified":"2023-10-03T21:50:58","modified_gmt":"2023-10-03T20:50:58","slug":"des-mesures-pour-preserver-le-pouvoir-dachat","status":"publish","type":"post","link":"https:\/\/lasentinelle.dz\/index.php\/2023\/10\/03\/des-mesures-pour-preserver-le-pouvoir-dachat\/","title":{"rendered":"Des mesures pour pr\u00e9server le pouvoir d\u2019achat"},"content":{"rendered":"\n<p>&nbsp;Le ministre des Finances, Laaziz Faid, a pr\u00e9sent\u00e9, mardi \u00e0 l&rsquo;Assembl\u00e9e populaire nationale (APN), le projet de loi de finances rectificative (PLFR) 2023, qui comprend des dispositions visant \u00e0 prendre en charge les d\u00e9penses ordinaires suppl\u00e9mentaires induites par les mesures prises par les autorit\u00e9s publiques pour pr\u00e9server le pouvoir d&rsquo;achat des m\u00e9nages, renforcer la s\u00e9curit\u00e9 alimentaire et appuyer le programme d&rsquo;investissement public dans certaines wilayas. Le premier argenter du pays a rappel\u00e9 que le PLFR 2023 pr\u00e9voyait une hausse des recettes budg\u00e9taires de l&rsquo;Etat de pr\u00e8s de 13%, pour atteindre pr\u00e8s de 9.000 milliards (mds) de DA, et une augmentation des d\u00e9penses \u00e0 plus de 14.700 mds de DA (+6,7%). Selon le ministre, ces donn\u00e9es ont \u00e9t\u00e9 \u00e9tablies sur la base des derni\u00e8res pr\u00e9visions affich\u00e9es dans le plan \u00e0 moyen terme (PMT 2023-2027) de la compagnie nationale Sonatrach, soit sur la base d&rsquo;un prix de r\u00e9f\u00e9rence (fiscal) du baril de p\u00e9trole brut \u00e0 60 dollars et du prix du march\u00e9 du baril de p\u00e9trole brut \u00e0 70 dollars, qui restent inchang\u00e9s. Le projet de loi de finances rectificative 2023 pr\u00e9voit \u00e9galement une hausse des recettes exceptionnelles \u00e0 1.410 mds de DA, dont 848 mds de DA proviennent de Sonatrach et 400 mds de DA des dividendes de la Banque d&rsquo;Alg\u00e9rie. Le PLFR pr\u00e9voit aussi une hausse des exportations de biens, qui devraient atteindre en 2023 une valeur de 52,8 mds de dollars, soit une augmentation de 6,5 mds de dollars par rapport aux projections de la Loi de finances 2023, selon le ministre. Quant aux importations de biens, elles devraient atteindre 41,5 mds de dollars (+12,5%). S&rsquo;agissant de la croissance \u00e9conomique, il est attendu en 2023 une croissance de 5,3%, contre 4,1% pr\u00e9vue dans la loi de finances initiale pour 2023, tir\u00e9e principalement par le secteur des hydrocarbures (+6,1%). La croissance du PIB hors hydrocarbures se situe, quant \u00e0 elle, \u00e0 4,9% dans le PLFR 2023. La commission des finances et du budget a soulign\u00e9, dans son rapport pr\u00e9liminaire soumis par le rapporteur de la commission, Mahfoud Houas, la n\u00e9cessit\u00e9 d&rsquo;acc\u00e9l\u00e9rer la num\u00e9risation du secteur des finances \u00e0 travers un syst\u00e8me d&rsquo;informations financier qui permette de disposer des bonnes donn\u00e9es \u00e9conomiques et financi\u00e8res pour \u00e9tablir les pr\u00e9visions dans les projets de lois de finances.<\/p>\n\n\n\n<p>La commission a \u00e9galement appel\u00e9 \u00e0 renforcer le syst\u00e8me de contr\u00f4le au niveau des administrations et des services publics, \u00e0 rationaliser les ressources budg\u00e9taires, avec l&rsquo;\u00e9largissement de l&rsquo;assiette fiscale et la ma\u00eetrise des d\u00e9penses publiques. Elle a \u00e9galement mis en exergue la n\u00e9cessit\u00e9 de d\u00e9velopper les comp\u00e9tences et les capacit\u00e9s des ressources humaines en mati\u00e8re de pens\u00e9e strat\u00e9gique, financi\u00e8re et administrative et d&rsquo;am\u00e9liorer la performance et la capacit\u00e9 d&rsquo;initiative, tout en \u0153uvrant \u00e0 actualiser le syst\u00e8me comptable qui permettra d&rsquo;\u00e9valuer les d\u00e9penses de chaque programme et de d\u00e9finir son budget.<\/p>\n\n\n\n<p>R.N.<\/p>\n","protected":false},"excerpt":{"rendered":"<p>&nbsp;Le ministre des Finances, Laaziz Faid, a pr\u00e9sent\u00e9, mardi \u00e0 l&rsquo;Assembl\u00e9e populaire nationale (APN), le projet de loi de finances<\/p>\n","protected":false},"author":3,"featured_media":46040,"comment_status":"open","ping_status":"closed","sticky":false,"template":"","format":"standard","meta":{"colormag_page_container_layout":"default_layout","colormag_page_sidebar_layout":"default_layout","om_disable_all_campaigns":false,"_monsterinsights_skip_tracking":false,"_monsterinsights_sitenote_active":false,"_monsterinsights_sitenote_note":"","_monsterinsights_sitenote_category":0,"footnotes":"","_wpscppro_dont_share_socialmedia":false,"_wpscppro_custom_social_share_image":0,"_facebook_share_type":"","_twitter_share_type":"","_linkedin_share_type":"","_pinterest_share_type":"","_linkedin_share_type_page":"","_instagram_share_type":"","_medium_share_type":"","_threads_share_type":"","_google_business_share_type":"","_selected_social_profile":[],"_wpsp_enable_custom_social_template":false,"_wpsp_social_scheduling":{"enabled":false,"datetime":null,"platforms":[],"status":"template_only","dateOption":"today","timeOption":"now","customDays":"","customHours":"","customDate":"","customTime":"","schedulingType":"absolute"},"_wpsp_active_default_template":true},"categories":[27],"tags":[],"class_list":["post-46039","post","type-post","status-publish","format-standard","has-post-thumbnail","hentry","category-actualite"],"aioseo_notices":[],"yoast_head":"<!-- This site is optimized with the Yoast SEO plugin v27.5 - https:\/\/yoast.com\/product\/yoast-seo-wordpress\/ -->\n<title>Des mesures pour pr\u00e9server le pouvoir d\u2019achat - La Sentinelle<\/title>\n<meta name=\"robots\" content=\"index, follow, max-snippet:-1, max-image-preview:large, max-video-preview:-1\" \/>\n<link rel=\"canonical\" href=\"https:\/\/lasentinelle.dz\/index.php\/2023\/10\/03\/des-mesures-pour-preserver-le-pouvoir-dachat\/\" \/>\n<meta property=\"og:locale\" content=\"fr_FR\" \/>\n<meta property=\"og:type\" content=\"article\" \/>\n<meta property=\"og:title\" content=\"Des mesures pour pr\u00e9server le pouvoir d\u2019achat - La Sentinelle\" \/>\n<meta property=\"og:description\" content=\"&nbsp;Le ministre des Finances, Laaziz Faid, a pr\u00e9sent\u00e9, mardi \u00e0 l&rsquo;Assembl\u00e9e populaire nationale (APN), le projet de loi de finances\" \/>\n<meta property=\"og:url\" content=\"https:\/\/lasentinelle.dz\/index.php\/2023\/10\/03\/des-mesures-pour-preserver-le-pouvoir-dachat\/\" \/>\n<meta property=\"og:site_name\" content=\"La Sentinelle\" \/>\n<meta property=\"article:publisher\" content=\"https:\/\/www.facebook.com\/La-Sentinelle-104059864394773\" \/>\n<meta property=\"article:published_time\" content=\"2023-10-03T20:50:57+00:00\" \/>\n<meta property=\"article:modified_time\" content=\"2023-10-03T20:50:58+00:00\" \/>\n<meta property=\"og:image\" content=\"https:\/\/lasentinelle.dz\/wp-content\/uploads\/2023\/10\/Faid-1.jpeg\" \/>\n\t<meta property=\"og:image:width\" content=\"2048\" \/>\n\t<meta property=\"og:image:height\" content=\"1367\" \/>\n\t<meta property=\"og:image:type\" content=\"image\/jpeg\" \/>\n<meta name=\"author\" content=\"La Sentinelle\" \/>\n<meta name=\"twitter:card\" content=\"summary_large_image\" \/>\n<meta name=\"twitter:label1\" content=\"\u00c9crit par\" \/>\n\t<meta name=\"twitter:data1\" content=\"La Sentinelle\" \/>\n\t<meta name=\"twitter:label2\" content=\"Dur\u00e9e de lecture estim\u00e9e\" \/>\n\t<meta name=\"twitter:data2\" content=\"3 minutes\" \/>\n<script type=\"application\/ld+json\" class=\"yoast-schema-graph\">{\"@context\":\"https:\\\/\\\/schema.org\",\"@graph\":[{\"@type\":\"Article\",\"@id\":\"https:\\\/\\\/lasentinelle.dz\\\/index.php\\\/2023\\\/10\\\/03\\\/des-mesures-pour-preserver-le-pouvoir-dachat\\\/#article\",\"isPartOf\":{\"@id\":\"https:\\\/\\\/lasentinelle.dz\\\/index.php\\\/2023\\\/10\\\/03\\\/des-mesures-pour-preserver-le-pouvoir-dachat\\\/\"},\"author\":{\"name\":\"La Sentinelle\",\"@id\":\"https:\\\/\\\/lasentinelle.dz\\\/#\\\/schema\\\/person\\\/d865044e22e70a75174ce8bcad3acfb3\"},\"headline\":\"Des mesures pour pr\u00e9server le pouvoir d\u2019achat\",\"datePublished\":\"2023-10-03T20:50:57+00:00\",\"dateModified\":\"2023-10-03T20:50:58+00:00\",\"mainEntityOfPage\":{\"@id\":\"https:\\\/\\\/lasentinelle.dz\\\/index.php\\\/2023\\\/10\\\/03\\\/des-mesures-pour-preserver-le-pouvoir-dachat\\\/\"},\"wordCount\":505,\"commentCount\":0,\"publisher\":{\"@id\":\"https:\\\/\\\/lasentinelle.dz\\\/#organization\"},\"image\":{\"@id\":\"https:\\\/\\\/lasentinelle.dz\\\/index.php\\\/2023\\\/10\\\/03\\\/des-mesures-pour-preserver-le-pouvoir-dachat\\\/#primaryimage\"},\"thumbnailUrl\":\"https:\\\/\\\/lasentinelle.dz\\\/wp-content\\\/uploads\\\/2023\\\/10\\\/Faid-1.jpeg\",\"articleSection\":[\"Actualit\u00e9\"],\"inLanguage\":\"fr-FR\",\"potentialAction\":[{\"@type\":\"CommentAction\",\"name\":\"Comment\",\"target\":[\"https:\\\/\\\/lasentinelle.dz\\\/index.php\\\/2023\\\/10\\\/03\\\/des-mesures-pour-preserver-le-pouvoir-dachat\\\/#respond\"]}]},{\"@type\":\"WebPage\",\"@id\":\"https:\\\/\\\/lasentinelle.dz\\\/index.php\\\/2023\\\/10\\\/03\\\/des-mesures-pour-preserver-le-pouvoir-dachat\\\/\",\"url\":\"https:\\\/\\\/lasentinelle.dz\\\/index.php\\\/2023\\\/10\\\/03\\\/des-mesures-pour-preserver-le-pouvoir-dachat\\\/\",\"name\":\"Des mesures pour pr\u00e9server le pouvoir d\u2019achat - La Sentinelle\",\"isPartOf\":{\"@id\":\"https:\\\/\\\/lasentinelle.dz\\\/#website\"},\"primaryImageOfPage\":{\"@id\":\"https:\\\/\\\/lasentinelle.dz\\\/index.php\\\/2023\\\/10\\\/03\\\/des-mesures-pour-preserver-le-pouvoir-dachat\\\/#primaryimage\"},\"image\":{\"@id\":\"https:\\\/\\\/lasentinelle.dz\\\/index.php\\\/2023\\\/10\\\/03\\\/des-mesures-pour-preserver-le-pouvoir-dachat\\\/#primaryimage\"},\"thumbnailUrl\":\"https:\\\/\\\/lasentinelle.dz\\\/wp-content\\\/uploads\\\/2023\\\/10\\\/Faid-1.jpeg\",\"datePublished\":\"2023-10-03T20:50:57+00:00\",\"dateModified\":\"2023-10-03T20:50:58+00:00\",\"breadcrumb\":{\"@id\":\"https:\\\/\\\/lasentinelle.dz\\\/index.php\\\/2023\\\/10\\\/03\\\/des-mesures-pour-preserver-le-pouvoir-dachat\\\/#breadcrumb\"},\"inLanguage\":\"fr-FR\",\"potentialAction\":[{\"@type\":\"ReadAction\",\"target\":[\"https:\\\/\\\/lasentinelle.dz\\\/index.php\\\/2023\\\/10\\\/03\\\/des-mesures-pour-preserver-le-pouvoir-dachat\\\/\"]}]},{\"@type\":\"ImageObject\",\"inLanguage\":\"fr-FR\",\"@id\":\"https:\\\/\\\/lasentinelle.dz\\\/index.php\\\/2023\\\/10\\\/03\\\/des-mesures-pour-preserver-le-pouvoir-dachat\\\/#primaryimage\",\"url\":\"https:\\\/\\\/lasentinelle.dz\\\/wp-content\\\/uploads\\\/2023\\\/10\\\/Faid-1.jpeg\",\"contentUrl\":\"https:\\\/\\\/lasentinelle.dz\\\/wp-content\\\/uploads\\\/2023\\\/10\\\/Faid-1.jpeg\",\"width\":2048,\"height\":1367},{\"@type\":\"BreadcrumbList\",\"@id\":\"https:\\\/\\\/lasentinelle.dz\\\/index.php\\\/2023\\\/10\\\/03\\\/des-mesures-pour-preserver-le-pouvoir-dachat\\\/#breadcrumb\",\"itemListElement\":[{\"@type\":\"ListItem\",\"position\":1,\"name\":\"Accueil\",\"item\":\"https:\\\/\\\/lasentinelle.dz\\\/\"},{\"@type\":\"ListItem\",\"position\":2,\"name\":\"Des mesures pour pr\u00e9server le pouvoir d\u2019achat\"}]},{\"@type\":\"WebSite\",\"@id\":\"https:\\\/\\\/lasentinelle.dz\\\/#website\",\"url\":\"https:\\\/\\\/lasentinelle.dz\\\/\",\"name\":\"La Sentinelle\",\"description\":\"Quotidien national d&#039;information\",\"publisher\":{\"@id\":\"https:\\\/\\\/lasentinelle.dz\\\/#organization\"},\"potentialAction\":[{\"@type\":\"SearchAction\",\"target\":{\"@type\":\"EntryPoint\",\"urlTemplate\":\"https:\\\/\\\/lasentinelle.dz\\\/?s={search_term_string}\"},\"query-input\":{\"@type\":\"PropertyValueSpecification\",\"valueRequired\":true,\"valueName\":\"search_term_string\"}}],\"inLanguage\":\"fr-FR\"},{\"@type\":\"Organization\",\"@id\":\"https:\\\/\\\/lasentinelle.dz\\\/#organization\",\"name\":\"Quotidien La Sentinelle\",\"url\":\"https:\\\/\\\/lasentinelle.dz\\\/\",\"logo\":{\"@type\":\"ImageObject\",\"inLanguage\":\"fr-FR\",\"@id\":\"https:\\\/\\\/lasentinelle.dz\\\/#\\\/schema\\\/logo\\\/image\\\/\",\"url\":\"https:\\\/\\\/lasentinelle.dz\\\/wp-content\\\/uploads\\\/2021\\\/09\\\/logo-sentinelleSLOGAN-1.png\",\"contentUrl\":\"https:\\\/\\\/lasentinelle.dz\\\/wp-content\\\/uploads\\\/2021\\\/09\\\/logo-sentinelleSLOGAN-1.png\",\"width\":615,\"height\":142,\"caption\":\"Quotidien La Sentinelle\"},\"image\":{\"@id\":\"https:\\\/\\\/lasentinelle.dz\\\/#\\\/schema\\\/logo\\\/image\\\/\"},\"sameAs\":[\"https:\\\/\\\/www.facebook.com\\\/La-Sentinelle-104059864394773\"]},{\"@type\":\"Person\",\"@id\":\"https:\\\/\\\/lasentinelle.dz\\\/#\\\/schema\\\/person\\\/d865044e22e70a75174ce8bcad3acfb3\",\"name\":\"La Sentinelle\",\"image\":{\"@type\":\"ImageObject\",\"inLanguage\":\"fr-FR\",\"@id\":\"https:\\\/\\\/secure.gravatar.com\\\/avatar\\\/57de8e5d4b15d43fb361a71fbb36338450fe67865b528a43dd10ef7c51a20392?s=96&d=mm&r=g\",\"url\":\"https:\\\/\\\/secure.gravatar.com\\\/avatar\\\/57de8e5d4b15d43fb361a71fbb36338450fe67865b528a43dd10ef7c51a20392?s=96&d=mm&r=g\",\"contentUrl\":\"https:\\\/\\\/secure.gravatar.com\\\/avatar\\\/57de8e5d4b15d43fb361a71fbb36338450fe67865b528a43dd10ef7c51a20392?s=96&d=mm&r=g\",\"caption\":\"La Sentinelle\"},\"sameAs\":[\"http:\\\/\\\/www.lasentinelle.dz\"],\"url\":\"https:\\\/\\\/lasentinelle.dz\\\/author\\\/redaction\\\/\"}]}<\/script>\n<!-- \/ Yoast SEO plugin. -->","yoast_head_json":{"title":"Des mesures pour pr\u00e9server le pouvoir d\u2019achat - La Sentinelle","robots":{"index":"index","follow":"follow","max-snippet":"max-snippet:-1","max-image-preview":"max-image-preview:large","max-video-preview":"max-video-preview:-1"},"canonical":"https:\/\/lasentinelle.dz\/index.php\/2023\/10\/03\/des-mesures-pour-preserver-le-pouvoir-dachat\/","og_locale":"fr_FR","og_type":"article","og_title":"Des mesures pour pr\u00e9server le pouvoir d\u2019achat - La Sentinelle","og_description":"&nbsp;Le ministre des Finances, Laaziz Faid, a pr\u00e9sent\u00e9, mardi \u00e0 l&rsquo;Assembl\u00e9e populaire nationale (APN), le projet de loi de finances","og_url":"https:\/\/lasentinelle.dz\/index.php\/2023\/10\/03\/des-mesures-pour-preserver-le-pouvoir-dachat\/","og_site_name":"La Sentinelle","article_publisher":"https:\/\/www.facebook.com\/La-Sentinelle-104059864394773","article_published_time":"2023-10-03T20:50:57+00:00","article_modified_time":"2023-10-03T20:50:58+00:00","og_image":[{"width":2048,"height":1367,"url":"https:\/\/lasentinelle.dz\/wp-content\/uploads\/2023\/10\/Faid-1.jpeg","type":"image\/jpeg"}],"author":"La Sentinelle","twitter_card":"summary_large_image","twitter_misc":{"\u00c9crit par":"La Sentinelle","Dur\u00e9e de lecture estim\u00e9e":"3 minutes"},"schema":{"@context":"https:\/\/schema.org","@graph":[{"@type":"Article","@id":"https:\/\/lasentinelle.dz\/index.php\/2023\/10\/03\/des-mesures-pour-preserver-le-pouvoir-dachat\/#article","isPartOf":{"@id":"https:\/\/lasentinelle.dz\/index.php\/2023\/10\/03\/des-mesures-pour-preserver-le-pouvoir-dachat\/"},"author":{"name":"La Sentinelle","@id":"https:\/\/lasentinelle.dz\/#\/schema\/person\/d865044e22e70a75174ce8bcad3acfb3"},"headline":"Des mesures pour pr\u00e9server le pouvoir d\u2019achat","datePublished":"2023-10-03T20:50:57+00:00","dateModified":"2023-10-03T20:50:58+00:00","mainEntityOfPage":{"@id":"https:\/\/lasentinelle.dz\/index.php\/2023\/10\/03\/des-mesures-pour-preserver-le-pouvoir-dachat\/"},"wordCount":505,"commentCount":0,"publisher":{"@id":"https:\/\/lasentinelle.dz\/#organization"},"image":{"@id":"https:\/\/lasentinelle.dz\/index.php\/2023\/10\/03\/des-mesures-pour-preserver-le-pouvoir-dachat\/#primaryimage"},"thumbnailUrl":"https:\/\/lasentinelle.dz\/wp-content\/uploads\/2023\/10\/Faid-1.jpeg","articleSection":["Actualit\u00e9"],"inLanguage":"fr-FR","potentialAction":[{"@type":"CommentAction","name":"Comment","target":["https:\/\/lasentinelle.dz\/index.php\/2023\/10\/03\/des-mesures-pour-preserver-le-pouvoir-dachat\/#respond"]}]},{"@type":"WebPage","@id":"https:\/\/lasentinelle.dz\/index.php\/2023\/10\/03\/des-mesures-pour-preserver-le-pouvoir-dachat\/","url":"https:\/\/lasentinelle.dz\/index.php\/2023\/10\/03\/des-mesures-pour-preserver-le-pouvoir-dachat\/","name":"Des mesures pour pr\u00e9server le pouvoir d\u2019achat - La Sentinelle","isPartOf":{"@id":"https:\/\/lasentinelle.dz\/#website"},"primaryImageOfPage":{"@id":"https:\/\/lasentinelle.dz\/index.php\/2023\/10\/03\/des-mesures-pour-preserver-le-pouvoir-dachat\/#primaryimage"},"image":{"@id":"https:\/\/lasentinelle.dz\/index.php\/2023\/10\/03\/des-mesures-pour-preserver-le-pouvoir-dachat\/#primaryimage"},"thumbnailUrl":"https:\/\/lasentinelle.dz\/wp-content\/uploads\/2023\/10\/Faid-1.jpeg","datePublished":"2023-10-03T20:50:57+00:00","dateModified":"2023-10-03T20:50:58+00:00","breadcrumb":{"@id":"https:\/\/lasentinelle.dz\/index.php\/2023\/10\/03\/des-mesures-pour-preserver-le-pouvoir-dachat\/#breadcrumb"},"inLanguage":"fr-FR","potentialAction":[{"@type":"ReadAction","target":["https:\/\/lasentinelle.dz\/index.php\/2023\/10\/03\/des-mesures-pour-preserver-le-pouvoir-dachat\/"]}]},{"@type":"ImageObject","inLanguage":"fr-FR","@id":"https:\/\/lasentinelle.dz\/index.php\/2023\/10\/03\/des-mesures-pour-preserver-le-pouvoir-dachat\/#primaryimage","url":"https:\/\/lasentinelle.dz\/wp-content\/uploads\/2023\/10\/Faid-1.jpeg","contentUrl":"https:\/\/lasentinelle.dz\/wp-content\/uploads\/2023\/10\/Faid-1.jpeg","width":2048,"height":1367},{"@type":"BreadcrumbList","@id":"https:\/\/lasentinelle.dz\/index.php\/2023\/10\/03\/des-mesures-pour-preserver-le-pouvoir-dachat\/#breadcrumb","itemListElement":[{"@type":"ListItem","position":1,"name":"Accueil","item":"https:\/\/lasentinelle.dz\/"},{"@type":"ListItem","position":2,"name":"Des mesures pour pr\u00e9server le pouvoir d\u2019achat"}]},{"@type":"WebSite","@id":"https:\/\/lasentinelle.dz\/#website","url":"https:\/\/lasentinelle.dz\/","name":"La Sentinelle","description":"Quotidien national d&#039;information","publisher":{"@id":"https:\/\/lasentinelle.dz\/#organization"},"potentialAction":[{"@type":"SearchAction","target":{"@type":"EntryPoint","urlTemplate":"https:\/\/lasentinelle.dz\/?s={search_term_string}"},"query-input":{"@type":"PropertyValueSpecification","valueRequired":true,"valueName":"search_term_string"}}],"inLanguage":"fr-FR"},{"@type":"Organization","@id":"https:\/\/lasentinelle.dz\/#organization","name":"Quotidien La Sentinelle","url":"https:\/\/lasentinelle.dz\/","logo":{"@type":"ImageObject","inLanguage":"fr-FR","@id":"https:\/\/lasentinelle.dz\/#\/schema\/logo\/image\/","url":"https:\/\/lasentinelle.dz\/wp-content\/uploads\/2021\/09\/logo-sentinelleSLOGAN-1.png","contentUrl":"https:\/\/lasentinelle.dz\/wp-content\/uploads\/2021\/09\/logo-sentinelleSLOGAN-1.png","width":615,"height":142,"caption":"Quotidien La Sentinelle"},"image":{"@id":"https:\/\/lasentinelle.dz\/#\/schema\/logo\/image\/"},"sameAs":["https:\/\/www.facebook.com\/La-Sentinelle-104059864394773"]},{"@type":"Person","@id":"https:\/\/lasentinelle.dz\/#\/schema\/person\/d865044e22e70a75174ce8bcad3acfb3","name":"La Sentinelle","image":{"@type":"ImageObject","inLanguage":"fr-FR","@id":"https:\/\/secure.gravatar.com\/avatar\/57de8e5d4b15d43fb361a71fbb36338450fe67865b528a43dd10ef7c51a20392?s=96&d=mm&r=g","url":"https:\/\/secure.gravatar.com\/avatar\/57de8e5d4b15d43fb361a71fbb36338450fe67865b528a43dd10ef7c51a20392?s=96&d=mm&r=g","contentUrl":"https:\/\/secure.gravatar.com\/avatar\/57de8e5d4b15d43fb361a71fbb36338450fe67865b528a43dd10ef7c51a20392?s=96&d=mm&r=g","caption":"La Sentinelle"},"sameAs":["http:\/\/www.lasentinelle.dz"],"url":"https:\/\/lasentinelle.dz\/author\/redaction\/"}]}},"_links":{"self":[{"href":"https:\/\/lasentinelle.dz\/index.php\/wp-json\/wp\/v2\/posts\/46039","targetHints":{"allow":["GET"]}}],"collection":[{"href":"https:\/\/lasentinelle.dz\/index.php\/wp-json\/wp\/v2\/posts"}],"about":[{"href":"https:\/\/lasentinelle.dz\/index.php\/wp-json\/wp\/v2\/types\/post"}],"author":[{"embeddable":true,"href":"https:\/\/lasentinelle.dz\/index.php\/wp-json\/wp\/v2\/users\/3"}],"replies":[{"embeddable":true,"href":"https:\/\/lasentinelle.dz\/index.php\/wp-json\/wp\/v2\/comments?post=46039"}],"version-history":[{"count":1,"href":"https:\/\/lasentinelle.dz\/index.php\/wp-json\/wp\/v2\/posts\/46039\/revisions"}],"predecessor-version":[{"id":46041,"href":"https:\/\/lasentinelle.dz\/index.php\/wp-json\/wp\/v2\/posts\/46039\/revisions\/46041"}],"wp:featuredmedia":[{"embeddable":true,"href":"https:\/\/lasentinelle.dz\/index.php\/wp-json\/wp\/v2\/media\/46040"}],"wp:attachment":[{"href":"https:\/\/lasentinelle.dz\/index.php\/wp-json\/wp\/v2\/media?parent=46039"}],"wp:term":[{"taxonomy":"category","embeddable":true,"href":"https:\/\/lasentinelle.dz\/index.php\/wp-json\/wp\/v2\/categories?post=46039"},{"taxonomy":"post_tag","embeddable":true,"href":"https:\/\/lasentinelle.dz\/index.php\/wp-json\/wp\/v2\/tags?post=46039"}],"curies":[{"name":"wp","href":"https:\/\/api.w.org\/{rel}","templated":true}]}}