{"id":46049,"date":"2023-10-04T21:44:21","date_gmt":"2023-10-04T20:44:21","guid":{"rendered":"https:\/\/lasentinelle.dz\/?p=46049"},"modified":"2023-10-04T21:44:23","modified_gmt":"2023-10-04T20:44:23","slug":"lallemagne-appelee-a-reconnaitre-letat-de-palestine","status":"publish","type":"post","link":"https:\/\/lasentinelle.dz\/index.php\/2023\/10\/04\/lallemagne-appelee-a-reconnaitre-letat-de-palestine\/","title":{"rendered":"L\u2019Allemagne appel\u00e9e \u00e0 reconna\u00eetre l\u2019Etat de Palestine"},"content":{"rendered":"\n<p>Le Premier ministre palestinien, Mohammad Shtayyeh,a appel\u00e9, mardi dernier, l\u2019Allemagne \u00e0 reconna\u00eetre l\u2019\u00c9tat ind\u00e9pendant de Palestine avec Al Qods-Est pour capitale. \u00abQuiconque croit en la solution \u00e0 deux \u00c9tats doit reconna\u00eetre l\u2019\u00c9tat de Palestine\u00bb, a-t-il dit dans un discours prononc\u00e9 lors de la c\u00e9l\u00e9bration de la Journ\u00e9e de l\u2019unit\u00e9 allemande, dans la ville de Ramallah, en pr\u00e9sence du repr\u00e9sentant de l\u2019Allemagne en Palestine, Oliver Ovcha, et de plusieurs personnalit\u00e9s officielles, ambassadeurs, consuls et repr\u00e9sentants des pays accr\u00e9dit\u00e9s en Palestine. Shtayyeh a, \u00e0 l\u2019occasion, interpell\u00e9 l\u2019Allemagne et tous les pays amis \u00e0 faire pression sur l\u2019entit\u00e9 sioniste pour qu\u2019elle autorise l\u2019organisation des \u00e9lections dans tous les territoires palestiniens. Selon lui, il n\u2019est pas raisonnable que l\u2019entit\u00e9 sioniste ait organis\u00e9 cinq \u00e9lections au cours des quatre derni\u00e8res ann\u00e9es et a priv\u00e9 les Palestiniens de ce droit. \u00abNous n\u2019oublions pas la volont\u00e9 et le courage du peuple allemand de d\u00e9truire et d\u2019\u00e9liminer le mur et les barri\u00e8res \u00e0 Berlin. La volont\u00e9 politique du peuple est invincible. Il a mis fin \u00e0 la division de l\u2019Allemagne et l\u2019a plac\u00e9e sur le chemin de la r\u00e9ussite\u00bb, a-t-il rappel\u00e9 affirmant que \u00able si\u00e8ge de la pr\u00e9sidence, du gouvernement et de ses institutions sont temporairement install\u00e9s dans la ville de Ramallah. \u00abNous sommes en route vers notre capitale, Al Qods, et le mur autour d\u2019Al Qods est temporaire. Avec la volont\u00e9 de notre peuple, ce mur dispara\u00eetra comme ce fut le cas pour le mur de Berlin\u00bb, a-t-il dit au sujet des barri\u00e8res qui ont \u00e9t\u00e9 plac\u00e9es en Cisjordanie pour la s\u00e9parer de la bande de Ghaza, d\u00e9j\u00e0 sous blocus draconien depuis 2007.<\/p>\n\n\n\n<p>Notons sur un autre volet que le pr\u00e9sident am\u00e9ricain Joe Biden a utilis\u00e9 les pouvoirs ex\u00e9cutifs que lui conf\u00e8re la Constitution am\u00e9ricaine pour lever la r\u00e9serve de 75 millions de dollars r\u00e9serv\u00e9e par un membre du Congr\u00e8s am\u00e9ricain comme aide au financement de l&rsquo;Office de secours et de travaux des Nations Unies pour les r\u00e9fugi\u00e9s palestiniens, annonce l&rsquo;agence palestinienne WAFA. Le secr\u00e9taire d&rsquo;\u00c9tat am\u00e9ricain Anthony Blinken a annonc\u00e9 qu&rsquo;il fournirait \u00e0 l&rsquo;Office de secours et de travaux des Nations Unies pour les r\u00e9fugi\u00e9s de Palestine (UNRWA) les 75 millions de dollars que le Congr\u00e8s avait allou\u00e9s pour aider les r\u00e9fugi\u00e9s palestiniens en Cisjordanie et dans la bande de Gaza. La d\u00e9cision du D\u00e9partement d&rsquo;\u00c9tat am\u00e9ricain est le r\u00e9sultat d&rsquo;une intense campagne qui a dur\u00e9 trois ans aux \u00c9tats-Unis pour exiger que les membres du Congr\u00e8s d\u00e9bloquent les allocations que l&rsquo;administration am\u00e9ricaine s&rsquo;\u00e9tait engag\u00e9es \u00e0 l&rsquo;Office de secours et de travaux des Nations Unies pour les r\u00e9fugi\u00e9s de Palestine. Andr\u00e9 Carson, membre du Congr\u00e8s du Wisconsin, a men\u00e9 une campagne visant \u00e0 recueillir les signatures des membres du Congr\u00e8s sur une lettre adress\u00e9e aux membres du Congr\u00e8s Jim Risch, de l&rsquo;Idaho, et \u00e0 Chip Roy, du Texas, leur demandant de lever l&rsquo;interdiction qu&rsquo;ils ont mise en place pour emp\u00eacher la livraison de 75 millions de dollars, qui font partie des dons allou\u00e9s par l&rsquo;administration am\u00e9ricaine pour financer les programmes de l&rsquo;Office de secours et de travaux des Nations Unies pour les r\u00e9fugi\u00e9s de Palestine.<\/p>\n\n\n\n<p>R.I.<\/p>\n","protected":false},"excerpt":{"rendered":"<p>Le Premier ministre palestinien, Mohammad Shtayyeh,a appel\u00e9, mardi dernier, l\u2019Allemagne \u00e0 reconna\u00eetre l\u2019\u00c9tat ind\u00e9pendant de Palestine avec Al Qods-Est pour<\/p>\n","protected":false},"author":3,"featured_media":31636,"comment_status":"open","ping_status":"closed","sticky":false,"template":"","format":"standard","meta":{"colormag_page_container_layout":"default_layout","colormag_page_sidebar_layout":"default_layout","om_disable_all_campaigns":false,"_monsterinsights_skip_tracking":false,"_monsterinsights_sitenote_active":false,"_monsterinsights_sitenote_note":"","_monsterinsights_sitenote_category":0,"footnotes":"","_wpscppro_dont_share_socialmedia":false,"_wpscppro_custom_social_share_image":0,"_facebook_share_type":"","_twitter_share_type":"","_linkedin_share_type":"","_pinterest_share_type":"","_linkedin_share_type_page":"","_instagram_share_type":"","_medium_share_type":"","_threads_share_type":"","_google_business_share_type":"","_selected_social_profile":[],"_wpsp_enable_custom_social_template":false,"_wpsp_social_scheduling":{"enabled":false,"datetime":null,"platforms":[],"status":"template_only","dateOption":"today","timeOption":"now","customDays":"","customHours":"","customDate":"","customTime":"","schedulingType":"absolute"},"_wpsp_active_default_template":true},"categories":[37],"tags":[],"class_list":["post-46049","post","type-post","status-publish","format-standard","has-post-thumbnail","hentry","category-monde"],"aioseo_notices":[],"yoast_head":"<!-- This site is optimized with the Yoast SEO plugin v27.5 - https:\/\/yoast.com\/product\/yoast-seo-wordpress\/ -->\n<title>L\u2019Allemagne appel\u00e9e \u00e0 reconna\u00eetre l\u2019Etat de Palestine - La Sentinelle<\/title>\n<meta name=\"robots\" content=\"index, follow, max-snippet:-1, max-image-preview:large, max-video-preview:-1\" \/>\n<link rel=\"canonical\" href=\"https:\/\/lasentinelle.dz\/index.php\/2023\/10\/04\/lallemagne-appelee-a-reconnaitre-letat-de-palestine\/\" \/>\n<meta property=\"og:locale\" content=\"fr_FR\" \/>\n<meta property=\"og:type\" content=\"article\" \/>\n<meta property=\"og:title\" content=\"L\u2019Allemagne appel\u00e9e \u00e0 reconna\u00eetre l\u2019Etat de Palestine - La Sentinelle\" \/>\n<meta property=\"og:description\" content=\"Le Premier ministre palestinien, Mohammad Shtayyeh,a appel\u00e9, mardi dernier, l\u2019Allemagne \u00e0 reconna\u00eetre l\u2019\u00c9tat ind\u00e9pendant de Palestine avec Al Qods-Est pour\" \/>\n<meta property=\"og:url\" content=\"https:\/\/lasentinelle.dz\/index.php\/2023\/10\/04\/lallemagne-appelee-a-reconnaitre-letat-de-palestine\/\" \/>\n<meta property=\"og:site_name\" content=\"La Sentinelle\" \/>\n<meta property=\"article:publisher\" content=\"https:\/\/www.facebook.com\/La-Sentinelle-104059864394773\" \/>\n<meta property=\"article:published_time\" content=\"2023-10-04T20:44:21+00:00\" \/>\n<meta property=\"article:modified_time\" content=\"2023-10-04T20:44:23+00:00\" \/>\n<meta property=\"og:image\" content=\"https:\/\/lasentinelle.dz\/wp-content\/uploads\/2022\/11\/Shtayyeh.png\" \/>\n\t<meta property=\"og:image:width\" content=\"1200\" \/>\n\t<meta property=\"og:image:height\" content=\"900\" \/>\n\t<meta property=\"og:image:type\" content=\"image\/png\" \/>\n<meta name=\"author\" content=\"La Sentinelle\" \/>\n<meta name=\"twitter:card\" content=\"summary_large_image\" \/>\n<meta name=\"twitter:label1\" content=\"\u00c9crit par\" \/>\n\t<meta name=\"twitter:data1\" content=\"La Sentinelle\" \/>\n\t<meta name=\"twitter:label2\" content=\"Dur\u00e9e de lecture estim\u00e9e\" \/>\n\t<meta name=\"twitter:data2\" content=\"3 minutes\" \/>\n<script type=\"application\/ld+json\" class=\"yoast-schema-graph\">{\"@context\":\"https:\\\/\\\/schema.org\",\"@graph\":[{\"@type\":\"Article\",\"@id\":\"https:\\\/\\\/lasentinelle.dz\\\/index.php\\\/2023\\\/10\\\/04\\\/lallemagne-appelee-a-reconnaitre-letat-de-palestine\\\/#article\",\"isPartOf\":{\"@id\":\"https:\\\/\\\/lasentinelle.dz\\\/index.php\\\/2023\\\/10\\\/04\\\/lallemagne-appelee-a-reconnaitre-letat-de-palestine\\\/\"},\"author\":{\"name\":\"La Sentinelle\",\"@id\":\"https:\\\/\\\/lasentinelle.dz\\\/#\\\/schema\\\/person\\\/d865044e22e70a75174ce8bcad3acfb3\"},\"headline\":\"L\u2019Allemagne appel\u00e9e \u00e0 reconna\u00eetre l\u2019Etat de Palestine\",\"datePublished\":\"2023-10-04T20:44:21+00:00\",\"dateModified\":\"2023-10-04T20:44:23+00:00\",\"mainEntityOfPage\":{\"@id\":\"https:\\\/\\\/lasentinelle.dz\\\/index.php\\\/2023\\\/10\\\/04\\\/lallemagne-appelee-a-reconnaitre-letat-de-palestine\\\/\"},\"wordCount\":605,\"commentCount\":0,\"publisher\":{\"@id\":\"https:\\\/\\\/lasentinelle.dz\\\/#organization\"},\"image\":{\"@id\":\"https:\\\/\\\/lasentinelle.dz\\\/index.php\\\/2023\\\/10\\\/04\\\/lallemagne-appelee-a-reconnaitre-letat-de-palestine\\\/#primaryimage\"},\"thumbnailUrl\":\"https:\\\/\\\/lasentinelle.dz\\\/wp-content\\\/uploads\\\/2022\\\/11\\\/Shtayyeh.png\",\"articleSection\":[\"Monde\"],\"inLanguage\":\"fr-FR\",\"potentialAction\":[{\"@type\":\"CommentAction\",\"name\":\"Comment\",\"target\":[\"https:\\\/\\\/lasentinelle.dz\\\/index.php\\\/2023\\\/10\\\/04\\\/lallemagne-appelee-a-reconnaitre-letat-de-palestine\\\/#respond\"]}]},{\"@type\":\"WebPage\",\"@id\":\"https:\\\/\\\/lasentinelle.dz\\\/index.php\\\/2023\\\/10\\\/04\\\/lallemagne-appelee-a-reconnaitre-letat-de-palestine\\\/\",\"url\":\"https:\\\/\\\/lasentinelle.dz\\\/index.php\\\/2023\\\/10\\\/04\\\/lallemagne-appelee-a-reconnaitre-letat-de-palestine\\\/\",\"name\":\"L\u2019Allemagne appel\u00e9e \u00e0 reconna\u00eetre l\u2019Etat de Palestine - La Sentinelle\",\"isPartOf\":{\"@id\":\"https:\\\/\\\/lasentinelle.dz\\\/#website\"},\"primaryImageOfPage\":{\"@id\":\"https:\\\/\\\/lasentinelle.dz\\\/index.php\\\/2023\\\/10\\\/04\\\/lallemagne-appelee-a-reconnaitre-letat-de-palestine\\\/#primaryimage\"},\"image\":{\"@id\":\"https:\\\/\\\/lasentinelle.dz\\\/index.php\\\/2023\\\/10\\\/04\\\/lallemagne-appelee-a-reconnaitre-letat-de-palestine\\\/#primaryimage\"},\"thumbnailUrl\":\"https:\\\/\\\/lasentinelle.dz\\\/wp-content\\\/uploads\\\/2022\\\/11\\\/Shtayyeh.png\",\"datePublished\":\"2023-10-04T20:44:21+00:00\",\"dateModified\":\"2023-10-04T20:44:23+00:00\",\"breadcrumb\":{\"@id\":\"https:\\\/\\\/lasentinelle.dz\\\/index.php\\\/2023\\\/10\\\/04\\\/lallemagne-appelee-a-reconnaitre-letat-de-palestine\\\/#breadcrumb\"},\"inLanguage\":\"fr-FR\",\"potentialAction\":[{\"@type\":\"ReadAction\",\"target\":[\"https:\\\/\\\/lasentinelle.dz\\\/index.php\\\/2023\\\/10\\\/04\\\/lallemagne-appelee-a-reconnaitre-letat-de-palestine\\\/\"]}]},{\"@type\":\"ImageObject\",\"inLanguage\":\"fr-FR\",\"@id\":\"https:\\\/\\\/lasentinelle.dz\\\/index.php\\\/2023\\\/10\\\/04\\\/lallemagne-appelee-a-reconnaitre-letat-de-palestine\\\/#primaryimage\",\"url\":\"https:\\\/\\\/lasentinelle.dz\\\/wp-content\\\/uploads\\\/2022\\\/11\\\/Shtayyeh.png\",\"contentUrl\":\"https:\\\/\\\/lasentinelle.dz\\\/wp-content\\\/uploads\\\/2022\\\/11\\\/Shtayyeh.png\",\"width\":1200,\"height\":900},{\"@type\":\"BreadcrumbList\",\"@id\":\"https:\\\/\\\/lasentinelle.dz\\\/index.php\\\/2023\\\/10\\\/04\\\/lallemagne-appelee-a-reconnaitre-letat-de-palestine\\\/#breadcrumb\",\"itemListElement\":[{\"@type\":\"ListItem\",\"position\":1,\"name\":\"Accueil\",\"item\":\"https:\\\/\\\/lasentinelle.dz\\\/\"},{\"@type\":\"ListItem\",\"position\":2,\"name\":\"L\u2019Allemagne appel\u00e9e \u00e0 reconna\u00eetre l\u2019Etat de Palestine\"}]},{\"@type\":\"WebSite\",\"@id\":\"https:\\\/\\\/lasentinelle.dz\\\/#website\",\"url\":\"https:\\\/\\\/lasentinelle.dz\\\/\",\"name\":\"La Sentinelle\",\"description\":\"Quotidien national d&#039;information\",\"publisher\":{\"@id\":\"https:\\\/\\\/lasentinelle.dz\\\/#organization\"},\"potentialAction\":[{\"@type\":\"SearchAction\",\"target\":{\"@type\":\"EntryPoint\",\"urlTemplate\":\"https:\\\/\\\/lasentinelle.dz\\\/?s={search_term_string}\"},\"query-input\":{\"@type\":\"PropertyValueSpecification\",\"valueRequired\":true,\"valueName\":\"search_term_string\"}}],\"inLanguage\":\"fr-FR\"},{\"@type\":\"Organization\",\"@id\":\"https:\\\/\\\/lasentinelle.dz\\\/#organization\",\"name\":\"Quotidien La Sentinelle\",\"url\":\"https:\\\/\\\/lasentinelle.dz\\\/\",\"logo\":{\"@type\":\"ImageObject\",\"inLanguage\":\"fr-FR\",\"@id\":\"https:\\\/\\\/lasentinelle.dz\\\/#\\\/schema\\\/logo\\\/image\\\/\",\"url\":\"https:\\\/\\\/lasentinelle.dz\\\/wp-content\\\/uploads\\\/2021\\\/09\\\/logo-sentinelleSLOGAN-1.png\",\"contentUrl\":\"https:\\\/\\\/lasentinelle.dz\\\/wp-content\\\/uploads\\\/2021\\\/09\\\/logo-sentinelleSLOGAN-1.png\",\"width\":615,\"height\":142,\"caption\":\"Quotidien La Sentinelle\"},\"image\":{\"@id\":\"https:\\\/\\\/lasentinelle.dz\\\/#\\\/schema\\\/logo\\\/image\\\/\"},\"sameAs\":[\"https:\\\/\\\/www.facebook.com\\\/La-Sentinelle-104059864394773\"]},{\"@type\":\"Person\",\"@id\":\"https:\\\/\\\/lasentinelle.dz\\\/#\\\/schema\\\/person\\\/d865044e22e70a75174ce8bcad3acfb3\",\"name\":\"La Sentinelle\",\"image\":{\"@type\":\"ImageObject\",\"inLanguage\":\"fr-FR\",\"@id\":\"https:\\\/\\\/secure.gravatar.com\\\/avatar\\\/57de8e5d4b15d43fb361a71fbb36338450fe67865b528a43dd10ef7c51a20392?s=96&d=mm&r=g\",\"url\":\"https:\\\/\\\/secure.gravatar.com\\\/avatar\\\/57de8e5d4b15d43fb361a71fbb36338450fe67865b528a43dd10ef7c51a20392?s=96&d=mm&r=g\",\"contentUrl\":\"https:\\\/\\\/secure.gravatar.com\\\/avatar\\\/57de8e5d4b15d43fb361a71fbb36338450fe67865b528a43dd10ef7c51a20392?s=96&d=mm&r=g\",\"caption\":\"La Sentinelle\"},\"sameAs\":[\"http:\\\/\\\/www.lasentinelle.dz\"],\"url\":\"https:\\\/\\\/lasentinelle.dz\\\/author\\\/redaction\\\/\"}]}<\/script>\n<!-- \/ Yoast SEO plugin. -->","yoast_head_json":{"title":"L\u2019Allemagne appel\u00e9e \u00e0 reconna\u00eetre l\u2019Etat de Palestine - La Sentinelle","robots":{"index":"index","follow":"follow","max-snippet":"max-snippet:-1","max-image-preview":"max-image-preview:large","max-video-preview":"max-video-preview:-1"},"canonical":"https:\/\/lasentinelle.dz\/index.php\/2023\/10\/04\/lallemagne-appelee-a-reconnaitre-letat-de-palestine\/","og_locale":"fr_FR","og_type":"article","og_title":"L\u2019Allemagne appel\u00e9e \u00e0 reconna\u00eetre l\u2019Etat de Palestine - La Sentinelle","og_description":"Le Premier ministre palestinien, Mohammad Shtayyeh,a appel\u00e9, mardi dernier, l\u2019Allemagne \u00e0 reconna\u00eetre l\u2019\u00c9tat ind\u00e9pendant de Palestine avec Al Qods-Est pour","og_url":"https:\/\/lasentinelle.dz\/index.php\/2023\/10\/04\/lallemagne-appelee-a-reconnaitre-letat-de-palestine\/","og_site_name":"La Sentinelle","article_publisher":"https:\/\/www.facebook.com\/La-Sentinelle-104059864394773","article_published_time":"2023-10-04T20:44:21+00:00","article_modified_time":"2023-10-04T20:44:23+00:00","og_image":[{"width":1200,"height":900,"url":"https:\/\/lasentinelle.dz\/wp-content\/uploads\/2022\/11\/Shtayyeh.png","type":"image\/png"}],"author":"La Sentinelle","twitter_card":"summary_large_image","twitter_misc":{"\u00c9crit par":"La Sentinelle","Dur\u00e9e de lecture estim\u00e9e":"3 minutes"},"schema":{"@context":"https:\/\/schema.org","@graph":[{"@type":"Article","@id":"https:\/\/lasentinelle.dz\/index.php\/2023\/10\/04\/lallemagne-appelee-a-reconnaitre-letat-de-palestine\/#article","isPartOf":{"@id":"https:\/\/lasentinelle.dz\/index.php\/2023\/10\/04\/lallemagne-appelee-a-reconnaitre-letat-de-palestine\/"},"author":{"name":"La Sentinelle","@id":"https:\/\/lasentinelle.dz\/#\/schema\/person\/d865044e22e70a75174ce8bcad3acfb3"},"headline":"L\u2019Allemagne appel\u00e9e \u00e0 reconna\u00eetre l\u2019Etat de Palestine","datePublished":"2023-10-04T20:44:21+00:00","dateModified":"2023-10-04T20:44:23+00:00","mainEntityOfPage":{"@id":"https:\/\/lasentinelle.dz\/index.php\/2023\/10\/04\/lallemagne-appelee-a-reconnaitre-letat-de-palestine\/"},"wordCount":605,"commentCount":0,"publisher":{"@id":"https:\/\/lasentinelle.dz\/#organization"},"image":{"@id":"https:\/\/lasentinelle.dz\/index.php\/2023\/10\/04\/lallemagne-appelee-a-reconnaitre-letat-de-palestine\/#primaryimage"},"thumbnailUrl":"https:\/\/lasentinelle.dz\/wp-content\/uploads\/2022\/11\/Shtayyeh.png","articleSection":["Monde"],"inLanguage":"fr-FR","potentialAction":[{"@type":"CommentAction","name":"Comment","target":["https:\/\/lasentinelle.dz\/index.php\/2023\/10\/04\/lallemagne-appelee-a-reconnaitre-letat-de-palestine\/#respond"]}]},{"@type":"WebPage","@id":"https:\/\/lasentinelle.dz\/index.php\/2023\/10\/04\/lallemagne-appelee-a-reconnaitre-letat-de-palestine\/","url":"https:\/\/lasentinelle.dz\/index.php\/2023\/10\/04\/lallemagne-appelee-a-reconnaitre-letat-de-palestine\/","name":"L\u2019Allemagne appel\u00e9e \u00e0 reconna\u00eetre l\u2019Etat de Palestine - La Sentinelle","isPartOf":{"@id":"https:\/\/lasentinelle.dz\/#website"},"primaryImageOfPage":{"@id":"https:\/\/lasentinelle.dz\/index.php\/2023\/10\/04\/lallemagne-appelee-a-reconnaitre-letat-de-palestine\/#primaryimage"},"image":{"@id":"https:\/\/lasentinelle.dz\/index.php\/2023\/10\/04\/lallemagne-appelee-a-reconnaitre-letat-de-palestine\/#primaryimage"},"thumbnailUrl":"https:\/\/lasentinelle.dz\/wp-content\/uploads\/2022\/11\/Shtayyeh.png","datePublished":"2023-10-04T20:44:21+00:00","dateModified":"2023-10-04T20:44:23+00:00","breadcrumb":{"@id":"https:\/\/lasentinelle.dz\/index.php\/2023\/10\/04\/lallemagne-appelee-a-reconnaitre-letat-de-palestine\/#breadcrumb"},"inLanguage":"fr-FR","potentialAction":[{"@type":"ReadAction","target":["https:\/\/lasentinelle.dz\/index.php\/2023\/10\/04\/lallemagne-appelee-a-reconnaitre-letat-de-palestine\/"]}]},{"@type":"ImageObject","inLanguage":"fr-FR","@id":"https:\/\/lasentinelle.dz\/index.php\/2023\/10\/04\/lallemagne-appelee-a-reconnaitre-letat-de-palestine\/#primaryimage","url":"https:\/\/lasentinelle.dz\/wp-content\/uploads\/2022\/11\/Shtayyeh.png","contentUrl":"https:\/\/lasentinelle.dz\/wp-content\/uploads\/2022\/11\/Shtayyeh.png","width":1200,"height":900},{"@type":"BreadcrumbList","@id":"https:\/\/lasentinelle.dz\/index.php\/2023\/10\/04\/lallemagne-appelee-a-reconnaitre-letat-de-palestine\/#breadcrumb","itemListElement":[{"@type":"ListItem","position":1,"name":"Accueil","item":"https:\/\/lasentinelle.dz\/"},{"@type":"ListItem","position":2,"name":"L\u2019Allemagne appel\u00e9e \u00e0 reconna\u00eetre l\u2019Etat de Palestine"}]},{"@type":"WebSite","@id":"https:\/\/lasentinelle.dz\/#website","url":"https:\/\/lasentinelle.dz\/","name":"La Sentinelle","description":"Quotidien national d&#039;information","publisher":{"@id":"https:\/\/lasentinelle.dz\/#organization"},"potentialAction":[{"@type":"SearchAction","target":{"@type":"EntryPoint","urlTemplate":"https:\/\/lasentinelle.dz\/?s={search_term_string}"},"query-input":{"@type":"PropertyValueSpecification","valueRequired":true,"valueName":"search_term_string"}}],"inLanguage":"fr-FR"},{"@type":"Organization","@id":"https:\/\/lasentinelle.dz\/#organization","name":"Quotidien La Sentinelle","url":"https:\/\/lasentinelle.dz\/","logo":{"@type":"ImageObject","inLanguage":"fr-FR","@id":"https:\/\/lasentinelle.dz\/#\/schema\/logo\/image\/","url":"https:\/\/lasentinelle.dz\/wp-content\/uploads\/2021\/09\/logo-sentinelleSLOGAN-1.png","contentUrl":"https:\/\/lasentinelle.dz\/wp-content\/uploads\/2021\/09\/logo-sentinelleSLOGAN-1.png","width":615,"height":142,"caption":"Quotidien La Sentinelle"},"image":{"@id":"https:\/\/lasentinelle.dz\/#\/schema\/logo\/image\/"},"sameAs":["https:\/\/www.facebook.com\/La-Sentinelle-104059864394773"]},{"@type":"Person","@id":"https:\/\/lasentinelle.dz\/#\/schema\/person\/d865044e22e70a75174ce8bcad3acfb3","name":"La Sentinelle","image":{"@type":"ImageObject","inLanguage":"fr-FR","@id":"https:\/\/secure.gravatar.com\/avatar\/57de8e5d4b15d43fb361a71fbb36338450fe67865b528a43dd10ef7c51a20392?s=96&d=mm&r=g","url":"https:\/\/secure.gravatar.com\/avatar\/57de8e5d4b15d43fb361a71fbb36338450fe67865b528a43dd10ef7c51a20392?s=96&d=mm&r=g","contentUrl":"https:\/\/secure.gravatar.com\/avatar\/57de8e5d4b15d43fb361a71fbb36338450fe67865b528a43dd10ef7c51a20392?s=96&d=mm&r=g","caption":"La Sentinelle"},"sameAs":["http:\/\/www.lasentinelle.dz"],"url":"https:\/\/lasentinelle.dz\/author\/redaction\/"}]}},"_links":{"self":[{"href":"https:\/\/lasentinelle.dz\/index.php\/wp-json\/wp\/v2\/posts\/46049","targetHints":{"allow":["GET"]}}],"collection":[{"href":"https:\/\/lasentinelle.dz\/index.php\/wp-json\/wp\/v2\/posts"}],"about":[{"href":"https:\/\/lasentinelle.dz\/index.php\/wp-json\/wp\/v2\/types\/post"}],"author":[{"embeddable":true,"href":"https:\/\/lasentinelle.dz\/index.php\/wp-json\/wp\/v2\/users\/3"}],"replies":[{"embeddable":true,"href":"https:\/\/lasentinelle.dz\/index.php\/wp-json\/wp\/v2\/comments?post=46049"}],"version-history":[{"count":1,"href":"https:\/\/lasentinelle.dz\/index.php\/wp-json\/wp\/v2\/posts\/46049\/revisions"}],"predecessor-version":[{"id":46050,"href":"https:\/\/lasentinelle.dz\/index.php\/wp-json\/wp\/v2\/posts\/46049\/revisions\/46050"}],"wp:featuredmedia":[{"embeddable":true,"href":"https:\/\/lasentinelle.dz\/index.php\/wp-json\/wp\/v2\/media\/31636"}],"wp:attachment":[{"href":"https:\/\/lasentinelle.dz\/index.php\/wp-json\/wp\/v2\/media?parent=46049"}],"wp:term":[{"taxonomy":"category","embeddable":true,"href":"https:\/\/lasentinelle.dz\/index.php\/wp-json\/wp\/v2\/categories?post=46049"},{"taxonomy":"post_tag","embeddable":true,"href":"https:\/\/lasentinelle.dz\/index.php\/wp-json\/wp\/v2\/tags?post=46049"}],"curies":[{"name":"wp","href":"https:\/\/api.w.org\/{rel}","templated":true}]}}