{"id":46072,"date":"2023-10-04T22:01:41","date_gmt":"2023-10-04T21:01:41","guid":{"rendered":"https:\/\/lasentinelle.dz\/?p=46072"},"modified":"2023-10-04T22:01:44","modified_gmt":"2023-10-04T21:01:44","slug":"anp-16-elements-de-soutien-aux-groupes-terroristes-arretes","status":"publish","type":"post","link":"https:\/\/lasentinelle.dz\/index.php\/2023\/10\/04\/anp-16-elements-de-soutien-aux-groupes-terroristes-arretes\/","title":{"rendered":"ANP\u00a0: 16 \u00e9l\u00e9ments de soutien aux groupes terroristes arr\u00eat\u00e9s"},"content":{"rendered":"\n<p>Le minist\u00e8re de la D\u00e9fense nationale (MDN) a annonc\u00e9, dans un communiqu\u00e9 publi\u00e9 ce mercredi, l\u2019arrestation de 16 \u00e9l\u00e9ments de soutien aux groupes terroristes au cours de la p\u00e9riode allant du 27 septembre \u00e0 octobre 2023. Selon ledit communiqu\u00e9, l\u2019exploitation minutieuse de renseignement a permis \u00e0 des d\u00e9tachements de l\u2019ANP, et ce dans le cadre de la lutte antiterroriste, d\u2019appr\u00e9hender seize \u00e9l\u00e9ments de soutien aux groupes terroristes lors d\u2019op\u00e9rations distinctes, tandis qu\u2019une casemate pour terroristes contenant deux paires de jumelles et des effets divers a \u00e9t\u00e9 d\u00e9couverte et d\u00e9truite \u00e0 T\u00e9bessa. Par ailleurs, et dans le contexte de la lutte contre la criminalit\u00e9 organis\u00e9e et en continuit\u00e9 des efforts soutenus visant \u00e0 contrecarrer le fl\u00e9au du narcotrafic dans le pays, des d\u00e9tachements combin\u00e9s de l\u2019ANP ont intercept\u00e9, en coordination avec les diff\u00e9rents services de s\u00e9curit\u00e9, lors d\u2019op\u00e9rations men\u00e9es \u00e0 travers les R\u00e9gions militaires, 46 narcotrafiquants et mis en \u00e9chec des tentatives d\u2019introduction de 8 qx et 40 kg de kif trait\u00e9 provenant des fronti\u00e8res avec le Maroc, a rapport\u00e9 la m\u00eame source et d\u2019ajouter qu\u2019au m\u00eame titre, 251.849 comprim\u00e9s psychotropes ont \u00e9t\u00e9 saisis. En outre, des d\u00e9tachements de l\u2019ANP ont arr\u00eat\u00e9 317 personnes \u00e0 Tamanrasset, In Guezzam et Bordj Badji Mokhtar et saisi 26 v\u00e9hicules, 113 marteaux piqueurs, 19 d\u00e9tecteurs de m\u00e9taux, 13,5 qx de m\u00e9lange d\u2019or brut et de pierres, en sus de quantit\u00e9s d\u2019explosifs, d\u2019outils de d\u00e9tonation et d\u2019\u00e9quipements utilis\u00e9s dans des op\u00e9rations d\u2019orpaillage illicite. Au volet de la contrebande, pas moins de 48 autres individus ont \u00e9t\u00e9 arr\u00eat\u00e9s et un pistolet mitrailleur de type Kalachnikov, 20 fusils de chasse, 2 pistolets automatiques et 50 qx de tabacs, ainsi que 40 tonnes de denr\u00e9es alimentaires destin\u00e9es \u00e0 la contrebande et la sp\u00e9culation, en plus de 243.549 unit\u00e9s de divers articles pyrotechniques ont \u00e9t\u00e9 saisis lors, d\u2019op\u00e9rations distinctes ex\u00e9cut\u00e9es \u00e0 travers le territoire national, a fait savoir la m\u00eame source. Dans le m\u00eame contexte, les Gardes-fronti\u00e8res en coordination avec les services de la Gendarmerie Nationale et des Douanes, mis en \u00e9chec des tentatives de contrebande de quantit\u00e9s de carburants s&rsquo;\u00e9levant \u00e0 28083 litres \u00e0 Tamanrasset, T\u00e9bessa, Souk Ahras et El-Tarf, a ajout\u00e9 ladite source. S\u2019agissant de la lutte contre l\u2019\u00e9migration clandestine, les Garde-c\u00f4tes ont, de leur c\u00f4t\u00e9, d\u00e9jou\u00e9, au niveau de nos c\u00f4tes nationales, des tentatives d&rsquo;\u00e9migration clandestine et ont proc\u00e9d\u00e9 au sauvetage de 279 individus \u00e0 bord d\u2019embarcations de construction artisanale. Par ailleurs, 366 immigrants clandestins de diff\u00e9rentes nationalit\u00e9s ont \u00e9t\u00e9 arr\u00eat\u00e9s \u00e0 travers l\u2019ensemble du territoire, a conclu le dit document.<\/p>\n\n\n\n<p><strong>Sofia Chahine<\/strong><\/p>\n","protected":false},"excerpt":{"rendered":"<p>Le minist\u00e8re de la D\u00e9fense nationale (MDN) a annonc\u00e9, dans un communiqu\u00e9 publi\u00e9 ce mercredi, l\u2019arrestation de 16 \u00e9l\u00e9ments de<\/p>\n","protected":false},"author":3,"featured_media":31868,"comment_status":"open","ping_status":"closed","sticky":false,"template":"","format":"standard","meta":{"colormag_page_container_layout":"default_layout","colormag_page_sidebar_layout":"default_layout","om_disable_all_campaigns":false,"_monsterinsights_skip_tracking":false,"_monsterinsights_sitenote_active":false,"_monsterinsights_sitenote_note":"","_monsterinsights_sitenote_category":0,"footnotes":"","_wpscppro_dont_share_socialmedia":false,"_wpscppro_custom_social_share_image":0,"_facebook_share_type":"","_twitter_share_type":"","_linkedin_share_type":"","_pinterest_share_type":"","_linkedin_share_type_page":"","_instagram_share_type":"","_medium_share_type":"","_threads_share_type":"","_google_business_share_type":"","_selected_social_profile":[],"_wpsp_enable_custom_social_template":false,"_wpsp_social_scheduling":{"enabled":false,"datetime":null,"platforms":[],"status":"template_only","dateOption":"today","timeOption":"now","customDays":"","customHours":"","customDate":"","customTime":"","schedulingType":"absolute"},"_wpsp_active_default_template":true},"categories":[27],"tags":[],"class_list":["post-46072","post","type-post","status-publish","format-standard","has-post-thumbnail","hentry","category-actualite"],"aioseo_notices":[],"yoast_head":"<!-- This site is optimized with the Yoast SEO plugin v27.5 - https:\/\/yoast.com\/product\/yoast-seo-wordpress\/ -->\n<title>ANP\u00a0: 16 \u00e9l\u00e9ments de soutien aux groupes terroristes arr\u00eat\u00e9s - La Sentinelle<\/title>\n<meta name=\"robots\" content=\"index, follow, max-snippet:-1, max-image-preview:large, max-video-preview:-1\" \/>\n<link rel=\"canonical\" href=\"https:\/\/lasentinelle.dz\/index.php\/2023\/10\/04\/anp-16-elements-de-soutien-aux-groupes-terroristes-arretes\/\" \/>\n<meta property=\"og:locale\" content=\"fr_FR\" \/>\n<meta property=\"og:type\" content=\"article\" \/>\n<meta property=\"og:title\" content=\"ANP\u00a0: 16 \u00e9l\u00e9ments de soutien aux groupes terroristes arr\u00eat\u00e9s - La Sentinelle\" \/>\n<meta property=\"og:description\" content=\"Le minist\u00e8re de la D\u00e9fense nationale (MDN) a annonc\u00e9, dans un communiqu\u00e9 publi\u00e9 ce mercredi, l\u2019arrestation de 16 \u00e9l\u00e9ments de\" \/>\n<meta property=\"og:url\" content=\"https:\/\/lasentinelle.dz\/index.php\/2023\/10\/04\/anp-16-elements-de-soutien-aux-groupes-terroristes-arretes\/\" \/>\n<meta property=\"og:site_name\" content=\"La Sentinelle\" \/>\n<meta property=\"article:publisher\" content=\"https:\/\/www.facebook.com\/La-Sentinelle-104059864394773\" \/>\n<meta property=\"article:published_time\" content=\"2023-10-04T21:01:41+00:00\" \/>\n<meta property=\"article:modified_time\" content=\"2023-10-04T21:01:44+00:00\" \/>\n<meta property=\"og:image\" content=\"https:\/\/lasentinelle.dz\/wp-content\/uploads\/2022\/11\/MDN.png\" \/>\n\t<meta property=\"og:image:width\" content=\"1350\" \/>\n\t<meta property=\"og:image:height\" content=\"900\" \/>\n\t<meta property=\"og:image:type\" content=\"image\/png\" \/>\n<meta name=\"author\" content=\"La Sentinelle\" \/>\n<meta name=\"twitter:card\" content=\"summary_large_image\" \/>\n<meta name=\"twitter:label1\" content=\"\u00c9crit par\" \/>\n\t<meta name=\"twitter:data1\" content=\"La Sentinelle\" \/>\n\t<meta name=\"twitter:label2\" content=\"Dur\u00e9e de lecture estim\u00e9e\" \/>\n\t<meta name=\"twitter:data2\" content=\"3 minutes\" \/>\n<script type=\"application\/ld+json\" class=\"yoast-schema-graph\">{\"@context\":\"https:\\\/\\\/schema.org\",\"@graph\":[{\"@type\":\"Article\",\"@id\":\"https:\\\/\\\/lasentinelle.dz\\\/index.php\\\/2023\\\/10\\\/04\\\/anp-16-elements-de-soutien-aux-groupes-terroristes-arretes\\\/#article\",\"isPartOf\":{\"@id\":\"https:\\\/\\\/lasentinelle.dz\\\/index.php\\\/2023\\\/10\\\/04\\\/anp-16-elements-de-soutien-aux-groupes-terroristes-arretes\\\/\"},\"author\":{\"name\":\"La Sentinelle\",\"@id\":\"https:\\\/\\\/lasentinelle.dz\\\/#\\\/schema\\\/person\\\/d865044e22e70a75174ce8bcad3acfb3\"},\"headline\":\"ANP\u00a0: 16 \u00e9l\u00e9ments de soutien aux groupes terroristes arr\u00eat\u00e9s\",\"datePublished\":\"2023-10-04T21:01:41+00:00\",\"dateModified\":\"2023-10-04T21:01:44+00:00\",\"mainEntityOfPage\":{\"@id\":\"https:\\\/\\\/lasentinelle.dz\\\/index.php\\\/2023\\\/10\\\/04\\\/anp-16-elements-de-soutien-aux-groupes-terroristes-arretes\\\/\"},\"wordCount\":475,\"commentCount\":0,\"publisher\":{\"@id\":\"https:\\\/\\\/lasentinelle.dz\\\/#organization\"},\"image\":{\"@id\":\"https:\\\/\\\/lasentinelle.dz\\\/index.php\\\/2023\\\/10\\\/04\\\/anp-16-elements-de-soutien-aux-groupes-terroristes-arretes\\\/#primaryimage\"},\"thumbnailUrl\":\"https:\\\/\\\/lasentinelle.dz\\\/wp-content\\\/uploads\\\/2022\\\/11\\\/MDN.png\",\"articleSection\":[\"Actualit\u00e9\"],\"inLanguage\":\"fr-FR\",\"potentialAction\":[{\"@type\":\"CommentAction\",\"name\":\"Comment\",\"target\":[\"https:\\\/\\\/lasentinelle.dz\\\/index.php\\\/2023\\\/10\\\/04\\\/anp-16-elements-de-soutien-aux-groupes-terroristes-arretes\\\/#respond\"]}]},{\"@type\":\"WebPage\",\"@id\":\"https:\\\/\\\/lasentinelle.dz\\\/index.php\\\/2023\\\/10\\\/04\\\/anp-16-elements-de-soutien-aux-groupes-terroristes-arretes\\\/\",\"url\":\"https:\\\/\\\/lasentinelle.dz\\\/index.php\\\/2023\\\/10\\\/04\\\/anp-16-elements-de-soutien-aux-groupes-terroristes-arretes\\\/\",\"name\":\"ANP\u00a0: 16 \u00e9l\u00e9ments de soutien aux groupes terroristes arr\u00eat\u00e9s - La Sentinelle\",\"isPartOf\":{\"@id\":\"https:\\\/\\\/lasentinelle.dz\\\/#website\"},\"primaryImageOfPage\":{\"@id\":\"https:\\\/\\\/lasentinelle.dz\\\/index.php\\\/2023\\\/10\\\/04\\\/anp-16-elements-de-soutien-aux-groupes-terroristes-arretes\\\/#primaryimage\"},\"image\":{\"@id\":\"https:\\\/\\\/lasentinelle.dz\\\/index.php\\\/2023\\\/10\\\/04\\\/anp-16-elements-de-soutien-aux-groupes-terroristes-arretes\\\/#primaryimage\"},\"thumbnailUrl\":\"https:\\\/\\\/lasentinelle.dz\\\/wp-content\\\/uploads\\\/2022\\\/11\\\/MDN.png\",\"datePublished\":\"2023-10-04T21:01:41+00:00\",\"dateModified\":\"2023-10-04T21:01:44+00:00\",\"breadcrumb\":{\"@id\":\"https:\\\/\\\/lasentinelle.dz\\\/index.php\\\/2023\\\/10\\\/04\\\/anp-16-elements-de-soutien-aux-groupes-terroristes-arretes\\\/#breadcrumb\"},\"inLanguage\":\"fr-FR\",\"potentialAction\":[{\"@type\":\"ReadAction\",\"target\":[\"https:\\\/\\\/lasentinelle.dz\\\/index.php\\\/2023\\\/10\\\/04\\\/anp-16-elements-de-soutien-aux-groupes-terroristes-arretes\\\/\"]}]},{\"@type\":\"ImageObject\",\"inLanguage\":\"fr-FR\",\"@id\":\"https:\\\/\\\/lasentinelle.dz\\\/index.php\\\/2023\\\/10\\\/04\\\/anp-16-elements-de-soutien-aux-groupes-terroristes-arretes\\\/#primaryimage\",\"url\":\"https:\\\/\\\/lasentinelle.dz\\\/wp-content\\\/uploads\\\/2022\\\/11\\\/MDN.png\",\"contentUrl\":\"https:\\\/\\\/lasentinelle.dz\\\/wp-content\\\/uploads\\\/2022\\\/11\\\/MDN.png\",\"width\":1350,\"height\":900},{\"@type\":\"BreadcrumbList\",\"@id\":\"https:\\\/\\\/lasentinelle.dz\\\/index.php\\\/2023\\\/10\\\/04\\\/anp-16-elements-de-soutien-aux-groupes-terroristes-arretes\\\/#breadcrumb\",\"itemListElement\":[{\"@type\":\"ListItem\",\"position\":1,\"name\":\"Accueil\",\"item\":\"https:\\\/\\\/lasentinelle.dz\\\/\"},{\"@type\":\"ListItem\",\"position\":2,\"name\":\"ANP\u00a0: 16 \u00e9l\u00e9ments de soutien aux groupes terroristes arr\u00eat\u00e9s\"}]},{\"@type\":\"WebSite\",\"@id\":\"https:\\\/\\\/lasentinelle.dz\\\/#website\",\"url\":\"https:\\\/\\\/lasentinelle.dz\\\/\",\"name\":\"La Sentinelle\",\"description\":\"Quotidien national d&#039;information\",\"publisher\":{\"@id\":\"https:\\\/\\\/lasentinelle.dz\\\/#organization\"},\"potentialAction\":[{\"@type\":\"SearchAction\",\"target\":{\"@type\":\"EntryPoint\",\"urlTemplate\":\"https:\\\/\\\/lasentinelle.dz\\\/?s={search_term_string}\"},\"query-input\":{\"@type\":\"PropertyValueSpecification\",\"valueRequired\":true,\"valueName\":\"search_term_string\"}}],\"inLanguage\":\"fr-FR\"},{\"@type\":\"Organization\",\"@id\":\"https:\\\/\\\/lasentinelle.dz\\\/#organization\",\"name\":\"Quotidien La Sentinelle\",\"url\":\"https:\\\/\\\/lasentinelle.dz\\\/\",\"logo\":{\"@type\":\"ImageObject\",\"inLanguage\":\"fr-FR\",\"@id\":\"https:\\\/\\\/lasentinelle.dz\\\/#\\\/schema\\\/logo\\\/image\\\/\",\"url\":\"https:\\\/\\\/lasentinelle.dz\\\/wp-content\\\/uploads\\\/2021\\\/09\\\/logo-sentinelleSLOGAN-1.png\",\"contentUrl\":\"https:\\\/\\\/lasentinelle.dz\\\/wp-content\\\/uploads\\\/2021\\\/09\\\/logo-sentinelleSLOGAN-1.png\",\"width\":615,\"height\":142,\"caption\":\"Quotidien La Sentinelle\"},\"image\":{\"@id\":\"https:\\\/\\\/lasentinelle.dz\\\/#\\\/schema\\\/logo\\\/image\\\/\"},\"sameAs\":[\"https:\\\/\\\/www.facebook.com\\\/La-Sentinelle-104059864394773\"]},{\"@type\":\"Person\",\"@id\":\"https:\\\/\\\/lasentinelle.dz\\\/#\\\/schema\\\/person\\\/d865044e22e70a75174ce8bcad3acfb3\",\"name\":\"La Sentinelle\",\"image\":{\"@type\":\"ImageObject\",\"inLanguage\":\"fr-FR\",\"@id\":\"https:\\\/\\\/secure.gravatar.com\\\/avatar\\\/57de8e5d4b15d43fb361a71fbb36338450fe67865b528a43dd10ef7c51a20392?s=96&d=mm&r=g\",\"url\":\"https:\\\/\\\/secure.gravatar.com\\\/avatar\\\/57de8e5d4b15d43fb361a71fbb36338450fe67865b528a43dd10ef7c51a20392?s=96&d=mm&r=g\",\"contentUrl\":\"https:\\\/\\\/secure.gravatar.com\\\/avatar\\\/57de8e5d4b15d43fb361a71fbb36338450fe67865b528a43dd10ef7c51a20392?s=96&d=mm&r=g\",\"caption\":\"La Sentinelle\"},\"sameAs\":[\"http:\\\/\\\/www.lasentinelle.dz\"],\"url\":\"https:\\\/\\\/lasentinelle.dz\\\/author\\\/redaction\\\/\"}]}<\/script>\n<!-- \/ Yoast SEO plugin. -->","yoast_head_json":{"title":"ANP\u00a0: 16 \u00e9l\u00e9ments de soutien aux groupes terroristes arr\u00eat\u00e9s - La Sentinelle","robots":{"index":"index","follow":"follow","max-snippet":"max-snippet:-1","max-image-preview":"max-image-preview:large","max-video-preview":"max-video-preview:-1"},"canonical":"https:\/\/lasentinelle.dz\/index.php\/2023\/10\/04\/anp-16-elements-de-soutien-aux-groupes-terroristes-arretes\/","og_locale":"fr_FR","og_type":"article","og_title":"ANP\u00a0: 16 \u00e9l\u00e9ments de soutien aux groupes terroristes arr\u00eat\u00e9s - La Sentinelle","og_description":"Le minist\u00e8re de la D\u00e9fense nationale (MDN) a annonc\u00e9, dans un communiqu\u00e9 publi\u00e9 ce mercredi, l\u2019arrestation de 16 \u00e9l\u00e9ments de","og_url":"https:\/\/lasentinelle.dz\/index.php\/2023\/10\/04\/anp-16-elements-de-soutien-aux-groupes-terroristes-arretes\/","og_site_name":"La Sentinelle","article_publisher":"https:\/\/www.facebook.com\/La-Sentinelle-104059864394773","article_published_time":"2023-10-04T21:01:41+00:00","article_modified_time":"2023-10-04T21:01:44+00:00","og_image":[{"width":1350,"height":900,"url":"https:\/\/lasentinelle.dz\/wp-content\/uploads\/2022\/11\/MDN.png","type":"image\/png"}],"author":"La Sentinelle","twitter_card":"summary_large_image","twitter_misc":{"\u00c9crit par":"La Sentinelle","Dur\u00e9e de lecture estim\u00e9e":"3 minutes"},"schema":{"@context":"https:\/\/schema.org","@graph":[{"@type":"Article","@id":"https:\/\/lasentinelle.dz\/index.php\/2023\/10\/04\/anp-16-elements-de-soutien-aux-groupes-terroristes-arretes\/#article","isPartOf":{"@id":"https:\/\/lasentinelle.dz\/index.php\/2023\/10\/04\/anp-16-elements-de-soutien-aux-groupes-terroristes-arretes\/"},"author":{"name":"La Sentinelle","@id":"https:\/\/lasentinelle.dz\/#\/schema\/person\/d865044e22e70a75174ce8bcad3acfb3"},"headline":"ANP\u00a0: 16 \u00e9l\u00e9ments de soutien aux groupes terroristes arr\u00eat\u00e9s","datePublished":"2023-10-04T21:01:41+00:00","dateModified":"2023-10-04T21:01:44+00:00","mainEntityOfPage":{"@id":"https:\/\/lasentinelle.dz\/index.php\/2023\/10\/04\/anp-16-elements-de-soutien-aux-groupes-terroristes-arretes\/"},"wordCount":475,"commentCount":0,"publisher":{"@id":"https:\/\/lasentinelle.dz\/#organization"},"image":{"@id":"https:\/\/lasentinelle.dz\/index.php\/2023\/10\/04\/anp-16-elements-de-soutien-aux-groupes-terroristes-arretes\/#primaryimage"},"thumbnailUrl":"https:\/\/lasentinelle.dz\/wp-content\/uploads\/2022\/11\/MDN.png","articleSection":["Actualit\u00e9"],"inLanguage":"fr-FR","potentialAction":[{"@type":"CommentAction","name":"Comment","target":["https:\/\/lasentinelle.dz\/index.php\/2023\/10\/04\/anp-16-elements-de-soutien-aux-groupes-terroristes-arretes\/#respond"]}]},{"@type":"WebPage","@id":"https:\/\/lasentinelle.dz\/index.php\/2023\/10\/04\/anp-16-elements-de-soutien-aux-groupes-terroristes-arretes\/","url":"https:\/\/lasentinelle.dz\/index.php\/2023\/10\/04\/anp-16-elements-de-soutien-aux-groupes-terroristes-arretes\/","name":"ANP\u00a0: 16 \u00e9l\u00e9ments de soutien aux groupes terroristes arr\u00eat\u00e9s - La Sentinelle","isPartOf":{"@id":"https:\/\/lasentinelle.dz\/#website"},"primaryImageOfPage":{"@id":"https:\/\/lasentinelle.dz\/index.php\/2023\/10\/04\/anp-16-elements-de-soutien-aux-groupes-terroristes-arretes\/#primaryimage"},"image":{"@id":"https:\/\/lasentinelle.dz\/index.php\/2023\/10\/04\/anp-16-elements-de-soutien-aux-groupes-terroristes-arretes\/#primaryimage"},"thumbnailUrl":"https:\/\/lasentinelle.dz\/wp-content\/uploads\/2022\/11\/MDN.png","datePublished":"2023-10-04T21:01:41+00:00","dateModified":"2023-10-04T21:01:44+00:00","breadcrumb":{"@id":"https:\/\/lasentinelle.dz\/index.php\/2023\/10\/04\/anp-16-elements-de-soutien-aux-groupes-terroristes-arretes\/#breadcrumb"},"inLanguage":"fr-FR","potentialAction":[{"@type":"ReadAction","target":["https:\/\/lasentinelle.dz\/index.php\/2023\/10\/04\/anp-16-elements-de-soutien-aux-groupes-terroristes-arretes\/"]}]},{"@type":"ImageObject","inLanguage":"fr-FR","@id":"https:\/\/lasentinelle.dz\/index.php\/2023\/10\/04\/anp-16-elements-de-soutien-aux-groupes-terroristes-arretes\/#primaryimage","url":"https:\/\/lasentinelle.dz\/wp-content\/uploads\/2022\/11\/MDN.png","contentUrl":"https:\/\/lasentinelle.dz\/wp-content\/uploads\/2022\/11\/MDN.png","width":1350,"height":900},{"@type":"BreadcrumbList","@id":"https:\/\/lasentinelle.dz\/index.php\/2023\/10\/04\/anp-16-elements-de-soutien-aux-groupes-terroristes-arretes\/#breadcrumb","itemListElement":[{"@type":"ListItem","position":1,"name":"Accueil","item":"https:\/\/lasentinelle.dz\/"},{"@type":"ListItem","position":2,"name":"ANP\u00a0: 16 \u00e9l\u00e9ments de soutien aux groupes terroristes arr\u00eat\u00e9s"}]},{"@type":"WebSite","@id":"https:\/\/lasentinelle.dz\/#website","url":"https:\/\/lasentinelle.dz\/","name":"La Sentinelle","description":"Quotidien national d&#039;information","publisher":{"@id":"https:\/\/lasentinelle.dz\/#organization"},"potentialAction":[{"@type":"SearchAction","target":{"@type":"EntryPoint","urlTemplate":"https:\/\/lasentinelle.dz\/?s={search_term_string}"},"query-input":{"@type":"PropertyValueSpecification","valueRequired":true,"valueName":"search_term_string"}}],"inLanguage":"fr-FR"},{"@type":"Organization","@id":"https:\/\/lasentinelle.dz\/#organization","name":"Quotidien La Sentinelle","url":"https:\/\/lasentinelle.dz\/","logo":{"@type":"ImageObject","inLanguage":"fr-FR","@id":"https:\/\/lasentinelle.dz\/#\/schema\/logo\/image\/","url":"https:\/\/lasentinelle.dz\/wp-content\/uploads\/2021\/09\/logo-sentinelleSLOGAN-1.png","contentUrl":"https:\/\/lasentinelle.dz\/wp-content\/uploads\/2021\/09\/logo-sentinelleSLOGAN-1.png","width":615,"height":142,"caption":"Quotidien La Sentinelle"},"image":{"@id":"https:\/\/lasentinelle.dz\/#\/schema\/logo\/image\/"},"sameAs":["https:\/\/www.facebook.com\/La-Sentinelle-104059864394773"]},{"@type":"Person","@id":"https:\/\/lasentinelle.dz\/#\/schema\/person\/d865044e22e70a75174ce8bcad3acfb3","name":"La Sentinelle","image":{"@type":"ImageObject","inLanguage":"fr-FR","@id":"https:\/\/secure.gravatar.com\/avatar\/57de8e5d4b15d43fb361a71fbb36338450fe67865b528a43dd10ef7c51a20392?s=96&d=mm&r=g","url":"https:\/\/secure.gravatar.com\/avatar\/57de8e5d4b15d43fb361a71fbb36338450fe67865b528a43dd10ef7c51a20392?s=96&d=mm&r=g","contentUrl":"https:\/\/secure.gravatar.com\/avatar\/57de8e5d4b15d43fb361a71fbb36338450fe67865b528a43dd10ef7c51a20392?s=96&d=mm&r=g","caption":"La Sentinelle"},"sameAs":["http:\/\/www.lasentinelle.dz"],"url":"https:\/\/lasentinelle.dz\/author\/redaction\/"}]}},"_links":{"self":[{"href":"https:\/\/lasentinelle.dz\/index.php\/wp-json\/wp\/v2\/posts\/46072","targetHints":{"allow":["GET"]}}],"collection":[{"href":"https:\/\/lasentinelle.dz\/index.php\/wp-json\/wp\/v2\/posts"}],"about":[{"href":"https:\/\/lasentinelle.dz\/index.php\/wp-json\/wp\/v2\/types\/post"}],"author":[{"embeddable":true,"href":"https:\/\/lasentinelle.dz\/index.php\/wp-json\/wp\/v2\/users\/3"}],"replies":[{"embeddable":true,"href":"https:\/\/lasentinelle.dz\/index.php\/wp-json\/wp\/v2\/comments?post=46072"}],"version-history":[{"count":1,"href":"https:\/\/lasentinelle.dz\/index.php\/wp-json\/wp\/v2\/posts\/46072\/revisions"}],"predecessor-version":[{"id":46073,"href":"https:\/\/lasentinelle.dz\/index.php\/wp-json\/wp\/v2\/posts\/46072\/revisions\/46073"}],"wp:featuredmedia":[{"embeddable":true,"href":"https:\/\/lasentinelle.dz\/index.php\/wp-json\/wp\/v2\/media\/31868"}],"wp:attachment":[{"href":"https:\/\/lasentinelle.dz\/index.php\/wp-json\/wp\/v2\/media?parent=46072"}],"wp:term":[{"taxonomy":"category","embeddable":true,"href":"https:\/\/lasentinelle.dz\/index.php\/wp-json\/wp\/v2\/categories?post=46072"},{"taxonomy":"post_tag","embeddable":true,"href":"https:\/\/lasentinelle.dz\/index.php\/wp-json\/wp\/v2\/tags?post=46072"}],"curies":[{"name":"wp","href":"https:\/\/api.w.org\/{rel}","templated":true}]}}