{"id":46074,"date":"2023-10-04T22:03:25","date_gmt":"2023-10-04T21:03:25","guid":{"rendered":"https:\/\/lasentinelle.dz\/?p=46074"},"modified":"2023-10-04T22:03:27","modified_gmt":"2023-10-04T21:03:27","slug":"attaf-lalgerie-oeuvrera-pour-etre-la-voix-de-lafrique","status":"publish","type":"post","link":"https:\/\/lasentinelle.dz\/index.php\/2023\/10\/04\/attaf-lalgerie-oeuvrera-pour-etre-la-voix-de-lafrique\/","title":{"rendered":"Attaf\u00a0: \u00ab\u00a0L\u2019Alg\u00e9rie \u0153uvrera pour \u00eatre la voix de l\u2019Afrique\u00a0\u00bb"},"content":{"rendered":"\n<p>Le ministre des Affaires \u00e9trang\u00e8res et de la Communaut\u00e9 nationale \u00e0 l\u2019\u00e9tranger, Ahmed Attaf, a une nouvelle fois soulign\u00e9 l\u2019engagement de l\u2019Alg\u00e9rie \u00e0 porter la voix de l\u2019Afrique au Conseil de S\u00e9curit\u00e9 de l\u2019ONU , alors que son mandat en tant que membre non-permanent du Conseil d\u00e9bute au mois de janvier prochain. &nbsp;<\/p>\n\n\n\n<p>Le ministre des Affaires \u00e9trang\u00e8res et de la Communaut\u00e9 nationale \u00e0 l\u2019\u00e9tranger, Ahmed Attaf, a re\u00e7u, hier \u00e0 Alger, son homologue sud-soudanais, James Morgan Pitia. Une rencontre au cours de laquelle abord\u00e9 la situation s\u00e9curitaire et politique dans la R\u00e9publique du Soudan, et le progr\u00e8s r\u00e9alis\u00e9 dans la mise en \u0153uvre de l\u2019accord de paix revitalis\u00e9 en r\u00e9publique du Soudan du Sud, ainsi que la situation au Sahel ont \u00e9t\u00e9 \u00e9voqu\u00e9s. &nbsp;Selon un communiqu\u00e9 du minist\u00e8re des Affaires \u00e9trang\u00e8res et de la Communaut\u00e9 nationale \u00e0 l\u2019\u00e9tranger,&nbsp; les discussions entre les deux parties ont port\u00e9 sur \u00ab les moyens et les perspectives de relance de la coop\u00e9ration bilat\u00e9rale dans les domaines politique, diplomatique et \u00e9conomique, outre les derniers d\u00e9veloppements survenus sur la sc\u00e8ne continentale, particuli\u00e8rement dans la r\u00e9gion du Sahel \u00bb. Les deux ministres ont \u00e9galement \u00e9galement abord\u00e9 la situation s\u00e9curitaire et politique dans la R\u00e9publique du Soudan, et le progr\u00e8s r\u00e9alis\u00e9 dans la mise en \u0153uvre de l\u2019accord de paix revitalis\u00e9 en r\u00e9publique du Soudan du Sud, soutenu par l\u2019Alg\u00e9rie en vertu de sa qualit\u00e9 de membre du Comit\u00e9 africain de haut niveau, charg\u00e9 du suivi de cet accord, en sus des crises politiques et constitutionnelles dans nombre de pays de la r\u00e9gion, jusqu\u2019\u00e0 la d\u00e9colonisation du Sahara occidental. L\u2019accent a \u00e9t\u00e9 mis, lors de ces entretiens, sur l\u2019attachement des deux pays aux valeurs et aux principes de l\u2019unit\u00e9 africaine, y compris le droit des peuples \u00e0 l\u2019autod\u00e9termination, appelant l\u2019Union africaine (UA) \u00e0 intensifier ses efforts en vue de \u00ab se positionner en tant qu\u2019acteur principal dans les efforts visant \u00e0 cristalliser des solutions africaines aux probl\u00e8mes du continent \u00bb. Dans ce cadre, M. Attaf a indiqu\u00e9 dans une d\u00e9claration \u00e0 la presse que l\u2019Alg\u00e9rie qui s\u2019appr\u00eate \u00e0 occuper un si\u00e8ge de membre non-permanant au Conseil de s\u00e9curit\u00e9, \u00ab demeurera fid\u00e8le \u00e0 ces valeurs et \u00e0 ces principes \u00bb, et qu\u2019elle ne \u00ab m\u00e9nagera aucun effort pour soutenir ses fr\u00e8res au Soudan du Sud et dans le reste des pays du continent qui traversent des conditions difficiles caus\u00e9es par les crises, les conflits et les divisions \u00bb. Il a affirm\u00e9, en outre, que l\u2019Alg\u00e9rie \u00ab \u0153uvrera pour \u00eatre la voix de l\u2019Afrique au Conseil, conform\u00e9ment \u00e0 l\u2019engagement du pr\u00e9sident de la R\u00e9publique, M. Abdelmadjid Tebboune \u00bb. M. Attaf s\u2019est, par ailleurs, f\u00e9licit\u00e9, de l\u2019invitation qu\u2019il a re\u00e7ue pour effectuer une visite officielle \u00e0 Djouba, affirmant que cette invitation \u00ab sera concr\u00e9tis\u00e9e \u00e0 la date fix\u00e9e par voie diplomatique \u00bb. Il a \u00e9galement \u00ab hautement \u00bb salu\u00e9 les conclusions de entretiens \u00ab fructueux \u00bb avec son homologue sud-soudanais, qui \u00ab refl\u00e8tent, sinc\u00e8rement, la volont\u00e9 commune animant les deux parties de r\u00e9activer les relations de coop\u00e9ration entre nos deux peuples fr\u00e8res pour y insuffler une nouvelle dynamique voire les \u00e9largir \u00e0 d\u2019autres domaines et secteurs prioritaires dans la conjoncture actuelle \u00bb. Pour sa part, le ministre des Affaires \u00e9trang\u00e8res sud-soudanais, James Morgan Pitia a affirm\u00e9 que sa visite en Alg\u00e9rie \u00ab rev\u00eat une grande importance, en ce qu\u2019elle nous a permis de renforcer les relations bilat\u00e9rales entre le Soudan du Sud et l\u2019Alg\u00e9rie, un des plus importants pays du continent \u00bb, rappelant que l\u2019Alg\u00e9rie avait particip\u00e9 \u00e0 la surveillance du processus de paix dans son pays. Soulignant que l\u2019Alg\u00e9rie \u00e9tait devenue un des Etats membres du Comit\u00e9 africain de haut niveau charg\u00e9 du suivi de la mise en \u0153uvre de l\u2019accord de paix revitalis\u00e9 dans son pays suite \u00e0 sa d\u00e9signation par l\u2019UA, M. Morgan Pitia a d\u00e9clar\u00e9 \u00eatre ici pour \u00ab informer nos fr\u00e8res et s\u0153urs en Alg\u00e9rie que le processus de paix avance tr\u00e8s bien \u00bb. Le chef de la diplomatie sud-soudanaise a expliqu\u00e9 que \u00ab la p\u00e9riode de transition prendra fin en 2024. Les \u00e9lections seront organis\u00e9es et d\u2019ici 2025, le peuple sud-soudanais aura un gouvernement ind\u00e9pendant \u00bb, formant le v\u0153u de voir l\u2019Alg\u00e9rie avec \u00ab une ambassade \u00e0 part enti\u00e8re \u00bb au Soudan du Sud. Il a affirm\u00e9, par ailleurs, qu\u2019au moment o\u00f9 les pays africains souffrent de nombreux probl\u00e8mes et ont besoin de repr\u00e9sentants de haut niveau qui \u0153uvrent \u00e0 les r\u00e9soudre, l\u2019Alg\u00e9rie qui occupera son si\u00e8ge de membre non-permanent au Conseil de s\u00e9curit\u00e9 \u00e0 compter de janvier 2024, est en mesure d\u2019apporter une contribution efficace dans la r\u00e9solution des probl\u00e8mes du continent.La rencontre a \u00e9galement permis la signature m\u00e9morandum d\u2019entente portant sur la cr\u00e9ation d\u2019un m\u00e9canisme de consultation politique entre les minist\u00e8res des Affaires \u00e9trang\u00e8res des deux pays.&nbsp;<\/p>\n\n\n\n<p>Pour rappel, Morgan Pitia effectue une visite en Alg\u00e9rie dans le cadre de sa participation \u00e0 la manifestation de haut niveau \u00ab Chemex-Afrique 2023 \u00bb, indique un communiqu\u00e9 du minist\u00e8re.<\/p>\n\n\n\n<p>R.N.<\/p>\n","protected":false},"excerpt":{"rendered":"<p>Le ministre des Affaires \u00e9trang\u00e8res et de la Communaut\u00e9 nationale \u00e0 l\u2019\u00e9tranger, Ahmed Attaf, a une nouvelle fois soulign\u00e9 l\u2019engagement<\/p>\n","protected":false},"author":3,"featured_media":45080,"comment_status":"open","ping_status":"closed","sticky":false,"template":"","format":"standard","meta":{"colormag_page_container_layout":"default_layout","colormag_page_sidebar_layout":"default_layout","om_disable_all_campaigns":false,"_monsterinsights_skip_tracking":false,"_monsterinsights_sitenote_active":false,"_monsterinsights_sitenote_note":"","_monsterinsights_sitenote_category":0,"footnotes":"","_wpscppro_dont_share_socialmedia":false,"_wpscppro_custom_social_share_image":0,"_facebook_share_type":"","_twitter_share_type":"","_linkedin_share_type":"","_pinterest_share_type":"","_linkedin_share_type_page":"","_instagram_share_type":"","_medium_share_type":"","_threads_share_type":"","_google_business_share_type":"","_selected_social_profile":[],"_wpsp_enable_custom_social_template":false,"_wpsp_social_scheduling":{"enabled":false,"datetime":null,"platforms":[],"status":"template_only","dateOption":"today","timeOption":"now","customDays":"","customHours":"","customDate":"","customTime":"","schedulingType":"absolute"},"_wpsp_active_default_template":true},"categories":[52,27],"tags":[],"class_list":["post-46074","post","type-post","status-publish","format-standard","has-post-thumbnail","hentry","category-a-la-une","category-actualite"],"aioseo_notices":[],"yoast_head":"<!-- This site is optimized with the Yoast SEO plugin v27.5 - https:\/\/yoast.com\/product\/yoast-seo-wordpress\/ -->\n<title>Attaf\u00a0: \u00ab\u00a0L\u2019Alg\u00e9rie \u0153uvrera pour \u00eatre la voix de l\u2019Afrique\u00a0\u00bb - La Sentinelle<\/title>\n<meta name=\"robots\" content=\"index, follow, max-snippet:-1, max-image-preview:large, max-video-preview:-1\" \/>\n<link rel=\"canonical\" href=\"https:\/\/lasentinelle.dz\/index.php\/2023\/10\/04\/attaf-lalgerie-oeuvrera-pour-etre-la-voix-de-lafrique\/\" \/>\n<meta property=\"og:locale\" content=\"fr_FR\" \/>\n<meta property=\"og:type\" content=\"article\" \/>\n<meta property=\"og:title\" content=\"Attaf\u00a0: \u00ab\u00a0L\u2019Alg\u00e9rie \u0153uvrera pour \u00eatre la voix de l\u2019Afrique\u00a0\u00bb - La Sentinelle\" \/>\n<meta property=\"og:description\" content=\"Le ministre des Affaires \u00e9trang\u00e8res et de la Communaut\u00e9 nationale \u00e0 l\u2019\u00e9tranger, Ahmed Attaf, a une nouvelle fois soulign\u00e9 l\u2019engagement\" \/>\n<meta property=\"og:url\" content=\"https:\/\/lasentinelle.dz\/index.php\/2023\/10\/04\/attaf-lalgerie-oeuvrera-pour-etre-la-voix-de-lafrique\/\" \/>\n<meta property=\"og:site_name\" content=\"La Sentinelle\" \/>\n<meta property=\"article:publisher\" content=\"https:\/\/www.facebook.com\/La-Sentinelle-104059864394773\" \/>\n<meta property=\"article:published_time\" content=\"2023-10-04T21:03:25+00:00\" \/>\n<meta property=\"article:modified_time\" content=\"2023-10-04T21:03:27+00:00\" \/>\n<meta property=\"og:image\" content=\"https:\/\/lasentinelle.dz\/wp-content\/uploads\/2023\/08\/attaf-2.jpeg\" \/>\n\t<meta property=\"og:image:width\" content=\"800\" \/>\n\t<meta property=\"og:image:height\" content=\"600\" \/>\n\t<meta property=\"og:image:type\" content=\"image\/jpeg\" \/>\n<meta name=\"author\" content=\"La Sentinelle\" \/>\n<meta name=\"twitter:card\" content=\"summary_large_image\" \/>\n<meta name=\"twitter:label1\" content=\"\u00c9crit par\" \/>\n\t<meta name=\"twitter:data1\" content=\"La Sentinelle\" \/>\n\t<meta name=\"twitter:label2\" content=\"Dur\u00e9e de lecture estim\u00e9e\" \/>\n\t<meta name=\"twitter:data2\" content=\"5 minutes\" \/>\n<script type=\"application\/ld+json\" class=\"yoast-schema-graph\">{\"@context\":\"https:\\\/\\\/schema.org\",\"@graph\":[{\"@type\":\"Article\",\"@id\":\"https:\\\/\\\/lasentinelle.dz\\\/index.php\\\/2023\\\/10\\\/04\\\/attaf-lalgerie-oeuvrera-pour-etre-la-voix-de-lafrique\\\/#article\",\"isPartOf\":{\"@id\":\"https:\\\/\\\/lasentinelle.dz\\\/index.php\\\/2023\\\/10\\\/04\\\/attaf-lalgerie-oeuvrera-pour-etre-la-voix-de-lafrique\\\/\"},\"author\":{\"name\":\"La Sentinelle\",\"@id\":\"https:\\\/\\\/lasentinelle.dz\\\/#\\\/schema\\\/person\\\/d865044e22e70a75174ce8bcad3acfb3\"},\"headline\":\"Attaf\u00a0: \u00ab\u00a0L\u2019Alg\u00e9rie \u0153uvrera pour \u00eatre la voix de l\u2019Afrique\u00a0\u00bb\",\"datePublished\":\"2023-10-04T21:03:25+00:00\",\"dateModified\":\"2023-10-04T21:03:27+00:00\",\"mainEntityOfPage\":{\"@id\":\"https:\\\/\\\/lasentinelle.dz\\\/index.php\\\/2023\\\/10\\\/04\\\/attaf-lalgerie-oeuvrera-pour-etre-la-voix-de-lafrique\\\/\"},\"wordCount\":904,\"commentCount\":0,\"publisher\":{\"@id\":\"https:\\\/\\\/lasentinelle.dz\\\/#organization\"},\"image\":{\"@id\":\"https:\\\/\\\/lasentinelle.dz\\\/index.php\\\/2023\\\/10\\\/04\\\/attaf-lalgerie-oeuvrera-pour-etre-la-voix-de-lafrique\\\/#primaryimage\"},\"thumbnailUrl\":\"https:\\\/\\\/lasentinelle.dz\\\/wp-content\\\/uploads\\\/2023\\\/08\\\/attaf-2.jpeg\",\"articleSection\":[\"\u00c0 la Une\",\"Actualit\u00e9\"],\"inLanguage\":\"fr-FR\",\"potentialAction\":[{\"@type\":\"CommentAction\",\"name\":\"Comment\",\"target\":[\"https:\\\/\\\/lasentinelle.dz\\\/index.php\\\/2023\\\/10\\\/04\\\/attaf-lalgerie-oeuvrera-pour-etre-la-voix-de-lafrique\\\/#respond\"]}]},{\"@type\":\"WebPage\",\"@id\":\"https:\\\/\\\/lasentinelle.dz\\\/index.php\\\/2023\\\/10\\\/04\\\/attaf-lalgerie-oeuvrera-pour-etre-la-voix-de-lafrique\\\/\",\"url\":\"https:\\\/\\\/lasentinelle.dz\\\/index.php\\\/2023\\\/10\\\/04\\\/attaf-lalgerie-oeuvrera-pour-etre-la-voix-de-lafrique\\\/\",\"name\":\"Attaf\u00a0: \u00ab\u00a0L\u2019Alg\u00e9rie \u0153uvrera pour \u00eatre la voix de l\u2019Afrique\u00a0\u00bb - La Sentinelle\",\"isPartOf\":{\"@id\":\"https:\\\/\\\/lasentinelle.dz\\\/#website\"},\"primaryImageOfPage\":{\"@id\":\"https:\\\/\\\/lasentinelle.dz\\\/index.php\\\/2023\\\/10\\\/04\\\/attaf-lalgerie-oeuvrera-pour-etre-la-voix-de-lafrique\\\/#primaryimage\"},\"image\":{\"@id\":\"https:\\\/\\\/lasentinelle.dz\\\/index.php\\\/2023\\\/10\\\/04\\\/attaf-lalgerie-oeuvrera-pour-etre-la-voix-de-lafrique\\\/#primaryimage\"},\"thumbnailUrl\":\"https:\\\/\\\/lasentinelle.dz\\\/wp-content\\\/uploads\\\/2023\\\/08\\\/attaf-2.jpeg\",\"datePublished\":\"2023-10-04T21:03:25+00:00\",\"dateModified\":\"2023-10-04T21:03:27+00:00\",\"breadcrumb\":{\"@id\":\"https:\\\/\\\/lasentinelle.dz\\\/index.php\\\/2023\\\/10\\\/04\\\/attaf-lalgerie-oeuvrera-pour-etre-la-voix-de-lafrique\\\/#breadcrumb\"},\"inLanguage\":\"fr-FR\",\"potentialAction\":[{\"@type\":\"ReadAction\",\"target\":[\"https:\\\/\\\/lasentinelle.dz\\\/index.php\\\/2023\\\/10\\\/04\\\/attaf-lalgerie-oeuvrera-pour-etre-la-voix-de-lafrique\\\/\"]}]},{\"@type\":\"ImageObject\",\"inLanguage\":\"fr-FR\",\"@id\":\"https:\\\/\\\/lasentinelle.dz\\\/index.php\\\/2023\\\/10\\\/04\\\/attaf-lalgerie-oeuvrera-pour-etre-la-voix-de-lafrique\\\/#primaryimage\",\"url\":\"https:\\\/\\\/lasentinelle.dz\\\/wp-content\\\/uploads\\\/2023\\\/08\\\/attaf-2.jpeg\",\"contentUrl\":\"https:\\\/\\\/lasentinelle.dz\\\/wp-content\\\/uploads\\\/2023\\\/08\\\/attaf-2.jpeg\",\"width\":800,\"height\":600},{\"@type\":\"BreadcrumbList\",\"@id\":\"https:\\\/\\\/lasentinelle.dz\\\/index.php\\\/2023\\\/10\\\/04\\\/attaf-lalgerie-oeuvrera-pour-etre-la-voix-de-lafrique\\\/#breadcrumb\",\"itemListElement\":[{\"@type\":\"ListItem\",\"position\":1,\"name\":\"Accueil\",\"item\":\"https:\\\/\\\/lasentinelle.dz\\\/\"},{\"@type\":\"ListItem\",\"position\":2,\"name\":\"Attaf\u00a0: \u00ab\u00a0L\u2019Alg\u00e9rie \u0153uvrera pour \u00eatre la voix de l\u2019Afrique\u00a0\u00bb\"}]},{\"@type\":\"WebSite\",\"@id\":\"https:\\\/\\\/lasentinelle.dz\\\/#website\",\"url\":\"https:\\\/\\\/lasentinelle.dz\\\/\",\"name\":\"La Sentinelle\",\"description\":\"Quotidien national d&#039;information\",\"publisher\":{\"@id\":\"https:\\\/\\\/lasentinelle.dz\\\/#organization\"},\"potentialAction\":[{\"@type\":\"SearchAction\",\"target\":{\"@type\":\"EntryPoint\",\"urlTemplate\":\"https:\\\/\\\/lasentinelle.dz\\\/?s={search_term_string}\"},\"query-input\":{\"@type\":\"PropertyValueSpecification\",\"valueRequired\":true,\"valueName\":\"search_term_string\"}}],\"inLanguage\":\"fr-FR\"},{\"@type\":\"Organization\",\"@id\":\"https:\\\/\\\/lasentinelle.dz\\\/#organization\",\"name\":\"Quotidien La Sentinelle\",\"url\":\"https:\\\/\\\/lasentinelle.dz\\\/\",\"logo\":{\"@type\":\"ImageObject\",\"inLanguage\":\"fr-FR\",\"@id\":\"https:\\\/\\\/lasentinelle.dz\\\/#\\\/schema\\\/logo\\\/image\\\/\",\"url\":\"https:\\\/\\\/lasentinelle.dz\\\/wp-content\\\/uploads\\\/2021\\\/09\\\/logo-sentinelleSLOGAN-1.png\",\"contentUrl\":\"https:\\\/\\\/lasentinelle.dz\\\/wp-content\\\/uploads\\\/2021\\\/09\\\/logo-sentinelleSLOGAN-1.png\",\"width\":615,\"height\":142,\"caption\":\"Quotidien La Sentinelle\"},\"image\":{\"@id\":\"https:\\\/\\\/lasentinelle.dz\\\/#\\\/schema\\\/logo\\\/image\\\/\"},\"sameAs\":[\"https:\\\/\\\/www.facebook.com\\\/La-Sentinelle-104059864394773\"]},{\"@type\":\"Person\",\"@id\":\"https:\\\/\\\/lasentinelle.dz\\\/#\\\/schema\\\/person\\\/d865044e22e70a75174ce8bcad3acfb3\",\"name\":\"La Sentinelle\",\"image\":{\"@type\":\"ImageObject\",\"inLanguage\":\"fr-FR\",\"@id\":\"https:\\\/\\\/secure.gravatar.com\\\/avatar\\\/57de8e5d4b15d43fb361a71fbb36338450fe67865b528a43dd10ef7c51a20392?s=96&d=mm&r=g\",\"url\":\"https:\\\/\\\/secure.gravatar.com\\\/avatar\\\/57de8e5d4b15d43fb361a71fbb36338450fe67865b528a43dd10ef7c51a20392?s=96&d=mm&r=g\",\"contentUrl\":\"https:\\\/\\\/secure.gravatar.com\\\/avatar\\\/57de8e5d4b15d43fb361a71fbb36338450fe67865b528a43dd10ef7c51a20392?s=96&d=mm&r=g\",\"caption\":\"La Sentinelle\"},\"sameAs\":[\"http:\\\/\\\/www.lasentinelle.dz\"],\"url\":\"https:\\\/\\\/lasentinelle.dz\\\/author\\\/redaction\\\/\"}]}<\/script>\n<!-- \/ Yoast SEO plugin. -->","yoast_head_json":{"title":"Attaf\u00a0: \u00ab\u00a0L\u2019Alg\u00e9rie \u0153uvrera pour \u00eatre la voix de l\u2019Afrique\u00a0\u00bb - La Sentinelle","robots":{"index":"index","follow":"follow","max-snippet":"max-snippet:-1","max-image-preview":"max-image-preview:large","max-video-preview":"max-video-preview:-1"},"canonical":"https:\/\/lasentinelle.dz\/index.php\/2023\/10\/04\/attaf-lalgerie-oeuvrera-pour-etre-la-voix-de-lafrique\/","og_locale":"fr_FR","og_type":"article","og_title":"Attaf\u00a0: \u00ab\u00a0L\u2019Alg\u00e9rie \u0153uvrera pour \u00eatre la voix de l\u2019Afrique\u00a0\u00bb - La Sentinelle","og_description":"Le ministre des Affaires \u00e9trang\u00e8res et de la Communaut\u00e9 nationale \u00e0 l\u2019\u00e9tranger, Ahmed Attaf, a une nouvelle fois soulign\u00e9 l\u2019engagement","og_url":"https:\/\/lasentinelle.dz\/index.php\/2023\/10\/04\/attaf-lalgerie-oeuvrera-pour-etre-la-voix-de-lafrique\/","og_site_name":"La Sentinelle","article_publisher":"https:\/\/www.facebook.com\/La-Sentinelle-104059864394773","article_published_time":"2023-10-04T21:03:25+00:00","article_modified_time":"2023-10-04T21:03:27+00:00","og_image":[{"width":800,"height":600,"url":"https:\/\/lasentinelle.dz\/wp-content\/uploads\/2023\/08\/attaf-2.jpeg","type":"image\/jpeg"}],"author":"La Sentinelle","twitter_card":"summary_large_image","twitter_misc":{"\u00c9crit par":"La Sentinelle","Dur\u00e9e de lecture estim\u00e9e":"5 minutes"},"schema":{"@context":"https:\/\/schema.org","@graph":[{"@type":"Article","@id":"https:\/\/lasentinelle.dz\/index.php\/2023\/10\/04\/attaf-lalgerie-oeuvrera-pour-etre-la-voix-de-lafrique\/#article","isPartOf":{"@id":"https:\/\/lasentinelle.dz\/index.php\/2023\/10\/04\/attaf-lalgerie-oeuvrera-pour-etre-la-voix-de-lafrique\/"},"author":{"name":"La Sentinelle","@id":"https:\/\/lasentinelle.dz\/#\/schema\/person\/d865044e22e70a75174ce8bcad3acfb3"},"headline":"Attaf\u00a0: \u00ab\u00a0L\u2019Alg\u00e9rie \u0153uvrera pour \u00eatre la voix de l\u2019Afrique\u00a0\u00bb","datePublished":"2023-10-04T21:03:25+00:00","dateModified":"2023-10-04T21:03:27+00:00","mainEntityOfPage":{"@id":"https:\/\/lasentinelle.dz\/index.php\/2023\/10\/04\/attaf-lalgerie-oeuvrera-pour-etre-la-voix-de-lafrique\/"},"wordCount":904,"commentCount":0,"publisher":{"@id":"https:\/\/lasentinelle.dz\/#organization"},"image":{"@id":"https:\/\/lasentinelle.dz\/index.php\/2023\/10\/04\/attaf-lalgerie-oeuvrera-pour-etre-la-voix-de-lafrique\/#primaryimage"},"thumbnailUrl":"https:\/\/lasentinelle.dz\/wp-content\/uploads\/2023\/08\/attaf-2.jpeg","articleSection":["\u00c0 la Une","Actualit\u00e9"],"inLanguage":"fr-FR","potentialAction":[{"@type":"CommentAction","name":"Comment","target":["https:\/\/lasentinelle.dz\/index.php\/2023\/10\/04\/attaf-lalgerie-oeuvrera-pour-etre-la-voix-de-lafrique\/#respond"]}]},{"@type":"WebPage","@id":"https:\/\/lasentinelle.dz\/index.php\/2023\/10\/04\/attaf-lalgerie-oeuvrera-pour-etre-la-voix-de-lafrique\/","url":"https:\/\/lasentinelle.dz\/index.php\/2023\/10\/04\/attaf-lalgerie-oeuvrera-pour-etre-la-voix-de-lafrique\/","name":"Attaf\u00a0: \u00ab\u00a0L\u2019Alg\u00e9rie \u0153uvrera pour \u00eatre la voix de l\u2019Afrique\u00a0\u00bb - La Sentinelle","isPartOf":{"@id":"https:\/\/lasentinelle.dz\/#website"},"primaryImageOfPage":{"@id":"https:\/\/lasentinelle.dz\/index.php\/2023\/10\/04\/attaf-lalgerie-oeuvrera-pour-etre-la-voix-de-lafrique\/#primaryimage"},"image":{"@id":"https:\/\/lasentinelle.dz\/index.php\/2023\/10\/04\/attaf-lalgerie-oeuvrera-pour-etre-la-voix-de-lafrique\/#primaryimage"},"thumbnailUrl":"https:\/\/lasentinelle.dz\/wp-content\/uploads\/2023\/08\/attaf-2.jpeg","datePublished":"2023-10-04T21:03:25+00:00","dateModified":"2023-10-04T21:03:27+00:00","breadcrumb":{"@id":"https:\/\/lasentinelle.dz\/index.php\/2023\/10\/04\/attaf-lalgerie-oeuvrera-pour-etre-la-voix-de-lafrique\/#breadcrumb"},"inLanguage":"fr-FR","potentialAction":[{"@type":"ReadAction","target":["https:\/\/lasentinelle.dz\/index.php\/2023\/10\/04\/attaf-lalgerie-oeuvrera-pour-etre-la-voix-de-lafrique\/"]}]},{"@type":"ImageObject","inLanguage":"fr-FR","@id":"https:\/\/lasentinelle.dz\/index.php\/2023\/10\/04\/attaf-lalgerie-oeuvrera-pour-etre-la-voix-de-lafrique\/#primaryimage","url":"https:\/\/lasentinelle.dz\/wp-content\/uploads\/2023\/08\/attaf-2.jpeg","contentUrl":"https:\/\/lasentinelle.dz\/wp-content\/uploads\/2023\/08\/attaf-2.jpeg","width":800,"height":600},{"@type":"BreadcrumbList","@id":"https:\/\/lasentinelle.dz\/index.php\/2023\/10\/04\/attaf-lalgerie-oeuvrera-pour-etre-la-voix-de-lafrique\/#breadcrumb","itemListElement":[{"@type":"ListItem","position":1,"name":"Accueil","item":"https:\/\/lasentinelle.dz\/"},{"@type":"ListItem","position":2,"name":"Attaf\u00a0: \u00ab\u00a0L\u2019Alg\u00e9rie \u0153uvrera pour \u00eatre la voix de l\u2019Afrique\u00a0\u00bb"}]},{"@type":"WebSite","@id":"https:\/\/lasentinelle.dz\/#website","url":"https:\/\/lasentinelle.dz\/","name":"La Sentinelle","description":"Quotidien national d&#039;information","publisher":{"@id":"https:\/\/lasentinelle.dz\/#organization"},"potentialAction":[{"@type":"SearchAction","target":{"@type":"EntryPoint","urlTemplate":"https:\/\/lasentinelle.dz\/?s={search_term_string}"},"query-input":{"@type":"PropertyValueSpecification","valueRequired":true,"valueName":"search_term_string"}}],"inLanguage":"fr-FR"},{"@type":"Organization","@id":"https:\/\/lasentinelle.dz\/#organization","name":"Quotidien La Sentinelle","url":"https:\/\/lasentinelle.dz\/","logo":{"@type":"ImageObject","inLanguage":"fr-FR","@id":"https:\/\/lasentinelle.dz\/#\/schema\/logo\/image\/","url":"https:\/\/lasentinelle.dz\/wp-content\/uploads\/2021\/09\/logo-sentinelleSLOGAN-1.png","contentUrl":"https:\/\/lasentinelle.dz\/wp-content\/uploads\/2021\/09\/logo-sentinelleSLOGAN-1.png","width":615,"height":142,"caption":"Quotidien La Sentinelle"},"image":{"@id":"https:\/\/lasentinelle.dz\/#\/schema\/logo\/image\/"},"sameAs":["https:\/\/www.facebook.com\/La-Sentinelle-104059864394773"]},{"@type":"Person","@id":"https:\/\/lasentinelle.dz\/#\/schema\/person\/d865044e22e70a75174ce8bcad3acfb3","name":"La Sentinelle","image":{"@type":"ImageObject","inLanguage":"fr-FR","@id":"https:\/\/secure.gravatar.com\/avatar\/57de8e5d4b15d43fb361a71fbb36338450fe67865b528a43dd10ef7c51a20392?s=96&d=mm&r=g","url":"https:\/\/secure.gravatar.com\/avatar\/57de8e5d4b15d43fb361a71fbb36338450fe67865b528a43dd10ef7c51a20392?s=96&d=mm&r=g","contentUrl":"https:\/\/secure.gravatar.com\/avatar\/57de8e5d4b15d43fb361a71fbb36338450fe67865b528a43dd10ef7c51a20392?s=96&d=mm&r=g","caption":"La Sentinelle"},"sameAs":["http:\/\/www.lasentinelle.dz"],"url":"https:\/\/lasentinelle.dz\/author\/redaction\/"}]}},"_links":{"self":[{"href":"https:\/\/lasentinelle.dz\/index.php\/wp-json\/wp\/v2\/posts\/46074","targetHints":{"allow":["GET"]}}],"collection":[{"href":"https:\/\/lasentinelle.dz\/index.php\/wp-json\/wp\/v2\/posts"}],"about":[{"href":"https:\/\/lasentinelle.dz\/index.php\/wp-json\/wp\/v2\/types\/post"}],"author":[{"embeddable":true,"href":"https:\/\/lasentinelle.dz\/index.php\/wp-json\/wp\/v2\/users\/3"}],"replies":[{"embeddable":true,"href":"https:\/\/lasentinelle.dz\/index.php\/wp-json\/wp\/v2\/comments?post=46074"}],"version-history":[{"count":1,"href":"https:\/\/lasentinelle.dz\/index.php\/wp-json\/wp\/v2\/posts\/46074\/revisions"}],"predecessor-version":[{"id":46075,"href":"https:\/\/lasentinelle.dz\/index.php\/wp-json\/wp\/v2\/posts\/46074\/revisions\/46075"}],"wp:featuredmedia":[{"embeddable":true,"href":"https:\/\/lasentinelle.dz\/index.php\/wp-json\/wp\/v2\/media\/45080"}],"wp:attachment":[{"href":"https:\/\/lasentinelle.dz\/index.php\/wp-json\/wp\/v2\/media?parent=46074"}],"wp:term":[{"taxonomy":"category","embeddable":true,"href":"https:\/\/lasentinelle.dz\/index.php\/wp-json\/wp\/v2\/categories?post=46074"},{"taxonomy":"post_tag","embeddable":true,"href":"https:\/\/lasentinelle.dz\/index.php\/wp-json\/wp\/v2\/tags?post=46074"}],"curies":[{"name":"wp","href":"https:\/\/api.w.org\/{rel}","templated":true}]}}