{"id":46105,"date":"2023-10-07T20:55:25","date_gmt":"2023-10-07T19:55:25","guid":{"rendered":"https:\/\/lasentinelle.dz\/?p=46105"},"modified":"2023-10-07T20:55:27","modified_gmt":"2023-10-07T19:55:27","slug":"rentree-de-la-formation-professionnelle-pour-une-cartographie-des-postes-dapprentissage","status":"publish","type":"post","link":"https:\/\/lasentinelle.dz\/index.php\/2023\/10\/07\/rentree-de-la-formation-professionnelle-pour-une-cartographie-des-postes-dapprentissage\/","title":{"rendered":"Rentr\u00e9e de la formation professionnelle\u00a0: Pour une cartographie des postes d\u2019apprentissage"},"content":{"rendered":"\n<p>Plus de 300.000 nouveaux stagiaires rejoignent d\u00e8s aujourd\u2019hui les \u00e9tablissements de formation professionnelle.<\/p>\n\n\n\n<p>La rentr\u00e9e de la formation professionnelle est pr\u00e9vue aujourd\u2019hui et plac\u00e9e sous le signe de la contribution \u00e0 la croissance et au d\u00e9veloppement \u00e9conomique. Dans ce sens, le premier responsable du secteur, Yacine Merabi, qui doit donner le coup d\u2019envoi de cette rentr\u00e9e \u00e0 partir de la wilaya de Biskra, a insist\u00e9 sur la n\u00e9cessit\u00e9 pour le secteur d\u2019adapter les cycles d\u2019apprentissage pour r\u00e9pondre aux besoins du march\u00e9 de l\u2019emploi.&nbsp; Le ministre a dailleurs soulign\u00e9 hier la n\u00e9cessit\u00e9 d\u2019\u00e9laborer, dans le cadre des offres de formation des \u00e9tablissements du secteur, une carte des postes d\u2019apprentissage correspondant aux besoins des entreprises \u00e9conomiques et d\u2019ajouter que les \u00e9tablissements du secteur doivent \u00eatre \u00ab\u00a0au niveau de ce qui est attendu d\u2019eux en d\u00e9veloppant des sp\u00e9cialisations et des offres de formation conformes, \u00e9galement, aux souhaits des demandeurs de formation\u00a0\u00bb. Il a ajout\u00e9 que le succ\u00e8s du sch\u00e9ma consistant \u00e0 satisfaire la demande des entreprises \u00e9conomiques en main d\u2019\u0153uvre qualifi\u00e9e, d\u2019une part, et \u00e0 r\u00e9pondre, d\u2019autre part, aux d\u00e9sid\u00e9rata des jeunes demandeurs de formation, passe par l\u2019activation du Conseil de partenariat de la formation et de l\u2019enseignement professionnels, dans chaque wilaya, en tant que m\u00e9canisme pour le d\u00e9veloppement d\u2019une carte des sp\u00e9cialisations et des postes, adapt\u00e9e \u00e0 la r\u00e9alit\u00e9 \u00e9conomique locale. Cela ne pourra \u00eatre r\u00e9alis\u00e9, selon M. Merabi, que par \u00ab\u00a0la collecte de donn\u00e9es dans la carte des besoins de toutes les entreprises \u00e9conomiques\u00a0\u00bb. Le ministre a insist\u00e9, dans le m\u00eame contexte, sur l\u2019importance d\u2019intensifier les campagnes de sensibilisation parmi les \u00e9l\u00e8ves des \u00e9tablissements scolaires, \u00e0 travers les m\u00e9dias et par le truchement des mosqu\u00e9es, pour les attirer vers une formation qualifiante leur permettant d\u2019acqu\u00e9rir de nouvelles comp\u00e9tences. M. Merabi, mettant en exergue \u00ab\u00a0le r\u00f4le des entreprises \u00e9conomiques, locales et \u00e9trang\u00e8res, dans le suivi des parcours de formation \u00e0 travers la conclusion d\u2019accords de partenariat\u00a0\u00bb, a \u00e9voqu\u00e9 \u00ab\u00a0l\u2019importance d\u2019une union entre les \u00e9tablissements du secteur de la formation professionnelle et de l\u2019\u00e9ducation, et l\u2019environnement \u00e9conomique, pour r\u00e9aliser les aspirations de l\u2019Alg\u00e9rie dans ce domaine, notamment en dotant le march\u00e9 du travail d\u2019une main-d\u2019\u0153uvre qualifi\u00e9e\u00a0\u00bb.<\/p>\n\n\n\n<p>Notons que &nbsp;le minist\u00e8re de la Formation et de l&rsquo;enseignement professionnels a mobilis\u00e9 tous les moyens humains et mat\u00e9riels n\u00e9cessaires, \u00e0 savoir les moyens techniques et p\u00e9dagogiques et les \u00e9tablissements de formation estim\u00e9s \u00e0 1.225 structures, en sus des sections d&rsquo;apprentissage ouvertes au niveau des \u00e9tablissements de formation en plus des sp\u00e9cialit\u00e9s contenues dans le programme p\u00e9dagogique de formation professionnelle et inscrites dans la nomenclature des sp\u00e9cialit\u00e9s de la formation professionnelle. La nomenclature relevant du secteur de la formation professionnelle renferme 495 sp\u00e9cialit\u00e9s r\u00e9parties sur 23 fili\u00e8res professionnelles couvrant les principaux domaines d&rsquo;activit\u00e9s. &nbsp;Le secteur insiste, \u00e0 travers les offres de formation, sur les fili\u00e8res professionnelles \u00e0 caract\u00e8re prioritaire comme l&rsquo;industrie, le num\u00e9rique, le b\u00e2timent et les travaux publiques, les m\u00e9tiers de l&rsquo;\u00e9lectricit\u00e9, l&rsquo;agriculture, l&rsquo;h\u00f4tellerie, le tourisme, l&rsquo;artisanat, l&rsquo;eau et l&rsquo;environnement, le secteur ayant conclu plusieurs conventions de partenariat avec les entreprises \u00e9conomiques pour garantir une formation adapt\u00e9e aux exigences de l&rsquo;\u00e9conomie nationale. En pr\u00e9vision de cette rentr\u00e9e, le minist\u00e8re a introduit de nouvelles sp\u00e9cialit\u00e9s importantes pour l&rsquo;\u00e9conomie nationale, dont le dessalement de l&rsquo;eau de mer, entre autres sp\u00e9cialit\u00e9s touchant des m\u00e9tiers relatifs \u00e0 la m\u00e9canique des trains, ainsi qu&rsquo;\u00e0 l&rsquo;\u00e9lectrification et \u00e0 la maintenance du r\u00e9seau ferroviaire. Parmi les sp\u00e9cialit\u00e9s introduites aussi dans le mode de formation par apprentissage dans certaines wilayas, celle de technicien en restauration du patrimoine dans les wilayas de T\u00e9bessa et de Sa\u00efda. La prochaine rentr\u00e9e verra le renforcement de certains dispositifs, \u00e0 l&rsquo;instar du dispositif de la formation au profit des femmes au foyer et la formations en milieu rural, outre la poursuite de l&rsquo;offre de formation au profit des b\u00e9n\u00e9ficiaires de l&rsquo;allocation ch\u00f4mage. Concernant la formation des personnes aux besoins sp\u00e9cifiques, le minist\u00e8re a consacr\u00e9 un programme destin\u00e9 \u00e0 cette cat\u00e9gorie en proposant plus de 500 nouvelles places p\u00e9dagogiques pour cette rentr\u00e9e au niveau des centres sp\u00e9cialis\u00e9s dans les wilayas de Laghouat, Alger, Skikda, Boumerdes et Relizane, outre l&rsquo;ouverture de deux autres centres dans le sud du pays. Le minist\u00e8re de tutelle a organis\u00e9 \u00e9galement des campagnes de sensibilisation pour faire connaitre les diff\u00e9rentes offres et sp\u00e9cialistes de formation professionnelle, et ce \u00e0 travers un programme vari\u00e9 comprenant des activit\u00e9s de proximit\u00e9, des rencontres et des portes ouvertes \u00e0 travers les wilayas du pays, en sus du lancement de larges campagnes de nettoiement des \u00e9tablissements de formation.<\/p>\n\n\n\n<p>Samir Benisid<\/p>\n","protected":false},"excerpt":{"rendered":"<p>Plus de 300.000 nouveaux stagiaires rejoignent d\u00e8s aujourd\u2019hui les \u00e9tablissements de formation professionnelle. La rentr\u00e9e de la formation professionnelle est<\/p>\n","protected":false},"author":3,"featured_media":45880,"comment_status":"open","ping_status":"closed","sticky":false,"template":"","format":"standard","meta":{"colormag_page_container_layout":"default_layout","colormag_page_sidebar_layout":"default_layout","om_disable_all_campaigns":false,"_monsterinsights_skip_tracking":false,"_monsterinsights_sitenote_active":false,"_monsterinsights_sitenote_note":"","_monsterinsights_sitenote_category":0,"footnotes":"","_wpscppro_dont_share_socialmedia":false,"_wpscppro_custom_social_share_image":0,"_facebook_share_type":"","_twitter_share_type":"","_linkedin_share_type":"","_pinterest_share_type":"","_linkedin_share_type_page":"","_instagram_share_type":"","_medium_share_type":"","_threads_share_type":"","_google_business_share_type":"","_selected_social_profile":[],"_wpsp_enable_custom_social_template":false,"_wpsp_social_scheduling":{"enabled":false,"datetime":null,"platforms":[],"status":"template_only","dateOption":"today","timeOption":"now","customDays":"","customHours":"","customDate":"","customTime":"","schedulingType":"absolute"},"_wpsp_active_default_template":true},"categories":[27],"tags":[],"class_list":["post-46105","post","type-post","status-publish","format-standard","has-post-thumbnail","hentry","category-actualite"],"aioseo_notices":[],"yoast_head":"<!-- This site is optimized with the Yoast SEO plugin v27.4 - https:\/\/yoast.com\/product\/yoast-seo-wordpress\/ -->\n<title>Rentr\u00e9e de la formation professionnelle\u00a0: Pour une cartographie des postes d\u2019apprentissage - La Sentinelle<\/title>\n<meta name=\"robots\" content=\"index, follow, max-snippet:-1, max-image-preview:large, max-video-preview:-1\" \/>\n<link rel=\"canonical\" href=\"https:\/\/lasentinelle.dz\/index.php\/2023\/10\/07\/rentree-de-la-formation-professionnelle-pour-une-cartographie-des-postes-dapprentissage\/\" \/>\n<meta property=\"og:locale\" content=\"fr_FR\" \/>\n<meta property=\"og:type\" content=\"article\" \/>\n<meta property=\"og:title\" content=\"Rentr\u00e9e de la formation professionnelle\u00a0: Pour une cartographie des postes d\u2019apprentissage - La Sentinelle\" \/>\n<meta property=\"og:description\" content=\"Plus de 300.000 nouveaux stagiaires rejoignent d\u00e8s aujourd\u2019hui les \u00e9tablissements de formation professionnelle. La rentr\u00e9e de la formation professionnelle est\" \/>\n<meta property=\"og:url\" content=\"https:\/\/lasentinelle.dz\/index.php\/2023\/10\/07\/rentree-de-la-formation-professionnelle-pour-une-cartographie-des-postes-dapprentissage\/\" \/>\n<meta property=\"og:site_name\" content=\"La Sentinelle\" \/>\n<meta property=\"article:publisher\" content=\"https:\/\/www.facebook.com\/La-Sentinelle-104059864394773\" \/>\n<meta property=\"article:published_time\" content=\"2023-10-07T19:55:25+00:00\" \/>\n<meta property=\"article:modified_time\" content=\"2023-10-07T19:55:27+00:00\" \/>\n<meta property=\"og:image\" content=\"https:\/\/lasentinelle.dz\/wp-content\/uploads\/2023\/09\/formation.jpeg\" \/>\n\t<meta property=\"og:image:width\" content=\"620\" \/>\n\t<meta property=\"og:image:height\" content=\"350\" \/>\n\t<meta property=\"og:image:type\" content=\"image\/jpeg\" \/>\n<meta name=\"author\" content=\"La Sentinelle\" \/>\n<meta name=\"twitter:card\" content=\"summary_large_image\" \/>\n<meta name=\"twitter:label1\" content=\"\u00c9crit par\" \/>\n\t<meta name=\"twitter:data1\" content=\"La Sentinelle\" \/>\n\t<meta name=\"twitter:label2\" content=\"Dur\u00e9e de lecture estim\u00e9e\" \/>\n\t<meta name=\"twitter:data2\" content=\"4 minutes\" \/>\n<script type=\"application\/ld+json\" class=\"yoast-schema-graph\">{\"@context\":\"https:\\\/\\\/schema.org\",\"@graph\":[{\"@type\":\"Article\",\"@id\":\"https:\\\/\\\/lasentinelle.dz\\\/index.php\\\/2023\\\/10\\\/07\\\/rentree-de-la-formation-professionnelle-pour-une-cartographie-des-postes-dapprentissage\\\/#article\",\"isPartOf\":{\"@id\":\"https:\\\/\\\/lasentinelle.dz\\\/index.php\\\/2023\\\/10\\\/07\\\/rentree-de-la-formation-professionnelle-pour-une-cartographie-des-postes-dapprentissage\\\/\"},\"author\":{\"name\":\"La Sentinelle\",\"@id\":\"https:\\\/\\\/lasentinelle.dz\\\/#\\\/schema\\\/person\\\/d865044e22e70a75174ce8bcad3acfb3\"},\"headline\":\"Rentr\u00e9e de la formation professionnelle\u00a0: Pour une cartographie des postes d\u2019apprentissage\",\"datePublished\":\"2023-10-07T19:55:25+00:00\",\"dateModified\":\"2023-10-07T19:55:27+00:00\",\"mainEntityOfPage\":{\"@id\":\"https:\\\/\\\/lasentinelle.dz\\\/index.php\\\/2023\\\/10\\\/07\\\/rentree-de-la-formation-professionnelle-pour-une-cartographie-des-postes-dapprentissage\\\/\"},\"wordCount\":864,\"commentCount\":0,\"publisher\":{\"@id\":\"https:\\\/\\\/lasentinelle.dz\\\/#organization\"},\"image\":{\"@id\":\"https:\\\/\\\/lasentinelle.dz\\\/index.php\\\/2023\\\/10\\\/07\\\/rentree-de-la-formation-professionnelle-pour-une-cartographie-des-postes-dapprentissage\\\/#primaryimage\"},\"thumbnailUrl\":\"https:\\\/\\\/lasentinelle.dz\\\/wp-content\\\/uploads\\\/2023\\\/09\\\/formation.jpeg\",\"articleSection\":[\"Actualit\u00e9\"],\"inLanguage\":\"fr-FR\",\"potentialAction\":[{\"@type\":\"CommentAction\",\"name\":\"Comment\",\"target\":[\"https:\\\/\\\/lasentinelle.dz\\\/index.php\\\/2023\\\/10\\\/07\\\/rentree-de-la-formation-professionnelle-pour-une-cartographie-des-postes-dapprentissage\\\/#respond\"]}]},{\"@type\":\"WebPage\",\"@id\":\"https:\\\/\\\/lasentinelle.dz\\\/index.php\\\/2023\\\/10\\\/07\\\/rentree-de-la-formation-professionnelle-pour-une-cartographie-des-postes-dapprentissage\\\/\",\"url\":\"https:\\\/\\\/lasentinelle.dz\\\/index.php\\\/2023\\\/10\\\/07\\\/rentree-de-la-formation-professionnelle-pour-une-cartographie-des-postes-dapprentissage\\\/\",\"name\":\"Rentr\u00e9e de la formation professionnelle\u00a0: Pour une cartographie des postes d\u2019apprentissage - La Sentinelle\",\"isPartOf\":{\"@id\":\"https:\\\/\\\/lasentinelle.dz\\\/#website\"},\"primaryImageOfPage\":{\"@id\":\"https:\\\/\\\/lasentinelle.dz\\\/index.php\\\/2023\\\/10\\\/07\\\/rentree-de-la-formation-professionnelle-pour-une-cartographie-des-postes-dapprentissage\\\/#primaryimage\"},\"image\":{\"@id\":\"https:\\\/\\\/lasentinelle.dz\\\/index.php\\\/2023\\\/10\\\/07\\\/rentree-de-la-formation-professionnelle-pour-une-cartographie-des-postes-dapprentissage\\\/#primaryimage\"},\"thumbnailUrl\":\"https:\\\/\\\/lasentinelle.dz\\\/wp-content\\\/uploads\\\/2023\\\/09\\\/formation.jpeg\",\"datePublished\":\"2023-10-07T19:55:25+00:00\",\"dateModified\":\"2023-10-07T19:55:27+00:00\",\"breadcrumb\":{\"@id\":\"https:\\\/\\\/lasentinelle.dz\\\/index.php\\\/2023\\\/10\\\/07\\\/rentree-de-la-formation-professionnelle-pour-une-cartographie-des-postes-dapprentissage\\\/#breadcrumb\"},\"inLanguage\":\"fr-FR\",\"potentialAction\":[{\"@type\":\"ReadAction\",\"target\":[\"https:\\\/\\\/lasentinelle.dz\\\/index.php\\\/2023\\\/10\\\/07\\\/rentree-de-la-formation-professionnelle-pour-une-cartographie-des-postes-dapprentissage\\\/\"]}]},{\"@type\":\"ImageObject\",\"inLanguage\":\"fr-FR\",\"@id\":\"https:\\\/\\\/lasentinelle.dz\\\/index.php\\\/2023\\\/10\\\/07\\\/rentree-de-la-formation-professionnelle-pour-une-cartographie-des-postes-dapprentissage\\\/#primaryimage\",\"url\":\"https:\\\/\\\/lasentinelle.dz\\\/wp-content\\\/uploads\\\/2023\\\/09\\\/formation.jpeg\",\"contentUrl\":\"https:\\\/\\\/lasentinelle.dz\\\/wp-content\\\/uploads\\\/2023\\\/09\\\/formation.jpeg\",\"width\":620,\"height\":350},{\"@type\":\"BreadcrumbList\",\"@id\":\"https:\\\/\\\/lasentinelle.dz\\\/index.php\\\/2023\\\/10\\\/07\\\/rentree-de-la-formation-professionnelle-pour-une-cartographie-des-postes-dapprentissage\\\/#breadcrumb\",\"itemListElement\":[{\"@type\":\"ListItem\",\"position\":1,\"name\":\"Accueil\",\"item\":\"https:\\\/\\\/lasentinelle.dz\\\/\"},{\"@type\":\"ListItem\",\"position\":2,\"name\":\"Rentr\u00e9e de la formation professionnelle\u00a0: Pour une cartographie des postes d\u2019apprentissage\"}]},{\"@type\":\"WebSite\",\"@id\":\"https:\\\/\\\/lasentinelle.dz\\\/#website\",\"url\":\"https:\\\/\\\/lasentinelle.dz\\\/\",\"name\":\"La Sentinelle\",\"description\":\"Quotidien national d&#039;information\",\"publisher\":{\"@id\":\"https:\\\/\\\/lasentinelle.dz\\\/#organization\"},\"potentialAction\":[{\"@type\":\"SearchAction\",\"target\":{\"@type\":\"EntryPoint\",\"urlTemplate\":\"https:\\\/\\\/lasentinelle.dz\\\/?s={search_term_string}\"},\"query-input\":{\"@type\":\"PropertyValueSpecification\",\"valueRequired\":true,\"valueName\":\"search_term_string\"}}],\"inLanguage\":\"fr-FR\"},{\"@type\":\"Organization\",\"@id\":\"https:\\\/\\\/lasentinelle.dz\\\/#organization\",\"name\":\"Quotidien La Sentinelle\",\"url\":\"https:\\\/\\\/lasentinelle.dz\\\/\",\"logo\":{\"@type\":\"ImageObject\",\"inLanguage\":\"fr-FR\",\"@id\":\"https:\\\/\\\/lasentinelle.dz\\\/#\\\/schema\\\/logo\\\/image\\\/\",\"url\":\"https:\\\/\\\/lasentinelle.dz\\\/wp-content\\\/uploads\\\/2021\\\/09\\\/logo-sentinelleSLOGAN-1.png\",\"contentUrl\":\"https:\\\/\\\/lasentinelle.dz\\\/wp-content\\\/uploads\\\/2021\\\/09\\\/logo-sentinelleSLOGAN-1.png\",\"width\":615,\"height\":142,\"caption\":\"Quotidien La Sentinelle\"},\"image\":{\"@id\":\"https:\\\/\\\/lasentinelle.dz\\\/#\\\/schema\\\/logo\\\/image\\\/\"},\"sameAs\":[\"https:\\\/\\\/www.facebook.com\\\/La-Sentinelle-104059864394773\"]},{\"@type\":\"Person\",\"@id\":\"https:\\\/\\\/lasentinelle.dz\\\/#\\\/schema\\\/person\\\/d865044e22e70a75174ce8bcad3acfb3\",\"name\":\"La Sentinelle\",\"image\":{\"@type\":\"ImageObject\",\"inLanguage\":\"fr-FR\",\"@id\":\"https:\\\/\\\/secure.gravatar.com\\\/avatar\\\/57de8e5d4b15d43fb361a71fbb36338450fe67865b528a43dd10ef7c51a20392?s=96&d=mm&r=g\",\"url\":\"https:\\\/\\\/secure.gravatar.com\\\/avatar\\\/57de8e5d4b15d43fb361a71fbb36338450fe67865b528a43dd10ef7c51a20392?s=96&d=mm&r=g\",\"contentUrl\":\"https:\\\/\\\/secure.gravatar.com\\\/avatar\\\/57de8e5d4b15d43fb361a71fbb36338450fe67865b528a43dd10ef7c51a20392?s=96&d=mm&r=g\",\"caption\":\"La Sentinelle\"},\"sameAs\":[\"http:\\\/\\\/www.lasentinelle.dz\"],\"url\":\"https:\\\/\\\/lasentinelle.dz\\\/author\\\/redaction\\\/\"}]}<\/script>\n<!-- \/ Yoast SEO plugin. -->","yoast_head_json":{"title":"Rentr\u00e9e de la formation professionnelle\u00a0: Pour une cartographie des postes d\u2019apprentissage - La Sentinelle","robots":{"index":"index","follow":"follow","max-snippet":"max-snippet:-1","max-image-preview":"max-image-preview:large","max-video-preview":"max-video-preview:-1"},"canonical":"https:\/\/lasentinelle.dz\/index.php\/2023\/10\/07\/rentree-de-la-formation-professionnelle-pour-une-cartographie-des-postes-dapprentissage\/","og_locale":"fr_FR","og_type":"article","og_title":"Rentr\u00e9e de la formation professionnelle\u00a0: Pour une cartographie des postes d\u2019apprentissage - La Sentinelle","og_description":"Plus de 300.000 nouveaux stagiaires rejoignent d\u00e8s aujourd\u2019hui les \u00e9tablissements de formation professionnelle. La rentr\u00e9e de la formation professionnelle est","og_url":"https:\/\/lasentinelle.dz\/index.php\/2023\/10\/07\/rentree-de-la-formation-professionnelle-pour-une-cartographie-des-postes-dapprentissage\/","og_site_name":"La Sentinelle","article_publisher":"https:\/\/www.facebook.com\/La-Sentinelle-104059864394773","article_published_time":"2023-10-07T19:55:25+00:00","article_modified_time":"2023-10-07T19:55:27+00:00","og_image":[{"width":620,"height":350,"url":"https:\/\/lasentinelle.dz\/wp-content\/uploads\/2023\/09\/formation.jpeg","type":"image\/jpeg"}],"author":"La Sentinelle","twitter_card":"summary_large_image","twitter_misc":{"\u00c9crit par":"La Sentinelle","Dur\u00e9e de lecture estim\u00e9e":"4 minutes"},"schema":{"@context":"https:\/\/schema.org","@graph":[{"@type":"Article","@id":"https:\/\/lasentinelle.dz\/index.php\/2023\/10\/07\/rentree-de-la-formation-professionnelle-pour-une-cartographie-des-postes-dapprentissage\/#article","isPartOf":{"@id":"https:\/\/lasentinelle.dz\/index.php\/2023\/10\/07\/rentree-de-la-formation-professionnelle-pour-une-cartographie-des-postes-dapprentissage\/"},"author":{"name":"La Sentinelle","@id":"https:\/\/lasentinelle.dz\/#\/schema\/person\/d865044e22e70a75174ce8bcad3acfb3"},"headline":"Rentr\u00e9e de la formation professionnelle\u00a0: Pour une cartographie des postes d\u2019apprentissage","datePublished":"2023-10-07T19:55:25+00:00","dateModified":"2023-10-07T19:55:27+00:00","mainEntityOfPage":{"@id":"https:\/\/lasentinelle.dz\/index.php\/2023\/10\/07\/rentree-de-la-formation-professionnelle-pour-une-cartographie-des-postes-dapprentissage\/"},"wordCount":864,"commentCount":0,"publisher":{"@id":"https:\/\/lasentinelle.dz\/#organization"},"image":{"@id":"https:\/\/lasentinelle.dz\/index.php\/2023\/10\/07\/rentree-de-la-formation-professionnelle-pour-une-cartographie-des-postes-dapprentissage\/#primaryimage"},"thumbnailUrl":"https:\/\/lasentinelle.dz\/wp-content\/uploads\/2023\/09\/formation.jpeg","articleSection":["Actualit\u00e9"],"inLanguage":"fr-FR","potentialAction":[{"@type":"CommentAction","name":"Comment","target":["https:\/\/lasentinelle.dz\/index.php\/2023\/10\/07\/rentree-de-la-formation-professionnelle-pour-une-cartographie-des-postes-dapprentissage\/#respond"]}]},{"@type":"WebPage","@id":"https:\/\/lasentinelle.dz\/index.php\/2023\/10\/07\/rentree-de-la-formation-professionnelle-pour-une-cartographie-des-postes-dapprentissage\/","url":"https:\/\/lasentinelle.dz\/index.php\/2023\/10\/07\/rentree-de-la-formation-professionnelle-pour-une-cartographie-des-postes-dapprentissage\/","name":"Rentr\u00e9e de la formation professionnelle\u00a0: Pour une cartographie des postes d\u2019apprentissage - La Sentinelle","isPartOf":{"@id":"https:\/\/lasentinelle.dz\/#website"},"primaryImageOfPage":{"@id":"https:\/\/lasentinelle.dz\/index.php\/2023\/10\/07\/rentree-de-la-formation-professionnelle-pour-une-cartographie-des-postes-dapprentissage\/#primaryimage"},"image":{"@id":"https:\/\/lasentinelle.dz\/index.php\/2023\/10\/07\/rentree-de-la-formation-professionnelle-pour-une-cartographie-des-postes-dapprentissage\/#primaryimage"},"thumbnailUrl":"https:\/\/lasentinelle.dz\/wp-content\/uploads\/2023\/09\/formation.jpeg","datePublished":"2023-10-07T19:55:25+00:00","dateModified":"2023-10-07T19:55:27+00:00","breadcrumb":{"@id":"https:\/\/lasentinelle.dz\/index.php\/2023\/10\/07\/rentree-de-la-formation-professionnelle-pour-une-cartographie-des-postes-dapprentissage\/#breadcrumb"},"inLanguage":"fr-FR","potentialAction":[{"@type":"ReadAction","target":["https:\/\/lasentinelle.dz\/index.php\/2023\/10\/07\/rentree-de-la-formation-professionnelle-pour-une-cartographie-des-postes-dapprentissage\/"]}]},{"@type":"ImageObject","inLanguage":"fr-FR","@id":"https:\/\/lasentinelle.dz\/index.php\/2023\/10\/07\/rentree-de-la-formation-professionnelle-pour-une-cartographie-des-postes-dapprentissage\/#primaryimage","url":"https:\/\/lasentinelle.dz\/wp-content\/uploads\/2023\/09\/formation.jpeg","contentUrl":"https:\/\/lasentinelle.dz\/wp-content\/uploads\/2023\/09\/formation.jpeg","width":620,"height":350},{"@type":"BreadcrumbList","@id":"https:\/\/lasentinelle.dz\/index.php\/2023\/10\/07\/rentree-de-la-formation-professionnelle-pour-une-cartographie-des-postes-dapprentissage\/#breadcrumb","itemListElement":[{"@type":"ListItem","position":1,"name":"Accueil","item":"https:\/\/lasentinelle.dz\/"},{"@type":"ListItem","position":2,"name":"Rentr\u00e9e de la formation professionnelle\u00a0: Pour une cartographie des postes d\u2019apprentissage"}]},{"@type":"WebSite","@id":"https:\/\/lasentinelle.dz\/#website","url":"https:\/\/lasentinelle.dz\/","name":"La Sentinelle","description":"Quotidien national d&#039;information","publisher":{"@id":"https:\/\/lasentinelle.dz\/#organization"},"potentialAction":[{"@type":"SearchAction","target":{"@type":"EntryPoint","urlTemplate":"https:\/\/lasentinelle.dz\/?s={search_term_string}"},"query-input":{"@type":"PropertyValueSpecification","valueRequired":true,"valueName":"search_term_string"}}],"inLanguage":"fr-FR"},{"@type":"Organization","@id":"https:\/\/lasentinelle.dz\/#organization","name":"Quotidien La Sentinelle","url":"https:\/\/lasentinelle.dz\/","logo":{"@type":"ImageObject","inLanguage":"fr-FR","@id":"https:\/\/lasentinelle.dz\/#\/schema\/logo\/image\/","url":"https:\/\/lasentinelle.dz\/wp-content\/uploads\/2021\/09\/logo-sentinelleSLOGAN-1.png","contentUrl":"https:\/\/lasentinelle.dz\/wp-content\/uploads\/2021\/09\/logo-sentinelleSLOGAN-1.png","width":615,"height":142,"caption":"Quotidien La Sentinelle"},"image":{"@id":"https:\/\/lasentinelle.dz\/#\/schema\/logo\/image\/"},"sameAs":["https:\/\/www.facebook.com\/La-Sentinelle-104059864394773"]},{"@type":"Person","@id":"https:\/\/lasentinelle.dz\/#\/schema\/person\/d865044e22e70a75174ce8bcad3acfb3","name":"La Sentinelle","image":{"@type":"ImageObject","inLanguage":"fr-FR","@id":"https:\/\/secure.gravatar.com\/avatar\/57de8e5d4b15d43fb361a71fbb36338450fe67865b528a43dd10ef7c51a20392?s=96&d=mm&r=g","url":"https:\/\/secure.gravatar.com\/avatar\/57de8e5d4b15d43fb361a71fbb36338450fe67865b528a43dd10ef7c51a20392?s=96&d=mm&r=g","contentUrl":"https:\/\/secure.gravatar.com\/avatar\/57de8e5d4b15d43fb361a71fbb36338450fe67865b528a43dd10ef7c51a20392?s=96&d=mm&r=g","caption":"La Sentinelle"},"sameAs":["http:\/\/www.lasentinelle.dz"],"url":"https:\/\/lasentinelle.dz\/author\/redaction\/"}]}},"_links":{"self":[{"href":"https:\/\/lasentinelle.dz\/index.php\/wp-json\/wp\/v2\/posts\/46105","targetHints":{"allow":["GET"]}}],"collection":[{"href":"https:\/\/lasentinelle.dz\/index.php\/wp-json\/wp\/v2\/posts"}],"about":[{"href":"https:\/\/lasentinelle.dz\/index.php\/wp-json\/wp\/v2\/types\/post"}],"author":[{"embeddable":true,"href":"https:\/\/lasentinelle.dz\/index.php\/wp-json\/wp\/v2\/users\/3"}],"replies":[{"embeddable":true,"href":"https:\/\/lasentinelle.dz\/index.php\/wp-json\/wp\/v2\/comments?post=46105"}],"version-history":[{"count":1,"href":"https:\/\/lasentinelle.dz\/index.php\/wp-json\/wp\/v2\/posts\/46105\/revisions"}],"predecessor-version":[{"id":46106,"href":"https:\/\/lasentinelle.dz\/index.php\/wp-json\/wp\/v2\/posts\/46105\/revisions\/46106"}],"wp:featuredmedia":[{"embeddable":true,"href":"https:\/\/lasentinelle.dz\/index.php\/wp-json\/wp\/v2\/media\/45880"}],"wp:attachment":[{"href":"https:\/\/lasentinelle.dz\/index.php\/wp-json\/wp\/v2\/media?parent=46105"}],"wp:term":[{"taxonomy":"category","embeddable":true,"href":"https:\/\/lasentinelle.dz\/index.php\/wp-json\/wp\/v2\/categories?post=46105"},{"taxonomy":"post_tag","embeddable":true,"href":"https:\/\/lasentinelle.dz\/index.php\/wp-json\/wp\/v2\/tags?post=46105"}],"curies":[{"name":"wp","href":"https:\/\/api.w.org\/{rel}","templated":true}]}}