{"id":46158,"date":"2023-10-09T21:23:12","date_gmt":"2023-10-09T20:23:12","guid":{"rendered":"https:\/\/lasentinelle.dz\/?p=46158"},"modified":"2023-10-09T21:23:16","modified_gmt":"2023-10-09T20:23:16","slug":"le-president-de-la-republique-recoit-un-appel-telephonique-de-son-homologue-palestinien","status":"publish","type":"post","link":"https:\/\/lasentinelle.dz\/index.php\/2023\/10\/09\/le-president-de-la-republique-recoit-un-appel-telephonique-de-son-homologue-palestinien\/","title":{"rendered":"Le Pr\u00e9sident de la R\u00e9publique re\u00e7oit un appel t\u00e9l\u00e9phonique de son homologue palestinien"},"content":{"rendered":"\n<p><strong>La solidarit\u00e9 de l\u2019Alg\u00e9rie avec la Palestine r\u00e9it\u00e9r\u00e9e<\/strong><\/p>\n\n\n\n<p>Le pr\u00e9sident de la R\u00e9publique, M. Abdelmadjid Tebboune a re\u00e7u un appel t\u00e9l\u00e9phonique de son fr\u00e8re le pr\u00e9sident de l&rsquo;Etat de Palestine occup\u00e9e, M. Mahmoud Abbas, a indiqu\u00e9 hier un communiqu\u00e9 de la Pr\u00e9sidence de la R\u00e9publique. M.Abbas a inform\u00e9 le pr\u00e9sident de la R\u00e9publique \u00ab\u00a0des exactions graves commises par les forces de l&rsquo;occupation contre le peuple palestinien dans la bande de Ghaza et en Cisjordanie\u00a0\u00bb, pr\u00e9cise le communiqu\u00e9. Le Pr\u00e9sident Tebboune a r\u00e9it\u00e9r\u00e9 au pr\u00e9sident palestinien \u00ab\u00a0l&rsquo;enti\u00e8re solidarit\u00e9 de l&rsquo;Alg\u00e9rie, peuple et gouvernement, avec le peuple palestinien fr\u00e8re\u00a0\u00bb, soulignant que \u00ab\u00a0ces d\u00e9veloppements rappellent \u00e0 tous que la paix juste et globale en tant qu&rsquo;option strat\u00e9gique ne peut se concr\u00e9tiser que par l&rsquo;\u00e9tablissement d&rsquo;un Etat palestinien ind\u00e9pendant souverain avec Al Qods comme capitale conform\u00e9ment \u00e0 la l\u00e9galit\u00e9 internationale et \u00e0 l&rsquo;initiative de paix arabe\u00a0\u00bb. Pour sa part, le Pr\u00e9sident Abbas a exprim\u00e9 au pr\u00e9sident de la R\u00e9publique \u00ab\u00a0ses vifs remerciements et sa consid\u00e9ration pour la position de soutien ferme de l&rsquo;Alg\u00e9rie en faveur de la cause palestinienne juste\u00a0\u00bb, conclut le communiqu\u00e9.&nbsp;<\/p>\n\n\n\n<p>Notons que le Forum de la fraternit\u00e9 alg\u00e9ro-palestinienne a appel\u00e9, hierdans un communiqu\u00e9, l&rsquo;ONU \u00e0 assumer ses responsabilit\u00e9s face \u00e0 l&rsquo;agression de Ghaza par l&rsquo;entit\u00e9 sioniste depuis trois jours, saluant l&rsquo;appel du pr\u00e9sident de la R\u00e9publique, M. Abdelmadjid Tebboune, en faveur de l&rsquo;octroi \u00e0 la Palestine de la qualit\u00e9 de membre \u00e0 part enti\u00e8re des Nations Unies. Le forum a salu\u00e9 les vaillants h\u00e9ros de Ghaza, leur exprimant sa pleine solidarit\u00e9 dans cette conjoncture historique, o\u00f9 les nouvelles de la victoire de la r\u00e9sistance et de la d\u00e9faite des sionistes se succ\u00e8dent. Mettant en avant les positions \u00ab\u00a0constantes\u00a0\u00bb de l&rsquo;Alg\u00e9rie envers le peuple palestinien fr\u00e8re, telles qu&rsquo;exprim\u00e9es dans le communiqu\u00e9 du minist\u00e8re des Affaires \u00e9trang\u00e8res, le forum a lou\u00e9 les efforts du Pr\u00e9sident Tebboune pour l&rsquo;unification des rangs palestiniens et arabes et son appel \u00e0 replacer la cause palestinienne au centre des priorit\u00e9s arabes et \u00e0 octroyer \u00e0 la Palestine la qualit\u00e9 de membre \u00e0 part enti\u00e8re \u00e0 l&rsquo;ONU. Apr\u00e8s avoir demand\u00e9 aux partisans de la normalisation avec l&rsquo;entit\u00e9 sioniste de revoir leurs positions, de tirer des enseignements de l&rsquo;\u00e9pop\u00e9e du 7 octobre et de d\u00e9fendre les causes de leurs fr\u00e8res, le forum a exhort\u00e9 les forces vives et nationales de la nation islamique \u00e0 \u00ab\u00a0soutenir leurs fr\u00e8res palestiniens\u00a0\u00bb.<\/p>\n\n\n\n<p>R.I.<\/p>\n","protected":false},"excerpt":{"rendered":"<p>La solidarit\u00e9 de l\u2019Alg\u00e9rie avec la Palestine r\u00e9it\u00e9r\u00e9e Le pr\u00e9sident de la R\u00e9publique, M. Abdelmadjid Tebboune a re\u00e7u un appel<\/p>\n","protected":false},"author":3,"featured_media":46159,"comment_status":"open","ping_status":"closed","sticky":false,"template":"","format":"standard","meta":{"colormag_page_container_layout":"default_layout","colormag_page_sidebar_layout":"default_layout","om_disable_all_campaigns":false,"_monsterinsights_skip_tracking":false,"_monsterinsights_sitenote_active":false,"_monsterinsights_sitenote_note":"","_monsterinsights_sitenote_category":0,"footnotes":"","_wpscppro_dont_share_socialmedia":false,"_wpscppro_custom_social_share_image":0,"_facebook_share_type":"","_twitter_share_type":"","_linkedin_share_type":"","_pinterest_share_type":"","_linkedin_share_type_page":"","_instagram_share_type":"","_medium_share_type":"","_threads_share_type":"","_google_business_share_type":"","_selected_social_profile":[],"_wpsp_enable_custom_social_template":false,"_wpsp_social_scheduling":{"enabled":false,"datetime":null,"platforms":[],"status":"template_only","dateOption":"today","timeOption":"now","customDays":"","customHours":"","customDate":"","customTime":"","schedulingType":"absolute"},"_wpsp_active_default_template":true},"categories":[37],"tags":[],"class_list":["post-46158","post","type-post","status-publish","format-standard","has-post-thumbnail","hentry","category-monde"],"aioseo_notices":[],"yoast_head":"<!-- This site is optimized with the Yoast SEO plugin v27.5 - https:\/\/yoast.com\/product\/yoast-seo-wordpress\/ -->\n<title>Le Pr\u00e9sident de la R\u00e9publique re\u00e7oit un appel t\u00e9l\u00e9phonique de son homologue palestinien - La Sentinelle<\/title>\n<meta name=\"robots\" content=\"index, follow, max-snippet:-1, max-image-preview:large, max-video-preview:-1\" \/>\n<link rel=\"canonical\" href=\"https:\/\/lasentinelle.dz\/index.php\/2023\/10\/09\/le-president-de-la-republique-recoit-un-appel-telephonique-de-son-homologue-palestinien\/\" \/>\n<meta property=\"og:locale\" content=\"fr_FR\" \/>\n<meta property=\"og:type\" content=\"article\" \/>\n<meta property=\"og:title\" content=\"Le Pr\u00e9sident de la R\u00e9publique re\u00e7oit un appel t\u00e9l\u00e9phonique de son homologue palestinien - La Sentinelle\" \/>\n<meta property=\"og:description\" content=\"La solidarit\u00e9 de l\u2019Alg\u00e9rie avec la Palestine r\u00e9it\u00e9r\u00e9e Le pr\u00e9sident de la R\u00e9publique, M. Abdelmadjid Tebboune a re\u00e7u un appel\" \/>\n<meta property=\"og:url\" content=\"https:\/\/lasentinelle.dz\/index.php\/2023\/10\/09\/le-president-de-la-republique-recoit-un-appel-telephonique-de-son-homologue-palestinien\/\" \/>\n<meta property=\"og:site_name\" content=\"La Sentinelle\" \/>\n<meta property=\"article:publisher\" content=\"https:\/\/www.facebook.com\/La-Sentinelle-104059864394773\" \/>\n<meta property=\"article:published_time\" content=\"2023-10-09T20:23:12+00:00\" \/>\n<meta property=\"article:modified_time\" content=\"2023-10-09T20:23:16+00:00\" \/>\n<meta property=\"og:image\" content=\"https:\/\/lasentinelle.dz\/wp-content\/uploads\/2023\/10\/tebboune-abbas.jpeg\" \/>\n\t<meta property=\"og:image:width\" content=\"270\" \/>\n\t<meta property=\"og:image:height\" content=\"187\" \/>\n\t<meta property=\"og:image:type\" content=\"image\/jpeg\" \/>\n<meta name=\"author\" content=\"La Sentinelle\" \/>\n<meta name=\"twitter:card\" content=\"summary_large_image\" \/>\n<meta name=\"twitter:label1\" content=\"\u00c9crit par\" \/>\n\t<meta name=\"twitter:data1\" content=\"La Sentinelle\" \/>\n\t<meta name=\"twitter:label2\" content=\"Dur\u00e9e de lecture estim\u00e9e\" \/>\n\t<meta name=\"twitter:data2\" content=\"2 minutes\" \/>\n<script type=\"application\/ld+json\" class=\"yoast-schema-graph\">{\"@context\":\"https:\\\/\\\/schema.org\",\"@graph\":[{\"@type\":\"Article\",\"@id\":\"https:\\\/\\\/lasentinelle.dz\\\/index.php\\\/2023\\\/10\\\/09\\\/le-president-de-la-republique-recoit-un-appel-telephonique-de-son-homologue-palestinien\\\/#article\",\"isPartOf\":{\"@id\":\"https:\\\/\\\/lasentinelle.dz\\\/index.php\\\/2023\\\/10\\\/09\\\/le-president-de-la-republique-recoit-un-appel-telephonique-de-son-homologue-palestinien\\\/\"},\"author\":{\"name\":\"La Sentinelle\",\"@id\":\"https:\\\/\\\/lasentinelle.dz\\\/#\\\/schema\\\/person\\\/d865044e22e70a75174ce8bcad3acfb3\"},\"headline\":\"Le Pr\u00e9sident de la R\u00e9publique re\u00e7oit un appel t\u00e9l\u00e9phonique de son homologue palestinien\",\"datePublished\":\"2023-10-09T20:23:12+00:00\",\"dateModified\":\"2023-10-09T20:23:16+00:00\",\"mainEntityOfPage\":{\"@id\":\"https:\\\/\\\/lasentinelle.dz\\\/index.php\\\/2023\\\/10\\\/09\\\/le-president-de-la-republique-recoit-un-appel-telephonique-de-son-homologue-palestinien\\\/\"},\"wordCount\":474,\"commentCount\":0,\"publisher\":{\"@id\":\"https:\\\/\\\/lasentinelle.dz\\\/#organization\"},\"image\":{\"@id\":\"https:\\\/\\\/lasentinelle.dz\\\/index.php\\\/2023\\\/10\\\/09\\\/le-president-de-la-republique-recoit-un-appel-telephonique-de-son-homologue-palestinien\\\/#primaryimage\"},\"thumbnailUrl\":\"https:\\\/\\\/lasentinelle.dz\\\/wp-content\\\/uploads\\\/2023\\\/10\\\/tebboune-abbas.jpeg\",\"articleSection\":[\"Monde\"],\"inLanguage\":\"fr-FR\",\"potentialAction\":[{\"@type\":\"CommentAction\",\"name\":\"Comment\",\"target\":[\"https:\\\/\\\/lasentinelle.dz\\\/index.php\\\/2023\\\/10\\\/09\\\/le-president-de-la-republique-recoit-un-appel-telephonique-de-son-homologue-palestinien\\\/#respond\"]}]},{\"@type\":\"WebPage\",\"@id\":\"https:\\\/\\\/lasentinelle.dz\\\/index.php\\\/2023\\\/10\\\/09\\\/le-president-de-la-republique-recoit-un-appel-telephonique-de-son-homologue-palestinien\\\/\",\"url\":\"https:\\\/\\\/lasentinelle.dz\\\/index.php\\\/2023\\\/10\\\/09\\\/le-president-de-la-republique-recoit-un-appel-telephonique-de-son-homologue-palestinien\\\/\",\"name\":\"Le Pr\u00e9sident de la R\u00e9publique re\u00e7oit un appel t\u00e9l\u00e9phonique de son homologue palestinien - La Sentinelle\",\"isPartOf\":{\"@id\":\"https:\\\/\\\/lasentinelle.dz\\\/#website\"},\"primaryImageOfPage\":{\"@id\":\"https:\\\/\\\/lasentinelle.dz\\\/index.php\\\/2023\\\/10\\\/09\\\/le-president-de-la-republique-recoit-un-appel-telephonique-de-son-homologue-palestinien\\\/#primaryimage\"},\"image\":{\"@id\":\"https:\\\/\\\/lasentinelle.dz\\\/index.php\\\/2023\\\/10\\\/09\\\/le-president-de-la-republique-recoit-un-appel-telephonique-de-son-homologue-palestinien\\\/#primaryimage\"},\"thumbnailUrl\":\"https:\\\/\\\/lasentinelle.dz\\\/wp-content\\\/uploads\\\/2023\\\/10\\\/tebboune-abbas.jpeg\",\"datePublished\":\"2023-10-09T20:23:12+00:00\",\"dateModified\":\"2023-10-09T20:23:16+00:00\",\"breadcrumb\":{\"@id\":\"https:\\\/\\\/lasentinelle.dz\\\/index.php\\\/2023\\\/10\\\/09\\\/le-president-de-la-republique-recoit-un-appel-telephonique-de-son-homologue-palestinien\\\/#breadcrumb\"},\"inLanguage\":\"fr-FR\",\"potentialAction\":[{\"@type\":\"ReadAction\",\"target\":[\"https:\\\/\\\/lasentinelle.dz\\\/index.php\\\/2023\\\/10\\\/09\\\/le-president-de-la-republique-recoit-un-appel-telephonique-de-son-homologue-palestinien\\\/\"]}]},{\"@type\":\"ImageObject\",\"inLanguage\":\"fr-FR\",\"@id\":\"https:\\\/\\\/lasentinelle.dz\\\/index.php\\\/2023\\\/10\\\/09\\\/le-president-de-la-republique-recoit-un-appel-telephonique-de-son-homologue-palestinien\\\/#primaryimage\",\"url\":\"https:\\\/\\\/lasentinelle.dz\\\/wp-content\\\/uploads\\\/2023\\\/10\\\/tebboune-abbas.jpeg\",\"contentUrl\":\"https:\\\/\\\/lasentinelle.dz\\\/wp-content\\\/uploads\\\/2023\\\/10\\\/tebboune-abbas.jpeg\",\"width\":270,\"height\":187},{\"@type\":\"BreadcrumbList\",\"@id\":\"https:\\\/\\\/lasentinelle.dz\\\/index.php\\\/2023\\\/10\\\/09\\\/le-president-de-la-republique-recoit-un-appel-telephonique-de-son-homologue-palestinien\\\/#breadcrumb\",\"itemListElement\":[{\"@type\":\"ListItem\",\"position\":1,\"name\":\"Accueil\",\"item\":\"https:\\\/\\\/lasentinelle.dz\\\/\"},{\"@type\":\"ListItem\",\"position\":2,\"name\":\"Le Pr\u00e9sident de la R\u00e9publique re\u00e7oit un appel t\u00e9l\u00e9phonique de son homologue palestinien\"}]},{\"@type\":\"WebSite\",\"@id\":\"https:\\\/\\\/lasentinelle.dz\\\/#website\",\"url\":\"https:\\\/\\\/lasentinelle.dz\\\/\",\"name\":\"La Sentinelle\",\"description\":\"Quotidien national d&#039;information\",\"publisher\":{\"@id\":\"https:\\\/\\\/lasentinelle.dz\\\/#organization\"},\"potentialAction\":[{\"@type\":\"SearchAction\",\"target\":{\"@type\":\"EntryPoint\",\"urlTemplate\":\"https:\\\/\\\/lasentinelle.dz\\\/?s={search_term_string}\"},\"query-input\":{\"@type\":\"PropertyValueSpecification\",\"valueRequired\":true,\"valueName\":\"search_term_string\"}}],\"inLanguage\":\"fr-FR\"},{\"@type\":\"Organization\",\"@id\":\"https:\\\/\\\/lasentinelle.dz\\\/#organization\",\"name\":\"Quotidien La Sentinelle\",\"url\":\"https:\\\/\\\/lasentinelle.dz\\\/\",\"logo\":{\"@type\":\"ImageObject\",\"inLanguage\":\"fr-FR\",\"@id\":\"https:\\\/\\\/lasentinelle.dz\\\/#\\\/schema\\\/logo\\\/image\\\/\",\"url\":\"https:\\\/\\\/lasentinelle.dz\\\/wp-content\\\/uploads\\\/2021\\\/09\\\/logo-sentinelleSLOGAN-1.png\",\"contentUrl\":\"https:\\\/\\\/lasentinelle.dz\\\/wp-content\\\/uploads\\\/2021\\\/09\\\/logo-sentinelleSLOGAN-1.png\",\"width\":615,\"height\":142,\"caption\":\"Quotidien La Sentinelle\"},\"image\":{\"@id\":\"https:\\\/\\\/lasentinelle.dz\\\/#\\\/schema\\\/logo\\\/image\\\/\"},\"sameAs\":[\"https:\\\/\\\/www.facebook.com\\\/La-Sentinelle-104059864394773\"]},{\"@type\":\"Person\",\"@id\":\"https:\\\/\\\/lasentinelle.dz\\\/#\\\/schema\\\/person\\\/d865044e22e70a75174ce8bcad3acfb3\",\"name\":\"La Sentinelle\",\"image\":{\"@type\":\"ImageObject\",\"inLanguage\":\"fr-FR\",\"@id\":\"https:\\\/\\\/secure.gravatar.com\\\/avatar\\\/57de8e5d4b15d43fb361a71fbb36338450fe67865b528a43dd10ef7c51a20392?s=96&d=mm&r=g\",\"url\":\"https:\\\/\\\/secure.gravatar.com\\\/avatar\\\/57de8e5d4b15d43fb361a71fbb36338450fe67865b528a43dd10ef7c51a20392?s=96&d=mm&r=g\",\"contentUrl\":\"https:\\\/\\\/secure.gravatar.com\\\/avatar\\\/57de8e5d4b15d43fb361a71fbb36338450fe67865b528a43dd10ef7c51a20392?s=96&d=mm&r=g\",\"caption\":\"La Sentinelle\"},\"sameAs\":[\"http:\\\/\\\/www.lasentinelle.dz\"],\"url\":\"https:\\\/\\\/lasentinelle.dz\\\/author\\\/redaction\\\/\"}]}<\/script>\n<!-- \/ Yoast SEO plugin. -->","yoast_head_json":{"title":"Le Pr\u00e9sident de la R\u00e9publique re\u00e7oit un appel t\u00e9l\u00e9phonique de son homologue palestinien - La Sentinelle","robots":{"index":"index","follow":"follow","max-snippet":"max-snippet:-1","max-image-preview":"max-image-preview:large","max-video-preview":"max-video-preview:-1"},"canonical":"https:\/\/lasentinelle.dz\/index.php\/2023\/10\/09\/le-president-de-la-republique-recoit-un-appel-telephonique-de-son-homologue-palestinien\/","og_locale":"fr_FR","og_type":"article","og_title":"Le Pr\u00e9sident de la R\u00e9publique re\u00e7oit un appel t\u00e9l\u00e9phonique de son homologue palestinien - La Sentinelle","og_description":"La solidarit\u00e9 de l\u2019Alg\u00e9rie avec la Palestine r\u00e9it\u00e9r\u00e9e Le pr\u00e9sident de la R\u00e9publique, M. Abdelmadjid Tebboune a re\u00e7u un appel","og_url":"https:\/\/lasentinelle.dz\/index.php\/2023\/10\/09\/le-president-de-la-republique-recoit-un-appel-telephonique-de-son-homologue-palestinien\/","og_site_name":"La Sentinelle","article_publisher":"https:\/\/www.facebook.com\/La-Sentinelle-104059864394773","article_published_time":"2023-10-09T20:23:12+00:00","article_modified_time":"2023-10-09T20:23:16+00:00","og_image":[{"width":270,"height":187,"url":"https:\/\/lasentinelle.dz\/wp-content\/uploads\/2023\/10\/tebboune-abbas.jpeg","type":"image\/jpeg"}],"author":"La Sentinelle","twitter_card":"summary_large_image","twitter_misc":{"\u00c9crit par":"La Sentinelle","Dur\u00e9e de lecture estim\u00e9e":"2 minutes"},"schema":{"@context":"https:\/\/schema.org","@graph":[{"@type":"Article","@id":"https:\/\/lasentinelle.dz\/index.php\/2023\/10\/09\/le-president-de-la-republique-recoit-un-appel-telephonique-de-son-homologue-palestinien\/#article","isPartOf":{"@id":"https:\/\/lasentinelle.dz\/index.php\/2023\/10\/09\/le-president-de-la-republique-recoit-un-appel-telephonique-de-son-homologue-palestinien\/"},"author":{"name":"La Sentinelle","@id":"https:\/\/lasentinelle.dz\/#\/schema\/person\/d865044e22e70a75174ce8bcad3acfb3"},"headline":"Le Pr\u00e9sident de la R\u00e9publique re\u00e7oit un appel t\u00e9l\u00e9phonique de son homologue palestinien","datePublished":"2023-10-09T20:23:12+00:00","dateModified":"2023-10-09T20:23:16+00:00","mainEntityOfPage":{"@id":"https:\/\/lasentinelle.dz\/index.php\/2023\/10\/09\/le-president-de-la-republique-recoit-un-appel-telephonique-de-son-homologue-palestinien\/"},"wordCount":474,"commentCount":0,"publisher":{"@id":"https:\/\/lasentinelle.dz\/#organization"},"image":{"@id":"https:\/\/lasentinelle.dz\/index.php\/2023\/10\/09\/le-president-de-la-republique-recoit-un-appel-telephonique-de-son-homologue-palestinien\/#primaryimage"},"thumbnailUrl":"https:\/\/lasentinelle.dz\/wp-content\/uploads\/2023\/10\/tebboune-abbas.jpeg","articleSection":["Monde"],"inLanguage":"fr-FR","potentialAction":[{"@type":"CommentAction","name":"Comment","target":["https:\/\/lasentinelle.dz\/index.php\/2023\/10\/09\/le-president-de-la-republique-recoit-un-appel-telephonique-de-son-homologue-palestinien\/#respond"]}]},{"@type":"WebPage","@id":"https:\/\/lasentinelle.dz\/index.php\/2023\/10\/09\/le-president-de-la-republique-recoit-un-appel-telephonique-de-son-homologue-palestinien\/","url":"https:\/\/lasentinelle.dz\/index.php\/2023\/10\/09\/le-president-de-la-republique-recoit-un-appel-telephonique-de-son-homologue-palestinien\/","name":"Le Pr\u00e9sident de la R\u00e9publique re\u00e7oit un appel t\u00e9l\u00e9phonique de son homologue palestinien - La Sentinelle","isPartOf":{"@id":"https:\/\/lasentinelle.dz\/#website"},"primaryImageOfPage":{"@id":"https:\/\/lasentinelle.dz\/index.php\/2023\/10\/09\/le-president-de-la-republique-recoit-un-appel-telephonique-de-son-homologue-palestinien\/#primaryimage"},"image":{"@id":"https:\/\/lasentinelle.dz\/index.php\/2023\/10\/09\/le-president-de-la-republique-recoit-un-appel-telephonique-de-son-homologue-palestinien\/#primaryimage"},"thumbnailUrl":"https:\/\/lasentinelle.dz\/wp-content\/uploads\/2023\/10\/tebboune-abbas.jpeg","datePublished":"2023-10-09T20:23:12+00:00","dateModified":"2023-10-09T20:23:16+00:00","breadcrumb":{"@id":"https:\/\/lasentinelle.dz\/index.php\/2023\/10\/09\/le-president-de-la-republique-recoit-un-appel-telephonique-de-son-homologue-palestinien\/#breadcrumb"},"inLanguage":"fr-FR","potentialAction":[{"@type":"ReadAction","target":["https:\/\/lasentinelle.dz\/index.php\/2023\/10\/09\/le-president-de-la-republique-recoit-un-appel-telephonique-de-son-homologue-palestinien\/"]}]},{"@type":"ImageObject","inLanguage":"fr-FR","@id":"https:\/\/lasentinelle.dz\/index.php\/2023\/10\/09\/le-president-de-la-republique-recoit-un-appel-telephonique-de-son-homologue-palestinien\/#primaryimage","url":"https:\/\/lasentinelle.dz\/wp-content\/uploads\/2023\/10\/tebboune-abbas.jpeg","contentUrl":"https:\/\/lasentinelle.dz\/wp-content\/uploads\/2023\/10\/tebboune-abbas.jpeg","width":270,"height":187},{"@type":"BreadcrumbList","@id":"https:\/\/lasentinelle.dz\/index.php\/2023\/10\/09\/le-president-de-la-republique-recoit-un-appel-telephonique-de-son-homologue-palestinien\/#breadcrumb","itemListElement":[{"@type":"ListItem","position":1,"name":"Accueil","item":"https:\/\/lasentinelle.dz\/"},{"@type":"ListItem","position":2,"name":"Le Pr\u00e9sident de la R\u00e9publique re\u00e7oit un appel t\u00e9l\u00e9phonique de son homologue palestinien"}]},{"@type":"WebSite","@id":"https:\/\/lasentinelle.dz\/#website","url":"https:\/\/lasentinelle.dz\/","name":"La Sentinelle","description":"Quotidien national d&#039;information","publisher":{"@id":"https:\/\/lasentinelle.dz\/#organization"},"potentialAction":[{"@type":"SearchAction","target":{"@type":"EntryPoint","urlTemplate":"https:\/\/lasentinelle.dz\/?s={search_term_string}"},"query-input":{"@type":"PropertyValueSpecification","valueRequired":true,"valueName":"search_term_string"}}],"inLanguage":"fr-FR"},{"@type":"Organization","@id":"https:\/\/lasentinelle.dz\/#organization","name":"Quotidien La Sentinelle","url":"https:\/\/lasentinelle.dz\/","logo":{"@type":"ImageObject","inLanguage":"fr-FR","@id":"https:\/\/lasentinelle.dz\/#\/schema\/logo\/image\/","url":"https:\/\/lasentinelle.dz\/wp-content\/uploads\/2021\/09\/logo-sentinelleSLOGAN-1.png","contentUrl":"https:\/\/lasentinelle.dz\/wp-content\/uploads\/2021\/09\/logo-sentinelleSLOGAN-1.png","width":615,"height":142,"caption":"Quotidien La Sentinelle"},"image":{"@id":"https:\/\/lasentinelle.dz\/#\/schema\/logo\/image\/"},"sameAs":["https:\/\/www.facebook.com\/La-Sentinelle-104059864394773"]},{"@type":"Person","@id":"https:\/\/lasentinelle.dz\/#\/schema\/person\/d865044e22e70a75174ce8bcad3acfb3","name":"La Sentinelle","image":{"@type":"ImageObject","inLanguage":"fr-FR","@id":"https:\/\/secure.gravatar.com\/avatar\/57de8e5d4b15d43fb361a71fbb36338450fe67865b528a43dd10ef7c51a20392?s=96&d=mm&r=g","url":"https:\/\/secure.gravatar.com\/avatar\/57de8e5d4b15d43fb361a71fbb36338450fe67865b528a43dd10ef7c51a20392?s=96&d=mm&r=g","contentUrl":"https:\/\/secure.gravatar.com\/avatar\/57de8e5d4b15d43fb361a71fbb36338450fe67865b528a43dd10ef7c51a20392?s=96&d=mm&r=g","caption":"La Sentinelle"},"sameAs":["http:\/\/www.lasentinelle.dz"],"url":"https:\/\/lasentinelle.dz\/author\/redaction\/"}]}},"_links":{"self":[{"href":"https:\/\/lasentinelle.dz\/index.php\/wp-json\/wp\/v2\/posts\/46158","targetHints":{"allow":["GET"]}}],"collection":[{"href":"https:\/\/lasentinelle.dz\/index.php\/wp-json\/wp\/v2\/posts"}],"about":[{"href":"https:\/\/lasentinelle.dz\/index.php\/wp-json\/wp\/v2\/types\/post"}],"author":[{"embeddable":true,"href":"https:\/\/lasentinelle.dz\/index.php\/wp-json\/wp\/v2\/users\/3"}],"replies":[{"embeddable":true,"href":"https:\/\/lasentinelle.dz\/index.php\/wp-json\/wp\/v2\/comments?post=46158"}],"version-history":[{"count":1,"href":"https:\/\/lasentinelle.dz\/index.php\/wp-json\/wp\/v2\/posts\/46158\/revisions"}],"predecessor-version":[{"id":46160,"href":"https:\/\/lasentinelle.dz\/index.php\/wp-json\/wp\/v2\/posts\/46158\/revisions\/46160"}],"wp:featuredmedia":[{"embeddable":true,"href":"https:\/\/lasentinelle.dz\/index.php\/wp-json\/wp\/v2\/media\/46159"}],"wp:attachment":[{"href":"https:\/\/lasentinelle.dz\/index.php\/wp-json\/wp\/v2\/media?parent=46158"}],"wp:term":[{"taxonomy":"category","embeddable":true,"href":"https:\/\/lasentinelle.dz\/index.php\/wp-json\/wp\/v2\/categories?post=46158"},{"taxonomy":"post_tag","embeddable":true,"href":"https:\/\/lasentinelle.dz\/index.php\/wp-json\/wp\/v2\/tags?post=46158"}],"curies":[{"name":"wp","href":"https:\/\/api.w.org\/{rel}","templated":true}]}}