{"id":4616,"date":"2021-08-17T23:50:00","date_gmt":"2021-08-17T22:50:00","guid":{"rendered":"https:\/\/lasentinelle.dz\/?p=4616"},"modified":"2021-08-17T18:57:52","modified_gmt":"2021-08-17T17:57:52","slug":"lutte-contre-les-incendies-acquisition-de-4-avions-bombardiers-deau","status":"publish","type":"post","link":"https:\/\/lasentinelle.dz\/index.php\/2021\/08\/17\/lutte-contre-les-incendies-acquisition-de-4-avions-bombardiers-deau\/","title":{"rendered":"Lutte contre les incendies : Acquisition de 4 avions bombardiers d\u2019eau"},"content":{"rendered":"\n<p>Le minist\u00e8re de la D\u00e9fense nationale a annonc\u00e9 hier, dans un communiqu\u00e9 l\u2019acquisition de quatre avions bombardiers d\u2019eau de type (BRIEV 200) afin de renforcer les moyens de lutte contre les incendies. \u00ab&nbsp;Suite aux incendies ayant touch\u00e9 plusieurs r\u00e9gions du pays, et en ex\u00e9cution des instructions de M. le Pr\u00e9sident de la R\u00e9publique, Chef supr\u00eame des Forces Arm\u00e9es, ministre de la D\u00e9fense Nationale, de charger le minist\u00e8re de la D\u00e9fense Nationale pour superviser l\u2019op\u00e9ration d\u2019acquisition d&rsquo;avions sp\u00e9cialis\u00e9s dans la lutte contre les incendies de for\u00eats, le minist\u00e8re de le D\u00e9fense Nationale a, aussit\u00f4t, lanc\u00e9 les consultations n\u00e9cessaires aupr\u00e8s des constructeurs de renomm\u00e9e mondiale, capables de concr\u00e9tiser dans les meilleurs d\u00e9lais cette demande&nbsp;\u00bb, a indiqu\u00e9 le communiqu\u00e9 du MDN. Et de pr\u00e9ciser que le choix s&rsquo;est port\u00e9 sur un constructeur russe de renomm\u00e9e mondiale. \u00ab&nbsp;A cet effet, les services concern\u00e9s du minist\u00e8re de la D\u00e9fense nationale ont entam\u00e9 les n\u00e9gociations avec ledit constructeur pour l&rsquo;acquisition de quatre (04) avions amphibies bombardiers d&rsquo;eau multi-mission neufs, de fabrication russe type BERIEV-200 (BE-200), bimoteurs, ayant une capacit\u00e9 de 13.000 litres et pouvant intervenir contre les incendies de for\u00eats dans des conditions m\u00e9t\u00e9orologiques extr\u00eames et complexes&nbsp;\u00bb, pr\u00e9cise le communiqu\u00e9.<\/p>\n\n\n\n<p>\u00ab&nbsp;Ces bombardiers d\u2019eau (BE-200) r\u00e9put\u00e9s \u00e0 l\u2019\u00e9chelle internationale, ont fait leur preuve lors de leur emploi contre les incendies de for\u00eats qui ont touch\u00e9 plusieurs pays du monde et vont fortement soutenir les efforts de l\u2019Etat dans la lutte contre les incendies avec l&rsquo;efficacit\u00e9 et la rapidit\u00e9 requises&nbsp;\u00bb, conclut le MDN.<\/p>\n\n\n\n<p>Notons par ailleurs que l&rsquo;Alg\u00e9rie a re\u00e7u des aides de l&rsquo;Etat du Kowe\u00eft consistant en des \u00e9quipements et mat\u00e9riels de lutte contre les incendies de for\u00eats destin\u00e9s \u00e0 la Protection civile.<\/p>\n\n\n\n<p>Le directeur g\u00e9n\u00e9ral de la Protection civile, Boualem Boughlaf qui a pr\u00e9sid\u00e9 la r\u00e9ception de ces aides \u00e0 l&rsquo;a\u00e9roport international Houari Boumediene a indiqu\u00e9 que ces m\u00e9canismes et camions anti-incendie \u00ab\u00a0seront directement utilis\u00e9s sur le terrain en appui aux moyens importants, voire colossaux d\u00e9ploy\u00e9s par l&rsquo;Etat alg\u00e9rien pour faire face aux incendies\u00a0\u00bb.<\/p>\n\n\n\n<p>A cette occasion, le DG de la Protection civile a assur\u00e9 de \u00ab\u00a0la ma\u00eetrise de tous les incendies, gr\u00e2ce \u00e0 la conjugaison des efforts des diff\u00e9rents services civiles et militaires de l&rsquo;Etat et \u00e0 la solidarit\u00e9 du peuple alg\u00e9rien\u00a0\u00bb.<\/p>\n\n\n\n<p>Pour rappel, les unit\u00e9s de la Protection civile ont r\u00e9ussi \u00e0 \u00e9teindre 27 feux de for\u00eats dans douze wilayas au cours des derni\u00e8res 24 heures. Selon un communiqu\u00e9 de la Direction g\u00e9n\u00e9rale de la Protection civile publi\u00e9 hier, les unit\u00e9s ont r\u00e9ussi, au cours des derni\u00e8res 24 heures (16-17 ao\u00fbt), \u00e0 \u00e9teindre 27 feux de for\u00eats dans douze wilayas, dont treize \u00e0 Beja\u00efa, trois \u00e0 Jijel, deux \u00e0 Guelma et un (1) incendie dans chacune des wilayas de Tizi Ouzou, Batna, Tipasa, Souk Ahras, Skikda, M\u00e9d\u00e9a, Boumerdes, Annaba et S\u00e9tif.&nbsp; Les \u00e9quipes de la Protection civile, accompagn\u00e9es par les services sp\u00e9cialis\u00e9s, poursuivent les op\u00e9rations d&rsquo;extinction de huit incendies au niveau de cinq wilayas, dont trois \u00e0 Jijel, deux&nbsp; \u00e0 A\u00efn Defla et un incendie dans chacune des wilayas de Khenchla, Beja\u00efa et S\u00e9tif.<\/p>\n\n\n\n<p>R.N.<\/p>\n","protected":false},"excerpt":{"rendered":"<p>Le minist\u00e8re de la D\u00e9fense nationale a annonc\u00e9 hier, dans un communiqu\u00e9 l\u2019acquisition de quatre avions bombardiers d\u2019eau de type<\/p>\n","protected":false},"author":3,"featured_media":4619,"comment_status":"open","ping_status":"closed","sticky":false,"template":"","format":"standard","meta":{"colormag_page_container_layout":"default_layout","colormag_page_sidebar_layout":"default_layout","om_disable_all_campaigns":false,"_monsterinsights_skip_tracking":false,"_monsterinsights_sitenote_active":false,"_monsterinsights_sitenote_note":"","_monsterinsights_sitenote_category":0,"footnotes":"","_wpscppro_dont_share_socialmedia":false,"_wpscppro_custom_social_share_image":0,"_facebook_share_type":"","_twitter_share_type":"","_linkedin_share_type":"","_pinterest_share_type":"","_linkedin_share_type_page":"","_instagram_share_type":"","_medium_share_type":"","_threads_share_type":"","_google_business_share_type":"","_selected_social_profile":[],"_wpsp_enable_custom_social_template":false,"_wpsp_social_scheduling":{"enabled":false,"datetime":null,"platforms":[],"status":"template_only","dateOption":"today","timeOption":"now","customDays":"","customHours":"","customDate":"","customTime":"","schedulingType":"absolute"},"_wpsp_active_default_template":true},"categories":[52,27],"tags":[],"class_list":["post-4616","post","type-post","status-publish","format-standard","has-post-thumbnail","hentry","category-a-la-une","category-actualite"],"aioseo_notices":[],"yoast_head":"<!-- This site is optimized with the Yoast SEO plugin v27.5 - https:\/\/yoast.com\/product\/yoast-seo-wordpress\/ -->\n<title>Lutte contre les incendies : Acquisition de 4 avions bombardiers d\u2019eau - La Sentinelle<\/title>\n<meta name=\"robots\" content=\"index, follow, max-snippet:-1, max-image-preview:large, max-video-preview:-1\" \/>\n<link rel=\"canonical\" href=\"https:\/\/lasentinelle.dz\/index.php\/2021\/08\/17\/lutte-contre-les-incendies-acquisition-de-4-avions-bombardiers-deau\/\" \/>\n<meta property=\"og:locale\" content=\"fr_FR\" \/>\n<meta property=\"og:type\" content=\"article\" \/>\n<meta property=\"og:title\" content=\"Lutte contre les incendies : Acquisition de 4 avions bombardiers d\u2019eau - La Sentinelle\" \/>\n<meta property=\"og:description\" content=\"Le minist\u00e8re de la D\u00e9fense nationale a annonc\u00e9 hier, dans un communiqu\u00e9 l\u2019acquisition de quatre avions bombardiers d\u2019eau de type\" \/>\n<meta property=\"og:url\" content=\"https:\/\/lasentinelle.dz\/index.php\/2021\/08\/17\/lutte-contre-les-incendies-acquisition-de-4-avions-bombardiers-deau\/\" \/>\n<meta property=\"og:site_name\" content=\"La Sentinelle\" \/>\n<meta property=\"article:publisher\" content=\"https:\/\/www.facebook.com\/La-Sentinelle-104059864394773\" \/>\n<meta property=\"article:published_time\" content=\"2021-08-17T22:50:00+00:00\" \/>\n<meta property=\"og:image\" content=\"https:\/\/lasentinelle.dz\/wp-content\/uploads\/2021\/08\/image_2021-08-17_185633-1024x683.png\" \/>\n\t<meta property=\"og:image:width\" content=\"1024\" \/>\n\t<meta property=\"og:image:height\" content=\"683\" \/>\n\t<meta property=\"og:image:type\" content=\"image\/png\" \/>\n<meta name=\"author\" content=\"La Sentinelle\" \/>\n<meta name=\"twitter:card\" content=\"summary_large_image\" \/>\n<meta name=\"twitter:label1\" content=\"\u00c9crit par\" \/>\n\t<meta name=\"twitter:data1\" content=\"La Sentinelle\" \/>\n\t<meta name=\"twitter:label2\" content=\"Dur\u00e9e de lecture estim\u00e9e\" \/>\n\t<meta name=\"twitter:data2\" content=\"3 minutes\" \/>\n<script type=\"application\/ld+json\" class=\"yoast-schema-graph\">{\"@context\":\"https:\\\/\\\/schema.org\",\"@graph\":[{\"@type\":\"Article\",\"@id\":\"https:\\\/\\\/lasentinelle.dz\\\/index.php\\\/2021\\\/08\\\/17\\\/lutte-contre-les-incendies-acquisition-de-4-avions-bombardiers-deau\\\/#article\",\"isPartOf\":{\"@id\":\"https:\\\/\\\/lasentinelle.dz\\\/index.php\\\/2021\\\/08\\\/17\\\/lutte-contre-les-incendies-acquisition-de-4-avions-bombardiers-deau\\\/\"},\"author\":{\"name\":\"La Sentinelle\",\"@id\":\"https:\\\/\\\/lasentinelle.dz\\\/#\\\/schema\\\/person\\\/d865044e22e70a75174ce8bcad3acfb3\"},\"headline\":\"Lutte contre les incendies : Acquisition de 4 avions bombardiers d\u2019eau\",\"datePublished\":\"2021-08-17T22:50:00+00:00\",\"mainEntityOfPage\":{\"@id\":\"https:\\\/\\\/lasentinelle.dz\\\/index.php\\\/2021\\\/08\\\/17\\\/lutte-contre-les-incendies-acquisition-de-4-avions-bombardiers-deau\\\/\"},\"wordCount\":597,\"commentCount\":0,\"publisher\":{\"@id\":\"https:\\\/\\\/lasentinelle.dz\\\/#organization\"},\"image\":{\"@id\":\"https:\\\/\\\/lasentinelle.dz\\\/index.php\\\/2021\\\/08\\\/17\\\/lutte-contre-les-incendies-acquisition-de-4-avions-bombardiers-deau\\\/#primaryimage\"},\"thumbnailUrl\":\"https:\\\/\\\/lasentinelle.dz\\\/wp-content\\\/uploads\\\/2021\\\/08\\\/image_2021-08-17_185633.png\",\"articleSection\":[\"\u00c0 la Une\",\"Actualit\u00e9\"],\"inLanguage\":\"fr-FR\",\"potentialAction\":[{\"@type\":\"CommentAction\",\"name\":\"Comment\",\"target\":[\"https:\\\/\\\/lasentinelle.dz\\\/index.php\\\/2021\\\/08\\\/17\\\/lutte-contre-les-incendies-acquisition-de-4-avions-bombardiers-deau\\\/#respond\"]}]},{\"@type\":\"WebPage\",\"@id\":\"https:\\\/\\\/lasentinelle.dz\\\/index.php\\\/2021\\\/08\\\/17\\\/lutte-contre-les-incendies-acquisition-de-4-avions-bombardiers-deau\\\/\",\"url\":\"https:\\\/\\\/lasentinelle.dz\\\/index.php\\\/2021\\\/08\\\/17\\\/lutte-contre-les-incendies-acquisition-de-4-avions-bombardiers-deau\\\/\",\"name\":\"Lutte contre les incendies : Acquisition de 4 avions bombardiers d\u2019eau - La Sentinelle\",\"isPartOf\":{\"@id\":\"https:\\\/\\\/lasentinelle.dz\\\/#website\"},\"primaryImageOfPage\":{\"@id\":\"https:\\\/\\\/lasentinelle.dz\\\/index.php\\\/2021\\\/08\\\/17\\\/lutte-contre-les-incendies-acquisition-de-4-avions-bombardiers-deau\\\/#primaryimage\"},\"image\":{\"@id\":\"https:\\\/\\\/lasentinelle.dz\\\/index.php\\\/2021\\\/08\\\/17\\\/lutte-contre-les-incendies-acquisition-de-4-avions-bombardiers-deau\\\/#primaryimage\"},\"thumbnailUrl\":\"https:\\\/\\\/lasentinelle.dz\\\/wp-content\\\/uploads\\\/2021\\\/08\\\/image_2021-08-17_185633.png\",\"datePublished\":\"2021-08-17T22:50:00+00:00\",\"breadcrumb\":{\"@id\":\"https:\\\/\\\/lasentinelle.dz\\\/index.php\\\/2021\\\/08\\\/17\\\/lutte-contre-les-incendies-acquisition-de-4-avions-bombardiers-deau\\\/#breadcrumb\"},\"inLanguage\":\"fr-FR\",\"potentialAction\":[{\"@type\":\"ReadAction\",\"target\":[\"https:\\\/\\\/lasentinelle.dz\\\/index.php\\\/2021\\\/08\\\/17\\\/lutte-contre-les-incendies-acquisition-de-4-avions-bombardiers-deau\\\/\"]}]},{\"@type\":\"ImageObject\",\"inLanguage\":\"fr-FR\",\"@id\":\"https:\\\/\\\/lasentinelle.dz\\\/index.php\\\/2021\\\/08\\\/17\\\/lutte-contre-les-incendies-acquisition-de-4-avions-bombardiers-deau\\\/#primaryimage\",\"url\":\"https:\\\/\\\/lasentinelle.dz\\\/wp-content\\\/uploads\\\/2021\\\/08\\\/image_2021-08-17_185633.png\",\"contentUrl\":\"https:\\\/\\\/lasentinelle.dz\\\/wp-content\\\/uploads\\\/2021\\\/08\\\/image_2021-08-17_185633.png\",\"width\":2555,\"height\":1704},{\"@type\":\"BreadcrumbList\",\"@id\":\"https:\\\/\\\/lasentinelle.dz\\\/index.php\\\/2021\\\/08\\\/17\\\/lutte-contre-les-incendies-acquisition-de-4-avions-bombardiers-deau\\\/#breadcrumb\",\"itemListElement\":[{\"@type\":\"ListItem\",\"position\":1,\"name\":\"Accueil\",\"item\":\"https:\\\/\\\/lasentinelle.dz\\\/\"},{\"@type\":\"ListItem\",\"position\":2,\"name\":\"Lutte contre les incendies : Acquisition de 4 avions bombardiers d\u2019eau\"}]},{\"@type\":\"WebSite\",\"@id\":\"https:\\\/\\\/lasentinelle.dz\\\/#website\",\"url\":\"https:\\\/\\\/lasentinelle.dz\\\/\",\"name\":\"La Sentinelle\",\"description\":\"Quotidien national d&#039;information\",\"publisher\":{\"@id\":\"https:\\\/\\\/lasentinelle.dz\\\/#organization\"},\"potentialAction\":[{\"@type\":\"SearchAction\",\"target\":{\"@type\":\"EntryPoint\",\"urlTemplate\":\"https:\\\/\\\/lasentinelle.dz\\\/?s={search_term_string}\"},\"query-input\":{\"@type\":\"PropertyValueSpecification\",\"valueRequired\":true,\"valueName\":\"search_term_string\"}}],\"inLanguage\":\"fr-FR\"},{\"@type\":\"Organization\",\"@id\":\"https:\\\/\\\/lasentinelle.dz\\\/#organization\",\"name\":\"Quotidien La Sentinelle\",\"url\":\"https:\\\/\\\/lasentinelle.dz\\\/\",\"logo\":{\"@type\":\"ImageObject\",\"inLanguage\":\"fr-FR\",\"@id\":\"https:\\\/\\\/lasentinelle.dz\\\/#\\\/schema\\\/logo\\\/image\\\/\",\"url\":\"https:\\\/\\\/lasentinelle.dz\\\/wp-content\\\/uploads\\\/2021\\\/09\\\/logo-sentinelleSLOGAN-1.png\",\"contentUrl\":\"https:\\\/\\\/lasentinelle.dz\\\/wp-content\\\/uploads\\\/2021\\\/09\\\/logo-sentinelleSLOGAN-1.png\",\"width\":615,\"height\":142,\"caption\":\"Quotidien La Sentinelle\"},\"image\":{\"@id\":\"https:\\\/\\\/lasentinelle.dz\\\/#\\\/schema\\\/logo\\\/image\\\/\"},\"sameAs\":[\"https:\\\/\\\/www.facebook.com\\\/La-Sentinelle-104059864394773\"]},{\"@type\":\"Person\",\"@id\":\"https:\\\/\\\/lasentinelle.dz\\\/#\\\/schema\\\/person\\\/d865044e22e70a75174ce8bcad3acfb3\",\"name\":\"La Sentinelle\",\"image\":{\"@type\":\"ImageObject\",\"inLanguage\":\"fr-FR\",\"@id\":\"https:\\\/\\\/secure.gravatar.com\\\/avatar\\\/57de8e5d4b15d43fb361a71fbb36338450fe67865b528a43dd10ef7c51a20392?s=96&d=mm&r=g\",\"url\":\"https:\\\/\\\/secure.gravatar.com\\\/avatar\\\/57de8e5d4b15d43fb361a71fbb36338450fe67865b528a43dd10ef7c51a20392?s=96&d=mm&r=g\",\"contentUrl\":\"https:\\\/\\\/secure.gravatar.com\\\/avatar\\\/57de8e5d4b15d43fb361a71fbb36338450fe67865b528a43dd10ef7c51a20392?s=96&d=mm&r=g\",\"caption\":\"La Sentinelle\"},\"sameAs\":[\"http:\\\/\\\/www.lasentinelle.dz\"],\"url\":\"https:\\\/\\\/lasentinelle.dz\\\/author\\\/redaction\\\/\"}]}<\/script>\n<!-- \/ Yoast SEO plugin. -->","yoast_head_json":{"title":"Lutte contre les incendies : Acquisition de 4 avions bombardiers d\u2019eau - La Sentinelle","robots":{"index":"index","follow":"follow","max-snippet":"max-snippet:-1","max-image-preview":"max-image-preview:large","max-video-preview":"max-video-preview:-1"},"canonical":"https:\/\/lasentinelle.dz\/index.php\/2021\/08\/17\/lutte-contre-les-incendies-acquisition-de-4-avions-bombardiers-deau\/","og_locale":"fr_FR","og_type":"article","og_title":"Lutte contre les incendies : Acquisition de 4 avions bombardiers d\u2019eau - La Sentinelle","og_description":"Le minist\u00e8re de la D\u00e9fense nationale a annonc\u00e9 hier, dans un communiqu\u00e9 l\u2019acquisition de quatre avions bombardiers d\u2019eau de type","og_url":"https:\/\/lasentinelle.dz\/index.php\/2021\/08\/17\/lutte-contre-les-incendies-acquisition-de-4-avions-bombardiers-deau\/","og_site_name":"La Sentinelle","article_publisher":"https:\/\/www.facebook.com\/La-Sentinelle-104059864394773","article_published_time":"2021-08-17T22:50:00+00:00","og_image":[{"width":1024,"height":683,"url":"https:\/\/lasentinelle.dz\/wp-content\/uploads\/2021\/08\/image_2021-08-17_185633-1024x683.png","type":"image\/png"}],"author":"La Sentinelle","twitter_card":"summary_large_image","twitter_misc":{"\u00c9crit par":"La Sentinelle","Dur\u00e9e de lecture estim\u00e9e":"3 minutes"},"schema":{"@context":"https:\/\/schema.org","@graph":[{"@type":"Article","@id":"https:\/\/lasentinelle.dz\/index.php\/2021\/08\/17\/lutte-contre-les-incendies-acquisition-de-4-avions-bombardiers-deau\/#article","isPartOf":{"@id":"https:\/\/lasentinelle.dz\/index.php\/2021\/08\/17\/lutte-contre-les-incendies-acquisition-de-4-avions-bombardiers-deau\/"},"author":{"name":"La Sentinelle","@id":"https:\/\/lasentinelle.dz\/#\/schema\/person\/d865044e22e70a75174ce8bcad3acfb3"},"headline":"Lutte contre les incendies : Acquisition de 4 avions bombardiers d\u2019eau","datePublished":"2021-08-17T22:50:00+00:00","mainEntityOfPage":{"@id":"https:\/\/lasentinelle.dz\/index.php\/2021\/08\/17\/lutte-contre-les-incendies-acquisition-de-4-avions-bombardiers-deau\/"},"wordCount":597,"commentCount":0,"publisher":{"@id":"https:\/\/lasentinelle.dz\/#organization"},"image":{"@id":"https:\/\/lasentinelle.dz\/index.php\/2021\/08\/17\/lutte-contre-les-incendies-acquisition-de-4-avions-bombardiers-deau\/#primaryimage"},"thumbnailUrl":"https:\/\/lasentinelle.dz\/wp-content\/uploads\/2021\/08\/image_2021-08-17_185633.png","articleSection":["\u00c0 la Une","Actualit\u00e9"],"inLanguage":"fr-FR","potentialAction":[{"@type":"CommentAction","name":"Comment","target":["https:\/\/lasentinelle.dz\/index.php\/2021\/08\/17\/lutte-contre-les-incendies-acquisition-de-4-avions-bombardiers-deau\/#respond"]}]},{"@type":"WebPage","@id":"https:\/\/lasentinelle.dz\/index.php\/2021\/08\/17\/lutte-contre-les-incendies-acquisition-de-4-avions-bombardiers-deau\/","url":"https:\/\/lasentinelle.dz\/index.php\/2021\/08\/17\/lutte-contre-les-incendies-acquisition-de-4-avions-bombardiers-deau\/","name":"Lutte contre les incendies : Acquisition de 4 avions bombardiers d\u2019eau - La Sentinelle","isPartOf":{"@id":"https:\/\/lasentinelle.dz\/#website"},"primaryImageOfPage":{"@id":"https:\/\/lasentinelle.dz\/index.php\/2021\/08\/17\/lutte-contre-les-incendies-acquisition-de-4-avions-bombardiers-deau\/#primaryimage"},"image":{"@id":"https:\/\/lasentinelle.dz\/index.php\/2021\/08\/17\/lutte-contre-les-incendies-acquisition-de-4-avions-bombardiers-deau\/#primaryimage"},"thumbnailUrl":"https:\/\/lasentinelle.dz\/wp-content\/uploads\/2021\/08\/image_2021-08-17_185633.png","datePublished":"2021-08-17T22:50:00+00:00","breadcrumb":{"@id":"https:\/\/lasentinelle.dz\/index.php\/2021\/08\/17\/lutte-contre-les-incendies-acquisition-de-4-avions-bombardiers-deau\/#breadcrumb"},"inLanguage":"fr-FR","potentialAction":[{"@type":"ReadAction","target":["https:\/\/lasentinelle.dz\/index.php\/2021\/08\/17\/lutte-contre-les-incendies-acquisition-de-4-avions-bombardiers-deau\/"]}]},{"@type":"ImageObject","inLanguage":"fr-FR","@id":"https:\/\/lasentinelle.dz\/index.php\/2021\/08\/17\/lutte-contre-les-incendies-acquisition-de-4-avions-bombardiers-deau\/#primaryimage","url":"https:\/\/lasentinelle.dz\/wp-content\/uploads\/2021\/08\/image_2021-08-17_185633.png","contentUrl":"https:\/\/lasentinelle.dz\/wp-content\/uploads\/2021\/08\/image_2021-08-17_185633.png","width":2555,"height":1704},{"@type":"BreadcrumbList","@id":"https:\/\/lasentinelle.dz\/index.php\/2021\/08\/17\/lutte-contre-les-incendies-acquisition-de-4-avions-bombardiers-deau\/#breadcrumb","itemListElement":[{"@type":"ListItem","position":1,"name":"Accueil","item":"https:\/\/lasentinelle.dz\/"},{"@type":"ListItem","position":2,"name":"Lutte contre les incendies : Acquisition de 4 avions bombardiers d\u2019eau"}]},{"@type":"WebSite","@id":"https:\/\/lasentinelle.dz\/#website","url":"https:\/\/lasentinelle.dz\/","name":"La Sentinelle","description":"Quotidien national d&#039;information","publisher":{"@id":"https:\/\/lasentinelle.dz\/#organization"},"potentialAction":[{"@type":"SearchAction","target":{"@type":"EntryPoint","urlTemplate":"https:\/\/lasentinelle.dz\/?s={search_term_string}"},"query-input":{"@type":"PropertyValueSpecification","valueRequired":true,"valueName":"search_term_string"}}],"inLanguage":"fr-FR"},{"@type":"Organization","@id":"https:\/\/lasentinelle.dz\/#organization","name":"Quotidien La Sentinelle","url":"https:\/\/lasentinelle.dz\/","logo":{"@type":"ImageObject","inLanguage":"fr-FR","@id":"https:\/\/lasentinelle.dz\/#\/schema\/logo\/image\/","url":"https:\/\/lasentinelle.dz\/wp-content\/uploads\/2021\/09\/logo-sentinelleSLOGAN-1.png","contentUrl":"https:\/\/lasentinelle.dz\/wp-content\/uploads\/2021\/09\/logo-sentinelleSLOGAN-1.png","width":615,"height":142,"caption":"Quotidien La Sentinelle"},"image":{"@id":"https:\/\/lasentinelle.dz\/#\/schema\/logo\/image\/"},"sameAs":["https:\/\/www.facebook.com\/La-Sentinelle-104059864394773"]},{"@type":"Person","@id":"https:\/\/lasentinelle.dz\/#\/schema\/person\/d865044e22e70a75174ce8bcad3acfb3","name":"La Sentinelle","image":{"@type":"ImageObject","inLanguage":"fr-FR","@id":"https:\/\/secure.gravatar.com\/avatar\/57de8e5d4b15d43fb361a71fbb36338450fe67865b528a43dd10ef7c51a20392?s=96&d=mm&r=g","url":"https:\/\/secure.gravatar.com\/avatar\/57de8e5d4b15d43fb361a71fbb36338450fe67865b528a43dd10ef7c51a20392?s=96&d=mm&r=g","contentUrl":"https:\/\/secure.gravatar.com\/avatar\/57de8e5d4b15d43fb361a71fbb36338450fe67865b528a43dd10ef7c51a20392?s=96&d=mm&r=g","caption":"La Sentinelle"},"sameAs":["http:\/\/www.lasentinelle.dz"],"url":"https:\/\/lasentinelle.dz\/author\/redaction\/"}]}},"_links":{"self":[{"href":"https:\/\/lasentinelle.dz\/index.php\/wp-json\/wp\/v2\/posts\/4616","targetHints":{"allow":["GET"]}}],"collection":[{"href":"https:\/\/lasentinelle.dz\/index.php\/wp-json\/wp\/v2\/posts"}],"about":[{"href":"https:\/\/lasentinelle.dz\/index.php\/wp-json\/wp\/v2\/types\/post"}],"author":[{"embeddable":true,"href":"https:\/\/lasentinelle.dz\/index.php\/wp-json\/wp\/v2\/users\/3"}],"replies":[{"embeddable":true,"href":"https:\/\/lasentinelle.dz\/index.php\/wp-json\/wp\/v2\/comments?post=4616"}],"version-history":[{"count":1,"href":"https:\/\/lasentinelle.dz\/index.php\/wp-json\/wp\/v2\/posts\/4616\/revisions"}],"predecessor-version":[{"id":4620,"href":"https:\/\/lasentinelle.dz\/index.php\/wp-json\/wp\/v2\/posts\/4616\/revisions\/4620"}],"wp:featuredmedia":[{"embeddable":true,"href":"https:\/\/lasentinelle.dz\/index.php\/wp-json\/wp\/v2\/media\/4619"}],"wp:attachment":[{"href":"https:\/\/lasentinelle.dz\/index.php\/wp-json\/wp\/v2\/media?parent=4616"}],"wp:term":[{"taxonomy":"category","embeddable":true,"href":"https:\/\/lasentinelle.dz\/index.php\/wp-json\/wp\/v2\/categories?post=4616"},{"taxonomy":"post_tag","embeddable":true,"href":"https:\/\/lasentinelle.dz\/index.php\/wp-json\/wp\/v2\/tags?post=4616"}],"curies":[{"name":"wp","href":"https:\/\/api.w.org\/{rel}","templated":true}]}}