{"id":46183,"date":"2023-10-09T21:41:10","date_gmt":"2023-10-09T20:41:10","guid":{"rendered":"https:\/\/lasentinelle.dz\/?p=46183"},"modified":"2023-10-09T21:41:12","modified_gmt":"2023-10-09T20:41:12","slug":"gecf-le-sommet-dalger-se-prepare","status":"publish","type":"post","link":"https:\/\/lasentinelle.dz\/index.php\/2023\/10\/09\/gecf-le-sommet-dalger-se-prepare\/","title":{"rendered":"GECF\u00a0: Le Sommet d\u2019Alger se pr\u00e9pare"},"content":{"rendered":"\n<p>&nbsp;Le ministre de l&rsquo;Energie et des Mines, Mohamed Arkab, prendra part, mardi \u00e0 Malabo (Guin\u00e9e \u00e9quatoriale), \u00e0 la 25e r\u00e9union minist\u00e9rielle du Forum des pays exportateurs de gaz (GECF), &nbsp;consacr\u00e9e notamment aux pr\u00e9paratifs de du 7e sommet des chefs d&rsquo;Etat et de Gouvernement, pr\u00e9vu en Alg\u00e9rie en 2024. Selon un communiqu\u00e9 du minist\u00e8re de l\u2019\u00c9nergie et des Mines, cette r\u00e9union pr\u00e9sid\u00e9e par le ministre des Mines et des Hydrocarbures de la Guin\u00e9e \u00e9quatoriale et pr\u00e9sident en exercice de la r\u00e9union minist\u00e9rielle du GECF de 2023, Antonio Oburu Ondo, permettra d'\u00a0\u00bbexaminer la situation du march\u00e9 gazier international et ses perspectives \u00e0 court, moyen et long termes, en vue d&rsquo;assurer la s\u00e9curit\u00e9 et la stabilit\u00e9 de l&rsquo;offre et de la demande sur le march\u00e9 international du gaz naturel\u00a0\u00bb, lit-on dans le communiqu\u00e9. Il sera \u00e9galement question, lors de cette r\u00e9union \u00e0 laquelle prennent part le P-DG de Sonatrach, Rachid Hachichi, ainsi que des cadres du minist\u00e8re et du Groupe, des pr\u00e9paratifs en cours du 7e sommet des chefs d&rsquo;Etat et de Gouvernement de cette organisation, pr\u00e9vu en Alg\u00e9rie en 2024, selon la m\u00eame source. Cette 25e R\u00e9union minist\u00e9rielle du Forum des pays exportateurs de gaz permettra aux participants de proc\u00e9der \u00e0 un \u00e9change de vues, d&rsquo;explorer tous les moyens susceptibles de renforcer le Forum et de \u00ab\u00a0r\u00e9affirmer le r\u00f4le crucial du gaz naturel dans la transition \u00e9nerg\u00e9tique et le d\u00e9veloppement durable\u00a0\u00bb, note le minist\u00e8re.<\/p>\n\n\n\n<p>Pour rappel, le secr\u00e9taire g\u00e9n\u00e9ral du Forum des pays exportateurs de gaz (GECF), Mohamed Hamel, a \u00e9t\u00e9 re\u00e7u au mois d\u2019ao\u00fbt dernier par le ministre des Affaires \u00e9trang\u00e8res, Ahmed Attaf, ainsi que par le ministre de l\u2019\u00c9nergie et des Mines, Mohamed Arkab. Les entretiens ont port\u00e9 notamment sur les pr\u00e9paratifs en cours du 7e sommet des chefs d\u2019Etat et de gouvernement du GECF ainsi que sur les derniers travaux de l\u2019Institut de recherche sur le gaz (GRI) relevant du GECF, et dont le si\u00e8ge est abrit\u00e9 par l\u2019Alg\u00e9rie apr\u00e8s la d\u00e9cision prise lors des travaux du 6e sommet du Forum tenu \u00e0 Doha (Qatar) en 2022. Cr\u00e9\u00e9 en 2001, le Forum des pays exportateurs de gaz a \u00e9t\u00e9 \u00e9rig\u00e9, lors de sa 8e session informelle tenue \u00e0 Moscou, en organisation intergouvernementale bas\u00e9 \u00e0 Doha (Qatar). Il est compos\u00e9 de 19 pays, \u00e0 savoir l&rsquo;Alg\u00e9rie, la Bolivie, l&rsquo;Egypte, la Guin\u00e9e \u00e9quatoriale, l&rsquo;Iran, la Libye, le Nig\u00e9ria, le Qatar, la Russie, Trinit\u00e9-et-Tobago et le Venezuela, en tant que membres, et l&rsquo;Angola, l&rsquo;Azerba\u00efdjan, l&rsquo;Irak, la Malaisie, le Mozambique, la Norv\u00e8ge, les Emirats arabes unis et le P\u00e9rou, comme observateurs. Ensemble, ils repr\u00e9sentent 72% des r\u00e9serves mondiales prouv\u00e9es de gaz naturel, 44% de la production commercialis\u00e9e, 56% des exportations par gazoduc et 52% des exportations de GNL.<\/p>\n\n\n\n<p>R.E.<\/p>\n","protected":false},"excerpt":{"rendered":"<p>&nbsp;Le ministre de l&rsquo;Energie et des Mines, Mohamed Arkab, prendra part, mardi \u00e0 Malabo (Guin\u00e9e \u00e9quatoriale), \u00e0 la 25e r\u00e9union<\/p>\n","protected":false},"author":3,"featured_media":46184,"comment_status":"open","ping_status":"closed","sticky":false,"template":"","format":"standard","meta":{"colormag_page_container_layout":"default_layout","colormag_page_sidebar_layout":"default_layout","om_disable_all_campaigns":false,"_monsterinsights_skip_tracking":false,"_monsterinsights_sitenote_active":false,"_monsterinsights_sitenote_note":"","_monsterinsights_sitenote_category":0,"footnotes":"","_wpscppro_dont_share_socialmedia":false,"_wpscppro_custom_social_share_image":0,"_facebook_share_type":"","_twitter_share_type":"","_linkedin_share_type":"","_pinterest_share_type":"","_linkedin_share_type_page":"","_instagram_share_type":"","_medium_share_type":"","_threads_share_type":"","_google_business_share_type":"","_selected_social_profile":[],"_wpsp_enable_custom_social_template":false,"_wpsp_social_scheduling":{"enabled":false,"datetime":null,"platforms":[],"status":"template_only","dateOption":"today","timeOption":"now","customDays":"","customHours":"","customDate":"","customTime":"","schedulingType":"absolute"},"_wpsp_active_default_template":true},"categories":[29],"tags":[],"class_list":["post-46183","post","type-post","status-publish","format-standard","has-post-thumbnail","hentry","category-economie"],"aioseo_notices":[],"yoast_head":"<!-- This site is optimized with the Yoast SEO plugin v27.5 - https:\/\/yoast.com\/product\/yoast-seo-wordpress\/ -->\n<title>GECF\u00a0: Le Sommet d\u2019Alger se pr\u00e9pare - La Sentinelle<\/title>\n<meta name=\"robots\" content=\"index, follow, max-snippet:-1, max-image-preview:large, max-video-preview:-1\" \/>\n<link rel=\"canonical\" href=\"https:\/\/lasentinelle.dz\/index.php\/2023\/10\/09\/gecf-le-sommet-dalger-se-prepare\/\" \/>\n<meta property=\"og:locale\" content=\"fr_FR\" \/>\n<meta property=\"og:type\" content=\"article\" \/>\n<meta property=\"og:title\" content=\"GECF\u00a0: Le Sommet d\u2019Alger se pr\u00e9pare - La Sentinelle\" \/>\n<meta property=\"og:description\" content=\"&nbsp;Le ministre de l&rsquo;Energie et des Mines, Mohamed Arkab, prendra part, mardi \u00e0 Malabo (Guin\u00e9e \u00e9quatoriale), \u00e0 la 25e r\u00e9union\" \/>\n<meta property=\"og:url\" content=\"https:\/\/lasentinelle.dz\/index.php\/2023\/10\/09\/gecf-le-sommet-dalger-se-prepare\/\" \/>\n<meta property=\"og:site_name\" content=\"La Sentinelle\" \/>\n<meta property=\"article:publisher\" content=\"https:\/\/www.facebook.com\/La-Sentinelle-104059864394773\" \/>\n<meta property=\"article:published_time\" content=\"2023-10-09T20:41:10+00:00\" \/>\n<meta property=\"article:modified_time\" content=\"2023-10-09T20:41:12+00:00\" \/>\n<meta property=\"og:image\" content=\"https:\/\/lasentinelle.dz\/wp-content\/uploads\/2023\/10\/GECF.jpeg\" \/>\n\t<meta property=\"og:image:width\" content=\"340\" \/>\n\t<meta property=\"og:image:height\" content=\"200\" \/>\n\t<meta property=\"og:image:type\" content=\"image\/jpeg\" \/>\n<meta name=\"author\" content=\"La Sentinelle\" \/>\n<meta name=\"twitter:card\" content=\"summary_large_image\" \/>\n<meta name=\"twitter:label1\" content=\"\u00c9crit par\" \/>\n\t<meta name=\"twitter:data1\" content=\"La Sentinelle\" \/>\n\t<meta name=\"twitter:label2\" content=\"Dur\u00e9e de lecture estim\u00e9e\" \/>\n\t<meta name=\"twitter:data2\" content=\"3 minutes\" \/>\n<script type=\"application\/ld+json\" class=\"yoast-schema-graph\">{\"@context\":\"https:\\\/\\\/schema.org\",\"@graph\":[{\"@type\":\"Article\",\"@id\":\"https:\\\/\\\/lasentinelle.dz\\\/index.php\\\/2023\\\/10\\\/09\\\/gecf-le-sommet-dalger-se-prepare\\\/#article\",\"isPartOf\":{\"@id\":\"https:\\\/\\\/lasentinelle.dz\\\/index.php\\\/2023\\\/10\\\/09\\\/gecf-le-sommet-dalger-se-prepare\\\/\"},\"author\":{\"name\":\"La Sentinelle\",\"@id\":\"https:\\\/\\\/lasentinelle.dz\\\/#\\\/schema\\\/person\\\/d865044e22e70a75174ce8bcad3acfb3\"},\"headline\":\"GECF\u00a0: Le Sommet d\u2019Alger se pr\u00e9pare\",\"datePublished\":\"2023-10-09T20:41:10+00:00\",\"dateModified\":\"2023-10-09T20:41:12+00:00\",\"mainEntityOfPage\":{\"@id\":\"https:\\\/\\\/lasentinelle.dz\\\/index.php\\\/2023\\\/10\\\/09\\\/gecf-le-sommet-dalger-se-prepare\\\/\"},\"wordCount\":509,\"commentCount\":0,\"publisher\":{\"@id\":\"https:\\\/\\\/lasentinelle.dz\\\/#organization\"},\"image\":{\"@id\":\"https:\\\/\\\/lasentinelle.dz\\\/index.php\\\/2023\\\/10\\\/09\\\/gecf-le-sommet-dalger-se-prepare\\\/#primaryimage\"},\"thumbnailUrl\":\"https:\\\/\\\/lasentinelle.dz\\\/wp-content\\\/uploads\\\/2023\\\/10\\\/GECF.jpeg\",\"articleSection\":[\"\u00c9conomie\"],\"inLanguage\":\"fr-FR\",\"potentialAction\":[{\"@type\":\"CommentAction\",\"name\":\"Comment\",\"target\":[\"https:\\\/\\\/lasentinelle.dz\\\/index.php\\\/2023\\\/10\\\/09\\\/gecf-le-sommet-dalger-se-prepare\\\/#respond\"]}]},{\"@type\":\"WebPage\",\"@id\":\"https:\\\/\\\/lasentinelle.dz\\\/index.php\\\/2023\\\/10\\\/09\\\/gecf-le-sommet-dalger-se-prepare\\\/\",\"url\":\"https:\\\/\\\/lasentinelle.dz\\\/index.php\\\/2023\\\/10\\\/09\\\/gecf-le-sommet-dalger-se-prepare\\\/\",\"name\":\"GECF\u00a0: Le Sommet d\u2019Alger se pr\u00e9pare - La Sentinelle\",\"isPartOf\":{\"@id\":\"https:\\\/\\\/lasentinelle.dz\\\/#website\"},\"primaryImageOfPage\":{\"@id\":\"https:\\\/\\\/lasentinelle.dz\\\/index.php\\\/2023\\\/10\\\/09\\\/gecf-le-sommet-dalger-se-prepare\\\/#primaryimage\"},\"image\":{\"@id\":\"https:\\\/\\\/lasentinelle.dz\\\/index.php\\\/2023\\\/10\\\/09\\\/gecf-le-sommet-dalger-se-prepare\\\/#primaryimage\"},\"thumbnailUrl\":\"https:\\\/\\\/lasentinelle.dz\\\/wp-content\\\/uploads\\\/2023\\\/10\\\/GECF.jpeg\",\"datePublished\":\"2023-10-09T20:41:10+00:00\",\"dateModified\":\"2023-10-09T20:41:12+00:00\",\"breadcrumb\":{\"@id\":\"https:\\\/\\\/lasentinelle.dz\\\/index.php\\\/2023\\\/10\\\/09\\\/gecf-le-sommet-dalger-se-prepare\\\/#breadcrumb\"},\"inLanguage\":\"fr-FR\",\"potentialAction\":[{\"@type\":\"ReadAction\",\"target\":[\"https:\\\/\\\/lasentinelle.dz\\\/index.php\\\/2023\\\/10\\\/09\\\/gecf-le-sommet-dalger-se-prepare\\\/\"]}]},{\"@type\":\"ImageObject\",\"inLanguage\":\"fr-FR\",\"@id\":\"https:\\\/\\\/lasentinelle.dz\\\/index.php\\\/2023\\\/10\\\/09\\\/gecf-le-sommet-dalger-se-prepare\\\/#primaryimage\",\"url\":\"https:\\\/\\\/lasentinelle.dz\\\/wp-content\\\/uploads\\\/2023\\\/10\\\/GECF.jpeg\",\"contentUrl\":\"https:\\\/\\\/lasentinelle.dz\\\/wp-content\\\/uploads\\\/2023\\\/10\\\/GECF.jpeg\",\"width\":340,\"height\":200},{\"@type\":\"BreadcrumbList\",\"@id\":\"https:\\\/\\\/lasentinelle.dz\\\/index.php\\\/2023\\\/10\\\/09\\\/gecf-le-sommet-dalger-se-prepare\\\/#breadcrumb\",\"itemListElement\":[{\"@type\":\"ListItem\",\"position\":1,\"name\":\"Accueil\",\"item\":\"https:\\\/\\\/lasentinelle.dz\\\/\"},{\"@type\":\"ListItem\",\"position\":2,\"name\":\"GECF\u00a0: Le Sommet d\u2019Alger se pr\u00e9pare\"}]},{\"@type\":\"WebSite\",\"@id\":\"https:\\\/\\\/lasentinelle.dz\\\/#website\",\"url\":\"https:\\\/\\\/lasentinelle.dz\\\/\",\"name\":\"La Sentinelle\",\"description\":\"Quotidien national d&#039;information\",\"publisher\":{\"@id\":\"https:\\\/\\\/lasentinelle.dz\\\/#organization\"},\"potentialAction\":[{\"@type\":\"SearchAction\",\"target\":{\"@type\":\"EntryPoint\",\"urlTemplate\":\"https:\\\/\\\/lasentinelle.dz\\\/?s={search_term_string}\"},\"query-input\":{\"@type\":\"PropertyValueSpecification\",\"valueRequired\":true,\"valueName\":\"search_term_string\"}}],\"inLanguage\":\"fr-FR\"},{\"@type\":\"Organization\",\"@id\":\"https:\\\/\\\/lasentinelle.dz\\\/#organization\",\"name\":\"Quotidien La Sentinelle\",\"url\":\"https:\\\/\\\/lasentinelle.dz\\\/\",\"logo\":{\"@type\":\"ImageObject\",\"inLanguage\":\"fr-FR\",\"@id\":\"https:\\\/\\\/lasentinelle.dz\\\/#\\\/schema\\\/logo\\\/image\\\/\",\"url\":\"https:\\\/\\\/lasentinelle.dz\\\/wp-content\\\/uploads\\\/2021\\\/09\\\/logo-sentinelleSLOGAN-1.png\",\"contentUrl\":\"https:\\\/\\\/lasentinelle.dz\\\/wp-content\\\/uploads\\\/2021\\\/09\\\/logo-sentinelleSLOGAN-1.png\",\"width\":615,\"height\":142,\"caption\":\"Quotidien La Sentinelle\"},\"image\":{\"@id\":\"https:\\\/\\\/lasentinelle.dz\\\/#\\\/schema\\\/logo\\\/image\\\/\"},\"sameAs\":[\"https:\\\/\\\/www.facebook.com\\\/La-Sentinelle-104059864394773\"]},{\"@type\":\"Person\",\"@id\":\"https:\\\/\\\/lasentinelle.dz\\\/#\\\/schema\\\/person\\\/d865044e22e70a75174ce8bcad3acfb3\",\"name\":\"La Sentinelle\",\"image\":{\"@type\":\"ImageObject\",\"inLanguage\":\"fr-FR\",\"@id\":\"https:\\\/\\\/secure.gravatar.com\\\/avatar\\\/57de8e5d4b15d43fb361a71fbb36338450fe67865b528a43dd10ef7c51a20392?s=96&d=mm&r=g\",\"url\":\"https:\\\/\\\/secure.gravatar.com\\\/avatar\\\/57de8e5d4b15d43fb361a71fbb36338450fe67865b528a43dd10ef7c51a20392?s=96&d=mm&r=g\",\"contentUrl\":\"https:\\\/\\\/secure.gravatar.com\\\/avatar\\\/57de8e5d4b15d43fb361a71fbb36338450fe67865b528a43dd10ef7c51a20392?s=96&d=mm&r=g\",\"caption\":\"La Sentinelle\"},\"sameAs\":[\"http:\\\/\\\/www.lasentinelle.dz\"],\"url\":\"https:\\\/\\\/lasentinelle.dz\\\/author\\\/redaction\\\/\"}]}<\/script>\n<!-- \/ Yoast SEO plugin. -->","yoast_head_json":{"title":"GECF\u00a0: Le Sommet d\u2019Alger se pr\u00e9pare - La Sentinelle","robots":{"index":"index","follow":"follow","max-snippet":"max-snippet:-1","max-image-preview":"max-image-preview:large","max-video-preview":"max-video-preview:-1"},"canonical":"https:\/\/lasentinelle.dz\/index.php\/2023\/10\/09\/gecf-le-sommet-dalger-se-prepare\/","og_locale":"fr_FR","og_type":"article","og_title":"GECF\u00a0: Le Sommet d\u2019Alger se pr\u00e9pare - La Sentinelle","og_description":"&nbsp;Le ministre de l&rsquo;Energie et des Mines, Mohamed Arkab, prendra part, mardi \u00e0 Malabo (Guin\u00e9e \u00e9quatoriale), \u00e0 la 25e r\u00e9union","og_url":"https:\/\/lasentinelle.dz\/index.php\/2023\/10\/09\/gecf-le-sommet-dalger-se-prepare\/","og_site_name":"La Sentinelle","article_publisher":"https:\/\/www.facebook.com\/La-Sentinelle-104059864394773","article_published_time":"2023-10-09T20:41:10+00:00","article_modified_time":"2023-10-09T20:41:12+00:00","og_image":[{"width":340,"height":200,"url":"https:\/\/lasentinelle.dz\/wp-content\/uploads\/2023\/10\/GECF.jpeg","type":"image\/jpeg"}],"author":"La Sentinelle","twitter_card":"summary_large_image","twitter_misc":{"\u00c9crit par":"La Sentinelle","Dur\u00e9e de lecture estim\u00e9e":"3 minutes"},"schema":{"@context":"https:\/\/schema.org","@graph":[{"@type":"Article","@id":"https:\/\/lasentinelle.dz\/index.php\/2023\/10\/09\/gecf-le-sommet-dalger-se-prepare\/#article","isPartOf":{"@id":"https:\/\/lasentinelle.dz\/index.php\/2023\/10\/09\/gecf-le-sommet-dalger-se-prepare\/"},"author":{"name":"La Sentinelle","@id":"https:\/\/lasentinelle.dz\/#\/schema\/person\/d865044e22e70a75174ce8bcad3acfb3"},"headline":"GECF\u00a0: Le Sommet d\u2019Alger se pr\u00e9pare","datePublished":"2023-10-09T20:41:10+00:00","dateModified":"2023-10-09T20:41:12+00:00","mainEntityOfPage":{"@id":"https:\/\/lasentinelle.dz\/index.php\/2023\/10\/09\/gecf-le-sommet-dalger-se-prepare\/"},"wordCount":509,"commentCount":0,"publisher":{"@id":"https:\/\/lasentinelle.dz\/#organization"},"image":{"@id":"https:\/\/lasentinelle.dz\/index.php\/2023\/10\/09\/gecf-le-sommet-dalger-se-prepare\/#primaryimage"},"thumbnailUrl":"https:\/\/lasentinelle.dz\/wp-content\/uploads\/2023\/10\/GECF.jpeg","articleSection":["\u00c9conomie"],"inLanguage":"fr-FR","potentialAction":[{"@type":"CommentAction","name":"Comment","target":["https:\/\/lasentinelle.dz\/index.php\/2023\/10\/09\/gecf-le-sommet-dalger-se-prepare\/#respond"]}]},{"@type":"WebPage","@id":"https:\/\/lasentinelle.dz\/index.php\/2023\/10\/09\/gecf-le-sommet-dalger-se-prepare\/","url":"https:\/\/lasentinelle.dz\/index.php\/2023\/10\/09\/gecf-le-sommet-dalger-se-prepare\/","name":"GECF\u00a0: Le Sommet d\u2019Alger se pr\u00e9pare - La Sentinelle","isPartOf":{"@id":"https:\/\/lasentinelle.dz\/#website"},"primaryImageOfPage":{"@id":"https:\/\/lasentinelle.dz\/index.php\/2023\/10\/09\/gecf-le-sommet-dalger-se-prepare\/#primaryimage"},"image":{"@id":"https:\/\/lasentinelle.dz\/index.php\/2023\/10\/09\/gecf-le-sommet-dalger-se-prepare\/#primaryimage"},"thumbnailUrl":"https:\/\/lasentinelle.dz\/wp-content\/uploads\/2023\/10\/GECF.jpeg","datePublished":"2023-10-09T20:41:10+00:00","dateModified":"2023-10-09T20:41:12+00:00","breadcrumb":{"@id":"https:\/\/lasentinelle.dz\/index.php\/2023\/10\/09\/gecf-le-sommet-dalger-se-prepare\/#breadcrumb"},"inLanguage":"fr-FR","potentialAction":[{"@type":"ReadAction","target":["https:\/\/lasentinelle.dz\/index.php\/2023\/10\/09\/gecf-le-sommet-dalger-se-prepare\/"]}]},{"@type":"ImageObject","inLanguage":"fr-FR","@id":"https:\/\/lasentinelle.dz\/index.php\/2023\/10\/09\/gecf-le-sommet-dalger-se-prepare\/#primaryimage","url":"https:\/\/lasentinelle.dz\/wp-content\/uploads\/2023\/10\/GECF.jpeg","contentUrl":"https:\/\/lasentinelle.dz\/wp-content\/uploads\/2023\/10\/GECF.jpeg","width":340,"height":200},{"@type":"BreadcrumbList","@id":"https:\/\/lasentinelle.dz\/index.php\/2023\/10\/09\/gecf-le-sommet-dalger-se-prepare\/#breadcrumb","itemListElement":[{"@type":"ListItem","position":1,"name":"Accueil","item":"https:\/\/lasentinelle.dz\/"},{"@type":"ListItem","position":2,"name":"GECF\u00a0: Le Sommet d\u2019Alger se pr\u00e9pare"}]},{"@type":"WebSite","@id":"https:\/\/lasentinelle.dz\/#website","url":"https:\/\/lasentinelle.dz\/","name":"La Sentinelle","description":"Quotidien national d&#039;information","publisher":{"@id":"https:\/\/lasentinelle.dz\/#organization"},"potentialAction":[{"@type":"SearchAction","target":{"@type":"EntryPoint","urlTemplate":"https:\/\/lasentinelle.dz\/?s={search_term_string}"},"query-input":{"@type":"PropertyValueSpecification","valueRequired":true,"valueName":"search_term_string"}}],"inLanguage":"fr-FR"},{"@type":"Organization","@id":"https:\/\/lasentinelle.dz\/#organization","name":"Quotidien La Sentinelle","url":"https:\/\/lasentinelle.dz\/","logo":{"@type":"ImageObject","inLanguage":"fr-FR","@id":"https:\/\/lasentinelle.dz\/#\/schema\/logo\/image\/","url":"https:\/\/lasentinelle.dz\/wp-content\/uploads\/2021\/09\/logo-sentinelleSLOGAN-1.png","contentUrl":"https:\/\/lasentinelle.dz\/wp-content\/uploads\/2021\/09\/logo-sentinelleSLOGAN-1.png","width":615,"height":142,"caption":"Quotidien La Sentinelle"},"image":{"@id":"https:\/\/lasentinelle.dz\/#\/schema\/logo\/image\/"},"sameAs":["https:\/\/www.facebook.com\/La-Sentinelle-104059864394773"]},{"@type":"Person","@id":"https:\/\/lasentinelle.dz\/#\/schema\/person\/d865044e22e70a75174ce8bcad3acfb3","name":"La Sentinelle","image":{"@type":"ImageObject","inLanguage":"fr-FR","@id":"https:\/\/secure.gravatar.com\/avatar\/57de8e5d4b15d43fb361a71fbb36338450fe67865b528a43dd10ef7c51a20392?s=96&d=mm&r=g","url":"https:\/\/secure.gravatar.com\/avatar\/57de8e5d4b15d43fb361a71fbb36338450fe67865b528a43dd10ef7c51a20392?s=96&d=mm&r=g","contentUrl":"https:\/\/secure.gravatar.com\/avatar\/57de8e5d4b15d43fb361a71fbb36338450fe67865b528a43dd10ef7c51a20392?s=96&d=mm&r=g","caption":"La Sentinelle"},"sameAs":["http:\/\/www.lasentinelle.dz"],"url":"https:\/\/lasentinelle.dz\/author\/redaction\/"}]}},"_links":{"self":[{"href":"https:\/\/lasentinelle.dz\/index.php\/wp-json\/wp\/v2\/posts\/46183","targetHints":{"allow":["GET"]}}],"collection":[{"href":"https:\/\/lasentinelle.dz\/index.php\/wp-json\/wp\/v2\/posts"}],"about":[{"href":"https:\/\/lasentinelle.dz\/index.php\/wp-json\/wp\/v2\/types\/post"}],"author":[{"embeddable":true,"href":"https:\/\/lasentinelle.dz\/index.php\/wp-json\/wp\/v2\/users\/3"}],"replies":[{"embeddable":true,"href":"https:\/\/lasentinelle.dz\/index.php\/wp-json\/wp\/v2\/comments?post=46183"}],"version-history":[{"count":1,"href":"https:\/\/lasentinelle.dz\/index.php\/wp-json\/wp\/v2\/posts\/46183\/revisions"}],"predecessor-version":[{"id":46185,"href":"https:\/\/lasentinelle.dz\/index.php\/wp-json\/wp\/v2\/posts\/46183\/revisions\/46185"}],"wp:featuredmedia":[{"embeddable":true,"href":"https:\/\/lasentinelle.dz\/index.php\/wp-json\/wp\/v2\/media\/46184"}],"wp:attachment":[{"href":"https:\/\/lasentinelle.dz\/index.php\/wp-json\/wp\/v2\/media?parent=46183"}],"wp:term":[{"taxonomy":"category","embeddable":true,"href":"https:\/\/lasentinelle.dz\/index.php\/wp-json\/wp\/v2\/categories?post=46183"},{"taxonomy":"post_tag","embeddable":true,"href":"https:\/\/lasentinelle.dz\/index.php\/wp-json\/wp\/v2\/tags?post=46183"}],"curies":[{"name":"wp","href":"https:\/\/api.w.org\/{rel}","templated":true}]}}