{"id":46186,"date":"2023-10-09T21:42:16","date_gmt":"2023-10-09T20:42:16","guid":{"rendered":"https:\/\/lasentinelle.dz\/?p=46186"},"modified":"2023-10-09T21:42:18","modified_gmt":"2023-10-09T20:42:18","slug":"gaz-lalgerie-consolide-sa-position-sur-le-marche-europeen","status":"publish","type":"post","link":"https:\/\/lasentinelle.dz\/index.php\/2023\/10\/09\/gaz-lalgerie-consolide-sa-position-sur-le-marche-europeen\/","title":{"rendered":"Gaz\u00a0: L\u2019Alg\u00e9rie consolide sa position sur le march\u00e9 europ\u00e9en"},"content":{"rendered":"\n<p>L\u2019Alg\u00e9rie consolide sa position sur le march\u00e9 gazier europ\u00e9en et s\u2019impose comme l\u2019un des plus importants fournisseurs de gaz notamment du Sud de l\u2019Europe, avec une hausse sensible des exportations.<\/p>\n\n\n\n<p>Ainsi, selon les derni\u00e8res donn\u00e9es publi\u00e9es par la soci\u00e9t\u00e9 espagnole de gestion du syst\u00e8me gazier Enagas, l\u2019Alg\u00e9rie a maintenu sa place de premier fournisseur de l\u2019Espagne en gaz, au mois de septembre alors que les exportations alg\u00e9riennes de gaz ont fortement augment\u00e9 durant ce m\u00eame mois. Selon les m\u00eames donn\u00e9es, l\u2019Alg\u00e9rie couvre 42,4% de ses importations totales de gaz de l\u2019Espagne. Les exportations alg\u00e9riennes de gaz vers l\u2019Espagne ont atteint l\u2019\u00e9quivalent 3 063 GWh, contre 9 000 GWh exp\u00e9di\u00e9s au cours de la m\u00eame p\u00e9riode de l\u2019ann\u00e9e pr\u00e9c\u00e9dente.<\/p>\n\n\n\n<p>L\u2019Alg\u00e9rie a ainsi devanc\u00e9 les autres fournisseurs de gaz de l\u2019Espagne, notamment les \u00c9tats-Unis et le Nigeria. Le Nigeria a d\u00e9tenu une part de march\u00e9 de 20,1% en septembre dernier, avec 6 195 GWh, tandis que les \u00c9tats-Unis ont repr\u00e9sent\u00e9 12,4% avec 3 814 GWh. Sur l\u2019ensemble des premiers mois de l\u2019ann\u00e9e en cours, l\u2019Alg\u00e9rie demeure en t\u00eate des fournisseurs de gaz de l\u2019Espagne, avec une part de march\u00e9 de 26,8%, suivie des \u00c9tats-Unis \u00e0 20,0%. La presse espagnole souligne que cette augmentation des importations de gaz en Espagne est due \u00e0 la hausse de la production d\u2019\u00e9lectricit\u00e9 \u00e0 partir du gaz pendant l\u2019\u00e9t\u00e9, en raison du manque d\u2019\u00e9nergie \u00e9olienne et de l\u2019interdiction de l\u2019utilisation du charbon. Pour compenser ces lacunes dans la production d\u2019\u00e9lectricit\u00e9, le recours au gaz est devenu essentiel.<\/p>\n\n\n\n<p>En octobre, la part du gaz dans la production d\u2019\u00e9lectricit\u00e9 devrait encore augmenter. Il est utile de rappeler dans ce contexte que l\u2019Alg\u00e9rie approvisionne l\u2019Espagne en gaz, principalement \u00e0 travers le gazoduc Medgaz, d\u2019une capacit\u00e9 de 10 milliards de m\u00e8tres cubes par an. L\u2019Alg\u00e9rie occupe aussi une place pr\u00e9pond\u00e9rante sur le march\u00e9 europ\u00e9en gr\u00e2ce \u00e0 ses exportations via le gazoduc Enrico Mattei la reliant \u00e0 l\u2019Italie ainsi que ses exportations de GNL. L\u2019Alg\u00e9rie est devenue, depuis le d\u00e9but du conflit en Ukraine, le principal fournisseur de gaz de l\u2019Italie. Selon SP global, les exportations de gaz alg\u00e9rien par gazoduc vers l\u2019Italie que sont pass\u00e9es d\u2019environ 20 milliards de m3 en 2021 \u00e0 22,4 milliards de m3 en 2022.<\/p>\n\n\n\n<p>L\u2019Alg\u00e9rie est \u00e9galement devenue cette ann\u00e9e l\u2019un des fournisseurs les plus en importants de la France en gaz. Selon les chiffres des autorit\u00e9s fran\u00e7aises, les importations fran\u00e7aises de gaz alg\u00e9rien ont connu une augmentation au cours du premier semestre de cette ann\u00e9e de 92,1 %, repr\u00e9sentant pr\u00e8s de la moiti\u00e9 du gaz achet\u00e9 par Paris \u00e0 l\u2019\u00e9tranger. Les importations fran\u00e7aises de gaz alg\u00e9rien ont atteint un niveau record d\u2019environ 49,9 % des importations totales de gaz de Paris dans le monde, s\u2019\u00e9levant \u00e0 1,5 milliard d\u2019euros<\/p>\n\n\n\n<p><strong>Samira Ghrib<\/strong><\/p>\n","protected":false},"excerpt":{"rendered":"<p>L\u2019Alg\u00e9rie consolide sa position sur le march\u00e9 gazier europ\u00e9en et s\u2019impose comme l\u2019un des plus importants fournisseurs de gaz notamment<\/p>\n","protected":false},"author":3,"featured_media":37885,"comment_status":"open","ping_status":"closed","sticky":false,"template":"","format":"standard","meta":{"colormag_page_container_layout":"default_layout","colormag_page_sidebar_layout":"default_layout","om_disable_all_campaigns":false,"_monsterinsights_skip_tracking":false,"_monsterinsights_sitenote_active":false,"_monsterinsights_sitenote_note":"","_monsterinsights_sitenote_category":0,"footnotes":"","_wpscppro_dont_share_socialmedia":false,"_wpscppro_custom_social_share_image":0,"_facebook_share_type":"","_twitter_share_type":"","_linkedin_share_type":"","_pinterest_share_type":"","_linkedin_share_type_page":"","_instagram_share_type":"","_medium_share_type":"","_threads_share_type":"","_google_business_share_type":"","_selected_social_profile":[],"_wpsp_enable_custom_social_template":false,"_wpsp_social_scheduling":{"enabled":false,"datetime":null,"platforms":[],"status":"template_only","dateOption":"today","timeOption":"now","customDays":"","customHours":"","customDate":"","customTime":"","schedulingType":"absolute"},"_wpsp_active_default_template":true},"categories":[52,29],"tags":[],"class_list":["post-46186","post","type-post","status-publish","format-standard","has-post-thumbnail","hentry","category-a-la-une","category-economie"],"aioseo_notices":[],"yoast_head":"<!-- This site is optimized with the Yoast SEO plugin v27.5 - https:\/\/yoast.com\/product\/yoast-seo-wordpress\/ -->\n<title>Gaz\u00a0: L\u2019Alg\u00e9rie consolide sa position sur le march\u00e9 europ\u00e9en - La Sentinelle<\/title>\n<meta name=\"robots\" content=\"index, follow, max-snippet:-1, max-image-preview:large, max-video-preview:-1\" \/>\n<link rel=\"canonical\" href=\"https:\/\/lasentinelle.dz\/index.php\/2023\/10\/09\/gaz-lalgerie-consolide-sa-position-sur-le-marche-europeen\/\" \/>\n<meta property=\"og:locale\" content=\"fr_FR\" \/>\n<meta property=\"og:type\" content=\"article\" \/>\n<meta property=\"og:title\" content=\"Gaz\u00a0: L\u2019Alg\u00e9rie consolide sa position sur le march\u00e9 europ\u00e9en - La Sentinelle\" \/>\n<meta property=\"og:description\" content=\"L\u2019Alg\u00e9rie consolide sa position sur le march\u00e9 gazier europ\u00e9en et s\u2019impose comme l\u2019un des plus importants fournisseurs de gaz notamment\" \/>\n<meta property=\"og:url\" content=\"https:\/\/lasentinelle.dz\/index.php\/2023\/10\/09\/gaz-lalgerie-consolide-sa-position-sur-le-marche-europeen\/\" \/>\n<meta property=\"og:site_name\" content=\"La Sentinelle\" \/>\n<meta property=\"article:publisher\" content=\"https:\/\/www.facebook.com\/La-Sentinelle-104059864394773\" \/>\n<meta property=\"article:published_time\" content=\"2023-10-09T20:42:16+00:00\" \/>\n<meta property=\"article:modified_time\" content=\"2023-10-09T20:42:18+00:00\" \/>\n<meta property=\"og:image\" content=\"https:\/\/lasentinelle.dz\/wp-content\/uploads\/2023\/03\/gaz.png\" \/>\n\t<meta property=\"og:image:width\" content=\"1406\" \/>\n\t<meta property=\"og:image:height\" content=\"900\" \/>\n\t<meta property=\"og:image:type\" content=\"image\/png\" \/>\n<meta name=\"author\" content=\"La Sentinelle\" \/>\n<meta name=\"twitter:card\" content=\"summary_large_image\" \/>\n<meta name=\"twitter:label1\" content=\"\u00c9crit par\" \/>\n\t<meta name=\"twitter:data1\" content=\"La Sentinelle\" \/>\n\t<meta name=\"twitter:label2\" content=\"Dur\u00e9e de lecture estim\u00e9e\" \/>\n\t<meta name=\"twitter:data2\" content=\"3 minutes\" \/>\n<script type=\"application\/ld+json\" class=\"yoast-schema-graph\">{\"@context\":\"https:\\\/\\\/schema.org\",\"@graph\":[{\"@type\":\"Article\",\"@id\":\"https:\\\/\\\/lasentinelle.dz\\\/index.php\\\/2023\\\/10\\\/09\\\/gaz-lalgerie-consolide-sa-position-sur-le-marche-europeen\\\/#article\",\"isPartOf\":{\"@id\":\"https:\\\/\\\/lasentinelle.dz\\\/index.php\\\/2023\\\/10\\\/09\\\/gaz-lalgerie-consolide-sa-position-sur-le-marche-europeen\\\/\"},\"author\":{\"name\":\"La Sentinelle\",\"@id\":\"https:\\\/\\\/lasentinelle.dz\\\/#\\\/schema\\\/person\\\/d865044e22e70a75174ce8bcad3acfb3\"},\"headline\":\"Gaz\u00a0: L\u2019Alg\u00e9rie consolide sa position sur le march\u00e9 europ\u00e9en\",\"datePublished\":\"2023-10-09T20:42:16+00:00\",\"dateModified\":\"2023-10-09T20:42:18+00:00\",\"mainEntityOfPage\":{\"@id\":\"https:\\\/\\\/lasentinelle.dz\\\/index.php\\\/2023\\\/10\\\/09\\\/gaz-lalgerie-consolide-sa-position-sur-le-marche-europeen\\\/\"},\"wordCount\":524,\"commentCount\":0,\"publisher\":{\"@id\":\"https:\\\/\\\/lasentinelle.dz\\\/#organization\"},\"image\":{\"@id\":\"https:\\\/\\\/lasentinelle.dz\\\/index.php\\\/2023\\\/10\\\/09\\\/gaz-lalgerie-consolide-sa-position-sur-le-marche-europeen\\\/#primaryimage\"},\"thumbnailUrl\":\"https:\\\/\\\/lasentinelle.dz\\\/wp-content\\\/uploads\\\/2023\\\/03\\\/gaz.png\",\"articleSection\":[\"\u00c0 la Une\",\"\u00c9conomie\"],\"inLanguage\":\"fr-FR\",\"potentialAction\":[{\"@type\":\"CommentAction\",\"name\":\"Comment\",\"target\":[\"https:\\\/\\\/lasentinelle.dz\\\/index.php\\\/2023\\\/10\\\/09\\\/gaz-lalgerie-consolide-sa-position-sur-le-marche-europeen\\\/#respond\"]}]},{\"@type\":\"WebPage\",\"@id\":\"https:\\\/\\\/lasentinelle.dz\\\/index.php\\\/2023\\\/10\\\/09\\\/gaz-lalgerie-consolide-sa-position-sur-le-marche-europeen\\\/\",\"url\":\"https:\\\/\\\/lasentinelle.dz\\\/index.php\\\/2023\\\/10\\\/09\\\/gaz-lalgerie-consolide-sa-position-sur-le-marche-europeen\\\/\",\"name\":\"Gaz\u00a0: L\u2019Alg\u00e9rie consolide sa position sur le march\u00e9 europ\u00e9en - La Sentinelle\",\"isPartOf\":{\"@id\":\"https:\\\/\\\/lasentinelle.dz\\\/#website\"},\"primaryImageOfPage\":{\"@id\":\"https:\\\/\\\/lasentinelle.dz\\\/index.php\\\/2023\\\/10\\\/09\\\/gaz-lalgerie-consolide-sa-position-sur-le-marche-europeen\\\/#primaryimage\"},\"image\":{\"@id\":\"https:\\\/\\\/lasentinelle.dz\\\/index.php\\\/2023\\\/10\\\/09\\\/gaz-lalgerie-consolide-sa-position-sur-le-marche-europeen\\\/#primaryimage\"},\"thumbnailUrl\":\"https:\\\/\\\/lasentinelle.dz\\\/wp-content\\\/uploads\\\/2023\\\/03\\\/gaz.png\",\"datePublished\":\"2023-10-09T20:42:16+00:00\",\"dateModified\":\"2023-10-09T20:42:18+00:00\",\"breadcrumb\":{\"@id\":\"https:\\\/\\\/lasentinelle.dz\\\/index.php\\\/2023\\\/10\\\/09\\\/gaz-lalgerie-consolide-sa-position-sur-le-marche-europeen\\\/#breadcrumb\"},\"inLanguage\":\"fr-FR\",\"potentialAction\":[{\"@type\":\"ReadAction\",\"target\":[\"https:\\\/\\\/lasentinelle.dz\\\/index.php\\\/2023\\\/10\\\/09\\\/gaz-lalgerie-consolide-sa-position-sur-le-marche-europeen\\\/\"]}]},{\"@type\":\"ImageObject\",\"inLanguage\":\"fr-FR\",\"@id\":\"https:\\\/\\\/lasentinelle.dz\\\/index.php\\\/2023\\\/10\\\/09\\\/gaz-lalgerie-consolide-sa-position-sur-le-marche-europeen\\\/#primaryimage\",\"url\":\"https:\\\/\\\/lasentinelle.dz\\\/wp-content\\\/uploads\\\/2023\\\/03\\\/gaz.png\",\"contentUrl\":\"https:\\\/\\\/lasentinelle.dz\\\/wp-content\\\/uploads\\\/2023\\\/03\\\/gaz.png\",\"width\":1406,\"height\":900},{\"@type\":\"BreadcrumbList\",\"@id\":\"https:\\\/\\\/lasentinelle.dz\\\/index.php\\\/2023\\\/10\\\/09\\\/gaz-lalgerie-consolide-sa-position-sur-le-marche-europeen\\\/#breadcrumb\",\"itemListElement\":[{\"@type\":\"ListItem\",\"position\":1,\"name\":\"Accueil\",\"item\":\"https:\\\/\\\/lasentinelle.dz\\\/\"},{\"@type\":\"ListItem\",\"position\":2,\"name\":\"Gaz\u00a0: L\u2019Alg\u00e9rie consolide sa position sur le march\u00e9 europ\u00e9en\"}]},{\"@type\":\"WebSite\",\"@id\":\"https:\\\/\\\/lasentinelle.dz\\\/#website\",\"url\":\"https:\\\/\\\/lasentinelle.dz\\\/\",\"name\":\"La Sentinelle\",\"description\":\"Quotidien national d&#039;information\",\"publisher\":{\"@id\":\"https:\\\/\\\/lasentinelle.dz\\\/#organization\"},\"potentialAction\":[{\"@type\":\"SearchAction\",\"target\":{\"@type\":\"EntryPoint\",\"urlTemplate\":\"https:\\\/\\\/lasentinelle.dz\\\/?s={search_term_string}\"},\"query-input\":{\"@type\":\"PropertyValueSpecification\",\"valueRequired\":true,\"valueName\":\"search_term_string\"}}],\"inLanguage\":\"fr-FR\"},{\"@type\":\"Organization\",\"@id\":\"https:\\\/\\\/lasentinelle.dz\\\/#organization\",\"name\":\"Quotidien La Sentinelle\",\"url\":\"https:\\\/\\\/lasentinelle.dz\\\/\",\"logo\":{\"@type\":\"ImageObject\",\"inLanguage\":\"fr-FR\",\"@id\":\"https:\\\/\\\/lasentinelle.dz\\\/#\\\/schema\\\/logo\\\/image\\\/\",\"url\":\"https:\\\/\\\/lasentinelle.dz\\\/wp-content\\\/uploads\\\/2021\\\/09\\\/logo-sentinelleSLOGAN-1.png\",\"contentUrl\":\"https:\\\/\\\/lasentinelle.dz\\\/wp-content\\\/uploads\\\/2021\\\/09\\\/logo-sentinelleSLOGAN-1.png\",\"width\":615,\"height\":142,\"caption\":\"Quotidien La Sentinelle\"},\"image\":{\"@id\":\"https:\\\/\\\/lasentinelle.dz\\\/#\\\/schema\\\/logo\\\/image\\\/\"},\"sameAs\":[\"https:\\\/\\\/www.facebook.com\\\/La-Sentinelle-104059864394773\"]},{\"@type\":\"Person\",\"@id\":\"https:\\\/\\\/lasentinelle.dz\\\/#\\\/schema\\\/person\\\/d865044e22e70a75174ce8bcad3acfb3\",\"name\":\"La Sentinelle\",\"image\":{\"@type\":\"ImageObject\",\"inLanguage\":\"fr-FR\",\"@id\":\"https:\\\/\\\/secure.gravatar.com\\\/avatar\\\/57de8e5d4b15d43fb361a71fbb36338450fe67865b528a43dd10ef7c51a20392?s=96&d=mm&r=g\",\"url\":\"https:\\\/\\\/secure.gravatar.com\\\/avatar\\\/57de8e5d4b15d43fb361a71fbb36338450fe67865b528a43dd10ef7c51a20392?s=96&d=mm&r=g\",\"contentUrl\":\"https:\\\/\\\/secure.gravatar.com\\\/avatar\\\/57de8e5d4b15d43fb361a71fbb36338450fe67865b528a43dd10ef7c51a20392?s=96&d=mm&r=g\",\"caption\":\"La Sentinelle\"},\"sameAs\":[\"http:\\\/\\\/www.lasentinelle.dz\"],\"url\":\"https:\\\/\\\/lasentinelle.dz\\\/author\\\/redaction\\\/\"}]}<\/script>\n<!-- \/ Yoast SEO plugin. -->","yoast_head_json":{"title":"Gaz\u00a0: L\u2019Alg\u00e9rie consolide sa position sur le march\u00e9 europ\u00e9en - La Sentinelle","robots":{"index":"index","follow":"follow","max-snippet":"max-snippet:-1","max-image-preview":"max-image-preview:large","max-video-preview":"max-video-preview:-1"},"canonical":"https:\/\/lasentinelle.dz\/index.php\/2023\/10\/09\/gaz-lalgerie-consolide-sa-position-sur-le-marche-europeen\/","og_locale":"fr_FR","og_type":"article","og_title":"Gaz\u00a0: L\u2019Alg\u00e9rie consolide sa position sur le march\u00e9 europ\u00e9en - La Sentinelle","og_description":"L\u2019Alg\u00e9rie consolide sa position sur le march\u00e9 gazier europ\u00e9en et s\u2019impose comme l\u2019un des plus importants fournisseurs de gaz notamment","og_url":"https:\/\/lasentinelle.dz\/index.php\/2023\/10\/09\/gaz-lalgerie-consolide-sa-position-sur-le-marche-europeen\/","og_site_name":"La Sentinelle","article_publisher":"https:\/\/www.facebook.com\/La-Sentinelle-104059864394773","article_published_time":"2023-10-09T20:42:16+00:00","article_modified_time":"2023-10-09T20:42:18+00:00","og_image":[{"width":1406,"height":900,"url":"https:\/\/lasentinelle.dz\/wp-content\/uploads\/2023\/03\/gaz.png","type":"image\/png"}],"author":"La Sentinelle","twitter_card":"summary_large_image","twitter_misc":{"\u00c9crit par":"La Sentinelle","Dur\u00e9e de lecture estim\u00e9e":"3 minutes"},"schema":{"@context":"https:\/\/schema.org","@graph":[{"@type":"Article","@id":"https:\/\/lasentinelle.dz\/index.php\/2023\/10\/09\/gaz-lalgerie-consolide-sa-position-sur-le-marche-europeen\/#article","isPartOf":{"@id":"https:\/\/lasentinelle.dz\/index.php\/2023\/10\/09\/gaz-lalgerie-consolide-sa-position-sur-le-marche-europeen\/"},"author":{"name":"La Sentinelle","@id":"https:\/\/lasentinelle.dz\/#\/schema\/person\/d865044e22e70a75174ce8bcad3acfb3"},"headline":"Gaz\u00a0: L\u2019Alg\u00e9rie consolide sa position sur le march\u00e9 europ\u00e9en","datePublished":"2023-10-09T20:42:16+00:00","dateModified":"2023-10-09T20:42:18+00:00","mainEntityOfPage":{"@id":"https:\/\/lasentinelle.dz\/index.php\/2023\/10\/09\/gaz-lalgerie-consolide-sa-position-sur-le-marche-europeen\/"},"wordCount":524,"commentCount":0,"publisher":{"@id":"https:\/\/lasentinelle.dz\/#organization"},"image":{"@id":"https:\/\/lasentinelle.dz\/index.php\/2023\/10\/09\/gaz-lalgerie-consolide-sa-position-sur-le-marche-europeen\/#primaryimage"},"thumbnailUrl":"https:\/\/lasentinelle.dz\/wp-content\/uploads\/2023\/03\/gaz.png","articleSection":["\u00c0 la Une","\u00c9conomie"],"inLanguage":"fr-FR","potentialAction":[{"@type":"CommentAction","name":"Comment","target":["https:\/\/lasentinelle.dz\/index.php\/2023\/10\/09\/gaz-lalgerie-consolide-sa-position-sur-le-marche-europeen\/#respond"]}]},{"@type":"WebPage","@id":"https:\/\/lasentinelle.dz\/index.php\/2023\/10\/09\/gaz-lalgerie-consolide-sa-position-sur-le-marche-europeen\/","url":"https:\/\/lasentinelle.dz\/index.php\/2023\/10\/09\/gaz-lalgerie-consolide-sa-position-sur-le-marche-europeen\/","name":"Gaz\u00a0: L\u2019Alg\u00e9rie consolide sa position sur le march\u00e9 europ\u00e9en - La Sentinelle","isPartOf":{"@id":"https:\/\/lasentinelle.dz\/#website"},"primaryImageOfPage":{"@id":"https:\/\/lasentinelle.dz\/index.php\/2023\/10\/09\/gaz-lalgerie-consolide-sa-position-sur-le-marche-europeen\/#primaryimage"},"image":{"@id":"https:\/\/lasentinelle.dz\/index.php\/2023\/10\/09\/gaz-lalgerie-consolide-sa-position-sur-le-marche-europeen\/#primaryimage"},"thumbnailUrl":"https:\/\/lasentinelle.dz\/wp-content\/uploads\/2023\/03\/gaz.png","datePublished":"2023-10-09T20:42:16+00:00","dateModified":"2023-10-09T20:42:18+00:00","breadcrumb":{"@id":"https:\/\/lasentinelle.dz\/index.php\/2023\/10\/09\/gaz-lalgerie-consolide-sa-position-sur-le-marche-europeen\/#breadcrumb"},"inLanguage":"fr-FR","potentialAction":[{"@type":"ReadAction","target":["https:\/\/lasentinelle.dz\/index.php\/2023\/10\/09\/gaz-lalgerie-consolide-sa-position-sur-le-marche-europeen\/"]}]},{"@type":"ImageObject","inLanguage":"fr-FR","@id":"https:\/\/lasentinelle.dz\/index.php\/2023\/10\/09\/gaz-lalgerie-consolide-sa-position-sur-le-marche-europeen\/#primaryimage","url":"https:\/\/lasentinelle.dz\/wp-content\/uploads\/2023\/03\/gaz.png","contentUrl":"https:\/\/lasentinelle.dz\/wp-content\/uploads\/2023\/03\/gaz.png","width":1406,"height":900},{"@type":"BreadcrumbList","@id":"https:\/\/lasentinelle.dz\/index.php\/2023\/10\/09\/gaz-lalgerie-consolide-sa-position-sur-le-marche-europeen\/#breadcrumb","itemListElement":[{"@type":"ListItem","position":1,"name":"Accueil","item":"https:\/\/lasentinelle.dz\/"},{"@type":"ListItem","position":2,"name":"Gaz\u00a0: L\u2019Alg\u00e9rie consolide sa position sur le march\u00e9 europ\u00e9en"}]},{"@type":"WebSite","@id":"https:\/\/lasentinelle.dz\/#website","url":"https:\/\/lasentinelle.dz\/","name":"La Sentinelle","description":"Quotidien national d&#039;information","publisher":{"@id":"https:\/\/lasentinelle.dz\/#organization"},"potentialAction":[{"@type":"SearchAction","target":{"@type":"EntryPoint","urlTemplate":"https:\/\/lasentinelle.dz\/?s={search_term_string}"},"query-input":{"@type":"PropertyValueSpecification","valueRequired":true,"valueName":"search_term_string"}}],"inLanguage":"fr-FR"},{"@type":"Organization","@id":"https:\/\/lasentinelle.dz\/#organization","name":"Quotidien La Sentinelle","url":"https:\/\/lasentinelle.dz\/","logo":{"@type":"ImageObject","inLanguage":"fr-FR","@id":"https:\/\/lasentinelle.dz\/#\/schema\/logo\/image\/","url":"https:\/\/lasentinelle.dz\/wp-content\/uploads\/2021\/09\/logo-sentinelleSLOGAN-1.png","contentUrl":"https:\/\/lasentinelle.dz\/wp-content\/uploads\/2021\/09\/logo-sentinelleSLOGAN-1.png","width":615,"height":142,"caption":"Quotidien La Sentinelle"},"image":{"@id":"https:\/\/lasentinelle.dz\/#\/schema\/logo\/image\/"},"sameAs":["https:\/\/www.facebook.com\/La-Sentinelle-104059864394773"]},{"@type":"Person","@id":"https:\/\/lasentinelle.dz\/#\/schema\/person\/d865044e22e70a75174ce8bcad3acfb3","name":"La Sentinelle","image":{"@type":"ImageObject","inLanguage":"fr-FR","@id":"https:\/\/secure.gravatar.com\/avatar\/57de8e5d4b15d43fb361a71fbb36338450fe67865b528a43dd10ef7c51a20392?s=96&d=mm&r=g","url":"https:\/\/secure.gravatar.com\/avatar\/57de8e5d4b15d43fb361a71fbb36338450fe67865b528a43dd10ef7c51a20392?s=96&d=mm&r=g","contentUrl":"https:\/\/secure.gravatar.com\/avatar\/57de8e5d4b15d43fb361a71fbb36338450fe67865b528a43dd10ef7c51a20392?s=96&d=mm&r=g","caption":"La Sentinelle"},"sameAs":["http:\/\/www.lasentinelle.dz"],"url":"https:\/\/lasentinelle.dz\/author\/redaction\/"}]}},"_links":{"self":[{"href":"https:\/\/lasentinelle.dz\/index.php\/wp-json\/wp\/v2\/posts\/46186","targetHints":{"allow":["GET"]}}],"collection":[{"href":"https:\/\/lasentinelle.dz\/index.php\/wp-json\/wp\/v2\/posts"}],"about":[{"href":"https:\/\/lasentinelle.dz\/index.php\/wp-json\/wp\/v2\/types\/post"}],"author":[{"embeddable":true,"href":"https:\/\/lasentinelle.dz\/index.php\/wp-json\/wp\/v2\/users\/3"}],"replies":[{"embeddable":true,"href":"https:\/\/lasentinelle.dz\/index.php\/wp-json\/wp\/v2\/comments?post=46186"}],"version-history":[{"count":1,"href":"https:\/\/lasentinelle.dz\/index.php\/wp-json\/wp\/v2\/posts\/46186\/revisions"}],"predecessor-version":[{"id":46187,"href":"https:\/\/lasentinelle.dz\/index.php\/wp-json\/wp\/v2\/posts\/46186\/revisions\/46187"}],"wp:featuredmedia":[{"embeddable":true,"href":"https:\/\/lasentinelle.dz\/index.php\/wp-json\/wp\/v2\/media\/37885"}],"wp:attachment":[{"href":"https:\/\/lasentinelle.dz\/index.php\/wp-json\/wp\/v2\/media?parent=46186"}],"wp:term":[{"taxonomy":"category","embeddable":true,"href":"https:\/\/lasentinelle.dz\/index.php\/wp-json\/wp\/v2\/categories?post=46186"},{"taxonomy":"post_tag","embeddable":true,"href":"https:\/\/lasentinelle.dz\/index.php\/wp-json\/wp\/v2\/tags?post=46186"}],"curies":[{"name":"wp","href":"https:\/\/api.w.org\/{rel}","templated":true}]}}