{"id":46241,"date":"2023-10-11T21:39:42","date_gmt":"2023-10-11T20:39:42","guid":{"rendered":"https:\/\/lasentinelle.dz\/?p=46241"},"modified":"2023-10-11T21:39:47","modified_gmt":"2023-10-11T20:39:47","slug":"tirage-au-sort-de-la-can-2023-les-verts-fixes-sur-leurs-adversaires-aujourdhui","status":"publish","type":"post","link":"https:\/\/lasentinelle.dz\/index.php\/2023\/10\/11\/tirage-au-sort-de-la-can-2023-les-verts-fixes-sur-leurs-adversaires-aujourdhui\/","title":{"rendered":"Tirage au sort de la CAN-2023\u00a0: Les Verts fix\u00e9s sur leurs adversaires aujourd\u2019hui"},"content":{"rendered":"\n<p>La s\u00e9lection nationale de football sera fix\u00e9e aujourd\u2019hui sur ses adversaires \u00e0 la 34e Coupe d`Afrique des nations CAN-2023 (report\u00e9e \u00e0 2024) en C\u00f4te d\u2019Ivoire (13 janvier-11 f\u00e9vrier), \u00e0 l\u2019occasion du tirage au sort de la phase finale, pr\u00e9vu au Parc des Expositions \u00e0 Abidjan (20h00 alg\u00e9riennes). L\u2019\u00e9quipe nationale, a \u00e9t\u00e9 vers\u00e9e dans le chapeau 1, comme ce fut lors du tirage au sort de la pr\u00e9c\u00e9dent \u00e9dition disput\u00e9e au Cameroun en 2022. Les Verts vont rencontrer \u00e0 coup s\u00fbr l\u2019un des gros morceaux du continent, \u00e0 l\u2019image du Nigeria, le Ghana, ou encore le Cameroun, log\u00e9s dans le chapeau 2, en compagnie de la RD Congo, le Burkina Faso, et le Mali. La star internationale Akon animera d\u2019ailleurs la c\u00e9r\u00e9monie de tirage au sort. Activiste et grand amoureux du football, Akon, l\u2019artiste s\u00e9n\u00e9galais est le promoteur du projet \u00ab\u00a0Akon Lighting Africa\u00a0\u00bb qui vise \u00e0 utiliser l&rsquo;\u00e9lectricit\u00e9 solaire afin d\u2019aider les pays africains \u00e0 r\u00e9pondre \u00e0 leurs besoins en mati\u00e8re d\u2019 \u00e9lectricit\u00e9. Lors de ce tirage au sort, Akon sera aux c\u00f4t\u00e9s de Tour\u00e9. Une collaboration qui ajoute encore plus de prestance \u00e0 cet \u00e9v\u00e9nement, qui s&rsquo;annonce brillant, glamour et tr\u00e8s attendu.<\/p>\n\n\n\n<p>Par ailleurs lors de cette c\u00e9r\u00e9monie, la CAF et et l&rsquo;\u00e9quipementier sportif PUMA d\u00e9voileront le ballon officiel de la Coupe d&rsquo;Afrique des Nations, C\u00f4te d&rsquo;Ivoire 2023 12 octobre \u00e0 19H00 GMT (20h00 alg\u00e9rienne) \u00e0 Abidjan, a indiqu\u00e9 mardi l&rsquo;instance africaine. La CAF et l\u2019\u00e9quipementier sportif allemand ont conclu un accord qui fait de PUMA le partenaire technique de la CAF pour plusieurs \u00e9v\u00e9nements organis\u00e9s par l&rsquo;instance africaine, dont la Coupe d&rsquo;Afrique des Nations, C\u00f4te d&rsquo;Ivoire 2023. L&rsquo;accord d\u00e9butera le 1er novembre 2023 et PUMA fournira le ballon officiel des tournois CAF, ainsi que l&rsquo;\u00e9quipement des arbitres et proc\u00e9dera \u00e0 des campagnes de marketing, \u00e0 l\u2019int\u00e9rieur comme l&rsquo;ext\u00e9rieur du stade, pr\u00e9cise la CAF sur son site officiel.<\/p>\n\n\n\n<p>L\u2019Alg\u00e9rie, dont il s\u2019agit de la 20e participation \u00e0 la CAN, s\u2019est qualifi\u00e9e haut la main pour cette CAN-2023, en dominant le groupe F avec 16 points en six matchs devant la Tanzanie (8 pts), \u00e9galement qualifi\u00e9, l\u2019Ouganda (7 pts) et le Niger (2 pts). Vainqueurs en 1990 et 2019 les Verts reviennent pour un troisi\u00e8me titre en C\u00f4te d\u2019Ivoire. Les 16 \u00e9quipes les mieux class\u00e9es selon la FIFA seront pr\u00e9sentes lors de la phase finale de la comp\u00e9tition. Le tirage au sort sera retransmis dans plus de 50 pays, des millions de t\u00e9l\u00e9spectateurs attendus sur la cha\u00eene You Tube de la CAF ainsi que sur les partenaires t\u00e9l\u00e9visuels de la CAF. Les cinq villes h\u00f4tes du tournoi sont : Abidjan, Bouak\u00e9, Korhogo, Yamoussoukro et San Pedro. Les nations qualifi\u00e9es ont \u00e9t\u00e9 r\u00e9parties sur quatre chapeaux de six \u00e9quipes chacun, sur la base du dernier classement de la F\u00e9d\u00e9ration internationale (Fifa). Les 24 qualifi\u00e9s constitueront six groupes de quatre. Les deux premiers de chaque groupe ainsi que les quatre meilleurs troisi\u00e8mes se qualifient pour les 8es de finale.<\/p>\n\n\n\n<p>R.S.<\/p>\n\n\n\n<p><strong>La composition des chapeaux<\/strong><\/p>\n\n\n\n<p>Chapeau 1 : C\u00f4te d\u2019Ivoire (h\u00f4te), Maroc, S\u00e9n\u00e9gal, Tunisie, Alg\u00e9rie, Egypte<\/p>\n\n\n\n<p>Chapeau 2 : Nigeria, Cameroun, Mali, Burkina Faso, Ghana, RD Congo<\/p>\n\n\n\n<p>Chapeau 3 : Afrique du Sud, Cap-Vert, Guin\u00e9e, Zambie, Guin\u00e9e Equatoriale, Mauritanie<\/p>\n\n\n\n<p>Chapeau 4 : Guin\u00e9e-Bissau, Mozambique, Namibie, Angola, Gambie, Tanzanie.<\/p>\n","protected":false},"excerpt":{"rendered":"<p>La s\u00e9lection nationale de football sera fix\u00e9e aujourd\u2019hui sur ses adversaires \u00e0 la 34e Coupe d`Afrique des nations CAN-2023 (report\u00e9e<\/p>\n","protected":false},"author":3,"featured_media":34363,"comment_status":"open","ping_status":"closed","sticky":false,"template":"","format":"standard","meta":{"colormag_page_container_layout":"default_layout","colormag_page_sidebar_layout":"default_layout","om_disable_all_campaigns":false,"_monsterinsights_skip_tracking":false,"_monsterinsights_sitenote_active":false,"_monsterinsights_sitenote_note":"","_monsterinsights_sitenote_category":0,"footnotes":"","_wpscppro_dont_share_socialmedia":false,"_wpscppro_custom_social_share_image":0,"_facebook_share_type":"","_twitter_share_type":"","_linkedin_share_type":"","_pinterest_share_type":"","_linkedin_share_type_page":"","_instagram_share_type":"","_medium_share_type":"","_threads_share_type":"","_google_business_share_type":"","_selected_social_profile":[],"_wpsp_enable_custom_social_template":false,"_wpsp_social_scheduling":{"enabled":false,"datetime":null,"platforms":[],"status":"template_only","dateOption":"today","timeOption":"now","customDays":"","customHours":"","customDate":"","customTime":"","schedulingType":"absolute"},"_wpsp_active_default_template":true},"categories":[33],"tags":[],"class_list":["post-46241","post","type-post","status-publish","format-standard","has-post-thumbnail","hentry","category-sports"],"aioseo_notices":[],"yoast_head":"<!-- This site is optimized with the Yoast SEO plugin v27.5 - https:\/\/yoast.com\/product\/yoast-seo-wordpress\/ -->\n<title>Tirage au sort de la CAN-2023\u00a0: Les Verts fix\u00e9s sur leurs adversaires aujourd\u2019hui - La Sentinelle<\/title>\n<meta name=\"robots\" content=\"index, follow, max-snippet:-1, max-image-preview:large, max-video-preview:-1\" \/>\n<link rel=\"canonical\" href=\"https:\/\/lasentinelle.dz\/index.php\/2023\/10\/11\/tirage-au-sort-de-la-can-2023-les-verts-fixes-sur-leurs-adversaires-aujourdhui\/\" \/>\n<meta property=\"og:locale\" content=\"fr_FR\" \/>\n<meta property=\"og:type\" content=\"article\" \/>\n<meta property=\"og:title\" content=\"Tirage au sort de la CAN-2023\u00a0: Les Verts fix\u00e9s sur leurs adversaires aujourd\u2019hui - La Sentinelle\" \/>\n<meta property=\"og:description\" content=\"La s\u00e9lection nationale de football sera fix\u00e9e aujourd\u2019hui sur ses adversaires \u00e0 la 34e Coupe d`Afrique des nations CAN-2023 (report\u00e9e\" \/>\n<meta property=\"og:url\" content=\"https:\/\/lasentinelle.dz\/index.php\/2023\/10\/11\/tirage-au-sort-de-la-can-2023-les-verts-fixes-sur-leurs-adversaires-aujourdhui\/\" \/>\n<meta property=\"og:site_name\" content=\"La Sentinelle\" \/>\n<meta property=\"article:publisher\" content=\"https:\/\/www.facebook.com\/La-Sentinelle-104059864394773\" \/>\n<meta property=\"article:published_time\" content=\"2023-10-11T20:39:42+00:00\" \/>\n<meta property=\"article:modified_time\" content=\"2023-10-11T20:39:47+00:00\" \/>\n<meta property=\"og:image\" content=\"https:\/\/lasentinelle.dz\/wp-content\/uploads\/2023\/01\/CAN.png\" \/>\n\t<meta property=\"og:image:width\" content=\"1368\" \/>\n\t<meta property=\"og:image:height\" content=\"900\" \/>\n\t<meta property=\"og:image:type\" content=\"image\/png\" \/>\n<meta name=\"author\" content=\"La Sentinelle\" \/>\n<meta name=\"twitter:card\" content=\"summary_large_image\" \/>\n<meta name=\"twitter:label1\" content=\"\u00c9crit par\" \/>\n\t<meta name=\"twitter:data1\" content=\"La Sentinelle\" \/>\n\t<meta name=\"twitter:label2\" content=\"Dur\u00e9e de lecture estim\u00e9e\" \/>\n\t<meta name=\"twitter:data2\" content=\"3 minutes\" \/>\n<script type=\"application\/ld+json\" class=\"yoast-schema-graph\">{\"@context\":\"https:\\\/\\\/schema.org\",\"@graph\":[{\"@type\":\"Article\",\"@id\":\"https:\\\/\\\/lasentinelle.dz\\\/index.php\\\/2023\\\/10\\\/11\\\/tirage-au-sort-de-la-can-2023-les-verts-fixes-sur-leurs-adversaires-aujourdhui\\\/#article\",\"isPartOf\":{\"@id\":\"https:\\\/\\\/lasentinelle.dz\\\/index.php\\\/2023\\\/10\\\/11\\\/tirage-au-sort-de-la-can-2023-les-verts-fixes-sur-leurs-adversaires-aujourdhui\\\/\"},\"author\":{\"name\":\"La Sentinelle\",\"@id\":\"https:\\\/\\\/lasentinelle.dz\\\/#\\\/schema\\\/person\\\/d865044e22e70a75174ce8bcad3acfb3\"},\"headline\":\"Tirage au sort de la CAN-2023\u00a0: Les Verts fix\u00e9s sur leurs adversaires aujourd\u2019hui\",\"datePublished\":\"2023-10-11T20:39:42+00:00\",\"dateModified\":\"2023-10-11T20:39:47+00:00\",\"mainEntityOfPage\":{\"@id\":\"https:\\\/\\\/lasentinelle.dz\\\/index.php\\\/2023\\\/10\\\/11\\\/tirage-au-sort-de-la-can-2023-les-verts-fixes-sur-leurs-adversaires-aujourdhui\\\/\"},\"wordCount\":601,\"commentCount\":0,\"publisher\":{\"@id\":\"https:\\\/\\\/lasentinelle.dz\\\/#organization\"},\"image\":{\"@id\":\"https:\\\/\\\/lasentinelle.dz\\\/index.php\\\/2023\\\/10\\\/11\\\/tirage-au-sort-de-la-can-2023-les-verts-fixes-sur-leurs-adversaires-aujourdhui\\\/#primaryimage\"},\"thumbnailUrl\":\"https:\\\/\\\/lasentinelle.dz\\\/wp-content\\\/uploads\\\/2023\\\/01\\\/CAN.png\",\"articleSection\":[\"Sports\"],\"inLanguage\":\"fr-FR\",\"potentialAction\":[{\"@type\":\"CommentAction\",\"name\":\"Comment\",\"target\":[\"https:\\\/\\\/lasentinelle.dz\\\/index.php\\\/2023\\\/10\\\/11\\\/tirage-au-sort-de-la-can-2023-les-verts-fixes-sur-leurs-adversaires-aujourdhui\\\/#respond\"]}]},{\"@type\":\"WebPage\",\"@id\":\"https:\\\/\\\/lasentinelle.dz\\\/index.php\\\/2023\\\/10\\\/11\\\/tirage-au-sort-de-la-can-2023-les-verts-fixes-sur-leurs-adversaires-aujourdhui\\\/\",\"url\":\"https:\\\/\\\/lasentinelle.dz\\\/index.php\\\/2023\\\/10\\\/11\\\/tirage-au-sort-de-la-can-2023-les-verts-fixes-sur-leurs-adversaires-aujourdhui\\\/\",\"name\":\"Tirage au sort de la CAN-2023\u00a0: Les Verts fix\u00e9s sur leurs adversaires aujourd\u2019hui - La Sentinelle\",\"isPartOf\":{\"@id\":\"https:\\\/\\\/lasentinelle.dz\\\/#website\"},\"primaryImageOfPage\":{\"@id\":\"https:\\\/\\\/lasentinelle.dz\\\/index.php\\\/2023\\\/10\\\/11\\\/tirage-au-sort-de-la-can-2023-les-verts-fixes-sur-leurs-adversaires-aujourdhui\\\/#primaryimage\"},\"image\":{\"@id\":\"https:\\\/\\\/lasentinelle.dz\\\/index.php\\\/2023\\\/10\\\/11\\\/tirage-au-sort-de-la-can-2023-les-verts-fixes-sur-leurs-adversaires-aujourdhui\\\/#primaryimage\"},\"thumbnailUrl\":\"https:\\\/\\\/lasentinelle.dz\\\/wp-content\\\/uploads\\\/2023\\\/01\\\/CAN.png\",\"datePublished\":\"2023-10-11T20:39:42+00:00\",\"dateModified\":\"2023-10-11T20:39:47+00:00\",\"breadcrumb\":{\"@id\":\"https:\\\/\\\/lasentinelle.dz\\\/index.php\\\/2023\\\/10\\\/11\\\/tirage-au-sort-de-la-can-2023-les-verts-fixes-sur-leurs-adversaires-aujourdhui\\\/#breadcrumb\"},\"inLanguage\":\"fr-FR\",\"potentialAction\":[{\"@type\":\"ReadAction\",\"target\":[\"https:\\\/\\\/lasentinelle.dz\\\/index.php\\\/2023\\\/10\\\/11\\\/tirage-au-sort-de-la-can-2023-les-verts-fixes-sur-leurs-adversaires-aujourdhui\\\/\"]}]},{\"@type\":\"ImageObject\",\"inLanguage\":\"fr-FR\",\"@id\":\"https:\\\/\\\/lasentinelle.dz\\\/index.php\\\/2023\\\/10\\\/11\\\/tirage-au-sort-de-la-can-2023-les-verts-fixes-sur-leurs-adversaires-aujourdhui\\\/#primaryimage\",\"url\":\"https:\\\/\\\/lasentinelle.dz\\\/wp-content\\\/uploads\\\/2023\\\/01\\\/CAN.png\",\"contentUrl\":\"https:\\\/\\\/lasentinelle.dz\\\/wp-content\\\/uploads\\\/2023\\\/01\\\/CAN.png\",\"width\":1368,\"height\":900},{\"@type\":\"BreadcrumbList\",\"@id\":\"https:\\\/\\\/lasentinelle.dz\\\/index.php\\\/2023\\\/10\\\/11\\\/tirage-au-sort-de-la-can-2023-les-verts-fixes-sur-leurs-adversaires-aujourdhui\\\/#breadcrumb\",\"itemListElement\":[{\"@type\":\"ListItem\",\"position\":1,\"name\":\"Accueil\",\"item\":\"https:\\\/\\\/lasentinelle.dz\\\/\"},{\"@type\":\"ListItem\",\"position\":2,\"name\":\"Tirage au sort de la CAN-2023\u00a0: Les Verts fix\u00e9s sur leurs adversaires aujourd\u2019hui\"}]},{\"@type\":\"WebSite\",\"@id\":\"https:\\\/\\\/lasentinelle.dz\\\/#website\",\"url\":\"https:\\\/\\\/lasentinelle.dz\\\/\",\"name\":\"La Sentinelle\",\"description\":\"Quotidien national d&#039;information\",\"publisher\":{\"@id\":\"https:\\\/\\\/lasentinelle.dz\\\/#organization\"},\"potentialAction\":[{\"@type\":\"SearchAction\",\"target\":{\"@type\":\"EntryPoint\",\"urlTemplate\":\"https:\\\/\\\/lasentinelle.dz\\\/?s={search_term_string}\"},\"query-input\":{\"@type\":\"PropertyValueSpecification\",\"valueRequired\":true,\"valueName\":\"search_term_string\"}}],\"inLanguage\":\"fr-FR\"},{\"@type\":\"Organization\",\"@id\":\"https:\\\/\\\/lasentinelle.dz\\\/#organization\",\"name\":\"Quotidien La Sentinelle\",\"url\":\"https:\\\/\\\/lasentinelle.dz\\\/\",\"logo\":{\"@type\":\"ImageObject\",\"inLanguage\":\"fr-FR\",\"@id\":\"https:\\\/\\\/lasentinelle.dz\\\/#\\\/schema\\\/logo\\\/image\\\/\",\"url\":\"https:\\\/\\\/lasentinelle.dz\\\/wp-content\\\/uploads\\\/2021\\\/09\\\/logo-sentinelleSLOGAN-1.png\",\"contentUrl\":\"https:\\\/\\\/lasentinelle.dz\\\/wp-content\\\/uploads\\\/2021\\\/09\\\/logo-sentinelleSLOGAN-1.png\",\"width\":615,\"height\":142,\"caption\":\"Quotidien La Sentinelle\"},\"image\":{\"@id\":\"https:\\\/\\\/lasentinelle.dz\\\/#\\\/schema\\\/logo\\\/image\\\/\"},\"sameAs\":[\"https:\\\/\\\/www.facebook.com\\\/La-Sentinelle-104059864394773\"]},{\"@type\":\"Person\",\"@id\":\"https:\\\/\\\/lasentinelle.dz\\\/#\\\/schema\\\/person\\\/d865044e22e70a75174ce8bcad3acfb3\",\"name\":\"La Sentinelle\",\"image\":{\"@type\":\"ImageObject\",\"inLanguage\":\"fr-FR\",\"@id\":\"https:\\\/\\\/secure.gravatar.com\\\/avatar\\\/57de8e5d4b15d43fb361a71fbb36338450fe67865b528a43dd10ef7c51a20392?s=96&d=mm&r=g\",\"url\":\"https:\\\/\\\/secure.gravatar.com\\\/avatar\\\/57de8e5d4b15d43fb361a71fbb36338450fe67865b528a43dd10ef7c51a20392?s=96&d=mm&r=g\",\"contentUrl\":\"https:\\\/\\\/secure.gravatar.com\\\/avatar\\\/57de8e5d4b15d43fb361a71fbb36338450fe67865b528a43dd10ef7c51a20392?s=96&d=mm&r=g\",\"caption\":\"La Sentinelle\"},\"sameAs\":[\"http:\\\/\\\/www.lasentinelle.dz\"],\"url\":\"https:\\\/\\\/lasentinelle.dz\\\/author\\\/redaction\\\/\"}]}<\/script>\n<!-- \/ Yoast SEO plugin. -->","yoast_head_json":{"title":"Tirage au sort de la CAN-2023\u00a0: Les Verts fix\u00e9s sur leurs adversaires aujourd\u2019hui - La Sentinelle","robots":{"index":"index","follow":"follow","max-snippet":"max-snippet:-1","max-image-preview":"max-image-preview:large","max-video-preview":"max-video-preview:-1"},"canonical":"https:\/\/lasentinelle.dz\/index.php\/2023\/10\/11\/tirage-au-sort-de-la-can-2023-les-verts-fixes-sur-leurs-adversaires-aujourdhui\/","og_locale":"fr_FR","og_type":"article","og_title":"Tirage au sort de la CAN-2023\u00a0: Les Verts fix\u00e9s sur leurs adversaires aujourd\u2019hui - La Sentinelle","og_description":"La s\u00e9lection nationale de football sera fix\u00e9e aujourd\u2019hui sur ses adversaires \u00e0 la 34e Coupe d`Afrique des nations CAN-2023 (report\u00e9e","og_url":"https:\/\/lasentinelle.dz\/index.php\/2023\/10\/11\/tirage-au-sort-de-la-can-2023-les-verts-fixes-sur-leurs-adversaires-aujourdhui\/","og_site_name":"La Sentinelle","article_publisher":"https:\/\/www.facebook.com\/La-Sentinelle-104059864394773","article_published_time":"2023-10-11T20:39:42+00:00","article_modified_time":"2023-10-11T20:39:47+00:00","og_image":[{"width":1368,"height":900,"url":"https:\/\/lasentinelle.dz\/wp-content\/uploads\/2023\/01\/CAN.png","type":"image\/png"}],"author":"La Sentinelle","twitter_card":"summary_large_image","twitter_misc":{"\u00c9crit par":"La Sentinelle","Dur\u00e9e de lecture estim\u00e9e":"3 minutes"},"schema":{"@context":"https:\/\/schema.org","@graph":[{"@type":"Article","@id":"https:\/\/lasentinelle.dz\/index.php\/2023\/10\/11\/tirage-au-sort-de-la-can-2023-les-verts-fixes-sur-leurs-adversaires-aujourdhui\/#article","isPartOf":{"@id":"https:\/\/lasentinelle.dz\/index.php\/2023\/10\/11\/tirage-au-sort-de-la-can-2023-les-verts-fixes-sur-leurs-adversaires-aujourdhui\/"},"author":{"name":"La Sentinelle","@id":"https:\/\/lasentinelle.dz\/#\/schema\/person\/d865044e22e70a75174ce8bcad3acfb3"},"headline":"Tirage au sort de la CAN-2023\u00a0: Les Verts fix\u00e9s sur leurs adversaires aujourd\u2019hui","datePublished":"2023-10-11T20:39:42+00:00","dateModified":"2023-10-11T20:39:47+00:00","mainEntityOfPage":{"@id":"https:\/\/lasentinelle.dz\/index.php\/2023\/10\/11\/tirage-au-sort-de-la-can-2023-les-verts-fixes-sur-leurs-adversaires-aujourdhui\/"},"wordCount":601,"commentCount":0,"publisher":{"@id":"https:\/\/lasentinelle.dz\/#organization"},"image":{"@id":"https:\/\/lasentinelle.dz\/index.php\/2023\/10\/11\/tirage-au-sort-de-la-can-2023-les-verts-fixes-sur-leurs-adversaires-aujourdhui\/#primaryimage"},"thumbnailUrl":"https:\/\/lasentinelle.dz\/wp-content\/uploads\/2023\/01\/CAN.png","articleSection":["Sports"],"inLanguage":"fr-FR","potentialAction":[{"@type":"CommentAction","name":"Comment","target":["https:\/\/lasentinelle.dz\/index.php\/2023\/10\/11\/tirage-au-sort-de-la-can-2023-les-verts-fixes-sur-leurs-adversaires-aujourdhui\/#respond"]}]},{"@type":"WebPage","@id":"https:\/\/lasentinelle.dz\/index.php\/2023\/10\/11\/tirage-au-sort-de-la-can-2023-les-verts-fixes-sur-leurs-adversaires-aujourdhui\/","url":"https:\/\/lasentinelle.dz\/index.php\/2023\/10\/11\/tirage-au-sort-de-la-can-2023-les-verts-fixes-sur-leurs-adversaires-aujourdhui\/","name":"Tirage au sort de la CAN-2023\u00a0: Les Verts fix\u00e9s sur leurs adversaires aujourd\u2019hui - La Sentinelle","isPartOf":{"@id":"https:\/\/lasentinelle.dz\/#website"},"primaryImageOfPage":{"@id":"https:\/\/lasentinelle.dz\/index.php\/2023\/10\/11\/tirage-au-sort-de-la-can-2023-les-verts-fixes-sur-leurs-adversaires-aujourdhui\/#primaryimage"},"image":{"@id":"https:\/\/lasentinelle.dz\/index.php\/2023\/10\/11\/tirage-au-sort-de-la-can-2023-les-verts-fixes-sur-leurs-adversaires-aujourdhui\/#primaryimage"},"thumbnailUrl":"https:\/\/lasentinelle.dz\/wp-content\/uploads\/2023\/01\/CAN.png","datePublished":"2023-10-11T20:39:42+00:00","dateModified":"2023-10-11T20:39:47+00:00","breadcrumb":{"@id":"https:\/\/lasentinelle.dz\/index.php\/2023\/10\/11\/tirage-au-sort-de-la-can-2023-les-verts-fixes-sur-leurs-adversaires-aujourdhui\/#breadcrumb"},"inLanguage":"fr-FR","potentialAction":[{"@type":"ReadAction","target":["https:\/\/lasentinelle.dz\/index.php\/2023\/10\/11\/tirage-au-sort-de-la-can-2023-les-verts-fixes-sur-leurs-adversaires-aujourdhui\/"]}]},{"@type":"ImageObject","inLanguage":"fr-FR","@id":"https:\/\/lasentinelle.dz\/index.php\/2023\/10\/11\/tirage-au-sort-de-la-can-2023-les-verts-fixes-sur-leurs-adversaires-aujourdhui\/#primaryimage","url":"https:\/\/lasentinelle.dz\/wp-content\/uploads\/2023\/01\/CAN.png","contentUrl":"https:\/\/lasentinelle.dz\/wp-content\/uploads\/2023\/01\/CAN.png","width":1368,"height":900},{"@type":"BreadcrumbList","@id":"https:\/\/lasentinelle.dz\/index.php\/2023\/10\/11\/tirage-au-sort-de-la-can-2023-les-verts-fixes-sur-leurs-adversaires-aujourdhui\/#breadcrumb","itemListElement":[{"@type":"ListItem","position":1,"name":"Accueil","item":"https:\/\/lasentinelle.dz\/"},{"@type":"ListItem","position":2,"name":"Tirage au sort de la CAN-2023\u00a0: Les Verts fix\u00e9s sur leurs adversaires aujourd\u2019hui"}]},{"@type":"WebSite","@id":"https:\/\/lasentinelle.dz\/#website","url":"https:\/\/lasentinelle.dz\/","name":"La Sentinelle","description":"Quotidien national d&#039;information","publisher":{"@id":"https:\/\/lasentinelle.dz\/#organization"},"potentialAction":[{"@type":"SearchAction","target":{"@type":"EntryPoint","urlTemplate":"https:\/\/lasentinelle.dz\/?s={search_term_string}"},"query-input":{"@type":"PropertyValueSpecification","valueRequired":true,"valueName":"search_term_string"}}],"inLanguage":"fr-FR"},{"@type":"Organization","@id":"https:\/\/lasentinelle.dz\/#organization","name":"Quotidien La Sentinelle","url":"https:\/\/lasentinelle.dz\/","logo":{"@type":"ImageObject","inLanguage":"fr-FR","@id":"https:\/\/lasentinelle.dz\/#\/schema\/logo\/image\/","url":"https:\/\/lasentinelle.dz\/wp-content\/uploads\/2021\/09\/logo-sentinelleSLOGAN-1.png","contentUrl":"https:\/\/lasentinelle.dz\/wp-content\/uploads\/2021\/09\/logo-sentinelleSLOGAN-1.png","width":615,"height":142,"caption":"Quotidien La Sentinelle"},"image":{"@id":"https:\/\/lasentinelle.dz\/#\/schema\/logo\/image\/"},"sameAs":["https:\/\/www.facebook.com\/La-Sentinelle-104059864394773"]},{"@type":"Person","@id":"https:\/\/lasentinelle.dz\/#\/schema\/person\/d865044e22e70a75174ce8bcad3acfb3","name":"La Sentinelle","image":{"@type":"ImageObject","inLanguage":"fr-FR","@id":"https:\/\/secure.gravatar.com\/avatar\/57de8e5d4b15d43fb361a71fbb36338450fe67865b528a43dd10ef7c51a20392?s=96&d=mm&r=g","url":"https:\/\/secure.gravatar.com\/avatar\/57de8e5d4b15d43fb361a71fbb36338450fe67865b528a43dd10ef7c51a20392?s=96&d=mm&r=g","contentUrl":"https:\/\/secure.gravatar.com\/avatar\/57de8e5d4b15d43fb361a71fbb36338450fe67865b528a43dd10ef7c51a20392?s=96&d=mm&r=g","caption":"La Sentinelle"},"sameAs":["http:\/\/www.lasentinelle.dz"],"url":"https:\/\/lasentinelle.dz\/author\/redaction\/"}]}},"_links":{"self":[{"href":"https:\/\/lasentinelle.dz\/index.php\/wp-json\/wp\/v2\/posts\/46241","targetHints":{"allow":["GET"]}}],"collection":[{"href":"https:\/\/lasentinelle.dz\/index.php\/wp-json\/wp\/v2\/posts"}],"about":[{"href":"https:\/\/lasentinelle.dz\/index.php\/wp-json\/wp\/v2\/types\/post"}],"author":[{"embeddable":true,"href":"https:\/\/lasentinelle.dz\/index.php\/wp-json\/wp\/v2\/users\/3"}],"replies":[{"embeddable":true,"href":"https:\/\/lasentinelle.dz\/index.php\/wp-json\/wp\/v2\/comments?post=46241"}],"version-history":[{"count":1,"href":"https:\/\/lasentinelle.dz\/index.php\/wp-json\/wp\/v2\/posts\/46241\/revisions"}],"predecessor-version":[{"id":46242,"href":"https:\/\/lasentinelle.dz\/index.php\/wp-json\/wp\/v2\/posts\/46241\/revisions\/46242"}],"wp:featuredmedia":[{"embeddable":true,"href":"https:\/\/lasentinelle.dz\/index.php\/wp-json\/wp\/v2\/media\/34363"}],"wp:attachment":[{"href":"https:\/\/lasentinelle.dz\/index.php\/wp-json\/wp\/v2\/media?parent=46241"}],"wp:term":[{"taxonomy":"category","embeddable":true,"href":"https:\/\/lasentinelle.dz\/index.php\/wp-json\/wp\/v2\/categories?post=46241"},{"taxonomy":"post_tag","embeddable":true,"href":"https:\/\/lasentinelle.dz\/index.php\/wp-json\/wp\/v2\/tags?post=46241"}],"curies":[{"name":"wp","href":"https:\/\/api.w.org\/{rel}","templated":true}]}}