{"id":46294,"date":"2023-10-14T22:10:27","date_gmt":"2023-10-14T21:10:27","guid":{"rendered":"https:\/\/lasentinelle.dz\/?p=46294"},"modified":"2023-10-14T22:10:28","modified_gmt":"2023-10-14T21:10:28","slug":"rehabilitation-du-lycee-mohamed-kloufi-a-annaba-une-enquete-ouverte","status":"publish","type":"post","link":"https:\/\/lasentinelle.dz\/index.php\/2023\/10\/14\/rehabilitation-du-lycee-mohamed-kloufi-a-annaba-une-enquete-ouverte\/","title":{"rendered":"R\u00e9habilitation du lyc\u00e9e Mohamed Kloufi \u00e0 Annaba\u00a0: Une enqu\u00eate ouverte"},"content":{"rendered":"\n<p>Endommag\u00e9 par les inondations de 2019, le lyc\u00e9e Mohamed Kloufi, dans la commune d\u2019El Hadjar, avait n\u00e9cessit\u00e9 des travaux de r\u00e9habilitation qui n\u2019ont jamais eu lieu, jusqu\u2019\u00e0 ce que l\u2019entreprise Asmidal ait d\u00e9cid\u00e9 d\u2019apporter sa contribution. Cette louable initiative et surtout premi\u00e8re du genre, a n\u00e9cessit\u00e9 la mobilisation d\u2019une enveloppe financi\u00e8re de 30 millions de dinars. Celle-ci a \u00e9t\u00e9 d\u00e9bloqu\u00e9e dans le cadre d\u2019une convention de parrainage sign\u00e9e entre le PDG du groupe Asmidal et la directrice de l&rsquo;\u00e9ducation. Suite \u00e0 quoi l\u2019op\u00e9ration de r\u00e9habilitation a \u00e9t\u00e9 lanc\u00e9e en ao\u00fbt de l\u2019ann\u00e9e en cours, en pr\u00e9vision de la rentr\u00e9e scolaire 2023\/2024. Les travaux de r\u00e9habilitation ont \u00e9t\u00e9 confi\u00e9s \u00e0 trois entreprises afin que l\u2019\u00e9tablissement soit pr\u00eat pour la rentr\u00e9e scolaire. Bien que les travaux de r\u00e9habilitation ont \u00e9t\u00e9 achev\u00e9s et r\u00e9ceptionn\u00e9s dans les d\u00e9lais impartis mais, le r\u00e9sultat des travaux de r\u00e9habilitation n\u2019ont pas \u00e9t\u00e9 \u00e0 la hauteur des attentes escompt\u00e9es par, l\u2019initiateur de l\u2019action, le PDG d\u2019Asmidal, en l\u2019occurrence. Puisque, ce dernier a, au cours de la journ\u00e9e de ce mardi, effectu\u00e9 une visite inopin\u00e9e \u00e0 l\u2019\u00e9tablissement scolaire afin d\u2019\u00e9valuer la qualit\u00e9 des travaux, qui, malheureusement n\u2019ont pas \u00e9t\u00e9 satisfaisants. Selon une source interne \u00e0 la direction de l\u2019\u00e9ducation d\u2019Annaba, le parrain de l\u2019op\u00e9ration de r\u00e9habilitation, \u00e0 savoir le PDG d\u2019Asmidal \u00ab&nbsp;na pas \u00e9t\u00e9 satisfait du travail qui a \u00e9t\u00e9 fait&nbsp;\u00bb, nous dit-on. Beaucoup de critiques et r\u00e9serves ont \u00e9t\u00e9 \u00e9mises par le repr\u00e9sentant d\u2019Asmidal qui a financ\u00e9 ces travaux de r\u00e9habilitation jug\u00e9s inad\u00e9quats avec les 30 millions de dinars, montant de l\u2019enveloppe d\u00e9bloqu\u00e9e pour remettre en \u00e9tat le lyc\u00e9e. Selon la m\u00eame source, la direction de l\u2019\u00e9ducation de la wilaya d\u2019Annaba a ouvert une enqu\u00eate. Toujours selon la m\u00eame source, le premier responsable de la wilaya d&rsquo;Annaba, Abdelkader Djellaoui, aurait ordonn\u00e9 \u00e0 la premi\u00e8re responsable du d\u00e9partement de l\u2019\u00e9ducation \u00e0 Annaba, de lui pr\u00e9senter un rapport d\u00e9taill\u00e9 sur la mani\u00e8re avec laquelle le montant de l\u2019enveloppe financi\u00e8re a \u00e9t\u00e9 d\u00e9pens\u00e9e. D\u2019o\u00f9, la d\u00e9cision d\u2019ouvrir une enqu\u00eate sur le sort des 3 milliards de centimes. Par ailleurs, bien aucun d\u00e9tail n\u2019a \u00e9t\u00e9 r\u00e9v\u00e9l\u00e9 sur la nature des critiques soulev\u00e9es par le PDG d\u2019Asmidal, mais plusieurs lacunes ont \u00e9t\u00e9 constat\u00e9es le jour de la rentr\u00e9e scolaire, nous dit-on, \u00e0 l\u2019image de l\u2019\u00e9tat d\u00e9plorable du stade, que le premier responsable de la wilaya d\u2019Annaba, a, d\u2019ailleurs, ordonn\u00e9 de r\u00e9habiliter dans les plus brefs d\u00e9lais. Autres d\u00e9faillance relev\u00e9es par le PDG d\u2019Asmidal, la d\u00e9t\u00e9rioration de certaines classes de cours, a r\u00e9v\u00e9l\u00e9 notre source. Pour rappel, les intemp\u00e9ries qui s\u2019\u00e9taient abattues en 2019 sur la wilaya d\u2019Annaba, avaient provoqu\u00e9, entre autres des inondations dans plusieurs communes de la wilaya, dont El Hadjar o\u00f9, plusieurs quartiers, cit\u00e9s et \u00e9tablissements scolaires, dont le lyc\u00e9e Mohamed Kloufi. Ce dernier qui enregistrait d\u00e9j\u00e0 de multiples insuffisances accentu\u00e9es par les inondations, avant que la direction g\u00e9n\u00e9rale d\u2019Asmidal ne d\u00e9cide de mettre la main \u00e0 la poche, afin d\u2019apporter un tant soit peu cette contribution louable qu\u2019est le parrainage de la r\u00e9habilitation de cet \u00e9tablissement du secondaire, pour un montant de 30 millions de dinars. Un montant qui, au constat de l\u2019\u00e9tat de l\u2019\u00e9tablissement, suscite moult questions quant au sort de cet argent qui semble n\u2019a pas \u00e9t\u00e9 consomm\u00e9 comme il se doit. Pour l\u2019heure, seule l\u2019enqu\u00eate qui est encore en cours est en mesure d\u2019apporter les \u00e9claircissements et de r\u00e9pondre aux questions qui se posent.<\/p>\n\n\n\n<p><strong>Sofia Chahine<\/strong><\/p>\n","protected":false},"excerpt":{"rendered":"<p>Endommag\u00e9 par les inondations de 2019, le lyc\u00e9e Mohamed Kloufi, dans la commune d\u2019El Hadjar, avait n\u00e9cessit\u00e9 des travaux de<\/p>\n","protected":false},"author":3,"featured_media":46295,"comment_status":"open","ping_status":"closed","sticky":false,"template":"","format":"standard","meta":{"colormag_page_container_layout":"default_layout","colormag_page_sidebar_layout":"default_layout","om_disable_all_campaigns":false,"_monsterinsights_skip_tracking":false,"_monsterinsights_sitenote_active":false,"_monsterinsights_sitenote_note":"","_monsterinsights_sitenote_category":0,"footnotes":"","_wpscppro_dont_share_socialmedia":false,"_wpscppro_custom_social_share_image":0,"_facebook_share_type":"","_twitter_share_type":"","_linkedin_share_type":"","_pinterest_share_type":"","_linkedin_share_type_page":"","_instagram_share_type":"","_medium_share_type":"","_threads_share_type":"","_google_business_share_type":"","_selected_social_profile":[],"_wpsp_enable_custom_social_template":false,"_wpsp_social_scheduling":{"enabled":false,"datetime":null,"platforms":[],"status":"template_only","dateOption":"today","timeOption":"now","customDays":"","customHours":"","customDate":"","customTime":"","schedulingType":"absolute"},"_wpsp_active_default_template":true},"categories":[31],"tags":[],"class_list":["post-46294","post","type-post","status-publish","format-standard","has-post-thumbnail","hentry","category-regions"],"aioseo_notices":[],"yoast_head":"<!-- This site is optimized with the Yoast SEO plugin v27.5 - https:\/\/yoast.com\/product\/yoast-seo-wordpress\/ -->\n<title>R\u00e9habilitation du lyc\u00e9e Mohamed Kloufi \u00e0 Annaba\u00a0: Une enqu\u00eate ouverte - La Sentinelle<\/title>\n<meta name=\"robots\" content=\"index, follow, max-snippet:-1, max-image-preview:large, max-video-preview:-1\" \/>\n<link rel=\"canonical\" href=\"https:\/\/lasentinelle.dz\/index.php\/2023\/10\/14\/rehabilitation-du-lycee-mohamed-kloufi-a-annaba-une-enquete-ouverte\/\" \/>\n<meta property=\"og:locale\" content=\"fr_FR\" \/>\n<meta property=\"og:type\" content=\"article\" \/>\n<meta property=\"og:title\" content=\"R\u00e9habilitation du lyc\u00e9e Mohamed Kloufi \u00e0 Annaba\u00a0: Une enqu\u00eate ouverte - La Sentinelle\" \/>\n<meta property=\"og:description\" content=\"Endommag\u00e9 par les inondations de 2019, le lyc\u00e9e Mohamed Kloufi, dans la commune d\u2019El Hadjar, avait n\u00e9cessit\u00e9 des travaux de\" \/>\n<meta property=\"og:url\" content=\"https:\/\/lasentinelle.dz\/index.php\/2023\/10\/14\/rehabilitation-du-lycee-mohamed-kloufi-a-annaba-une-enquete-ouverte\/\" \/>\n<meta property=\"og:site_name\" content=\"La Sentinelle\" \/>\n<meta property=\"article:publisher\" content=\"https:\/\/www.facebook.com\/La-Sentinelle-104059864394773\" \/>\n<meta property=\"article:published_time\" content=\"2023-10-14T21:10:27+00:00\" \/>\n<meta property=\"article:modified_time\" content=\"2023-10-14T21:10:28+00:00\" \/>\n<meta property=\"og:image\" content=\"https:\/\/lasentinelle.dz\/wp-content\/uploads\/2023\/10\/lycee-Mohamed-Kloufi-.jpeg\" \/>\n\t<meta property=\"og:image:width\" content=\"960\" \/>\n\t<meta property=\"og:image:height\" content=\"720\" \/>\n\t<meta property=\"og:image:type\" content=\"image\/jpeg\" \/>\n<meta name=\"author\" content=\"La Sentinelle\" \/>\n<meta name=\"twitter:card\" content=\"summary_large_image\" \/>\n<meta name=\"twitter:label1\" content=\"\u00c9crit par\" \/>\n\t<meta name=\"twitter:data1\" content=\"La Sentinelle\" \/>\n\t<meta name=\"twitter:label2\" content=\"Dur\u00e9e de lecture estim\u00e9e\" \/>\n\t<meta name=\"twitter:data2\" content=\"3 minutes\" \/>\n<script type=\"application\/ld+json\" class=\"yoast-schema-graph\">{\"@context\":\"https:\\\/\\\/schema.org\",\"@graph\":[{\"@type\":\"Article\",\"@id\":\"https:\\\/\\\/lasentinelle.dz\\\/index.php\\\/2023\\\/10\\\/14\\\/rehabilitation-du-lycee-mohamed-kloufi-a-annaba-une-enquete-ouverte\\\/#article\",\"isPartOf\":{\"@id\":\"https:\\\/\\\/lasentinelle.dz\\\/index.php\\\/2023\\\/10\\\/14\\\/rehabilitation-du-lycee-mohamed-kloufi-a-annaba-une-enquete-ouverte\\\/\"},\"author\":{\"name\":\"La Sentinelle\",\"@id\":\"https:\\\/\\\/lasentinelle.dz\\\/#\\\/schema\\\/person\\\/d865044e22e70a75174ce8bcad3acfb3\"},\"headline\":\"R\u00e9habilitation du lyc\u00e9e Mohamed Kloufi \u00e0 Annaba\u00a0: Une enqu\u00eate ouverte\",\"datePublished\":\"2023-10-14T21:10:27+00:00\",\"dateModified\":\"2023-10-14T21:10:28+00:00\",\"mainEntityOfPage\":{\"@id\":\"https:\\\/\\\/lasentinelle.dz\\\/index.php\\\/2023\\\/10\\\/14\\\/rehabilitation-du-lycee-mohamed-kloufi-a-annaba-une-enquete-ouverte\\\/\"},\"wordCount\":685,\"commentCount\":0,\"publisher\":{\"@id\":\"https:\\\/\\\/lasentinelle.dz\\\/#organization\"},\"image\":{\"@id\":\"https:\\\/\\\/lasentinelle.dz\\\/index.php\\\/2023\\\/10\\\/14\\\/rehabilitation-du-lycee-mohamed-kloufi-a-annaba-une-enquete-ouverte\\\/#primaryimage\"},\"thumbnailUrl\":\"https:\\\/\\\/lasentinelle.dz\\\/wp-content\\\/uploads\\\/2023\\\/10\\\/lycee-Mohamed-Kloufi-.jpeg\",\"articleSection\":[\"R\u00e9gions\"],\"inLanguage\":\"fr-FR\",\"potentialAction\":[{\"@type\":\"CommentAction\",\"name\":\"Comment\",\"target\":[\"https:\\\/\\\/lasentinelle.dz\\\/index.php\\\/2023\\\/10\\\/14\\\/rehabilitation-du-lycee-mohamed-kloufi-a-annaba-une-enquete-ouverte\\\/#respond\"]}]},{\"@type\":\"WebPage\",\"@id\":\"https:\\\/\\\/lasentinelle.dz\\\/index.php\\\/2023\\\/10\\\/14\\\/rehabilitation-du-lycee-mohamed-kloufi-a-annaba-une-enquete-ouverte\\\/\",\"url\":\"https:\\\/\\\/lasentinelle.dz\\\/index.php\\\/2023\\\/10\\\/14\\\/rehabilitation-du-lycee-mohamed-kloufi-a-annaba-une-enquete-ouverte\\\/\",\"name\":\"R\u00e9habilitation du lyc\u00e9e Mohamed Kloufi \u00e0 Annaba\u00a0: Une enqu\u00eate ouverte - La Sentinelle\",\"isPartOf\":{\"@id\":\"https:\\\/\\\/lasentinelle.dz\\\/#website\"},\"primaryImageOfPage\":{\"@id\":\"https:\\\/\\\/lasentinelle.dz\\\/index.php\\\/2023\\\/10\\\/14\\\/rehabilitation-du-lycee-mohamed-kloufi-a-annaba-une-enquete-ouverte\\\/#primaryimage\"},\"image\":{\"@id\":\"https:\\\/\\\/lasentinelle.dz\\\/index.php\\\/2023\\\/10\\\/14\\\/rehabilitation-du-lycee-mohamed-kloufi-a-annaba-une-enquete-ouverte\\\/#primaryimage\"},\"thumbnailUrl\":\"https:\\\/\\\/lasentinelle.dz\\\/wp-content\\\/uploads\\\/2023\\\/10\\\/lycee-Mohamed-Kloufi-.jpeg\",\"datePublished\":\"2023-10-14T21:10:27+00:00\",\"dateModified\":\"2023-10-14T21:10:28+00:00\",\"breadcrumb\":{\"@id\":\"https:\\\/\\\/lasentinelle.dz\\\/index.php\\\/2023\\\/10\\\/14\\\/rehabilitation-du-lycee-mohamed-kloufi-a-annaba-une-enquete-ouverte\\\/#breadcrumb\"},\"inLanguage\":\"fr-FR\",\"potentialAction\":[{\"@type\":\"ReadAction\",\"target\":[\"https:\\\/\\\/lasentinelle.dz\\\/index.php\\\/2023\\\/10\\\/14\\\/rehabilitation-du-lycee-mohamed-kloufi-a-annaba-une-enquete-ouverte\\\/\"]}]},{\"@type\":\"ImageObject\",\"inLanguage\":\"fr-FR\",\"@id\":\"https:\\\/\\\/lasentinelle.dz\\\/index.php\\\/2023\\\/10\\\/14\\\/rehabilitation-du-lycee-mohamed-kloufi-a-annaba-une-enquete-ouverte\\\/#primaryimage\",\"url\":\"https:\\\/\\\/lasentinelle.dz\\\/wp-content\\\/uploads\\\/2023\\\/10\\\/lycee-Mohamed-Kloufi-.jpeg\",\"contentUrl\":\"https:\\\/\\\/lasentinelle.dz\\\/wp-content\\\/uploads\\\/2023\\\/10\\\/lycee-Mohamed-Kloufi-.jpeg\",\"width\":960,\"height\":720},{\"@type\":\"BreadcrumbList\",\"@id\":\"https:\\\/\\\/lasentinelle.dz\\\/index.php\\\/2023\\\/10\\\/14\\\/rehabilitation-du-lycee-mohamed-kloufi-a-annaba-une-enquete-ouverte\\\/#breadcrumb\",\"itemListElement\":[{\"@type\":\"ListItem\",\"position\":1,\"name\":\"Accueil\",\"item\":\"https:\\\/\\\/lasentinelle.dz\\\/\"},{\"@type\":\"ListItem\",\"position\":2,\"name\":\"R\u00e9habilitation du lyc\u00e9e Mohamed Kloufi \u00e0 Annaba\u00a0: Une enqu\u00eate ouverte\"}]},{\"@type\":\"WebSite\",\"@id\":\"https:\\\/\\\/lasentinelle.dz\\\/#website\",\"url\":\"https:\\\/\\\/lasentinelle.dz\\\/\",\"name\":\"La Sentinelle\",\"description\":\"Quotidien national d&#039;information\",\"publisher\":{\"@id\":\"https:\\\/\\\/lasentinelle.dz\\\/#organization\"},\"potentialAction\":[{\"@type\":\"SearchAction\",\"target\":{\"@type\":\"EntryPoint\",\"urlTemplate\":\"https:\\\/\\\/lasentinelle.dz\\\/?s={search_term_string}\"},\"query-input\":{\"@type\":\"PropertyValueSpecification\",\"valueRequired\":true,\"valueName\":\"search_term_string\"}}],\"inLanguage\":\"fr-FR\"},{\"@type\":\"Organization\",\"@id\":\"https:\\\/\\\/lasentinelle.dz\\\/#organization\",\"name\":\"Quotidien La Sentinelle\",\"url\":\"https:\\\/\\\/lasentinelle.dz\\\/\",\"logo\":{\"@type\":\"ImageObject\",\"inLanguage\":\"fr-FR\",\"@id\":\"https:\\\/\\\/lasentinelle.dz\\\/#\\\/schema\\\/logo\\\/image\\\/\",\"url\":\"https:\\\/\\\/lasentinelle.dz\\\/wp-content\\\/uploads\\\/2021\\\/09\\\/logo-sentinelleSLOGAN-1.png\",\"contentUrl\":\"https:\\\/\\\/lasentinelle.dz\\\/wp-content\\\/uploads\\\/2021\\\/09\\\/logo-sentinelleSLOGAN-1.png\",\"width\":615,\"height\":142,\"caption\":\"Quotidien La Sentinelle\"},\"image\":{\"@id\":\"https:\\\/\\\/lasentinelle.dz\\\/#\\\/schema\\\/logo\\\/image\\\/\"},\"sameAs\":[\"https:\\\/\\\/www.facebook.com\\\/La-Sentinelle-104059864394773\"]},{\"@type\":\"Person\",\"@id\":\"https:\\\/\\\/lasentinelle.dz\\\/#\\\/schema\\\/person\\\/d865044e22e70a75174ce8bcad3acfb3\",\"name\":\"La Sentinelle\",\"image\":{\"@type\":\"ImageObject\",\"inLanguage\":\"fr-FR\",\"@id\":\"https:\\\/\\\/secure.gravatar.com\\\/avatar\\\/57de8e5d4b15d43fb361a71fbb36338450fe67865b528a43dd10ef7c51a20392?s=96&d=mm&r=g\",\"url\":\"https:\\\/\\\/secure.gravatar.com\\\/avatar\\\/57de8e5d4b15d43fb361a71fbb36338450fe67865b528a43dd10ef7c51a20392?s=96&d=mm&r=g\",\"contentUrl\":\"https:\\\/\\\/secure.gravatar.com\\\/avatar\\\/57de8e5d4b15d43fb361a71fbb36338450fe67865b528a43dd10ef7c51a20392?s=96&d=mm&r=g\",\"caption\":\"La Sentinelle\"},\"sameAs\":[\"http:\\\/\\\/www.lasentinelle.dz\"],\"url\":\"https:\\\/\\\/lasentinelle.dz\\\/author\\\/redaction\\\/\"}]}<\/script>\n<!-- \/ Yoast SEO plugin. -->","yoast_head_json":{"title":"R\u00e9habilitation du lyc\u00e9e Mohamed Kloufi \u00e0 Annaba\u00a0: Une enqu\u00eate ouverte - La Sentinelle","robots":{"index":"index","follow":"follow","max-snippet":"max-snippet:-1","max-image-preview":"max-image-preview:large","max-video-preview":"max-video-preview:-1"},"canonical":"https:\/\/lasentinelle.dz\/index.php\/2023\/10\/14\/rehabilitation-du-lycee-mohamed-kloufi-a-annaba-une-enquete-ouverte\/","og_locale":"fr_FR","og_type":"article","og_title":"R\u00e9habilitation du lyc\u00e9e Mohamed Kloufi \u00e0 Annaba\u00a0: Une enqu\u00eate ouverte - La Sentinelle","og_description":"Endommag\u00e9 par les inondations de 2019, le lyc\u00e9e Mohamed Kloufi, dans la commune d\u2019El Hadjar, avait n\u00e9cessit\u00e9 des travaux de","og_url":"https:\/\/lasentinelle.dz\/index.php\/2023\/10\/14\/rehabilitation-du-lycee-mohamed-kloufi-a-annaba-une-enquete-ouverte\/","og_site_name":"La Sentinelle","article_publisher":"https:\/\/www.facebook.com\/La-Sentinelle-104059864394773","article_published_time":"2023-10-14T21:10:27+00:00","article_modified_time":"2023-10-14T21:10:28+00:00","og_image":[{"width":960,"height":720,"url":"https:\/\/lasentinelle.dz\/wp-content\/uploads\/2023\/10\/lycee-Mohamed-Kloufi-.jpeg","type":"image\/jpeg"}],"author":"La Sentinelle","twitter_card":"summary_large_image","twitter_misc":{"\u00c9crit par":"La Sentinelle","Dur\u00e9e de lecture estim\u00e9e":"3 minutes"},"schema":{"@context":"https:\/\/schema.org","@graph":[{"@type":"Article","@id":"https:\/\/lasentinelle.dz\/index.php\/2023\/10\/14\/rehabilitation-du-lycee-mohamed-kloufi-a-annaba-une-enquete-ouverte\/#article","isPartOf":{"@id":"https:\/\/lasentinelle.dz\/index.php\/2023\/10\/14\/rehabilitation-du-lycee-mohamed-kloufi-a-annaba-une-enquete-ouverte\/"},"author":{"name":"La Sentinelle","@id":"https:\/\/lasentinelle.dz\/#\/schema\/person\/d865044e22e70a75174ce8bcad3acfb3"},"headline":"R\u00e9habilitation du lyc\u00e9e Mohamed Kloufi \u00e0 Annaba\u00a0: Une enqu\u00eate ouverte","datePublished":"2023-10-14T21:10:27+00:00","dateModified":"2023-10-14T21:10:28+00:00","mainEntityOfPage":{"@id":"https:\/\/lasentinelle.dz\/index.php\/2023\/10\/14\/rehabilitation-du-lycee-mohamed-kloufi-a-annaba-une-enquete-ouverte\/"},"wordCount":685,"commentCount":0,"publisher":{"@id":"https:\/\/lasentinelle.dz\/#organization"},"image":{"@id":"https:\/\/lasentinelle.dz\/index.php\/2023\/10\/14\/rehabilitation-du-lycee-mohamed-kloufi-a-annaba-une-enquete-ouverte\/#primaryimage"},"thumbnailUrl":"https:\/\/lasentinelle.dz\/wp-content\/uploads\/2023\/10\/lycee-Mohamed-Kloufi-.jpeg","articleSection":["R\u00e9gions"],"inLanguage":"fr-FR","potentialAction":[{"@type":"CommentAction","name":"Comment","target":["https:\/\/lasentinelle.dz\/index.php\/2023\/10\/14\/rehabilitation-du-lycee-mohamed-kloufi-a-annaba-une-enquete-ouverte\/#respond"]}]},{"@type":"WebPage","@id":"https:\/\/lasentinelle.dz\/index.php\/2023\/10\/14\/rehabilitation-du-lycee-mohamed-kloufi-a-annaba-une-enquete-ouverte\/","url":"https:\/\/lasentinelle.dz\/index.php\/2023\/10\/14\/rehabilitation-du-lycee-mohamed-kloufi-a-annaba-une-enquete-ouverte\/","name":"R\u00e9habilitation du lyc\u00e9e Mohamed Kloufi \u00e0 Annaba\u00a0: Une enqu\u00eate ouverte - La Sentinelle","isPartOf":{"@id":"https:\/\/lasentinelle.dz\/#website"},"primaryImageOfPage":{"@id":"https:\/\/lasentinelle.dz\/index.php\/2023\/10\/14\/rehabilitation-du-lycee-mohamed-kloufi-a-annaba-une-enquete-ouverte\/#primaryimage"},"image":{"@id":"https:\/\/lasentinelle.dz\/index.php\/2023\/10\/14\/rehabilitation-du-lycee-mohamed-kloufi-a-annaba-une-enquete-ouverte\/#primaryimage"},"thumbnailUrl":"https:\/\/lasentinelle.dz\/wp-content\/uploads\/2023\/10\/lycee-Mohamed-Kloufi-.jpeg","datePublished":"2023-10-14T21:10:27+00:00","dateModified":"2023-10-14T21:10:28+00:00","breadcrumb":{"@id":"https:\/\/lasentinelle.dz\/index.php\/2023\/10\/14\/rehabilitation-du-lycee-mohamed-kloufi-a-annaba-une-enquete-ouverte\/#breadcrumb"},"inLanguage":"fr-FR","potentialAction":[{"@type":"ReadAction","target":["https:\/\/lasentinelle.dz\/index.php\/2023\/10\/14\/rehabilitation-du-lycee-mohamed-kloufi-a-annaba-une-enquete-ouverte\/"]}]},{"@type":"ImageObject","inLanguage":"fr-FR","@id":"https:\/\/lasentinelle.dz\/index.php\/2023\/10\/14\/rehabilitation-du-lycee-mohamed-kloufi-a-annaba-une-enquete-ouverte\/#primaryimage","url":"https:\/\/lasentinelle.dz\/wp-content\/uploads\/2023\/10\/lycee-Mohamed-Kloufi-.jpeg","contentUrl":"https:\/\/lasentinelle.dz\/wp-content\/uploads\/2023\/10\/lycee-Mohamed-Kloufi-.jpeg","width":960,"height":720},{"@type":"BreadcrumbList","@id":"https:\/\/lasentinelle.dz\/index.php\/2023\/10\/14\/rehabilitation-du-lycee-mohamed-kloufi-a-annaba-une-enquete-ouverte\/#breadcrumb","itemListElement":[{"@type":"ListItem","position":1,"name":"Accueil","item":"https:\/\/lasentinelle.dz\/"},{"@type":"ListItem","position":2,"name":"R\u00e9habilitation du lyc\u00e9e Mohamed Kloufi \u00e0 Annaba\u00a0: Une enqu\u00eate ouverte"}]},{"@type":"WebSite","@id":"https:\/\/lasentinelle.dz\/#website","url":"https:\/\/lasentinelle.dz\/","name":"La Sentinelle","description":"Quotidien national d&#039;information","publisher":{"@id":"https:\/\/lasentinelle.dz\/#organization"},"potentialAction":[{"@type":"SearchAction","target":{"@type":"EntryPoint","urlTemplate":"https:\/\/lasentinelle.dz\/?s={search_term_string}"},"query-input":{"@type":"PropertyValueSpecification","valueRequired":true,"valueName":"search_term_string"}}],"inLanguage":"fr-FR"},{"@type":"Organization","@id":"https:\/\/lasentinelle.dz\/#organization","name":"Quotidien La Sentinelle","url":"https:\/\/lasentinelle.dz\/","logo":{"@type":"ImageObject","inLanguage":"fr-FR","@id":"https:\/\/lasentinelle.dz\/#\/schema\/logo\/image\/","url":"https:\/\/lasentinelle.dz\/wp-content\/uploads\/2021\/09\/logo-sentinelleSLOGAN-1.png","contentUrl":"https:\/\/lasentinelle.dz\/wp-content\/uploads\/2021\/09\/logo-sentinelleSLOGAN-1.png","width":615,"height":142,"caption":"Quotidien La Sentinelle"},"image":{"@id":"https:\/\/lasentinelle.dz\/#\/schema\/logo\/image\/"},"sameAs":["https:\/\/www.facebook.com\/La-Sentinelle-104059864394773"]},{"@type":"Person","@id":"https:\/\/lasentinelle.dz\/#\/schema\/person\/d865044e22e70a75174ce8bcad3acfb3","name":"La Sentinelle","image":{"@type":"ImageObject","inLanguage":"fr-FR","@id":"https:\/\/secure.gravatar.com\/avatar\/57de8e5d4b15d43fb361a71fbb36338450fe67865b528a43dd10ef7c51a20392?s=96&d=mm&r=g","url":"https:\/\/secure.gravatar.com\/avatar\/57de8e5d4b15d43fb361a71fbb36338450fe67865b528a43dd10ef7c51a20392?s=96&d=mm&r=g","contentUrl":"https:\/\/secure.gravatar.com\/avatar\/57de8e5d4b15d43fb361a71fbb36338450fe67865b528a43dd10ef7c51a20392?s=96&d=mm&r=g","caption":"La Sentinelle"},"sameAs":["http:\/\/www.lasentinelle.dz"],"url":"https:\/\/lasentinelle.dz\/author\/redaction\/"}]}},"_links":{"self":[{"href":"https:\/\/lasentinelle.dz\/index.php\/wp-json\/wp\/v2\/posts\/46294","targetHints":{"allow":["GET"]}}],"collection":[{"href":"https:\/\/lasentinelle.dz\/index.php\/wp-json\/wp\/v2\/posts"}],"about":[{"href":"https:\/\/lasentinelle.dz\/index.php\/wp-json\/wp\/v2\/types\/post"}],"author":[{"embeddable":true,"href":"https:\/\/lasentinelle.dz\/index.php\/wp-json\/wp\/v2\/users\/3"}],"replies":[{"embeddable":true,"href":"https:\/\/lasentinelle.dz\/index.php\/wp-json\/wp\/v2\/comments?post=46294"}],"version-history":[{"count":1,"href":"https:\/\/lasentinelle.dz\/index.php\/wp-json\/wp\/v2\/posts\/46294\/revisions"}],"predecessor-version":[{"id":46296,"href":"https:\/\/lasentinelle.dz\/index.php\/wp-json\/wp\/v2\/posts\/46294\/revisions\/46296"}],"wp:featuredmedia":[{"embeddable":true,"href":"https:\/\/lasentinelle.dz\/index.php\/wp-json\/wp\/v2\/media\/46295"}],"wp:attachment":[{"href":"https:\/\/lasentinelle.dz\/index.php\/wp-json\/wp\/v2\/media?parent=46294"}],"wp:term":[{"taxonomy":"category","embeddable":true,"href":"https:\/\/lasentinelle.dz\/index.php\/wp-json\/wp\/v2\/categories?post=46294"},{"taxonomy":"post_tag","embeddable":true,"href":"https:\/\/lasentinelle.dz\/index.php\/wp-json\/wp\/v2\/tags?post=46294"}],"curies":[{"name":"wp","href":"https:\/\/api.w.org\/{rel}","templated":true}]}}