{"id":46297,"date":"2023-10-14T22:11:20","date_gmt":"2023-10-14T21:11:20","guid":{"rendered":"https:\/\/lasentinelle.dz\/?p=46297"},"modified":"2023-10-14T22:11:22","modified_gmt":"2023-10-14T21:11:22","slug":"apc-dannaba-lopposition-ne-flechit-pas","status":"publish","type":"post","link":"https:\/\/lasentinelle.dz\/index.php\/2023\/10\/14\/apc-dannaba-lopposition-ne-flechit-pas\/","title":{"rendered":"APC d\u2019Annaba\u00a0: L\u2019opposition ne fl\u00e9chit pas"},"content":{"rendered":"\n<p>Rien ne va plus \u00e0 l\u2019Assembl\u00e9e populaire communale d\u2019Annaba. D\u00e9savou\u00e9 depuis plusieurs mois d\u00e9j\u00e0, par la majorit\u00e9 de l\u2019assembl\u00e9e, le P\/APC d\u2019Annaba fait face \u00e0 une forte opposition qui revendique, outre son d\u00e9part pur et simple, l\u2019ouverture d\u2019une enqu\u00eate pour \u00ab&nbsp;mauvaise gestion&nbsp;\u00bb.<\/p>\n\n\n\n<p>Parmi les griefs retenus, on souligne entre autres, la prise unilat\u00e9rale de d\u00e9cisions jug\u00e9es arbitraires pour les uns et abusives pour les autres. Les \u00e9lus mettent aussi \u00e0 l\u2019index \u00ab&nbsp;la d\u00e9gradation de la situation au sein de la commune&nbsp;\u00bb. Situation soulev\u00e9e depuis des mois d\u00e9j\u00e0 devant l\u2019ex-wali, Djamel Eddine Berrimi auquel plusieurs rapports sur la situation, avaient \u00e9t\u00e9 remis, mais n\u2019ont jamais eu de suite. Aujourd\u2019hui, les 26 opposants reviennent \u00e0 la charge au risque de voir la sph\u00e8re de l\u2019opposition s\u2019\u00e9tendre aux 43 membres que compte l\u2019assembl\u00e9e communale populaire d\u2019Annaba. D\u2019ob\u00e9dience de trois formations politiques, \u00e0 savoir le Front El Moustakbel, le RND et le MSP, les \u00e9lus opposants, soutenus jusque l\u00e0, tacitement par leurs semblables au sein du m\u00eame conseil, sont revenus \u00e0 la charge avec l\u2019av\u00e8nement de la d\u00e9signation d\u2019un nouveau chef de l\u2019ex\u00e9cutif de la wilaya. Selon les informations confi\u00e9es par une source au sein de l\u2019APC, un nouveau communiqu\u00e9 en date du 30 septembre \u00e9coul\u00e9, a \u00e9t\u00e9 transmis \u00e0 Abdelkader Djellaoui, wali d\u2019Annaba par le biais du chef de da\u00efra. Le communiqu\u00e9 fait suite, nous dit-on, \u00e0 plusieurs autres sous l\u2019\u00e8re de l\u2019ex-wali, qui n\u2019a pas daign\u00e9 r\u00e9pondre encore moins prendre les mesures qui s\u2019imposent en pareils cas. Constatant impuissamment la d\u00e9gradation de la situation dans la commune, les opposants, selon les r\u00e9v\u00e9lations de notre source, se disent pr\u00eats \u00e0 aller jusqu\u2019au bout dans leur contestation. D\u2019ailleurs, le reste des \u00e9lus membres du conseil municipal ne tarderont pas, nous dit-on, \u00e0 rallier le rang de l\u2019opposition. Ce qui conduirait \u00e0 un blocage total de l\u2019assembl\u00e9e si celle-ci reste sous l\u2019emprise du P\/APC contest\u00e9, a soulign\u00e9 la m\u00eame source. Cette derni\u00e8re a soulign\u00e9 que cette action d\u2019opposition est motiv\u00e9e par l\u2019\u00e9tat chaotique de la commune. Au-del\u00e0, plusieurs autres griefs sont retenus \u00e0 l\u2019actif de l\u2019\u00e9lu, notamment la marginalisation de la composante de l\u2019assembl\u00e9e communale, dont la moiti\u00e9 des membres de l\u2019organe ex\u00e9cutif manquent \u00e0 l\u2019appel depuis plusieurs mois d\u00e9j\u00e0. Il s&rsquo;agit, nous r\u00e9v\u00e8le-t-on, de deux pr\u00e9sidents de commissions, de l\u2019urbanisme et de l\u2019environnement. En plus de quatre chefs de secteurs urbains. Autres faits d\u00e9nonc\u00e9s par le nouveau communiqu\u00e9 que l\u2019opposition a remis au nouveau wali d\u2019Annaba \u00ab&nbsp;les ordres du jour des assembl\u00e9es souvent vot\u00e9s sans avoir \u00e9t\u00e9 d\u00e9battues et discut\u00e9es lors des d\u00e9lib\u00e9rations.&nbsp;\u00bb \u00ab&nbsp;Le maire est le seul habilit\u00e9 \u00e0 d\u00e9cider de telle ou telle mesure. Les \u00e9lus pr\u00e9sents ou absents ne sont que des figurants dans cette APC, gangr\u00e9n\u00e9e par les conflits qui n\u2019en finissent pas&nbsp;\u00bb, a d\u00e9plor\u00e9 notre source. Au vu de la situation pr\u00e9valant, aussi bien dans la commune d\u2019Annaba qu\u2019au sein de l\u2019APC, les opposants interpellent le premier responsable de la wilaya d\u2019Annaba, pour une intervention rapide pouvant \u00e9pargner l\u2019in\u00e9vitable blocage de l\u2019APC. Selon la m\u00eame source, il est demand\u00e9 \u00e0 Abdelkader Djellaoui de trouver une solution \u00e0 la situation de l\u2019assembl\u00e9e communale populaire d\u2019Annaba, dont le climat d\u00e9l\u00e9t\u00e8re qui r\u00e8gne depuis plusieurs mois d\u00e9j\u00e0, risque d&rsquo;avoir des retomb\u00e9es n\u00e9gatives sur le d\u00e9veloppement de la commune. Pour rappel, ce nouveau communiqu\u00e9 et l\u2019\u00e9largissement du cercle de l\u2019opposition, place le P\/APC en \u2018\u2019quarantaine\u2019\u2019, notamment apr\u00e8s les derni\u00e8res d\u00e9clarations de la poign\u00e9e d\u2019\u00e9lus qui le soutenait. En effet, de plus en plus isol\u00e9, le maire de la commune d&rsquo;Annaba fait cavalier seul face \u00e0 l\u2019opposition qui campe sur ses positions et exige son d\u00e9part.<\/p>\n\n\n\n<p><strong>Sofia Chahine<\/strong><\/p>\n","protected":false},"excerpt":{"rendered":"<p>Rien ne va plus \u00e0 l\u2019Assembl\u00e9e populaire communale d\u2019Annaba. D\u00e9savou\u00e9 depuis plusieurs mois d\u00e9j\u00e0, par la majorit\u00e9 de l\u2019assembl\u00e9e, le<\/p>\n","protected":false},"author":3,"featured_media":32151,"comment_status":"open","ping_status":"closed","sticky":false,"template":"","format":"standard","meta":{"colormag_page_container_layout":"default_layout","colormag_page_sidebar_layout":"default_layout","om_disable_all_campaigns":false,"_monsterinsights_skip_tracking":false,"_monsterinsights_sitenote_active":false,"_monsterinsights_sitenote_note":"","_monsterinsights_sitenote_category":0,"footnotes":"","_wpscppro_dont_share_socialmedia":false,"_wpscppro_custom_social_share_image":0,"_facebook_share_type":"","_twitter_share_type":"","_linkedin_share_type":"","_pinterest_share_type":"","_linkedin_share_type_page":"","_instagram_share_type":"","_medium_share_type":"","_threads_share_type":"","_google_business_share_type":"","_selected_social_profile":[],"_wpsp_enable_custom_social_template":false,"_wpsp_social_scheduling":{"enabled":false,"datetime":null,"platforms":[],"status":"template_only","dateOption":"today","timeOption":"now","customDays":"","customHours":"","customDate":"","customTime":"","schedulingType":"absolute"},"_wpsp_active_default_template":true},"categories":[31],"tags":[],"class_list":["post-46297","post","type-post","status-publish","format-standard","has-post-thumbnail","hentry","category-regions"],"aioseo_notices":[],"yoast_head":"<!-- This site is optimized with the Yoast SEO plugin v27.5 - https:\/\/yoast.com\/product\/yoast-seo-wordpress\/ -->\n<title>APC d\u2019Annaba\u00a0: L\u2019opposition ne fl\u00e9chit pas - La Sentinelle<\/title>\n<meta name=\"robots\" content=\"index, follow, max-snippet:-1, max-image-preview:large, max-video-preview:-1\" \/>\n<link rel=\"canonical\" href=\"https:\/\/lasentinelle.dz\/index.php\/2023\/10\/14\/apc-dannaba-lopposition-ne-flechit-pas\/\" \/>\n<meta property=\"og:locale\" content=\"fr_FR\" \/>\n<meta property=\"og:type\" content=\"article\" \/>\n<meta property=\"og:title\" content=\"APC d\u2019Annaba\u00a0: L\u2019opposition ne fl\u00e9chit pas - La Sentinelle\" \/>\n<meta property=\"og:description\" content=\"Rien ne va plus \u00e0 l\u2019Assembl\u00e9e populaire communale d\u2019Annaba. D\u00e9savou\u00e9 depuis plusieurs mois d\u00e9j\u00e0, par la majorit\u00e9 de l\u2019assembl\u00e9e, le\" \/>\n<meta property=\"og:url\" content=\"https:\/\/lasentinelle.dz\/index.php\/2023\/10\/14\/apc-dannaba-lopposition-ne-flechit-pas\/\" \/>\n<meta property=\"og:site_name\" content=\"La Sentinelle\" \/>\n<meta property=\"article:publisher\" content=\"https:\/\/www.facebook.com\/La-Sentinelle-104059864394773\" \/>\n<meta property=\"article:published_time\" content=\"2023-10-14T21:11:20+00:00\" \/>\n<meta property=\"article:modified_time\" content=\"2023-10-14T21:11:22+00:00\" \/>\n<meta property=\"og:image\" content=\"https:\/\/lasentinelle.dz\/wp-content\/uploads\/2022\/12\/APC-dannaba.png\" \/>\n\t<meta property=\"og:image:width\" content=\"1595\" \/>\n\t<meta property=\"og:image:height\" content=\"900\" \/>\n\t<meta property=\"og:image:type\" content=\"image\/png\" \/>\n<meta name=\"author\" content=\"La Sentinelle\" \/>\n<meta name=\"twitter:card\" content=\"summary_large_image\" \/>\n<meta name=\"twitter:label1\" content=\"\u00c9crit par\" \/>\n\t<meta name=\"twitter:data1\" content=\"La Sentinelle\" \/>\n\t<meta name=\"twitter:label2\" content=\"Dur\u00e9e de lecture estim\u00e9e\" \/>\n\t<meta name=\"twitter:data2\" content=\"4 minutes\" \/>\n<script type=\"application\/ld+json\" class=\"yoast-schema-graph\">{\"@context\":\"https:\\\/\\\/schema.org\",\"@graph\":[{\"@type\":\"Article\",\"@id\":\"https:\\\/\\\/lasentinelle.dz\\\/index.php\\\/2023\\\/10\\\/14\\\/apc-dannaba-lopposition-ne-flechit-pas\\\/#article\",\"isPartOf\":{\"@id\":\"https:\\\/\\\/lasentinelle.dz\\\/index.php\\\/2023\\\/10\\\/14\\\/apc-dannaba-lopposition-ne-flechit-pas\\\/\"},\"author\":{\"name\":\"La Sentinelle\",\"@id\":\"https:\\\/\\\/lasentinelle.dz\\\/#\\\/schema\\\/person\\\/d865044e22e70a75174ce8bcad3acfb3\"},\"headline\":\"APC d\u2019Annaba\u00a0: L\u2019opposition ne fl\u00e9chit pas\",\"datePublished\":\"2023-10-14T21:11:20+00:00\",\"dateModified\":\"2023-10-14T21:11:22+00:00\",\"mainEntityOfPage\":{\"@id\":\"https:\\\/\\\/lasentinelle.dz\\\/index.php\\\/2023\\\/10\\\/14\\\/apc-dannaba-lopposition-ne-flechit-pas\\\/\"},\"wordCount\":716,\"commentCount\":0,\"publisher\":{\"@id\":\"https:\\\/\\\/lasentinelle.dz\\\/#organization\"},\"image\":{\"@id\":\"https:\\\/\\\/lasentinelle.dz\\\/index.php\\\/2023\\\/10\\\/14\\\/apc-dannaba-lopposition-ne-flechit-pas\\\/#primaryimage\"},\"thumbnailUrl\":\"https:\\\/\\\/lasentinelle.dz\\\/wp-content\\\/uploads\\\/2022\\\/12\\\/APC-dannaba.png\",\"articleSection\":[\"R\u00e9gions\"],\"inLanguage\":\"fr-FR\",\"potentialAction\":[{\"@type\":\"CommentAction\",\"name\":\"Comment\",\"target\":[\"https:\\\/\\\/lasentinelle.dz\\\/index.php\\\/2023\\\/10\\\/14\\\/apc-dannaba-lopposition-ne-flechit-pas\\\/#respond\"]}]},{\"@type\":\"WebPage\",\"@id\":\"https:\\\/\\\/lasentinelle.dz\\\/index.php\\\/2023\\\/10\\\/14\\\/apc-dannaba-lopposition-ne-flechit-pas\\\/\",\"url\":\"https:\\\/\\\/lasentinelle.dz\\\/index.php\\\/2023\\\/10\\\/14\\\/apc-dannaba-lopposition-ne-flechit-pas\\\/\",\"name\":\"APC d\u2019Annaba\u00a0: L\u2019opposition ne fl\u00e9chit pas - La Sentinelle\",\"isPartOf\":{\"@id\":\"https:\\\/\\\/lasentinelle.dz\\\/#website\"},\"primaryImageOfPage\":{\"@id\":\"https:\\\/\\\/lasentinelle.dz\\\/index.php\\\/2023\\\/10\\\/14\\\/apc-dannaba-lopposition-ne-flechit-pas\\\/#primaryimage\"},\"image\":{\"@id\":\"https:\\\/\\\/lasentinelle.dz\\\/index.php\\\/2023\\\/10\\\/14\\\/apc-dannaba-lopposition-ne-flechit-pas\\\/#primaryimage\"},\"thumbnailUrl\":\"https:\\\/\\\/lasentinelle.dz\\\/wp-content\\\/uploads\\\/2022\\\/12\\\/APC-dannaba.png\",\"datePublished\":\"2023-10-14T21:11:20+00:00\",\"dateModified\":\"2023-10-14T21:11:22+00:00\",\"breadcrumb\":{\"@id\":\"https:\\\/\\\/lasentinelle.dz\\\/index.php\\\/2023\\\/10\\\/14\\\/apc-dannaba-lopposition-ne-flechit-pas\\\/#breadcrumb\"},\"inLanguage\":\"fr-FR\",\"potentialAction\":[{\"@type\":\"ReadAction\",\"target\":[\"https:\\\/\\\/lasentinelle.dz\\\/index.php\\\/2023\\\/10\\\/14\\\/apc-dannaba-lopposition-ne-flechit-pas\\\/\"]}]},{\"@type\":\"ImageObject\",\"inLanguage\":\"fr-FR\",\"@id\":\"https:\\\/\\\/lasentinelle.dz\\\/index.php\\\/2023\\\/10\\\/14\\\/apc-dannaba-lopposition-ne-flechit-pas\\\/#primaryimage\",\"url\":\"https:\\\/\\\/lasentinelle.dz\\\/wp-content\\\/uploads\\\/2022\\\/12\\\/APC-dannaba.png\",\"contentUrl\":\"https:\\\/\\\/lasentinelle.dz\\\/wp-content\\\/uploads\\\/2022\\\/12\\\/APC-dannaba.png\",\"width\":1595,\"height\":900},{\"@type\":\"BreadcrumbList\",\"@id\":\"https:\\\/\\\/lasentinelle.dz\\\/index.php\\\/2023\\\/10\\\/14\\\/apc-dannaba-lopposition-ne-flechit-pas\\\/#breadcrumb\",\"itemListElement\":[{\"@type\":\"ListItem\",\"position\":1,\"name\":\"Accueil\",\"item\":\"https:\\\/\\\/lasentinelle.dz\\\/\"},{\"@type\":\"ListItem\",\"position\":2,\"name\":\"APC d\u2019Annaba\u00a0: L\u2019opposition ne fl\u00e9chit pas\"}]},{\"@type\":\"WebSite\",\"@id\":\"https:\\\/\\\/lasentinelle.dz\\\/#website\",\"url\":\"https:\\\/\\\/lasentinelle.dz\\\/\",\"name\":\"La Sentinelle\",\"description\":\"Quotidien national d&#039;information\",\"publisher\":{\"@id\":\"https:\\\/\\\/lasentinelle.dz\\\/#organization\"},\"potentialAction\":[{\"@type\":\"SearchAction\",\"target\":{\"@type\":\"EntryPoint\",\"urlTemplate\":\"https:\\\/\\\/lasentinelle.dz\\\/?s={search_term_string}\"},\"query-input\":{\"@type\":\"PropertyValueSpecification\",\"valueRequired\":true,\"valueName\":\"search_term_string\"}}],\"inLanguage\":\"fr-FR\"},{\"@type\":\"Organization\",\"@id\":\"https:\\\/\\\/lasentinelle.dz\\\/#organization\",\"name\":\"Quotidien La Sentinelle\",\"url\":\"https:\\\/\\\/lasentinelle.dz\\\/\",\"logo\":{\"@type\":\"ImageObject\",\"inLanguage\":\"fr-FR\",\"@id\":\"https:\\\/\\\/lasentinelle.dz\\\/#\\\/schema\\\/logo\\\/image\\\/\",\"url\":\"https:\\\/\\\/lasentinelle.dz\\\/wp-content\\\/uploads\\\/2021\\\/09\\\/logo-sentinelleSLOGAN-1.png\",\"contentUrl\":\"https:\\\/\\\/lasentinelle.dz\\\/wp-content\\\/uploads\\\/2021\\\/09\\\/logo-sentinelleSLOGAN-1.png\",\"width\":615,\"height\":142,\"caption\":\"Quotidien La Sentinelle\"},\"image\":{\"@id\":\"https:\\\/\\\/lasentinelle.dz\\\/#\\\/schema\\\/logo\\\/image\\\/\"},\"sameAs\":[\"https:\\\/\\\/www.facebook.com\\\/La-Sentinelle-104059864394773\"]},{\"@type\":\"Person\",\"@id\":\"https:\\\/\\\/lasentinelle.dz\\\/#\\\/schema\\\/person\\\/d865044e22e70a75174ce8bcad3acfb3\",\"name\":\"La Sentinelle\",\"image\":{\"@type\":\"ImageObject\",\"inLanguage\":\"fr-FR\",\"@id\":\"https:\\\/\\\/secure.gravatar.com\\\/avatar\\\/57de8e5d4b15d43fb361a71fbb36338450fe67865b528a43dd10ef7c51a20392?s=96&d=mm&r=g\",\"url\":\"https:\\\/\\\/secure.gravatar.com\\\/avatar\\\/57de8e5d4b15d43fb361a71fbb36338450fe67865b528a43dd10ef7c51a20392?s=96&d=mm&r=g\",\"contentUrl\":\"https:\\\/\\\/secure.gravatar.com\\\/avatar\\\/57de8e5d4b15d43fb361a71fbb36338450fe67865b528a43dd10ef7c51a20392?s=96&d=mm&r=g\",\"caption\":\"La Sentinelle\"},\"sameAs\":[\"http:\\\/\\\/www.lasentinelle.dz\"],\"url\":\"https:\\\/\\\/lasentinelle.dz\\\/author\\\/redaction\\\/\"}]}<\/script>\n<!-- \/ Yoast SEO plugin. -->","yoast_head_json":{"title":"APC d\u2019Annaba\u00a0: L\u2019opposition ne fl\u00e9chit pas - La Sentinelle","robots":{"index":"index","follow":"follow","max-snippet":"max-snippet:-1","max-image-preview":"max-image-preview:large","max-video-preview":"max-video-preview:-1"},"canonical":"https:\/\/lasentinelle.dz\/index.php\/2023\/10\/14\/apc-dannaba-lopposition-ne-flechit-pas\/","og_locale":"fr_FR","og_type":"article","og_title":"APC d\u2019Annaba\u00a0: L\u2019opposition ne fl\u00e9chit pas - La Sentinelle","og_description":"Rien ne va plus \u00e0 l\u2019Assembl\u00e9e populaire communale d\u2019Annaba. D\u00e9savou\u00e9 depuis plusieurs mois d\u00e9j\u00e0, par la majorit\u00e9 de l\u2019assembl\u00e9e, le","og_url":"https:\/\/lasentinelle.dz\/index.php\/2023\/10\/14\/apc-dannaba-lopposition-ne-flechit-pas\/","og_site_name":"La Sentinelle","article_publisher":"https:\/\/www.facebook.com\/La-Sentinelle-104059864394773","article_published_time":"2023-10-14T21:11:20+00:00","article_modified_time":"2023-10-14T21:11:22+00:00","og_image":[{"width":1595,"height":900,"url":"https:\/\/lasentinelle.dz\/wp-content\/uploads\/2022\/12\/APC-dannaba.png","type":"image\/png"}],"author":"La Sentinelle","twitter_card":"summary_large_image","twitter_misc":{"\u00c9crit par":"La Sentinelle","Dur\u00e9e de lecture estim\u00e9e":"4 minutes"},"schema":{"@context":"https:\/\/schema.org","@graph":[{"@type":"Article","@id":"https:\/\/lasentinelle.dz\/index.php\/2023\/10\/14\/apc-dannaba-lopposition-ne-flechit-pas\/#article","isPartOf":{"@id":"https:\/\/lasentinelle.dz\/index.php\/2023\/10\/14\/apc-dannaba-lopposition-ne-flechit-pas\/"},"author":{"name":"La Sentinelle","@id":"https:\/\/lasentinelle.dz\/#\/schema\/person\/d865044e22e70a75174ce8bcad3acfb3"},"headline":"APC d\u2019Annaba\u00a0: L\u2019opposition ne fl\u00e9chit pas","datePublished":"2023-10-14T21:11:20+00:00","dateModified":"2023-10-14T21:11:22+00:00","mainEntityOfPage":{"@id":"https:\/\/lasentinelle.dz\/index.php\/2023\/10\/14\/apc-dannaba-lopposition-ne-flechit-pas\/"},"wordCount":716,"commentCount":0,"publisher":{"@id":"https:\/\/lasentinelle.dz\/#organization"},"image":{"@id":"https:\/\/lasentinelle.dz\/index.php\/2023\/10\/14\/apc-dannaba-lopposition-ne-flechit-pas\/#primaryimage"},"thumbnailUrl":"https:\/\/lasentinelle.dz\/wp-content\/uploads\/2022\/12\/APC-dannaba.png","articleSection":["R\u00e9gions"],"inLanguage":"fr-FR","potentialAction":[{"@type":"CommentAction","name":"Comment","target":["https:\/\/lasentinelle.dz\/index.php\/2023\/10\/14\/apc-dannaba-lopposition-ne-flechit-pas\/#respond"]}]},{"@type":"WebPage","@id":"https:\/\/lasentinelle.dz\/index.php\/2023\/10\/14\/apc-dannaba-lopposition-ne-flechit-pas\/","url":"https:\/\/lasentinelle.dz\/index.php\/2023\/10\/14\/apc-dannaba-lopposition-ne-flechit-pas\/","name":"APC d\u2019Annaba\u00a0: L\u2019opposition ne fl\u00e9chit pas - La Sentinelle","isPartOf":{"@id":"https:\/\/lasentinelle.dz\/#website"},"primaryImageOfPage":{"@id":"https:\/\/lasentinelle.dz\/index.php\/2023\/10\/14\/apc-dannaba-lopposition-ne-flechit-pas\/#primaryimage"},"image":{"@id":"https:\/\/lasentinelle.dz\/index.php\/2023\/10\/14\/apc-dannaba-lopposition-ne-flechit-pas\/#primaryimage"},"thumbnailUrl":"https:\/\/lasentinelle.dz\/wp-content\/uploads\/2022\/12\/APC-dannaba.png","datePublished":"2023-10-14T21:11:20+00:00","dateModified":"2023-10-14T21:11:22+00:00","breadcrumb":{"@id":"https:\/\/lasentinelle.dz\/index.php\/2023\/10\/14\/apc-dannaba-lopposition-ne-flechit-pas\/#breadcrumb"},"inLanguage":"fr-FR","potentialAction":[{"@type":"ReadAction","target":["https:\/\/lasentinelle.dz\/index.php\/2023\/10\/14\/apc-dannaba-lopposition-ne-flechit-pas\/"]}]},{"@type":"ImageObject","inLanguage":"fr-FR","@id":"https:\/\/lasentinelle.dz\/index.php\/2023\/10\/14\/apc-dannaba-lopposition-ne-flechit-pas\/#primaryimage","url":"https:\/\/lasentinelle.dz\/wp-content\/uploads\/2022\/12\/APC-dannaba.png","contentUrl":"https:\/\/lasentinelle.dz\/wp-content\/uploads\/2022\/12\/APC-dannaba.png","width":1595,"height":900},{"@type":"BreadcrumbList","@id":"https:\/\/lasentinelle.dz\/index.php\/2023\/10\/14\/apc-dannaba-lopposition-ne-flechit-pas\/#breadcrumb","itemListElement":[{"@type":"ListItem","position":1,"name":"Accueil","item":"https:\/\/lasentinelle.dz\/"},{"@type":"ListItem","position":2,"name":"APC d\u2019Annaba\u00a0: L\u2019opposition ne fl\u00e9chit pas"}]},{"@type":"WebSite","@id":"https:\/\/lasentinelle.dz\/#website","url":"https:\/\/lasentinelle.dz\/","name":"La Sentinelle","description":"Quotidien national d&#039;information","publisher":{"@id":"https:\/\/lasentinelle.dz\/#organization"},"potentialAction":[{"@type":"SearchAction","target":{"@type":"EntryPoint","urlTemplate":"https:\/\/lasentinelle.dz\/?s={search_term_string}"},"query-input":{"@type":"PropertyValueSpecification","valueRequired":true,"valueName":"search_term_string"}}],"inLanguage":"fr-FR"},{"@type":"Organization","@id":"https:\/\/lasentinelle.dz\/#organization","name":"Quotidien La Sentinelle","url":"https:\/\/lasentinelle.dz\/","logo":{"@type":"ImageObject","inLanguage":"fr-FR","@id":"https:\/\/lasentinelle.dz\/#\/schema\/logo\/image\/","url":"https:\/\/lasentinelle.dz\/wp-content\/uploads\/2021\/09\/logo-sentinelleSLOGAN-1.png","contentUrl":"https:\/\/lasentinelle.dz\/wp-content\/uploads\/2021\/09\/logo-sentinelleSLOGAN-1.png","width":615,"height":142,"caption":"Quotidien La Sentinelle"},"image":{"@id":"https:\/\/lasentinelle.dz\/#\/schema\/logo\/image\/"},"sameAs":["https:\/\/www.facebook.com\/La-Sentinelle-104059864394773"]},{"@type":"Person","@id":"https:\/\/lasentinelle.dz\/#\/schema\/person\/d865044e22e70a75174ce8bcad3acfb3","name":"La Sentinelle","image":{"@type":"ImageObject","inLanguage":"fr-FR","@id":"https:\/\/secure.gravatar.com\/avatar\/57de8e5d4b15d43fb361a71fbb36338450fe67865b528a43dd10ef7c51a20392?s=96&d=mm&r=g","url":"https:\/\/secure.gravatar.com\/avatar\/57de8e5d4b15d43fb361a71fbb36338450fe67865b528a43dd10ef7c51a20392?s=96&d=mm&r=g","contentUrl":"https:\/\/secure.gravatar.com\/avatar\/57de8e5d4b15d43fb361a71fbb36338450fe67865b528a43dd10ef7c51a20392?s=96&d=mm&r=g","caption":"La Sentinelle"},"sameAs":["http:\/\/www.lasentinelle.dz"],"url":"https:\/\/lasentinelle.dz\/author\/redaction\/"}]}},"_links":{"self":[{"href":"https:\/\/lasentinelle.dz\/index.php\/wp-json\/wp\/v2\/posts\/46297","targetHints":{"allow":["GET"]}}],"collection":[{"href":"https:\/\/lasentinelle.dz\/index.php\/wp-json\/wp\/v2\/posts"}],"about":[{"href":"https:\/\/lasentinelle.dz\/index.php\/wp-json\/wp\/v2\/types\/post"}],"author":[{"embeddable":true,"href":"https:\/\/lasentinelle.dz\/index.php\/wp-json\/wp\/v2\/users\/3"}],"replies":[{"embeddable":true,"href":"https:\/\/lasentinelle.dz\/index.php\/wp-json\/wp\/v2\/comments?post=46297"}],"version-history":[{"count":1,"href":"https:\/\/lasentinelle.dz\/index.php\/wp-json\/wp\/v2\/posts\/46297\/revisions"}],"predecessor-version":[{"id":46298,"href":"https:\/\/lasentinelle.dz\/index.php\/wp-json\/wp\/v2\/posts\/46297\/revisions\/46298"}],"wp:featuredmedia":[{"embeddable":true,"href":"https:\/\/lasentinelle.dz\/index.php\/wp-json\/wp\/v2\/media\/32151"}],"wp:attachment":[{"href":"https:\/\/lasentinelle.dz\/index.php\/wp-json\/wp\/v2\/media?parent=46297"}],"wp:term":[{"taxonomy":"category","embeddable":true,"href":"https:\/\/lasentinelle.dz\/index.php\/wp-json\/wp\/v2\/categories?post=46297"},{"taxonomy":"post_tag","embeddable":true,"href":"https:\/\/lasentinelle.dz\/index.php\/wp-json\/wp\/v2\/tags?post=46297"}],"curies":[{"name":"wp","href":"https:\/\/api.w.org\/{rel}","templated":true}]}}