{"id":46327,"date":"2023-10-15T22:08:03","date_gmt":"2023-10-15T21:08:03","guid":{"rendered":"https:\/\/lasentinelle.dz\/?p=46327"},"modified":"2023-10-15T22:08:05","modified_gmt":"2023-10-15T21:08:05","slug":"mali-lonu-sinquiete-des-tensions-accrues-dans-le-nord","status":"publish","type":"post","link":"https:\/\/lasentinelle.dz\/index.php\/2023\/10\/15\/mali-lonu-sinquiete-des-tensions-accrues-dans-le-nord\/","title":{"rendered":"Mali\u00a0: L\u2019ONU s\u2019inqui\u00e8te des tensions accrues dans le Nord"},"content":{"rendered":"\n<p>Le gouvernement malien a confirm\u00e9 vouloir voir la mission de l\u2019ONU quitter le pays d\u2019ici fin d\u00e9cembre, alors que les Nations unies se sont inqui\u00e9t\u00e9es des risques de retard de ce retrait qui exacerbent les tensions dans le nord. L\u2019ONU s\u2019est dite gravement pr\u00e9occup\u00e9e par l&rsquo;intensification des tensions et une pr\u00e9sence arm\u00e9e croissante dans le nord du Mali, qui risquent \u00ab d\u2019emp\u00eacher le d\u00e9part ordonn\u00e9 et dans les d\u00e9lais \u00bb de la Mission des Nations Unies dans ce pays, la MINUSMA, a d\u00e9clar\u00e9 samedi le bureau du porte-parole du Secr\u00e9taire g\u00e9n\u00e9ral de l\u2019ONU dans une note \u00e0 la presse. Cette situation risque aussi de mettre en p\u00e9ril le transfert en toute s\u00e9curit\u00e9 du personnel des Nations Unies et des biens appartenant aux pays contributeurs de troupes et aux Nations Unies et de compromettre les op\u00e9rations a\u00e9riennes men\u00e9es par la Mission qui prot\u00e8gent sa r\u00e9duction et facilitent son retrait, a-t-il ajout\u00e9. \u00ab Les Nations Unies r\u00e9affirment sa d\u00e9termination \u00e0 achever le retrait de la MINUSMA dans le d\u00e9lai pr\u00e9vu, \u00e0 savoir le 31 d\u00e9cembre 2023, \u00e9tabli par le Conseil de s\u00e9curit\u00e9, suite \u00e0 la demande du Mali de retirer la Mission sans d\u00e9lai \u00bb, a soulign\u00e9 le bureau du porte-parole. L\u2019ONU indique que, depuis le 24 septembre, ses convois logistiques n&rsquo;ont pas \u00e9t\u00e9 autoris\u00e9s \u00e0 quitter la ville de Gao pour r\u00e9cup\u00e9rer le mat\u00e9riel des Nations Unies et des pays contributeurs de troupes actuellement \u00e0 Aguelhok, Tessalit et Kidal. \u00ab&nbsp;Cela pourrait avoir un impact important sur la capacit\u00e9 de la Mission \u00e0 respecter le calendrier imparti&nbsp;\u00bb, note-elle. Selon l\u2019ONU, les tensions accrues dans le nord du Mali augmentent la probabilit\u00e9 d\u2019un d\u00e9part forc\u00e9 de la Mission sans pouvoir r\u00e9cup\u00e9rer l&rsquo;\u00e9quipements appartenant aux pays contributeurs de troupes ou aux Nations Unies. &nbsp;Les Nations Unies soulignent que \u00ab toutes les parties ont l&rsquo;obligation de s&rsquo;abstenir de toute action ou d\u00e9claration pouvant compromettre le retrait en toute s\u00e9curit\u00e9 et dans les d\u00e9lais impartis de la MINUSMA \u00bb. Elles rappellent \u00e9galement la r\u00e9solution 2690 du Conseil de s\u00e9curit\u00e9 qui appelle le gouvernement de transition du Mali \u00e0 coop\u00e9rer pleinement avec les Nations Unies afin d&rsquo;assurer le retrait ordonn\u00e9 et en toute s\u00e9curit\u00e9 de la Mission, et demande au gouvernement de transition du Mali de respecter pleinement toutes les dispositions de l\u2019Accord sur le statut des forces jusqu\u2019au d\u00e9part du dernier \u00e9l\u00e9ment de la MINUSMA du Mali. &nbsp;De son c\u00f4t\u00e9, le chef de la diplomatie malienne, Abdoulaye Diop, a publi\u00e9 samedi soir sur les r\u00e9seaux sociaux une vid\u00e9o de propos tenu vendredi lors d\u2019une rencontre avec le corps \u00e0 Bamako. Il a soulign\u00e9 \u00ab l\u2019importance que le gouvernement attache au respect du calendrier de retrait du 31 d\u00e9cembre 2023 \u00bb. \u00ab Le gouvernement n\u2019envisage pas d\u2019extension de ce d\u00e9lai. Donc tout doit \u00eatre fait pour que le travail de la Minusma puisse \u00eatre cl\u00f4tur\u00e9 au 31 d\u00e9cembre \u00bb, a-t-il ajout\u00e9.<\/p>\n\n\n\n<p>R.N.<\/p>\n","protected":false},"excerpt":{"rendered":"<p>Le gouvernement malien a confirm\u00e9 vouloir voir la mission de l\u2019ONU quitter le pays d\u2019ici fin d\u00e9cembre, alors que les<\/p>\n","protected":false},"author":3,"featured_media":42764,"comment_status":"open","ping_status":"closed","sticky":false,"template":"","format":"standard","meta":{"colormag_page_container_layout":"default_layout","colormag_page_sidebar_layout":"default_layout","om_disable_all_campaigns":false,"_monsterinsights_skip_tracking":false,"_monsterinsights_sitenote_active":false,"_monsterinsights_sitenote_note":"","_monsterinsights_sitenote_category":0,"footnotes":"","_wpscppro_dont_share_socialmedia":false,"_wpscppro_custom_social_share_image":0,"_facebook_share_type":"","_twitter_share_type":"","_linkedin_share_type":"","_pinterest_share_type":"","_linkedin_share_type_page":"","_instagram_share_type":"","_medium_share_type":"","_threads_share_type":"","_google_business_share_type":"","_selected_social_profile":[],"_wpsp_enable_custom_social_template":false,"_wpsp_social_scheduling":{"enabled":false,"datetime":null,"platforms":[],"status":"template_only","dateOption":"today","timeOption":"now","customDays":"","customHours":"","customDate":"","customTime":"","schedulingType":"absolute"},"_wpsp_active_default_template":true},"categories":[27],"tags":[],"class_list":["post-46327","post","type-post","status-publish","format-standard","has-post-thumbnail","hentry","category-actualite"],"aioseo_notices":[],"yoast_head":"<!-- This site is optimized with the Yoast SEO plugin v27.4 - https:\/\/yoast.com\/product\/yoast-seo-wordpress\/ -->\n<title>Mali\u00a0: L\u2019ONU s\u2019inqui\u00e8te des tensions accrues dans le Nord - La Sentinelle<\/title>\n<meta name=\"robots\" content=\"index, follow, max-snippet:-1, max-image-preview:large, max-video-preview:-1\" \/>\n<link rel=\"canonical\" href=\"https:\/\/lasentinelle.dz\/index.php\/2023\/10\/15\/mali-lonu-sinquiete-des-tensions-accrues-dans-le-nord\/\" \/>\n<meta property=\"og:locale\" content=\"fr_FR\" \/>\n<meta property=\"og:type\" content=\"article\" \/>\n<meta property=\"og:title\" content=\"Mali\u00a0: L\u2019ONU s\u2019inqui\u00e8te des tensions accrues dans le Nord - La Sentinelle\" \/>\n<meta property=\"og:description\" content=\"Le gouvernement malien a confirm\u00e9 vouloir voir la mission de l\u2019ONU quitter le pays d\u2019ici fin d\u00e9cembre, alors que les\" \/>\n<meta property=\"og:url\" content=\"https:\/\/lasentinelle.dz\/index.php\/2023\/10\/15\/mali-lonu-sinquiete-des-tensions-accrues-dans-le-nord\/\" \/>\n<meta property=\"og:site_name\" content=\"La Sentinelle\" \/>\n<meta property=\"article:publisher\" content=\"https:\/\/www.facebook.com\/La-Sentinelle-104059864394773\" \/>\n<meta property=\"article:published_time\" content=\"2023-10-15T21:08:03+00:00\" \/>\n<meta property=\"article:modified_time\" content=\"2023-10-15T21:08:05+00:00\" \/>\n<meta property=\"og:image\" content=\"https:\/\/lasentinelle.dz\/wp-content\/uploads\/2023\/06\/minusma.jpeg\" \/>\n\t<meta property=\"og:image:width\" content=\"580\" \/>\n\t<meta property=\"og:image:height\" content=\"350\" \/>\n\t<meta property=\"og:image:type\" content=\"image\/jpeg\" \/>\n<meta name=\"author\" content=\"La Sentinelle\" \/>\n<meta name=\"twitter:card\" content=\"summary_large_image\" \/>\n<meta name=\"twitter:label1\" content=\"\u00c9crit par\" \/>\n\t<meta name=\"twitter:data1\" content=\"La Sentinelle\" \/>\n\t<meta name=\"twitter:label2\" content=\"Dur\u00e9e de lecture estim\u00e9e\" \/>\n\t<meta name=\"twitter:data2\" content=\"3 minutes\" \/>\n<script type=\"application\/ld+json\" class=\"yoast-schema-graph\">{\"@context\":\"https:\\\/\\\/schema.org\",\"@graph\":[{\"@type\":\"Article\",\"@id\":\"https:\\\/\\\/lasentinelle.dz\\\/index.php\\\/2023\\\/10\\\/15\\\/mali-lonu-sinquiete-des-tensions-accrues-dans-le-nord\\\/#article\",\"isPartOf\":{\"@id\":\"https:\\\/\\\/lasentinelle.dz\\\/index.php\\\/2023\\\/10\\\/15\\\/mali-lonu-sinquiete-des-tensions-accrues-dans-le-nord\\\/\"},\"author\":{\"name\":\"La Sentinelle\",\"@id\":\"https:\\\/\\\/lasentinelle.dz\\\/#\\\/schema\\\/person\\\/d865044e22e70a75174ce8bcad3acfb3\"},\"headline\":\"Mali\u00a0: L\u2019ONU s\u2019inqui\u00e8te des tensions accrues dans le Nord\",\"datePublished\":\"2023-10-15T21:08:03+00:00\",\"dateModified\":\"2023-10-15T21:08:05+00:00\",\"mainEntityOfPage\":{\"@id\":\"https:\\\/\\\/lasentinelle.dz\\\/index.php\\\/2023\\\/10\\\/15\\\/mali-lonu-sinquiete-des-tensions-accrues-dans-le-nord\\\/\"},\"wordCount\":538,\"commentCount\":0,\"publisher\":{\"@id\":\"https:\\\/\\\/lasentinelle.dz\\\/#organization\"},\"image\":{\"@id\":\"https:\\\/\\\/lasentinelle.dz\\\/index.php\\\/2023\\\/10\\\/15\\\/mali-lonu-sinquiete-des-tensions-accrues-dans-le-nord\\\/#primaryimage\"},\"thumbnailUrl\":\"https:\\\/\\\/lasentinelle.dz\\\/wp-content\\\/uploads\\\/2023\\\/06\\\/minusma.jpeg\",\"articleSection\":[\"Actualit\u00e9\"],\"inLanguage\":\"fr-FR\",\"potentialAction\":[{\"@type\":\"CommentAction\",\"name\":\"Comment\",\"target\":[\"https:\\\/\\\/lasentinelle.dz\\\/index.php\\\/2023\\\/10\\\/15\\\/mali-lonu-sinquiete-des-tensions-accrues-dans-le-nord\\\/#respond\"]}]},{\"@type\":\"WebPage\",\"@id\":\"https:\\\/\\\/lasentinelle.dz\\\/index.php\\\/2023\\\/10\\\/15\\\/mali-lonu-sinquiete-des-tensions-accrues-dans-le-nord\\\/\",\"url\":\"https:\\\/\\\/lasentinelle.dz\\\/index.php\\\/2023\\\/10\\\/15\\\/mali-lonu-sinquiete-des-tensions-accrues-dans-le-nord\\\/\",\"name\":\"Mali\u00a0: L\u2019ONU s\u2019inqui\u00e8te des tensions accrues dans le Nord - La Sentinelle\",\"isPartOf\":{\"@id\":\"https:\\\/\\\/lasentinelle.dz\\\/#website\"},\"primaryImageOfPage\":{\"@id\":\"https:\\\/\\\/lasentinelle.dz\\\/index.php\\\/2023\\\/10\\\/15\\\/mali-lonu-sinquiete-des-tensions-accrues-dans-le-nord\\\/#primaryimage\"},\"image\":{\"@id\":\"https:\\\/\\\/lasentinelle.dz\\\/index.php\\\/2023\\\/10\\\/15\\\/mali-lonu-sinquiete-des-tensions-accrues-dans-le-nord\\\/#primaryimage\"},\"thumbnailUrl\":\"https:\\\/\\\/lasentinelle.dz\\\/wp-content\\\/uploads\\\/2023\\\/06\\\/minusma.jpeg\",\"datePublished\":\"2023-10-15T21:08:03+00:00\",\"dateModified\":\"2023-10-15T21:08:05+00:00\",\"breadcrumb\":{\"@id\":\"https:\\\/\\\/lasentinelle.dz\\\/index.php\\\/2023\\\/10\\\/15\\\/mali-lonu-sinquiete-des-tensions-accrues-dans-le-nord\\\/#breadcrumb\"},\"inLanguage\":\"fr-FR\",\"potentialAction\":[{\"@type\":\"ReadAction\",\"target\":[\"https:\\\/\\\/lasentinelle.dz\\\/index.php\\\/2023\\\/10\\\/15\\\/mali-lonu-sinquiete-des-tensions-accrues-dans-le-nord\\\/\"]}]},{\"@type\":\"ImageObject\",\"inLanguage\":\"fr-FR\",\"@id\":\"https:\\\/\\\/lasentinelle.dz\\\/index.php\\\/2023\\\/10\\\/15\\\/mali-lonu-sinquiete-des-tensions-accrues-dans-le-nord\\\/#primaryimage\",\"url\":\"https:\\\/\\\/lasentinelle.dz\\\/wp-content\\\/uploads\\\/2023\\\/06\\\/minusma.jpeg\",\"contentUrl\":\"https:\\\/\\\/lasentinelle.dz\\\/wp-content\\\/uploads\\\/2023\\\/06\\\/minusma.jpeg\",\"width\":580,\"height\":350},{\"@type\":\"BreadcrumbList\",\"@id\":\"https:\\\/\\\/lasentinelle.dz\\\/index.php\\\/2023\\\/10\\\/15\\\/mali-lonu-sinquiete-des-tensions-accrues-dans-le-nord\\\/#breadcrumb\",\"itemListElement\":[{\"@type\":\"ListItem\",\"position\":1,\"name\":\"Accueil\",\"item\":\"https:\\\/\\\/lasentinelle.dz\\\/\"},{\"@type\":\"ListItem\",\"position\":2,\"name\":\"Mali\u00a0: L\u2019ONU s\u2019inqui\u00e8te des tensions accrues dans le Nord\"}]},{\"@type\":\"WebSite\",\"@id\":\"https:\\\/\\\/lasentinelle.dz\\\/#website\",\"url\":\"https:\\\/\\\/lasentinelle.dz\\\/\",\"name\":\"La Sentinelle\",\"description\":\"Quotidien national d&#039;information\",\"publisher\":{\"@id\":\"https:\\\/\\\/lasentinelle.dz\\\/#organization\"},\"potentialAction\":[{\"@type\":\"SearchAction\",\"target\":{\"@type\":\"EntryPoint\",\"urlTemplate\":\"https:\\\/\\\/lasentinelle.dz\\\/?s={search_term_string}\"},\"query-input\":{\"@type\":\"PropertyValueSpecification\",\"valueRequired\":true,\"valueName\":\"search_term_string\"}}],\"inLanguage\":\"fr-FR\"},{\"@type\":\"Organization\",\"@id\":\"https:\\\/\\\/lasentinelle.dz\\\/#organization\",\"name\":\"Quotidien La Sentinelle\",\"url\":\"https:\\\/\\\/lasentinelle.dz\\\/\",\"logo\":{\"@type\":\"ImageObject\",\"inLanguage\":\"fr-FR\",\"@id\":\"https:\\\/\\\/lasentinelle.dz\\\/#\\\/schema\\\/logo\\\/image\\\/\",\"url\":\"https:\\\/\\\/lasentinelle.dz\\\/wp-content\\\/uploads\\\/2021\\\/09\\\/logo-sentinelleSLOGAN-1.png\",\"contentUrl\":\"https:\\\/\\\/lasentinelle.dz\\\/wp-content\\\/uploads\\\/2021\\\/09\\\/logo-sentinelleSLOGAN-1.png\",\"width\":615,\"height\":142,\"caption\":\"Quotidien La Sentinelle\"},\"image\":{\"@id\":\"https:\\\/\\\/lasentinelle.dz\\\/#\\\/schema\\\/logo\\\/image\\\/\"},\"sameAs\":[\"https:\\\/\\\/www.facebook.com\\\/La-Sentinelle-104059864394773\"]},{\"@type\":\"Person\",\"@id\":\"https:\\\/\\\/lasentinelle.dz\\\/#\\\/schema\\\/person\\\/d865044e22e70a75174ce8bcad3acfb3\",\"name\":\"La Sentinelle\",\"image\":{\"@type\":\"ImageObject\",\"inLanguage\":\"fr-FR\",\"@id\":\"https:\\\/\\\/secure.gravatar.com\\\/avatar\\\/57de8e5d4b15d43fb361a71fbb36338450fe67865b528a43dd10ef7c51a20392?s=96&d=mm&r=g\",\"url\":\"https:\\\/\\\/secure.gravatar.com\\\/avatar\\\/57de8e5d4b15d43fb361a71fbb36338450fe67865b528a43dd10ef7c51a20392?s=96&d=mm&r=g\",\"contentUrl\":\"https:\\\/\\\/secure.gravatar.com\\\/avatar\\\/57de8e5d4b15d43fb361a71fbb36338450fe67865b528a43dd10ef7c51a20392?s=96&d=mm&r=g\",\"caption\":\"La Sentinelle\"},\"sameAs\":[\"http:\\\/\\\/www.lasentinelle.dz\"],\"url\":\"https:\\\/\\\/lasentinelle.dz\\\/author\\\/redaction\\\/\"}]}<\/script>\n<!-- \/ Yoast SEO plugin. -->","yoast_head_json":{"title":"Mali\u00a0: L\u2019ONU s\u2019inqui\u00e8te des tensions accrues dans le Nord - La Sentinelle","robots":{"index":"index","follow":"follow","max-snippet":"max-snippet:-1","max-image-preview":"max-image-preview:large","max-video-preview":"max-video-preview:-1"},"canonical":"https:\/\/lasentinelle.dz\/index.php\/2023\/10\/15\/mali-lonu-sinquiete-des-tensions-accrues-dans-le-nord\/","og_locale":"fr_FR","og_type":"article","og_title":"Mali\u00a0: L\u2019ONU s\u2019inqui\u00e8te des tensions accrues dans le Nord - La Sentinelle","og_description":"Le gouvernement malien a confirm\u00e9 vouloir voir la mission de l\u2019ONU quitter le pays d\u2019ici fin d\u00e9cembre, alors que les","og_url":"https:\/\/lasentinelle.dz\/index.php\/2023\/10\/15\/mali-lonu-sinquiete-des-tensions-accrues-dans-le-nord\/","og_site_name":"La Sentinelle","article_publisher":"https:\/\/www.facebook.com\/La-Sentinelle-104059864394773","article_published_time":"2023-10-15T21:08:03+00:00","article_modified_time":"2023-10-15T21:08:05+00:00","og_image":[{"width":580,"height":350,"url":"https:\/\/lasentinelle.dz\/wp-content\/uploads\/2023\/06\/minusma.jpeg","type":"image\/jpeg"}],"author":"La Sentinelle","twitter_card":"summary_large_image","twitter_misc":{"\u00c9crit par":"La Sentinelle","Dur\u00e9e de lecture estim\u00e9e":"3 minutes"},"schema":{"@context":"https:\/\/schema.org","@graph":[{"@type":"Article","@id":"https:\/\/lasentinelle.dz\/index.php\/2023\/10\/15\/mali-lonu-sinquiete-des-tensions-accrues-dans-le-nord\/#article","isPartOf":{"@id":"https:\/\/lasentinelle.dz\/index.php\/2023\/10\/15\/mali-lonu-sinquiete-des-tensions-accrues-dans-le-nord\/"},"author":{"name":"La Sentinelle","@id":"https:\/\/lasentinelle.dz\/#\/schema\/person\/d865044e22e70a75174ce8bcad3acfb3"},"headline":"Mali\u00a0: L\u2019ONU s\u2019inqui\u00e8te des tensions accrues dans le Nord","datePublished":"2023-10-15T21:08:03+00:00","dateModified":"2023-10-15T21:08:05+00:00","mainEntityOfPage":{"@id":"https:\/\/lasentinelle.dz\/index.php\/2023\/10\/15\/mali-lonu-sinquiete-des-tensions-accrues-dans-le-nord\/"},"wordCount":538,"commentCount":0,"publisher":{"@id":"https:\/\/lasentinelle.dz\/#organization"},"image":{"@id":"https:\/\/lasentinelle.dz\/index.php\/2023\/10\/15\/mali-lonu-sinquiete-des-tensions-accrues-dans-le-nord\/#primaryimage"},"thumbnailUrl":"https:\/\/lasentinelle.dz\/wp-content\/uploads\/2023\/06\/minusma.jpeg","articleSection":["Actualit\u00e9"],"inLanguage":"fr-FR","potentialAction":[{"@type":"CommentAction","name":"Comment","target":["https:\/\/lasentinelle.dz\/index.php\/2023\/10\/15\/mali-lonu-sinquiete-des-tensions-accrues-dans-le-nord\/#respond"]}]},{"@type":"WebPage","@id":"https:\/\/lasentinelle.dz\/index.php\/2023\/10\/15\/mali-lonu-sinquiete-des-tensions-accrues-dans-le-nord\/","url":"https:\/\/lasentinelle.dz\/index.php\/2023\/10\/15\/mali-lonu-sinquiete-des-tensions-accrues-dans-le-nord\/","name":"Mali\u00a0: L\u2019ONU s\u2019inqui\u00e8te des tensions accrues dans le Nord - La Sentinelle","isPartOf":{"@id":"https:\/\/lasentinelle.dz\/#website"},"primaryImageOfPage":{"@id":"https:\/\/lasentinelle.dz\/index.php\/2023\/10\/15\/mali-lonu-sinquiete-des-tensions-accrues-dans-le-nord\/#primaryimage"},"image":{"@id":"https:\/\/lasentinelle.dz\/index.php\/2023\/10\/15\/mali-lonu-sinquiete-des-tensions-accrues-dans-le-nord\/#primaryimage"},"thumbnailUrl":"https:\/\/lasentinelle.dz\/wp-content\/uploads\/2023\/06\/minusma.jpeg","datePublished":"2023-10-15T21:08:03+00:00","dateModified":"2023-10-15T21:08:05+00:00","breadcrumb":{"@id":"https:\/\/lasentinelle.dz\/index.php\/2023\/10\/15\/mali-lonu-sinquiete-des-tensions-accrues-dans-le-nord\/#breadcrumb"},"inLanguage":"fr-FR","potentialAction":[{"@type":"ReadAction","target":["https:\/\/lasentinelle.dz\/index.php\/2023\/10\/15\/mali-lonu-sinquiete-des-tensions-accrues-dans-le-nord\/"]}]},{"@type":"ImageObject","inLanguage":"fr-FR","@id":"https:\/\/lasentinelle.dz\/index.php\/2023\/10\/15\/mali-lonu-sinquiete-des-tensions-accrues-dans-le-nord\/#primaryimage","url":"https:\/\/lasentinelle.dz\/wp-content\/uploads\/2023\/06\/minusma.jpeg","contentUrl":"https:\/\/lasentinelle.dz\/wp-content\/uploads\/2023\/06\/minusma.jpeg","width":580,"height":350},{"@type":"BreadcrumbList","@id":"https:\/\/lasentinelle.dz\/index.php\/2023\/10\/15\/mali-lonu-sinquiete-des-tensions-accrues-dans-le-nord\/#breadcrumb","itemListElement":[{"@type":"ListItem","position":1,"name":"Accueil","item":"https:\/\/lasentinelle.dz\/"},{"@type":"ListItem","position":2,"name":"Mali\u00a0: L\u2019ONU s\u2019inqui\u00e8te des tensions accrues dans le Nord"}]},{"@type":"WebSite","@id":"https:\/\/lasentinelle.dz\/#website","url":"https:\/\/lasentinelle.dz\/","name":"La Sentinelle","description":"Quotidien national d&#039;information","publisher":{"@id":"https:\/\/lasentinelle.dz\/#organization"},"potentialAction":[{"@type":"SearchAction","target":{"@type":"EntryPoint","urlTemplate":"https:\/\/lasentinelle.dz\/?s={search_term_string}"},"query-input":{"@type":"PropertyValueSpecification","valueRequired":true,"valueName":"search_term_string"}}],"inLanguage":"fr-FR"},{"@type":"Organization","@id":"https:\/\/lasentinelle.dz\/#organization","name":"Quotidien La Sentinelle","url":"https:\/\/lasentinelle.dz\/","logo":{"@type":"ImageObject","inLanguage":"fr-FR","@id":"https:\/\/lasentinelle.dz\/#\/schema\/logo\/image\/","url":"https:\/\/lasentinelle.dz\/wp-content\/uploads\/2021\/09\/logo-sentinelleSLOGAN-1.png","contentUrl":"https:\/\/lasentinelle.dz\/wp-content\/uploads\/2021\/09\/logo-sentinelleSLOGAN-1.png","width":615,"height":142,"caption":"Quotidien La Sentinelle"},"image":{"@id":"https:\/\/lasentinelle.dz\/#\/schema\/logo\/image\/"},"sameAs":["https:\/\/www.facebook.com\/La-Sentinelle-104059864394773"]},{"@type":"Person","@id":"https:\/\/lasentinelle.dz\/#\/schema\/person\/d865044e22e70a75174ce8bcad3acfb3","name":"La Sentinelle","image":{"@type":"ImageObject","inLanguage":"fr-FR","@id":"https:\/\/secure.gravatar.com\/avatar\/57de8e5d4b15d43fb361a71fbb36338450fe67865b528a43dd10ef7c51a20392?s=96&d=mm&r=g","url":"https:\/\/secure.gravatar.com\/avatar\/57de8e5d4b15d43fb361a71fbb36338450fe67865b528a43dd10ef7c51a20392?s=96&d=mm&r=g","contentUrl":"https:\/\/secure.gravatar.com\/avatar\/57de8e5d4b15d43fb361a71fbb36338450fe67865b528a43dd10ef7c51a20392?s=96&d=mm&r=g","caption":"La Sentinelle"},"sameAs":["http:\/\/www.lasentinelle.dz"],"url":"https:\/\/lasentinelle.dz\/author\/redaction\/"}]}},"_links":{"self":[{"href":"https:\/\/lasentinelle.dz\/index.php\/wp-json\/wp\/v2\/posts\/46327","targetHints":{"allow":["GET"]}}],"collection":[{"href":"https:\/\/lasentinelle.dz\/index.php\/wp-json\/wp\/v2\/posts"}],"about":[{"href":"https:\/\/lasentinelle.dz\/index.php\/wp-json\/wp\/v2\/types\/post"}],"author":[{"embeddable":true,"href":"https:\/\/lasentinelle.dz\/index.php\/wp-json\/wp\/v2\/users\/3"}],"replies":[{"embeddable":true,"href":"https:\/\/lasentinelle.dz\/index.php\/wp-json\/wp\/v2\/comments?post=46327"}],"version-history":[{"count":1,"href":"https:\/\/lasentinelle.dz\/index.php\/wp-json\/wp\/v2\/posts\/46327\/revisions"}],"predecessor-version":[{"id":46328,"href":"https:\/\/lasentinelle.dz\/index.php\/wp-json\/wp\/v2\/posts\/46327\/revisions\/46328"}],"wp:featuredmedia":[{"embeddable":true,"href":"https:\/\/lasentinelle.dz\/index.php\/wp-json\/wp\/v2\/media\/42764"}],"wp:attachment":[{"href":"https:\/\/lasentinelle.dz\/index.php\/wp-json\/wp\/v2\/media?parent=46327"}],"wp:term":[{"taxonomy":"category","embeddable":true,"href":"https:\/\/lasentinelle.dz\/index.php\/wp-json\/wp\/v2\/categories?post=46327"},{"taxonomy":"post_tag","embeddable":true,"href":"https:\/\/lasentinelle.dz\/index.php\/wp-json\/wp\/v2\/tags?post=46327"}],"curies":[{"name":"wp","href":"https:\/\/api.w.org\/{rel}","templated":true}]}}