{"id":46329,"date":"2023-10-15T22:08:59","date_gmt":"2023-10-15T21:08:59","guid":{"rendered":"https:\/\/lasentinelle.dz\/?p=46329"},"modified":"2023-10-15T22:09:04","modified_gmt":"2023-10-15T21:09:04","slug":"situation-au-sahel-lalgerie-appelle-a-la-conjugaison-des-efforts-africains-et-onusiens","status":"publish","type":"post","link":"https:\/\/lasentinelle.dz\/index.php\/2023\/10\/15\/situation-au-sahel-lalgerie-appelle-a-la-conjugaison-des-efforts-africains-et-onusiens\/","title":{"rendered":"Situation au Sahel\u00a0: L\u2019Alg\u00e9rie appelle \u00e0 la conjugaison des efforts africains et onusiens"},"content":{"rendered":"\n<p>L\u2019instabilit\u00e9 politique au Sahel et la r\u00e9surgence des tensions ainsi que le regain des activit\u00e9s terroristes dans la r\u00e9gion alimente de s\u00e9rieuses inqui\u00e9tudes et constitue un v\u00e9ritable d\u00e9fi en mati\u00e8re de stabilit\u00e9 et de s\u00e9curit\u00e9, non seulement r\u00e9gionale, mais aussi mondiale.<\/p>\n\n\n\n<p>La question a d\u2019ailleurs \u00e9t\u00e9 hier \u00e0 l\u2019ordre du jour d\u2019un stage de formation, dans le cadre d\u2019un partenariat alg\u00e9ro-roumain ayant pour th\u00e8me \u00ab&nbsp;Les voies de renforcement de la stabilit\u00e9 et de reconstruction post-conflit dans la r\u00e9gion du Sahel&nbsp;\u00bb. L\u2019\u00e9v\u00e9nement a d\u2019ailleurs constitu\u00e9 une occasion pour mettre en avant la vision de l\u2019Alg\u00e9rie en ce qui concerne les d\u00e9fis de s\u00e9curit\u00e9 et de stabilit\u00e9 dans la r\u00e9gion. Une approche qui s\u2019appuie la r\u00e9solution des conflits qui secouent l\u2019Afrique et notamment le Sahel, via des solutions africaines aux probl\u00e8mes africains, mais qui transcende l\u2019approche purement s\u00e9curitaire des crises, mais pr\u00f4ne la prise en compte des facteurs socio-\u00e9conomiques qui alimentent ces m\u00eames crises. Dans ce contexte le Secr\u00e9taire g\u00e9n\u00e9ral du minist\u00e8re des Affaires \u00e9trang\u00e8res et de la Communaut\u00e9 nationale \u00e0 l&rsquo;\u00e9tranger, Loun\u00e8s Magramane a soulign\u00e9, dans une allocution qu\u2019il a prononc\u00e9e \u00e0 l\u2019ouverture de la que la lutte contre les d\u00e9fis de s\u00e9curit\u00e9, de stabilit\u00e9 et de d\u00e9veloppement dans le continent africain, notamment au Sahel, exigeait la conjugaison de tous les efforts onusiens et africains, mettant en exergue la d\u00e9termination du pr\u00e9sident de la R\u00e9publique, M. Abdelmadjid Tebboune \u00e0 consacrer le principe de \u00ab\u00a0solutions africaines aux probl\u00e8mes africains\u00a0\u00bb. Faire face aux d\u00e9fis de s\u00e9curit\u00e9, de stabilit\u00e9 et de d\u00e9veloppement en Afrique au Sahel notamment exige, souligne M. Magramane, \u00ab\u00a0la conjugaison de tous les efforts onusiens et africains dans le cadre de l&rsquo;Union africaine (UA) afin de relancer les syst\u00e8mes d&rsquo;alerte pr\u00e9coce des crises et des conflits, encourager le r\u00e8glement des conflits internationaux par les voies pacifiques et renforcer les mesures d&rsquo;\u00e9tablissement de confiance mutuelle\u00a0\u00bb. \u00ab\u00a0Le pr\u00e9sident de la R\u00e9publique a tenu \u00e0 consacrer le principe de solutions africaines aux probl\u00e8mes africains, notamment \u00e0 travers l&rsquo;approche qu&rsquo;il a initi\u00e9e pour ouvrir la voie \u00e0 un r\u00e8glement politique fluide dans l&rsquo;Etat du Niger, inspir\u00e9 de la doctrine in\u00e9branlable de la politique \u00e9trang\u00e8re de l&rsquo;Alg\u00e9rie qui encourage le r\u00e8glement pacifique des conflits r\u00e9gionaux, exclut toute ing\u00e9rence \u00e9trang\u00e8re et refuse de recourir \u00e0 la force pour les r\u00e9soudre\u00a0\u00bb, pr\u00e9cise le responsable. \u00ab\u00a0Nous souhaitons voir cette initiative aboutir \u00e0 un terrain d&rsquo;entente entre les diff\u00e9rentes parties concern\u00e9es et contribuer au r\u00e9tablissement de la s\u00e9curit\u00e9, ainsi qu&rsquo;\u00e0 la lutte contre le terrorisme dans la r\u00e9gion et au&nbsp; tarissement de ses sources\u00a0\u00bb, ajoute l&rsquo;intervenant, pr\u00e9cisant que \u00ab\u00a0cette vision \u00e9clair\u00e9e se manifeste dans l&rsquo;approche du pr\u00e9sident de la R\u00e9publique en sa qualit\u00e9 de coordonnateur de l&rsquo;Union africaine (UA) sur la pr\u00e9vention et la lutte contre le terrorisme, ce qui s&rsquo;est traduit, a-t-il dit, dans son engagement constant \u00e0 relancer l&rsquo;accord de paix et de r\u00e9conciliation au Mali, issu du processus d&rsquo;Alger, et r\u00e9tablir la confiance entre les parties au conflit\u00a0\u00bb. Le m\u00eame responsable a, en outre, soulign\u00e9 le soutien de l&rsquo;Alg\u00e9rie au d\u00e9veloppement socio\u00e9conomique en Afrique, notamment dans la r\u00e9gion du Sahel, l&rsquo;Alg\u00e9rie \u00e9tant consciente, pr\u00e9cise-t-il, de \u00ab\u00a0l&rsquo;\u00e9troite corr\u00e9lation entre la paix et le d\u00e9veloppement, ce qui s&rsquo;est traduit dans la cr\u00e9ation de l&rsquo;Agence alg\u00e9rienne de coop\u00e9ration internationale pour la solidarit\u00e9 et le d\u00e9veloppement (AACISD), dot\u00e9e d&rsquo;une enveloppe cons\u00e9quente d&rsquo;un montant d&rsquo;un milliard USD pour le financement de projets de d\u00e9veloppement dans les pays africains\u00a0\u00bb. Sur le plan diplomatique, M. Magramane a indiqu\u00e9 que l&rsquo;Alg\u00e9rie ne m\u00e9nagera aucun effort pour d\u00e9fendre les int\u00e9r\u00eats du continent dans le cadre de son prochain mandat au Conseil de s\u00e9curit\u00e9 de l&rsquo;ONU pour la p\u00e9riode 2024-2025.<\/p>\n\n\n\n<p>De son c\u00f4t\u00e9, la Secr\u00e9taire d&rsquo;Etat au minist\u00e8re roumain des Affaires \u00e9trang\u00e8res, Daniela Gitman, a &nbsp;soulign\u00e9 que l&rsquo;Alg\u00e9rie \u00ab\u00a0demeure l&rsquo;un des principaux partenaires\u00a0\u00bb de son pays en Afrique, \u00e9tant un \u00ab\u00a0pays qui \u0153uvre \u00e0 renforcer la stabilit\u00e9, notamment au Sahel, et un acteur majeur dans le d\u00e9veloppement du continent\u00a0\u00bb, saluant la d\u00e9claration du Pr\u00e9sident Abdelmadjid Tebboune, lors du 36e Sommet de l&rsquo;Union Africaine (UA) tenu en f\u00e9vrier, de doter l&rsquo;Agence alg\u00e9rienne de coop\u00e9ration internationale pour la solidarit\u00e9 et le d\u00e9veloppement (AACISD) d&rsquo;une enveloppe d&rsquo;un montant d&rsquo;un milliard de dollars am\u00e9ricains pour le financement de projets de d\u00e9veloppement dans les pays africains. L&rsquo;ambassadeur de la R\u00e9publique de Roumanie en Alg\u00e9rie, Gruia Otiliu Jacota, a indiqu\u00e9 que l&rsquo;id\u00e9e de ce stage qui se d\u00e9roule actuellement \u00e0 Alger, est n\u00e9e des consultations diplomatiques, tenues en janvier, entre les minist\u00e8res des Affaires \u00e9trang\u00e8res d&rsquo;Alg\u00e9rie et de Roumanie, pr\u00e9cisant qu&rsquo;elle avait \u00e9t\u00e9 concr\u00e9tis\u00e9e rapidement \u00e0 travers la coop\u00e9ration \u00ab\u00a0exemplaire\u00a0\u00bb entre les deux minist\u00e8res et les deux ambassades des deux pays, ainsi qu&rsquo;entre l&rsquo;Institut diplomatique et des relations internationales (IDRI) \u00e0 Alger, et l`Agence nationale roumaine pour la coop\u00e9ration et le d\u00e9veloppement. Il a pr\u00e9cis\u00e9 \u00e9galement que ce stage consiste \u00e0 \u00ab\u00a0fusionner les deux exp\u00e9riences en une seule\u00a0\u00bb, affirmant qu&rsquo;\u00e0 travers l&rsquo;organisation conjointe de cette session, le processus de coop\u00e9ration entre l&rsquo;Alg\u00e9rie et la Roumanie s&rsquo;est dot\u00e9e \u00ab\u00a0d&rsquo;un nouveau cadre qui s&rsquo;adapte tr\u00e8s bien aux exigences actuelles, ce qui va certainement l&rsquo;enrichir\u00a0\u00bb.<\/p>\n\n\n\n<p>Lors de son allocution, Alexandra Bogdan, Directrice au minist\u00e8re roumain des Affaires \u00e9trang\u00e8res, a fait savoir que son pays a choisi l&rsquo;Alg\u00e9rie \u00ab\u00a0pour son r\u00f4le majeur dans la r\u00e9gion, et \u00e9tant l&rsquo;un de nos principaux partenaires en Afrique\u00a0\u00bb. Notons qu\u2019\u00e0 l&rsquo;ouverture officielle des activit\u00e9s de ce stage, &nbsp;M. Magramane a rendu hommage aux martyrs du peuple palestinien sans d\u00e9fense dans la bande de Ghaza, encore sous emprise, les violations et les pratiques d\u00e9nu\u00e9es d&rsquo;humanit\u00e9 perp\u00e9tr\u00e9es par l&rsquo;occupant, esp\u00e9rant l&rsquo;intervention imm\u00e9diate de la communaut\u00e9 internationale en vue de mettre fin au bain de sang et permettre au peuple palestinien d&rsquo;exercer ses droits l\u00e9gitimes, \u00e0 savoir \u00e9tablir son Etat ind\u00e9pendant sur les fronti\u00e8res de 1967 avec Al-Qods pour capitale.<\/p>\n\n\n\n<p><strong>Chokri Hafed<\/strong><\/p>\n","protected":false},"excerpt":{"rendered":"<p>L\u2019instabilit\u00e9 politique au Sahel et la r\u00e9surgence des tensions ainsi que le regain des activit\u00e9s terroristes dans la r\u00e9gion alimente<\/p>\n","protected":false},"author":3,"featured_media":46330,"comment_status":"open","ping_status":"closed","sticky":false,"template":"","format":"standard","meta":{"colormag_page_container_layout":"default_layout","colormag_page_sidebar_layout":"default_layout","om_disable_all_campaigns":false,"_monsterinsights_skip_tracking":false,"_monsterinsights_sitenote_active":false,"_monsterinsights_sitenote_note":"","_monsterinsights_sitenote_category":0,"footnotes":"","_wpscppro_dont_share_socialmedia":false,"_wpscppro_custom_social_share_image":0,"_facebook_share_type":"","_twitter_share_type":"","_linkedin_share_type":"","_pinterest_share_type":"","_linkedin_share_type_page":"","_instagram_share_type":"","_medium_share_type":"","_threads_share_type":"","_google_business_share_type":"","_selected_social_profile":[],"_wpsp_enable_custom_social_template":false,"_wpsp_social_scheduling":{"enabled":false,"datetime":null,"platforms":[],"status":"template_only","dateOption":"today","timeOption":"now","customDays":"","customHours":"","customDate":"","customTime":"","schedulingType":"absolute"},"_wpsp_active_default_template":true},"categories":[52,27],"tags":[],"class_list":["post-46329","post","type-post","status-publish","format-standard","has-post-thumbnail","hentry","category-a-la-une","category-actualite"],"aioseo_notices":[],"yoast_head":"<!-- This site is optimized with the Yoast SEO plugin v27.5 - https:\/\/yoast.com\/product\/yoast-seo-wordpress\/ -->\n<title>Situation au Sahel\u00a0: L\u2019Alg\u00e9rie appelle \u00e0 la conjugaison des efforts africains et onusiens - La Sentinelle<\/title>\n<meta name=\"robots\" content=\"index, follow, max-snippet:-1, max-image-preview:large, max-video-preview:-1\" \/>\n<link rel=\"canonical\" href=\"https:\/\/lasentinelle.dz\/index.php\/2023\/10\/15\/situation-au-sahel-lalgerie-appelle-a-la-conjugaison-des-efforts-africains-et-onusiens\/\" \/>\n<meta property=\"og:locale\" content=\"fr_FR\" \/>\n<meta property=\"og:type\" content=\"article\" \/>\n<meta property=\"og:title\" content=\"Situation au Sahel\u00a0: L\u2019Alg\u00e9rie appelle \u00e0 la conjugaison des efforts africains et onusiens - La Sentinelle\" \/>\n<meta property=\"og:description\" content=\"L\u2019instabilit\u00e9 politique au Sahel et la r\u00e9surgence des tensions ainsi que le regain des activit\u00e9s terroristes dans la r\u00e9gion alimente\" \/>\n<meta property=\"og:url\" content=\"https:\/\/lasentinelle.dz\/index.php\/2023\/10\/15\/situation-au-sahel-lalgerie-appelle-a-la-conjugaison-des-efforts-africains-et-onusiens\/\" \/>\n<meta property=\"og:site_name\" content=\"La Sentinelle\" \/>\n<meta property=\"article:publisher\" content=\"https:\/\/www.facebook.com\/La-Sentinelle-104059864394773\" \/>\n<meta property=\"article:published_time\" content=\"2023-10-15T21:08:59+00:00\" \/>\n<meta property=\"article:modified_time\" content=\"2023-10-15T21:09:04+00:00\" \/>\n<meta property=\"og:image\" content=\"https:\/\/lasentinelle.dz\/wp-content\/uploads\/2023\/10\/IDRI.jpeg\" \/>\n\t<meta property=\"og:image:width\" content=\"1501\" \/>\n\t<meta property=\"og:image:height\" content=\"674\" \/>\n\t<meta property=\"og:image:type\" content=\"image\/jpeg\" \/>\n<meta name=\"author\" content=\"La Sentinelle\" \/>\n<meta name=\"twitter:card\" content=\"summary_large_image\" \/>\n<meta name=\"twitter:label1\" content=\"\u00c9crit par\" \/>\n\t<meta name=\"twitter:data1\" content=\"La Sentinelle\" \/>\n\t<meta name=\"twitter:label2\" content=\"Dur\u00e9e de lecture estim\u00e9e\" \/>\n\t<meta name=\"twitter:data2\" content=\"5 minutes\" \/>\n<script type=\"application\/ld+json\" class=\"yoast-schema-graph\">{\"@context\":\"https:\\\/\\\/schema.org\",\"@graph\":[{\"@type\":\"Article\",\"@id\":\"https:\\\/\\\/lasentinelle.dz\\\/index.php\\\/2023\\\/10\\\/15\\\/situation-au-sahel-lalgerie-appelle-a-la-conjugaison-des-efforts-africains-et-onusiens\\\/#article\",\"isPartOf\":{\"@id\":\"https:\\\/\\\/lasentinelle.dz\\\/index.php\\\/2023\\\/10\\\/15\\\/situation-au-sahel-lalgerie-appelle-a-la-conjugaison-des-efforts-africains-et-onusiens\\\/\"},\"author\":{\"name\":\"La Sentinelle\",\"@id\":\"https:\\\/\\\/lasentinelle.dz\\\/#\\\/schema\\\/person\\\/d865044e22e70a75174ce8bcad3acfb3\"},\"headline\":\"Situation au Sahel\u00a0: L\u2019Alg\u00e9rie appelle \u00e0 la conjugaison des efforts africains et onusiens\",\"datePublished\":\"2023-10-15T21:08:59+00:00\",\"dateModified\":\"2023-10-15T21:09:04+00:00\",\"mainEntityOfPage\":{\"@id\":\"https:\\\/\\\/lasentinelle.dz\\\/index.php\\\/2023\\\/10\\\/15\\\/situation-au-sahel-lalgerie-appelle-a-la-conjugaison-des-efforts-africains-et-onusiens\\\/\"},\"wordCount\":1160,\"commentCount\":0,\"publisher\":{\"@id\":\"https:\\\/\\\/lasentinelle.dz\\\/#organization\"},\"image\":{\"@id\":\"https:\\\/\\\/lasentinelle.dz\\\/index.php\\\/2023\\\/10\\\/15\\\/situation-au-sahel-lalgerie-appelle-a-la-conjugaison-des-efforts-africains-et-onusiens\\\/#primaryimage\"},\"thumbnailUrl\":\"https:\\\/\\\/lasentinelle.dz\\\/wp-content\\\/uploads\\\/2023\\\/10\\\/IDRI.jpeg\",\"articleSection\":[\"\u00c0 la Une\",\"Actualit\u00e9\"],\"inLanguage\":\"fr-FR\",\"potentialAction\":[{\"@type\":\"CommentAction\",\"name\":\"Comment\",\"target\":[\"https:\\\/\\\/lasentinelle.dz\\\/index.php\\\/2023\\\/10\\\/15\\\/situation-au-sahel-lalgerie-appelle-a-la-conjugaison-des-efforts-africains-et-onusiens\\\/#respond\"]}]},{\"@type\":\"WebPage\",\"@id\":\"https:\\\/\\\/lasentinelle.dz\\\/index.php\\\/2023\\\/10\\\/15\\\/situation-au-sahel-lalgerie-appelle-a-la-conjugaison-des-efforts-africains-et-onusiens\\\/\",\"url\":\"https:\\\/\\\/lasentinelle.dz\\\/index.php\\\/2023\\\/10\\\/15\\\/situation-au-sahel-lalgerie-appelle-a-la-conjugaison-des-efforts-africains-et-onusiens\\\/\",\"name\":\"Situation au Sahel\u00a0: L\u2019Alg\u00e9rie appelle \u00e0 la conjugaison des efforts africains et onusiens - La Sentinelle\",\"isPartOf\":{\"@id\":\"https:\\\/\\\/lasentinelle.dz\\\/#website\"},\"primaryImageOfPage\":{\"@id\":\"https:\\\/\\\/lasentinelle.dz\\\/index.php\\\/2023\\\/10\\\/15\\\/situation-au-sahel-lalgerie-appelle-a-la-conjugaison-des-efforts-africains-et-onusiens\\\/#primaryimage\"},\"image\":{\"@id\":\"https:\\\/\\\/lasentinelle.dz\\\/index.php\\\/2023\\\/10\\\/15\\\/situation-au-sahel-lalgerie-appelle-a-la-conjugaison-des-efforts-africains-et-onusiens\\\/#primaryimage\"},\"thumbnailUrl\":\"https:\\\/\\\/lasentinelle.dz\\\/wp-content\\\/uploads\\\/2023\\\/10\\\/IDRI.jpeg\",\"datePublished\":\"2023-10-15T21:08:59+00:00\",\"dateModified\":\"2023-10-15T21:09:04+00:00\",\"breadcrumb\":{\"@id\":\"https:\\\/\\\/lasentinelle.dz\\\/index.php\\\/2023\\\/10\\\/15\\\/situation-au-sahel-lalgerie-appelle-a-la-conjugaison-des-efforts-africains-et-onusiens\\\/#breadcrumb\"},\"inLanguage\":\"fr-FR\",\"potentialAction\":[{\"@type\":\"ReadAction\",\"target\":[\"https:\\\/\\\/lasentinelle.dz\\\/index.php\\\/2023\\\/10\\\/15\\\/situation-au-sahel-lalgerie-appelle-a-la-conjugaison-des-efforts-africains-et-onusiens\\\/\"]}]},{\"@type\":\"ImageObject\",\"inLanguage\":\"fr-FR\",\"@id\":\"https:\\\/\\\/lasentinelle.dz\\\/index.php\\\/2023\\\/10\\\/15\\\/situation-au-sahel-lalgerie-appelle-a-la-conjugaison-des-efforts-africains-et-onusiens\\\/#primaryimage\",\"url\":\"https:\\\/\\\/lasentinelle.dz\\\/wp-content\\\/uploads\\\/2023\\\/10\\\/IDRI.jpeg\",\"contentUrl\":\"https:\\\/\\\/lasentinelle.dz\\\/wp-content\\\/uploads\\\/2023\\\/10\\\/IDRI.jpeg\",\"width\":1501,\"height\":674},{\"@type\":\"BreadcrumbList\",\"@id\":\"https:\\\/\\\/lasentinelle.dz\\\/index.php\\\/2023\\\/10\\\/15\\\/situation-au-sahel-lalgerie-appelle-a-la-conjugaison-des-efforts-africains-et-onusiens\\\/#breadcrumb\",\"itemListElement\":[{\"@type\":\"ListItem\",\"position\":1,\"name\":\"Accueil\",\"item\":\"https:\\\/\\\/lasentinelle.dz\\\/\"},{\"@type\":\"ListItem\",\"position\":2,\"name\":\"Situation au Sahel\u00a0: L\u2019Alg\u00e9rie appelle \u00e0 la conjugaison des efforts africains et onusiens\"}]},{\"@type\":\"WebSite\",\"@id\":\"https:\\\/\\\/lasentinelle.dz\\\/#website\",\"url\":\"https:\\\/\\\/lasentinelle.dz\\\/\",\"name\":\"La Sentinelle\",\"description\":\"Quotidien national d&#039;information\",\"publisher\":{\"@id\":\"https:\\\/\\\/lasentinelle.dz\\\/#organization\"},\"potentialAction\":[{\"@type\":\"SearchAction\",\"target\":{\"@type\":\"EntryPoint\",\"urlTemplate\":\"https:\\\/\\\/lasentinelle.dz\\\/?s={search_term_string}\"},\"query-input\":{\"@type\":\"PropertyValueSpecification\",\"valueRequired\":true,\"valueName\":\"search_term_string\"}}],\"inLanguage\":\"fr-FR\"},{\"@type\":\"Organization\",\"@id\":\"https:\\\/\\\/lasentinelle.dz\\\/#organization\",\"name\":\"Quotidien La Sentinelle\",\"url\":\"https:\\\/\\\/lasentinelle.dz\\\/\",\"logo\":{\"@type\":\"ImageObject\",\"inLanguage\":\"fr-FR\",\"@id\":\"https:\\\/\\\/lasentinelle.dz\\\/#\\\/schema\\\/logo\\\/image\\\/\",\"url\":\"https:\\\/\\\/lasentinelle.dz\\\/wp-content\\\/uploads\\\/2021\\\/09\\\/logo-sentinelleSLOGAN-1.png\",\"contentUrl\":\"https:\\\/\\\/lasentinelle.dz\\\/wp-content\\\/uploads\\\/2021\\\/09\\\/logo-sentinelleSLOGAN-1.png\",\"width\":615,\"height\":142,\"caption\":\"Quotidien La Sentinelle\"},\"image\":{\"@id\":\"https:\\\/\\\/lasentinelle.dz\\\/#\\\/schema\\\/logo\\\/image\\\/\"},\"sameAs\":[\"https:\\\/\\\/www.facebook.com\\\/La-Sentinelle-104059864394773\"]},{\"@type\":\"Person\",\"@id\":\"https:\\\/\\\/lasentinelle.dz\\\/#\\\/schema\\\/person\\\/d865044e22e70a75174ce8bcad3acfb3\",\"name\":\"La Sentinelle\",\"image\":{\"@type\":\"ImageObject\",\"inLanguage\":\"fr-FR\",\"@id\":\"https:\\\/\\\/secure.gravatar.com\\\/avatar\\\/57de8e5d4b15d43fb361a71fbb36338450fe67865b528a43dd10ef7c51a20392?s=96&d=mm&r=g\",\"url\":\"https:\\\/\\\/secure.gravatar.com\\\/avatar\\\/57de8e5d4b15d43fb361a71fbb36338450fe67865b528a43dd10ef7c51a20392?s=96&d=mm&r=g\",\"contentUrl\":\"https:\\\/\\\/secure.gravatar.com\\\/avatar\\\/57de8e5d4b15d43fb361a71fbb36338450fe67865b528a43dd10ef7c51a20392?s=96&d=mm&r=g\",\"caption\":\"La Sentinelle\"},\"sameAs\":[\"http:\\\/\\\/www.lasentinelle.dz\"],\"url\":\"https:\\\/\\\/lasentinelle.dz\\\/author\\\/redaction\\\/\"}]}<\/script>\n<!-- \/ Yoast SEO plugin. -->","yoast_head_json":{"title":"Situation au Sahel\u00a0: L\u2019Alg\u00e9rie appelle \u00e0 la conjugaison des efforts africains et onusiens - La Sentinelle","robots":{"index":"index","follow":"follow","max-snippet":"max-snippet:-1","max-image-preview":"max-image-preview:large","max-video-preview":"max-video-preview:-1"},"canonical":"https:\/\/lasentinelle.dz\/index.php\/2023\/10\/15\/situation-au-sahel-lalgerie-appelle-a-la-conjugaison-des-efforts-africains-et-onusiens\/","og_locale":"fr_FR","og_type":"article","og_title":"Situation au Sahel\u00a0: L\u2019Alg\u00e9rie appelle \u00e0 la conjugaison des efforts africains et onusiens - La Sentinelle","og_description":"L\u2019instabilit\u00e9 politique au Sahel et la r\u00e9surgence des tensions ainsi que le regain des activit\u00e9s terroristes dans la r\u00e9gion alimente","og_url":"https:\/\/lasentinelle.dz\/index.php\/2023\/10\/15\/situation-au-sahel-lalgerie-appelle-a-la-conjugaison-des-efforts-africains-et-onusiens\/","og_site_name":"La Sentinelle","article_publisher":"https:\/\/www.facebook.com\/La-Sentinelle-104059864394773","article_published_time":"2023-10-15T21:08:59+00:00","article_modified_time":"2023-10-15T21:09:04+00:00","og_image":[{"width":1501,"height":674,"url":"https:\/\/lasentinelle.dz\/wp-content\/uploads\/2023\/10\/IDRI.jpeg","type":"image\/jpeg"}],"author":"La Sentinelle","twitter_card":"summary_large_image","twitter_misc":{"\u00c9crit par":"La Sentinelle","Dur\u00e9e de lecture estim\u00e9e":"5 minutes"},"schema":{"@context":"https:\/\/schema.org","@graph":[{"@type":"Article","@id":"https:\/\/lasentinelle.dz\/index.php\/2023\/10\/15\/situation-au-sahel-lalgerie-appelle-a-la-conjugaison-des-efforts-africains-et-onusiens\/#article","isPartOf":{"@id":"https:\/\/lasentinelle.dz\/index.php\/2023\/10\/15\/situation-au-sahel-lalgerie-appelle-a-la-conjugaison-des-efforts-africains-et-onusiens\/"},"author":{"name":"La Sentinelle","@id":"https:\/\/lasentinelle.dz\/#\/schema\/person\/d865044e22e70a75174ce8bcad3acfb3"},"headline":"Situation au Sahel\u00a0: L\u2019Alg\u00e9rie appelle \u00e0 la conjugaison des efforts africains et onusiens","datePublished":"2023-10-15T21:08:59+00:00","dateModified":"2023-10-15T21:09:04+00:00","mainEntityOfPage":{"@id":"https:\/\/lasentinelle.dz\/index.php\/2023\/10\/15\/situation-au-sahel-lalgerie-appelle-a-la-conjugaison-des-efforts-africains-et-onusiens\/"},"wordCount":1160,"commentCount":0,"publisher":{"@id":"https:\/\/lasentinelle.dz\/#organization"},"image":{"@id":"https:\/\/lasentinelle.dz\/index.php\/2023\/10\/15\/situation-au-sahel-lalgerie-appelle-a-la-conjugaison-des-efforts-africains-et-onusiens\/#primaryimage"},"thumbnailUrl":"https:\/\/lasentinelle.dz\/wp-content\/uploads\/2023\/10\/IDRI.jpeg","articleSection":["\u00c0 la Une","Actualit\u00e9"],"inLanguage":"fr-FR","potentialAction":[{"@type":"CommentAction","name":"Comment","target":["https:\/\/lasentinelle.dz\/index.php\/2023\/10\/15\/situation-au-sahel-lalgerie-appelle-a-la-conjugaison-des-efforts-africains-et-onusiens\/#respond"]}]},{"@type":"WebPage","@id":"https:\/\/lasentinelle.dz\/index.php\/2023\/10\/15\/situation-au-sahel-lalgerie-appelle-a-la-conjugaison-des-efforts-africains-et-onusiens\/","url":"https:\/\/lasentinelle.dz\/index.php\/2023\/10\/15\/situation-au-sahel-lalgerie-appelle-a-la-conjugaison-des-efforts-africains-et-onusiens\/","name":"Situation au Sahel\u00a0: L\u2019Alg\u00e9rie appelle \u00e0 la conjugaison des efforts africains et onusiens - La Sentinelle","isPartOf":{"@id":"https:\/\/lasentinelle.dz\/#website"},"primaryImageOfPage":{"@id":"https:\/\/lasentinelle.dz\/index.php\/2023\/10\/15\/situation-au-sahel-lalgerie-appelle-a-la-conjugaison-des-efforts-africains-et-onusiens\/#primaryimage"},"image":{"@id":"https:\/\/lasentinelle.dz\/index.php\/2023\/10\/15\/situation-au-sahel-lalgerie-appelle-a-la-conjugaison-des-efforts-africains-et-onusiens\/#primaryimage"},"thumbnailUrl":"https:\/\/lasentinelle.dz\/wp-content\/uploads\/2023\/10\/IDRI.jpeg","datePublished":"2023-10-15T21:08:59+00:00","dateModified":"2023-10-15T21:09:04+00:00","breadcrumb":{"@id":"https:\/\/lasentinelle.dz\/index.php\/2023\/10\/15\/situation-au-sahel-lalgerie-appelle-a-la-conjugaison-des-efforts-africains-et-onusiens\/#breadcrumb"},"inLanguage":"fr-FR","potentialAction":[{"@type":"ReadAction","target":["https:\/\/lasentinelle.dz\/index.php\/2023\/10\/15\/situation-au-sahel-lalgerie-appelle-a-la-conjugaison-des-efforts-africains-et-onusiens\/"]}]},{"@type":"ImageObject","inLanguage":"fr-FR","@id":"https:\/\/lasentinelle.dz\/index.php\/2023\/10\/15\/situation-au-sahel-lalgerie-appelle-a-la-conjugaison-des-efforts-africains-et-onusiens\/#primaryimage","url":"https:\/\/lasentinelle.dz\/wp-content\/uploads\/2023\/10\/IDRI.jpeg","contentUrl":"https:\/\/lasentinelle.dz\/wp-content\/uploads\/2023\/10\/IDRI.jpeg","width":1501,"height":674},{"@type":"BreadcrumbList","@id":"https:\/\/lasentinelle.dz\/index.php\/2023\/10\/15\/situation-au-sahel-lalgerie-appelle-a-la-conjugaison-des-efforts-africains-et-onusiens\/#breadcrumb","itemListElement":[{"@type":"ListItem","position":1,"name":"Accueil","item":"https:\/\/lasentinelle.dz\/"},{"@type":"ListItem","position":2,"name":"Situation au Sahel\u00a0: L\u2019Alg\u00e9rie appelle \u00e0 la conjugaison des efforts africains et onusiens"}]},{"@type":"WebSite","@id":"https:\/\/lasentinelle.dz\/#website","url":"https:\/\/lasentinelle.dz\/","name":"La Sentinelle","description":"Quotidien national d&#039;information","publisher":{"@id":"https:\/\/lasentinelle.dz\/#organization"},"potentialAction":[{"@type":"SearchAction","target":{"@type":"EntryPoint","urlTemplate":"https:\/\/lasentinelle.dz\/?s={search_term_string}"},"query-input":{"@type":"PropertyValueSpecification","valueRequired":true,"valueName":"search_term_string"}}],"inLanguage":"fr-FR"},{"@type":"Organization","@id":"https:\/\/lasentinelle.dz\/#organization","name":"Quotidien La Sentinelle","url":"https:\/\/lasentinelle.dz\/","logo":{"@type":"ImageObject","inLanguage":"fr-FR","@id":"https:\/\/lasentinelle.dz\/#\/schema\/logo\/image\/","url":"https:\/\/lasentinelle.dz\/wp-content\/uploads\/2021\/09\/logo-sentinelleSLOGAN-1.png","contentUrl":"https:\/\/lasentinelle.dz\/wp-content\/uploads\/2021\/09\/logo-sentinelleSLOGAN-1.png","width":615,"height":142,"caption":"Quotidien La Sentinelle"},"image":{"@id":"https:\/\/lasentinelle.dz\/#\/schema\/logo\/image\/"},"sameAs":["https:\/\/www.facebook.com\/La-Sentinelle-104059864394773"]},{"@type":"Person","@id":"https:\/\/lasentinelle.dz\/#\/schema\/person\/d865044e22e70a75174ce8bcad3acfb3","name":"La Sentinelle","image":{"@type":"ImageObject","inLanguage":"fr-FR","@id":"https:\/\/secure.gravatar.com\/avatar\/57de8e5d4b15d43fb361a71fbb36338450fe67865b528a43dd10ef7c51a20392?s=96&d=mm&r=g","url":"https:\/\/secure.gravatar.com\/avatar\/57de8e5d4b15d43fb361a71fbb36338450fe67865b528a43dd10ef7c51a20392?s=96&d=mm&r=g","contentUrl":"https:\/\/secure.gravatar.com\/avatar\/57de8e5d4b15d43fb361a71fbb36338450fe67865b528a43dd10ef7c51a20392?s=96&d=mm&r=g","caption":"La Sentinelle"},"sameAs":["http:\/\/www.lasentinelle.dz"],"url":"https:\/\/lasentinelle.dz\/author\/redaction\/"}]}},"_links":{"self":[{"href":"https:\/\/lasentinelle.dz\/index.php\/wp-json\/wp\/v2\/posts\/46329","targetHints":{"allow":["GET"]}}],"collection":[{"href":"https:\/\/lasentinelle.dz\/index.php\/wp-json\/wp\/v2\/posts"}],"about":[{"href":"https:\/\/lasentinelle.dz\/index.php\/wp-json\/wp\/v2\/types\/post"}],"author":[{"embeddable":true,"href":"https:\/\/lasentinelle.dz\/index.php\/wp-json\/wp\/v2\/users\/3"}],"replies":[{"embeddable":true,"href":"https:\/\/lasentinelle.dz\/index.php\/wp-json\/wp\/v2\/comments?post=46329"}],"version-history":[{"count":1,"href":"https:\/\/lasentinelle.dz\/index.php\/wp-json\/wp\/v2\/posts\/46329\/revisions"}],"predecessor-version":[{"id":46331,"href":"https:\/\/lasentinelle.dz\/index.php\/wp-json\/wp\/v2\/posts\/46329\/revisions\/46331"}],"wp:featuredmedia":[{"embeddable":true,"href":"https:\/\/lasentinelle.dz\/index.php\/wp-json\/wp\/v2\/media\/46330"}],"wp:attachment":[{"href":"https:\/\/lasentinelle.dz\/index.php\/wp-json\/wp\/v2\/media?parent=46329"}],"wp:term":[{"taxonomy":"category","embeddable":true,"href":"https:\/\/lasentinelle.dz\/index.php\/wp-json\/wp\/v2\/categories?post=46329"},{"taxonomy":"post_tag","embeddable":true,"href":"https:\/\/lasentinelle.dz\/index.php\/wp-json\/wp\/v2\/tags?post=46329"}],"curies":[{"name":"wp","href":"https:\/\/api.w.org\/{rel}","templated":true}]}}