{"id":46335,"date":"2023-10-15T22:11:32","date_gmt":"2023-10-15T21:11:32","guid":{"rendered":"https:\/\/lasentinelle.dz\/?p=46335"},"modified":"2023-10-15T22:11:36","modified_gmt":"2023-10-15T21:11:36","slug":"premier-ministere-une-equipe-speciale-pour-suivre-les-propositions-des-deputes","status":"publish","type":"post","link":"https:\/\/lasentinelle.dz\/index.php\/2023\/10\/15\/premier-ministere-une-equipe-speciale-pour-suivre-les-propositions-des-deputes\/","title":{"rendered":"Premier minist\u00e8re\u00a0: Une \u00e9quipe sp\u00e9ciale pour suivre les propositions des d\u00e9put\u00e9s"},"content":{"rendered":"\n<p>Le Premier ministre, A\u00efmene Benabderrahmane, a annonc\u00e9, samedi soir, l&rsquo;installation d&rsquo;une \u00e9quipe sp\u00e9ciale au niveau des Services du Premier ministre, charg\u00e9e<\/p>\n\n\n\n<p>\u00ab\u00a0charg\u00e9e de suivre les interventions des membres de l&rsquo;APN concernant la D\u00e9claration de politique g\u00e9n\u00e9rale du Gouvernement et lui soumettre les rapports exhaustifs y aff\u00e9rents pour permettre au Gouvernement d&rsquo;appliquer le contenu des propositions et de corriger les points objet de consensus\u00a0\u00bb. Lors d\u2019une s\u00e9ance pl\u00e9ni\u00e8re d\u00e9di\u00e9e aux r\u00e9ponses du Premier ministre aux pr\u00e9occupations des d\u00e9put\u00e9s dans le cadre des d\u00e9bats sur la D\u00e9claration de politique g\u00e9n\u00e9rale, Benabderrahmane s\u2019est aussi attard\u00e9 sur celles concernant la relation entre les pouvoirs ex\u00e9cutif et l\u00e9gislatif, en particulier en ce qui concerne le renforcement de la communication entre eux et les membres du Gouvernement, et a r\u00e9affirm\u00e9 l&rsquo;int\u00e9r\u00eat accord\u00e9 par le Gouvernement \u00e0 ce volet, et ce \u00ab\u00a0suivant une strat\u00e9gie claire que nous mettons en \u0153uvre depuis plus de deux ans afin de renforcer l&rsquo;interaction avec les m\u00e9canismes de contr\u00f4le parlementaire et le strict respect des dispositions constitutionnelles pertinentes, outre la contribution \u00e0 l&rsquo;am\u00e9lioration du fonctionnement de ces m\u00e9canismes\u00a0\u00bb. &nbsp;\u00ab\u00a0L&rsquo;objectif principal est de passer d&rsquo;une approche de justification de l&rsquo;\u00e9tat des choses qui pr\u00e9valait auparavant, \u00e0 une approche d&rsquo;une prise en charge efficace et rapide des pr\u00e9occupations et des demandes des citoyens\u00a0\u00bb, a-t-il ajout\u00e9. Pour concr\u00e9tiser cette d\u00e9marche, une plateforme num\u00e9rique sera cr\u00e9\u00e9e au niveau du minist\u00e8re des Relations avec le Parlement, laquelle reliera tous les d\u00e9partements minist\u00e9riels et le cabinet du Premier ministre, \u00e0 m\u00eame de garantir la modernisation et l&rsquo;efficacit\u00e9 requises dans la gestion de ce dossier\u00a0\u00bb, a expliqu\u00e9 M. Benabderrahmane. En ce qui concerne les r\u00e9ponses aux questions orales, le Premier ministre a r\u00e9affirm\u00e9 la \u00ab\u00a0pleine disponibilit\u00e9 du Gouvernement \u00e0 mettre en \u0153uvre toute mesure jug\u00e9e appropri\u00e9e par l&rsquo;Assembl\u00e9e populaire nationale afin d&rsquo;am\u00e9liorer le fonctionnement de ce m\u00e9canisme et de garantir le respect des d\u00e9lais constitutionnels de r\u00e9ponse, m\u00eame si cela implique la pr\u00e9sence, le jeudi, de tous les membres du Gouvernement au Parlement\u00a0\u00bb.<\/p>\n\n\n\n<p>R.N.<\/p>\n","protected":false},"excerpt":{"rendered":"<p>Le Premier ministre, A\u00efmene Benabderrahmane, a annonc\u00e9, samedi soir, l&rsquo;installation d&rsquo;une \u00e9quipe sp\u00e9ciale au niveau des Services du Premier ministre,<\/p>\n","protected":false},"author":3,"featured_media":24959,"comment_status":"open","ping_status":"closed","sticky":false,"template":"","format":"standard","meta":{"colormag_page_container_layout":"default_layout","colormag_page_sidebar_layout":"default_layout","om_disable_all_campaigns":false,"_monsterinsights_skip_tracking":false,"_monsterinsights_sitenote_active":false,"_monsterinsights_sitenote_note":"","_monsterinsights_sitenote_category":0,"footnotes":"","_wpscppro_dont_share_socialmedia":false,"_wpscppro_custom_social_share_image":0,"_facebook_share_type":"","_twitter_share_type":"","_linkedin_share_type":"","_pinterest_share_type":"","_linkedin_share_type_page":"","_instagram_share_type":"","_medium_share_type":"","_threads_share_type":"","_google_business_share_type":"","_selected_social_profile":[],"_wpsp_enable_custom_social_template":false,"_wpsp_social_scheduling":{"enabled":false,"datetime":null,"platforms":[],"status":"template_only","dateOption":"today","timeOption":"now","customDays":"","customHours":"","customDate":"","customTime":"","schedulingType":"absolute"},"_wpsp_active_default_template":true},"categories":[27],"tags":[],"class_list":["post-46335","post","type-post","status-publish","format-standard","has-post-thumbnail","hentry","category-actualite"],"aioseo_notices":[],"yoast_head":"<!-- This site is optimized with the Yoast SEO plugin v27.5 - https:\/\/yoast.com\/product\/yoast-seo-wordpress\/ -->\n<title>Premier minist\u00e8re\u00a0: Une \u00e9quipe sp\u00e9ciale pour suivre les propositions des d\u00e9put\u00e9s - La Sentinelle<\/title>\n<meta name=\"robots\" content=\"index, follow, max-snippet:-1, max-image-preview:large, max-video-preview:-1\" \/>\n<link rel=\"canonical\" href=\"https:\/\/lasentinelle.dz\/index.php\/2023\/10\/15\/premier-ministere-une-equipe-speciale-pour-suivre-les-propositions-des-deputes\/\" \/>\n<meta property=\"og:locale\" content=\"fr_FR\" \/>\n<meta property=\"og:type\" content=\"article\" \/>\n<meta property=\"og:title\" content=\"Premier minist\u00e8re\u00a0: Une \u00e9quipe sp\u00e9ciale pour suivre les propositions des d\u00e9put\u00e9s - La Sentinelle\" \/>\n<meta property=\"og:description\" content=\"Le Premier ministre, A\u00efmene Benabderrahmane, a annonc\u00e9, samedi soir, l&rsquo;installation d&rsquo;une \u00e9quipe sp\u00e9ciale au niveau des Services du Premier ministre,\" \/>\n<meta property=\"og:url\" content=\"https:\/\/lasentinelle.dz\/index.php\/2023\/10\/15\/premier-ministere-une-equipe-speciale-pour-suivre-les-propositions-des-deputes\/\" \/>\n<meta property=\"og:site_name\" content=\"La Sentinelle\" \/>\n<meta property=\"article:publisher\" content=\"https:\/\/www.facebook.com\/La-Sentinelle-104059864394773\" \/>\n<meta property=\"article:published_time\" content=\"2023-10-15T21:11:32+00:00\" \/>\n<meta property=\"article:modified_time\" content=\"2023-10-15T21:11:36+00:00\" \/>\n<meta property=\"og:image\" content=\"https:\/\/lasentinelle.dz\/wp-content\/uploads\/2022\/07\/palais-du-gouvernement.png\" \/>\n\t<meta property=\"og:image:width\" content=\"1352\" \/>\n\t<meta property=\"og:image:height\" content=\"900\" \/>\n\t<meta property=\"og:image:type\" content=\"image\/png\" \/>\n<meta name=\"author\" content=\"La Sentinelle\" \/>\n<meta name=\"twitter:card\" content=\"summary_large_image\" \/>\n<meta name=\"twitter:label1\" content=\"\u00c9crit par\" \/>\n\t<meta name=\"twitter:data1\" content=\"La Sentinelle\" \/>\n\t<meta name=\"twitter:label2\" content=\"Dur\u00e9e de lecture estim\u00e9e\" \/>\n\t<meta name=\"twitter:data2\" content=\"2 minutes\" \/>\n<script type=\"application\/ld+json\" class=\"yoast-schema-graph\">{\"@context\":\"https:\\\/\\\/schema.org\",\"@graph\":[{\"@type\":\"Article\",\"@id\":\"https:\\\/\\\/lasentinelle.dz\\\/index.php\\\/2023\\\/10\\\/15\\\/premier-ministere-une-equipe-speciale-pour-suivre-les-propositions-des-deputes\\\/#article\",\"isPartOf\":{\"@id\":\"https:\\\/\\\/lasentinelle.dz\\\/index.php\\\/2023\\\/10\\\/15\\\/premier-ministere-une-equipe-speciale-pour-suivre-les-propositions-des-deputes\\\/\"},\"author\":{\"name\":\"La Sentinelle\",\"@id\":\"https:\\\/\\\/lasentinelle.dz\\\/#\\\/schema\\\/person\\\/d865044e22e70a75174ce8bcad3acfb3\"},\"headline\":\"Premier minist\u00e8re\u00a0: Une \u00e9quipe sp\u00e9ciale pour suivre les propositions des d\u00e9put\u00e9s\",\"datePublished\":\"2023-10-15T21:11:32+00:00\",\"dateModified\":\"2023-10-15T21:11:36+00:00\",\"mainEntityOfPage\":{\"@id\":\"https:\\\/\\\/lasentinelle.dz\\\/index.php\\\/2023\\\/10\\\/15\\\/premier-ministere-une-equipe-speciale-pour-suivre-les-propositions-des-deputes\\\/\"},\"wordCount\":405,\"commentCount\":0,\"publisher\":{\"@id\":\"https:\\\/\\\/lasentinelle.dz\\\/#organization\"},\"image\":{\"@id\":\"https:\\\/\\\/lasentinelle.dz\\\/index.php\\\/2023\\\/10\\\/15\\\/premier-ministere-une-equipe-speciale-pour-suivre-les-propositions-des-deputes\\\/#primaryimage\"},\"thumbnailUrl\":\"https:\\\/\\\/lasentinelle.dz\\\/wp-content\\\/uploads\\\/2022\\\/07\\\/palais-du-gouvernement.png\",\"articleSection\":[\"Actualit\u00e9\"],\"inLanguage\":\"fr-FR\",\"potentialAction\":[{\"@type\":\"CommentAction\",\"name\":\"Comment\",\"target\":[\"https:\\\/\\\/lasentinelle.dz\\\/index.php\\\/2023\\\/10\\\/15\\\/premier-ministere-une-equipe-speciale-pour-suivre-les-propositions-des-deputes\\\/#respond\"]}]},{\"@type\":\"WebPage\",\"@id\":\"https:\\\/\\\/lasentinelle.dz\\\/index.php\\\/2023\\\/10\\\/15\\\/premier-ministere-une-equipe-speciale-pour-suivre-les-propositions-des-deputes\\\/\",\"url\":\"https:\\\/\\\/lasentinelle.dz\\\/index.php\\\/2023\\\/10\\\/15\\\/premier-ministere-une-equipe-speciale-pour-suivre-les-propositions-des-deputes\\\/\",\"name\":\"Premier minist\u00e8re\u00a0: Une \u00e9quipe sp\u00e9ciale pour suivre les propositions des d\u00e9put\u00e9s - La Sentinelle\",\"isPartOf\":{\"@id\":\"https:\\\/\\\/lasentinelle.dz\\\/#website\"},\"primaryImageOfPage\":{\"@id\":\"https:\\\/\\\/lasentinelle.dz\\\/index.php\\\/2023\\\/10\\\/15\\\/premier-ministere-une-equipe-speciale-pour-suivre-les-propositions-des-deputes\\\/#primaryimage\"},\"image\":{\"@id\":\"https:\\\/\\\/lasentinelle.dz\\\/index.php\\\/2023\\\/10\\\/15\\\/premier-ministere-une-equipe-speciale-pour-suivre-les-propositions-des-deputes\\\/#primaryimage\"},\"thumbnailUrl\":\"https:\\\/\\\/lasentinelle.dz\\\/wp-content\\\/uploads\\\/2022\\\/07\\\/palais-du-gouvernement.png\",\"datePublished\":\"2023-10-15T21:11:32+00:00\",\"dateModified\":\"2023-10-15T21:11:36+00:00\",\"breadcrumb\":{\"@id\":\"https:\\\/\\\/lasentinelle.dz\\\/index.php\\\/2023\\\/10\\\/15\\\/premier-ministere-une-equipe-speciale-pour-suivre-les-propositions-des-deputes\\\/#breadcrumb\"},\"inLanguage\":\"fr-FR\",\"potentialAction\":[{\"@type\":\"ReadAction\",\"target\":[\"https:\\\/\\\/lasentinelle.dz\\\/index.php\\\/2023\\\/10\\\/15\\\/premier-ministere-une-equipe-speciale-pour-suivre-les-propositions-des-deputes\\\/\"]}]},{\"@type\":\"ImageObject\",\"inLanguage\":\"fr-FR\",\"@id\":\"https:\\\/\\\/lasentinelle.dz\\\/index.php\\\/2023\\\/10\\\/15\\\/premier-ministere-une-equipe-speciale-pour-suivre-les-propositions-des-deputes\\\/#primaryimage\",\"url\":\"https:\\\/\\\/lasentinelle.dz\\\/wp-content\\\/uploads\\\/2022\\\/07\\\/palais-du-gouvernement.png\",\"contentUrl\":\"https:\\\/\\\/lasentinelle.dz\\\/wp-content\\\/uploads\\\/2022\\\/07\\\/palais-du-gouvernement.png\",\"width\":1352,\"height\":900},{\"@type\":\"BreadcrumbList\",\"@id\":\"https:\\\/\\\/lasentinelle.dz\\\/index.php\\\/2023\\\/10\\\/15\\\/premier-ministere-une-equipe-speciale-pour-suivre-les-propositions-des-deputes\\\/#breadcrumb\",\"itemListElement\":[{\"@type\":\"ListItem\",\"position\":1,\"name\":\"Accueil\",\"item\":\"https:\\\/\\\/lasentinelle.dz\\\/\"},{\"@type\":\"ListItem\",\"position\":2,\"name\":\"Premier minist\u00e8re\u00a0: Une \u00e9quipe sp\u00e9ciale pour suivre les propositions des d\u00e9put\u00e9s\"}]},{\"@type\":\"WebSite\",\"@id\":\"https:\\\/\\\/lasentinelle.dz\\\/#website\",\"url\":\"https:\\\/\\\/lasentinelle.dz\\\/\",\"name\":\"La Sentinelle\",\"description\":\"Quotidien national d&#039;information\",\"publisher\":{\"@id\":\"https:\\\/\\\/lasentinelle.dz\\\/#organization\"},\"potentialAction\":[{\"@type\":\"SearchAction\",\"target\":{\"@type\":\"EntryPoint\",\"urlTemplate\":\"https:\\\/\\\/lasentinelle.dz\\\/?s={search_term_string}\"},\"query-input\":{\"@type\":\"PropertyValueSpecification\",\"valueRequired\":true,\"valueName\":\"search_term_string\"}}],\"inLanguage\":\"fr-FR\"},{\"@type\":\"Organization\",\"@id\":\"https:\\\/\\\/lasentinelle.dz\\\/#organization\",\"name\":\"Quotidien La Sentinelle\",\"url\":\"https:\\\/\\\/lasentinelle.dz\\\/\",\"logo\":{\"@type\":\"ImageObject\",\"inLanguage\":\"fr-FR\",\"@id\":\"https:\\\/\\\/lasentinelle.dz\\\/#\\\/schema\\\/logo\\\/image\\\/\",\"url\":\"https:\\\/\\\/lasentinelle.dz\\\/wp-content\\\/uploads\\\/2021\\\/09\\\/logo-sentinelleSLOGAN-1.png\",\"contentUrl\":\"https:\\\/\\\/lasentinelle.dz\\\/wp-content\\\/uploads\\\/2021\\\/09\\\/logo-sentinelleSLOGAN-1.png\",\"width\":615,\"height\":142,\"caption\":\"Quotidien La Sentinelle\"},\"image\":{\"@id\":\"https:\\\/\\\/lasentinelle.dz\\\/#\\\/schema\\\/logo\\\/image\\\/\"},\"sameAs\":[\"https:\\\/\\\/www.facebook.com\\\/La-Sentinelle-104059864394773\"]},{\"@type\":\"Person\",\"@id\":\"https:\\\/\\\/lasentinelle.dz\\\/#\\\/schema\\\/person\\\/d865044e22e70a75174ce8bcad3acfb3\",\"name\":\"La Sentinelle\",\"image\":{\"@type\":\"ImageObject\",\"inLanguage\":\"fr-FR\",\"@id\":\"https:\\\/\\\/secure.gravatar.com\\\/avatar\\\/57de8e5d4b15d43fb361a71fbb36338450fe67865b528a43dd10ef7c51a20392?s=96&d=mm&r=g\",\"url\":\"https:\\\/\\\/secure.gravatar.com\\\/avatar\\\/57de8e5d4b15d43fb361a71fbb36338450fe67865b528a43dd10ef7c51a20392?s=96&d=mm&r=g\",\"contentUrl\":\"https:\\\/\\\/secure.gravatar.com\\\/avatar\\\/57de8e5d4b15d43fb361a71fbb36338450fe67865b528a43dd10ef7c51a20392?s=96&d=mm&r=g\",\"caption\":\"La Sentinelle\"},\"sameAs\":[\"http:\\\/\\\/www.lasentinelle.dz\"],\"url\":\"https:\\\/\\\/lasentinelle.dz\\\/author\\\/redaction\\\/\"}]}<\/script>\n<!-- \/ Yoast SEO plugin. -->","yoast_head_json":{"title":"Premier minist\u00e8re\u00a0: Une \u00e9quipe sp\u00e9ciale pour suivre les propositions des d\u00e9put\u00e9s - La Sentinelle","robots":{"index":"index","follow":"follow","max-snippet":"max-snippet:-1","max-image-preview":"max-image-preview:large","max-video-preview":"max-video-preview:-1"},"canonical":"https:\/\/lasentinelle.dz\/index.php\/2023\/10\/15\/premier-ministere-une-equipe-speciale-pour-suivre-les-propositions-des-deputes\/","og_locale":"fr_FR","og_type":"article","og_title":"Premier minist\u00e8re\u00a0: Une \u00e9quipe sp\u00e9ciale pour suivre les propositions des d\u00e9put\u00e9s - La Sentinelle","og_description":"Le Premier ministre, A\u00efmene Benabderrahmane, a annonc\u00e9, samedi soir, l&rsquo;installation d&rsquo;une \u00e9quipe sp\u00e9ciale au niveau des Services du Premier ministre,","og_url":"https:\/\/lasentinelle.dz\/index.php\/2023\/10\/15\/premier-ministere-une-equipe-speciale-pour-suivre-les-propositions-des-deputes\/","og_site_name":"La Sentinelle","article_publisher":"https:\/\/www.facebook.com\/La-Sentinelle-104059864394773","article_published_time":"2023-10-15T21:11:32+00:00","article_modified_time":"2023-10-15T21:11:36+00:00","og_image":[{"width":1352,"height":900,"url":"https:\/\/lasentinelle.dz\/wp-content\/uploads\/2022\/07\/palais-du-gouvernement.png","type":"image\/png"}],"author":"La Sentinelle","twitter_card":"summary_large_image","twitter_misc":{"\u00c9crit par":"La Sentinelle","Dur\u00e9e de lecture estim\u00e9e":"2 minutes"},"schema":{"@context":"https:\/\/schema.org","@graph":[{"@type":"Article","@id":"https:\/\/lasentinelle.dz\/index.php\/2023\/10\/15\/premier-ministere-une-equipe-speciale-pour-suivre-les-propositions-des-deputes\/#article","isPartOf":{"@id":"https:\/\/lasentinelle.dz\/index.php\/2023\/10\/15\/premier-ministere-une-equipe-speciale-pour-suivre-les-propositions-des-deputes\/"},"author":{"name":"La Sentinelle","@id":"https:\/\/lasentinelle.dz\/#\/schema\/person\/d865044e22e70a75174ce8bcad3acfb3"},"headline":"Premier minist\u00e8re\u00a0: Une \u00e9quipe sp\u00e9ciale pour suivre les propositions des d\u00e9put\u00e9s","datePublished":"2023-10-15T21:11:32+00:00","dateModified":"2023-10-15T21:11:36+00:00","mainEntityOfPage":{"@id":"https:\/\/lasentinelle.dz\/index.php\/2023\/10\/15\/premier-ministere-une-equipe-speciale-pour-suivre-les-propositions-des-deputes\/"},"wordCount":405,"commentCount":0,"publisher":{"@id":"https:\/\/lasentinelle.dz\/#organization"},"image":{"@id":"https:\/\/lasentinelle.dz\/index.php\/2023\/10\/15\/premier-ministere-une-equipe-speciale-pour-suivre-les-propositions-des-deputes\/#primaryimage"},"thumbnailUrl":"https:\/\/lasentinelle.dz\/wp-content\/uploads\/2022\/07\/palais-du-gouvernement.png","articleSection":["Actualit\u00e9"],"inLanguage":"fr-FR","potentialAction":[{"@type":"CommentAction","name":"Comment","target":["https:\/\/lasentinelle.dz\/index.php\/2023\/10\/15\/premier-ministere-une-equipe-speciale-pour-suivre-les-propositions-des-deputes\/#respond"]}]},{"@type":"WebPage","@id":"https:\/\/lasentinelle.dz\/index.php\/2023\/10\/15\/premier-ministere-une-equipe-speciale-pour-suivre-les-propositions-des-deputes\/","url":"https:\/\/lasentinelle.dz\/index.php\/2023\/10\/15\/premier-ministere-une-equipe-speciale-pour-suivre-les-propositions-des-deputes\/","name":"Premier minist\u00e8re\u00a0: Une \u00e9quipe sp\u00e9ciale pour suivre les propositions des d\u00e9put\u00e9s - La Sentinelle","isPartOf":{"@id":"https:\/\/lasentinelle.dz\/#website"},"primaryImageOfPage":{"@id":"https:\/\/lasentinelle.dz\/index.php\/2023\/10\/15\/premier-ministere-une-equipe-speciale-pour-suivre-les-propositions-des-deputes\/#primaryimage"},"image":{"@id":"https:\/\/lasentinelle.dz\/index.php\/2023\/10\/15\/premier-ministere-une-equipe-speciale-pour-suivre-les-propositions-des-deputes\/#primaryimage"},"thumbnailUrl":"https:\/\/lasentinelle.dz\/wp-content\/uploads\/2022\/07\/palais-du-gouvernement.png","datePublished":"2023-10-15T21:11:32+00:00","dateModified":"2023-10-15T21:11:36+00:00","breadcrumb":{"@id":"https:\/\/lasentinelle.dz\/index.php\/2023\/10\/15\/premier-ministere-une-equipe-speciale-pour-suivre-les-propositions-des-deputes\/#breadcrumb"},"inLanguage":"fr-FR","potentialAction":[{"@type":"ReadAction","target":["https:\/\/lasentinelle.dz\/index.php\/2023\/10\/15\/premier-ministere-une-equipe-speciale-pour-suivre-les-propositions-des-deputes\/"]}]},{"@type":"ImageObject","inLanguage":"fr-FR","@id":"https:\/\/lasentinelle.dz\/index.php\/2023\/10\/15\/premier-ministere-une-equipe-speciale-pour-suivre-les-propositions-des-deputes\/#primaryimage","url":"https:\/\/lasentinelle.dz\/wp-content\/uploads\/2022\/07\/palais-du-gouvernement.png","contentUrl":"https:\/\/lasentinelle.dz\/wp-content\/uploads\/2022\/07\/palais-du-gouvernement.png","width":1352,"height":900},{"@type":"BreadcrumbList","@id":"https:\/\/lasentinelle.dz\/index.php\/2023\/10\/15\/premier-ministere-une-equipe-speciale-pour-suivre-les-propositions-des-deputes\/#breadcrumb","itemListElement":[{"@type":"ListItem","position":1,"name":"Accueil","item":"https:\/\/lasentinelle.dz\/"},{"@type":"ListItem","position":2,"name":"Premier minist\u00e8re\u00a0: Une \u00e9quipe sp\u00e9ciale pour suivre les propositions des d\u00e9put\u00e9s"}]},{"@type":"WebSite","@id":"https:\/\/lasentinelle.dz\/#website","url":"https:\/\/lasentinelle.dz\/","name":"La Sentinelle","description":"Quotidien national d&#039;information","publisher":{"@id":"https:\/\/lasentinelle.dz\/#organization"},"potentialAction":[{"@type":"SearchAction","target":{"@type":"EntryPoint","urlTemplate":"https:\/\/lasentinelle.dz\/?s={search_term_string}"},"query-input":{"@type":"PropertyValueSpecification","valueRequired":true,"valueName":"search_term_string"}}],"inLanguage":"fr-FR"},{"@type":"Organization","@id":"https:\/\/lasentinelle.dz\/#organization","name":"Quotidien La Sentinelle","url":"https:\/\/lasentinelle.dz\/","logo":{"@type":"ImageObject","inLanguage":"fr-FR","@id":"https:\/\/lasentinelle.dz\/#\/schema\/logo\/image\/","url":"https:\/\/lasentinelle.dz\/wp-content\/uploads\/2021\/09\/logo-sentinelleSLOGAN-1.png","contentUrl":"https:\/\/lasentinelle.dz\/wp-content\/uploads\/2021\/09\/logo-sentinelleSLOGAN-1.png","width":615,"height":142,"caption":"Quotidien La Sentinelle"},"image":{"@id":"https:\/\/lasentinelle.dz\/#\/schema\/logo\/image\/"},"sameAs":["https:\/\/www.facebook.com\/La-Sentinelle-104059864394773"]},{"@type":"Person","@id":"https:\/\/lasentinelle.dz\/#\/schema\/person\/d865044e22e70a75174ce8bcad3acfb3","name":"La Sentinelle","image":{"@type":"ImageObject","inLanguage":"fr-FR","@id":"https:\/\/secure.gravatar.com\/avatar\/57de8e5d4b15d43fb361a71fbb36338450fe67865b528a43dd10ef7c51a20392?s=96&d=mm&r=g","url":"https:\/\/secure.gravatar.com\/avatar\/57de8e5d4b15d43fb361a71fbb36338450fe67865b528a43dd10ef7c51a20392?s=96&d=mm&r=g","contentUrl":"https:\/\/secure.gravatar.com\/avatar\/57de8e5d4b15d43fb361a71fbb36338450fe67865b528a43dd10ef7c51a20392?s=96&d=mm&r=g","caption":"La Sentinelle"},"sameAs":["http:\/\/www.lasentinelle.dz"],"url":"https:\/\/lasentinelle.dz\/author\/redaction\/"}]}},"_links":{"self":[{"href":"https:\/\/lasentinelle.dz\/index.php\/wp-json\/wp\/v2\/posts\/46335","targetHints":{"allow":["GET"]}}],"collection":[{"href":"https:\/\/lasentinelle.dz\/index.php\/wp-json\/wp\/v2\/posts"}],"about":[{"href":"https:\/\/lasentinelle.dz\/index.php\/wp-json\/wp\/v2\/types\/post"}],"author":[{"embeddable":true,"href":"https:\/\/lasentinelle.dz\/index.php\/wp-json\/wp\/v2\/users\/3"}],"replies":[{"embeddable":true,"href":"https:\/\/lasentinelle.dz\/index.php\/wp-json\/wp\/v2\/comments?post=46335"}],"version-history":[{"count":1,"href":"https:\/\/lasentinelle.dz\/index.php\/wp-json\/wp\/v2\/posts\/46335\/revisions"}],"predecessor-version":[{"id":46336,"href":"https:\/\/lasentinelle.dz\/index.php\/wp-json\/wp\/v2\/posts\/46335\/revisions\/46336"}],"wp:featuredmedia":[{"embeddable":true,"href":"https:\/\/lasentinelle.dz\/index.php\/wp-json\/wp\/v2\/media\/24959"}],"wp:attachment":[{"href":"https:\/\/lasentinelle.dz\/index.php\/wp-json\/wp\/v2\/media?parent=46335"}],"wp:term":[{"taxonomy":"category","embeddable":true,"href":"https:\/\/lasentinelle.dz\/index.php\/wp-json\/wp\/v2\/categories?post=46335"},{"taxonomy":"post_tag","embeddable":true,"href":"https:\/\/lasentinelle.dz\/index.php\/wp-json\/wp\/v2\/tags?post=46335"}],"curies":[{"name":"wp","href":"https:\/\/api.w.org\/{rel}","templated":true}]}}