{"id":46337,"date":"2023-10-15T22:17:05","date_gmt":"2023-10-15T21:17:05","guid":{"rendered":"https:\/\/lasentinelle.dz\/?p=46337"},"modified":"2023-10-15T22:17:25","modified_gmt":"2023-10-15T21:17:25","slug":"fonction-publique-le-gel-sur-les-promotions-definitivement-leve","status":"publish","type":"post","link":"https:\/\/lasentinelle.dz\/index.php\/2023\/10\/15\/fonction-publique-le-gel-sur-les-promotions-definitivement-leve\/","title":{"rendered":"Fonction publique\u00a0: Le gel sur les promotions d\u00e9finitivement lev\u00e9"},"content":{"rendered":"\n<p>Le Premier ministre a annonc\u00e9 samedi soir une s\u00e9rie de mesures destin\u00e9es \u00e0 am\u00e9liorer le pouvoir d\u2019achat des m\u00e9nages qui seront introduites dans le cadre du projet de loi de Finances 2024, ainsi que la lev\u00e9e du gel sur les promotions dans la fonction publique, de m\u00eame qu\u2019il a assur\u00e9 que des mesures ont \u00e9t\u00e9 prises pour juguler l\u2019inflation et mettre fin aux perturbations de l\u2019approvisionnement du march\u00e9 avant la fin de l\u2019ann\u00e9e.<\/p>\n\n\n\n<p>Le Premier ministre, A\u00efm\u00e8ne Benabderrahmane a une nouvelle fois d\u00e9fendu, samedi soir, son bilan face \u00e0 l\u2019Assembl\u00e9e populaire nationale. Lors de la s\u00e9ance d\u00e9di\u00e9e aux r\u00e9ponses du chef de l\u2019Ex\u00e9cutif aux pr\u00e9occupations soulev\u00e9es par les d\u00e9put\u00e9s, Benabderrahmane a soulign\u00e9, une fois encore, que des progr\u00e8s significatifs ont \u00e9t\u00e9 r\u00e9alis\u00e9s, malgr\u00e9 un contexte international difficile, tout en mettant en avant de nouveaux engagements pour r\u00e9pondre \u00e0 certaines pr\u00e9occupations, notamment en ce qui concerne le pouvoir d\u2019achat des m\u00e9nages, des conditions socio-\u00e9conomiques des citoyens, ainsi que l\u2019approvisionnement du march\u00e9. Le Premier ministre a \u00e9galement annonc\u00e9 le d\u00e9gel d\u00e9finitif des promotions dans la fonction publique. Lors de ses r\u00e9ponses, Benabderrahmane a soulign\u00e9 que sur instruction du pr\u00e9sident de la R\u00e9publique il a \u00e9t\u00e9 d\u00e9cid\u00e9 de lever, de mani\u00e8re d\u00e9finitive, le gel des promotions dans la Fonction publique, ce qui permettra \u00e0 280.000 fonctionnaires remplissant les conditions d&rsquo;anciennet\u00e9, d&rsquo;en b\u00e9n\u00e9ficier. Et de pr\u00e9ciser que cette op\u00e9ration \u00e0 laquelle un budget de 29,6 milliards de dinars a \u00e9t\u00e9 allou\u00e9, se fera progressivement sur trois ans (2023, 2024, 2025), \u00e0 raison de 100.000 promotions par an. Cette d\u00e9cision vise \u00e0 rattraper le retard enregistr\u00e9 depuis 9 ans. &nbsp;Benabderrahmane a soulign\u00e9 que le retour au processus ordinaire des promotions dans la Fonction publique \u00ab\u00a0se fera \u00e0 l&rsquo;horizon 2026, en fonction des plans des ressources humaines\u00a0\u00bb.<\/p>\n\n\n\n<p>Le Premier ministre qui a \u00e9galement mis en avant les mesures pr\u00e9vues dans le cadre de la loi de finances 2024 pour augmenter le pouvoir d\u2019achat des m\u00e9nages \u00e0 travers une augmentation substantielle des transferts sociaux directs et des salaires des fonctionnaires notamment, a \u00e9galement soulign\u00e9 que de plusieurs mesures ont \u00e9t\u00e9 prises afin de juguler l\u2019inflation et a assur\u00e9 que les perturbations d&rsquo;approvisionnement du march\u00e9 en produits alimentaires de large consommation seront \u00e9limin\u00e9es \u00ab\u00a0avant la fin de l&rsquo;ann\u00e9e\u00a0\u00bb. Il a ainsi soulign\u00e9 que que des mesures ont \u00e9t\u00e9 prises sur le terrain dans le but de maitriser le r\u00e9seau de distribution des produits de large consommation qui comprend douze produits alimentaires de base, affirmant que \u00ab\u00a0les perturbations d&rsquo;approvisionnement du march\u00e9 seront \u00e9limin\u00e9es avant le 31 d\u00e9cembre\u00a0\u00bb.<\/p>\n\n\n\n<p><strong>Fin des p\u00e9nuries d\u2019ici \u00e0 la fin de l\u2019ann\u00e9e<\/strong><\/p>\n\n\n\n<p>\u00ab\u00a0L&rsquo;\u00e9laboration du projet de d\u00e9cret ex\u00e9cutif d\u00e9finissant les marges b\u00e9n\u00e9ficiaires maximales des l\u00e9gumineuses, du riz et des autres produits alimentaires de large consommation a \u00e9t\u00e9 parachev\u00e9e, l&rsquo;objectif de ce texte \u00e9tant de mettre en place les m\u00e9canismes juridiques \u00e0 m\u00eames de prot\u00e9ger le consommateur et de moraliser les pratiques commerciales en vue de maintenir l&rsquo;approvisionnement r\u00e9gulier du march\u00e9\u00a0\u00bb, a poursuivi le Premier ministre. Concernant la r\u00e9gulation et l\u2019encadrement du march\u00e9 pour assurer la stabilit\u00e9 des prix, le Premier ministre a affirm\u00e9 que la hausse des prix est \u00ab\u00a0conjoncturelle\u00a0\u00bb, saluant les efforts de l\u2019Etat dans ce sens visant \u00e0 trouver des solutions pour int\u00e9grer les commer\u00e7ants de l\u2019informel dans les march\u00e9s non exploit\u00e9s au nombre de 622 sur un total de 1502 march\u00e9s de d\u00e9tail au niveau national. Par ailleurs, pour lutter contre l\u2019inflation import\u00e9e, l\u2019une des principales raisons de l\u2019inflation en Alg\u00e9rie, la Banque d&rsquo;Alg\u00e9rie a pris une s\u00e9rie de mesures dont le taux de change nominal, \u00ab\u00a0en ce que le taux de change r\u00e9el nominal augment\u00e9 de 8,1% sur une base annuel en juillet 2023, a contribu\u00e9 \u00e0 la r\u00e9duction de l\u2019inflation import\u00e9e\u00a0\u00bb, a relev\u00e9 le Premier ministre qui a pr\u00e9cis\u00e9 que cette hausse de la valeur du dinar a \u00e9t\u00e9 r\u00e9alis\u00e9e \u00e0 la faveur de la bonne performance des principaux indicateurs \u00e9conomiques en Alg\u00e9rie notamment le solde positif continuel de la balance des paiements.<\/p>\n\n\n\n<p>Concernant le secteur agricole, notamment la fili\u00e8re des viandes rouges, le Premier ministre a expliqu\u00e9 au sujet de l&rsquo;\u00e9levage du b\u00e9tail, que les r\u00e9sultats du recensement men\u00e9, pour la premi\u00e8re fois en 2022-2023, par l&rsquo;Etat, ont montr\u00e9 une diminution de ce cheptel \u00e0 21,7 millions de t\u00eates, dont 17,3 millions de t\u00eates ovines. Afin de garantir la stabilit\u00e9 et le d\u00e9veloppement du secteur des viandes rouges, il a rappel\u00e9 les mesures prises, dont l&rsquo;ouverture de l&rsquo;importation de viande bovine et ovine avec une r\u00e9duction des droits de douane de 30% \u00e0 5% afin d\u2019assurer la disponibilit\u00e9 de ces viandes et d&rsquo;en r\u00e9guler le prix. Concernant la stabilit\u00e9 et le d\u00e9veloppement de la fili\u00e8re des viandes blanches, le Premier ministre a affirm\u00e9 que l&rsquo;Etat avait pris des mesures pour renforcer la disponibilit\u00e9 du produit en \u00ab\u00a0lan\u00e7ant un appel d&rsquo;offres pour importer une quantit\u00e9 limit\u00e9e\u00a0\u00bb de viandes blanches et d&rsquo;\u0153ufs d&rsquo;incubation, et \u00ab\u00a0avoir, ainsi, un stock strat\u00e9gique en pr\u00e9vision du prochain mois de Ramadan\u00a0\u00bb. Par ailleurs, le Premier ministre a rappel\u00e9 les mesures exceptionnelles prises par le Pr\u00e9sident de la R\u00e9publique pour indemniser les agriculteurs touch\u00e9s par les effets de la s\u00e9cheresse et des changements climatiques enregistr\u00e9s dans certaines wilayas en mai dernier \u00ab\u00a0Par solidarit\u00e9 avec les agriculteurs afin de pr\u00e9server leurs revenus et d&rsquo;\u00e9viter une d\u00e9t\u00e9rioration de leurs conditions sociales qui pourrait entraver le succ\u00e8s du lancement de la saison agricole 2023-2024, le Gouvernement a pris des mesures concr\u00e8tes pour recenser les personnes touch\u00e9es, et les r\u00e9sultats pr\u00e9liminaires ont permis de recenser 90.000 agriculteurs dans 34 wilayas, avec une superficie sinistr\u00e9e estim\u00e9e \u00e0 1,2 million d&rsquo;hectares et un d\u00e9ficit hydrique de 90% dans la plupart des wilayas du nord du pays, a poursuivi le Premier ministre.<\/p>\n\n\n\n<p>Concernant le secteur de l&rsquo;Education nationale, Benabderrahmane a indiqu\u00e9 que les statuts des fonctionnaires relevant des corps du secteur seront rendus publics avant la fin de l&rsquo;ann\u00e9e, conform\u00e9ment \u00e0 la directive du pr\u00e9sident de la R\u00e9publique donn\u00e9e lors de la r\u00e9union du Conseil des ministres du 12 septembre dernier. Pour ce qui est du secteur de la Sant\u00e9, Benabderrahmane a entre autres \u00e9voqu\u00e9 les mesures adopt\u00e9es dans le but de garantir la disponibilit\u00e9 des m\u00e9dicaments \u00e0 l&rsquo;\u00e9chelle nationale \u00e0 l&rsquo;instar des anesth\u00e9siques et de certains m\u00e9dicaments destin\u00e9s au traitement du cancer, affirmant que \u00ab\u00a0de nombreuses proc\u00e9dures imm\u00e9diates ont \u00e9t\u00e9 mises en place afin d&rsquo;en assurer leur disponibilit\u00e9, pour ne citer que l&rsquo;acc\u00e9l\u00e9ration des proc\u00e9dures douani\u00e8res afin de permettre l&rsquo;acquisition de grandes quantit\u00e9s de ces m\u00e9dicaments dont une partie a \u00e9t\u00e9 r\u00e9ceptionn\u00e9e fin septembre dernier tandis que les quantit\u00e9s restantes arriveront en octobre\u00a0\u00bb. Evoquant la p\u00e9nurie s\u00e9v\u00e8re de certains m\u00e9dicaments, le Premier ministre l\u2019a imput\u00e9e \u00e0 \u00ab\u00a0la r\u00e9action de certains laboratoires \u00e9trangers qui n&rsquo;ont pas appr\u00e9ci\u00e9 les mesures de r\u00e9gulation du march\u00e9 prises par l&rsquo;Etat favorisant le produit national\u00a0\u00bb, faisant savoir que des \u00ab\u00a0instructions fermes ont \u00e9t\u00e9 donn\u00e9es, \u00e0 cet effet, pour assurer un stock strat\u00e9gique permanent de m\u00e9dicaments au niveau de la Pharmacie centrale des h\u00f4pitaux et activer les m\u00e9canismes mis en place pour \u00e9viter les p\u00e9nuries\u00a0\u00bb.<\/p>\n\n\n\n<p><strong>Samir Benisid<\/strong><\/p>\n","protected":false},"excerpt":{"rendered":"<p>Le Premier ministre a annonc\u00e9 samedi soir une s\u00e9rie de mesures destin\u00e9es \u00e0 am\u00e9liorer le pouvoir d\u2019achat des m\u00e9nages qui<\/p>\n","protected":false},"author":3,"featured_media":46229,"comment_status":"open","ping_status":"closed","sticky":false,"template":"","format":"standard","meta":{"colormag_page_container_layout":"default_layout","colormag_page_sidebar_layout":"default_layout","om_disable_all_campaigns":false,"_monsterinsights_skip_tracking":false,"_monsterinsights_sitenote_active":false,"_monsterinsights_sitenote_note":"","_monsterinsights_sitenote_category":0,"footnotes":"","_wpscppro_dont_share_socialmedia":false,"_wpscppro_custom_social_share_image":0,"_facebook_share_type":"","_twitter_share_type":"","_linkedin_share_type":"","_pinterest_share_type":"","_linkedin_share_type_page":"","_instagram_share_type":"","_medium_share_type":"","_threads_share_type":"","_google_business_share_type":"","_selected_social_profile":[],"_wpsp_enable_custom_social_template":false,"_wpsp_social_scheduling":{"enabled":false,"datetime":null,"platforms":[],"status":"template_only","dateOption":"today","timeOption":"now","customDays":"","customHours":"","customDate":"","customTime":"","schedulingType":"absolute"},"_wpsp_active_default_template":true},"categories":[52,27],"tags":[],"class_list":["post-46337","post","type-post","status-publish","format-standard","has-post-thumbnail","hentry","category-a-la-une","category-actualite"],"aioseo_notices":[],"yoast_head":"<!-- This site is optimized with the Yoast SEO plugin v27.5 - https:\/\/yoast.com\/product\/yoast-seo-wordpress\/ -->\n<title>Fonction publique\u00a0: Le gel sur les promotions d\u00e9finitivement lev\u00e9 - La Sentinelle<\/title>\n<meta name=\"robots\" content=\"index, follow, max-snippet:-1, max-image-preview:large, max-video-preview:-1\" \/>\n<link rel=\"canonical\" href=\"https:\/\/lasentinelle.dz\/index.php\/2023\/10\/15\/fonction-publique-le-gel-sur-les-promotions-definitivement-leve\/\" \/>\n<meta property=\"og:locale\" content=\"fr_FR\" \/>\n<meta property=\"og:type\" content=\"article\" \/>\n<meta property=\"og:title\" content=\"Fonction publique\u00a0: Le gel sur les promotions d\u00e9finitivement lev\u00e9 - La Sentinelle\" \/>\n<meta property=\"og:description\" content=\"Le Premier ministre a annonc\u00e9 samedi soir une s\u00e9rie de mesures destin\u00e9es \u00e0 am\u00e9liorer le pouvoir d\u2019achat des m\u00e9nages qui\" \/>\n<meta property=\"og:url\" content=\"https:\/\/lasentinelle.dz\/index.php\/2023\/10\/15\/fonction-publique-le-gel-sur-les-promotions-definitivement-leve\/\" \/>\n<meta property=\"og:site_name\" content=\"La Sentinelle\" \/>\n<meta property=\"article:publisher\" content=\"https:\/\/www.facebook.com\/La-Sentinelle-104059864394773\" \/>\n<meta property=\"article:published_time\" content=\"2023-10-15T21:17:05+00:00\" \/>\n<meta property=\"article:modified_time\" content=\"2023-10-15T21:17:25+00:00\" \/>\n<meta property=\"og:image\" content=\"https:\/\/lasentinelle.dz\/wp-content\/uploads\/2023\/10\/benabderrahmane-1.jpeg\" \/>\n\t<meta property=\"og:image:width\" content=\"2048\" \/>\n\t<meta property=\"og:image:height\" content=\"1367\" \/>\n\t<meta property=\"og:image:type\" content=\"image\/jpeg\" \/>\n<meta name=\"author\" content=\"La Sentinelle\" \/>\n<meta name=\"twitter:card\" content=\"summary_large_image\" \/>\n<meta name=\"twitter:label1\" content=\"\u00c9crit par\" \/>\n\t<meta name=\"twitter:data1\" content=\"La Sentinelle\" \/>\n\t<meta name=\"twitter:label2\" content=\"Dur\u00e9e de lecture estim\u00e9e\" \/>\n\t<meta name=\"twitter:data2\" content=\"6 minutes\" \/>\n<script type=\"application\/ld+json\" class=\"yoast-schema-graph\">{\"@context\":\"https:\\\/\\\/schema.org\",\"@graph\":[{\"@type\":\"Article\",\"@id\":\"https:\\\/\\\/lasentinelle.dz\\\/index.php\\\/2023\\\/10\\\/15\\\/fonction-publique-le-gel-sur-les-promotions-definitivement-leve\\\/#article\",\"isPartOf\":{\"@id\":\"https:\\\/\\\/lasentinelle.dz\\\/index.php\\\/2023\\\/10\\\/15\\\/fonction-publique-le-gel-sur-les-promotions-definitivement-leve\\\/\"},\"author\":{\"name\":\"La Sentinelle\",\"@id\":\"https:\\\/\\\/lasentinelle.dz\\\/#\\\/schema\\\/person\\\/d865044e22e70a75174ce8bcad3acfb3\"},\"headline\":\"Fonction publique\u00a0: Le gel sur les promotions d\u00e9finitivement lev\u00e9\",\"datePublished\":\"2023-10-15T21:17:05+00:00\",\"dateModified\":\"2023-10-15T21:17:25+00:00\",\"mainEntityOfPage\":{\"@id\":\"https:\\\/\\\/lasentinelle.dz\\\/index.php\\\/2023\\\/10\\\/15\\\/fonction-publique-le-gel-sur-les-promotions-definitivement-leve\\\/\"},\"wordCount\":1319,\"commentCount\":0,\"publisher\":{\"@id\":\"https:\\\/\\\/lasentinelle.dz\\\/#organization\"},\"image\":{\"@id\":\"https:\\\/\\\/lasentinelle.dz\\\/index.php\\\/2023\\\/10\\\/15\\\/fonction-publique-le-gel-sur-les-promotions-definitivement-leve\\\/#primaryimage\"},\"thumbnailUrl\":\"https:\\\/\\\/lasentinelle.dz\\\/wp-content\\\/uploads\\\/2023\\\/10\\\/benabderrahmane-1.jpeg\",\"articleSection\":[\"\u00c0 la Une\",\"Actualit\u00e9\"],\"inLanguage\":\"fr-FR\",\"potentialAction\":[{\"@type\":\"CommentAction\",\"name\":\"Comment\",\"target\":[\"https:\\\/\\\/lasentinelle.dz\\\/index.php\\\/2023\\\/10\\\/15\\\/fonction-publique-le-gel-sur-les-promotions-definitivement-leve\\\/#respond\"]}]},{\"@type\":\"WebPage\",\"@id\":\"https:\\\/\\\/lasentinelle.dz\\\/index.php\\\/2023\\\/10\\\/15\\\/fonction-publique-le-gel-sur-les-promotions-definitivement-leve\\\/\",\"url\":\"https:\\\/\\\/lasentinelle.dz\\\/index.php\\\/2023\\\/10\\\/15\\\/fonction-publique-le-gel-sur-les-promotions-definitivement-leve\\\/\",\"name\":\"Fonction publique\u00a0: Le gel sur les promotions d\u00e9finitivement lev\u00e9 - La Sentinelle\",\"isPartOf\":{\"@id\":\"https:\\\/\\\/lasentinelle.dz\\\/#website\"},\"primaryImageOfPage\":{\"@id\":\"https:\\\/\\\/lasentinelle.dz\\\/index.php\\\/2023\\\/10\\\/15\\\/fonction-publique-le-gel-sur-les-promotions-definitivement-leve\\\/#primaryimage\"},\"image\":{\"@id\":\"https:\\\/\\\/lasentinelle.dz\\\/index.php\\\/2023\\\/10\\\/15\\\/fonction-publique-le-gel-sur-les-promotions-definitivement-leve\\\/#primaryimage\"},\"thumbnailUrl\":\"https:\\\/\\\/lasentinelle.dz\\\/wp-content\\\/uploads\\\/2023\\\/10\\\/benabderrahmane-1.jpeg\",\"datePublished\":\"2023-10-15T21:17:05+00:00\",\"dateModified\":\"2023-10-15T21:17:25+00:00\",\"breadcrumb\":{\"@id\":\"https:\\\/\\\/lasentinelle.dz\\\/index.php\\\/2023\\\/10\\\/15\\\/fonction-publique-le-gel-sur-les-promotions-definitivement-leve\\\/#breadcrumb\"},\"inLanguage\":\"fr-FR\",\"potentialAction\":[{\"@type\":\"ReadAction\",\"target\":[\"https:\\\/\\\/lasentinelle.dz\\\/index.php\\\/2023\\\/10\\\/15\\\/fonction-publique-le-gel-sur-les-promotions-definitivement-leve\\\/\"]}]},{\"@type\":\"ImageObject\",\"inLanguage\":\"fr-FR\",\"@id\":\"https:\\\/\\\/lasentinelle.dz\\\/index.php\\\/2023\\\/10\\\/15\\\/fonction-publique-le-gel-sur-les-promotions-definitivement-leve\\\/#primaryimage\",\"url\":\"https:\\\/\\\/lasentinelle.dz\\\/wp-content\\\/uploads\\\/2023\\\/10\\\/benabderrahmane-1.jpeg\",\"contentUrl\":\"https:\\\/\\\/lasentinelle.dz\\\/wp-content\\\/uploads\\\/2023\\\/10\\\/benabderrahmane-1.jpeg\",\"width\":2048,\"height\":1367},{\"@type\":\"BreadcrumbList\",\"@id\":\"https:\\\/\\\/lasentinelle.dz\\\/index.php\\\/2023\\\/10\\\/15\\\/fonction-publique-le-gel-sur-les-promotions-definitivement-leve\\\/#breadcrumb\",\"itemListElement\":[{\"@type\":\"ListItem\",\"position\":1,\"name\":\"Accueil\",\"item\":\"https:\\\/\\\/lasentinelle.dz\\\/\"},{\"@type\":\"ListItem\",\"position\":2,\"name\":\"Fonction publique\u00a0: Le gel sur les promotions d\u00e9finitivement lev\u00e9\"}]},{\"@type\":\"WebSite\",\"@id\":\"https:\\\/\\\/lasentinelle.dz\\\/#website\",\"url\":\"https:\\\/\\\/lasentinelle.dz\\\/\",\"name\":\"La Sentinelle\",\"description\":\"Quotidien national d&#039;information\",\"publisher\":{\"@id\":\"https:\\\/\\\/lasentinelle.dz\\\/#organization\"},\"potentialAction\":[{\"@type\":\"SearchAction\",\"target\":{\"@type\":\"EntryPoint\",\"urlTemplate\":\"https:\\\/\\\/lasentinelle.dz\\\/?s={search_term_string}\"},\"query-input\":{\"@type\":\"PropertyValueSpecification\",\"valueRequired\":true,\"valueName\":\"search_term_string\"}}],\"inLanguage\":\"fr-FR\"},{\"@type\":\"Organization\",\"@id\":\"https:\\\/\\\/lasentinelle.dz\\\/#organization\",\"name\":\"Quotidien La Sentinelle\",\"url\":\"https:\\\/\\\/lasentinelle.dz\\\/\",\"logo\":{\"@type\":\"ImageObject\",\"inLanguage\":\"fr-FR\",\"@id\":\"https:\\\/\\\/lasentinelle.dz\\\/#\\\/schema\\\/logo\\\/image\\\/\",\"url\":\"https:\\\/\\\/lasentinelle.dz\\\/wp-content\\\/uploads\\\/2021\\\/09\\\/logo-sentinelleSLOGAN-1.png\",\"contentUrl\":\"https:\\\/\\\/lasentinelle.dz\\\/wp-content\\\/uploads\\\/2021\\\/09\\\/logo-sentinelleSLOGAN-1.png\",\"width\":615,\"height\":142,\"caption\":\"Quotidien La Sentinelle\"},\"image\":{\"@id\":\"https:\\\/\\\/lasentinelle.dz\\\/#\\\/schema\\\/logo\\\/image\\\/\"},\"sameAs\":[\"https:\\\/\\\/www.facebook.com\\\/La-Sentinelle-104059864394773\"]},{\"@type\":\"Person\",\"@id\":\"https:\\\/\\\/lasentinelle.dz\\\/#\\\/schema\\\/person\\\/d865044e22e70a75174ce8bcad3acfb3\",\"name\":\"La Sentinelle\",\"image\":{\"@type\":\"ImageObject\",\"inLanguage\":\"fr-FR\",\"@id\":\"https:\\\/\\\/secure.gravatar.com\\\/avatar\\\/57de8e5d4b15d43fb361a71fbb36338450fe67865b528a43dd10ef7c51a20392?s=96&d=mm&r=g\",\"url\":\"https:\\\/\\\/secure.gravatar.com\\\/avatar\\\/57de8e5d4b15d43fb361a71fbb36338450fe67865b528a43dd10ef7c51a20392?s=96&d=mm&r=g\",\"contentUrl\":\"https:\\\/\\\/secure.gravatar.com\\\/avatar\\\/57de8e5d4b15d43fb361a71fbb36338450fe67865b528a43dd10ef7c51a20392?s=96&d=mm&r=g\",\"caption\":\"La Sentinelle\"},\"sameAs\":[\"http:\\\/\\\/www.lasentinelle.dz\"],\"url\":\"https:\\\/\\\/lasentinelle.dz\\\/author\\\/redaction\\\/\"}]}<\/script>\n<!-- \/ Yoast SEO plugin. -->","yoast_head_json":{"title":"Fonction publique\u00a0: Le gel sur les promotions d\u00e9finitivement lev\u00e9 - La Sentinelle","robots":{"index":"index","follow":"follow","max-snippet":"max-snippet:-1","max-image-preview":"max-image-preview:large","max-video-preview":"max-video-preview:-1"},"canonical":"https:\/\/lasentinelle.dz\/index.php\/2023\/10\/15\/fonction-publique-le-gel-sur-les-promotions-definitivement-leve\/","og_locale":"fr_FR","og_type":"article","og_title":"Fonction publique\u00a0: Le gel sur les promotions d\u00e9finitivement lev\u00e9 - La Sentinelle","og_description":"Le Premier ministre a annonc\u00e9 samedi soir une s\u00e9rie de mesures destin\u00e9es \u00e0 am\u00e9liorer le pouvoir d\u2019achat des m\u00e9nages qui","og_url":"https:\/\/lasentinelle.dz\/index.php\/2023\/10\/15\/fonction-publique-le-gel-sur-les-promotions-definitivement-leve\/","og_site_name":"La Sentinelle","article_publisher":"https:\/\/www.facebook.com\/La-Sentinelle-104059864394773","article_published_time":"2023-10-15T21:17:05+00:00","article_modified_time":"2023-10-15T21:17:25+00:00","og_image":[{"width":2048,"height":1367,"url":"https:\/\/lasentinelle.dz\/wp-content\/uploads\/2023\/10\/benabderrahmane-1.jpeg","type":"image\/jpeg"}],"author":"La Sentinelle","twitter_card":"summary_large_image","twitter_misc":{"\u00c9crit par":"La Sentinelle","Dur\u00e9e de lecture estim\u00e9e":"6 minutes"},"schema":{"@context":"https:\/\/schema.org","@graph":[{"@type":"Article","@id":"https:\/\/lasentinelle.dz\/index.php\/2023\/10\/15\/fonction-publique-le-gel-sur-les-promotions-definitivement-leve\/#article","isPartOf":{"@id":"https:\/\/lasentinelle.dz\/index.php\/2023\/10\/15\/fonction-publique-le-gel-sur-les-promotions-definitivement-leve\/"},"author":{"name":"La Sentinelle","@id":"https:\/\/lasentinelle.dz\/#\/schema\/person\/d865044e22e70a75174ce8bcad3acfb3"},"headline":"Fonction publique\u00a0: Le gel sur les promotions d\u00e9finitivement lev\u00e9","datePublished":"2023-10-15T21:17:05+00:00","dateModified":"2023-10-15T21:17:25+00:00","mainEntityOfPage":{"@id":"https:\/\/lasentinelle.dz\/index.php\/2023\/10\/15\/fonction-publique-le-gel-sur-les-promotions-definitivement-leve\/"},"wordCount":1319,"commentCount":0,"publisher":{"@id":"https:\/\/lasentinelle.dz\/#organization"},"image":{"@id":"https:\/\/lasentinelle.dz\/index.php\/2023\/10\/15\/fonction-publique-le-gel-sur-les-promotions-definitivement-leve\/#primaryimage"},"thumbnailUrl":"https:\/\/lasentinelle.dz\/wp-content\/uploads\/2023\/10\/benabderrahmane-1.jpeg","articleSection":["\u00c0 la Une","Actualit\u00e9"],"inLanguage":"fr-FR","potentialAction":[{"@type":"CommentAction","name":"Comment","target":["https:\/\/lasentinelle.dz\/index.php\/2023\/10\/15\/fonction-publique-le-gel-sur-les-promotions-definitivement-leve\/#respond"]}]},{"@type":"WebPage","@id":"https:\/\/lasentinelle.dz\/index.php\/2023\/10\/15\/fonction-publique-le-gel-sur-les-promotions-definitivement-leve\/","url":"https:\/\/lasentinelle.dz\/index.php\/2023\/10\/15\/fonction-publique-le-gel-sur-les-promotions-definitivement-leve\/","name":"Fonction publique\u00a0: Le gel sur les promotions d\u00e9finitivement lev\u00e9 - La Sentinelle","isPartOf":{"@id":"https:\/\/lasentinelle.dz\/#website"},"primaryImageOfPage":{"@id":"https:\/\/lasentinelle.dz\/index.php\/2023\/10\/15\/fonction-publique-le-gel-sur-les-promotions-definitivement-leve\/#primaryimage"},"image":{"@id":"https:\/\/lasentinelle.dz\/index.php\/2023\/10\/15\/fonction-publique-le-gel-sur-les-promotions-definitivement-leve\/#primaryimage"},"thumbnailUrl":"https:\/\/lasentinelle.dz\/wp-content\/uploads\/2023\/10\/benabderrahmane-1.jpeg","datePublished":"2023-10-15T21:17:05+00:00","dateModified":"2023-10-15T21:17:25+00:00","breadcrumb":{"@id":"https:\/\/lasentinelle.dz\/index.php\/2023\/10\/15\/fonction-publique-le-gel-sur-les-promotions-definitivement-leve\/#breadcrumb"},"inLanguage":"fr-FR","potentialAction":[{"@type":"ReadAction","target":["https:\/\/lasentinelle.dz\/index.php\/2023\/10\/15\/fonction-publique-le-gel-sur-les-promotions-definitivement-leve\/"]}]},{"@type":"ImageObject","inLanguage":"fr-FR","@id":"https:\/\/lasentinelle.dz\/index.php\/2023\/10\/15\/fonction-publique-le-gel-sur-les-promotions-definitivement-leve\/#primaryimage","url":"https:\/\/lasentinelle.dz\/wp-content\/uploads\/2023\/10\/benabderrahmane-1.jpeg","contentUrl":"https:\/\/lasentinelle.dz\/wp-content\/uploads\/2023\/10\/benabderrahmane-1.jpeg","width":2048,"height":1367},{"@type":"BreadcrumbList","@id":"https:\/\/lasentinelle.dz\/index.php\/2023\/10\/15\/fonction-publique-le-gel-sur-les-promotions-definitivement-leve\/#breadcrumb","itemListElement":[{"@type":"ListItem","position":1,"name":"Accueil","item":"https:\/\/lasentinelle.dz\/"},{"@type":"ListItem","position":2,"name":"Fonction publique\u00a0: Le gel sur les promotions d\u00e9finitivement lev\u00e9"}]},{"@type":"WebSite","@id":"https:\/\/lasentinelle.dz\/#website","url":"https:\/\/lasentinelle.dz\/","name":"La Sentinelle","description":"Quotidien national d&#039;information","publisher":{"@id":"https:\/\/lasentinelle.dz\/#organization"},"potentialAction":[{"@type":"SearchAction","target":{"@type":"EntryPoint","urlTemplate":"https:\/\/lasentinelle.dz\/?s={search_term_string}"},"query-input":{"@type":"PropertyValueSpecification","valueRequired":true,"valueName":"search_term_string"}}],"inLanguage":"fr-FR"},{"@type":"Organization","@id":"https:\/\/lasentinelle.dz\/#organization","name":"Quotidien La Sentinelle","url":"https:\/\/lasentinelle.dz\/","logo":{"@type":"ImageObject","inLanguage":"fr-FR","@id":"https:\/\/lasentinelle.dz\/#\/schema\/logo\/image\/","url":"https:\/\/lasentinelle.dz\/wp-content\/uploads\/2021\/09\/logo-sentinelleSLOGAN-1.png","contentUrl":"https:\/\/lasentinelle.dz\/wp-content\/uploads\/2021\/09\/logo-sentinelleSLOGAN-1.png","width":615,"height":142,"caption":"Quotidien La Sentinelle"},"image":{"@id":"https:\/\/lasentinelle.dz\/#\/schema\/logo\/image\/"},"sameAs":["https:\/\/www.facebook.com\/La-Sentinelle-104059864394773"]},{"@type":"Person","@id":"https:\/\/lasentinelle.dz\/#\/schema\/person\/d865044e22e70a75174ce8bcad3acfb3","name":"La Sentinelle","image":{"@type":"ImageObject","inLanguage":"fr-FR","@id":"https:\/\/secure.gravatar.com\/avatar\/57de8e5d4b15d43fb361a71fbb36338450fe67865b528a43dd10ef7c51a20392?s=96&d=mm&r=g","url":"https:\/\/secure.gravatar.com\/avatar\/57de8e5d4b15d43fb361a71fbb36338450fe67865b528a43dd10ef7c51a20392?s=96&d=mm&r=g","contentUrl":"https:\/\/secure.gravatar.com\/avatar\/57de8e5d4b15d43fb361a71fbb36338450fe67865b528a43dd10ef7c51a20392?s=96&d=mm&r=g","caption":"La Sentinelle"},"sameAs":["http:\/\/www.lasentinelle.dz"],"url":"https:\/\/lasentinelle.dz\/author\/redaction\/"}]}},"_links":{"self":[{"href":"https:\/\/lasentinelle.dz\/index.php\/wp-json\/wp\/v2\/posts\/46337","targetHints":{"allow":["GET"]}}],"collection":[{"href":"https:\/\/lasentinelle.dz\/index.php\/wp-json\/wp\/v2\/posts"}],"about":[{"href":"https:\/\/lasentinelle.dz\/index.php\/wp-json\/wp\/v2\/types\/post"}],"author":[{"embeddable":true,"href":"https:\/\/lasentinelle.dz\/index.php\/wp-json\/wp\/v2\/users\/3"}],"replies":[{"embeddable":true,"href":"https:\/\/lasentinelle.dz\/index.php\/wp-json\/wp\/v2\/comments?post=46337"}],"version-history":[{"count":1,"href":"https:\/\/lasentinelle.dz\/index.php\/wp-json\/wp\/v2\/posts\/46337\/revisions"}],"predecessor-version":[{"id":46338,"href":"https:\/\/lasentinelle.dz\/index.php\/wp-json\/wp\/v2\/posts\/46337\/revisions\/46338"}],"wp:featuredmedia":[{"embeddable":true,"href":"https:\/\/lasentinelle.dz\/index.php\/wp-json\/wp\/v2\/media\/46229"}],"wp:attachment":[{"href":"https:\/\/lasentinelle.dz\/index.php\/wp-json\/wp\/v2\/media?parent=46337"}],"wp:term":[{"taxonomy":"category","embeddable":true,"href":"https:\/\/lasentinelle.dz\/index.php\/wp-json\/wp\/v2\/categories?post=46337"},{"taxonomy":"post_tag","embeddable":true,"href":"https:\/\/lasentinelle.dz\/index.php\/wp-json\/wp\/v2\/tags?post=46337"}],"curies":[{"name":"wp","href":"https:\/\/api.w.org\/{rel}","templated":true}]}}