{"id":46343,"date":"2023-10-15T22:20:17","date_gmt":"2023-10-15T21:20:17","guid":{"rendered":"https:\/\/lasentinelle.dz\/?p=46343"},"modified":"2023-10-15T22:20:22","modified_gmt":"2023-10-15T21:20:22","slug":"conseil-des-ministres-de-nouvelles-wilayas-deleguees-pour-le-sud","status":"publish","type":"post","link":"https:\/\/lasentinelle.dz\/index.php\/2023\/10\/15\/conseil-des-ministres-de-nouvelles-wilayas-deleguees-pour-le-sud\/","title":{"rendered":"Conseil des ministres\u00a0: De nouvelles wilayas d\u00e9l\u00e9gu\u00e9es pour le Sud"},"content":{"rendered":"\n<p>La refonte de l\u2019organisation territoriale, notamment dans le Sud du pays. Ainsi dans le cadre de la consolidation de la d\u00e9centralisation et \u00e0 la suite de la cr\u00e9ation de dix nouvelles wilayas dans le Sud dans le cadre de soutenir le d\u00e9veloppement local de ces r\u00e9gions et de les d\u00e9senclaver, de nouvelles wilayas d\u00e9l\u00e9gu\u00e9es seront cr\u00e9\u00e9es. La question a \u00e9t\u00e9, en effet, \u00e0 l\u2019ordre du jour, tenue hier sous la direction du pr\u00e9sident de la R\u00e9publique, Abdelmadjid Tebboune. Celui-ci a dans ce cadre ordonn\u00e9 le suivi du projet de cr\u00e9ation de nouvelles wilayas d\u00e9l\u00e9gu\u00e9es dans le Sud et les Hauts-Plateaux, sous la supervision directe du ministre de l&rsquo;Int\u00e9rieur et en coordination avec les secteurs concern\u00e9s, dans l&rsquo;attente de la cr\u00e9ation ult\u00e9rieure de nouvelles wilayas dans le nord du pays. Le Pr\u00e9sident Tebboune a dans ce sens soulign\u00e9 que que la cr\u00e9ation de nouvelles wilayas d\u00e9l\u00e9gu\u00e9es avait pour objectif de g\u00e9n\u00e9raliser le d\u00e9veloppement local, cr\u00e9er des espaces \u00e9conomiques et all\u00e9ger le fardeau qui p\u00e8se sur le citoyen. Il a \u00e9galement insist\u00e9 sur l\u2019imp\u00e9ratif de tenir compte des capacit\u00e9s et des potentialit\u00e9s de l&rsquo;Etat \u00e0 cr\u00e9er de nouvelles wilayas d\u00e9l\u00e9gu\u00e9es.<\/p>\n\n\n\n<p>Notons que plusieurs dossiers ont \u00e9t\u00e9 examin\u00e9s au cours de cette r\u00e9union, et concernant divers secteurs, comme l\u2019\u00e9nergie, les t\u00e9l\u00e9communications et l\u2019agriculture entre autres. C\u2019est le cas du dossier&nbsp; li\u00e9 \u00e0 la formation et la recherche scientifique en hydrog\u00e8ne vert. Dans ce cadre, le Pr\u00e9sident de la R\u00e9publique a salu\u00e9 l&rsquo;orientation de l&rsquo;Universit\u00e9 alg\u00e9rienne vers la cr\u00e9ation de sp\u00e9cialit\u00e9s dans la formation et la recherche scientifique en hydrog\u00e8ne vert. Il a ordonn\u00e9 l\u2019\u00e9laboration d&rsquo;une strat\u00e9gie globale s&rsquo;alignant avec les d\u00e9veloppements scientifiques et techniques que connait le monde, et ce en collaboration avec les Etats qui jouissent d&rsquo;une exp\u00e9rience pionni\u00e8re dans ce domaine vital et le renforcement des capacit\u00e9s de notre pays en termes d&rsquo;\u00e9nergie solaire, d&rsquo;autant qu&rsquo;il est pionnier en la mati\u00e8re depuis des d\u00e9cennies. Le Pr\u00e9sident Tebboune a \u00e9galement a instruit le Gouvernement \u00e0 l&rsquo;effet de mettre en exergue les efforts de l&rsquo;Etat dans la pr\u00e9servation de l&rsquo;\u00e9cosyst\u00e8me et la protection de l&rsquo;environnement, tout en intensifiant le travail \u00e0 m\u00eame de r\u00e9aliser des r\u00e9sultats optimaux en la mati\u00e8re.<\/p>\n\n\n\n<p>Concernant l&rsquo;expos\u00e9 sur l&rsquo;am\u00e9lioration du raccordement \u00e0 Internet, le Pr\u00e9sident de la R\u00e9publique a donn\u00e9 ses orientations au Gouvernement \u00e0 l&rsquo;effet de poursuivre le travail pour assurer une meilleure qualit\u00e9 du d\u00e9bit et du raccordement \u00e0 Internet, l&rsquo;objectif \u00e9tant d&rsquo;am\u00e9liorer le niveau des prestations dans les secteurs vitaux, tels que l&rsquo;Enseignement sup\u00e9rieur, l&rsquo;Education, les Finances, les Banques et d&rsquo;autres domaines \u00e9conomiques. Il&nbsp;a \u00e9galement soulign\u00e9 l&rsquo;importance de garantir une protection optimale du r\u00e9seau Internet, en tenant compte de la cyber-s\u00e9curit\u00e9 et en engageant d\u00e9sormais une r\u00e9flexion s\u00e9rieuse en mati\u00e8re d&rsquo;exploitation des techniques satellitaires pour fournir le service Internet. Il a, \u00e0 ce titre, charg\u00e9 le ministre du secteur d&rsquo;\u00e9laborer un plan d&rsquo;action global sur cette op\u00e9ration.<\/p>\n\n\n\n<p>Par ailleurs et \u00e0 la suite de l&rsquo;expos\u00e9 sur la r\u00e9habilitation et l&rsquo;extension du barrage vert, Abdelmadjid Tebboune a soulign\u00e9 l&rsquo;importance de r\u00e9habiliter et de d\u00e9velopper cet acquis en y associant les start-up et en ouvrant la voie au recrutement des jeunes habitant des wilayas que traverse le barrage vert, dans des op\u00e9rations de reboisement.<\/p>\n\n\n\n<p>Il a \u00e9galement insist\u00e9 sur la n\u00e9cessit\u00e9 de veiller \u00e0 la diversification du patrimoine forestier, en implantant des arbres productifs, exploitables et destin\u00e9s \u00e0 la consommation et d&rsquo;associer l&rsquo;expertise scientifique et les comp\u00e9tences scientifiques \u00e0 la r\u00e9habilitation et au d\u00e9veloppement du barrage vert qui est une exp\u00e9rience r\u00e9ussie pour l&rsquo;Alg\u00e9rie contre la d\u00e9sertification et l&rsquo;avanc\u00e9e du sable vers le nord. Le Pr\u00e9sident de la R\u00e9publique a \u00e9galement &nbsp;enjoint au ministre de l&rsquo;Agriculture d&rsquo;associer les jeunes comp\u00e9tences aux diff\u00e9rents domaines agricoles, au vu de leurs id\u00e9es cr\u00e9atives en mati\u00e8re de d\u00e9veloppement de l&rsquo;agriculture, notamment au regard des potentialit\u00e9s naturelles et de tous les atouts permettant de moderniser le secteur et d&rsquo;atteindre l&rsquo;autosuffisance. Concernant l&rsquo;organisation des fermes pilotes, le pr\u00e9sident de la R\u00e9publique a charg\u00e9 le ministre de l&rsquo;Agriculture d&rsquo;\u00e9laborer une nouvelle conception sur l&rsquo;organisation des fermes pilotes, s&rsquo;agissant du cadre juridique et professionnel, et de d\u00e9finir leurs sp\u00e9cialisations et les objectifs escompt\u00e9s, tout en impliquant la recherche scientifique dans les phases de leur recomposition. Enfin, le Conseil des ministres a approuv\u00e9 le parach\u00e8vement de la r\u00e9alisation de deux p\u00e9n\u00e9trantes reliant les deux wilayas de Mascara et de Tizi Ouzou \u00e0 l&rsquo;autoroute est-ouest.<\/p>\n\n\n\n<p>R.N.<\/p>\n","protected":false},"excerpt":{"rendered":"<p>La refonte de l\u2019organisation territoriale, notamment dans le Sud du pays. Ainsi dans le cadre de la consolidation de la<\/p>\n","protected":false},"author":3,"featured_media":46344,"comment_status":"open","ping_status":"closed","sticky":false,"template":"","format":"standard","meta":{"colormag_page_container_layout":"default_layout","colormag_page_sidebar_layout":"default_layout","om_disable_all_campaigns":false,"_monsterinsights_skip_tracking":false,"_monsterinsights_sitenote_active":false,"_monsterinsights_sitenote_note":"","_monsterinsights_sitenote_category":0,"footnotes":"","_wpscppro_dont_share_socialmedia":false,"_wpscppro_custom_social_share_image":0,"_facebook_share_type":"","_twitter_share_type":"","_linkedin_share_type":"","_pinterest_share_type":"","_linkedin_share_type_page":"","_instagram_share_type":"","_medium_share_type":"","_threads_share_type":"","_google_business_share_type":"","_selected_social_profile":[],"_wpsp_enable_custom_social_template":false,"_wpsp_social_scheduling":{"enabled":false,"datetime":null,"platforms":[],"status":"template_only","dateOption":"today","timeOption":"now","customDays":"","customHours":"","customDate":"","customTime":"","schedulingType":"absolute"},"_wpsp_active_default_template":true},"categories":[52,27],"tags":[],"class_list":["post-46343","post","type-post","status-publish","format-standard","has-post-thumbnail","hentry","category-a-la-une","category-actualite"],"aioseo_notices":[],"yoast_head":"<!-- This site is optimized with the Yoast SEO plugin v27.5 - https:\/\/yoast.com\/product\/yoast-seo-wordpress\/ -->\n<title>Conseil des ministres\u00a0: De nouvelles wilayas d\u00e9l\u00e9gu\u00e9es pour le Sud - La Sentinelle<\/title>\n<meta name=\"robots\" content=\"index, follow, max-snippet:-1, max-image-preview:large, max-video-preview:-1\" \/>\n<link rel=\"canonical\" href=\"https:\/\/lasentinelle.dz\/index.php\/2023\/10\/15\/conseil-des-ministres-de-nouvelles-wilayas-deleguees-pour-le-sud\/\" \/>\n<meta property=\"og:locale\" content=\"fr_FR\" \/>\n<meta property=\"og:type\" content=\"article\" \/>\n<meta property=\"og:title\" content=\"Conseil des ministres\u00a0: De nouvelles wilayas d\u00e9l\u00e9gu\u00e9es pour le Sud - La Sentinelle\" \/>\n<meta property=\"og:description\" content=\"La refonte de l\u2019organisation territoriale, notamment dans le Sud du pays. Ainsi dans le cadre de la consolidation de la\" \/>\n<meta property=\"og:url\" content=\"https:\/\/lasentinelle.dz\/index.php\/2023\/10\/15\/conseil-des-ministres-de-nouvelles-wilayas-deleguees-pour-le-sud\/\" \/>\n<meta property=\"og:site_name\" content=\"La Sentinelle\" \/>\n<meta property=\"article:publisher\" content=\"https:\/\/www.facebook.com\/La-Sentinelle-104059864394773\" \/>\n<meta property=\"article:published_time\" content=\"2023-10-15T21:20:17+00:00\" \/>\n<meta property=\"article:modified_time\" content=\"2023-10-15T21:20:22+00:00\" \/>\n<meta property=\"og:image\" content=\"https:\/\/lasentinelle.dz\/wp-content\/uploads\/2023\/10\/conseil.jpeg\" \/>\n\t<meta property=\"og:image:width\" content=\"1920\" \/>\n\t<meta property=\"og:image:height\" content=\"1080\" \/>\n\t<meta property=\"og:image:type\" content=\"image\/jpeg\" \/>\n<meta name=\"author\" content=\"La Sentinelle\" \/>\n<meta name=\"twitter:card\" content=\"summary_large_image\" \/>\n<meta name=\"twitter:label1\" content=\"\u00c9crit par\" \/>\n\t<meta name=\"twitter:data1\" content=\"La Sentinelle\" \/>\n\t<meta name=\"twitter:label2\" content=\"Dur\u00e9e de lecture estim\u00e9e\" \/>\n\t<meta name=\"twitter:data2\" content=\"4 minutes\" \/>\n<script type=\"application\/ld+json\" class=\"yoast-schema-graph\">{\"@context\":\"https:\\\/\\\/schema.org\",\"@graph\":[{\"@type\":\"Article\",\"@id\":\"https:\\\/\\\/lasentinelle.dz\\\/index.php\\\/2023\\\/10\\\/15\\\/conseil-des-ministres-de-nouvelles-wilayas-deleguees-pour-le-sud\\\/#article\",\"isPartOf\":{\"@id\":\"https:\\\/\\\/lasentinelle.dz\\\/index.php\\\/2023\\\/10\\\/15\\\/conseil-des-ministres-de-nouvelles-wilayas-deleguees-pour-le-sud\\\/\"},\"author\":{\"name\":\"La Sentinelle\",\"@id\":\"https:\\\/\\\/lasentinelle.dz\\\/#\\\/schema\\\/person\\\/d865044e22e70a75174ce8bcad3acfb3\"},\"headline\":\"Conseil des ministres\u00a0: De nouvelles wilayas d\u00e9l\u00e9gu\u00e9es pour le Sud\",\"datePublished\":\"2023-10-15T21:20:17+00:00\",\"dateModified\":\"2023-10-15T21:20:22+00:00\",\"mainEntityOfPage\":{\"@id\":\"https:\\\/\\\/lasentinelle.dz\\\/index.php\\\/2023\\\/10\\\/15\\\/conseil-des-ministres-de-nouvelles-wilayas-deleguees-pour-le-sud\\\/\"},\"wordCount\":882,\"commentCount\":0,\"publisher\":{\"@id\":\"https:\\\/\\\/lasentinelle.dz\\\/#organization\"},\"image\":{\"@id\":\"https:\\\/\\\/lasentinelle.dz\\\/index.php\\\/2023\\\/10\\\/15\\\/conseil-des-ministres-de-nouvelles-wilayas-deleguees-pour-le-sud\\\/#primaryimage\"},\"thumbnailUrl\":\"https:\\\/\\\/lasentinelle.dz\\\/wp-content\\\/uploads\\\/2023\\\/10\\\/conseil.jpeg\",\"articleSection\":[\"\u00c0 la Une\",\"Actualit\u00e9\"],\"inLanguage\":\"fr-FR\",\"potentialAction\":[{\"@type\":\"CommentAction\",\"name\":\"Comment\",\"target\":[\"https:\\\/\\\/lasentinelle.dz\\\/index.php\\\/2023\\\/10\\\/15\\\/conseil-des-ministres-de-nouvelles-wilayas-deleguees-pour-le-sud\\\/#respond\"]}]},{\"@type\":\"WebPage\",\"@id\":\"https:\\\/\\\/lasentinelle.dz\\\/index.php\\\/2023\\\/10\\\/15\\\/conseil-des-ministres-de-nouvelles-wilayas-deleguees-pour-le-sud\\\/\",\"url\":\"https:\\\/\\\/lasentinelle.dz\\\/index.php\\\/2023\\\/10\\\/15\\\/conseil-des-ministres-de-nouvelles-wilayas-deleguees-pour-le-sud\\\/\",\"name\":\"Conseil des ministres\u00a0: De nouvelles wilayas d\u00e9l\u00e9gu\u00e9es pour le Sud - La Sentinelle\",\"isPartOf\":{\"@id\":\"https:\\\/\\\/lasentinelle.dz\\\/#website\"},\"primaryImageOfPage\":{\"@id\":\"https:\\\/\\\/lasentinelle.dz\\\/index.php\\\/2023\\\/10\\\/15\\\/conseil-des-ministres-de-nouvelles-wilayas-deleguees-pour-le-sud\\\/#primaryimage\"},\"image\":{\"@id\":\"https:\\\/\\\/lasentinelle.dz\\\/index.php\\\/2023\\\/10\\\/15\\\/conseil-des-ministres-de-nouvelles-wilayas-deleguees-pour-le-sud\\\/#primaryimage\"},\"thumbnailUrl\":\"https:\\\/\\\/lasentinelle.dz\\\/wp-content\\\/uploads\\\/2023\\\/10\\\/conseil.jpeg\",\"datePublished\":\"2023-10-15T21:20:17+00:00\",\"dateModified\":\"2023-10-15T21:20:22+00:00\",\"breadcrumb\":{\"@id\":\"https:\\\/\\\/lasentinelle.dz\\\/index.php\\\/2023\\\/10\\\/15\\\/conseil-des-ministres-de-nouvelles-wilayas-deleguees-pour-le-sud\\\/#breadcrumb\"},\"inLanguage\":\"fr-FR\",\"potentialAction\":[{\"@type\":\"ReadAction\",\"target\":[\"https:\\\/\\\/lasentinelle.dz\\\/index.php\\\/2023\\\/10\\\/15\\\/conseil-des-ministres-de-nouvelles-wilayas-deleguees-pour-le-sud\\\/\"]}]},{\"@type\":\"ImageObject\",\"inLanguage\":\"fr-FR\",\"@id\":\"https:\\\/\\\/lasentinelle.dz\\\/index.php\\\/2023\\\/10\\\/15\\\/conseil-des-ministres-de-nouvelles-wilayas-deleguees-pour-le-sud\\\/#primaryimage\",\"url\":\"https:\\\/\\\/lasentinelle.dz\\\/wp-content\\\/uploads\\\/2023\\\/10\\\/conseil.jpeg\",\"contentUrl\":\"https:\\\/\\\/lasentinelle.dz\\\/wp-content\\\/uploads\\\/2023\\\/10\\\/conseil.jpeg\",\"width\":1920,\"height\":1080},{\"@type\":\"BreadcrumbList\",\"@id\":\"https:\\\/\\\/lasentinelle.dz\\\/index.php\\\/2023\\\/10\\\/15\\\/conseil-des-ministres-de-nouvelles-wilayas-deleguees-pour-le-sud\\\/#breadcrumb\",\"itemListElement\":[{\"@type\":\"ListItem\",\"position\":1,\"name\":\"Accueil\",\"item\":\"https:\\\/\\\/lasentinelle.dz\\\/\"},{\"@type\":\"ListItem\",\"position\":2,\"name\":\"Conseil des ministres\u00a0: De nouvelles wilayas d\u00e9l\u00e9gu\u00e9es pour le Sud\"}]},{\"@type\":\"WebSite\",\"@id\":\"https:\\\/\\\/lasentinelle.dz\\\/#website\",\"url\":\"https:\\\/\\\/lasentinelle.dz\\\/\",\"name\":\"La Sentinelle\",\"description\":\"Quotidien national d&#039;information\",\"publisher\":{\"@id\":\"https:\\\/\\\/lasentinelle.dz\\\/#organization\"},\"potentialAction\":[{\"@type\":\"SearchAction\",\"target\":{\"@type\":\"EntryPoint\",\"urlTemplate\":\"https:\\\/\\\/lasentinelle.dz\\\/?s={search_term_string}\"},\"query-input\":{\"@type\":\"PropertyValueSpecification\",\"valueRequired\":true,\"valueName\":\"search_term_string\"}}],\"inLanguage\":\"fr-FR\"},{\"@type\":\"Organization\",\"@id\":\"https:\\\/\\\/lasentinelle.dz\\\/#organization\",\"name\":\"Quotidien La Sentinelle\",\"url\":\"https:\\\/\\\/lasentinelle.dz\\\/\",\"logo\":{\"@type\":\"ImageObject\",\"inLanguage\":\"fr-FR\",\"@id\":\"https:\\\/\\\/lasentinelle.dz\\\/#\\\/schema\\\/logo\\\/image\\\/\",\"url\":\"https:\\\/\\\/lasentinelle.dz\\\/wp-content\\\/uploads\\\/2021\\\/09\\\/logo-sentinelleSLOGAN-1.png\",\"contentUrl\":\"https:\\\/\\\/lasentinelle.dz\\\/wp-content\\\/uploads\\\/2021\\\/09\\\/logo-sentinelleSLOGAN-1.png\",\"width\":615,\"height\":142,\"caption\":\"Quotidien La Sentinelle\"},\"image\":{\"@id\":\"https:\\\/\\\/lasentinelle.dz\\\/#\\\/schema\\\/logo\\\/image\\\/\"},\"sameAs\":[\"https:\\\/\\\/www.facebook.com\\\/La-Sentinelle-104059864394773\"]},{\"@type\":\"Person\",\"@id\":\"https:\\\/\\\/lasentinelle.dz\\\/#\\\/schema\\\/person\\\/d865044e22e70a75174ce8bcad3acfb3\",\"name\":\"La Sentinelle\",\"image\":{\"@type\":\"ImageObject\",\"inLanguage\":\"fr-FR\",\"@id\":\"https:\\\/\\\/secure.gravatar.com\\\/avatar\\\/57de8e5d4b15d43fb361a71fbb36338450fe67865b528a43dd10ef7c51a20392?s=96&d=mm&r=g\",\"url\":\"https:\\\/\\\/secure.gravatar.com\\\/avatar\\\/57de8e5d4b15d43fb361a71fbb36338450fe67865b528a43dd10ef7c51a20392?s=96&d=mm&r=g\",\"contentUrl\":\"https:\\\/\\\/secure.gravatar.com\\\/avatar\\\/57de8e5d4b15d43fb361a71fbb36338450fe67865b528a43dd10ef7c51a20392?s=96&d=mm&r=g\",\"caption\":\"La Sentinelle\"},\"sameAs\":[\"http:\\\/\\\/www.lasentinelle.dz\"],\"url\":\"https:\\\/\\\/lasentinelle.dz\\\/author\\\/redaction\\\/\"}]}<\/script>\n<!-- \/ Yoast SEO plugin. -->","yoast_head_json":{"title":"Conseil des ministres\u00a0: De nouvelles wilayas d\u00e9l\u00e9gu\u00e9es pour le Sud - La Sentinelle","robots":{"index":"index","follow":"follow","max-snippet":"max-snippet:-1","max-image-preview":"max-image-preview:large","max-video-preview":"max-video-preview:-1"},"canonical":"https:\/\/lasentinelle.dz\/index.php\/2023\/10\/15\/conseil-des-ministres-de-nouvelles-wilayas-deleguees-pour-le-sud\/","og_locale":"fr_FR","og_type":"article","og_title":"Conseil des ministres\u00a0: De nouvelles wilayas d\u00e9l\u00e9gu\u00e9es pour le Sud - La Sentinelle","og_description":"La refonte de l\u2019organisation territoriale, notamment dans le Sud du pays. Ainsi dans le cadre de la consolidation de la","og_url":"https:\/\/lasentinelle.dz\/index.php\/2023\/10\/15\/conseil-des-ministres-de-nouvelles-wilayas-deleguees-pour-le-sud\/","og_site_name":"La Sentinelle","article_publisher":"https:\/\/www.facebook.com\/La-Sentinelle-104059864394773","article_published_time":"2023-10-15T21:20:17+00:00","article_modified_time":"2023-10-15T21:20:22+00:00","og_image":[{"width":1920,"height":1080,"url":"https:\/\/lasentinelle.dz\/wp-content\/uploads\/2023\/10\/conseil.jpeg","type":"image\/jpeg"}],"author":"La Sentinelle","twitter_card":"summary_large_image","twitter_misc":{"\u00c9crit par":"La Sentinelle","Dur\u00e9e de lecture estim\u00e9e":"4 minutes"},"schema":{"@context":"https:\/\/schema.org","@graph":[{"@type":"Article","@id":"https:\/\/lasentinelle.dz\/index.php\/2023\/10\/15\/conseil-des-ministres-de-nouvelles-wilayas-deleguees-pour-le-sud\/#article","isPartOf":{"@id":"https:\/\/lasentinelle.dz\/index.php\/2023\/10\/15\/conseil-des-ministres-de-nouvelles-wilayas-deleguees-pour-le-sud\/"},"author":{"name":"La Sentinelle","@id":"https:\/\/lasentinelle.dz\/#\/schema\/person\/d865044e22e70a75174ce8bcad3acfb3"},"headline":"Conseil des ministres\u00a0: De nouvelles wilayas d\u00e9l\u00e9gu\u00e9es pour le Sud","datePublished":"2023-10-15T21:20:17+00:00","dateModified":"2023-10-15T21:20:22+00:00","mainEntityOfPage":{"@id":"https:\/\/lasentinelle.dz\/index.php\/2023\/10\/15\/conseil-des-ministres-de-nouvelles-wilayas-deleguees-pour-le-sud\/"},"wordCount":882,"commentCount":0,"publisher":{"@id":"https:\/\/lasentinelle.dz\/#organization"},"image":{"@id":"https:\/\/lasentinelle.dz\/index.php\/2023\/10\/15\/conseil-des-ministres-de-nouvelles-wilayas-deleguees-pour-le-sud\/#primaryimage"},"thumbnailUrl":"https:\/\/lasentinelle.dz\/wp-content\/uploads\/2023\/10\/conseil.jpeg","articleSection":["\u00c0 la Une","Actualit\u00e9"],"inLanguage":"fr-FR","potentialAction":[{"@type":"CommentAction","name":"Comment","target":["https:\/\/lasentinelle.dz\/index.php\/2023\/10\/15\/conseil-des-ministres-de-nouvelles-wilayas-deleguees-pour-le-sud\/#respond"]}]},{"@type":"WebPage","@id":"https:\/\/lasentinelle.dz\/index.php\/2023\/10\/15\/conseil-des-ministres-de-nouvelles-wilayas-deleguees-pour-le-sud\/","url":"https:\/\/lasentinelle.dz\/index.php\/2023\/10\/15\/conseil-des-ministres-de-nouvelles-wilayas-deleguees-pour-le-sud\/","name":"Conseil des ministres\u00a0: De nouvelles wilayas d\u00e9l\u00e9gu\u00e9es pour le Sud - La Sentinelle","isPartOf":{"@id":"https:\/\/lasentinelle.dz\/#website"},"primaryImageOfPage":{"@id":"https:\/\/lasentinelle.dz\/index.php\/2023\/10\/15\/conseil-des-ministres-de-nouvelles-wilayas-deleguees-pour-le-sud\/#primaryimage"},"image":{"@id":"https:\/\/lasentinelle.dz\/index.php\/2023\/10\/15\/conseil-des-ministres-de-nouvelles-wilayas-deleguees-pour-le-sud\/#primaryimage"},"thumbnailUrl":"https:\/\/lasentinelle.dz\/wp-content\/uploads\/2023\/10\/conseil.jpeg","datePublished":"2023-10-15T21:20:17+00:00","dateModified":"2023-10-15T21:20:22+00:00","breadcrumb":{"@id":"https:\/\/lasentinelle.dz\/index.php\/2023\/10\/15\/conseil-des-ministres-de-nouvelles-wilayas-deleguees-pour-le-sud\/#breadcrumb"},"inLanguage":"fr-FR","potentialAction":[{"@type":"ReadAction","target":["https:\/\/lasentinelle.dz\/index.php\/2023\/10\/15\/conseil-des-ministres-de-nouvelles-wilayas-deleguees-pour-le-sud\/"]}]},{"@type":"ImageObject","inLanguage":"fr-FR","@id":"https:\/\/lasentinelle.dz\/index.php\/2023\/10\/15\/conseil-des-ministres-de-nouvelles-wilayas-deleguees-pour-le-sud\/#primaryimage","url":"https:\/\/lasentinelle.dz\/wp-content\/uploads\/2023\/10\/conseil.jpeg","contentUrl":"https:\/\/lasentinelle.dz\/wp-content\/uploads\/2023\/10\/conseil.jpeg","width":1920,"height":1080},{"@type":"BreadcrumbList","@id":"https:\/\/lasentinelle.dz\/index.php\/2023\/10\/15\/conseil-des-ministres-de-nouvelles-wilayas-deleguees-pour-le-sud\/#breadcrumb","itemListElement":[{"@type":"ListItem","position":1,"name":"Accueil","item":"https:\/\/lasentinelle.dz\/"},{"@type":"ListItem","position":2,"name":"Conseil des ministres\u00a0: De nouvelles wilayas d\u00e9l\u00e9gu\u00e9es pour le Sud"}]},{"@type":"WebSite","@id":"https:\/\/lasentinelle.dz\/#website","url":"https:\/\/lasentinelle.dz\/","name":"La Sentinelle","description":"Quotidien national d&#039;information","publisher":{"@id":"https:\/\/lasentinelle.dz\/#organization"},"potentialAction":[{"@type":"SearchAction","target":{"@type":"EntryPoint","urlTemplate":"https:\/\/lasentinelle.dz\/?s={search_term_string}"},"query-input":{"@type":"PropertyValueSpecification","valueRequired":true,"valueName":"search_term_string"}}],"inLanguage":"fr-FR"},{"@type":"Organization","@id":"https:\/\/lasentinelle.dz\/#organization","name":"Quotidien La Sentinelle","url":"https:\/\/lasentinelle.dz\/","logo":{"@type":"ImageObject","inLanguage":"fr-FR","@id":"https:\/\/lasentinelle.dz\/#\/schema\/logo\/image\/","url":"https:\/\/lasentinelle.dz\/wp-content\/uploads\/2021\/09\/logo-sentinelleSLOGAN-1.png","contentUrl":"https:\/\/lasentinelle.dz\/wp-content\/uploads\/2021\/09\/logo-sentinelleSLOGAN-1.png","width":615,"height":142,"caption":"Quotidien La Sentinelle"},"image":{"@id":"https:\/\/lasentinelle.dz\/#\/schema\/logo\/image\/"},"sameAs":["https:\/\/www.facebook.com\/La-Sentinelle-104059864394773"]},{"@type":"Person","@id":"https:\/\/lasentinelle.dz\/#\/schema\/person\/d865044e22e70a75174ce8bcad3acfb3","name":"La Sentinelle","image":{"@type":"ImageObject","inLanguage":"fr-FR","@id":"https:\/\/secure.gravatar.com\/avatar\/57de8e5d4b15d43fb361a71fbb36338450fe67865b528a43dd10ef7c51a20392?s=96&d=mm&r=g","url":"https:\/\/secure.gravatar.com\/avatar\/57de8e5d4b15d43fb361a71fbb36338450fe67865b528a43dd10ef7c51a20392?s=96&d=mm&r=g","contentUrl":"https:\/\/secure.gravatar.com\/avatar\/57de8e5d4b15d43fb361a71fbb36338450fe67865b528a43dd10ef7c51a20392?s=96&d=mm&r=g","caption":"La Sentinelle"},"sameAs":["http:\/\/www.lasentinelle.dz"],"url":"https:\/\/lasentinelle.dz\/author\/redaction\/"}]}},"_links":{"self":[{"href":"https:\/\/lasentinelle.dz\/index.php\/wp-json\/wp\/v2\/posts\/46343","targetHints":{"allow":["GET"]}}],"collection":[{"href":"https:\/\/lasentinelle.dz\/index.php\/wp-json\/wp\/v2\/posts"}],"about":[{"href":"https:\/\/lasentinelle.dz\/index.php\/wp-json\/wp\/v2\/types\/post"}],"author":[{"embeddable":true,"href":"https:\/\/lasentinelle.dz\/index.php\/wp-json\/wp\/v2\/users\/3"}],"replies":[{"embeddable":true,"href":"https:\/\/lasentinelle.dz\/index.php\/wp-json\/wp\/v2\/comments?post=46343"}],"version-history":[{"count":1,"href":"https:\/\/lasentinelle.dz\/index.php\/wp-json\/wp\/v2\/posts\/46343\/revisions"}],"predecessor-version":[{"id":46345,"href":"https:\/\/lasentinelle.dz\/index.php\/wp-json\/wp\/v2\/posts\/46343\/revisions\/46345"}],"wp:featuredmedia":[{"embeddable":true,"href":"https:\/\/lasentinelle.dz\/index.php\/wp-json\/wp\/v2\/media\/46344"}],"wp:attachment":[{"href":"https:\/\/lasentinelle.dz\/index.php\/wp-json\/wp\/v2\/media?parent=46343"}],"wp:term":[{"taxonomy":"category","embeddable":true,"href":"https:\/\/lasentinelle.dz\/index.php\/wp-json\/wp\/v2\/categories?post=46343"},{"taxonomy":"post_tag","embeddable":true,"href":"https:\/\/lasentinelle.dz\/index.php\/wp-json\/wp\/v2\/tags?post=46343"}],"curies":[{"name":"wp","href":"https:\/\/api.w.org\/{rel}","templated":true}]}}