{"id":46518,"date":"2023-10-21T22:14:21","date_gmt":"2023-10-21T21:14:21","guid":{"rendered":"https:\/\/lasentinelle.dz\/?p=46518"},"modified":"2023-10-21T22:14:22","modified_gmt":"2023-10-21T21:14:22","slug":"un-pont-aerien-pour-lenvoi-daides-humanitaires-algeriennes-a-ghaza","status":"publish","type":"post","link":"https:\/\/lasentinelle.dz\/index.php\/2023\/10\/21\/un-pont-aerien-pour-lenvoi-daides-humanitaires-algeriennes-a-ghaza\/","title":{"rendered":"Un pont a\u00e9rien pour l\u2019envoi d\u2019aides humanitaires alg\u00e9riennes \u00e0 Ghaza"},"content":{"rendered":"\n<p>Le pr\u00e9sident de la R\u00e9publique a donn\u00e9 des instructions pour l\u2019envoi d\u2019importantes aides humanitaires \u00e0 Ghaza et la mise en place d\u2019un pont a\u00e9rien dans cet objectif.<\/p>\n\n\n\n<p>Le passage de Rafah a finalement \u00e9t\u00e9 ouvert hier pour permettre l\u2019acc\u00e8s d\u2019aides humanitaires vers la Bande de Ghaza. Dans ce contexte, l\u2019Alg\u00e9rie, fid\u00e8le \u00e0 son engagement aux c\u00f4t\u00e9s des Palestiniens et de leur cause, prend des mesures afin de faire parvenir d\u2019importantes aides aux Palestiniens de Ghaza. Ainsi sur instruction du pr\u00e9sident de la R\u00e9publique, M. Abdelmadjid Tebboune, l\u2019Alg\u00e9rie a d\u00e9cid\u00e9 l&rsquo;envoi d&rsquo;urgence d&rsquo;importantes aides humanitaires \u00e0 la bande de Ghaza via le terminal de Rafah, \u00e0 travers un pont a\u00e9rien compos\u00e9 de plusieurs avions relevant des Forces a\u00e9riennes de l&rsquo;Arm\u00e9e nationale populaire (ANP).&nbsp; \u00ab\u00a0Sur instruction du pr\u00e9sident de la R\u00e9publique, M. Abdelmadjid Tebboune, l\u2019Alg\u00e9rie a d\u00e9cid\u00e9 d\u2019envoyer en urgence d&rsquo;importantes aides humanitaires vers l\u2019A\u00e9roport El-Arich en R\u00e9publique arabe d\u2019Egypte, pays fr\u00e8re, pour les introduire dans la bande de Ghaza via le terminal de Rafah\u00a0\u00bb, indique, samedi, un communiqu\u00e9 de la Pr\u00e9sidence de la R\u00e9publique.. \u00ab\u00a0Ces aides sont constitu\u00e9es de produits alimentaires et m\u00e9dicaux, de v\u00eatements et de tentes qui seront achemin\u00e9s via un pont a\u00e9rien compos\u00e9 de plusieurs avions relevant des Forces a\u00e9riennes de l\u2019ANP\u00a0\u00bb, pr\u00e9cise la m\u00eame source. \u00ab\u00a0Ces aides urgentes expriment l\u2019engagement de solidarit\u00e9 inconditionnelle et illimit\u00e9e de l&rsquo;Alg\u00e9rie, dirigeants et peuple, envers le peuple palestinien fr\u00e8re, victime de l\u2019agression continue notamment dans la bande de Ghaza, perp\u00e9tr\u00e9e par les forces de l\u2019occupation sur fond d\u2019un blocus total et inique\u00a0\u00bb, conclut le communiqu\u00e9.<\/p>\n\n\n\n<p>Notons sans ce contexte que le croissant alg\u00e9rien et plusieurs associations de la soci\u00e9t\u00e9 civile se sont mobilis\u00e9es afin de pr\u00e9parer les aides et collecter des dons en faveur des Palestiniens. Il est utile de rappeler dans ce contexte que les Alg\u00e9riens se sont mobilis\u00e9s pour soutenir les Palestiniens. Jeudi des dizaines de milliers d\u2019Alg\u00e9riens ont battu le pav\u00e9 dans d\u2019importantes manifestations pour afficher leur soutien aux Palestiniens, d\u00e9noncer l\u2019agression sioniste et les attaques contre les Palestiniens et exiger l\u2019acc\u00e8s des aides humanitaires vers Ghaza.<\/p>\n\n\n\n<p>Notons que 20 camions charg\u00e9s d\u2019aide humanitaire sont entr\u00e9s hier \u00e0 Ghaza \u00e0 travers le poste-fronti\u00e8re de Rafah en Egypte, apr\u00e8s un blocus complet de deux semaines impos\u00e9 par l\u2019entit\u00e9 sioniste qui m\u00e8ne une agression meurtri\u00e8re contre l\u2019enclave palestinienne,. Ce nombre de camions reste toutefois insuffisant selon l\u2019ONU qui estime \u00e0 au moins 100 camions par jour les besoins des Ghazaouis. Avant cette agression, ils d\u00e9pendaient d\u00e9j\u00e0 pour 60% d\u2019entre eux de l\u2019aide alimentaire internationale.<\/p>\n\n\n\n<p>Ce \u00ab premier convoi ne doit pas \u00eatre le dernier \u00bb, a pr\u00e9venu, dans ce sebns le patron de l\u2019humanitaire de l\u2019ONU Martin Griffiths. \u00ab Je suis confiant que ce chargement sera le d\u00e9but d\u2019un effort durable pour fournir des biens essentiels \u2013notamment de la nourriture, de l\u2019eau, des m\u00e9dicaments et du carburant\u2013 aux Ghazaouis de fa\u00e7on s\u00e9curis\u00e9e, inconditionnelle et sans obstacle \u00bb, a-t-il ajout\u00e9. Le Programme alimentaire mondial (PAM), dont le si\u00e8ge est \u00e0 Rome, a indiqu\u00e9 dans un communiqu\u00e9 que le convoi qui a emprunt\u00e9 le point de passage de Rafah comprenait \u00ab trois camions charg\u00e9s de 60 tonnes de produits alimentaires d\u2019urgence du PAM \u00bb. \u00ab Cette nourriture est d\u00e9sesp\u00e9r\u00e9ment n\u00e9cessaire car les conditions \u00e0 l\u2019int\u00e9rieur du sud de Gaza sont vraiment catastrophiques \u00bb, a d\u00e9clar\u00e9 Cindy McCain, directrice ex\u00e9cutive du PAM, cit\u00e9e dans le communiqu\u00e9.<\/p>\n\n\n\n<p>Cependant, le minist\u00e8re de la Sant\u00e9 de Gaza a annonc\u00e9 que ces aides humanitaires parvenues ne repr\u00e9sentent que 3 % de ce qui arrivait avant la guerre. La m\u00eame source a soulign\u00e9 qu'\u00a0\u00bbenviron 600 camions entraient dans la bande de Gaza avant le d\u00e9but de l&rsquo;agression isra\u00e9lienne\u00a0\u00bb. Le minist\u00e8re a ajout\u00e9 que \u00ab\u00a0L&rsquo;introduction de l&rsquo;aide m\u00e9dicale dans la bande de Gaza sera importante si elle r\u00e9pond \u00e0 nos besoins imm\u00e9diats dans les services d&rsquo;urgence, les unit\u00e9s de soins intensifs et les salles d&rsquo;op\u00e9ration de tous les h\u00f4pitaux de la bande\u00a0\u00bb. \u00ab\u00a0L&rsquo;exclusion du carburant des aides humanitaires, maintiendra le danger pour la vie des malades et des bless\u00e9s et la poursuite des services de secours qui sauvent des vies\u00a0\u00bb, a affirm\u00e9 le minist\u00e8re.<\/p>\n\n\n\n<p><strong>Hocine Fadheli<\/strong><\/p>\n","protected":false},"excerpt":{"rendered":"<p>Le pr\u00e9sident de la R\u00e9publique a donn\u00e9 des instructions pour l\u2019envoi d\u2019importantes aides humanitaires \u00e0 Ghaza et la mise en<\/p>\n","protected":false},"author":3,"featured_media":46519,"comment_status":"closed","ping_status":"closed","sticky":false,"template":"","format":"standard","meta":{"colormag_page_container_layout":"default_layout","colormag_page_sidebar_layout":"default_layout","om_disable_all_campaigns":false,"_monsterinsights_skip_tracking":false,"_monsterinsights_sitenote_active":false,"_monsterinsights_sitenote_note":"","_monsterinsights_sitenote_category":0,"footnotes":"","_wpscppro_dont_share_socialmedia":false,"_wpscppro_custom_social_share_image":0,"_facebook_share_type":"","_twitter_share_type":"","_linkedin_share_type":"","_pinterest_share_type":"","_linkedin_share_type_page":"","_instagram_share_type":"","_medium_share_type":"","_threads_share_type":"","_google_business_share_type":"","_selected_social_profile":[],"_wpsp_enable_custom_social_template":false,"_wpsp_social_scheduling":{"enabled":false,"datetime":null,"platforms":[],"status":"template_only","dateOption":"today","timeOption":"now","customDays":"","customHours":"","customDate":"","customTime":"","schedulingType":"absolute"},"_wpsp_active_default_template":true},"categories":[27],"tags":[],"class_list":["post-46518","post","type-post","status-publish","format-standard","has-post-thumbnail","hentry","category-actualite"],"aioseo_notices":[],"yoast_head":"<!-- This site is optimized with the Yoast SEO plugin v27.5 - https:\/\/yoast.com\/product\/yoast-seo-wordpress\/ -->\n<title>Un pont a\u00e9rien pour l\u2019envoi d\u2019aides humanitaires alg\u00e9riennes \u00e0 Ghaza - La Sentinelle<\/title>\n<meta name=\"robots\" content=\"index, follow, max-snippet:-1, max-image-preview:large, max-video-preview:-1\" \/>\n<link rel=\"canonical\" href=\"https:\/\/lasentinelle.dz\/index.php\/2023\/10\/21\/un-pont-aerien-pour-lenvoi-daides-humanitaires-algeriennes-a-ghaza\/\" \/>\n<meta property=\"og:locale\" content=\"fr_FR\" \/>\n<meta property=\"og:type\" content=\"article\" \/>\n<meta property=\"og:title\" content=\"Un pont a\u00e9rien pour l\u2019envoi d\u2019aides humanitaires alg\u00e9riennes \u00e0 Ghaza - La Sentinelle\" \/>\n<meta property=\"og:description\" content=\"Le pr\u00e9sident de la R\u00e9publique a donn\u00e9 des instructions pour l\u2019envoi d\u2019importantes aides humanitaires \u00e0 Ghaza et la mise en\" \/>\n<meta property=\"og:url\" content=\"https:\/\/lasentinelle.dz\/index.php\/2023\/10\/21\/un-pont-aerien-pour-lenvoi-daides-humanitaires-algeriennes-a-ghaza\/\" \/>\n<meta property=\"og:site_name\" content=\"La Sentinelle\" \/>\n<meta property=\"article:publisher\" content=\"https:\/\/www.facebook.com\/La-Sentinelle-104059864394773\" \/>\n<meta property=\"article:published_time\" content=\"2023-10-21T21:14:21+00:00\" \/>\n<meta property=\"article:modified_time\" content=\"2023-10-21T21:14:22+00:00\" \/>\n<meta property=\"og:image\" content=\"https:\/\/lasentinelle.dz\/wp-content\/uploads\/2023\/10\/aides.webp\" \/>\n\t<meta property=\"og:image:width\" content=\"780\" \/>\n\t<meta property=\"og:image:height\" content=\"516\" \/>\n\t<meta property=\"og:image:type\" content=\"image\/webp\" \/>\n<meta name=\"author\" content=\"La Sentinelle\" \/>\n<meta name=\"twitter:card\" content=\"summary_large_image\" \/>\n<meta name=\"twitter:label1\" content=\"\u00c9crit par\" \/>\n\t<meta name=\"twitter:data1\" content=\"La Sentinelle\" \/>\n\t<meta name=\"twitter:label2\" content=\"Dur\u00e9e de lecture estim\u00e9e\" \/>\n\t<meta name=\"twitter:data2\" content=\"4 minutes\" \/>\n<script type=\"application\/ld+json\" class=\"yoast-schema-graph\">{\"@context\":\"https:\\\/\\\/schema.org\",\"@graph\":[{\"@type\":\"Article\",\"@id\":\"https:\\\/\\\/lasentinelle.dz\\\/index.php\\\/2023\\\/10\\\/21\\\/un-pont-aerien-pour-lenvoi-daides-humanitaires-algeriennes-a-ghaza\\\/#article\",\"isPartOf\":{\"@id\":\"https:\\\/\\\/lasentinelle.dz\\\/index.php\\\/2023\\\/10\\\/21\\\/un-pont-aerien-pour-lenvoi-daides-humanitaires-algeriennes-a-ghaza\\\/\"},\"author\":{\"name\":\"La Sentinelle\",\"@id\":\"https:\\\/\\\/lasentinelle.dz\\\/#\\\/schema\\\/person\\\/d865044e22e70a75174ce8bcad3acfb3\"},\"headline\":\"Un pont a\u00e9rien pour l\u2019envoi d\u2019aides humanitaires alg\u00e9riennes \u00e0 Ghaza\",\"datePublished\":\"2023-10-21T21:14:21+00:00\",\"dateModified\":\"2023-10-21T21:14:22+00:00\",\"mainEntityOfPage\":{\"@id\":\"https:\\\/\\\/lasentinelle.dz\\\/index.php\\\/2023\\\/10\\\/21\\\/un-pont-aerien-pour-lenvoi-daides-humanitaires-algeriennes-a-ghaza\\\/\"},\"wordCount\":796,\"publisher\":{\"@id\":\"https:\\\/\\\/lasentinelle.dz\\\/#organization\"},\"image\":{\"@id\":\"https:\\\/\\\/lasentinelle.dz\\\/index.php\\\/2023\\\/10\\\/21\\\/un-pont-aerien-pour-lenvoi-daides-humanitaires-algeriennes-a-ghaza\\\/#primaryimage\"},\"thumbnailUrl\":\"https:\\\/\\\/lasentinelle.dz\\\/wp-content\\\/uploads\\\/2023\\\/10\\\/aides.webp\",\"articleSection\":[\"Actualit\u00e9\"],\"inLanguage\":\"fr-FR\"},{\"@type\":\"WebPage\",\"@id\":\"https:\\\/\\\/lasentinelle.dz\\\/index.php\\\/2023\\\/10\\\/21\\\/un-pont-aerien-pour-lenvoi-daides-humanitaires-algeriennes-a-ghaza\\\/\",\"url\":\"https:\\\/\\\/lasentinelle.dz\\\/index.php\\\/2023\\\/10\\\/21\\\/un-pont-aerien-pour-lenvoi-daides-humanitaires-algeriennes-a-ghaza\\\/\",\"name\":\"Un pont a\u00e9rien pour l\u2019envoi d\u2019aides humanitaires alg\u00e9riennes \u00e0 Ghaza - La Sentinelle\",\"isPartOf\":{\"@id\":\"https:\\\/\\\/lasentinelle.dz\\\/#website\"},\"primaryImageOfPage\":{\"@id\":\"https:\\\/\\\/lasentinelle.dz\\\/index.php\\\/2023\\\/10\\\/21\\\/un-pont-aerien-pour-lenvoi-daides-humanitaires-algeriennes-a-ghaza\\\/#primaryimage\"},\"image\":{\"@id\":\"https:\\\/\\\/lasentinelle.dz\\\/index.php\\\/2023\\\/10\\\/21\\\/un-pont-aerien-pour-lenvoi-daides-humanitaires-algeriennes-a-ghaza\\\/#primaryimage\"},\"thumbnailUrl\":\"https:\\\/\\\/lasentinelle.dz\\\/wp-content\\\/uploads\\\/2023\\\/10\\\/aides.webp\",\"datePublished\":\"2023-10-21T21:14:21+00:00\",\"dateModified\":\"2023-10-21T21:14:22+00:00\",\"breadcrumb\":{\"@id\":\"https:\\\/\\\/lasentinelle.dz\\\/index.php\\\/2023\\\/10\\\/21\\\/un-pont-aerien-pour-lenvoi-daides-humanitaires-algeriennes-a-ghaza\\\/#breadcrumb\"},\"inLanguage\":\"fr-FR\",\"potentialAction\":[{\"@type\":\"ReadAction\",\"target\":[\"https:\\\/\\\/lasentinelle.dz\\\/index.php\\\/2023\\\/10\\\/21\\\/un-pont-aerien-pour-lenvoi-daides-humanitaires-algeriennes-a-ghaza\\\/\"]}]},{\"@type\":\"ImageObject\",\"inLanguage\":\"fr-FR\",\"@id\":\"https:\\\/\\\/lasentinelle.dz\\\/index.php\\\/2023\\\/10\\\/21\\\/un-pont-aerien-pour-lenvoi-daides-humanitaires-algeriennes-a-ghaza\\\/#primaryimage\",\"url\":\"https:\\\/\\\/lasentinelle.dz\\\/wp-content\\\/uploads\\\/2023\\\/10\\\/aides.webp\",\"contentUrl\":\"https:\\\/\\\/lasentinelle.dz\\\/wp-content\\\/uploads\\\/2023\\\/10\\\/aides.webp\",\"width\":780,\"height\":516},{\"@type\":\"BreadcrumbList\",\"@id\":\"https:\\\/\\\/lasentinelle.dz\\\/index.php\\\/2023\\\/10\\\/21\\\/un-pont-aerien-pour-lenvoi-daides-humanitaires-algeriennes-a-ghaza\\\/#breadcrumb\",\"itemListElement\":[{\"@type\":\"ListItem\",\"position\":1,\"name\":\"Accueil\",\"item\":\"https:\\\/\\\/lasentinelle.dz\\\/\"},{\"@type\":\"ListItem\",\"position\":2,\"name\":\"Un pont a\u00e9rien pour l\u2019envoi d\u2019aides humanitaires alg\u00e9riennes \u00e0 Ghaza\"}]},{\"@type\":\"WebSite\",\"@id\":\"https:\\\/\\\/lasentinelle.dz\\\/#website\",\"url\":\"https:\\\/\\\/lasentinelle.dz\\\/\",\"name\":\"La Sentinelle\",\"description\":\"Quotidien national d&#039;information\",\"publisher\":{\"@id\":\"https:\\\/\\\/lasentinelle.dz\\\/#organization\"},\"potentialAction\":[{\"@type\":\"SearchAction\",\"target\":{\"@type\":\"EntryPoint\",\"urlTemplate\":\"https:\\\/\\\/lasentinelle.dz\\\/?s={search_term_string}\"},\"query-input\":{\"@type\":\"PropertyValueSpecification\",\"valueRequired\":true,\"valueName\":\"search_term_string\"}}],\"inLanguage\":\"fr-FR\"},{\"@type\":\"Organization\",\"@id\":\"https:\\\/\\\/lasentinelle.dz\\\/#organization\",\"name\":\"Quotidien La Sentinelle\",\"url\":\"https:\\\/\\\/lasentinelle.dz\\\/\",\"logo\":{\"@type\":\"ImageObject\",\"inLanguage\":\"fr-FR\",\"@id\":\"https:\\\/\\\/lasentinelle.dz\\\/#\\\/schema\\\/logo\\\/image\\\/\",\"url\":\"https:\\\/\\\/lasentinelle.dz\\\/wp-content\\\/uploads\\\/2021\\\/09\\\/logo-sentinelleSLOGAN-1.png\",\"contentUrl\":\"https:\\\/\\\/lasentinelle.dz\\\/wp-content\\\/uploads\\\/2021\\\/09\\\/logo-sentinelleSLOGAN-1.png\",\"width\":615,\"height\":142,\"caption\":\"Quotidien La Sentinelle\"},\"image\":{\"@id\":\"https:\\\/\\\/lasentinelle.dz\\\/#\\\/schema\\\/logo\\\/image\\\/\"},\"sameAs\":[\"https:\\\/\\\/www.facebook.com\\\/La-Sentinelle-104059864394773\"]},{\"@type\":\"Person\",\"@id\":\"https:\\\/\\\/lasentinelle.dz\\\/#\\\/schema\\\/person\\\/d865044e22e70a75174ce8bcad3acfb3\",\"name\":\"La Sentinelle\",\"image\":{\"@type\":\"ImageObject\",\"inLanguage\":\"fr-FR\",\"@id\":\"https:\\\/\\\/secure.gravatar.com\\\/avatar\\\/57de8e5d4b15d43fb361a71fbb36338450fe67865b528a43dd10ef7c51a20392?s=96&d=mm&r=g\",\"url\":\"https:\\\/\\\/secure.gravatar.com\\\/avatar\\\/57de8e5d4b15d43fb361a71fbb36338450fe67865b528a43dd10ef7c51a20392?s=96&d=mm&r=g\",\"contentUrl\":\"https:\\\/\\\/secure.gravatar.com\\\/avatar\\\/57de8e5d4b15d43fb361a71fbb36338450fe67865b528a43dd10ef7c51a20392?s=96&d=mm&r=g\",\"caption\":\"La Sentinelle\"},\"sameAs\":[\"http:\\\/\\\/www.lasentinelle.dz\"],\"url\":\"https:\\\/\\\/lasentinelle.dz\\\/author\\\/redaction\\\/\"}]}<\/script>\n<!-- \/ Yoast SEO plugin. -->","yoast_head_json":{"title":"Un pont a\u00e9rien pour l\u2019envoi d\u2019aides humanitaires alg\u00e9riennes \u00e0 Ghaza - La Sentinelle","robots":{"index":"index","follow":"follow","max-snippet":"max-snippet:-1","max-image-preview":"max-image-preview:large","max-video-preview":"max-video-preview:-1"},"canonical":"https:\/\/lasentinelle.dz\/index.php\/2023\/10\/21\/un-pont-aerien-pour-lenvoi-daides-humanitaires-algeriennes-a-ghaza\/","og_locale":"fr_FR","og_type":"article","og_title":"Un pont a\u00e9rien pour l\u2019envoi d\u2019aides humanitaires alg\u00e9riennes \u00e0 Ghaza - La Sentinelle","og_description":"Le pr\u00e9sident de la R\u00e9publique a donn\u00e9 des instructions pour l\u2019envoi d\u2019importantes aides humanitaires \u00e0 Ghaza et la mise en","og_url":"https:\/\/lasentinelle.dz\/index.php\/2023\/10\/21\/un-pont-aerien-pour-lenvoi-daides-humanitaires-algeriennes-a-ghaza\/","og_site_name":"La Sentinelle","article_publisher":"https:\/\/www.facebook.com\/La-Sentinelle-104059864394773","article_published_time":"2023-10-21T21:14:21+00:00","article_modified_time":"2023-10-21T21:14:22+00:00","og_image":[{"width":780,"height":516,"url":"https:\/\/lasentinelle.dz\/wp-content\/uploads\/2023\/10\/aides.webp","type":"image\/webp"}],"author":"La Sentinelle","twitter_card":"summary_large_image","twitter_misc":{"\u00c9crit par":"La Sentinelle","Dur\u00e9e de lecture estim\u00e9e":"4 minutes"},"schema":{"@context":"https:\/\/schema.org","@graph":[{"@type":"Article","@id":"https:\/\/lasentinelle.dz\/index.php\/2023\/10\/21\/un-pont-aerien-pour-lenvoi-daides-humanitaires-algeriennes-a-ghaza\/#article","isPartOf":{"@id":"https:\/\/lasentinelle.dz\/index.php\/2023\/10\/21\/un-pont-aerien-pour-lenvoi-daides-humanitaires-algeriennes-a-ghaza\/"},"author":{"name":"La Sentinelle","@id":"https:\/\/lasentinelle.dz\/#\/schema\/person\/d865044e22e70a75174ce8bcad3acfb3"},"headline":"Un pont a\u00e9rien pour l\u2019envoi d\u2019aides humanitaires alg\u00e9riennes \u00e0 Ghaza","datePublished":"2023-10-21T21:14:21+00:00","dateModified":"2023-10-21T21:14:22+00:00","mainEntityOfPage":{"@id":"https:\/\/lasentinelle.dz\/index.php\/2023\/10\/21\/un-pont-aerien-pour-lenvoi-daides-humanitaires-algeriennes-a-ghaza\/"},"wordCount":796,"publisher":{"@id":"https:\/\/lasentinelle.dz\/#organization"},"image":{"@id":"https:\/\/lasentinelle.dz\/index.php\/2023\/10\/21\/un-pont-aerien-pour-lenvoi-daides-humanitaires-algeriennes-a-ghaza\/#primaryimage"},"thumbnailUrl":"https:\/\/lasentinelle.dz\/wp-content\/uploads\/2023\/10\/aides.webp","articleSection":["Actualit\u00e9"],"inLanguage":"fr-FR"},{"@type":"WebPage","@id":"https:\/\/lasentinelle.dz\/index.php\/2023\/10\/21\/un-pont-aerien-pour-lenvoi-daides-humanitaires-algeriennes-a-ghaza\/","url":"https:\/\/lasentinelle.dz\/index.php\/2023\/10\/21\/un-pont-aerien-pour-lenvoi-daides-humanitaires-algeriennes-a-ghaza\/","name":"Un pont a\u00e9rien pour l\u2019envoi d\u2019aides humanitaires alg\u00e9riennes \u00e0 Ghaza - La Sentinelle","isPartOf":{"@id":"https:\/\/lasentinelle.dz\/#website"},"primaryImageOfPage":{"@id":"https:\/\/lasentinelle.dz\/index.php\/2023\/10\/21\/un-pont-aerien-pour-lenvoi-daides-humanitaires-algeriennes-a-ghaza\/#primaryimage"},"image":{"@id":"https:\/\/lasentinelle.dz\/index.php\/2023\/10\/21\/un-pont-aerien-pour-lenvoi-daides-humanitaires-algeriennes-a-ghaza\/#primaryimage"},"thumbnailUrl":"https:\/\/lasentinelle.dz\/wp-content\/uploads\/2023\/10\/aides.webp","datePublished":"2023-10-21T21:14:21+00:00","dateModified":"2023-10-21T21:14:22+00:00","breadcrumb":{"@id":"https:\/\/lasentinelle.dz\/index.php\/2023\/10\/21\/un-pont-aerien-pour-lenvoi-daides-humanitaires-algeriennes-a-ghaza\/#breadcrumb"},"inLanguage":"fr-FR","potentialAction":[{"@type":"ReadAction","target":["https:\/\/lasentinelle.dz\/index.php\/2023\/10\/21\/un-pont-aerien-pour-lenvoi-daides-humanitaires-algeriennes-a-ghaza\/"]}]},{"@type":"ImageObject","inLanguage":"fr-FR","@id":"https:\/\/lasentinelle.dz\/index.php\/2023\/10\/21\/un-pont-aerien-pour-lenvoi-daides-humanitaires-algeriennes-a-ghaza\/#primaryimage","url":"https:\/\/lasentinelle.dz\/wp-content\/uploads\/2023\/10\/aides.webp","contentUrl":"https:\/\/lasentinelle.dz\/wp-content\/uploads\/2023\/10\/aides.webp","width":780,"height":516},{"@type":"BreadcrumbList","@id":"https:\/\/lasentinelle.dz\/index.php\/2023\/10\/21\/un-pont-aerien-pour-lenvoi-daides-humanitaires-algeriennes-a-ghaza\/#breadcrumb","itemListElement":[{"@type":"ListItem","position":1,"name":"Accueil","item":"https:\/\/lasentinelle.dz\/"},{"@type":"ListItem","position":2,"name":"Un pont a\u00e9rien pour l\u2019envoi d\u2019aides humanitaires alg\u00e9riennes \u00e0 Ghaza"}]},{"@type":"WebSite","@id":"https:\/\/lasentinelle.dz\/#website","url":"https:\/\/lasentinelle.dz\/","name":"La Sentinelle","description":"Quotidien national d&#039;information","publisher":{"@id":"https:\/\/lasentinelle.dz\/#organization"},"potentialAction":[{"@type":"SearchAction","target":{"@type":"EntryPoint","urlTemplate":"https:\/\/lasentinelle.dz\/?s={search_term_string}"},"query-input":{"@type":"PropertyValueSpecification","valueRequired":true,"valueName":"search_term_string"}}],"inLanguage":"fr-FR"},{"@type":"Organization","@id":"https:\/\/lasentinelle.dz\/#organization","name":"Quotidien La Sentinelle","url":"https:\/\/lasentinelle.dz\/","logo":{"@type":"ImageObject","inLanguage":"fr-FR","@id":"https:\/\/lasentinelle.dz\/#\/schema\/logo\/image\/","url":"https:\/\/lasentinelle.dz\/wp-content\/uploads\/2021\/09\/logo-sentinelleSLOGAN-1.png","contentUrl":"https:\/\/lasentinelle.dz\/wp-content\/uploads\/2021\/09\/logo-sentinelleSLOGAN-1.png","width":615,"height":142,"caption":"Quotidien La Sentinelle"},"image":{"@id":"https:\/\/lasentinelle.dz\/#\/schema\/logo\/image\/"},"sameAs":["https:\/\/www.facebook.com\/La-Sentinelle-104059864394773"]},{"@type":"Person","@id":"https:\/\/lasentinelle.dz\/#\/schema\/person\/d865044e22e70a75174ce8bcad3acfb3","name":"La Sentinelle","image":{"@type":"ImageObject","inLanguage":"fr-FR","@id":"https:\/\/secure.gravatar.com\/avatar\/57de8e5d4b15d43fb361a71fbb36338450fe67865b528a43dd10ef7c51a20392?s=96&d=mm&r=g","url":"https:\/\/secure.gravatar.com\/avatar\/57de8e5d4b15d43fb361a71fbb36338450fe67865b528a43dd10ef7c51a20392?s=96&d=mm&r=g","contentUrl":"https:\/\/secure.gravatar.com\/avatar\/57de8e5d4b15d43fb361a71fbb36338450fe67865b528a43dd10ef7c51a20392?s=96&d=mm&r=g","caption":"La Sentinelle"},"sameAs":["http:\/\/www.lasentinelle.dz"],"url":"https:\/\/lasentinelle.dz\/author\/redaction\/"}]}},"_links":{"self":[{"href":"https:\/\/lasentinelle.dz\/index.php\/wp-json\/wp\/v2\/posts\/46518","targetHints":{"allow":["GET"]}}],"collection":[{"href":"https:\/\/lasentinelle.dz\/index.php\/wp-json\/wp\/v2\/posts"}],"about":[{"href":"https:\/\/lasentinelle.dz\/index.php\/wp-json\/wp\/v2\/types\/post"}],"author":[{"embeddable":true,"href":"https:\/\/lasentinelle.dz\/index.php\/wp-json\/wp\/v2\/users\/3"}],"replies":[{"embeddable":true,"href":"https:\/\/lasentinelle.dz\/index.php\/wp-json\/wp\/v2\/comments?post=46518"}],"version-history":[{"count":1,"href":"https:\/\/lasentinelle.dz\/index.php\/wp-json\/wp\/v2\/posts\/46518\/revisions"}],"predecessor-version":[{"id":46520,"href":"https:\/\/lasentinelle.dz\/index.php\/wp-json\/wp\/v2\/posts\/46518\/revisions\/46520"}],"wp:featuredmedia":[{"embeddable":true,"href":"https:\/\/lasentinelle.dz\/index.php\/wp-json\/wp\/v2\/media\/46519"}],"wp:attachment":[{"href":"https:\/\/lasentinelle.dz\/index.php\/wp-json\/wp\/v2\/media?parent=46518"}],"wp:term":[{"taxonomy":"category","embeddable":true,"href":"https:\/\/lasentinelle.dz\/index.php\/wp-json\/wp\/v2\/categories?post=46518"},{"taxonomy":"post_tag","embeddable":true,"href":"https:\/\/lasentinelle.dz\/index.php\/wp-json\/wp\/v2\/tags?post=46518"}],"curies":[{"name":"wp","href":"https:\/\/api.w.org\/{rel}","templated":true}]}}