{"id":46541,"date":"2023-10-22T22:28:39","date_gmt":"2023-10-22T21:28:39","guid":{"rendered":"https:\/\/lasentinelle.dz\/?p=46541"},"modified":"2023-10-22T22:28:40","modified_gmt":"2023-10-22T21:28:40","slug":"5e-journee-algero-allemande-de-lenergie-lexportation-de-lhydrogene-vert-en-question","status":"publish","type":"post","link":"https:\/\/lasentinelle.dz\/index.php\/2023\/10\/22\/5e-journee-algero-allemande-de-lenergie-lexportation-de-lhydrogene-vert-en-question\/","title":{"rendered":"5e Journ\u00e9e alg\u00e9ro-allemande de l&rsquo;\u00e9nergie\u00a0: L\u2019exportation de l\u2019hydrog\u00e8ne vert en question"},"content":{"rendered":"\n<p>Les Allemands affichent un int\u00e9r\u00eat certain pour le d\u00e9veloppement de la production d\u2019hydrog\u00e8ne vert en Alg\u00e9rie ainsi que ses perspectives d\u2019exportation vers l\u2019Europe. Une question qui a \u00e9t\u00e9 au c\u0153ur d\u2019entretiens entres responsables alg\u00e9riens et Allemands \u00e0 la veille de la 5<sup>e<\/sup> Journ\u00e9e alg\u00e9ro-allemande de l&rsquo;\u00e9nergie pr\u00e9vue aujourd\u2019hui \u00e0 Alger.<\/p>\n\n\n\n<p>La 5<sup>e<\/sup> Journ\u00e9e alg\u00e9ro-allemande de l&rsquo;\u00e9nergie s\u2019ouvre aujourd\u2019hui \u00e0 Alger. Une journ\u00e9e qui se tient chaque ann\u00e9e dans le cadre du dialogue instaur\u00e9 depuis 2015 par le partenariat strat\u00e9gique \u00e9nerg\u00e9tique alg\u00e9ro-allemand. Les travaux de cette r\u00e9union doivent se pencher sur les opportunit\u00e9s de coop\u00e9ration dans les domaines \u00e9nerg\u00e9tiques, notamment en ce qui concerne la production d\u2019\u00e9lectricit\u00e9 de source renouvelable, mais aussi la production d\u2019hydrog\u00e8ne vert. Une question qui a d\u2019ailleurs \u00e9t\u00e9 hier au menu d\u2019entretiens entre le ministre de l&rsquo;\u00c9nergie et des Mines, Mohamed Arkab, et le secr\u00e9taire d&rsquo;\u00c9tat parlementaire aupr\u00e8s du minist\u00e8re allemande de l&rsquo;\u00c9conomie et la Protection du Climat, Stefan Wenzel.<\/p>\n\n\n\n<p>Selon un communiqu\u00e9 du minist\u00e8re de l\u2019\u00c9nergie et des Mines, les deux responsables \u00ab&nbsp;ont discut\u00e9 des relations bilat\u00e9rales alg\u00e9ro-allemandes dans le domaine de l&rsquo;\u00e9nergie, en particulier de l&rsquo;\u00e9tat du partenariat strat\u00e9gique alg\u00e9ro-allemand en mati\u00e8re d&rsquo;\u00e9nergie, et ont exprim\u00e9 leur satisfaction quant aux mesures prises avec les partenaires allemands dans le domaine de l&rsquo;\u00e9nergie, en particulier dans le domaine des \u00e9nergies renouvelables, du d\u00e9veloppement de l&rsquo;hydrog\u00e8ne et de l&rsquo;efficacit\u00e9 \u00e9nerg\u00e9tique en Alg\u00e9rie&nbsp;\u00bb.<\/p>\n\n\n\n<p>Les deux parties ont \u00e9galement discut\u00e9 des travaux de la cinqui\u00e8me journ\u00e9e de l&rsquo;\u00e9nergie alg\u00e9ro-allemande, plac\u00e9e sous le th\u00e8me \u00ab\u00a0Les technologies futures qui nous rassemblent &#8211; \u00e9nergies renouvelables et hydrog\u00e8ne vert\u00a0\u00bb.<\/p>\n\n\n\n<p>Selon la m\u00eame source, \u00ab&nbsp;les deux parties ont \u00e9galement examin\u00e9 les possibilit\u00e9s de mise en place de relations de coop\u00e9ration \u00e0 travers des projets mutuellement b\u00e9n\u00e9fiques, en particulier le d\u00e9veloppement, le transport et la commercialisation de l&rsquo;hydrog\u00e8ne vert, la r\u00e9duction de l&#8217;empreinte carbone et des \u00e9missions, dans le cadre de la coop\u00e9ration entre Sonatrach et l&rsquo;allemand VNG, ainsi que l&rsquo;interconnexion \u00e9lectrique, l&rsquo;\u00e9change d&rsquo;exp\u00e9riences et d&rsquo;expertise, ainsi que la formation&nbsp;\u00bb.<\/p>\n\n\n\n<p>Dans ce cadre, le ministre de l&rsquo;\u00c9nergie et des Mines a soulign\u00e9 l&rsquo;importance accord\u00e9e \u00e0 la coop\u00e9ration alg\u00e9ro-allemande dans le domaine des nouvelles technologies et des techniques, en particulier le d\u00e9veloppement de l&rsquo;hydrog\u00e8ne, et l&rsquo;int\u00e9r\u00eat de l&rsquo;Alg\u00e9rie \u00e0 concr\u00e9tiser cette coop\u00e9ration par la mise en \u0153uvre de projets communs b\u00e9n\u00e9fiques pour les deux parties. De son c\u00f4t\u00e9, M. Wenzel a soulign\u00e9 l&rsquo;int\u00e9r\u00eat que les entreprises allemandes portent au march\u00e9 alg\u00e9rien et a exprim\u00e9 la volont\u00e9 de la partie allemande d&rsquo;explorer toutes les opportunit\u00e9s disponibles pour d\u00e9velopper une coop\u00e9ration mutuellement b\u00e9n\u00e9fique et r\u00e9aliser les objectifs souhait\u00e9s par les deux parties. Il est utile de rappeler dans ce contexte que l\u2019Allemagne affiche un int\u00e9r\u00eat particulier pour le d\u00e9veloppement de l\u2019hydrog\u00e8ne vert et ses d\u00e9riv\u00e9s en Alg\u00e9rie, ainsi que les opportunit\u00e9s d\u2019exportation de cette \u00e9nergie du futur. L\u2019Allemagne est d\u2019ailleurs avec l\u2019Italie et l\u2019Autriche partie prenante du projet de gazoduc South H2. Un pipeline qui doit \u00eatre une extension du projet de nouveau Galsi qui doit relier l\u2019Alg\u00e9rie \u00e0 l\u2019Italie et doit permettre l\u2019exportation, \u00e0 l\u2019avenir d\u2019hydrog\u00e8ne et d\u2019ammoniac verts alg\u00e9rien vers le c\u0153ur de l\u2019Europe. La coop\u00e9ration alg\u00e9ro-allemande en mati\u00e8re d\u2019hydrog\u00e8ne vert s\u2019illustre aussi par l\u2019accord sign\u00e9 en d\u00e9cembre 2022 entre la Sonatrach et l\u2019Allemand VNG AG&nbsp; ayant pour objet d\u2019examiner les opportunit\u00e9s de coop\u00e9ration pour la r\u00e9alisation des projets dans le domaine de l\u2019hydrog\u00e8ne et l\u2019ammoniac vert dans le but de les exporter vers l\u2019Allemagne.<\/p>\n\n\n\n<p>Notons que la 5e Journ\u00e9e alg\u00e9ro-allemande de l&rsquo;\u00e9nergie, qui rentre dans le cadre des activit\u00e9s du partenariat \u00e9nerg\u00e9tique alg\u00e9ro-allemand, a pour objet d&rsquo;\u00e9changer sur les perspectives de d\u00e9veloppement en Alg\u00e9rie des \u00e9nergies renouvelables, l&rsquo;hydrog\u00e8ne et de l&rsquo;efficacit\u00e9 \u00e9nerg\u00e9tique ainsi que les opportunit\u00e9s de coop\u00e9ration dans ces domaines avec l&rsquo;Allemagne. Lors de la derni\u00e8re journ\u00e9e alg\u00e9ro-allemande de l\u2019\u00e9nergie, l\u2019ancienne secr\u00e9taire d&rsquo;Etat parlementaire au minist\u00e8re allemand de l&rsquo;Economie et de la Protection du climat, Franziska Brantner, a soulign\u00e9 que l&rsquo;Allemagne avait besoin d&rsquo;importer de l&rsquo;hydrog\u00e8ne vert en grandes quantit\u00e9s afin de r\u00e9pondre aux besoins des secteurs de l&rsquo;Industrie et des transports, ajoutant qu&rsquo;une enveloppe importante sera consacr\u00e9e au financement et \u00e0 l&rsquo;appui et \u00e0 l&rsquo;\u00e9largissement de cette strat\u00e9gie aux pays partenaires. L&rsquo;Allemagne et l&rsquo;Alg\u00e9rie ont d\u00e9cid\u00e9 en 2015 de renforcer et d&rsquo;approfondir leur collaboration dans le secteur de l&rsquo;\u00e9nergie en \u00e9tablissant le partenariat \u00e9nerg\u00e9tique bilat\u00e9ral. Ce format permet un \u00e9change de bonnes pratiques et d&rsquo;exp\u00e9riences entre les parties prenantes cl\u00e9s, visant \u00e0 relever des d\u00e9fis communs, tels que le changement climatique et la fourniture de solutions \u00e9conomiquement viables pour le succ\u00e8s de la transition \u00e9nerg\u00e9tique.<\/p>\n\n\n\n<p>Sabrina Aziouez<\/p>\n","protected":false},"excerpt":{"rendered":"<p>Les Allemands affichent un int\u00e9r\u00eat certain pour le d\u00e9veloppement de la production d\u2019hydrog\u00e8ne vert en Alg\u00e9rie ainsi que ses perspectives<\/p>\n","protected":false},"author":3,"featured_media":42560,"comment_status":"open","ping_status":"closed","sticky":false,"template":"","format":"standard","meta":{"colormag_page_container_layout":"default_layout","colormag_page_sidebar_layout":"default_layout","om_disable_all_campaigns":false,"_monsterinsights_skip_tracking":false,"_monsterinsights_sitenote_active":false,"_monsterinsights_sitenote_note":"","_monsterinsights_sitenote_category":0,"footnotes":"","_wpscppro_dont_share_socialmedia":false,"_wpscppro_custom_social_share_image":0,"_facebook_share_type":"","_twitter_share_type":"","_linkedin_share_type":"","_pinterest_share_type":"","_linkedin_share_type_page":"","_instagram_share_type":"","_medium_share_type":"","_threads_share_type":"","_google_business_share_type":"","_selected_social_profile":[],"_wpsp_enable_custom_social_template":false,"_wpsp_social_scheduling":{"enabled":false,"datetime":null,"platforms":[],"status":"template_only","dateOption":"today","timeOption":"now","customDays":"","customHours":"","customDate":"","customTime":"","schedulingType":"absolute"},"_wpsp_active_default_template":true},"categories":[52,29],"tags":[],"class_list":["post-46541","post","type-post","status-publish","format-standard","has-post-thumbnail","hentry","category-a-la-une","category-economie"],"aioseo_notices":[],"yoast_head":"<!-- This site is optimized with the Yoast SEO plugin v27.5 - https:\/\/yoast.com\/product\/yoast-seo-wordpress\/ -->\n<title>5e Journ\u00e9e alg\u00e9ro-allemande de l&rsquo;\u00e9nergie\u00a0: L\u2019exportation de l\u2019hydrog\u00e8ne vert en question - La Sentinelle<\/title>\n<meta name=\"robots\" content=\"index, follow, max-snippet:-1, max-image-preview:large, max-video-preview:-1\" \/>\n<link rel=\"canonical\" href=\"https:\/\/lasentinelle.dz\/index.php\/2023\/10\/22\/5e-journee-algero-allemande-de-lenergie-lexportation-de-lhydrogene-vert-en-question\/\" \/>\n<meta property=\"og:locale\" content=\"fr_FR\" \/>\n<meta property=\"og:type\" content=\"article\" \/>\n<meta property=\"og:title\" content=\"5e Journ\u00e9e alg\u00e9ro-allemande de l&rsquo;\u00e9nergie\u00a0: L\u2019exportation de l\u2019hydrog\u00e8ne vert en question - La Sentinelle\" \/>\n<meta property=\"og:description\" content=\"Les Allemands affichent un int\u00e9r\u00eat certain pour le d\u00e9veloppement de la production d\u2019hydrog\u00e8ne vert en Alg\u00e9rie ainsi que ses perspectives\" \/>\n<meta property=\"og:url\" content=\"https:\/\/lasentinelle.dz\/index.php\/2023\/10\/22\/5e-journee-algero-allemande-de-lenergie-lexportation-de-lhydrogene-vert-en-question\/\" \/>\n<meta property=\"og:site_name\" content=\"La Sentinelle\" \/>\n<meta property=\"article:publisher\" content=\"https:\/\/www.facebook.com\/La-Sentinelle-104059864394773\" \/>\n<meta property=\"article:published_time\" content=\"2023-10-22T21:28:39+00:00\" \/>\n<meta property=\"article:modified_time\" content=\"2023-10-22T21:28:40+00:00\" \/>\n<meta property=\"og:image\" content=\"https:\/\/lasentinelle.dz\/wp-content\/uploads\/2023\/06\/hydrogene.jpeg\" \/>\n\t<meta property=\"og:image:width\" content=\"700\" \/>\n\t<meta property=\"og:image:height\" content=\"392\" \/>\n\t<meta property=\"og:image:type\" content=\"image\/jpeg\" \/>\n<meta name=\"author\" content=\"La Sentinelle\" \/>\n<meta name=\"twitter:card\" content=\"summary_large_image\" \/>\n<meta name=\"twitter:label1\" content=\"\u00c9crit par\" \/>\n\t<meta name=\"twitter:data1\" content=\"La Sentinelle\" \/>\n\t<meta name=\"twitter:label2\" content=\"Dur\u00e9e de lecture estim\u00e9e\" \/>\n\t<meta name=\"twitter:data2\" content=\"4 minutes\" \/>\n<script type=\"application\/ld+json\" class=\"yoast-schema-graph\">{\"@context\":\"https:\\\/\\\/schema.org\",\"@graph\":[{\"@type\":\"Article\",\"@id\":\"https:\\\/\\\/lasentinelle.dz\\\/index.php\\\/2023\\\/10\\\/22\\\/5e-journee-algero-allemande-de-lenergie-lexportation-de-lhydrogene-vert-en-question\\\/#article\",\"isPartOf\":{\"@id\":\"https:\\\/\\\/lasentinelle.dz\\\/index.php\\\/2023\\\/10\\\/22\\\/5e-journee-algero-allemande-de-lenergie-lexportation-de-lhydrogene-vert-en-question\\\/\"},\"author\":{\"name\":\"La Sentinelle\",\"@id\":\"https:\\\/\\\/lasentinelle.dz\\\/#\\\/schema\\\/person\\\/d865044e22e70a75174ce8bcad3acfb3\"},\"headline\":\"5e Journ\u00e9e alg\u00e9ro-allemande de l&rsquo;\u00e9nergie\u00a0: L\u2019exportation de l\u2019hydrog\u00e8ne vert en question\",\"datePublished\":\"2023-10-22T21:28:39+00:00\",\"dateModified\":\"2023-10-22T21:28:40+00:00\",\"mainEntityOfPage\":{\"@id\":\"https:\\\/\\\/lasentinelle.dz\\\/index.php\\\/2023\\\/10\\\/22\\\/5e-journee-algero-allemande-de-lenergie-lexportation-de-lhydrogene-vert-en-question\\\/\"},\"wordCount\":958,\"commentCount\":0,\"publisher\":{\"@id\":\"https:\\\/\\\/lasentinelle.dz\\\/#organization\"},\"image\":{\"@id\":\"https:\\\/\\\/lasentinelle.dz\\\/index.php\\\/2023\\\/10\\\/22\\\/5e-journee-algero-allemande-de-lenergie-lexportation-de-lhydrogene-vert-en-question\\\/#primaryimage\"},\"thumbnailUrl\":\"https:\\\/\\\/lasentinelle.dz\\\/wp-content\\\/uploads\\\/2023\\\/06\\\/hydrogene.jpeg\",\"articleSection\":[\"\u00c0 la Une\",\"\u00c9conomie\"],\"inLanguage\":\"fr-FR\",\"potentialAction\":[{\"@type\":\"CommentAction\",\"name\":\"Comment\",\"target\":[\"https:\\\/\\\/lasentinelle.dz\\\/index.php\\\/2023\\\/10\\\/22\\\/5e-journee-algero-allemande-de-lenergie-lexportation-de-lhydrogene-vert-en-question\\\/#respond\"]}]},{\"@type\":\"WebPage\",\"@id\":\"https:\\\/\\\/lasentinelle.dz\\\/index.php\\\/2023\\\/10\\\/22\\\/5e-journee-algero-allemande-de-lenergie-lexportation-de-lhydrogene-vert-en-question\\\/\",\"url\":\"https:\\\/\\\/lasentinelle.dz\\\/index.php\\\/2023\\\/10\\\/22\\\/5e-journee-algero-allemande-de-lenergie-lexportation-de-lhydrogene-vert-en-question\\\/\",\"name\":\"5e Journ\u00e9e alg\u00e9ro-allemande de l&rsquo;\u00e9nergie\u00a0: L\u2019exportation de l\u2019hydrog\u00e8ne vert en question - La Sentinelle\",\"isPartOf\":{\"@id\":\"https:\\\/\\\/lasentinelle.dz\\\/#website\"},\"primaryImageOfPage\":{\"@id\":\"https:\\\/\\\/lasentinelle.dz\\\/index.php\\\/2023\\\/10\\\/22\\\/5e-journee-algero-allemande-de-lenergie-lexportation-de-lhydrogene-vert-en-question\\\/#primaryimage\"},\"image\":{\"@id\":\"https:\\\/\\\/lasentinelle.dz\\\/index.php\\\/2023\\\/10\\\/22\\\/5e-journee-algero-allemande-de-lenergie-lexportation-de-lhydrogene-vert-en-question\\\/#primaryimage\"},\"thumbnailUrl\":\"https:\\\/\\\/lasentinelle.dz\\\/wp-content\\\/uploads\\\/2023\\\/06\\\/hydrogene.jpeg\",\"datePublished\":\"2023-10-22T21:28:39+00:00\",\"dateModified\":\"2023-10-22T21:28:40+00:00\",\"breadcrumb\":{\"@id\":\"https:\\\/\\\/lasentinelle.dz\\\/index.php\\\/2023\\\/10\\\/22\\\/5e-journee-algero-allemande-de-lenergie-lexportation-de-lhydrogene-vert-en-question\\\/#breadcrumb\"},\"inLanguage\":\"fr-FR\",\"potentialAction\":[{\"@type\":\"ReadAction\",\"target\":[\"https:\\\/\\\/lasentinelle.dz\\\/index.php\\\/2023\\\/10\\\/22\\\/5e-journee-algero-allemande-de-lenergie-lexportation-de-lhydrogene-vert-en-question\\\/\"]}]},{\"@type\":\"ImageObject\",\"inLanguage\":\"fr-FR\",\"@id\":\"https:\\\/\\\/lasentinelle.dz\\\/index.php\\\/2023\\\/10\\\/22\\\/5e-journee-algero-allemande-de-lenergie-lexportation-de-lhydrogene-vert-en-question\\\/#primaryimage\",\"url\":\"https:\\\/\\\/lasentinelle.dz\\\/wp-content\\\/uploads\\\/2023\\\/06\\\/hydrogene.jpeg\",\"contentUrl\":\"https:\\\/\\\/lasentinelle.dz\\\/wp-content\\\/uploads\\\/2023\\\/06\\\/hydrogene.jpeg\",\"width\":700,\"height\":392},{\"@type\":\"BreadcrumbList\",\"@id\":\"https:\\\/\\\/lasentinelle.dz\\\/index.php\\\/2023\\\/10\\\/22\\\/5e-journee-algero-allemande-de-lenergie-lexportation-de-lhydrogene-vert-en-question\\\/#breadcrumb\",\"itemListElement\":[{\"@type\":\"ListItem\",\"position\":1,\"name\":\"Accueil\",\"item\":\"https:\\\/\\\/lasentinelle.dz\\\/\"},{\"@type\":\"ListItem\",\"position\":2,\"name\":\"5e Journ\u00e9e alg\u00e9ro-allemande de l&rsquo;\u00e9nergie\u00a0: L\u2019exportation de l\u2019hydrog\u00e8ne vert en question\"}]},{\"@type\":\"WebSite\",\"@id\":\"https:\\\/\\\/lasentinelle.dz\\\/#website\",\"url\":\"https:\\\/\\\/lasentinelle.dz\\\/\",\"name\":\"La Sentinelle\",\"description\":\"Quotidien national d&#039;information\",\"publisher\":{\"@id\":\"https:\\\/\\\/lasentinelle.dz\\\/#organization\"},\"potentialAction\":[{\"@type\":\"SearchAction\",\"target\":{\"@type\":\"EntryPoint\",\"urlTemplate\":\"https:\\\/\\\/lasentinelle.dz\\\/?s={search_term_string}\"},\"query-input\":{\"@type\":\"PropertyValueSpecification\",\"valueRequired\":true,\"valueName\":\"search_term_string\"}}],\"inLanguage\":\"fr-FR\"},{\"@type\":\"Organization\",\"@id\":\"https:\\\/\\\/lasentinelle.dz\\\/#organization\",\"name\":\"Quotidien La Sentinelle\",\"url\":\"https:\\\/\\\/lasentinelle.dz\\\/\",\"logo\":{\"@type\":\"ImageObject\",\"inLanguage\":\"fr-FR\",\"@id\":\"https:\\\/\\\/lasentinelle.dz\\\/#\\\/schema\\\/logo\\\/image\\\/\",\"url\":\"https:\\\/\\\/lasentinelle.dz\\\/wp-content\\\/uploads\\\/2021\\\/09\\\/logo-sentinelleSLOGAN-1.png\",\"contentUrl\":\"https:\\\/\\\/lasentinelle.dz\\\/wp-content\\\/uploads\\\/2021\\\/09\\\/logo-sentinelleSLOGAN-1.png\",\"width\":615,\"height\":142,\"caption\":\"Quotidien La Sentinelle\"},\"image\":{\"@id\":\"https:\\\/\\\/lasentinelle.dz\\\/#\\\/schema\\\/logo\\\/image\\\/\"},\"sameAs\":[\"https:\\\/\\\/www.facebook.com\\\/La-Sentinelle-104059864394773\"]},{\"@type\":\"Person\",\"@id\":\"https:\\\/\\\/lasentinelle.dz\\\/#\\\/schema\\\/person\\\/d865044e22e70a75174ce8bcad3acfb3\",\"name\":\"La Sentinelle\",\"image\":{\"@type\":\"ImageObject\",\"inLanguage\":\"fr-FR\",\"@id\":\"https:\\\/\\\/secure.gravatar.com\\\/avatar\\\/57de8e5d4b15d43fb361a71fbb36338450fe67865b528a43dd10ef7c51a20392?s=96&d=mm&r=g\",\"url\":\"https:\\\/\\\/secure.gravatar.com\\\/avatar\\\/57de8e5d4b15d43fb361a71fbb36338450fe67865b528a43dd10ef7c51a20392?s=96&d=mm&r=g\",\"contentUrl\":\"https:\\\/\\\/secure.gravatar.com\\\/avatar\\\/57de8e5d4b15d43fb361a71fbb36338450fe67865b528a43dd10ef7c51a20392?s=96&d=mm&r=g\",\"caption\":\"La Sentinelle\"},\"sameAs\":[\"http:\\\/\\\/www.lasentinelle.dz\"],\"url\":\"https:\\\/\\\/lasentinelle.dz\\\/author\\\/redaction\\\/\"}]}<\/script>\n<!-- \/ Yoast SEO plugin. -->","yoast_head_json":{"title":"5e Journ\u00e9e alg\u00e9ro-allemande de l&rsquo;\u00e9nergie\u00a0: L\u2019exportation de l\u2019hydrog\u00e8ne vert en question - La Sentinelle","robots":{"index":"index","follow":"follow","max-snippet":"max-snippet:-1","max-image-preview":"max-image-preview:large","max-video-preview":"max-video-preview:-1"},"canonical":"https:\/\/lasentinelle.dz\/index.php\/2023\/10\/22\/5e-journee-algero-allemande-de-lenergie-lexportation-de-lhydrogene-vert-en-question\/","og_locale":"fr_FR","og_type":"article","og_title":"5e Journ\u00e9e alg\u00e9ro-allemande de l&rsquo;\u00e9nergie\u00a0: L\u2019exportation de l\u2019hydrog\u00e8ne vert en question - La Sentinelle","og_description":"Les Allemands affichent un int\u00e9r\u00eat certain pour le d\u00e9veloppement de la production d\u2019hydrog\u00e8ne vert en Alg\u00e9rie ainsi que ses perspectives","og_url":"https:\/\/lasentinelle.dz\/index.php\/2023\/10\/22\/5e-journee-algero-allemande-de-lenergie-lexportation-de-lhydrogene-vert-en-question\/","og_site_name":"La Sentinelle","article_publisher":"https:\/\/www.facebook.com\/La-Sentinelle-104059864394773","article_published_time":"2023-10-22T21:28:39+00:00","article_modified_time":"2023-10-22T21:28:40+00:00","og_image":[{"width":700,"height":392,"url":"https:\/\/lasentinelle.dz\/wp-content\/uploads\/2023\/06\/hydrogene.jpeg","type":"image\/jpeg"}],"author":"La Sentinelle","twitter_card":"summary_large_image","twitter_misc":{"\u00c9crit par":"La Sentinelle","Dur\u00e9e de lecture estim\u00e9e":"4 minutes"},"schema":{"@context":"https:\/\/schema.org","@graph":[{"@type":"Article","@id":"https:\/\/lasentinelle.dz\/index.php\/2023\/10\/22\/5e-journee-algero-allemande-de-lenergie-lexportation-de-lhydrogene-vert-en-question\/#article","isPartOf":{"@id":"https:\/\/lasentinelle.dz\/index.php\/2023\/10\/22\/5e-journee-algero-allemande-de-lenergie-lexportation-de-lhydrogene-vert-en-question\/"},"author":{"name":"La Sentinelle","@id":"https:\/\/lasentinelle.dz\/#\/schema\/person\/d865044e22e70a75174ce8bcad3acfb3"},"headline":"5e Journ\u00e9e alg\u00e9ro-allemande de l&rsquo;\u00e9nergie\u00a0: L\u2019exportation de l\u2019hydrog\u00e8ne vert en question","datePublished":"2023-10-22T21:28:39+00:00","dateModified":"2023-10-22T21:28:40+00:00","mainEntityOfPage":{"@id":"https:\/\/lasentinelle.dz\/index.php\/2023\/10\/22\/5e-journee-algero-allemande-de-lenergie-lexportation-de-lhydrogene-vert-en-question\/"},"wordCount":958,"commentCount":0,"publisher":{"@id":"https:\/\/lasentinelle.dz\/#organization"},"image":{"@id":"https:\/\/lasentinelle.dz\/index.php\/2023\/10\/22\/5e-journee-algero-allemande-de-lenergie-lexportation-de-lhydrogene-vert-en-question\/#primaryimage"},"thumbnailUrl":"https:\/\/lasentinelle.dz\/wp-content\/uploads\/2023\/06\/hydrogene.jpeg","articleSection":["\u00c0 la Une","\u00c9conomie"],"inLanguage":"fr-FR","potentialAction":[{"@type":"CommentAction","name":"Comment","target":["https:\/\/lasentinelle.dz\/index.php\/2023\/10\/22\/5e-journee-algero-allemande-de-lenergie-lexportation-de-lhydrogene-vert-en-question\/#respond"]}]},{"@type":"WebPage","@id":"https:\/\/lasentinelle.dz\/index.php\/2023\/10\/22\/5e-journee-algero-allemande-de-lenergie-lexportation-de-lhydrogene-vert-en-question\/","url":"https:\/\/lasentinelle.dz\/index.php\/2023\/10\/22\/5e-journee-algero-allemande-de-lenergie-lexportation-de-lhydrogene-vert-en-question\/","name":"5e Journ\u00e9e alg\u00e9ro-allemande de l&rsquo;\u00e9nergie\u00a0: L\u2019exportation de l\u2019hydrog\u00e8ne vert en question - La Sentinelle","isPartOf":{"@id":"https:\/\/lasentinelle.dz\/#website"},"primaryImageOfPage":{"@id":"https:\/\/lasentinelle.dz\/index.php\/2023\/10\/22\/5e-journee-algero-allemande-de-lenergie-lexportation-de-lhydrogene-vert-en-question\/#primaryimage"},"image":{"@id":"https:\/\/lasentinelle.dz\/index.php\/2023\/10\/22\/5e-journee-algero-allemande-de-lenergie-lexportation-de-lhydrogene-vert-en-question\/#primaryimage"},"thumbnailUrl":"https:\/\/lasentinelle.dz\/wp-content\/uploads\/2023\/06\/hydrogene.jpeg","datePublished":"2023-10-22T21:28:39+00:00","dateModified":"2023-10-22T21:28:40+00:00","breadcrumb":{"@id":"https:\/\/lasentinelle.dz\/index.php\/2023\/10\/22\/5e-journee-algero-allemande-de-lenergie-lexportation-de-lhydrogene-vert-en-question\/#breadcrumb"},"inLanguage":"fr-FR","potentialAction":[{"@type":"ReadAction","target":["https:\/\/lasentinelle.dz\/index.php\/2023\/10\/22\/5e-journee-algero-allemande-de-lenergie-lexportation-de-lhydrogene-vert-en-question\/"]}]},{"@type":"ImageObject","inLanguage":"fr-FR","@id":"https:\/\/lasentinelle.dz\/index.php\/2023\/10\/22\/5e-journee-algero-allemande-de-lenergie-lexportation-de-lhydrogene-vert-en-question\/#primaryimage","url":"https:\/\/lasentinelle.dz\/wp-content\/uploads\/2023\/06\/hydrogene.jpeg","contentUrl":"https:\/\/lasentinelle.dz\/wp-content\/uploads\/2023\/06\/hydrogene.jpeg","width":700,"height":392},{"@type":"BreadcrumbList","@id":"https:\/\/lasentinelle.dz\/index.php\/2023\/10\/22\/5e-journee-algero-allemande-de-lenergie-lexportation-de-lhydrogene-vert-en-question\/#breadcrumb","itemListElement":[{"@type":"ListItem","position":1,"name":"Accueil","item":"https:\/\/lasentinelle.dz\/"},{"@type":"ListItem","position":2,"name":"5e Journ\u00e9e alg\u00e9ro-allemande de l&rsquo;\u00e9nergie\u00a0: L\u2019exportation de l\u2019hydrog\u00e8ne vert en question"}]},{"@type":"WebSite","@id":"https:\/\/lasentinelle.dz\/#website","url":"https:\/\/lasentinelle.dz\/","name":"La Sentinelle","description":"Quotidien national d&#039;information","publisher":{"@id":"https:\/\/lasentinelle.dz\/#organization"},"potentialAction":[{"@type":"SearchAction","target":{"@type":"EntryPoint","urlTemplate":"https:\/\/lasentinelle.dz\/?s={search_term_string}"},"query-input":{"@type":"PropertyValueSpecification","valueRequired":true,"valueName":"search_term_string"}}],"inLanguage":"fr-FR"},{"@type":"Organization","@id":"https:\/\/lasentinelle.dz\/#organization","name":"Quotidien La Sentinelle","url":"https:\/\/lasentinelle.dz\/","logo":{"@type":"ImageObject","inLanguage":"fr-FR","@id":"https:\/\/lasentinelle.dz\/#\/schema\/logo\/image\/","url":"https:\/\/lasentinelle.dz\/wp-content\/uploads\/2021\/09\/logo-sentinelleSLOGAN-1.png","contentUrl":"https:\/\/lasentinelle.dz\/wp-content\/uploads\/2021\/09\/logo-sentinelleSLOGAN-1.png","width":615,"height":142,"caption":"Quotidien La Sentinelle"},"image":{"@id":"https:\/\/lasentinelle.dz\/#\/schema\/logo\/image\/"},"sameAs":["https:\/\/www.facebook.com\/La-Sentinelle-104059864394773"]},{"@type":"Person","@id":"https:\/\/lasentinelle.dz\/#\/schema\/person\/d865044e22e70a75174ce8bcad3acfb3","name":"La Sentinelle","image":{"@type":"ImageObject","inLanguage":"fr-FR","@id":"https:\/\/secure.gravatar.com\/avatar\/57de8e5d4b15d43fb361a71fbb36338450fe67865b528a43dd10ef7c51a20392?s=96&d=mm&r=g","url":"https:\/\/secure.gravatar.com\/avatar\/57de8e5d4b15d43fb361a71fbb36338450fe67865b528a43dd10ef7c51a20392?s=96&d=mm&r=g","contentUrl":"https:\/\/secure.gravatar.com\/avatar\/57de8e5d4b15d43fb361a71fbb36338450fe67865b528a43dd10ef7c51a20392?s=96&d=mm&r=g","caption":"La Sentinelle"},"sameAs":["http:\/\/www.lasentinelle.dz"],"url":"https:\/\/lasentinelle.dz\/author\/redaction\/"}]}},"_links":{"self":[{"href":"https:\/\/lasentinelle.dz\/index.php\/wp-json\/wp\/v2\/posts\/46541","targetHints":{"allow":["GET"]}}],"collection":[{"href":"https:\/\/lasentinelle.dz\/index.php\/wp-json\/wp\/v2\/posts"}],"about":[{"href":"https:\/\/lasentinelle.dz\/index.php\/wp-json\/wp\/v2\/types\/post"}],"author":[{"embeddable":true,"href":"https:\/\/lasentinelle.dz\/index.php\/wp-json\/wp\/v2\/users\/3"}],"replies":[{"embeddable":true,"href":"https:\/\/lasentinelle.dz\/index.php\/wp-json\/wp\/v2\/comments?post=46541"}],"version-history":[{"count":1,"href":"https:\/\/lasentinelle.dz\/index.php\/wp-json\/wp\/v2\/posts\/46541\/revisions"}],"predecessor-version":[{"id":46542,"href":"https:\/\/lasentinelle.dz\/index.php\/wp-json\/wp\/v2\/posts\/46541\/revisions\/46542"}],"wp:featuredmedia":[{"embeddable":true,"href":"https:\/\/lasentinelle.dz\/index.php\/wp-json\/wp\/v2\/media\/42560"}],"wp:attachment":[{"href":"https:\/\/lasentinelle.dz\/index.php\/wp-json\/wp\/v2\/media?parent=46541"}],"wp:term":[{"taxonomy":"category","embeddable":true,"href":"https:\/\/lasentinelle.dz\/index.php\/wp-json\/wp\/v2\/categories?post=46541"},{"taxonomy":"post_tag","embeddable":true,"href":"https:\/\/lasentinelle.dz\/index.php\/wp-json\/wp\/v2\/tags?post=46541"}],"curies":[{"name":"wp","href":"https:\/\/api.w.org\/{rel}","templated":true}]}}