{"id":46555,"date":"2023-10-22T22:40:43","date_gmt":"2023-10-22T21:40:43","guid":{"rendered":"https:\/\/lasentinelle.dz\/?p=46555"},"modified":"2023-10-22T22:40:47","modified_gmt":"2023-10-22T21:40:47","slug":"des-centaines-de-milliers-de-personnes-manifestent-en-soutien-a-la-palestine-la-prise-de-conscience","status":"publish","type":"post","link":"https:\/\/lasentinelle.dz\/index.php\/2023\/10\/22\/des-centaines-de-milliers-de-personnes-manifestent-en-soutien-a-la-palestine-la-prise-de-conscience\/","title":{"rendered":"Des centaines de milliers de personnes manifestent en soutien \u00e0 la Palestine\u00a0: La prise de conscience"},"content":{"rendered":"\n<p><\/p>\n\n\n\n<p>Des centaines de milliers de personnes ont battu le pav\u00e9 hier dans de nombreux pays du monde et particuli\u00e8rement en Europe pour d\u00e9noncer l\u2019agression isra\u00e9lienne contre la Bande de Ghaza et appeler \u00e0 la lib\u00e9ration de la Palestine.<\/p>\n\n\n\n<p>\u00ab&nbsp;Free Palestine&nbsp;\u00bb, le slogan est d\u00e9sormais brandi dans toutes les villes du monde. Il f\u00e9d\u00e8re l\u2019opinion publique et pas seulement dans les pays arabes et musulmans. L\u2019appel \u00e0 la lib\u00e9ration de la Palestine r\u00e9sonne dans les rues des villes europ\u00e9ennes et am\u00e9ricaines. Malgr\u00e9 les black-out m\u00e9diatique impos\u00e9 par les m\u00e9dias occidentaux pro-sionistes, la censure sur les grands r\u00e9seaux sociaux occidentaux, et les pressions op\u00e9r\u00e9es par les lobbies sionistes pour imposer l\u2019omerta et d\u00e9nier la libre pens\u00e9e aussi bien dans les milieux artistiques, sportifs et m\u00eame universitaires, l\u2019opinion publique internationale prend conscience de la r\u00e9alit\u00e9 de ce qui se passe en Palestine et commence \u00e0 discerner l\u2019agresseur de la victime. D\u2019ailleurs, les sondages d\u00e9montrent comment l\u2019opinion et particuli\u00e8rement celle des jeunes, se d\u00e9tourne de plus en plus des r\u00e9cits sionistes, notamment aux Etats-Unis. D\u2019ailleurs, la mobilisation n\u2019a pas faiblit aux USA, des milliers d\u2019Am\u00e9ricains, tout comme des associations juives anti-sionistes ont d\u00e9nonc\u00e9 la position de Washington dans ce conflit et appel\u00e9 \u00e0 la lib\u00e9ration de la Palestine.<\/p>\n\n\n\n<p>La mobilisation est toute aussi marqu\u00e9e dans de nombreuses capitales occidentales, notamment en Europe, malgr\u00e9 les restrictions impos\u00e9es au droit de manifester en soutien \u00e0 la Palestine.&nbsp; Hier, des dizaines de milliers de personnes ont particip\u00e9 aux manifestations en soutien \u00e0 la Palestine en Australie, au Danemark, en Allemagne et en France entre autres. Ainsi, plus de 25 000 personnes ont manifest\u00e9 \u00e0 Sydney, en Australie, en solidarit\u00e9 avec Gaza contre les violentes attaques isra\u00e9liennes contre les femmes, les enfants et les personnes \u00e2g\u00e9es, et contre la d\u00e9molition d&rsquo;\u00e9glises, de mosqu\u00e9es, d&rsquo;h\u00f4pitaux, d&rsquo;\u00e9coles et de b\u00e2timents r\u00e9sidentiels. Les participants ont appel\u00e9 \u00e0 l&rsquo;arr\u00eat imm\u00e9diat de la machine de destruction isra\u00e9lienne, \u00e0 un retrait complet des territoires palestiniens occup\u00e9s et \u00e0 la protection du peuple palestinien. Les capitales du Br\u00e9sil, du Chili, de la Colombie et de l&rsquo;Argentine ont \u00e9galement \u00e9t\u00e9 t\u00e9moins de manifestations massives d\u00e9non\u00e7ant la poursuite de l&rsquo;agression isra\u00e9lienne contre la bande de Gaza. Les manifestants ont appel\u00e9 la communaut\u00e9 internationale \u00e0 prendre des mesures s\u00e9rieuses pour mettre fin aux crimes de l\u2019occupation contre le peuple palestinien, \u00e0 la n\u00e9cessit\u00e9 de mettre fin \u00e0 l\u2019occupation et \u00e0 soutenir le peuple palestinien dans sa lutte pour obtenir sa libert\u00e9 et son ind\u00e9pendance. Des milliers de personnes ont \u00e9galement manifest\u00e9 a dans la capitale danoise, Copenhague. Les participants ont brandi des drapeaux palestiniens et scand\u00e9 les slogans \u00ab Libert\u00e9 pour la Palestine \u00bb et \u00ab Arr\u00eatez la guerre \u00e0 Gaza \u00bb. Les participants ont appel\u00e9 la communaut\u00e9 internationale \u00e0 mettre fin aux crimes de g\u00e9nocide et de nettoyage ethnique commis par Isra\u00ebl, puissance occupante, contre le peuple palestinien dans les territoires occup\u00e9s, notamment dans la bande de Gaza.<\/p>\n\n\n\n<p><strong>Des manifestations r\u00e9prim\u00e9es en France<\/strong><\/p>\n\n\n\n<p>En France, o\u00f9 le lobby sioniste a le plus d\u2019emprise, des milliers de personnes ont pris part aux manifestations malgr\u00e9 l\u2019interdiction impos\u00e9e par le ministre de l\u2019Int\u00e9rieur G\u00e9rard Darmanin. A Nice, la manifestation a \u00e9t\u00e9 violemment r\u00e9prim\u00e9e par la police.<\/p>\n\n\n\n<p>Les forces de l\u2019ordre ont emp\u00each\u00e9 les manifestants d\u2019acc\u00e9der aux abords de la mairie o\u00f9 le drapeau d&rsquo;Isra\u00ebl est accroch\u00e9 \u00e0 l\u2019initiative du maire, Christian Estrosi ouvertement pro-sioniste, depuis le d\u00e9but de la guerre. Les deux organisatrices de la manifestation, Hager Barkous et Amira Zaiter, ont \u00e9t\u00e9 interpell\u00e9es, selon l\u2019agence de presse turque Andolu.<\/p>\n\n\n\n<p>Notons que des manifestations ont \u00e9galement \u00e9t\u00e9 organis\u00e9es dans plusieurs pays arabes et musulmans, \u00e0 l\u2019image de Kuala Lampur e Malaisie, et Marrakech au Maroc.<\/p>\n\n\n\n<p>En Tunisie, des dizaines de Tunisiens se sont rassembl\u00e9s, dimanche, devant l&rsquo;ambassade am\u00e9ricaine \u00e0 Tunis. En col\u00e8re, les manifestants ont appel\u00e9 \u00e0 \u00ab\u00a0l&rsquo;expulsion de l&rsquo;ambassadeur am\u00e9ricain Joey Hood, en signe de protestation contre le soutien de Washington \u00e0 Isra\u00ebl\u00a0\u00bb. Le rassemblement de protestation a \u00e9t\u00e9 organis\u00e9 par le R\u00e9seau tunisien de lutte contre la normalisation.<\/p>\n\n\n\n<p>Hocine Fadheli<\/p>\n","protected":false},"excerpt":{"rendered":"<p>Des centaines de milliers de personnes ont battu le pav\u00e9 hier dans de nombreux pays du monde et particuli\u00e8rement en<\/p>\n","protected":false},"author":3,"featured_media":46556,"comment_status":"open","ping_status":"closed","sticky":false,"template":"","format":"standard","meta":{"colormag_page_container_layout":"default_layout","colormag_page_sidebar_layout":"default_layout","om_disable_all_campaigns":false,"_monsterinsights_skip_tracking":false,"_monsterinsights_sitenote_active":false,"_monsterinsights_sitenote_note":"","_monsterinsights_sitenote_category":0,"footnotes":"","_wpscppro_dont_share_socialmedia":false,"_wpscppro_custom_social_share_image":0,"_facebook_share_type":"","_twitter_share_type":"","_linkedin_share_type":"","_pinterest_share_type":"","_linkedin_share_type_page":"","_instagram_share_type":"","_medium_share_type":"","_threads_share_type":"","_google_business_share_type":"","_selected_social_profile":[],"_wpsp_enable_custom_social_template":false,"_wpsp_social_scheduling":{"enabled":false,"datetime":null,"platforms":[],"status":"template_only","dateOption":"today","timeOption":"now","customDays":"","customHours":"","customDate":"","customTime":"","schedulingType":"absolute"},"_wpsp_active_default_template":true},"categories":[52,27],"tags":[],"class_list":["post-46555","post","type-post","status-publish","format-standard","has-post-thumbnail","hentry","category-a-la-une","category-actualite"],"aioseo_notices":[],"yoast_head":"<!-- This site is optimized with the Yoast SEO plugin v27.5 - https:\/\/yoast.com\/product\/yoast-seo-wordpress\/ -->\n<title>Des centaines de milliers de personnes manifestent en soutien \u00e0 la Palestine\u00a0: La prise de conscience - La Sentinelle<\/title>\n<meta name=\"robots\" content=\"index, follow, max-snippet:-1, max-image-preview:large, max-video-preview:-1\" \/>\n<link rel=\"canonical\" href=\"https:\/\/lasentinelle.dz\/index.php\/2023\/10\/22\/des-centaines-de-milliers-de-personnes-manifestent-en-soutien-a-la-palestine-la-prise-de-conscience\/\" \/>\n<meta property=\"og:locale\" content=\"fr_FR\" \/>\n<meta property=\"og:type\" content=\"article\" \/>\n<meta property=\"og:title\" content=\"Des centaines de milliers de personnes manifestent en soutien \u00e0 la Palestine\u00a0: La prise de conscience - La Sentinelle\" \/>\n<meta property=\"og:description\" content=\"Des centaines de milliers de personnes ont battu le pav\u00e9 hier dans de nombreux pays du monde et particuli\u00e8rement en\" \/>\n<meta property=\"og:url\" content=\"https:\/\/lasentinelle.dz\/index.php\/2023\/10\/22\/des-centaines-de-milliers-de-personnes-manifestent-en-soutien-a-la-palestine-la-prise-de-conscience\/\" \/>\n<meta property=\"og:site_name\" content=\"La Sentinelle\" \/>\n<meta property=\"article:publisher\" content=\"https:\/\/www.facebook.com\/La-Sentinelle-104059864394773\" \/>\n<meta property=\"article:published_time\" content=\"2023-10-22T21:40:43+00:00\" \/>\n<meta property=\"article:modified_time\" content=\"2023-10-22T21:40:47+00:00\" \/>\n<meta property=\"og:image\" content=\"https:\/\/lasentinelle.dz\/wp-content\/uploads\/2023\/10\/manifs.jpeg\" \/>\n\t<meta property=\"og:image:width\" content=\"864\" \/>\n\t<meta property=\"og:image:height\" content=\"486\" \/>\n\t<meta property=\"og:image:type\" content=\"image\/jpeg\" \/>\n<meta name=\"author\" content=\"La Sentinelle\" \/>\n<meta name=\"twitter:card\" content=\"summary_large_image\" \/>\n<meta name=\"twitter:label1\" content=\"\u00c9crit par\" \/>\n\t<meta name=\"twitter:data1\" content=\"La Sentinelle\" \/>\n\t<meta name=\"twitter:label2\" content=\"Dur\u00e9e de lecture estim\u00e9e\" \/>\n\t<meta name=\"twitter:data2\" content=\"4 minutes\" \/>\n<script type=\"application\/ld+json\" class=\"yoast-schema-graph\">{\"@context\":\"https:\\\/\\\/schema.org\",\"@graph\":[{\"@type\":\"Article\",\"@id\":\"https:\\\/\\\/lasentinelle.dz\\\/index.php\\\/2023\\\/10\\\/22\\\/des-centaines-de-milliers-de-personnes-manifestent-en-soutien-a-la-palestine-la-prise-de-conscience\\\/#article\",\"isPartOf\":{\"@id\":\"https:\\\/\\\/lasentinelle.dz\\\/index.php\\\/2023\\\/10\\\/22\\\/des-centaines-de-milliers-de-personnes-manifestent-en-soutien-a-la-palestine-la-prise-de-conscience\\\/\"},\"author\":{\"name\":\"La Sentinelle\",\"@id\":\"https:\\\/\\\/lasentinelle.dz\\\/#\\\/schema\\\/person\\\/d865044e22e70a75174ce8bcad3acfb3\"},\"headline\":\"Des centaines de milliers de personnes manifestent en soutien \u00e0 la Palestine\u00a0: La prise de conscience\",\"datePublished\":\"2023-10-22T21:40:43+00:00\",\"dateModified\":\"2023-10-22T21:40:47+00:00\",\"mainEntityOfPage\":{\"@id\":\"https:\\\/\\\/lasentinelle.dz\\\/index.php\\\/2023\\\/10\\\/22\\\/des-centaines-de-milliers-de-personnes-manifestent-en-soutien-a-la-palestine-la-prise-de-conscience\\\/\"},\"wordCount\":755,\"commentCount\":0,\"publisher\":{\"@id\":\"https:\\\/\\\/lasentinelle.dz\\\/#organization\"},\"image\":{\"@id\":\"https:\\\/\\\/lasentinelle.dz\\\/index.php\\\/2023\\\/10\\\/22\\\/des-centaines-de-milliers-de-personnes-manifestent-en-soutien-a-la-palestine-la-prise-de-conscience\\\/#primaryimage\"},\"thumbnailUrl\":\"https:\\\/\\\/lasentinelle.dz\\\/wp-content\\\/uploads\\\/2023\\\/10\\\/manifs.jpeg\",\"articleSection\":[\"\u00c0 la Une\",\"Actualit\u00e9\"],\"inLanguage\":\"fr-FR\",\"potentialAction\":[{\"@type\":\"CommentAction\",\"name\":\"Comment\",\"target\":[\"https:\\\/\\\/lasentinelle.dz\\\/index.php\\\/2023\\\/10\\\/22\\\/des-centaines-de-milliers-de-personnes-manifestent-en-soutien-a-la-palestine-la-prise-de-conscience\\\/#respond\"]}]},{\"@type\":\"WebPage\",\"@id\":\"https:\\\/\\\/lasentinelle.dz\\\/index.php\\\/2023\\\/10\\\/22\\\/des-centaines-de-milliers-de-personnes-manifestent-en-soutien-a-la-palestine-la-prise-de-conscience\\\/\",\"url\":\"https:\\\/\\\/lasentinelle.dz\\\/index.php\\\/2023\\\/10\\\/22\\\/des-centaines-de-milliers-de-personnes-manifestent-en-soutien-a-la-palestine-la-prise-de-conscience\\\/\",\"name\":\"Des centaines de milliers de personnes manifestent en soutien \u00e0 la Palestine\u00a0: La prise de conscience - La Sentinelle\",\"isPartOf\":{\"@id\":\"https:\\\/\\\/lasentinelle.dz\\\/#website\"},\"primaryImageOfPage\":{\"@id\":\"https:\\\/\\\/lasentinelle.dz\\\/index.php\\\/2023\\\/10\\\/22\\\/des-centaines-de-milliers-de-personnes-manifestent-en-soutien-a-la-palestine-la-prise-de-conscience\\\/#primaryimage\"},\"image\":{\"@id\":\"https:\\\/\\\/lasentinelle.dz\\\/index.php\\\/2023\\\/10\\\/22\\\/des-centaines-de-milliers-de-personnes-manifestent-en-soutien-a-la-palestine-la-prise-de-conscience\\\/#primaryimage\"},\"thumbnailUrl\":\"https:\\\/\\\/lasentinelle.dz\\\/wp-content\\\/uploads\\\/2023\\\/10\\\/manifs.jpeg\",\"datePublished\":\"2023-10-22T21:40:43+00:00\",\"dateModified\":\"2023-10-22T21:40:47+00:00\",\"breadcrumb\":{\"@id\":\"https:\\\/\\\/lasentinelle.dz\\\/index.php\\\/2023\\\/10\\\/22\\\/des-centaines-de-milliers-de-personnes-manifestent-en-soutien-a-la-palestine-la-prise-de-conscience\\\/#breadcrumb\"},\"inLanguage\":\"fr-FR\",\"potentialAction\":[{\"@type\":\"ReadAction\",\"target\":[\"https:\\\/\\\/lasentinelle.dz\\\/index.php\\\/2023\\\/10\\\/22\\\/des-centaines-de-milliers-de-personnes-manifestent-en-soutien-a-la-palestine-la-prise-de-conscience\\\/\"]}]},{\"@type\":\"ImageObject\",\"inLanguage\":\"fr-FR\",\"@id\":\"https:\\\/\\\/lasentinelle.dz\\\/index.php\\\/2023\\\/10\\\/22\\\/des-centaines-de-milliers-de-personnes-manifestent-en-soutien-a-la-palestine-la-prise-de-conscience\\\/#primaryimage\",\"url\":\"https:\\\/\\\/lasentinelle.dz\\\/wp-content\\\/uploads\\\/2023\\\/10\\\/manifs.jpeg\",\"contentUrl\":\"https:\\\/\\\/lasentinelle.dz\\\/wp-content\\\/uploads\\\/2023\\\/10\\\/manifs.jpeg\",\"width\":864,\"height\":486},{\"@type\":\"BreadcrumbList\",\"@id\":\"https:\\\/\\\/lasentinelle.dz\\\/index.php\\\/2023\\\/10\\\/22\\\/des-centaines-de-milliers-de-personnes-manifestent-en-soutien-a-la-palestine-la-prise-de-conscience\\\/#breadcrumb\",\"itemListElement\":[{\"@type\":\"ListItem\",\"position\":1,\"name\":\"Accueil\",\"item\":\"https:\\\/\\\/lasentinelle.dz\\\/\"},{\"@type\":\"ListItem\",\"position\":2,\"name\":\"Des centaines de milliers de personnes manifestent en soutien \u00e0 la Palestine\u00a0: La prise de conscience\"}]},{\"@type\":\"WebSite\",\"@id\":\"https:\\\/\\\/lasentinelle.dz\\\/#website\",\"url\":\"https:\\\/\\\/lasentinelle.dz\\\/\",\"name\":\"La Sentinelle\",\"description\":\"Quotidien national d&#039;information\",\"publisher\":{\"@id\":\"https:\\\/\\\/lasentinelle.dz\\\/#organization\"},\"potentialAction\":[{\"@type\":\"SearchAction\",\"target\":{\"@type\":\"EntryPoint\",\"urlTemplate\":\"https:\\\/\\\/lasentinelle.dz\\\/?s={search_term_string}\"},\"query-input\":{\"@type\":\"PropertyValueSpecification\",\"valueRequired\":true,\"valueName\":\"search_term_string\"}}],\"inLanguage\":\"fr-FR\"},{\"@type\":\"Organization\",\"@id\":\"https:\\\/\\\/lasentinelle.dz\\\/#organization\",\"name\":\"Quotidien La Sentinelle\",\"url\":\"https:\\\/\\\/lasentinelle.dz\\\/\",\"logo\":{\"@type\":\"ImageObject\",\"inLanguage\":\"fr-FR\",\"@id\":\"https:\\\/\\\/lasentinelle.dz\\\/#\\\/schema\\\/logo\\\/image\\\/\",\"url\":\"https:\\\/\\\/lasentinelle.dz\\\/wp-content\\\/uploads\\\/2021\\\/09\\\/logo-sentinelleSLOGAN-1.png\",\"contentUrl\":\"https:\\\/\\\/lasentinelle.dz\\\/wp-content\\\/uploads\\\/2021\\\/09\\\/logo-sentinelleSLOGAN-1.png\",\"width\":615,\"height\":142,\"caption\":\"Quotidien La Sentinelle\"},\"image\":{\"@id\":\"https:\\\/\\\/lasentinelle.dz\\\/#\\\/schema\\\/logo\\\/image\\\/\"},\"sameAs\":[\"https:\\\/\\\/www.facebook.com\\\/La-Sentinelle-104059864394773\"]},{\"@type\":\"Person\",\"@id\":\"https:\\\/\\\/lasentinelle.dz\\\/#\\\/schema\\\/person\\\/d865044e22e70a75174ce8bcad3acfb3\",\"name\":\"La Sentinelle\",\"image\":{\"@type\":\"ImageObject\",\"inLanguage\":\"fr-FR\",\"@id\":\"https:\\\/\\\/secure.gravatar.com\\\/avatar\\\/57de8e5d4b15d43fb361a71fbb36338450fe67865b528a43dd10ef7c51a20392?s=96&d=mm&r=g\",\"url\":\"https:\\\/\\\/secure.gravatar.com\\\/avatar\\\/57de8e5d4b15d43fb361a71fbb36338450fe67865b528a43dd10ef7c51a20392?s=96&d=mm&r=g\",\"contentUrl\":\"https:\\\/\\\/secure.gravatar.com\\\/avatar\\\/57de8e5d4b15d43fb361a71fbb36338450fe67865b528a43dd10ef7c51a20392?s=96&d=mm&r=g\",\"caption\":\"La Sentinelle\"},\"sameAs\":[\"http:\\\/\\\/www.lasentinelle.dz\"],\"url\":\"https:\\\/\\\/lasentinelle.dz\\\/author\\\/redaction\\\/\"}]}<\/script>\n<!-- \/ Yoast SEO plugin. -->","yoast_head_json":{"title":"Des centaines de milliers de personnes manifestent en soutien \u00e0 la Palestine\u00a0: La prise de conscience - La Sentinelle","robots":{"index":"index","follow":"follow","max-snippet":"max-snippet:-1","max-image-preview":"max-image-preview:large","max-video-preview":"max-video-preview:-1"},"canonical":"https:\/\/lasentinelle.dz\/index.php\/2023\/10\/22\/des-centaines-de-milliers-de-personnes-manifestent-en-soutien-a-la-palestine-la-prise-de-conscience\/","og_locale":"fr_FR","og_type":"article","og_title":"Des centaines de milliers de personnes manifestent en soutien \u00e0 la Palestine\u00a0: La prise de conscience - La Sentinelle","og_description":"Des centaines de milliers de personnes ont battu le pav\u00e9 hier dans de nombreux pays du monde et particuli\u00e8rement en","og_url":"https:\/\/lasentinelle.dz\/index.php\/2023\/10\/22\/des-centaines-de-milliers-de-personnes-manifestent-en-soutien-a-la-palestine-la-prise-de-conscience\/","og_site_name":"La Sentinelle","article_publisher":"https:\/\/www.facebook.com\/La-Sentinelle-104059864394773","article_published_time":"2023-10-22T21:40:43+00:00","article_modified_time":"2023-10-22T21:40:47+00:00","og_image":[{"width":864,"height":486,"url":"https:\/\/lasentinelle.dz\/wp-content\/uploads\/2023\/10\/manifs.jpeg","type":"image\/jpeg"}],"author":"La Sentinelle","twitter_card":"summary_large_image","twitter_misc":{"\u00c9crit par":"La Sentinelle","Dur\u00e9e de lecture estim\u00e9e":"4 minutes"},"schema":{"@context":"https:\/\/schema.org","@graph":[{"@type":"Article","@id":"https:\/\/lasentinelle.dz\/index.php\/2023\/10\/22\/des-centaines-de-milliers-de-personnes-manifestent-en-soutien-a-la-palestine-la-prise-de-conscience\/#article","isPartOf":{"@id":"https:\/\/lasentinelle.dz\/index.php\/2023\/10\/22\/des-centaines-de-milliers-de-personnes-manifestent-en-soutien-a-la-palestine-la-prise-de-conscience\/"},"author":{"name":"La Sentinelle","@id":"https:\/\/lasentinelle.dz\/#\/schema\/person\/d865044e22e70a75174ce8bcad3acfb3"},"headline":"Des centaines de milliers de personnes manifestent en soutien \u00e0 la Palestine\u00a0: La prise de conscience","datePublished":"2023-10-22T21:40:43+00:00","dateModified":"2023-10-22T21:40:47+00:00","mainEntityOfPage":{"@id":"https:\/\/lasentinelle.dz\/index.php\/2023\/10\/22\/des-centaines-de-milliers-de-personnes-manifestent-en-soutien-a-la-palestine-la-prise-de-conscience\/"},"wordCount":755,"commentCount":0,"publisher":{"@id":"https:\/\/lasentinelle.dz\/#organization"},"image":{"@id":"https:\/\/lasentinelle.dz\/index.php\/2023\/10\/22\/des-centaines-de-milliers-de-personnes-manifestent-en-soutien-a-la-palestine-la-prise-de-conscience\/#primaryimage"},"thumbnailUrl":"https:\/\/lasentinelle.dz\/wp-content\/uploads\/2023\/10\/manifs.jpeg","articleSection":["\u00c0 la Une","Actualit\u00e9"],"inLanguage":"fr-FR","potentialAction":[{"@type":"CommentAction","name":"Comment","target":["https:\/\/lasentinelle.dz\/index.php\/2023\/10\/22\/des-centaines-de-milliers-de-personnes-manifestent-en-soutien-a-la-palestine-la-prise-de-conscience\/#respond"]}]},{"@type":"WebPage","@id":"https:\/\/lasentinelle.dz\/index.php\/2023\/10\/22\/des-centaines-de-milliers-de-personnes-manifestent-en-soutien-a-la-palestine-la-prise-de-conscience\/","url":"https:\/\/lasentinelle.dz\/index.php\/2023\/10\/22\/des-centaines-de-milliers-de-personnes-manifestent-en-soutien-a-la-palestine-la-prise-de-conscience\/","name":"Des centaines de milliers de personnes manifestent en soutien \u00e0 la Palestine\u00a0: La prise de conscience - La Sentinelle","isPartOf":{"@id":"https:\/\/lasentinelle.dz\/#website"},"primaryImageOfPage":{"@id":"https:\/\/lasentinelle.dz\/index.php\/2023\/10\/22\/des-centaines-de-milliers-de-personnes-manifestent-en-soutien-a-la-palestine-la-prise-de-conscience\/#primaryimage"},"image":{"@id":"https:\/\/lasentinelle.dz\/index.php\/2023\/10\/22\/des-centaines-de-milliers-de-personnes-manifestent-en-soutien-a-la-palestine-la-prise-de-conscience\/#primaryimage"},"thumbnailUrl":"https:\/\/lasentinelle.dz\/wp-content\/uploads\/2023\/10\/manifs.jpeg","datePublished":"2023-10-22T21:40:43+00:00","dateModified":"2023-10-22T21:40:47+00:00","breadcrumb":{"@id":"https:\/\/lasentinelle.dz\/index.php\/2023\/10\/22\/des-centaines-de-milliers-de-personnes-manifestent-en-soutien-a-la-palestine-la-prise-de-conscience\/#breadcrumb"},"inLanguage":"fr-FR","potentialAction":[{"@type":"ReadAction","target":["https:\/\/lasentinelle.dz\/index.php\/2023\/10\/22\/des-centaines-de-milliers-de-personnes-manifestent-en-soutien-a-la-palestine-la-prise-de-conscience\/"]}]},{"@type":"ImageObject","inLanguage":"fr-FR","@id":"https:\/\/lasentinelle.dz\/index.php\/2023\/10\/22\/des-centaines-de-milliers-de-personnes-manifestent-en-soutien-a-la-palestine-la-prise-de-conscience\/#primaryimage","url":"https:\/\/lasentinelle.dz\/wp-content\/uploads\/2023\/10\/manifs.jpeg","contentUrl":"https:\/\/lasentinelle.dz\/wp-content\/uploads\/2023\/10\/manifs.jpeg","width":864,"height":486},{"@type":"BreadcrumbList","@id":"https:\/\/lasentinelle.dz\/index.php\/2023\/10\/22\/des-centaines-de-milliers-de-personnes-manifestent-en-soutien-a-la-palestine-la-prise-de-conscience\/#breadcrumb","itemListElement":[{"@type":"ListItem","position":1,"name":"Accueil","item":"https:\/\/lasentinelle.dz\/"},{"@type":"ListItem","position":2,"name":"Des centaines de milliers de personnes manifestent en soutien \u00e0 la Palestine\u00a0: La prise de conscience"}]},{"@type":"WebSite","@id":"https:\/\/lasentinelle.dz\/#website","url":"https:\/\/lasentinelle.dz\/","name":"La Sentinelle","description":"Quotidien national d&#039;information","publisher":{"@id":"https:\/\/lasentinelle.dz\/#organization"},"potentialAction":[{"@type":"SearchAction","target":{"@type":"EntryPoint","urlTemplate":"https:\/\/lasentinelle.dz\/?s={search_term_string}"},"query-input":{"@type":"PropertyValueSpecification","valueRequired":true,"valueName":"search_term_string"}}],"inLanguage":"fr-FR"},{"@type":"Organization","@id":"https:\/\/lasentinelle.dz\/#organization","name":"Quotidien La Sentinelle","url":"https:\/\/lasentinelle.dz\/","logo":{"@type":"ImageObject","inLanguage":"fr-FR","@id":"https:\/\/lasentinelle.dz\/#\/schema\/logo\/image\/","url":"https:\/\/lasentinelle.dz\/wp-content\/uploads\/2021\/09\/logo-sentinelleSLOGAN-1.png","contentUrl":"https:\/\/lasentinelle.dz\/wp-content\/uploads\/2021\/09\/logo-sentinelleSLOGAN-1.png","width":615,"height":142,"caption":"Quotidien La Sentinelle"},"image":{"@id":"https:\/\/lasentinelle.dz\/#\/schema\/logo\/image\/"},"sameAs":["https:\/\/www.facebook.com\/La-Sentinelle-104059864394773"]},{"@type":"Person","@id":"https:\/\/lasentinelle.dz\/#\/schema\/person\/d865044e22e70a75174ce8bcad3acfb3","name":"La Sentinelle","image":{"@type":"ImageObject","inLanguage":"fr-FR","@id":"https:\/\/secure.gravatar.com\/avatar\/57de8e5d4b15d43fb361a71fbb36338450fe67865b528a43dd10ef7c51a20392?s=96&d=mm&r=g","url":"https:\/\/secure.gravatar.com\/avatar\/57de8e5d4b15d43fb361a71fbb36338450fe67865b528a43dd10ef7c51a20392?s=96&d=mm&r=g","contentUrl":"https:\/\/secure.gravatar.com\/avatar\/57de8e5d4b15d43fb361a71fbb36338450fe67865b528a43dd10ef7c51a20392?s=96&d=mm&r=g","caption":"La Sentinelle"},"sameAs":["http:\/\/www.lasentinelle.dz"],"url":"https:\/\/lasentinelle.dz\/author\/redaction\/"}]}},"_links":{"self":[{"href":"https:\/\/lasentinelle.dz\/index.php\/wp-json\/wp\/v2\/posts\/46555","targetHints":{"allow":["GET"]}}],"collection":[{"href":"https:\/\/lasentinelle.dz\/index.php\/wp-json\/wp\/v2\/posts"}],"about":[{"href":"https:\/\/lasentinelle.dz\/index.php\/wp-json\/wp\/v2\/types\/post"}],"author":[{"embeddable":true,"href":"https:\/\/lasentinelle.dz\/index.php\/wp-json\/wp\/v2\/users\/3"}],"replies":[{"embeddable":true,"href":"https:\/\/lasentinelle.dz\/index.php\/wp-json\/wp\/v2\/comments?post=46555"}],"version-history":[{"count":1,"href":"https:\/\/lasentinelle.dz\/index.php\/wp-json\/wp\/v2\/posts\/46555\/revisions"}],"predecessor-version":[{"id":46557,"href":"https:\/\/lasentinelle.dz\/index.php\/wp-json\/wp\/v2\/posts\/46555\/revisions\/46557"}],"wp:featuredmedia":[{"embeddable":true,"href":"https:\/\/lasentinelle.dz\/index.php\/wp-json\/wp\/v2\/media\/46556"}],"wp:attachment":[{"href":"https:\/\/lasentinelle.dz\/index.php\/wp-json\/wp\/v2\/media?parent=46555"}],"wp:term":[{"taxonomy":"category","embeddable":true,"href":"https:\/\/lasentinelle.dz\/index.php\/wp-json\/wp\/v2\/categories?post=46555"},{"taxonomy":"post_tag","embeddable":true,"href":"https:\/\/lasentinelle.dz\/index.php\/wp-json\/wp\/v2\/tags?post=46555"}],"curies":[{"name":"wp","href":"https:\/\/api.w.org\/{rel}","templated":true}]}}