{"id":46558,"date":"2023-10-23T20:51:27","date_gmt":"2023-10-23T19:51:27","guid":{"rendered":"https:\/\/lasentinelle.dz\/?p=46558"},"modified":"2023-10-23T20:51:36","modified_gmt":"2023-10-23T19:51:36","slug":"affaire-du-meurtre-de-djamel-bensmail-38-accuses-condamnes-a-la-peine-capitale","status":"publish","type":"post","link":"https:\/\/lasentinelle.dz\/index.php\/2023\/10\/23\/affaire-du-meurtre-de-djamel-bensmail-38-accuses-condamnes-a-la-peine-capitale\/","title":{"rendered":"Affaire du meurtre de Djamel Bensmail\u00a0: 38 accus\u00e9s condamn\u00e9s \u00e0 la peine capitale"},"content":{"rendered":"\n<p>Le tribunal criminel d\u2019appel pr\u00e8s la Cour d\u2019Alger a prononc\u00e9, hier, dans l\u2019affaire du meurtre de Djamel Bensmail, la peine capitale \u00e0 l\u2019encontre de 38 accus\u00e9s, condamn\u00e9s pour homicide volontaire avec pr\u00e9m\u00e9ditation, torture et incitation \u00e0 la torture, mise \u00e0 feu volontaire des cultures ayant entrain\u00e9 la mort de plusieurs personnes, indique un communiqu\u00e9 du Procureur g\u00e9n\u00e9ral pr\u00e8s la Cour d\u2019Alger.<\/p>\n\n\n\n<p>\u00ab Conform\u00e9ment aux dispositions de l\u2019article 11 du Code de proc\u00e9dure p\u00e9nale, le Procureur g\u00e9n\u00e9ral pr\u00e8s la Cour d\u2019Alger informe l\u2019opinion publique que le tribunal criminel d\u2019appel pr\u00e8s ladite Cour avait prononc\u00e9, en date du 23 octobre 2023, la peine capitale dans l\u2019affaire du meurtre de Djamel Bensmail \u00e0 l\u2019encontre de 38 accus\u00e9s, condamn\u00e9s pour homicide volontaire avec pr\u00e9m\u00e9ditation, torture et incitation \u00e0 la torture, mise \u00e0 feu volontaire des cultures ayant entrain\u00e9 la mort de plusieurs personnes, cr\u00e9ation et adh\u00e9sion \u00e0 un groupe ou \u00e0 une organisation s\u2019adonnant \u00e0 des actes de sabotage, agression contre des agents de la force publique et publication du discours de haine et de discrimination \u00bb, pr\u00e9cise le communiqu\u00e9. Dans la m\u00eame affaire, \u00ab six accus\u00e9s ont \u00e9t\u00e9 condamn\u00e9s \u00e0 une peine de 20 ans de prison et 23 autres \u00e0 une peine de prison allant de 3 \u00e0 10 ans, tandis que 26 autres ont \u00e9t\u00e9 acquitt\u00e9s \u00bb, conclut le communiqu\u00e9.<\/p>\n\n\n\n<p>Pour rappel, l Procureur g\u00e9n\u00e9ral pr\u00e8s le tribunal criminel d&rsquo;appel \u00e0 Alger a requis, mardi dernier, des peines allant de 10 ans de prison ferme \u00e0 la peine capitale \u00e0 l&rsquo;encontre des accus\u00e9s dans l&rsquo;affaire du meurtre de Djamel Bensmail en ao\u00fbt 2021, \u00e0 Larba\u00e2 Nath Irathen, dans la wilaya de Tizi Ouzou. &nbsp;Le procureur g\u00e9n\u00e9ral a requis la peine la plus lourde, \u00e0 savoir la peine capitale \u00e0 l&rsquo;encontre des individus accus\u00e9s d&rsquo;actes terroristes et subversifs attentatoires \u00e0 la s\u00e9curit\u00e9 de l&rsquo;Etat, \u00e0 l&rsquo;unit\u00e9 nationale et \u00e0 la stabilit\u00e9 des institutions ainsi qu&rsquo;\u00e0 leur fonctionnement normal, en semant la terreur au sein de la population et en cr\u00e9ant un climat d&rsquo;ins\u00e9curit\u00e9 par l&rsquo;agression morale et physique contre les personnes, mettant leurs vies et leurs biens en danger. Les accus\u00e9s ont, \u00e9galement, commis le d\u00e9lit de participer \u00e0 un homicide volontaire avec pr\u00e9m\u00e9ditation, d\u00e9lit d&rsquo;agression portant atteinte \u00e0 l&rsquo;int\u00e9grit\u00e9 territoriale et complot, d\u00e9lit de la mise \u00e0 feu volontaire des for\u00eats ayant entrain\u00e9 la mort de plusieurs personnes, d\u00e9lit de torture, discours de haine et participation dans les associations et groupes dont les activit\u00e9s sont passibles de peines pr\u00e9vues par l&rsquo;article 87 du Code p\u00e9nal. S&rsquo;agissant des accus\u00e9s pour les d\u00e9lits d&rsquo;incitation \u00e0 l&rsquo;attroupement arm\u00e9, incitation \u00e0 la violence contre les membres de la force publique durant l&rsquo;accomplissement de leurs missions, incitation au sabotage des biens d&rsquo;autrui, cr\u00e9ation et gestion d&rsquo;un site \u00e9lectronique d\u00e9di\u00e9 \u00e0 la promotion de programmes, d&rsquo;id\u00e9es, d&rsquo;informations, de dessins ou encore de photos susceptibles d&rsquo;attiser la discrimination et le discours de haine dans la soci\u00e9t\u00e9, le procureur g\u00e9n\u00e9ral a requis une peine maximale de dix ans de prison ferme.<\/p>\n\n\n\n<p>Rappelons, le tribunal criminel de premi\u00e8re instance de Dar El-Be\u00efda avait prononc\u00e9, le 24 novembre 2022, des peines \u00e0 l&rsquo;encontre de 94 accus\u00e9s dans la m\u00eame affaire. Le tribunal avait condamn\u00e9 49 accus\u00e9s \u00e0 la peine capitale, 28 accus\u00e9s \u00e0 des peines allant de deux \u00e0 dix ans de prison ferme, et en avait acquitt\u00e9 17 autres.<\/p>\n\n\n\n<p>R.N.<\/p>\n","protected":false},"excerpt":{"rendered":"<p>Le tribunal criminel d\u2019appel pr\u00e8s la Cour d\u2019Alger a prononc\u00e9, hier, dans l\u2019affaire du meurtre de Djamel Bensmail, la peine<\/p>\n","protected":false},"author":3,"featured_media":41837,"comment_status":"open","ping_status":"closed","sticky":false,"template":"","format":"standard","meta":{"colormag_page_container_layout":"default_layout","colormag_page_sidebar_layout":"default_layout","om_disable_all_campaigns":false,"_monsterinsights_skip_tracking":false,"_monsterinsights_sitenote_active":false,"_monsterinsights_sitenote_note":"","_monsterinsights_sitenote_category":0,"footnotes":"","_wpscppro_dont_share_socialmedia":false,"_wpscppro_custom_social_share_image":0,"_facebook_share_type":"","_twitter_share_type":"","_linkedin_share_type":"","_pinterest_share_type":"","_linkedin_share_type_page":"","_instagram_share_type":"","_medium_share_type":"","_threads_share_type":"","_google_business_share_type":"","_selected_social_profile":[],"_wpsp_enable_custom_social_template":false,"_wpsp_social_scheduling":{"enabled":false,"datetime":null,"platforms":[],"status":"template_only","dateOption":"today","timeOption":"now","customDays":"","customHours":"","customDate":"","customTime":"","schedulingType":"absolute"},"_wpsp_active_default_template":true},"categories":[52,27],"tags":[],"class_list":["post-46558","post","type-post","status-publish","format-standard","has-post-thumbnail","hentry","category-a-la-une","category-actualite"],"aioseo_notices":[],"yoast_head":"<!-- This site is optimized with the Yoast SEO plugin v27.5 - https:\/\/yoast.com\/product\/yoast-seo-wordpress\/ -->\n<title>Affaire du meurtre de Djamel Bensmail\u00a0: 38 accus\u00e9s condamn\u00e9s \u00e0 la peine capitale - La Sentinelle<\/title>\n<meta name=\"robots\" content=\"index, follow, max-snippet:-1, max-image-preview:large, max-video-preview:-1\" \/>\n<link rel=\"canonical\" href=\"https:\/\/lasentinelle.dz\/index.php\/2023\/10\/23\/affaire-du-meurtre-de-djamel-bensmail-38-accuses-condamnes-a-la-peine-capitale\/\" \/>\n<meta property=\"og:locale\" content=\"fr_FR\" \/>\n<meta property=\"og:type\" content=\"article\" \/>\n<meta property=\"og:title\" content=\"Affaire du meurtre de Djamel Bensmail\u00a0: 38 accus\u00e9s condamn\u00e9s \u00e0 la peine capitale - La Sentinelle\" \/>\n<meta property=\"og:description\" content=\"Le tribunal criminel d\u2019appel pr\u00e8s la Cour d\u2019Alger a prononc\u00e9, hier, dans l\u2019affaire du meurtre de Djamel Bensmail, la peine\" \/>\n<meta property=\"og:url\" content=\"https:\/\/lasentinelle.dz\/index.php\/2023\/10\/23\/affaire-du-meurtre-de-djamel-bensmail-38-accuses-condamnes-a-la-peine-capitale\/\" \/>\n<meta property=\"og:site_name\" content=\"La Sentinelle\" \/>\n<meta property=\"article:publisher\" content=\"https:\/\/www.facebook.com\/La-Sentinelle-104059864394773\" \/>\n<meta property=\"article:published_time\" content=\"2023-10-23T19:51:27+00:00\" \/>\n<meta property=\"article:modified_time\" content=\"2023-10-23T19:51:36+00:00\" \/>\n<meta property=\"og:image\" content=\"https:\/\/lasentinelle.dz\/wp-content\/uploads\/2023\/05\/Justice.png\" \/>\n\t<meta property=\"og:image:width\" content=\"1579\" \/>\n\t<meta property=\"og:image:height\" content=\"900\" \/>\n\t<meta property=\"og:image:type\" content=\"image\/png\" \/>\n<meta name=\"author\" content=\"La Sentinelle\" \/>\n<meta name=\"twitter:card\" content=\"summary_large_image\" \/>\n<meta name=\"twitter:label1\" content=\"\u00c9crit par\" \/>\n\t<meta name=\"twitter:data1\" content=\"La Sentinelle\" \/>\n\t<meta name=\"twitter:label2\" content=\"Dur\u00e9e de lecture estim\u00e9e\" \/>\n\t<meta name=\"twitter:data2\" content=\"3 minutes\" \/>\n<script type=\"application\/ld+json\" class=\"yoast-schema-graph\">{\"@context\":\"https:\\\/\\\/schema.org\",\"@graph\":[{\"@type\":\"Article\",\"@id\":\"https:\\\/\\\/lasentinelle.dz\\\/index.php\\\/2023\\\/10\\\/23\\\/affaire-du-meurtre-de-djamel-bensmail-38-accuses-condamnes-a-la-peine-capitale\\\/#article\",\"isPartOf\":{\"@id\":\"https:\\\/\\\/lasentinelle.dz\\\/index.php\\\/2023\\\/10\\\/23\\\/affaire-du-meurtre-de-djamel-bensmail-38-accuses-condamnes-a-la-peine-capitale\\\/\"},\"author\":{\"name\":\"La Sentinelle\",\"@id\":\"https:\\\/\\\/lasentinelle.dz\\\/#\\\/schema\\\/person\\\/d865044e22e70a75174ce8bcad3acfb3\"},\"headline\":\"Affaire du meurtre de Djamel Bensmail\u00a0: 38 accus\u00e9s condamn\u00e9s \u00e0 la peine capitale\",\"datePublished\":\"2023-10-23T19:51:27+00:00\",\"dateModified\":\"2023-10-23T19:51:36+00:00\",\"mainEntityOfPage\":{\"@id\":\"https:\\\/\\\/lasentinelle.dz\\\/index.php\\\/2023\\\/10\\\/23\\\/affaire-du-meurtre-de-djamel-bensmail-38-accuses-condamnes-a-la-peine-capitale\\\/\"},\"wordCount\":608,\"commentCount\":0,\"publisher\":{\"@id\":\"https:\\\/\\\/lasentinelle.dz\\\/#organization\"},\"image\":{\"@id\":\"https:\\\/\\\/lasentinelle.dz\\\/index.php\\\/2023\\\/10\\\/23\\\/affaire-du-meurtre-de-djamel-bensmail-38-accuses-condamnes-a-la-peine-capitale\\\/#primaryimage\"},\"thumbnailUrl\":\"https:\\\/\\\/lasentinelle.dz\\\/wp-content\\\/uploads\\\/2023\\\/05\\\/Justice.png\",\"articleSection\":[\"\u00c0 la Une\",\"Actualit\u00e9\"],\"inLanguage\":\"fr-FR\",\"potentialAction\":[{\"@type\":\"CommentAction\",\"name\":\"Comment\",\"target\":[\"https:\\\/\\\/lasentinelle.dz\\\/index.php\\\/2023\\\/10\\\/23\\\/affaire-du-meurtre-de-djamel-bensmail-38-accuses-condamnes-a-la-peine-capitale\\\/#respond\"]}]},{\"@type\":\"WebPage\",\"@id\":\"https:\\\/\\\/lasentinelle.dz\\\/index.php\\\/2023\\\/10\\\/23\\\/affaire-du-meurtre-de-djamel-bensmail-38-accuses-condamnes-a-la-peine-capitale\\\/\",\"url\":\"https:\\\/\\\/lasentinelle.dz\\\/index.php\\\/2023\\\/10\\\/23\\\/affaire-du-meurtre-de-djamel-bensmail-38-accuses-condamnes-a-la-peine-capitale\\\/\",\"name\":\"Affaire du meurtre de Djamel Bensmail\u00a0: 38 accus\u00e9s condamn\u00e9s \u00e0 la peine capitale - La Sentinelle\",\"isPartOf\":{\"@id\":\"https:\\\/\\\/lasentinelle.dz\\\/#website\"},\"primaryImageOfPage\":{\"@id\":\"https:\\\/\\\/lasentinelle.dz\\\/index.php\\\/2023\\\/10\\\/23\\\/affaire-du-meurtre-de-djamel-bensmail-38-accuses-condamnes-a-la-peine-capitale\\\/#primaryimage\"},\"image\":{\"@id\":\"https:\\\/\\\/lasentinelle.dz\\\/index.php\\\/2023\\\/10\\\/23\\\/affaire-du-meurtre-de-djamel-bensmail-38-accuses-condamnes-a-la-peine-capitale\\\/#primaryimage\"},\"thumbnailUrl\":\"https:\\\/\\\/lasentinelle.dz\\\/wp-content\\\/uploads\\\/2023\\\/05\\\/Justice.png\",\"datePublished\":\"2023-10-23T19:51:27+00:00\",\"dateModified\":\"2023-10-23T19:51:36+00:00\",\"breadcrumb\":{\"@id\":\"https:\\\/\\\/lasentinelle.dz\\\/index.php\\\/2023\\\/10\\\/23\\\/affaire-du-meurtre-de-djamel-bensmail-38-accuses-condamnes-a-la-peine-capitale\\\/#breadcrumb\"},\"inLanguage\":\"fr-FR\",\"potentialAction\":[{\"@type\":\"ReadAction\",\"target\":[\"https:\\\/\\\/lasentinelle.dz\\\/index.php\\\/2023\\\/10\\\/23\\\/affaire-du-meurtre-de-djamel-bensmail-38-accuses-condamnes-a-la-peine-capitale\\\/\"]}]},{\"@type\":\"ImageObject\",\"inLanguage\":\"fr-FR\",\"@id\":\"https:\\\/\\\/lasentinelle.dz\\\/index.php\\\/2023\\\/10\\\/23\\\/affaire-du-meurtre-de-djamel-bensmail-38-accuses-condamnes-a-la-peine-capitale\\\/#primaryimage\",\"url\":\"https:\\\/\\\/lasentinelle.dz\\\/wp-content\\\/uploads\\\/2023\\\/05\\\/Justice.png\",\"contentUrl\":\"https:\\\/\\\/lasentinelle.dz\\\/wp-content\\\/uploads\\\/2023\\\/05\\\/Justice.png\",\"width\":1579,\"height\":900},{\"@type\":\"BreadcrumbList\",\"@id\":\"https:\\\/\\\/lasentinelle.dz\\\/index.php\\\/2023\\\/10\\\/23\\\/affaire-du-meurtre-de-djamel-bensmail-38-accuses-condamnes-a-la-peine-capitale\\\/#breadcrumb\",\"itemListElement\":[{\"@type\":\"ListItem\",\"position\":1,\"name\":\"Accueil\",\"item\":\"https:\\\/\\\/lasentinelle.dz\\\/\"},{\"@type\":\"ListItem\",\"position\":2,\"name\":\"Affaire du meurtre de Djamel Bensmail\u00a0: 38 accus\u00e9s condamn\u00e9s \u00e0 la peine capitale\"}]},{\"@type\":\"WebSite\",\"@id\":\"https:\\\/\\\/lasentinelle.dz\\\/#website\",\"url\":\"https:\\\/\\\/lasentinelle.dz\\\/\",\"name\":\"La Sentinelle\",\"description\":\"Quotidien national d&#039;information\",\"publisher\":{\"@id\":\"https:\\\/\\\/lasentinelle.dz\\\/#organization\"},\"potentialAction\":[{\"@type\":\"SearchAction\",\"target\":{\"@type\":\"EntryPoint\",\"urlTemplate\":\"https:\\\/\\\/lasentinelle.dz\\\/?s={search_term_string}\"},\"query-input\":{\"@type\":\"PropertyValueSpecification\",\"valueRequired\":true,\"valueName\":\"search_term_string\"}}],\"inLanguage\":\"fr-FR\"},{\"@type\":\"Organization\",\"@id\":\"https:\\\/\\\/lasentinelle.dz\\\/#organization\",\"name\":\"Quotidien La Sentinelle\",\"url\":\"https:\\\/\\\/lasentinelle.dz\\\/\",\"logo\":{\"@type\":\"ImageObject\",\"inLanguage\":\"fr-FR\",\"@id\":\"https:\\\/\\\/lasentinelle.dz\\\/#\\\/schema\\\/logo\\\/image\\\/\",\"url\":\"https:\\\/\\\/lasentinelle.dz\\\/wp-content\\\/uploads\\\/2021\\\/09\\\/logo-sentinelleSLOGAN-1.png\",\"contentUrl\":\"https:\\\/\\\/lasentinelle.dz\\\/wp-content\\\/uploads\\\/2021\\\/09\\\/logo-sentinelleSLOGAN-1.png\",\"width\":615,\"height\":142,\"caption\":\"Quotidien La Sentinelle\"},\"image\":{\"@id\":\"https:\\\/\\\/lasentinelle.dz\\\/#\\\/schema\\\/logo\\\/image\\\/\"},\"sameAs\":[\"https:\\\/\\\/www.facebook.com\\\/La-Sentinelle-104059864394773\"]},{\"@type\":\"Person\",\"@id\":\"https:\\\/\\\/lasentinelle.dz\\\/#\\\/schema\\\/person\\\/d865044e22e70a75174ce8bcad3acfb3\",\"name\":\"La Sentinelle\",\"image\":{\"@type\":\"ImageObject\",\"inLanguage\":\"fr-FR\",\"@id\":\"https:\\\/\\\/secure.gravatar.com\\\/avatar\\\/57de8e5d4b15d43fb361a71fbb36338450fe67865b528a43dd10ef7c51a20392?s=96&d=mm&r=g\",\"url\":\"https:\\\/\\\/secure.gravatar.com\\\/avatar\\\/57de8e5d4b15d43fb361a71fbb36338450fe67865b528a43dd10ef7c51a20392?s=96&d=mm&r=g\",\"contentUrl\":\"https:\\\/\\\/secure.gravatar.com\\\/avatar\\\/57de8e5d4b15d43fb361a71fbb36338450fe67865b528a43dd10ef7c51a20392?s=96&d=mm&r=g\",\"caption\":\"La Sentinelle\"},\"sameAs\":[\"http:\\\/\\\/www.lasentinelle.dz\"],\"url\":\"https:\\\/\\\/lasentinelle.dz\\\/author\\\/redaction\\\/\"}]}<\/script>\n<!-- \/ Yoast SEO plugin. -->","yoast_head_json":{"title":"Affaire du meurtre de Djamel Bensmail\u00a0: 38 accus\u00e9s condamn\u00e9s \u00e0 la peine capitale - La Sentinelle","robots":{"index":"index","follow":"follow","max-snippet":"max-snippet:-1","max-image-preview":"max-image-preview:large","max-video-preview":"max-video-preview:-1"},"canonical":"https:\/\/lasentinelle.dz\/index.php\/2023\/10\/23\/affaire-du-meurtre-de-djamel-bensmail-38-accuses-condamnes-a-la-peine-capitale\/","og_locale":"fr_FR","og_type":"article","og_title":"Affaire du meurtre de Djamel Bensmail\u00a0: 38 accus\u00e9s condamn\u00e9s \u00e0 la peine capitale - La Sentinelle","og_description":"Le tribunal criminel d\u2019appel pr\u00e8s la Cour d\u2019Alger a prononc\u00e9, hier, dans l\u2019affaire du meurtre de Djamel Bensmail, la peine","og_url":"https:\/\/lasentinelle.dz\/index.php\/2023\/10\/23\/affaire-du-meurtre-de-djamel-bensmail-38-accuses-condamnes-a-la-peine-capitale\/","og_site_name":"La Sentinelle","article_publisher":"https:\/\/www.facebook.com\/La-Sentinelle-104059864394773","article_published_time":"2023-10-23T19:51:27+00:00","article_modified_time":"2023-10-23T19:51:36+00:00","og_image":[{"width":1579,"height":900,"url":"https:\/\/lasentinelle.dz\/wp-content\/uploads\/2023\/05\/Justice.png","type":"image\/png"}],"author":"La Sentinelle","twitter_card":"summary_large_image","twitter_misc":{"\u00c9crit par":"La Sentinelle","Dur\u00e9e de lecture estim\u00e9e":"3 minutes"},"schema":{"@context":"https:\/\/schema.org","@graph":[{"@type":"Article","@id":"https:\/\/lasentinelle.dz\/index.php\/2023\/10\/23\/affaire-du-meurtre-de-djamel-bensmail-38-accuses-condamnes-a-la-peine-capitale\/#article","isPartOf":{"@id":"https:\/\/lasentinelle.dz\/index.php\/2023\/10\/23\/affaire-du-meurtre-de-djamel-bensmail-38-accuses-condamnes-a-la-peine-capitale\/"},"author":{"name":"La Sentinelle","@id":"https:\/\/lasentinelle.dz\/#\/schema\/person\/d865044e22e70a75174ce8bcad3acfb3"},"headline":"Affaire du meurtre de Djamel Bensmail\u00a0: 38 accus\u00e9s condamn\u00e9s \u00e0 la peine capitale","datePublished":"2023-10-23T19:51:27+00:00","dateModified":"2023-10-23T19:51:36+00:00","mainEntityOfPage":{"@id":"https:\/\/lasentinelle.dz\/index.php\/2023\/10\/23\/affaire-du-meurtre-de-djamel-bensmail-38-accuses-condamnes-a-la-peine-capitale\/"},"wordCount":608,"commentCount":0,"publisher":{"@id":"https:\/\/lasentinelle.dz\/#organization"},"image":{"@id":"https:\/\/lasentinelle.dz\/index.php\/2023\/10\/23\/affaire-du-meurtre-de-djamel-bensmail-38-accuses-condamnes-a-la-peine-capitale\/#primaryimage"},"thumbnailUrl":"https:\/\/lasentinelle.dz\/wp-content\/uploads\/2023\/05\/Justice.png","articleSection":["\u00c0 la Une","Actualit\u00e9"],"inLanguage":"fr-FR","potentialAction":[{"@type":"CommentAction","name":"Comment","target":["https:\/\/lasentinelle.dz\/index.php\/2023\/10\/23\/affaire-du-meurtre-de-djamel-bensmail-38-accuses-condamnes-a-la-peine-capitale\/#respond"]}]},{"@type":"WebPage","@id":"https:\/\/lasentinelle.dz\/index.php\/2023\/10\/23\/affaire-du-meurtre-de-djamel-bensmail-38-accuses-condamnes-a-la-peine-capitale\/","url":"https:\/\/lasentinelle.dz\/index.php\/2023\/10\/23\/affaire-du-meurtre-de-djamel-bensmail-38-accuses-condamnes-a-la-peine-capitale\/","name":"Affaire du meurtre de Djamel Bensmail\u00a0: 38 accus\u00e9s condamn\u00e9s \u00e0 la peine capitale - La Sentinelle","isPartOf":{"@id":"https:\/\/lasentinelle.dz\/#website"},"primaryImageOfPage":{"@id":"https:\/\/lasentinelle.dz\/index.php\/2023\/10\/23\/affaire-du-meurtre-de-djamel-bensmail-38-accuses-condamnes-a-la-peine-capitale\/#primaryimage"},"image":{"@id":"https:\/\/lasentinelle.dz\/index.php\/2023\/10\/23\/affaire-du-meurtre-de-djamel-bensmail-38-accuses-condamnes-a-la-peine-capitale\/#primaryimage"},"thumbnailUrl":"https:\/\/lasentinelle.dz\/wp-content\/uploads\/2023\/05\/Justice.png","datePublished":"2023-10-23T19:51:27+00:00","dateModified":"2023-10-23T19:51:36+00:00","breadcrumb":{"@id":"https:\/\/lasentinelle.dz\/index.php\/2023\/10\/23\/affaire-du-meurtre-de-djamel-bensmail-38-accuses-condamnes-a-la-peine-capitale\/#breadcrumb"},"inLanguage":"fr-FR","potentialAction":[{"@type":"ReadAction","target":["https:\/\/lasentinelle.dz\/index.php\/2023\/10\/23\/affaire-du-meurtre-de-djamel-bensmail-38-accuses-condamnes-a-la-peine-capitale\/"]}]},{"@type":"ImageObject","inLanguage":"fr-FR","@id":"https:\/\/lasentinelle.dz\/index.php\/2023\/10\/23\/affaire-du-meurtre-de-djamel-bensmail-38-accuses-condamnes-a-la-peine-capitale\/#primaryimage","url":"https:\/\/lasentinelle.dz\/wp-content\/uploads\/2023\/05\/Justice.png","contentUrl":"https:\/\/lasentinelle.dz\/wp-content\/uploads\/2023\/05\/Justice.png","width":1579,"height":900},{"@type":"BreadcrumbList","@id":"https:\/\/lasentinelle.dz\/index.php\/2023\/10\/23\/affaire-du-meurtre-de-djamel-bensmail-38-accuses-condamnes-a-la-peine-capitale\/#breadcrumb","itemListElement":[{"@type":"ListItem","position":1,"name":"Accueil","item":"https:\/\/lasentinelle.dz\/"},{"@type":"ListItem","position":2,"name":"Affaire du meurtre de Djamel Bensmail\u00a0: 38 accus\u00e9s condamn\u00e9s \u00e0 la peine capitale"}]},{"@type":"WebSite","@id":"https:\/\/lasentinelle.dz\/#website","url":"https:\/\/lasentinelle.dz\/","name":"La Sentinelle","description":"Quotidien national d&#039;information","publisher":{"@id":"https:\/\/lasentinelle.dz\/#organization"},"potentialAction":[{"@type":"SearchAction","target":{"@type":"EntryPoint","urlTemplate":"https:\/\/lasentinelle.dz\/?s={search_term_string}"},"query-input":{"@type":"PropertyValueSpecification","valueRequired":true,"valueName":"search_term_string"}}],"inLanguage":"fr-FR"},{"@type":"Organization","@id":"https:\/\/lasentinelle.dz\/#organization","name":"Quotidien La Sentinelle","url":"https:\/\/lasentinelle.dz\/","logo":{"@type":"ImageObject","inLanguage":"fr-FR","@id":"https:\/\/lasentinelle.dz\/#\/schema\/logo\/image\/","url":"https:\/\/lasentinelle.dz\/wp-content\/uploads\/2021\/09\/logo-sentinelleSLOGAN-1.png","contentUrl":"https:\/\/lasentinelle.dz\/wp-content\/uploads\/2021\/09\/logo-sentinelleSLOGAN-1.png","width":615,"height":142,"caption":"Quotidien La Sentinelle"},"image":{"@id":"https:\/\/lasentinelle.dz\/#\/schema\/logo\/image\/"},"sameAs":["https:\/\/www.facebook.com\/La-Sentinelle-104059864394773"]},{"@type":"Person","@id":"https:\/\/lasentinelle.dz\/#\/schema\/person\/d865044e22e70a75174ce8bcad3acfb3","name":"La Sentinelle","image":{"@type":"ImageObject","inLanguage":"fr-FR","@id":"https:\/\/secure.gravatar.com\/avatar\/57de8e5d4b15d43fb361a71fbb36338450fe67865b528a43dd10ef7c51a20392?s=96&d=mm&r=g","url":"https:\/\/secure.gravatar.com\/avatar\/57de8e5d4b15d43fb361a71fbb36338450fe67865b528a43dd10ef7c51a20392?s=96&d=mm&r=g","contentUrl":"https:\/\/secure.gravatar.com\/avatar\/57de8e5d4b15d43fb361a71fbb36338450fe67865b528a43dd10ef7c51a20392?s=96&d=mm&r=g","caption":"La Sentinelle"},"sameAs":["http:\/\/www.lasentinelle.dz"],"url":"https:\/\/lasentinelle.dz\/author\/redaction\/"}]}},"_links":{"self":[{"href":"https:\/\/lasentinelle.dz\/index.php\/wp-json\/wp\/v2\/posts\/46558","targetHints":{"allow":["GET"]}}],"collection":[{"href":"https:\/\/lasentinelle.dz\/index.php\/wp-json\/wp\/v2\/posts"}],"about":[{"href":"https:\/\/lasentinelle.dz\/index.php\/wp-json\/wp\/v2\/types\/post"}],"author":[{"embeddable":true,"href":"https:\/\/lasentinelle.dz\/index.php\/wp-json\/wp\/v2\/users\/3"}],"replies":[{"embeddable":true,"href":"https:\/\/lasentinelle.dz\/index.php\/wp-json\/wp\/v2\/comments?post=46558"}],"version-history":[{"count":1,"href":"https:\/\/lasentinelle.dz\/index.php\/wp-json\/wp\/v2\/posts\/46558\/revisions"}],"predecessor-version":[{"id":46559,"href":"https:\/\/lasentinelle.dz\/index.php\/wp-json\/wp\/v2\/posts\/46558\/revisions\/46559"}],"wp:featuredmedia":[{"embeddable":true,"href":"https:\/\/lasentinelle.dz\/index.php\/wp-json\/wp\/v2\/media\/41837"}],"wp:attachment":[{"href":"https:\/\/lasentinelle.dz\/index.php\/wp-json\/wp\/v2\/media?parent=46558"}],"wp:term":[{"taxonomy":"category","embeddable":true,"href":"https:\/\/lasentinelle.dz\/index.php\/wp-json\/wp\/v2\/categories?post=46558"},{"taxonomy":"post_tag","embeddable":true,"href":"https:\/\/lasentinelle.dz\/index.php\/wp-json\/wp\/v2\/tags?post=46558"}],"curies":[{"name":"wp","href":"https:\/\/api.w.org\/{rel}","templated":true}]}}