{"id":46563,"date":"2023-10-23T20:57:49","date_gmt":"2023-10-23T19:57:49","guid":{"rendered":"https:\/\/lasentinelle.dz\/?p=46563"},"modified":"2023-10-23T20:58:41","modified_gmt":"2023-10-23T19:58:41","slug":"mondial-2034-lalgerie-soutient-la-candidature-saoudienne","status":"publish","type":"post","link":"https:\/\/lasentinelle.dz\/index.php\/2023\/10\/23\/mondial-2034-lalgerie-soutient-la-candidature-saoudienne\/","title":{"rendered":"Mondial-2034\u00a0: L&rsquo;Alg\u00e9rie soutient la candidature saoudienne"},"content":{"rendered":"\n<p>L&rsquo;Alg\u00e9rie a exprim\u00e9 son plein soutien \u00e0 la candidature du Royaume d&rsquo;Arabie Saoudite pour abriter la Coupe du monde de football 2034, ainsi que \u00ab\u00a0sa ferme conviction que le Royaume dispose de tous les facteurs de succ\u00e8s pour l&rsquo;organisation de cet \u00e9v\u00e8nement mondial important avec brio et m\u00e9rite\u00a0\u00bb.<\/p>\n\n\n\n<p>\u00ab\u00a0Suite \u00e0 l&rsquo;annonce par le Royaume d&rsquo;Arabie Saoudite, pays fr\u00e8re, de sa candidature officielle pour l&rsquo;organisation de la Coupe du monde de football 2034, et au vu des relations de fraternit\u00e9 privil\u00e9gi\u00e9es unissant les deux pays fr\u00e8res, l&rsquo;Alg\u00e9rie exprime son plein soutien \u00e0 cette candidature et sa ferme conviction que le Royaume dispose de tous les facteurs de succ\u00e8s pour l&rsquo;organisation de cet \u00e9v\u00e8nement mondial important avec brio et m\u00e9rite\u00a0\u00bb, a indiqu\u00e9 lundi un communiqu\u00e9 du minist\u00e8re des Affaires \u00e9trang\u00e8res et de la Communaut\u00e9 nationale \u00e0 l&rsquo;\u00e9tranger. A ce propos, l&rsquo;Alg\u00e9rie \u00ab\u00a0exprime son plein soutien au Royaume en vue de contribuer \u00e0 la r\u00e9ussite de cette d\u00e9marche et lui permettre de repr\u00e9senter avec fiert\u00e9 toute la Nation arabo-musulmane\u00a0\u00bb, ajoute la m\u00eame source.<\/p>\n\n\n\n<p>L\u2019Arabie saoudite a annonc\u00e9 au d\u00e9but du mois en cours sa candidature \u00e0 l&rsquo;organisation du Mondial 2034, quelques minutes apr\u00e8s l\u2019annonce de la nomination des six pays organisateurs de l\u2019\u00e9dition 2030 sur trois continents. Riyad \u00abprojette d&rsquo;offrir un tournoi de classe mondiale et s&rsquo;inspirera de la transformation sociale et \u00e9conomique en cours de l&rsquo;Arabie saoudite, et de la passion pour le football profond\u00e9ment ancr\u00e9e dans le pays\u00bb, a expliqu\u00e9 dans un communiqu\u00e9 la F\u00e9d\u00e9ration saoudienne de football.<\/p>\n\n\n\n<p>L\u2019Arabie saoudite affiche l\u2019ambition d\u2019accueillir le Mondial FIFA depuis quelques ann\u00e9es. Une ambition qui se fait plus forte depuis quelques mois et qui s\u2019est accompagn\u00e9e d\u2019une strat\u00e9gie pour faire du royaume une place forte du football. C\u2019est dans ce contexte que les clubs saoudiens ont op\u00e9r\u00e9 l\u2019\u00e9t\u00e9 dernier un mercato XXL pour attirer les plus grandes stars du football mondial, apr\u00e8s qu\u2019An-Nassr ait fait signer Cristiano Ronaldo quelques mois auparavant. L\u2019Arabie saoudite a toutes les chances de reporter l\u2019organisation du tournoi, d\u2019autant plus que la FIFA ait annonc\u00e9 que &nbsp;conform\u00e9ment au principe de rotation entre les conf\u00e9d\u00e9rations, seules les associations membres de la FIFA affili\u00e9es \u00e0 la conf\u00e9d\u00e9ration asiatique de football (AFC) et la conf\u00e9d\u00e9ration oc\u00e9anique de football sont invit\u00e9es \u00e0 se porter candidates \u00e0 son organisation du Mondial-2034. Forte de son d\u00e9veloppement footballistique, l\u2019Arabie saoudite est annonc\u00e9e comme grand favoris. Ceci d\u2019autant plus que l\u2019Indon\u00e9sie qui avait l\u2019ambition de se porter candidate dans le cadre d\u2019une candidature commune avec l\u2019Australie, a fini par jeter l\u2019\u00e9ponge et a apport\u00e9 son soutien \u00e0 la candidature saoudienne.<\/p>\n\n\n\n<p>Le pr\u00e9sident de la FIFA, Gianni Infantino, a recommand\u00e9 aux membres de l\u2019AFC d\u2019\u00eatre \u00ab unis pour la Coupe du monde de 2034 \u00bb. Les membres de l\u2019AFC ont rapidement r\u00e9pondu \u00e0 la requ\u00eate d\u2019Infantino, et la f\u00e9d\u00e9ration japonaise de soccer a propos\u00e9 un soutien ind\u00e9fectible \u00e0 l\u2019Arabie saoudite, dont la candidature \u00e9tait d\u00e9j\u00e0 soutenue par l\u2019Ouzb\u00e9kistan, le Liban et l\u2019Inde. La FIFA a donn\u00e9 aux f\u00e9d\u00e9rations d\u2019Asie et d\u2019Oc\u00e9anie jusqu\u2019au 31 octobre pour signifier leur int\u00e9r\u00eat pour le tournoi de 2034, et \u00e0 peine un mois suppl\u00e9mentaire pour soumettre un plan de candidature formel qui est soutenu par le gouvernement.<\/p>\n\n\n\n<p><strong>Moncef Dahleb<\/strong><\/p>\n","protected":false},"excerpt":{"rendered":"<p>L&rsquo;Alg\u00e9rie a exprim\u00e9 son plein soutien \u00e0 la candidature du Royaume d&rsquo;Arabie Saoudite pour abriter la Coupe du monde de<\/p>\n","protected":false},"author":3,"featured_media":43151,"comment_status":"open","ping_status":"closed","sticky":false,"template":"","format":"standard","meta":{"colormag_page_container_layout":"default_layout","colormag_page_sidebar_layout":"default_layout","om_disable_all_campaigns":false,"_monsterinsights_skip_tracking":false,"_monsterinsights_sitenote_active":false,"_monsterinsights_sitenote_note":"","_monsterinsights_sitenote_category":0,"footnotes":"","_wpscppro_dont_share_socialmedia":false,"_wpscppro_custom_social_share_image":0,"_facebook_share_type":"","_twitter_share_type":"","_linkedin_share_type":"","_pinterest_share_type":"","_linkedin_share_type_page":"","_instagram_share_type":"","_medium_share_type":"","_threads_share_type":"","_google_business_share_type":"","_selected_social_profile":[],"_wpsp_enable_custom_social_template":false,"_wpsp_social_scheduling":{"enabled":false,"datetime":null,"platforms":[],"status":"template_only","dateOption":"today","timeOption":"now","customDays":"","customHours":"","customDate":"","customTime":"","schedulingType":"absolute"},"_wpsp_active_default_template":true},"categories":[52,33],"tags":[],"class_list":["post-46563","post","type-post","status-publish","format-standard","has-post-thumbnail","hentry","category-a-la-une","category-sports"],"aioseo_notices":[],"yoast_head":"<!-- This site is optimized with the Yoast SEO plugin v27.5 - https:\/\/yoast.com\/product\/yoast-seo-wordpress\/ -->\n<title>Mondial-2034\u00a0: L&rsquo;Alg\u00e9rie soutient la candidature saoudienne - La Sentinelle<\/title>\n<meta name=\"robots\" content=\"index, follow, max-snippet:-1, max-image-preview:large, max-video-preview:-1\" \/>\n<link rel=\"canonical\" href=\"https:\/\/lasentinelle.dz\/index.php\/2023\/10\/23\/mondial-2034-lalgerie-soutient-la-candidature-saoudienne\/\" \/>\n<meta property=\"og:locale\" content=\"fr_FR\" \/>\n<meta property=\"og:type\" content=\"article\" \/>\n<meta property=\"og:title\" content=\"Mondial-2034\u00a0: L&rsquo;Alg\u00e9rie soutient la candidature saoudienne - La Sentinelle\" \/>\n<meta property=\"og:description\" content=\"L&rsquo;Alg\u00e9rie a exprim\u00e9 son plein soutien \u00e0 la candidature du Royaume d&rsquo;Arabie Saoudite pour abriter la Coupe du monde de\" \/>\n<meta property=\"og:url\" content=\"https:\/\/lasentinelle.dz\/index.php\/2023\/10\/23\/mondial-2034-lalgerie-soutient-la-candidature-saoudienne\/\" \/>\n<meta property=\"og:site_name\" content=\"La Sentinelle\" \/>\n<meta property=\"article:publisher\" content=\"https:\/\/www.facebook.com\/La-Sentinelle-104059864394773\" \/>\n<meta property=\"article:published_time\" content=\"2023-10-23T19:57:49+00:00\" \/>\n<meta property=\"article:modified_time\" content=\"2023-10-23T19:58:41+00:00\" \/>\n<meta property=\"og:image\" content=\"https:\/\/lasentinelle.dz\/wp-content\/uploads\/2023\/07\/mondial-1024x517.png\" \/>\n\t<meta property=\"og:image:width\" content=\"1024\" \/>\n\t<meta property=\"og:image:height\" content=\"517\" \/>\n\t<meta property=\"og:image:type\" content=\"image\/png\" \/>\n<meta name=\"author\" content=\"La Sentinelle\" \/>\n<meta name=\"twitter:card\" content=\"summary_large_image\" \/>\n<meta name=\"twitter:label1\" content=\"\u00c9crit par\" \/>\n\t<meta name=\"twitter:data1\" content=\"La Sentinelle\" \/>\n\t<meta name=\"twitter:label2\" content=\"Dur\u00e9e de lecture estim\u00e9e\" \/>\n\t<meta name=\"twitter:data2\" content=\"3 minutes\" \/>\n<script type=\"application\/ld+json\" class=\"yoast-schema-graph\">{\"@context\":\"https:\\\/\\\/schema.org\",\"@graph\":[{\"@type\":\"Article\",\"@id\":\"https:\\\/\\\/lasentinelle.dz\\\/index.php\\\/2023\\\/10\\\/23\\\/mondial-2034-lalgerie-soutient-la-candidature-saoudienne\\\/#article\",\"isPartOf\":{\"@id\":\"https:\\\/\\\/lasentinelle.dz\\\/index.php\\\/2023\\\/10\\\/23\\\/mondial-2034-lalgerie-soutient-la-candidature-saoudienne\\\/\"},\"author\":{\"name\":\"La Sentinelle\",\"@id\":\"https:\\\/\\\/lasentinelle.dz\\\/#\\\/schema\\\/person\\\/d865044e22e70a75174ce8bcad3acfb3\"},\"headline\":\"Mondial-2034\u00a0: L&rsquo;Alg\u00e9rie soutient la candidature saoudienne\",\"datePublished\":\"2023-10-23T19:57:49+00:00\",\"dateModified\":\"2023-10-23T19:58:41+00:00\",\"mainEntityOfPage\":{\"@id\":\"https:\\\/\\\/lasentinelle.dz\\\/index.php\\\/2023\\\/10\\\/23\\\/mondial-2034-lalgerie-soutient-la-candidature-saoudienne\\\/\"},\"wordCount\":615,\"commentCount\":0,\"publisher\":{\"@id\":\"https:\\\/\\\/lasentinelle.dz\\\/#organization\"},\"image\":{\"@id\":\"https:\\\/\\\/lasentinelle.dz\\\/index.php\\\/2023\\\/10\\\/23\\\/mondial-2034-lalgerie-soutient-la-candidature-saoudienne\\\/#primaryimage\"},\"thumbnailUrl\":\"https:\\\/\\\/lasentinelle.dz\\\/wp-content\\\/uploads\\\/2023\\\/07\\\/mondial.png\",\"articleSection\":[\"\u00c0 la Une\",\"Sports\"],\"inLanguage\":\"fr-FR\",\"potentialAction\":[{\"@type\":\"CommentAction\",\"name\":\"Comment\",\"target\":[\"https:\\\/\\\/lasentinelle.dz\\\/index.php\\\/2023\\\/10\\\/23\\\/mondial-2034-lalgerie-soutient-la-candidature-saoudienne\\\/#respond\"]}]},{\"@type\":\"WebPage\",\"@id\":\"https:\\\/\\\/lasentinelle.dz\\\/index.php\\\/2023\\\/10\\\/23\\\/mondial-2034-lalgerie-soutient-la-candidature-saoudienne\\\/\",\"url\":\"https:\\\/\\\/lasentinelle.dz\\\/index.php\\\/2023\\\/10\\\/23\\\/mondial-2034-lalgerie-soutient-la-candidature-saoudienne\\\/\",\"name\":\"Mondial-2034\u00a0: L&rsquo;Alg\u00e9rie soutient la candidature saoudienne - La Sentinelle\",\"isPartOf\":{\"@id\":\"https:\\\/\\\/lasentinelle.dz\\\/#website\"},\"primaryImageOfPage\":{\"@id\":\"https:\\\/\\\/lasentinelle.dz\\\/index.php\\\/2023\\\/10\\\/23\\\/mondial-2034-lalgerie-soutient-la-candidature-saoudienne\\\/#primaryimage\"},\"image\":{\"@id\":\"https:\\\/\\\/lasentinelle.dz\\\/index.php\\\/2023\\\/10\\\/23\\\/mondial-2034-lalgerie-soutient-la-candidature-saoudienne\\\/#primaryimage\"},\"thumbnailUrl\":\"https:\\\/\\\/lasentinelle.dz\\\/wp-content\\\/uploads\\\/2023\\\/07\\\/mondial.png\",\"datePublished\":\"2023-10-23T19:57:49+00:00\",\"dateModified\":\"2023-10-23T19:58:41+00:00\",\"breadcrumb\":{\"@id\":\"https:\\\/\\\/lasentinelle.dz\\\/index.php\\\/2023\\\/10\\\/23\\\/mondial-2034-lalgerie-soutient-la-candidature-saoudienne\\\/#breadcrumb\"},\"inLanguage\":\"fr-FR\",\"potentialAction\":[{\"@type\":\"ReadAction\",\"target\":[\"https:\\\/\\\/lasentinelle.dz\\\/index.php\\\/2023\\\/10\\\/23\\\/mondial-2034-lalgerie-soutient-la-candidature-saoudienne\\\/\"]}]},{\"@type\":\"ImageObject\",\"inLanguage\":\"fr-FR\",\"@id\":\"https:\\\/\\\/lasentinelle.dz\\\/index.php\\\/2023\\\/10\\\/23\\\/mondial-2034-lalgerie-soutient-la-candidature-saoudienne\\\/#primaryimage\",\"url\":\"https:\\\/\\\/lasentinelle.dz\\\/wp-content\\\/uploads\\\/2023\\\/07\\\/mondial.png\",\"contentUrl\":\"https:\\\/\\\/lasentinelle.dz\\\/wp-content\\\/uploads\\\/2023\\\/07\\\/mondial.png\",\"width\":2154,\"height\":1088},{\"@type\":\"BreadcrumbList\",\"@id\":\"https:\\\/\\\/lasentinelle.dz\\\/index.php\\\/2023\\\/10\\\/23\\\/mondial-2034-lalgerie-soutient-la-candidature-saoudienne\\\/#breadcrumb\",\"itemListElement\":[{\"@type\":\"ListItem\",\"position\":1,\"name\":\"Accueil\",\"item\":\"https:\\\/\\\/lasentinelle.dz\\\/\"},{\"@type\":\"ListItem\",\"position\":2,\"name\":\"Mondial-2034\u00a0: L&rsquo;Alg\u00e9rie soutient la candidature saoudienne\"}]},{\"@type\":\"WebSite\",\"@id\":\"https:\\\/\\\/lasentinelle.dz\\\/#website\",\"url\":\"https:\\\/\\\/lasentinelle.dz\\\/\",\"name\":\"La Sentinelle\",\"description\":\"Quotidien national d&#039;information\",\"publisher\":{\"@id\":\"https:\\\/\\\/lasentinelle.dz\\\/#organization\"},\"potentialAction\":[{\"@type\":\"SearchAction\",\"target\":{\"@type\":\"EntryPoint\",\"urlTemplate\":\"https:\\\/\\\/lasentinelle.dz\\\/?s={search_term_string}\"},\"query-input\":{\"@type\":\"PropertyValueSpecification\",\"valueRequired\":true,\"valueName\":\"search_term_string\"}}],\"inLanguage\":\"fr-FR\"},{\"@type\":\"Organization\",\"@id\":\"https:\\\/\\\/lasentinelle.dz\\\/#organization\",\"name\":\"Quotidien La Sentinelle\",\"url\":\"https:\\\/\\\/lasentinelle.dz\\\/\",\"logo\":{\"@type\":\"ImageObject\",\"inLanguage\":\"fr-FR\",\"@id\":\"https:\\\/\\\/lasentinelle.dz\\\/#\\\/schema\\\/logo\\\/image\\\/\",\"url\":\"https:\\\/\\\/lasentinelle.dz\\\/wp-content\\\/uploads\\\/2021\\\/09\\\/logo-sentinelleSLOGAN-1.png\",\"contentUrl\":\"https:\\\/\\\/lasentinelle.dz\\\/wp-content\\\/uploads\\\/2021\\\/09\\\/logo-sentinelleSLOGAN-1.png\",\"width\":615,\"height\":142,\"caption\":\"Quotidien La Sentinelle\"},\"image\":{\"@id\":\"https:\\\/\\\/lasentinelle.dz\\\/#\\\/schema\\\/logo\\\/image\\\/\"},\"sameAs\":[\"https:\\\/\\\/www.facebook.com\\\/La-Sentinelle-104059864394773\"]},{\"@type\":\"Person\",\"@id\":\"https:\\\/\\\/lasentinelle.dz\\\/#\\\/schema\\\/person\\\/d865044e22e70a75174ce8bcad3acfb3\",\"name\":\"La Sentinelle\",\"image\":{\"@type\":\"ImageObject\",\"inLanguage\":\"fr-FR\",\"@id\":\"https:\\\/\\\/secure.gravatar.com\\\/avatar\\\/57de8e5d4b15d43fb361a71fbb36338450fe67865b528a43dd10ef7c51a20392?s=96&d=mm&r=g\",\"url\":\"https:\\\/\\\/secure.gravatar.com\\\/avatar\\\/57de8e5d4b15d43fb361a71fbb36338450fe67865b528a43dd10ef7c51a20392?s=96&d=mm&r=g\",\"contentUrl\":\"https:\\\/\\\/secure.gravatar.com\\\/avatar\\\/57de8e5d4b15d43fb361a71fbb36338450fe67865b528a43dd10ef7c51a20392?s=96&d=mm&r=g\",\"caption\":\"La Sentinelle\"},\"sameAs\":[\"http:\\\/\\\/www.lasentinelle.dz\"],\"url\":\"https:\\\/\\\/lasentinelle.dz\\\/author\\\/redaction\\\/\"}]}<\/script>\n<!-- \/ Yoast SEO plugin. -->","yoast_head_json":{"title":"Mondial-2034\u00a0: L&rsquo;Alg\u00e9rie soutient la candidature saoudienne - La Sentinelle","robots":{"index":"index","follow":"follow","max-snippet":"max-snippet:-1","max-image-preview":"max-image-preview:large","max-video-preview":"max-video-preview:-1"},"canonical":"https:\/\/lasentinelle.dz\/index.php\/2023\/10\/23\/mondial-2034-lalgerie-soutient-la-candidature-saoudienne\/","og_locale":"fr_FR","og_type":"article","og_title":"Mondial-2034\u00a0: L&rsquo;Alg\u00e9rie soutient la candidature saoudienne - La Sentinelle","og_description":"L&rsquo;Alg\u00e9rie a exprim\u00e9 son plein soutien \u00e0 la candidature du Royaume d&rsquo;Arabie Saoudite pour abriter la Coupe du monde de","og_url":"https:\/\/lasentinelle.dz\/index.php\/2023\/10\/23\/mondial-2034-lalgerie-soutient-la-candidature-saoudienne\/","og_site_name":"La Sentinelle","article_publisher":"https:\/\/www.facebook.com\/La-Sentinelle-104059864394773","article_published_time":"2023-10-23T19:57:49+00:00","article_modified_time":"2023-10-23T19:58:41+00:00","og_image":[{"width":1024,"height":517,"url":"https:\/\/lasentinelle.dz\/wp-content\/uploads\/2023\/07\/mondial-1024x517.png","type":"image\/png"}],"author":"La Sentinelle","twitter_card":"summary_large_image","twitter_misc":{"\u00c9crit par":"La Sentinelle","Dur\u00e9e de lecture estim\u00e9e":"3 minutes"},"schema":{"@context":"https:\/\/schema.org","@graph":[{"@type":"Article","@id":"https:\/\/lasentinelle.dz\/index.php\/2023\/10\/23\/mondial-2034-lalgerie-soutient-la-candidature-saoudienne\/#article","isPartOf":{"@id":"https:\/\/lasentinelle.dz\/index.php\/2023\/10\/23\/mondial-2034-lalgerie-soutient-la-candidature-saoudienne\/"},"author":{"name":"La Sentinelle","@id":"https:\/\/lasentinelle.dz\/#\/schema\/person\/d865044e22e70a75174ce8bcad3acfb3"},"headline":"Mondial-2034\u00a0: L&rsquo;Alg\u00e9rie soutient la candidature saoudienne","datePublished":"2023-10-23T19:57:49+00:00","dateModified":"2023-10-23T19:58:41+00:00","mainEntityOfPage":{"@id":"https:\/\/lasentinelle.dz\/index.php\/2023\/10\/23\/mondial-2034-lalgerie-soutient-la-candidature-saoudienne\/"},"wordCount":615,"commentCount":0,"publisher":{"@id":"https:\/\/lasentinelle.dz\/#organization"},"image":{"@id":"https:\/\/lasentinelle.dz\/index.php\/2023\/10\/23\/mondial-2034-lalgerie-soutient-la-candidature-saoudienne\/#primaryimage"},"thumbnailUrl":"https:\/\/lasentinelle.dz\/wp-content\/uploads\/2023\/07\/mondial.png","articleSection":["\u00c0 la Une","Sports"],"inLanguage":"fr-FR","potentialAction":[{"@type":"CommentAction","name":"Comment","target":["https:\/\/lasentinelle.dz\/index.php\/2023\/10\/23\/mondial-2034-lalgerie-soutient-la-candidature-saoudienne\/#respond"]}]},{"@type":"WebPage","@id":"https:\/\/lasentinelle.dz\/index.php\/2023\/10\/23\/mondial-2034-lalgerie-soutient-la-candidature-saoudienne\/","url":"https:\/\/lasentinelle.dz\/index.php\/2023\/10\/23\/mondial-2034-lalgerie-soutient-la-candidature-saoudienne\/","name":"Mondial-2034\u00a0: L&rsquo;Alg\u00e9rie soutient la candidature saoudienne - La Sentinelle","isPartOf":{"@id":"https:\/\/lasentinelle.dz\/#website"},"primaryImageOfPage":{"@id":"https:\/\/lasentinelle.dz\/index.php\/2023\/10\/23\/mondial-2034-lalgerie-soutient-la-candidature-saoudienne\/#primaryimage"},"image":{"@id":"https:\/\/lasentinelle.dz\/index.php\/2023\/10\/23\/mondial-2034-lalgerie-soutient-la-candidature-saoudienne\/#primaryimage"},"thumbnailUrl":"https:\/\/lasentinelle.dz\/wp-content\/uploads\/2023\/07\/mondial.png","datePublished":"2023-10-23T19:57:49+00:00","dateModified":"2023-10-23T19:58:41+00:00","breadcrumb":{"@id":"https:\/\/lasentinelle.dz\/index.php\/2023\/10\/23\/mondial-2034-lalgerie-soutient-la-candidature-saoudienne\/#breadcrumb"},"inLanguage":"fr-FR","potentialAction":[{"@type":"ReadAction","target":["https:\/\/lasentinelle.dz\/index.php\/2023\/10\/23\/mondial-2034-lalgerie-soutient-la-candidature-saoudienne\/"]}]},{"@type":"ImageObject","inLanguage":"fr-FR","@id":"https:\/\/lasentinelle.dz\/index.php\/2023\/10\/23\/mondial-2034-lalgerie-soutient-la-candidature-saoudienne\/#primaryimage","url":"https:\/\/lasentinelle.dz\/wp-content\/uploads\/2023\/07\/mondial.png","contentUrl":"https:\/\/lasentinelle.dz\/wp-content\/uploads\/2023\/07\/mondial.png","width":2154,"height":1088},{"@type":"BreadcrumbList","@id":"https:\/\/lasentinelle.dz\/index.php\/2023\/10\/23\/mondial-2034-lalgerie-soutient-la-candidature-saoudienne\/#breadcrumb","itemListElement":[{"@type":"ListItem","position":1,"name":"Accueil","item":"https:\/\/lasentinelle.dz\/"},{"@type":"ListItem","position":2,"name":"Mondial-2034\u00a0: L&rsquo;Alg\u00e9rie soutient la candidature saoudienne"}]},{"@type":"WebSite","@id":"https:\/\/lasentinelle.dz\/#website","url":"https:\/\/lasentinelle.dz\/","name":"La Sentinelle","description":"Quotidien national d&#039;information","publisher":{"@id":"https:\/\/lasentinelle.dz\/#organization"},"potentialAction":[{"@type":"SearchAction","target":{"@type":"EntryPoint","urlTemplate":"https:\/\/lasentinelle.dz\/?s={search_term_string}"},"query-input":{"@type":"PropertyValueSpecification","valueRequired":true,"valueName":"search_term_string"}}],"inLanguage":"fr-FR"},{"@type":"Organization","@id":"https:\/\/lasentinelle.dz\/#organization","name":"Quotidien La Sentinelle","url":"https:\/\/lasentinelle.dz\/","logo":{"@type":"ImageObject","inLanguage":"fr-FR","@id":"https:\/\/lasentinelle.dz\/#\/schema\/logo\/image\/","url":"https:\/\/lasentinelle.dz\/wp-content\/uploads\/2021\/09\/logo-sentinelleSLOGAN-1.png","contentUrl":"https:\/\/lasentinelle.dz\/wp-content\/uploads\/2021\/09\/logo-sentinelleSLOGAN-1.png","width":615,"height":142,"caption":"Quotidien La Sentinelle"},"image":{"@id":"https:\/\/lasentinelle.dz\/#\/schema\/logo\/image\/"},"sameAs":["https:\/\/www.facebook.com\/La-Sentinelle-104059864394773"]},{"@type":"Person","@id":"https:\/\/lasentinelle.dz\/#\/schema\/person\/d865044e22e70a75174ce8bcad3acfb3","name":"La Sentinelle","image":{"@type":"ImageObject","inLanguage":"fr-FR","@id":"https:\/\/secure.gravatar.com\/avatar\/57de8e5d4b15d43fb361a71fbb36338450fe67865b528a43dd10ef7c51a20392?s=96&d=mm&r=g","url":"https:\/\/secure.gravatar.com\/avatar\/57de8e5d4b15d43fb361a71fbb36338450fe67865b528a43dd10ef7c51a20392?s=96&d=mm&r=g","contentUrl":"https:\/\/secure.gravatar.com\/avatar\/57de8e5d4b15d43fb361a71fbb36338450fe67865b528a43dd10ef7c51a20392?s=96&d=mm&r=g","caption":"La Sentinelle"},"sameAs":["http:\/\/www.lasentinelle.dz"],"url":"https:\/\/lasentinelle.dz\/author\/redaction\/"}]}},"_links":{"self":[{"href":"https:\/\/lasentinelle.dz\/index.php\/wp-json\/wp\/v2\/posts\/46563","targetHints":{"allow":["GET"]}}],"collection":[{"href":"https:\/\/lasentinelle.dz\/index.php\/wp-json\/wp\/v2\/posts"}],"about":[{"href":"https:\/\/lasentinelle.dz\/index.php\/wp-json\/wp\/v2\/types\/post"}],"author":[{"embeddable":true,"href":"https:\/\/lasentinelle.dz\/index.php\/wp-json\/wp\/v2\/users\/3"}],"replies":[{"embeddable":true,"href":"https:\/\/lasentinelle.dz\/index.php\/wp-json\/wp\/v2\/comments?post=46563"}],"version-history":[{"count":1,"href":"https:\/\/lasentinelle.dz\/index.php\/wp-json\/wp\/v2\/posts\/46563\/revisions"}],"predecessor-version":[{"id":46564,"href":"https:\/\/lasentinelle.dz\/index.php\/wp-json\/wp\/v2\/posts\/46563\/revisions\/46564"}],"wp:featuredmedia":[{"embeddable":true,"href":"https:\/\/lasentinelle.dz\/index.php\/wp-json\/wp\/v2\/media\/43151"}],"wp:attachment":[{"href":"https:\/\/lasentinelle.dz\/index.php\/wp-json\/wp\/v2\/media?parent=46563"}],"wp:term":[{"taxonomy":"category","embeddable":true,"href":"https:\/\/lasentinelle.dz\/index.php\/wp-json\/wp\/v2\/categories?post=46563"},{"taxonomy":"post_tag","embeddable":true,"href":"https:\/\/lasentinelle.dz\/index.php\/wp-json\/wp\/v2\/tags?post=46563"}],"curies":[{"name":"wp","href":"https:\/\/api.w.org\/{rel}","templated":true}]}}