{"id":46570,"date":"2023-10-23T21:41:39","date_gmt":"2023-10-23T20:41:39","guid":{"rendered":"https:\/\/lasentinelle.dz\/?p=46570"},"modified":"2023-10-23T21:41:50","modified_gmt":"2023-10-23T20:41:50","slug":"annaba-les-employes-de-loffice-communal-des-sports-haussent-le-ton","status":"publish","type":"post","link":"https:\/\/lasentinelle.dz\/index.php\/2023\/10\/23\/annaba-les-employes-de-loffice-communal-des-sports-haussent-le-ton\/","title":{"rendered":"Annaba\u00a0: Les employ\u00e9s de l\u2019Office communal des sports haussent le ton"},"content":{"rendered":"\n<p>Les employ\u00e9s de l\u2019Office Communal des Sports (OCS) d\u2019Annaba ont tenu, dimanche, un sit-in de protestation devant le si\u00e8ge de la wilaya. Les employ\u00e9s en col\u00e8re affirment ne pas avoir per\u00e7u leurs salaires depuis plus de six mois.<\/p>\n\n\n\n<p>Face \u00e0 des d\u00e9marches infructueuses aupr\u00e8s des diff\u00e9rents responsables pour r\u00e9soudre leur probl\u00e8me, les employ\u00e9s ont opt\u00e9, une nouvelle fois, pour une action de protestation. Au cours des derniers mois des actions similaires ont \u00e9t\u00e9 observ\u00e9es et ont fait l\u2019objet \u2018\u2019de promesses quant \u00e0 la prise en charge de la revendication relative aux salaires\u2019\u2019, nous dit-on. Or, \u00e0 ce jour aucune promesse n\u2019a \u00e9t\u00e9 tenue, pendant que \u2018\u2019les conditions sociales des employ\u00e9s poursuivent leur d\u00e9t\u00e9rioration\u2019\u2019, ont d\u00e9plor\u00e9 certains employ\u00e9s interrog\u00e9s par nos soins. Les protestataires ont soulign\u00e9 l\u2019inertie des autorit\u00e9s locales, car selon eux, en d\u00e9pit de toutes les promesses, le dossier des salaires des employ\u00e9s de l\u2019office communal des sports (OCS) \u2018\u2019traine depuis plus d\u2019une ann\u00e9e sans la moindre initiative pour trouver une solution\u2019\u2019, nous dit-on. Hormis le versement de petites sommes pour calmer la tension des travailleurs, cela reste toujours insuffisant pour des dizaines de chefs de familles. Ces derniers affirment n\u2019avoir rien per\u00e7u depuis plus de six mois. Les employ\u00e9s du OCS d\u2019Annaba revendiquent aussi pour leur Office \u2018\u2019le droit de g\u00e9rer les 38 stades de proximit\u00e9, dont la location a atteint des niveaux tr\u00e8s \u00e9lev\u00e9s\u2019\u2019. Autre revendication celle en rapport avec, l\u2019ensemble des structures sportives de la ville, qui devraient permettre \u00e0 l\u2019office de g\u00e9n\u00e9rer des revenus consid\u00e9rables. Les protestataires n\u2019ont pas manqu\u00e9 de faire part des nouveaux stades de proximit\u00e9 r\u00e9alis\u00e9s \u00e0 travers les diff\u00e9rents zones et quartiers de la ville d\u2019Annaba. Des structures qui, selon nos interlocuteurs, sont tr\u00e8s fr\u00e9quent\u00e9es par les sportifs amateurs et professionnels, constituent de ce fait, une source potentielle de revenus pour l\u2019OCS. Il suffit juste de savoir en tirer profit pour renflouer les caisses de cet organisme devenu le parent pauvre du secteur des sports. Un secteur qui traverse la plus aigu\u00eb des crises de son histoire. Le responsable de l\u2019Office a \u00e9t\u00e9, rappelons-le, relev\u00e9 de ses fonctions depuis plusieurs jours d\u00e9j\u00e0. Par ailleurs, au moment o\u00f9 la direction de la jeunesse et des sports attend la nomination d\u2019un nouveau responsable, les activit\u00e9s sportives dans la wilaya sont temporairement gel\u00e9es par solidarit\u00e9 avec les citoyens palestiniens, victimes d\u2019une agression sans commune mesure de l\u2019arm\u00e9e sioniste.<\/p>\n\n\n\n<p><strong>Sofia Chahine<\/strong><\/p>\n","protected":false},"excerpt":{"rendered":"<p>Les employ\u00e9s de l\u2019Office Communal des Sports (OCS) d\u2019Annaba ont tenu, dimanche, un sit-in de protestation devant le si\u00e8ge de<\/p>\n","protected":false},"author":3,"featured_media":23601,"comment_status":"open","ping_status":"closed","sticky":false,"template":"","format":"standard","meta":{"colormag_page_container_layout":"default_layout","colormag_page_sidebar_layout":"default_layout","om_disable_all_campaigns":false,"_monsterinsights_skip_tracking":false,"_monsterinsights_sitenote_active":false,"_monsterinsights_sitenote_note":"","_monsterinsights_sitenote_category":0,"footnotes":"","_wpscppro_dont_share_socialmedia":false,"_wpscppro_custom_social_share_image":0,"_facebook_share_type":"","_twitter_share_type":"","_linkedin_share_type":"","_pinterest_share_type":"","_linkedin_share_type_page":"","_instagram_share_type":"","_medium_share_type":"","_threads_share_type":"","_google_business_share_type":"","_selected_social_profile":[],"_wpsp_enable_custom_social_template":false,"_wpsp_social_scheduling":{"enabled":false,"datetime":null,"platforms":[],"status":"template_only","dateOption":"today","timeOption":"now","customDays":"","customHours":"","customDate":"","customTime":"","schedulingType":"absolute"},"_wpsp_active_default_template":true},"categories":[31],"tags":[],"class_list":["post-46570","post","type-post","status-publish","format-standard","has-post-thumbnail","hentry","category-regions"],"aioseo_notices":[],"yoast_head":"<!-- This site is optimized with the Yoast SEO plugin v27.5 - https:\/\/yoast.com\/product\/yoast-seo-wordpress\/ -->\n<title>Annaba\u00a0: Les employ\u00e9s de l\u2019Office communal des sports haussent le ton - La Sentinelle<\/title>\n<meta name=\"robots\" content=\"index, follow, max-snippet:-1, max-image-preview:large, max-video-preview:-1\" \/>\n<link rel=\"canonical\" href=\"https:\/\/lasentinelle.dz\/index.php\/2023\/10\/23\/annaba-les-employes-de-loffice-communal-des-sports-haussent-le-ton\/\" \/>\n<meta property=\"og:locale\" content=\"fr_FR\" \/>\n<meta property=\"og:type\" content=\"article\" \/>\n<meta property=\"og:title\" content=\"Annaba\u00a0: Les employ\u00e9s de l\u2019Office communal des sports haussent le ton - La Sentinelle\" \/>\n<meta property=\"og:description\" content=\"Les employ\u00e9s de l\u2019Office Communal des Sports (OCS) d\u2019Annaba ont tenu, dimanche, un sit-in de protestation devant le si\u00e8ge de\" \/>\n<meta property=\"og:url\" content=\"https:\/\/lasentinelle.dz\/index.php\/2023\/10\/23\/annaba-les-employes-de-loffice-communal-des-sports-haussent-le-ton\/\" \/>\n<meta property=\"og:site_name\" content=\"La Sentinelle\" \/>\n<meta property=\"article:publisher\" content=\"https:\/\/www.facebook.com\/La-Sentinelle-104059864394773\" \/>\n<meta property=\"article:published_time\" content=\"2023-10-23T20:41:39+00:00\" \/>\n<meta property=\"article:modified_time\" content=\"2023-10-23T20:41:50+00:00\" \/>\n<meta property=\"og:image\" content=\"https:\/\/lasentinelle.dz\/wp-content\/uploads\/2022\/07\/83808-siege-de-la-wilaya-de-annaba-durant-la-fete-du-Copier.jpg\" \/>\n\t<meta property=\"og:image:width\" content=\"901\" \/>\n\t<meta property=\"og:image:height\" content=\"676\" \/>\n\t<meta property=\"og:image:type\" content=\"image\/jpeg\" \/>\n<meta name=\"author\" content=\"La Sentinelle\" \/>\n<meta name=\"twitter:card\" content=\"summary_large_image\" \/>\n<meta name=\"twitter:label1\" content=\"\u00c9crit par\" \/>\n\t<meta name=\"twitter:data1\" content=\"La Sentinelle\" \/>\n\t<meta name=\"twitter:label2\" content=\"Dur\u00e9e de lecture estim\u00e9e\" \/>\n\t<meta name=\"twitter:data2\" content=\"3 minutes\" \/>\n<script type=\"application\/ld+json\" class=\"yoast-schema-graph\">{\"@context\":\"https:\\\/\\\/schema.org\",\"@graph\":[{\"@type\":\"Article\",\"@id\":\"https:\\\/\\\/lasentinelle.dz\\\/index.php\\\/2023\\\/10\\\/23\\\/annaba-les-employes-de-loffice-communal-des-sports-haussent-le-ton\\\/#article\",\"isPartOf\":{\"@id\":\"https:\\\/\\\/lasentinelle.dz\\\/index.php\\\/2023\\\/10\\\/23\\\/annaba-les-employes-de-loffice-communal-des-sports-haussent-le-ton\\\/\"},\"author\":{\"name\":\"La Sentinelle\",\"@id\":\"https:\\\/\\\/lasentinelle.dz\\\/#\\\/schema\\\/person\\\/d865044e22e70a75174ce8bcad3acfb3\"},\"headline\":\"Annaba\u00a0: Les employ\u00e9s de l\u2019Office communal des sports haussent le ton\",\"datePublished\":\"2023-10-23T20:41:39+00:00\",\"dateModified\":\"2023-10-23T20:41:50+00:00\",\"mainEntityOfPage\":{\"@id\":\"https:\\\/\\\/lasentinelle.dz\\\/index.php\\\/2023\\\/10\\\/23\\\/annaba-les-employes-de-loffice-communal-des-sports-haussent-le-ton\\\/\"},\"wordCount\":461,\"commentCount\":0,\"publisher\":{\"@id\":\"https:\\\/\\\/lasentinelle.dz\\\/#organization\"},\"image\":{\"@id\":\"https:\\\/\\\/lasentinelle.dz\\\/index.php\\\/2023\\\/10\\\/23\\\/annaba-les-employes-de-loffice-communal-des-sports-haussent-le-ton\\\/#primaryimage\"},\"thumbnailUrl\":\"https:\\\/\\\/lasentinelle.dz\\\/wp-content\\\/uploads\\\/2022\\\/07\\\/83808-siege-de-la-wilaya-de-annaba-durant-la-fete-du-Copier.jpg\",\"articleSection\":[\"R\u00e9gions\"],\"inLanguage\":\"fr-FR\",\"potentialAction\":[{\"@type\":\"CommentAction\",\"name\":\"Comment\",\"target\":[\"https:\\\/\\\/lasentinelle.dz\\\/index.php\\\/2023\\\/10\\\/23\\\/annaba-les-employes-de-loffice-communal-des-sports-haussent-le-ton\\\/#respond\"]}]},{\"@type\":\"WebPage\",\"@id\":\"https:\\\/\\\/lasentinelle.dz\\\/index.php\\\/2023\\\/10\\\/23\\\/annaba-les-employes-de-loffice-communal-des-sports-haussent-le-ton\\\/\",\"url\":\"https:\\\/\\\/lasentinelle.dz\\\/index.php\\\/2023\\\/10\\\/23\\\/annaba-les-employes-de-loffice-communal-des-sports-haussent-le-ton\\\/\",\"name\":\"Annaba\u00a0: Les employ\u00e9s de l\u2019Office communal des sports haussent le ton - La Sentinelle\",\"isPartOf\":{\"@id\":\"https:\\\/\\\/lasentinelle.dz\\\/#website\"},\"primaryImageOfPage\":{\"@id\":\"https:\\\/\\\/lasentinelle.dz\\\/index.php\\\/2023\\\/10\\\/23\\\/annaba-les-employes-de-loffice-communal-des-sports-haussent-le-ton\\\/#primaryimage\"},\"image\":{\"@id\":\"https:\\\/\\\/lasentinelle.dz\\\/index.php\\\/2023\\\/10\\\/23\\\/annaba-les-employes-de-loffice-communal-des-sports-haussent-le-ton\\\/#primaryimage\"},\"thumbnailUrl\":\"https:\\\/\\\/lasentinelle.dz\\\/wp-content\\\/uploads\\\/2022\\\/07\\\/83808-siege-de-la-wilaya-de-annaba-durant-la-fete-du-Copier.jpg\",\"datePublished\":\"2023-10-23T20:41:39+00:00\",\"dateModified\":\"2023-10-23T20:41:50+00:00\",\"breadcrumb\":{\"@id\":\"https:\\\/\\\/lasentinelle.dz\\\/index.php\\\/2023\\\/10\\\/23\\\/annaba-les-employes-de-loffice-communal-des-sports-haussent-le-ton\\\/#breadcrumb\"},\"inLanguage\":\"fr-FR\",\"potentialAction\":[{\"@type\":\"ReadAction\",\"target\":[\"https:\\\/\\\/lasentinelle.dz\\\/index.php\\\/2023\\\/10\\\/23\\\/annaba-les-employes-de-loffice-communal-des-sports-haussent-le-ton\\\/\"]}]},{\"@type\":\"ImageObject\",\"inLanguage\":\"fr-FR\",\"@id\":\"https:\\\/\\\/lasentinelle.dz\\\/index.php\\\/2023\\\/10\\\/23\\\/annaba-les-employes-de-loffice-communal-des-sports-haussent-le-ton\\\/#primaryimage\",\"url\":\"https:\\\/\\\/lasentinelle.dz\\\/wp-content\\\/uploads\\\/2022\\\/07\\\/83808-siege-de-la-wilaya-de-annaba-durant-la-fete-du-Copier.jpg\",\"contentUrl\":\"https:\\\/\\\/lasentinelle.dz\\\/wp-content\\\/uploads\\\/2022\\\/07\\\/83808-siege-de-la-wilaya-de-annaba-durant-la-fete-du-Copier.jpg\",\"width\":901,\"height\":676},{\"@type\":\"BreadcrumbList\",\"@id\":\"https:\\\/\\\/lasentinelle.dz\\\/index.php\\\/2023\\\/10\\\/23\\\/annaba-les-employes-de-loffice-communal-des-sports-haussent-le-ton\\\/#breadcrumb\",\"itemListElement\":[{\"@type\":\"ListItem\",\"position\":1,\"name\":\"Accueil\",\"item\":\"https:\\\/\\\/lasentinelle.dz\\\/\"},{\"@type\":\"ListItem\",\"position\":2,\"name\":\"Annaba\u00a0: Les employ\u00e9s de l\u2019Office communal des sports haussent le ton\"}]},{\"@type\":\"WebSite\",\"@id\":\"https:\\\/\\\/lasentinelle.dz\\\/#website\",\"url\":\"https:\\\/\\\/lasentinelle.dz\\\/\",\"name\":\"La Sentinelle\",\"description\":\"Quotidien national d&#039;information\",\"publisher\":{\"@id\":\"https:\\\/\\\/lasentinelle.dz\\\/#organization\"},\"potentialAction\":[{\"@type\":\"SearchAction\",\"target\":{\"@type\":\"EntryPoint\",\"urlTemplate\":\"https:\\\/\\\/lasentinelle.dz\\\/?s={search_term_string}\"},\"query-input\":{\"@type\":\"PropertyValueSpecification\",\"valueRequired\":true,\"valueName\":\"search_term_string\"}}],\"inLanguage\":\"fr-FR\"},{\"@type\":\"Organization\",\"@id\":\"https:\\\/\\\/lasentinelle.dz\\\/#organization\",\"name\":\"Quotidien La Sentinelle\",\"url\":\"https:\\\/\\\/lasentinelle.dz\\\/\",\"logo\":{\"@type\":\"ImageObject\",\"inLanguage\":\"fr-FR\",\"@id\":\"https:\\\/\\\/lasentinelle.dz\\\/#\\\/schema\\\/logo\\\/image\\\/\",\"url\":\"https:\\\/\\\/lasentinelle.dz\\\/wp-content\\\/uploads\\\/2021\\\/09\\\/logo-sentinelleSLOGAN-1.png\",\"contentUrl\":\"https:\\\/\\\/lasentinelle.dz\\\/wp-content\\\/uploads\\\/2021\\\/09\\\/logo-sentinelleSLOGAN-1.png\",\"width\":615,\"height\":142,\"caption\":\"Quotidien La Sentinelle\"},\"image\":{\"@id\":\"https:\\\/\\\/lasentinelle.dz\\\/#\\\/schema\\\/logo\\\/image\\\/\"},\"sameAs\":[\"https:\\\/\\\/www.facebook.com\\\/La-Sentinelle-104059864394773\"]},{\"@type\":\"Person\",\"@id\":\"https:\\\/\\\/lasentinelle.dz\\\/#\\\/schema\\\/person\\\/d865044e22e70a75174ce8bcad3acfb3\",\"name\":\"La Sentinelle\",\"image\":{\"@type\":\"ImageObject\",\"inLanguage\":\"fr-FR\",\"@id\":\"https:\\\/\\\/secure.gravatar.com\\\/avatar\\\/57de8e5d4b15d43fb361a71fbb36338450fe67865b528a43dd10ef7c51a20392?s=96&d=mm&r=g\",\"url\":\"https:\\\/\\\/secure.gravatar.com\\\/avatar\\\/57de8e5d4b15d43fb361a71fbb36338450fe67865b528a43dd10ef7c51a20392?s=96&d=mm&r=g\",\"contentUrl\":\"https:\\\/\\\/secure.gravatar.com\\\/avatar\\\/57de8e5d4b15d43fb361a71fbb36338450fe67865b528a43dd10ef7c51a20392?s=96&d=mm&r=g\",\"caption\":\"La Sentinelle\"},\"sameAs\":[\"http:\\\/\\\/www.lasentinelle.dz\"],\"url\":\"https:\\\/\\\/lasentinelle.dz\\\/author\\\/redaction\\\/\"}]}<\/script>\n<!-- \/ Yoast SEO plugin. -->","yoast_head_json":{"title":"Annaba\u00a0: Les employ\u00e9s de l\u2019Office communal des sports haussent le ton - La Sentinelle","robots":{"index":"index","follow":"follow","max-snippet":"max-snippet:-1","max-image-preview":"max-image-preview:large","max-video-preview":"max-video-preview:-1"},"canonical":"https:\/\/lasentinelle.dz\/index.php\/2023\/10\/23\/annaba-les-employes-de-loffice-communal-des-sports-haussent-le-ton\/","og_locale":"fr_FR","og_type":"article","og_title":"Annaba\u00a0: Les employ\u00e9s de l\u2019Office communal des sports haussent le ton - La Sentinelle","og_description":"Les employ\u00e9s de l\u2019Office Communal des Sports (OCS) d\u2019Annaba ont tenu, dimanche, un sit-in de protestation devant le si\u00e8ge de","og_url":"https:\/\/lasentinelle.dz\/index.php\/2023\/10\/23\/annaba-les-employes-de-loffice-communal-des-sports-haussent-le-ton\/","og_site_name":"La Sentinelle","article_publisher":"https:\/\/www.facebook.com\/La-Sentinelle-104059864394773","article_published_time":"2023-10-23T20:41:39+00:00","article_modified_time":"2023-10-23T20:41:50+00:00","og_image":[{"width":901,"height":676,"url":"https:\/\/lasentinelle.dz\/wp-content\/uploads\/2022\/07\/83808-siege-de-la-wilaya-de-annaba-durant-la-fete-du-Copier.jpg","type":"image\/jpeg"}],"author":"La Sentinelle","twitter_card":"summary_large_image","twitter_misc":{"\u00c9crit par":"La Sentinelle","Dur\u00e9e de lecture estim\u00e9e":"3 minutes"},"schema":{"@context":"https:\/\/schema.org","@graph":[{"@type":"Article","@id":"https:\/\/lasentinelle.dz\/index.php\/2023\/10\/23\/annaba-les-employes-de-loffice-communal-des-sports-haussent-le-ton\/#article","isPartOf":{"@id":"https:\/\/lasentinelle.dz\/index.php\/2023\/10\/23\/annaba-les-employes-de-loffice-communal-des-sports-haussent-le-ton\/"},"author":{"name":"La Sentinelle","@id":"https:\/\/lasentinelle.dz\/#\/schema\/person\/d865044e22e70a75174ce8bcad3acfb3"},"headline":"Annaba\u00a0: Les employ\u00e9s de l\u2019Office communal des sports haussent le ton","datePublished":"2023-10-23T20:41:39+00:00","dateModified":"2023-10-23T20:41:50+00:00","mainEntityOfPage":{"@id":"https:\/\/lasentinelle.dz\/index.php\/2023\/10\/23\/annaba-les-employes-de-loffice-communal-des-sports-haussent-le-ton\/"},"wordCount":461,"commentCount":0,"publisher":{"@id":"https:\/\/lasentinelle.dz\/#organization"},"image":{"@id":"https:\/\/lasentinelle.dz\/index.php\/2023\/10\/23\/annaba-les-employes-de-loffice-communal-des-sports-haussent-le-ton\/#primaryimage"},"thumbnailUrl":"https:\/\/lasentinelle.dz\/wp-content\/uploads\/2022\/07\/83808-siege-de-la-wilaya-de-annaba-durant-la-fete-du-Copier.jpg","articleSection":["R\u00e9gions"],"inLanguage":"fr-FR","potentialAction":[{"@type":"CommentAction","name":"Comment","target":["https:\/\/lasentinelle.dz\/index.php\/2023\/10\/23\/annaba-les-employes-de-loffice-communal-des-sports-haussent-le-ton\/#respond"]}]},{"@type":"WebPage","@id":"https:\/\/lasentinelle.dz\/index.php\/2023\/10\/23\/annaba-les-employes-de-loffice-communal-des-sports-haussent-le-ton\/","url":"https:\/\/lasentinelle.dz\/index.php\/2023\/10\/23\/annaba-les-employes-de-loffice-communal-des-sports-haussent-le-ton\/","name":"Annaba\u00a0: Les employ\u00e9s de l\u2019Office communal des sports haussent le ton - La Sentinelle","isPartOf":{"@id":"https:\/\/lasentinelle.dz\/#website"},"primaryImageOfPage":{"@id":"https:\/\/lasentinelle.dz\/index.php\/2023\/10\/23\/annaba-les-employes-de-loffice-communal-des-sports-haussent-le-ton\/#primaryimage"},"image":{"@id":"https:\/\/lasentinelle.dz\/index.php\/2023\/10\/23\/annaba-les-employes-de-loffice-communal-des-sports-haussent-le-ton\/#primaryimage"},"thumbnailUrl":"https:\/\/lasentinelle.dz\/wp-content\/uploads\/2022\/07\/83808-siege-de-la-wilaya-de-annaba-durant-la-fete-du-Copier.jpg","datePublished":"2023-10-23T20:41:39+00:00","dateModified":"2023-10-23T20:41:50+00:00","breadcrumb":{"@id":"https:\/\/lasentinelle.dz\/index.php\/2023\/10\/23\/annaba-les-employes-de-loffice-communal-des-sports-haussent-le-ton\/#breadcrumb"},"inLanguage":"fr-FR","potentialAction":[{"@type":"ReadAction","target":["https:\/\/lasentinelle.dz\/index.php\/2023\/10\/23\/annaba-les-employes-de-loffice-communal-des-sports-haussent-le-ton\/"]}]},{"@type":"ImageObject","inLanguage":"fr-FR","@id":"https:\/\/lasentinelle.dz\/index.php\/2023\/10\/23\/annaba-les-employes-de-loffice-communal-des-sports-haussent-le-ton\/#primaryimage","url":"https:\/\/lasentinelle.dz\/wp-content\/uploads\/2022\/07\/83808-siege-de-la-wilaya-de-annaba-durant-la-fete-du-Copier.jpg","contentUrl":"https:\/\/lasentinelle.dz\/wp-content\/uploads\/2022\/07\/83808-siege-de-la-wilaya-de-annaba-durant-la-fete-du-Copier.jpg","width":901,"height":676},{"@type":"BreadcrumbList","@id":"https:\/\/lasentinelle.dz\/index.php\/2023\/10\/23\/annaba-les-employes-de-loffice-communal-des-sports-haussent-le-ton\/#breadcrumb","itemListElement":[{"@type":"ListItem","position":1,"name":"Accueil","item":"https:\/\/lasentinelle.dz\/"},{"@type":"ListItem","position":2,"name":"Annaba\u00a0: Les employ\u00e9s de l\u2019Office communal des sports haussent le ton"}]},{"@type":"WebSite","@id":"https:\/\/lasentinelle.dz\/#website","url":"https:\/\/lasentinelle.dz\/","name":"La Sentinelle","description":"Quotidien national d&#039;information","publisher":{"@id":"https:\/\/lasentinelle.dz\/#organization"},"potentialAction":[{"@type":"SearchAction","target":{"@type":"EntryPoint","urlTemplate":"https:\/\/lasentinelle.dz\/?s={search_term_string}"},"query-input":{"@type":"PropertyValueSpecification","valueRequired":true,"valueName":"search_term_string"}}],"inLanguage":"fr-FR"},{"@type":"Organization","@id":"https:\/\/lasentinelle.dz\/#organization","name":"Quotidien La Sentinelle","url":"https:\/\/lasentinelle.dz\/","logo":{"@type":"ImageObject","inLanguage":"fr-FR","@id":"https:\/\/lasentinelle.dz\/#\/schema\/logo\/image\/","url":"https:\/\/lasentinelle.dz\/wp-content\/uploads\/2021\/09\/logo-sentinelleSLOGAN-1.png","contentUrl":"https:\/\/lasentinelle.dz\/wp-content\/uploads\/2021\/09\/logo-sentinelleSLOGAN-1.png","width":615,"height":142,"caption":"Quotidien La Sentinelle"},"image":{"@id":"https:\/\/lasentinelle.dz\/#\/schema\/logo\/image\/"},"sameAs":["https:\/\/www.facebook.com\/La-Sentinelle-104059864394773"]},{"@type":"Person","@id":"https:\/\/lasentinelle.dz\/#\/schema\/person\/d865044e22e70a75174ce8bcad3acfb3","name":"La Sentinelle","image":{"@type":"ImageObject","inLanguage":"fr-FR","@id":"https:\/\/secure.gravatar.com\/avatar\/57de8e5d4b15d43fb361a71fbb36338450fe67865b528a43dd10ef7c51a20392?s=96&d=mm&r=g","url":"https:\/\/secure.gravatar.com\/avatar\/57de8e5d4b15d43fb361a71fbb36338450fe67865b528a43dd10ef7c51a20392?s=96&d=mm&r=g","contentUrl":"https:\/\/secure.gravatar.com\/avatar\/57de8e5d4b15d43fb361a71fbb36338450fe67865b528a43dd10ef7c51a20392?s=96&d=mm&r=g","caption":"La Sentinelle"},"sameAs":["http:\/\/www.lasentinelle.dz"],"url":"https:\/\/lasentinelle.dz\/author\/redaction\/"}]}},"_links":{"self":[{"href":"https:\/\/lasentinelle.dz\/index.php\/wp-json\/wp\/v2\/posts\/46570","targetHints":{"allow":["GET"]}}],"collection":[{"href":"https:\/\/lasentinelle.dz\/index.php\/wp-json\/wp\/v2\/posts"}],"about":[{"href":"https:\/\/lasentinelle.dz\/index.php\/wp-json\/wp\/v2\/types\/post"}],"author":[{"embeddable":true,"href":"https:\/\/lasentinelle.dz\/index.php\/wp-json\/wp\/v2\/users\/3"}],"replies":[{"embeddable":true,"href":"https:\/\/lasentinelle.dz\/index.php\/wp-json\/wp\/v2\/comments?post=46570"}],"version-history":[{"count":1,"href":"https:\/\/lasentinelle.dz\/index.php\/wp-json\/wp\/v2\/posts\/46570\/revisions"}],"predecessor-version":[{"id":46571,"href":"https:\/\/lasentinelle.dz\/index.php\/wp-json\/wp\/v2\/posts\/46570\/revisions\/46571"}],"wp:featuredmedia":[{"embeddable":true,"href":"https:\/\/lasentinelle.dz\/index.php\/wp-json\/wp\/v2\/media\/23601"}],"wp:attachment":[{"href":"https:\/\/lasentinelle.dz\/index.php\/wp-json\/wp\/v2\/media?parent=46570"}],"wp:term":[{"taxonomy":"category","embeddable":true,"href":"https:\/\/lasentinelle.dz\/index.php\/wp-json\/wp\/v2\/categories?post=46570"},{"taxonomy":"post_tag","embeddable":true,"href":"https:\/\/lasentinelle.dz\/index.php\/wp-json\/wp\/v2\/tags?post=46570"}],"curies":[{"name":"wp","href":"https:\/\/api.w.org\/{rel}","templated":true}]}}