{"id":46586,"date":"2023-10-23T21:53:04","date_gmt":"2023-10-23T20:53:04","guid":{"rendered":"https:\/\/lasentinelle.dz\/?p=46586"},"modified":"2023-10-23T21:53:05","modified_gmt":"2023-10-23T20:53:05","slug":"declaration-finale-de-loci-sur-la-situation-en-palestine-lalgerie-exprime-des-reserves","status":"publish","type":"post","link":"https:\/\/lasentinelle.dz\/index.php\/2023\/10\/23\/declaration-finale-de-loci-sur-la-situation-en-palestine-lalgerie-exprime-des-reserves\/","title":{"rendered":"D\u00e9claration finale de l\u2019OCI sur la situation en Palestine\u00a0: L&rsquo;Alg\u00e9rie exprime des r\u00e9serves"},"content":{"rendered":"\n<p>L&rsquo;Alg\u00e9rie a &nbsp;exprim\u00e9 hier des r\u00e9serves concernant certains \u00e9l\u00e9ments de la d\u00e9claration finale qui a sanctionn\u00e9 les travaux de la r\u00e9union extraordinaire du Comit\u00e9 ex\u00e9cutif \u00e0 composition non-limit\u00e9e au niveau des ministres des Affaires \u00e9trang\u00e8res, de l&rsquo;OCI, qui a eu lieu \u00e0 Djeddah (Arabie saoudite), consacr\u00e9e \u00e0 l&rsquo;examen de l&rsquo;agression militaire sioniste barbare en cours, contre le peuple palestinien. En effet, l&rsquo;Alg\u00e9rie a tenu \u00e0 exprimer ses r\u00e9serves concernant un paragraphe qui met sur un m\u00eame niveau de responsabilit\u00e9, l\u2019occupant et les victimes de ces actes criminels.<\/p>\n\n\n\n<p>Notons qu\u2019au cours de cette r\u00e9union la d\u00e9l\u00e9gation alg\u00e9rienne a r\u00e9it\u00e9r\u00e9 la ferme condamnation par l\u2019Alg\u00e9rie, des atrocit\u00e9s commises par l&rsquo;entit\u00e9 sioniste contre les populations civiles en Palestine, notamment les attaques barbares d\u00e9lib\u00e9r\u00e9ment perp\u00e9tr\u00e9es contre les infrastructures sanitaires \u00e0 Ghaza, en violation flagrante du droit international humanitaire, au vu et au su de la communaut\u00e9 internationale. A cet \u00e9gard, la d\u00e9l\u00e9gation alg\u00e9rienne a soulign\u00e9 que le d\u00e9ni du droit historique et l\u00e9gitime du peuple palestinien \u00e0 l&rsquo;autod\u00e9termination et \u00e0 l&rsquo;\u00e9tablissement de son Etat ind\u00e9pendant, sur les fronti\u00e8res de 1967 avec pour capitale Al-Qods Al-Sharif, constitue \u00ab\u00a0la cause principale de cette situation d\u00e9l\u00e9t\u00e8re que connait la cause palestinienne, et dont les cons\u00e9quences risquent de d\u00e9stabiliser toute la r\u00e9gion\u00a0\u00bb. L&rsquo;Alg\u00e9rie a, dans ce contexte, exhort\u00e9 la communaut\u00e9 internationale, en particulier le Conseil de s\u00e9curit\u00e9 des Nations unies, \u00e0 \u00ab\u00a0assumer ses responsabilit\u00e9s pour mettre un terme \u00e0 cette agression perp\u00e9tr\u00e9e par la force occupante, profitant du soutien complaisant de certains pays\u00a0\u00bb. Elle a, \u00e9galement, enjoint les Etats membres de l&rsquo;OCI \u00e0 conjuguer leurs efforts pour faire de la cause palestinienne \u00ab\u00a0la priorit\u00e9 de l&rsquo;agenda international\u00a0\u00bb, en rappelant que cette derni\u00e8re constitue \u00ab\u00a0la raison d&rsquo;\u00eatre de l&rsquo;Organisation de la Coop\u00e9ration islamique\u00a0\u00bb. Face \u00e0 la gravit\u00e9 de la situation, la d\u00e9l\u00e9gation alg\u00e9rienne a plaid\u00e9 en faveur d'\u00a0\u00bbune r\u00e9ponse humanitaire imm\u00e9diate\u00a0\u00bb, y compris \u00e0 travers les organisations internationales et r\u00e9gionales, pour venir en aide aux populations palestiniennes qui subissent des violations continues. Elle a saisi l&rsquo;opportunit\u00e9 de cette r\u00e9union minist\u00e9rielle extraordinaire, pour mettre en \u00e9vidence l&rsquo;engagement personnel et constant du pr\u00e9sident de la R\u00e9publique, M. Abdelmadjid Tebboune, vis-\u00e0-vis de la cause palestinienne juste, inscrite au fronton des priorit\u00e9s de la diplomatie alg\u00e9rienne.<\/p>\n\n\n\n<p>R.N.<\/p>\n","protected":false},"excerpt":{"rendered":"<p>L&rsquo;Alg\u00e9rie a &nbsp;exprim\u00e9 hier des r\u00e9serves concernant certains \u00e9l\u00e9ments de la d\u00e9claration finale qui a sanctionn\u00e9 les travaux de la<\/p>\n","protected":false},"author":3,"featured_media":19578,"comment_status":"open","ping_status":"closed","sticky":false,"template":"","format":"standard","meta":{"colormag_page_container_layout":"default_layout","colormag_page_sidebar_layout":"default_layout","om_disable_all_campaigns":false,"_monsterinsights_skip_tracking":false,"_monsterinsights_sitenote_active":false,"_monsterinsights_sitenote_note":"","_monsterinsights_sitenote_category":0,"footnotes":"","_wpscppro_dont_share_socialmedia":false,"_wpscppro_custom_social_share_image":0,"_facebook_share_type":"","_twitter_share_type":"","_linkedin_share_type":"","_pinterest_share_type":"","_linkedin_share_type_page":"","_instagram_share_type":"","_medium_share_type":"","_threads_share_type":"","_google_business_share_type":"","_selected_social_profile":[],"_wpsp_enable_custom_social_template":false,"_wpsp_social_scheduling":{"enabled":false,"datetime":null,"platforms":[],"status":"template_only","dateOption":"today","timeOption":"now","customDays":"","customHours":"","customDate":"","customTime":"","schedulingType":"absolute"},"_wpsp_active_default_template":true},"categories":[27],"tags":[],"class_list":["post-46586","post","type-post","status-publish","format-standard","has-post-thumbnail","hentry","category-actualite"],"aioseo_notices":[],"yoast_head":"<!-- This site is optimized with the Yoast SEO plugin v27.5 - https:\/\/yoast.com\/product\/yoast-seo-wordpress\/ -->\n<title>D\u00e9claration finale de l\u2019OCI sur la situation en Palestine\u00a0: L&rsquo;Alg\u00e9rie exprime des r\u00e9serves - La Sentinelle<\/title>\n<meta name=\"robots\" content=\"index, follow, max-snippet:-1, max-image-preview:large, max-video-preview:-1\" \/>\n<link rel=\"canonical\" href=\"https:\/\/lasentinelle.dz\/index.php\/2023\/10\/23\/declaration-finale-de-loci-sur-la-situation-en-palestine-lalgerie-exprime-des-reserves\/\" \/>\n<meta property=\"og:locale\" content=\"fr_FR\" \/>\n<meta property=\"og:type\" content=\"article\" \/>\n<meta property=\"og:title\" content=\"D\u00e9claration finale de l\u2019OCI sur la situation en Palestine\u00a0: L&rsquo;Alg\u00e9rie exprime des r\u00e9serves - La Sentinelle\" \/>\n<meta property=\"og:description\" content=\"L&rsquo;Alg\u00e9rie a &nbsp;exprim\u00e9 hier des r\u00e9serves concernant certains \u00e9l\u00e9ments de la d\u00e9claration finale qui a sanctionn\u00e9 les travaux de la\" \/>\n<meta property=\"og:url\" content=\"https:\/\/lasentinelle.dz\/index.php\/2023\/10\/23\/declaration-finale-de-loci-sur-la-situation-en-palestine-lalgerie-exprime-des-reserves\/\" \/>\n<meta property=\"og:site_name\" content=\"La Sentinelle\" \/>\n<meta property=\"article:publisher\" content=\"https:\/\/www.facebook.com\/La-Sentinelle-104059864394773\" \/>\n<meta property=\"article:published_time\" content=\"2023-10-23T20:53:04+00:00\" \/>\n<meta property=\"article:modified_time\" content=\"2023-10-23T20:53:05+00:00\" \/>\n<meta property=\"og:image\" content=\"https:\/\/lasentinelle.dz\/wp-content\/uploads\/2022\/04\/mae-siege-algerie.png\" \/>\n\t<meta property=\"og:image:width\" content=\"1200\" \/>\n\t<meta property=\"og:image:height\" content=\"900\" \/>\n\t<meta property=\"og:image:type\" content=\"image\/png\" \/>\n<meta name=\"author\" content=\"La Sentinelle\" \/>\n<meta name=\"twitter:card\" content=\"summary_large_image\" \/>\n<meta name=\"twitter:label1\" content=\"\u00c9crit par\" \/>\n\t<meta name=\"twitter:data1\" content=\"La Sentinelle\" \/>\n\t<meta name=\"twitter:label2\" content=\"Dur\u00e9e de lecture estim\u00e9e\" \/>\n\t<meta name=\"twitter:data2\" content=\"2 minutes\" \/>\n<script type=\"application\/ld+json\" class=\"yoast-schema-graph\">{\"@context\":\"https:\\\/\\\/schema.org\",\"@graph\":[{\"@type\":\"Article\",\"@id\":\"https:\\\/\\\/lasentinelle.dz\\\/index.php\\\/2023\\\/10\\\/23\\\/declaration-finale-de-loci-sur-la-situation-en-palestine-lalgerie-exprime-des-reserves\\\/#article\",\"isPartOf\":{\"@id\":\"https:\\\/\\\/lasentinelle.dz\\\/index.php\\\/2023\\\/10\\\/23\\\/declaration-finale-de-loci-sur-la-situation-en-palestine-lalgerie-exprime-des-reserves\\\/\"},\"author\":{\"name\":\"La Sentinelle\",\"@id\":\"https:\\\/\\\/lasentinelle.dz\\\/#\\\/schema\\\/person\\\/d865044e22e70a75174ce8bcad3acfb3\"},\"headline\":\"D\u00e9claration finale de l\u2019OCI sur la situation en Palestine\u00a0: L&rsquo;Alg\u00e9rie exprime des r\u00e9serves\",\"datePublished\":\"2023-10-23T20:53:04+00:00\",\"dateModified\":\"2023-10-23T20:53:05+00:00\",\"mainEntityOfPage\":{\"@id\":\"https:\\\/\\\/lasentinelle.dz\\\/index.php\\\/2023\\\/10\\\/23\\\/declaration-finale-de-loci-sur-la-situation-en-palestine-lalgerie-exprime-des-reserves\\\/\"},\"wordCount\":450,\"commentCount\":0,\"publisher\":{\"@id\":\"https:\\\/\\\/lasentinelle.dz\\\/#organization\"},\"image\":{\"@id\":\"https:\\\/\\\/lasentinelle.dz\\\/index.php\\\/2023\\\/10\\\/23\\\/declaration-finale-de-loci-sur-la-situation-en-palestine-lalgerie-exprime-des-reserves\\\/#primaryimage\"},\"thumbnailUrl\":\"https:\\\/\\\/lasentinelle.dz\\\/wp-content\\\/uploads\\\/2022\\\/04\\\/mae-siege-algerie.png\",\"articleSection\":[\"Actualit\u00e9\"],\"inLanguage\":\"fr-FR\",\"potentialAction\":[{\"@type\":\"CommentAction\",\"name\":\"Comment\",\"target\":[\"https:\\\/\\\/lasentinelle.dz\\\/index.php\\\/2023\\\/10\\\/23\\\/declaration-finale-de-loci-sur-la-situation-en-palestine-lalgerie-exprime-des-reserves\\\/#respond\"]}]},{\"@type\":\"WebPage\",\"@id\":\"https:\\\/\\\/lasentinelle.dz\\\/index.php\\\/2023\\\/10\\\/23\\\/declaration-finale-de-loci-sur-la-situation-en-palestine-lalgerie-exprime-des-reserves\\\/\",\"url\":\"https:\\\/\\\/lasentinelle.dz\\\/index.php\\\/2023\\\/10\\\/23\\\/declaration-finale-de-loci-sur-la-situation-en-palestine-lalgerie-exprime-des-reserves\\\/\",\"name\":\"D\u00e9claration finale de l\u2019OCI sur la situation en Palestine\u00a0: L&rsquo;Alg\u00e9rie exprime des r\u00e9serves - La Sentinelle\",\"isPartOf\":{\"@id\":\"https:\\\/\\\/lasentinelle.dz\\\/#website\"},\"primaryImageOfPage\":{\"@id\":\"https:\\\/\\\/lasentinelle.dz\\\/index.php\\\/2023\\\/10\\\/23\\\/declaration-finale-de-loci-sur-la-situation-en-palestine-lalgerie-exprime-des-reserves\\\/#primaryimage\"},\"image\":{\"@id\":\"https:\\\/\\\/lasentinelle.dz\\\/index.php\\\/2023\\\/10\\\/23\\\/declaration-finale-de-loci-sur-la-situation-en-palestine-lalgerie-exprime-des-reserves\\\/#primaryimage\"},\"thumbnailUrl\":\"https:\\\/\\\/lasentinelle.dz\\\/wp-content\\\/uploads\\\/2022\\\/04\\\/mae-siege-algerie.png\",\"datePublished\":\"2023-10-23T20:53:04+00:00\",\"dateModified\":\"2023-10-23T20:53:05+00:00\",\"breadcrumb\":{\"@id\":\"https:\\\/\\\/lasentinelle.dz\\\/index.php\\\/2023\\\/10\\\/23\\\/declaration-finale-de-loci-sur-la-situation-en-palestine-lalgerie-exprime-des-reserves\\\/#breadcrumb\"},\"inLanguage\":\"fr-FR\",\"potentialAction\":[{\"@type\":\"ReadAction\",\"target\":[\"https:\\\/\\\/lasentinelle.dz\\\/index.php\\\/2023\\\/10\\\/23\\\/declaration-finale-de-loci-sur-la-situation-en-palestine-lalgerie-exprime-des-reserves\\\/\"]}]},{\"@type\":\"ImageObject\",\"inLanguage\":\"fr-FR\",\"@id\":\"https:\\\/\\\/lasentinelle.dz\\\/index.php\\\/2023\\\/10\\\/23\\\/declaration-finale-de-loci-sur-la-situation-en-palestine-lalgerie-exprime-des-reserves\\\/#primaryimage\",\"url\":\"https:\\\/\\\/lasentinelle.dz\\\/wp-content\\\/uploads\\\/2022\\\/04\\\/mae-siege-algerie.png\",\"contentUrl\":\"https:\\\/\\\/lasentinelle.dz\\\/wp-content\\\/uploads\\\/2022\\\/04\\\/mae-siege-algerie.png\",\"width\":1200,\"height\":900},{\"@type\":\"BreadcrumbList\",\"@id\":\"https:\\\/\\\/lasentinelle.dz\\\/index.php\\\/2023\\\/10\\\/23\\\/declaration-finale-de-loci-sur-la-situation-en-palestine-lalgerie-exprime-des-reserves\\\/#breadcrumb\",\"itemListElement\":[{\"@type\":\"ListItem\",\"position\":1,\"name\":\"Accueil\",\"item\":\"https:\\\/\\\/lasentinelle.dz\\\/\"},{\"@type\":\"ListItem\",\"position\":2,\"name\":\"D\u00e9claration finale de l\u2019OCI sur la situation en Palestine\u00a0: L&rsquo;Alg\u00e9rie exprime des r\u00e9serves\"}]},{\"@type\":\"WebSite\",\"@id\":\"https:\\\/\\\/lasentinelle.dz\\\/#website\",\"url\":\"https:\\\/\\\/lasentinelle.dz\\\/\",\"name\":\"La Sentinelle\",\"description\":\"Quotidien national d&#039;information\",\"publisher\":{\"@id\":\"https:\\\/\\\/lasentinelle.dz\\\/#organization\"},\"potentialAction\":[{\"@type\":\"SearchAction\",\"target\":{\"@type\":\"EntryPoint\",\"urlTemplate\":\"https:\\\/\\\/lasentinelle.dz\\\/?s={search_term_string}\"},\"query-input\":{\"@type\":\"PropertyValueSpecification\",\"valueRequired\":true,\"valueName\":\"search_term_string\"}}],\"inLanguage\":\"fr-FR\"},{\"@type\":\"Organization\",\"@id\":\"https:\\\/\\\/lasentinelle.dz\\\/#organization\",\"name\":\"Quotidien La Sentinelle\",\"url\":\"https:\\\/\\\/lasentinelle.dz\\\/\",\"logo\":{\"@type\":\"ImageObject\",\"inLanguage\":\"fr-FR\",\"@id\":\"https:\\\/\\\/lasentinelle.dz\\\/#\\\/schema\\\/logo\\\/image\\\/\",\"url\":\"https:\\\/\\\/lasentinelle.dz\\\/wp-content\\\/uploads\\\/2021\\\/09\\\/logo-sentinelleSLOGAN-1.png\",\"contentUrl\":\"https:\\\/\\\/lasentinelle.dz\\\/wp-content\\\/uploads\\\/2021\\\/09\\\/logo-sentinelleSLOGAN-1.png\",\"width\":615,\"height\":142,\"caption\":\"Quotidien La Sentinelle\"},\"image\":{\"@id\":\"https:\\\/\\\/lasentinelle.dz\\\/#\\\/schema\\\/logo\\\/image\\\/\"},\"sameAs\":[\"https:\\\/\\\/www.facebook.com\\\/La-Sentinelle-104059864394773\"]},{\"@type\":\"Person\",\"@id\":\"https:\\\/\\\/lasentinelle.dz\\\/#\\\/schema\\\/person\\\/d865044e22e70a75174ce8bcad3acfb3\",\"name\":\"La Sentinelle\",\"image\":{\"@type\":\"ImageObject\",\"inLanguage\":\"fr-FR\",\"@id\":\"https:\\\/\\\/secure.gravatar.com\\\/avatar\\\/57de8e5d4b15d43fb361a71fbb36338450fe67865b528a43dd10ef7c51a20392?s=96&d=mm&r=g\",\"url\":\"https:\\\/\\\/secure.gravatar.com\\\/avatar\\\/57de8e5d4b15d43fb361a71fbb36338450fe67865b528a43dd10ef7c51a20392?s=96&d=mm&r=g\",\"contentUrl\":\"https:\\\/\\\/secure.gravatar.com\\\/avatar\\\/57de8e5d4b15d43fb361a71fbb36338450fe67865b528a43dd10ef7c51a20392?s=96&d=mm&r=g\",\"caption\":\"La Sentinelle\"},\"sameAs\":[\"http:\\\/\\\/www.lasentinelle.dz\"],\"url\":\"https:\\\/\\\/lasentinelle.dz\\\/author\\\/redaction\\\/\"}]}<\/script>\n<!-- \/ Yoast SEO plugin. -->","yoast_head_json":{"title":"D\u00e9claration finale de l\u2019OCI sur la situation en Palestine\u00a0: L&rsquo;Alg\u00e9rie exprime des r\u00e9serves - La Sentinelle","robots":{"index":"index","follow":"follow","max-snippet":"max-snippet:-1","max-image-preview":"max-image-preview:large","max-video-preview":"max-video-preview:-1"},"canonical":"https:\/\/lasentinelle.dz\/index.php\/2023\/10\/23\/declaration-finale-de-loci-sur-la-situation-en-palestine-lalgerie-exprime-des-reserves\/","og_locale":"fr_FR","og_type":"article","og_title":"D\u00e9claration finale de l\u2019OCI sur la situation en Palestine\u00a0: L&rsquo;Alg\u00e9rie exprime des r\u00e9serves - La Sentinelle","og_description":"L&rsquo;Alg\u00e9rie a &nbsp;exprim\u00e9 hier des r\u00e9serves concernant certains \u00e9l\u00e9ments de la d\u00e9claration finale qui a sanctionn\u00e9 les travaux de la","og_url":"https:\/\/lasentinelle.dz\/index.php\/2023\/10\/23\/declaration-finale-de-loci-sur-la-situation-en-palestine-lalgerie-exprime-des-reserves\/","og_site_name":"La Sentinelle","article_publisher":"https:\/\/www.facebook.com\/La-Sentinelle-104059864394773","article_published_time":"2023-10-23T20:53:04+00:00","article_modified_time":"2023-10-23T20:53:05+00:00","og_image":[{"width":1200,"height":900,"url":"https:\/\/lasentinelle.dz\/wp-content\/uploads\/2022\/04\/mae-siege-algerie.png","type":"image\/png"}],"author":"La Sentinelle","twitter_card":"summary_large_image","twitter_misc":{"\u00c9crit par":"La Sentinelle","Dur\u00e9e de lecture estim\u00e9e":"2 minutes"},"schema":{"@context":"https:\/\/schema.org","@graph":[{"@type":"Article","@id":"https:\/\/lasentinelle.dz\/index.php\/2023\/10\/23\/declaration-finale-de-loci-sur-la-situation-en-palestine-lalgerie-exprime-des-reserves\/#article","isPartOf":{"@id":"https:\/\/lasentinelle.dz\/index.php\/2023\/10\/23\/declaration-finale-de-loci-sur-la-situation-en-palestine-lalgerie-exprime-des-reserves\/"},"author":{"name":"La Sentinelle","@id":"https:\/\/lasentinelle.dz\/#\/schema\/person\/d865044e22e70a75174ce8bcad3acfb3"},"headline":"D\u00e9claration finale de l\u2019OCI sur la situation en Palestine\u00a0: L&rsquo;Alg\u00e9rie exprime des r\u00e9serves","datePublished":"2023-10-23T20:53:04+00:00","dateModified":"2023-10-23T20:53:05+00:00","mainEntityOfPage":{"@id":"https:\/\/lasentinelle.dz\/index.php\/2023\/10\/23\/declaration-finale-de-loci-sur-la-situation-en-palestine-lalgerie-exprime-des-reserves\/"},"wordCount":450,"commentCount":0,"publisher":{"@id":"https:\/\/lasentinelle.dz\/#organization"},"image":{"@id":"https:\/\/lasentinelle.dz\/index.php\/2023\/10\/23\/declaration-finale-de-loci-sur-la-situation-en-palestine-lalgerie-exprime-des-reserves\/#primaryimage"},"thumbnailUrl":"https:\/\/lasentinelle.dz\/wp-content\/uploads\/2022\/04\/mae-siege-algerie.png","articleSection":["Actualit\u00e9"],"inLanguage":"fr-FR","potentialAction":[{"@type":"CommentAction","name":"Comment","target":["https:\/\/lasentinelle.dz\/index.php\/2023\/10\/23\/declaration-finale-de-loci-sur-la-situation-en-palestine-lalgerie-exprime-des-reserves\/#respond"]}]},{"@type":"WebPage","@id":"https:\/\/lasentinelle.dz\/index.php\/2023\/10\/23\/declaration-finale-de-loci-sur-la-situation-en-palestine-lalgerie-exprime-des-reserves\/","url":"https:\/\/lasentinelle.dz\/index.php\/2023\/10\/23\/declaration-finale-de-loci-sur-la-situation-en-palestine-lalgerie-exprime-des-reserves\/","name":"D\u00e9claration finale de l\u2019OCI sur la situation en Palestine\u00a0: L&rsquo;Alg\u00e9rie exprime des r\u00e9serves - La Sentinelle","isPartOf":{"@id":"https:\/\/lasentinelle.dz\/#website"},"primaryImageOfPage":{"@id":"https:\/\/lasentinelle.dz\/index.php\/2023\/10\/23\/declaration-finale-de-loci-sur-la-situation-en-palestine-lalgerie-exprime-des-reserves\/#primaryimage"},"image":{"@id":"https:\/\/lasentinelle.dz\/index.php\/2023\/10\/23\/declaration-finale-de-loci-sur-la-situation-en-palestine-lalgerie-exprime-des-reserves\/#primaryimage"},"thumbnailUrl":"https:\/\/lasentinelle.dz\/wp-content\/uploads\/2022\/04\/mae-siege-algerie.png","datePublished":"2023-10-23T20:53:04+00:00","dateModified":"2023-10-23T20:53:05+00:00","breadcrumb":{"@id":"https:\/\/lasentinelle.dz\/index.php\/2023\/10\/23\/declaration-finale-de-loci-sur-la-situation-en-palestine-lalgerie-exprime-des-reserves\/#breadcrumb"},"inLanguage":"fr-FR","potentialAction":[{"@type":"ReadAction","target":["https:\/\/lasentinelle.dz\/index.php\/2023\/10\/23\/declaration-finale-de-loci-sur-la-situation-en-palestine-lalgerie-exprime-des-reserves\/"]}]},{"@type":"ImageObject","inLanguage":"fr-FR","@id":"https:\/\/lasentinelle.dz\/index.php\/2023\/10\/23\/declaration-finale-de-loci-sur-la-situation-en-palestine-lalgerie-exprime-des-reserves\/#primaryimage","url":"https:\/\/lasentinelle.dz\/wp-content\/uploads\/2022\/04\/mae-siege-algerie.png","contentUrl":"https:\/\/lasentinelle.dz\/wp-content\/uploads\/2022\/04\/mae-siege-algerie.png","width":1200,"height":900},{"@type":"BreadcrumbList","@id":"https:\/\/lasentinelle.dz\/index.php\/2023\/10\/23\/declaration-finale-de-loci-sur-la-situation-en-palestine-lalgerie-exprime-des-reserves\/#breadcrumb","itemListElement":[{"@type":"ListItem","position":1,"name":"Accueil","item":"https:\/\/lasentinelle.dz\/"},{"@type":"ListItem","position":2,"name":"D\u00e9claration finale de l\u2019OCI sur la situation en Palestine\u00a0: L&rsquo;Alg\u00e9rie exprime des r\u00e9serves"}]},{"@type":"WebSite","@id":"https:\/\/lasentinelle.dz\/#website","url":"https:\/\/lasentinelle.dz\/","name":"La Sentinelle","description":"Quotidien national d&#039;information","publisher":{"@id":"https:\/\/lasentinelle.dz\/#organization"},"potentialAction":[{"@type":"SearchAction","target":{"@type":"EntryPoint","urlTemplate":"https:\/\/lasentinelle.dz\/?s={search_term_string}"},"query-input":{"@type":"PropertyValueSpecification","valueRequired":true,"valueName":"search_term_string"}}],"inLanguage":"fr-FR"},{"@type":"Organization","@id":"https:\/\/lasentinelle.dz\/#organization","name":"Quotidien La Sentinelle","url":"https:\/\/lasentinelle.dz\/","logo":{"@type":"ImageObject","inLanguage":"fr-FR","@id":"https:\/\/lasentinelle.dz\/#\/schema\/logo\/image\/","url":"https:\/\/lasentinelle.dz\/wp-content\/uploads\/2021\/09\/logo-sentinelleSLOGAN-1.png","contentUrl":"https:\/\/lasentinelle.dz\/wp-content\/uploads\/2021\/09\/logo-sentinelleSLOGAN-1.png","width":615,"height":142,"caption":"Quotidien La Sentinelle"},"image":{"@id":"https:\/\/lasentinelle.dz\/#\/schema\/logo\/image\/"},"sameAs":["https:\/\/www.facebook.com\/La-Sentinelle-104059864394773"]},{"@type":"Person","@id":"https:\/\/lasentinelle.dz\/#\/schema\/person\/d865044e22e70a75174ce8bcad3acfb3","name":"La Sentinelle","image":{"@type":"ImageObject","inLanguage":"fr-FR","@id":"https:\/\/secure.gravatar.com\/avatar\/57de8e5d4b15d43fb361a71fbb36338450fe67865b528a43dd10ef7c51a20392?s=96&d=mm&r=g","url":"https:\/\/secure.gravatar.com\/avatar\/57de8e5d4b15d43fb361a71fbb36338450fe67865b528a43dd10ef7c51a20392?s=96&d=mm&r=g","contentUrl":"https:\/\/secure.gravatar.com\/avatar\/57de8e5d4b15d43fb361a71fbb36338450fe67865b528a43dd10ef7c51a20392?s=96&d=mm&r=g","caption":"La Sentinelle"},"sameAs":["http:\/\/www.lasentinelle.dz"],"url":"https:\/\/lasentinelle.dz\/author\/redaction\/"}]}},"_links":{"self":[{"href":"https:\/\/lasentinelle.dz\/index.php\/wp-json\/wp\/v2\/posts\/46586","targetHints":{"allow":["GET"]}}],"collection":[{"href":"https:\/\/lasentinelle.dz\/index.php\/wp-json\/wp\/v2\/posts"}],"about":[{"href":"https:\/\/lasentinelle.dz\/index.php\/wp-json\/wp\/v2\/types\/post"}],"author":[{"embeddable":true,"href":"https:\/\/lasentinelle.dz\/index.php\/wp-json\/wp\/v2\/users\/3"}],"replies":[{"embeddable":true,"href":"https:\/\/lasentinelle.dz\/index.php\/wp-json\/wp\/v2\/comments?post=46586"}],"version-history":[{"count":1,"href":"https:\/\/lasentinelle.dz\/index.php\/wp-json\/wp\/v2\/posts\/46586\/revisions"}],"predecessor-version":[{"id":46587,"href":"https:\/\/lasentinelle.dz\/index.php\/wp-json\/wp\/v2\/posts\/46586\/revisions\/46587"}],"wp:featuredmedia":[{"embeddable":true,"href":"https:\/\/lasentinelle.dz\/index.php\/wp-json\/wp\/v2\/media\/19578"}],"wp:attachment":[{"href":"https:\/\/lasentinelle.dz\/index.php\/wp-json\/wp\/v2\/media?parent=46586"}],"wp:term":[{"taxonomy":"category","embeddable":true,"href":"https:\/\/lasentinelle.dz\/index.php\/wp-json\/wp\/v2\/categories?post=46586"},{"taxonomy":"post_tag","embeddable":true,"href":"https:\/\/lasentinelle.dz\/index.php\/wp-json\/wp\/v2\/tags?post=46586"}],"curies":[{"name":"wp","href":"https:\/\/api.w.org\/{rel}","templated":true}]}}