{"id":46588,"date":"2023-10-23T21:54:03","date_gmt":"2023-10-23T20:54:03","guid":{"rendered":"https:\/\/lasentinelle.dz\/?p=46588"},"modified":"2023-10-23T21:54:04","modified_gmt":"2023-10-23T20:54:04","slug":"loccupation-sioniste-intensifie-ses-raids-sur-la-bande-de-ghaza-lescalade","status":"publish","type":"post","link":"https:\/\/lasentinelle.dz\/index.php\/2023\/10\/23\/loccupation-sioniste-intensifie-ses-raids-sur-la-bande-de-ghaza-lescalade\/","title":{"rendered":"L\u2019occupation sioniste intensifie ses raids sur la Bande de Ghaza\u00a0: L\u2019escalade\u00a0!"},"content":{"rendered":"\n<p>L\u2019occupation isra\u00e9lienne a redoubl\u00e9 de barbarie et intensifi\u00e9 son pilonnage de la Bande de Ghaza faisant encore plus de victimes civiles palestiniennes. Une escalade qui fait craindre le pire, d\u2019autant plus que l\u2019entit\u00e9 sioniste, encourag\u00e9e par l\u2019inaction de la communaut\u00e9 internationale et le soutien de ses alli\u00e9s occidentaux menace d\u00e9sormais d\u2019embraser toute la r\u00e9gion.<\/p>\n\n\n\n<p>La machine de guerre sioniste a intensifi\u00e9 le massacre des &nbsp;de civils palestiniens dans la bande de Ghaza. De nouvelles frappes massives et continue ont cibl\u00e9 l\u2019enclave palestinienne ont faisant un nombre records de morts en 24 heures. Le bilan des attaques fait part de plus de 430 martyrs en seulement 24 heurres&nbsp;! Pas moins de 5.182 Palestiniens sont ainsi tomb\u00e9s en martyrs depuis le d\u00e9but de l&rsquo;agression sioniste contre Ghaza et la Cisjordanie le 7 octobre. 5087 d&rsquo;entre eux \u00e9taient de Ghaza, dont 2.055 enfants, 1.119 femmes et 217 personnes \u00e2g\u00e9es, tandis que 15.273 Palestiniens ont \u00e9t\u00e9 bless\u00e9s. En Cisjordanie occup\u00e9e, le bilan s&rsquo;\u00e9l\u00e8ve \u00e0 95 martyrs et environ 1.400 bless\u00e9s.&nbsp;<\/p>\n\n\n\n<p>Les forces d&rsquo;occupation sionistes ont commis 23 massacres au cours des derni\u00e8res 24 heures, faisant 436 martyrs dont 182 enfants, la majorit\u00e9 dans la bande de Ghaza, o\u00f9 les habitants, qui souffrent d&rsquo;une situation humanitaire et sanitaire catastrophique, sont priv\u00e9s de nourriture, d&rsquo;eau, de m\u00e9dicaments et d&rsquo;\u00e9lectricit\u00e9. Le porte-parole du minist\u00e8re palestinien de la Sant\u00e9, Ashraf Al-Qudra, a d\u00e9clar\u00e9 que les violations sionistes contre le syst\u00e8me de sant\u00e9 ont caus\u00e9 la mort en martyrs de 57 membres du personnel de la sant\u00e9 et la blessure d&rsquo;une centaine d&rsquo;autres. \u00ab\u00a0Douze h\u00f4pitaux et 32 centres de sant\u00e9 sont hors service, \u00e0 cause des tirs cibl\u00e9s et du manque de carburant. Les h\u00f4pitaux ont perdu leur capacit\u00e9 de traitement, et les \u00e9quipes m\u00e9dicales soignent les bless\u00e9s avec des moyens tr\u00e8s limit\u00e9es\u00a0\u00bb, a-t-il ajout\u00e9, faisant savoir aussi que 25 ambulances, cibl\u00e9es par l&rsquo;occupant sioniste, ont \u00e9t\u00e9 d\u00e9truites.n En outre, l&rsquo;Office de secours et de travaux des Nations unies pour les r\u00e9fugi\u00e9s de Palestine (UNRWA) a indiqu\u00e9 que 29 de ses employ\u00e9s ont \u00e9t\u00e9 tu\u00e9s dans la bande de Ghaza.<\/p>\n\n\n\n<p>&nbsp;La situation humanitaire s\u2019aggrave dans la Bande de Ghaza, dans la mesure o\u00f9 l\u2019aide humanitaire arrive au compte-goutte, alors qu\u2019\u00e0 peine un troisi\u00e8me convoie a \u00e9t\u00e9 autoris\u00e9e hier \u00e0 traverser le passage de Rafah. L\u2019UNRWA a d\u2019ailleurs averti qu\u2019il sera \u00e0 court de carburants d\u2019ici trois jours. Le Commissaire g\u00e9n\u00e9ral de l\u2019UNRWA, Philippe Lazzarini, a sonn\u00e9 l\u2019alarme soulignant que sans carburant \u00ab il n\u2019y aura pas d\u2019eau, pas d\u2019h\u00f4pitaux et de boulangeries en \u00e9tat de fonctionner \u00bb et \u00ab l\u2019aide ne parviendra pas aux nombreux civils qui en ont d\u00e9sesp\u00e9r\u00e9ment besoin \u00bb. \u00ab Sans carburant, les enfants, les femmes et les habitants de Ghaza seront encore plus \u00e9trangl\u00e9s \u00bb, a averti le chef de l\u2019UNRWA.<\/p>\n\n\n\n<p><strong>La crainte de l\u2019embrasement<\/strong><\/p>\n\n\n\n<p>Et alors que la situation se d\u00e9grade et s\u2019aggrave en Palestine, les craintes d\u2019une r\u00e9gionalisation du conflit et d\u2019un embrasement du Moyen-Orient se font plus vivace, l\u2019attitude de l\u2019entit\u00e9 sioniste qui fait preuve d\u2019agressivit\u00e9 envers les pays de la r\u00e9gion et un renforcement de la pr\u00e9sence militaire am\u00e9ricaine dans la r\u00e9gion faisant craindre le pire. Dans ce contexte, l\u2019Iran a averti que la situation risquait de devenir \u00ab\u00a0incontr\u00f4lable\u00a0\u00bb au Moyen-Orient, transform\u00e9 en une \u00ab\u00a0poudri\u00e8re\u00a0\u00bb. De son c\u00f4t\u00e9, le chef de la diplomatie russe Sergue\u00ef Lavrov a jug\u00e9 que ce renforcement faisait courir le risque d&rsquo;une \u00ab\u00a0escalade\u00a0\u00bb du conflit. De son c\u00f4t\u00e9, le chef du gouvernement libanais Nadjib Mikati a averti hier que la poursuite de l\u2019escalade en Palestine conduira \u00e0 une anarchie qui conduira son pays, de m\u00eame que l\u2019ensemble de la r\u00e9gion dans un embrasement et a appel\u00e9 dans ce sens \u00e0 un cessez-le-feu.&nbsp; De son c\u00f4t\u00e9, le porte-parole officiel de la pr\u00e9sidence palestinienne, Nabil Abu Rudeina, a affirm\u00e9 que la principale raison de ce qui se passe est \u00abl\u2019absence d\u2019un horizon politique et la non-application des r\u00e9solutions de l\u00e9gitimit\u00e9 internationale et de l\u00e9gitimit\u00e9 palestino-arabe, qui ont conduit \u00e0 la grande explosion \u00e0 laquelle nous assistons actuellement \u00bb. &nbsp;\u00abNous avons mis en garde \u00e0 plusieurs reprises contre la poursuite des provocations sionistes \u00e0 Al Qods, les incursions des colons dans la mosqu\u00e9e b\u00e9nie d\u2019Al-Aqsa et l\u2019absence de r\u00f4le am\u00e9ricain pour faire pression sur l\u2019occupation, pour la lier \u00e0 des accords, \u00e0 la l\u00e9gitimit\u00e9 internationale et \u00e0 la paix\u00bb, a-t-il ajout\u00e9&nbsp; soulignant \u00abla n\u00e9cessit\u00e9 de trouver un horizon politique pour que la r\u00e9gion tout enti\u00e8re n\u2019explose pas\u00bb.<\/p>\n\n\n\n<p>Pour le dix-septi\u00e8me jour cons\u00e9cutif, l\u2019occupation continuait de lancer d\u2019intenses raids sur Ghaza, parall\u00e8lement \u00e0 une s\u00e9rie d\u2019actes de violence accompagn\u00e9s de raids et d\u2019arrestations dans les villes et villages de Cisjordanie occup\u00e9e.<\/p>\n\n\n\n<p>Enfin, le pr\u00e9sident palestinien, Mahmoud Abbas, a affirm\u00e9, hier, que<\/p>\n\n\n\n<p>\u00ab les solutions s\u00e9curitaires ne font pas la paix. Celle-ci s\u2019obtient par l\u2019application du droit international et la mise en \u0153uvre de la solution \u00e0 deux Etats, qui inclut l\u2019ensemble du territoire de l\u2019Etat de Palestine en Cisjordanie, y compris El Qods-Est et la bande de Ghaza \u00bb. Le pr\u00e9sident palestinien a d\u00e9clar\u00e9, par ailleurs, que&nbsp; \u00bb l\u2019Etat de Palestine rejette totalement le d\u00e9placement forc\u00e9 des Palestiniens&nbsp; par l\u2019entit\u00e9 sioniste de la bande de Ghaza, de la Cisjordanie ou d\u2019El Qods-Est \u00bb. De son c\u00f4t\u00e9, le Premier ministre n\u00e9erlandais a r\u00e9it\u00e9r\u00e9 l\u2019engagement de son pays en faveur de la solution \u00e0 deux Etats, affirmant qu\u2019il poursuivra&nbsp; ses efforts pour parvenir \u00e0 la paix et \u00e0 soutenir l\u2019Autorit\u00e9 palestinienne. Plus t\u00f4t dans la journ\u00e9e, le porte-parole de la pr\u00e9sidence palestinienne, Nabil Abu Rudeinah , a indiqu\u00e9 que la r\u00e9cente riposte palestinienne contre les forces d\u2019occupation sionistes \u00e9tait le \u00ab r\u00e9sultat logique \u00bb de la politique de l\u2019entit\u00e9 sioniste qui tourne le dos aux r\u00e9solutions et au droit international, ainsi que de son \u00ab ent\u00eatement \u00bb \u00e0 aller de l\u2019avant dans sa politique r\u00e9pressive.<\/p>\n\n\n\n<p>Lyes Sa\u00efdi<\/p>\n","protected":false},"excerpt":{"rendered":"<p>L\u2019occupation isra\u00e9lienne a redoubl\u00e9 de barbarie et intensifi\u00e9 son pilonnage de la Bande de Ghaza faisant encore plus de victimes<\/p>\n","protected":false},"author":3,"featured_media":46589,"comment_status":"open","ping_status":"closed","sticky":false,"template":"","format":"standard","meta":{"colormag_page_container_layout":"default_layout","colormag_page_sidebar_layout":"default_layout","om_disable_all_campaigns":false,"_monsterinsights_skip_tracking":false,"_monsterinsights_sitenote_active":false,"_monsterinsights_sitenote_note":"","_monsterinsights_sitenote_category":0,"footnotes":"","_wpscppro_dont_share_socialmedia":false,"_wpscppro_custom_social_share_image":0,"_facebook_share_type":"","_twitter_share_type":"","_linkedin_share_type":"","_pinterest_share_type":"","_linkedin_share_type_page":"","_instagram_share_type":"","_medium_share_type":"","_threads_share_type":"","_google_business_share_type":"","_selected_social_profile":[],"_wpsp_enable_custom_social_template":false,"_wpsp_social_scheduling":{"enabled":false,"datetime":null,"platforms":[],"status":"template_only","dateOption":"today","timeOption":"now","customDays":"","customHours":"","customDate":"","customTime":"","schedulingType":"absolute"},"_wpsp_active_default_template":true},"categories":[52,27],"tags":[],"class_list":["post-46588","post","type-post","status-publish","format-standard","has-post-thumbnail","hentry","category-a-la-une","category-actualite"],"aioseo_notices":[],"yoast_head":"<!-- This site is optimized with the Yoast SEO plugin v27.5 - https:\/\/yoast.com\/product\/yoast-seo-wordpress\/ -->\n<title>L\u2019occupation sioniste intensifie ses raids sur la Bande de Ghaza\u00a0: L\u2019escalade\u00a0! - La Sentinelle<\/title>\n<meta name=\"robots\" content=\"index, follow, max-snippet:-1, max-image-preview:large, max-video-preview:-1\" \/>\n<link rel=\"canonical\" href=\"https:\/\/lasentinelle.dz\/index.php\/2023\/10\/23\/loccupation-sioniste-intensifie-ses-raids-sur-la-bande-de-ghaza-lescalade\/\" \/>\n<meta property=\"og:locale\" content=\"fr_FR\" \/>\n<meta property=\"og:type\" content=\"article\" \/>\n<meta property=\"og:title\" content=\"L\u2019occupation sioniste intensifie ses raids sur la Bande de Ghaza\u00a0: L\u2019escalade\u00a0! - La Sentinelle\" \/>\n<meta property=\"og:description\" content=\"L\u2019occupation isra\u00e9lienne a redoubl\u00e9 de barbarie et intensifi\u00e9 son pilonnage de la Bande de Ghaza faisant encore plus de victimes\" \/>\n<meta property=\"og:url\" content=\"https:\/\/lasentinelle.dz\/index.php\/2023\/10\/23\/loccupation-sioniste-intensifie-ses-raids-sur-la-bande-de-ghaza-lescalade\/\" \/>\n<meta property=\"og:site_name\" content=\"La Sentinelle\" \/>\n<meta property=\"article:publisher\" content=\"https:\/\/www.facebook.com\/La-Sentinelle-104059864394773\" \/>\n<meta property=\"article:published_time\" content=\"2023-10-23T20:54:03+00:00\" \/>\n<meta property=\"article:modified_time\" content=\"2023-10-23T20:54:04+00:00\" \/>\n<meta property=\"og:image\" content=\"https:\/\/lasentinelle.dz\/wp-content\/uploads\/2023\/10\/ghaza-5.jpeg\" \/>\n\t<meta property=\"og:image:width\" content=\"745\" \/>\n\t<meta property=\"og:image:height\" content=\"470\" \/>\n\t<meta property=\"og:image:type\" content=\"image\/jpeg\" \/>\n<meta name=\"author\" content=\"La Sentinelle\" \/>\n<meta name=\"twitter:card\" content=\"summary_large_image\" \/>\n<meta name=\"twitter:label1\" content=\"\u00c9crit par\" \/>\n\t<meta name=\"twitter:data1\" content=\"La Sentinelle\" \/>\n\t<meta name=\"twitter:label2\" content=\"Dur\u00e9e de lecture estim\u00e9e\" \/>\n\t<meta name=\"twitter:data2\" content=\"5 minutes\" \/>\n<script type=\"application\/ld+json\" class=\"yoast-schema-graph\">{\"@context\":\"https:\\\/\\\/schema.org\",\"@graph\":[{\"@type\":\"Article\",\"@id\":\"https:\\\/\\\/lasentinelle.dz\\\/index.php\\\/2023\\\/10\\\/23\\\/loccupation-sioniste-intensifie-ses-raids-sur-la-bande-de-ghaza-lescalade\\\/#article\",\"isPartOf\":{\"@id\":\"https:\\\/\\\/lasentinelle.dz\\\/index.php\\\/2023\\\/10\\\/23\\\/loccupation-sioniste-intensifie-ses-raids-sur-la-bande-de-ghaza-lescalade\\\/\"},\"author\":{\"name\":\"La Sentinelle\",\"@id\":\"https:\\\/\\\/lasentinelle.dz\\\/#\\\/schema\\\/person\\\/d865044e22e70a75174ce8bcad3acfb3\"},\"headline\":\"L\u2019occupation sioniste intensifie ses raids sur la Bande de Ghaza\u00a0: L\u2019escalade\u00a0!\",\"datePublished\":\"2023-10-23T20:54:03+00:00\",\"dateModified\":\"2023-10-23T20:54:04+00:00\",\"mainEntityOfPage\":{\"@id\":\"https:\\\/\\\/lasentinelle.dz\\\/index.php\\\/2023\\\/10\\\/23\\\/loccupation-sioniste-intensifie-ses-raids-sur-la-bande-de-ghaza-lescalade\\\/\"},\"wordCount\":1076,\"commentCount\":0,\"publisher\":{\"@id\":\"https:\\\/\\\/lasentinelle.dz\\\/#organization\"},\"image\":{\"@id\":\"https:\\\/\\\/lasentinelle.dz\\\/index.php\\\/2023\\\/10\\\/23\\\/loccupation-sioniste-intensifie-ses-raids-sur-la-bande-de-ghaza-lescalade\\\/#primaryimage\"},\"thumbnailUrl\":\"https:\\\/\\\/lasentinelle.dz\\\/wp-content\\\/uploads\\\/2023\\\/10\\\/ghaza-5.jpeg\",\"articleSection\":[\"\u00c0 la Une\",\"Actualit\u00e9\"],\"inLanguage\":\"fr-FR\",\"potentialAction\":[{\"@type\":\"CommentAction\",\"name\":\"Comment\",\"target\":[\"https:\\\/\\\/lasentinelle.dz\\\/index.php\\\/2023\\\/10\\\/23\\\/loccupation-sioniste-intensifie-ses-raids-sur-la-bande-de-ghaza-lescalade\\\/#respond\"]}]},{\"@type\":\"WebPage\",\"@id\":\"https:\\\/\\\/lasentinelle.dz\\\/index.php\\\/2023\\\/10\\\/23\\\/loccupation-sioniste-intensifie-ses-raids-sur-la-bande-de-ghaza-lescalade\\\/\",\"url\":\"https:\\\/\\\/lasentinelle.dz\\\/index.php\\\/2023\\\/10\\\/23\\\/loccupation-sioniste-intensifie-ses-raids-sur-la-bande-de-ghaza-lescalade\\\/\",\"name\":\"L\u2019occupation sioniste intensifie ses raids sur la Bande de Ghaza\u00a0: L\u2019escalade\u00a0! - La Sentinelle\",\"isPartOf\":{\"@id\":\"https:\\\/\\\/lasentinelle.dz\\\/#website\"},\"primaryImageOfPage\":{\"@id\":\"https:\\\/\\\/lasentinelle.dz\\\/index.php\\\/2023\\\/10\\\/23\\\/loccupation-sioniste-intensifie-ses-raids-sur-la-bande-de-ghaza-lescalade\\\/#primaryimage\"},\"image\":{\"@id\":\"https:\\\/\\\/lasentinelle.dz\\\/index.php\\\/2023\\\/10\\\/23\\\/loccupation-sioniste-intensifie-ses-raids-sur-la-bande-de-ghaza-lescalade\\\/#primaryimage\"},\"thumbnailUrl\":\"https:\\\/\\\/lasentinelle.dz\\\/wp-content\\\/uploads\\\/2023\\\/10\\\/ghaza-5.jpeg\",\"datePublished\":\"2023-10-23T20:54:03+00:00\",\"dateModified\":\"2023-10-23T20:54:04+00:00\",\"breadcrumb\":{\"@id\":\"https:\\\/\\\/lasentinelle.dz\\\/index.php\\\/2023\\\/10\\\/23\\\/loccupation-sioniste-intensifie-ses-raids-sur-la-bande-de-ghaza-lescalade\\\/#breadcrumb\"},\"inLanguage\":\"fr-FR\",\"potentialAction\":[{\"@type\":\"ReadAction\",\"target\":[\"https:\\\/\\\/lasentinelle.dz\\\/index.php\\\/2023\\\/10\\\/23\\\/loccupation-sioniste-intensifie-ses-raids-sur-la-bande-de-ghaza-lescalade\\\/\"]}]},{\"@type\":\"ImageObject\",\"inLanguage\":\"fr-FR\",\"@id\":\"https:\\\/\\\/lasentinelle.dz\\\/index.php\\\/2023\\\/10\\\/23\\\/loccupation-sioniste-intensifie-ses-raids-sur-la-bande-de-ghaza-lescalade\\\/#primaryimage\",\"url\":\"https:\\\/\\\/lasentinelle.dz\\\/wp-content\\\/uploads\\\/2023\\\/10\\\/ghaza-5.jpeg\",\"contentUrl\":\"https:\\\/\\\/lasentinelle.dz\\\/wp-content\\\/uploads\\\/2023\\\/10\\\/ghaza-5.jpeg\",\"width\":745,\"height\":470},{\"@type\":\"BreadcrumbList\",\"@id\":\"https:\\\/\\\/lasentinelle.dz\\\/index.php\\\/2023\\\/10\\\/23\\\/loccupation-sioniste-intensifie-ses-raids-sur-la-bande-de-ghaza-lescalade\\\/#breadcrumb\",\"itemListElement\":[{\"@type\":\"ListItem\",\"position\":1,\"name\":\"Accueil\",\"item\":\"https:\\\/\\\/lasentinelle.dz\\\/\"},{\"@type\":\"ListItem\",\"position\":2,\"name\":\"L\u2019occupation sioniste intensifie ses raids sur la Bande de Ghaza\u00a0: L\u2019escalade\u00a0!\"}]},{\"@type\":\"WebSite\",\"@id\":\"https:\\\/\\\/lasentinelle.dz\\\/#website\",\"url\":\"https:\\\/\\\/lasentinelle.dz\\\/\",\"name\":\"La Sentinelle\",\"description\":\"Quotidien national d&#039;information\",\"publisher\":{\"@id\":\"https:\\\/\\\/lasentinelle.dz\\\/#organization\"},\"potentialAction\":[{\"@type\":\"SearchAction\",\"target\":{\"@type\":\"EntryPoint\",\"urlTemplate\":\"https:\\\/\\\/lasentinelle.dz\\\/?s={search_term_string}\"},\"query-input\":{\"@type\":\"PropertyValueSpecification\",\"valueRequired\":true,\"valueName\":\"search_term_string\"}}],\"inLanguage\":\"fr-FR\"},{\"@type\":\"Organization\",\"@id\":\"https:\\\/\\\/lasentinelle.dz\\\/#organization\",\"name\":\"Quotidien La Sentinelle\",\"url\":\"https:\\\/\\\/lasentinelle.dz\\\/\",\"logo\":{\"@type\":\"ImageObject\",\"inLanguage\":\"fr-FR\",\"@id\":\"https:\\\/\\\/lasentinelle.dz\\\/#\\\/schema\\\/logo\\\/image\\\/\",\"url\":\"https:\\\/\\\/lasentinelle.dz\\\/wp-content\\\/uploads\\\/2021\\\/09\\\/logo-sentinelleSLOGAN-1.png\",\"contentUrl\":\"https:\\\/\\\/lasentinelle.dz\\\/wp-content\\\/uploads\\\/2021\\\/09\\\/logo-sentinelleSLOGAN-1.png\",\"width\":615,\"height\":142,\"caption\":\"Quotidien La Sentinelle\"},\"image\":{\"@id\":\"https:\\\/\\\/lasentinelle.dz\\\/#\\\/schema\\\/logo\\\/image\\\/\"},\"sameAs\":[\"https:\\\/\\\/www.facebook.com\\\/La-Sentinelle-104059864394773\"]},{\"@type\":\"Person\",\"@id\":\"https:\\\/\\\/lasentinelle.dz\\\/#\\\/schema\\\/person\\\/d865044e22e70a75174ce8bcad3acfb3\",\"name\":\"La Sentinelle\",\"image\":{\"@type\":\"ImageObject\",\"inLanguage\":\"fr-FR\",\"@id\":\"https:\\\/\\\/secure.gravatar.com\\\/avatar\\\/57de8e5d4b15d43fb361a71fbb36338450fe67865b528a43dd10ef7c51a20392?s=96&d=mm&r=g\",\"url\":\"https:\\\/\\\/secure.gravatar.com\\\/avatar\\\/57de8e5d4b15d43fb361a71fbb36338450fe67865b528a43dd10ef7c51a20392?s=96&d=mm&r=g\",\"contentUrl\":\"https:\\\/\\\/secure.gravatar.com\\\/avatar\\\/57de8e5d4b15d43fb361a71fbb36338450fe67865b528a43dd10ef7c51a20392?s=96&d=mm&r=g\",\"caption\":\"La Sentinelle\"},\"sameAs\":[\"http:\\\/\\\/www.lasentinelle.dz\"],\"url\":\"https:\\\/\\\/lasentinelle.dz\\\/author\\\/redaction\\\/\"}]}<\/script>\n<!-- \/ Yoast SEO plugin. -->","yoast_head_json":{"title":"L\u2019occupation sioniste intensifie ses raids sur la Bande de Ghaza\u00a0: L\u2019escalade\u00a0! - La Sentinelle","robots":{"index":"index","follow":"follow","max-snippet":"max-snippet:-1","max-image-preview":"max-image-preview:large","max-video-preview":"max-video-preview:-1"},"canonical":"https:\/\/lasentinelle.dz\/index.php\/2023\/10\/23\/loccupation-sioniste-intensifie-ses-raids-sur-la-bande-de-ghaza-lescalade\/","og_locale":"fr_FR","og_type":"article","og_title":"L\u2019occupation sioniste intensifie ses raids sur la Bande de Ghaza\u00a0: L\u2019escalade\u00a0! - La Sentinelle","og_description":"L\u2019occupation isra\u00e9lienne a redoubl\u00e9 de barbarie et intensifi\u00e9 son pilonnage de la Bande de Ghaza faisant encore plus de victimes","og_url":"https:\/\/lasentinelle.dz\/index.php\/2023\/10\/23\/loccupation-sioniste-intensifie-ses-raids-sur-la-bande-de-ghaza-lescalade\/","og_site_name":"La Sentinelle","article_publisher":"https:\/\/www.facebook.com\/La-Sentinelle-104059864394773","article_published_time":"2023-10-23T20:54:03+00:00","article_modified_time":"2023-10-23T20:54:04+00:00","og_image":[{"width":745,"height":470,"url":"https:\/\/lasentinelle.dz\/wp-content\/uploads\/2023\/10\/ghaza-5.jpeg","type":"image\/jpeg"}],"author":"La Sentinelle","twitter_card":"summary_large_image","twitter_misc":{"\u00c9crit par":"La Sentinelle","Dur\u00e9e de lecture estim\u00e9e":"5 minutes"},"schema":{"@context":"https:\/\/schema.org","@graph":[{"@type":"Article","@id":"https:\/\/lasentinelle.dz\/index.php\/2023\/10\/23\/loccupation-sioniste-intensifie-ses-raids-sur-la-bande-de-ghaza-lescalade\/#article","isPartOf":{"@id":"https:\/\/lasentinelle.dz\/index.php\/2023\/10\/23\/loccupation-sioniste-intensifie-ses-raids-sur-la-bande-de-ghaza-lescalade\/"},"author":{"name":"La Sentinelle","@id":"https:\/\/lasentinelle.dz\/#\/schema\/person\/d865044e22e70a75174ce8bcad3acfb3"},"headline":"L\u2019occupation sioniste intensifie ses raids sur la Bande de Ghaza\u00a0: L\u2019escalade\u00a0!","datePublished":"2023-10-23T20:54:03+00:00","dateModified":"2023-10-23T20:54:04+00:00","mainEntityOfPage":{"@id":"https:\/\/lasentinelle.dz\/index.php\/2023\/10\/23\/loccupation-sioniste-intensifie-ses-raids-sur-la-bande-de-ghaza-lescalade\/"},"wordCount":1076,"commentCount":0,"publisher":{"@id":"https:\/\/lasentinelle.dz\/#organization"},"image":{"@id":"https:\/\/lasentinelle.dz\/index.php\/2023\/10\/23\/loccupation-sioniste-intensifie-ses-raids-sur-la-bande-de-ghaza-lescalade\/#primaryimage"},"thumbnailUrl":"https:\/\/lasentinelle.dz\/wp-content\/uploads\/2023\/10\/ghaza-5.jpeg","articleSection":["\u00c0 la Une","Actualit\u00e9"],"inLanguage":"fr-FR","potentialAction":[{"@type":"CommentAction","name":"Comment","target":["https:\/\/lasentinelle.dz\/index.php\/2023\/10\/23\/loccupation-sioniste-intensifie-ses-raids-sur-la-bande-de-ghaza-lescalade\/#respond"]}]},{"@type":"WebPage","@id":"https:\/\/lasentinelle.dz\/index.php\/2023\/10\/23\/loccupation-sioniste-intensifie-ses-raids-sur-la-bande-de-ghaza-lescalade\/","url":"https:\/\/lasentinelle.dz\/index.php\/2023\/10\/23\/loccupation-sioniste-intensifie-ses-raids-sur-la-bande-de-ghaza-lescalade\/","name":"L\u2019occupation sioniste intensifie ses raids sur la Bande de Ghaza\u00a0: L\u2019escalade\u00a0! - La Sentinelle","isPartOf":{"@id":"https:\/\/lasentinelle.dz\/#website"},"primaryImageOfPage":{"@id":"https:\/\/lasentinelle.dz\/index.php\/2023\/10\/23\/loccupation-sioniste-intensifie-ses-raids-sur-la-bande-de-ghaza-lescalade\/#primaryimage"},"image":{"@id":"https:\/\/lasentinelle.dz\/index.php\/2023\/10\/23\/loccupation-sioniste-intensifie-ses-raids-sur-la-bande-de-ghaza-lescalade\/#primaryimage"},"thumbnailUrl":"https:\/\/lasentinelle.dz\/wp-content\/uploads\/2023\/10\/ghaza-5.jpeg","datePublished":"2023-10-23T20:54:03+00:00","dateModified":"2023-10-23T20:54:04+00:00","breadcrumb":{"@id":"https:\/\/lasentinelle.dz\/index.php\/2023\/10\/23\/loccupation-sioniste-intensifie-ses-raids-sur-la-bande-de-ghaza-lescalade\/#breadcrumb"},"inLanguage":"fr-FR","potentialAction":[{"@type":"ReadAction","target":["https:\/\/lasentinelle.dz\/index.php\/2023\/10\/23\/loccupation-sioniste-intensifie-ses-raids-sur-la-bande-de-ghaza-lescalade\/"]}]},{"@type":"ImageObject","inLanguage":"fr-FR","@id":"https:\/\/lasentinelle.dz\/index.php\/2023\/10\/23\/loccupation-sioniste-intensifie-ses-raids-sur-la-bande-de-ghaza-lescalade\/#primaryimage","url":"https:\/\/lasentinelle.dz\/wp-content\/uploads\/2023\/10\/ghaza-5.jpeg","contentUrl":"https:\/\/lasentinelle.dz\/wp-content\/uploads\/2023\/10\/ghaza-5.jpeg","width":745,"height":470},{"@type":"BreadcrumbList","@id":"https:\/\/lasentinelle.dz\/index.php\/2023\/10\/23\/loccupation-sioniste-intensifie-ses-raids-sur-la-bande-de-ghaza-lescalade\/#breadcrumb","itemListElement":[{"@type":"ListItem","position":1,"name":"Accueil","item":"https:\/\/lasentinelle.dz\/"},{"@type":"ListItem","position":2,"name":"L\u2019occupation sioniste intensifie ses raids sur la Bande de Ghaza\u00a0: L\u2019escalade\u00a0!"}]},{"@type":"WebSite","@id":"https:\/\/lasentinelle.dz\/#website","url":"https:\/\/lasentinelle.dz\/","name":"La Sentinelle","description":"Quotidien national d&#039;information","publisher":{"@id":"https:\/\/lasentinelle.dz\/#organization"},"potentialAction":[{"@type":"SearchAction","target":{"@type":"EntryPoint","urlTemplate":"https:\/\/lasentinelle.dz\/?s={search_term_string}"},"query-input":{"@type":"PropertyValueSpecification","valueRequired":true,"valueName":"search_term_string"}}],"inLanguage":"fr-FR"},{"@type":"Organization","@id":"https:\/\/lasentinelle.dz\/#organization","name":"Quotidien La Sentinelle","url":"https:\/\/lasentinelle.dz\/","logo":{"@type":"ImageObject","inLanguage":"fr-FR","@id":"https:\/\/lasentinelle.dz\/#\/schema\/logo\/image\/","url":"https:\/\/lasentinelle.dz\/wp-content\/uploads\/2021\/09\/logo-sentinelleSLOGAN-1.png","contentUrl":"https:\/\/lasentinelle.dz\/wp-content\/uploads\/2021\/09\/logo-sentinelleSLOGAN-1.png","width":615,"height":142,"caption":"Quotidien La Sentinelle"},"image":{"@id":"https:\/\/lasentinelle.dz\/#\/schema\/logo\/image\/"},"sameAs":["https:\/\/www.facebook.com\/La-Sentinelle-104059864394773"]},{"@type":"Person","@id":"https:\/\/lasentinelle.dz\/#\/schema\/person\/d865044e22e70a75174ce8bcad3acfb3","name":"La Sentinelle","image":{"@type":"ImageObject","inLanguage":"fr-FR","@id":"https:\/\/secure.gravatar.com\/avatar\/57de8e5d4b15d43fb361a71fbb36338450fe67865b528a43dd10ef7c51a20392?s=96&d=mm&r=g","url":"https:\/\/secure.gravatar.com\/avatar\/57de8e5d4b15d43fb361a71fbb36338450fe67865b528a43dd10ef7c51a20392?s=96&d=mm&r=g","contentUrl":"https:\/\/secure.gravatar.com\/avatar\/57de8e5d4b15d43fb361a71fbb36338450fe67865b528a43dd10ef7c51a20392?s=96&d=mm&r=g","caption":"La Sentinelle"},"sameAs":["http:\/\/www.lasentinelle.dz"],"url":"https:\/\/lasentinelle.dz\/author\/redaction\/"}]}},"_links":{"self":[{"href":"https:\/\/lasentinelle.dz\/index.php\/wp-json\/wp\/v2\/posts\/46588","targetHints":{"allow":["GET"]}}],"collection":[{"href":"https:\/\/lasentinelle.dz\/index.php\/wp-json\/wp\/v2\/posts"}],"about":[{"href":"https:\/\/lasentinelle.dz\/index.php\/wp-json\/wp\/v2\/types\/post"}],"author":[{"embeddable":true,"href":"https:\/\/lasentinelle.dz\/index.php\/wp-json\/wp\/v2\/users\/3"}],"replies":[{"embeddable":true,"href":"https:\/\/lasentinelle.dz\/index.php\/wp-json\/wp\/v2\/comments?post=46588"}],"version-history":[{"count":1,"href":"https:\/\/lasentinelle.dz\/index.php\/wp-json\/wp\/v2\/posts\/46588\/revisions"}],"predecessor-version":[{"id":46590,"href":"https:\/\/lasentinelle.dz\/index.php\/wp-json\/wp\/v2\/posts\/46588\/revisions\/46590"}],"wp:featuredmedia":[{"embeddable":true,"href":"https:\/\/lasentinelle.dz\/index.php\/wp-json\/wp\/v2\/media\/46589"}],"wp:attachment":[{"href":"https:\/\/lasentinelle.dz\/index.php\/wp-json\/wp\/v2\/media?parent=46588"}],"wp:term":[{"taxonomy":"category","embeddable":true,"href":"https:\/\/lasentinelle.dz\/index.php\/wp-json\/wp\/v2\/categories?post=46588"},{"taxonomy":"post_tag","embeddable":true,"href":"https:\/\/lasentinelle.dz\/index.php\/wp-json\/wp\/v2\/tags?post=46588"}],"curies":[{"name":"wp","href":"https:\/\/api.w.org\/{rel}","templated":true}]}}