{"id":46591,"date":"2023-10-23T21:34:00","date_gmt":"2023-10-23T20:34:00","guid":{"rendered":"https:\/\/lasentinelle.dz\/?p=46591"},"modified":"2023-10-23T21:56:33","modified_gmt":"2023-10-23T20:56:33","slug":"le-groupe-francais-veut-renforcer-sa-cooperation-avec-sonatrach-totalenergies-veut-plus-de-gaz-algerien","status":"publish","type":"post","link":"https:\/\/lasentinelle.dz\/index.php\/2023\/10\/23\/le-groupe-francais-veut-renforcer-sa-cooperation-avec-sonatrach-totalenergies-veut-plus-de-gaz-algerien\/","title":{"rendered":"Le groupe fran\u00e7ais veut renforcer sa coop\u00e9ration avec Sonatrach\u00a0: Total\u00c9nergies veut plus de gaz alg\u00e9rien"},"content":{"rendered":"\n<p>Les entretiens ont \u00e9voqu\u00e9 les relations entre la Sonatrach et TotalEnergies, notamment dans les domaines du gaz naturel et du gaz de p\u00e9trole liqu\u00e9fi\u00e9 (GPL), et les perspectives de coop\u00e9ration entre les deux groupes dans des projets structurels en Alg\u00e9rie et \u00e0 l\u2019\u00e9tranger.<\/p>\n\n\n\n<p>Le pr\u00e9sident-directeur g\u00e9n\u00e9ral du groupe \u00e9nerg\u00e9tique fran\u00e7ais Total\u00c9nergies, Patrick Pouyann\u00e9 a effectu\u00e9 hier une visite \u00e0 Alger. Une visite au cours de laquelle il a \u00e9t\u00e9 re\u00e7u par le ministre de l\u2019\u00c9nergie et des Mines, Mohamed Arkab apr\u00e8s avoir eu des entretiens avec le P-DG de la Sonatrach, Rachid Hachichi. Des entretiens qui ont abord\u00e9 les opportunit\u00e9s de coop\u00e9ration entre les deux groupes \u00e9nerg\u00e9tiques notamment dans le gaz naturel et le gaz de p\u00e9trole liqu\u00e9fi\u00e9, ainsi que l\u2019investissement dans l\u2019amont hydrocarbures aussi bien en Alg\u00e9rie que dans d\u2019autres pays, sans oublier les \u00e9nergies renouvelables.<\/p>\n\n\n\n<p>En effet, un communiqu\u00e9 du minist\u00e8re de l\u2019\u00c9nergie et des Mines a indiqu\u00e9 hier que ohamed Arkab, a re\u00e7u Patrick Pouyann\u00e9, avec qui il a examin\u00e9 la coop\u00e9ration avec Sonatrach et de pr\u00e9ciser que lors de cette rencontre, les deux parties ont pass\u00e9 en revue les relations entre la Sonatrach et TotalEnergies, notamment dans les domaines du gaz naturel et du gaz de p\u00e9trole liqu\u00e9fi\u00e9 (GPL), et les perspectives de coop\u00e9ration entre les deux groupes dans des projets structurels en Alg\u00e9rie et \u00e0 l\u2019\u00e9tranger. Selon la m\u00eame source, les deux parties ont \u00e9voqu\u00e9 \u00e9galement les projets futurs en mati\u00e8re de d\u00e9veloppement de la production des hydrocarbures, d\u2019\u00e9nergies renouvelables, de transition \u00e9nerg\u00e9tique et de stockage de l\u2019\u00e9nergie. Auparavant un communiqu\u00e9 de la Sonatrach a indiqu\u00e9 que Rachid Hachichi et Patrick Pouyann\u00e9 ont \u00e9voqu\u00e9 lors de leurs entretiens, \u00ab&nbsp;le niveau des relations de partenariat historique entre les deux soci\u00e9t\u00e9s et ont pass\u00e9 en revue l\u2019\u00e9tat d\u2019avancement des projets en cours de r\u00e9alisation&nbsp;\u00bb, avant de pr\u00e9ciser que \u00ab&nbsp;les deux parties ont convenu d\u2019identifier les opportunit\u00e9s de partenariat, particuli\u00e8rement dans l\u2019amont p\u00e9trolier aussi bien en Alg\u00e9rie qu\u2019\u00e0 l\u2019\u00e9chelle internationale&nbsp;\u00bb.<\/p>\n\n\n\n<p>Il est utile de noter que, la France tout comme de nombreux pays europ\u00e9ens cherchent \u00e0 s\u00e9curiser leurs approvisionnements \u00e9nerg\u00e9tiques, et notamment gaziers dans une d\u00e9marche de diversification des fournisseurs apr\u00e8s la guerre en Ukraine. L\u2019Alg\u00e9rie s\u2019est tr\u00e8s vite impos\u00e9e comme un partenaire et une source d\u2019approvisionnement gazier fiables pour l\u2019Europe. Des approvisionnements d\u00e9pendent aussi du d\u00e9veloppement des capacit\u00e9s de production dans le pays, via le d\u00e9veloppement de l\u2019amont hydrocarbures. L\u2019Alg\u00e9rie a d\u2019ailleurs soulign\u00e9 la n\u00e9cessaire implication de ses partenaires dans l\u2019investissement et le d\u00e9veloppement de l\u2019amont hydrocarbures, mais aussi dans les \u00e9nergies renouvelables dans un contexte de transition \u00e9nerg\u00e9tique. Il est utile de rappeler dans ce contexte que la Sonatrach et Total\u00c9nergies ont sign\u00e9 au mois de juillet dernier plusieurs accords de coop\u00e9ration dans le gaz et les \u00e9nergies renouvelables. Ainsi deux contrats hydrocarbures ont \u00e9t\u00e9 sign\u00e9s et concernent le d\u00e9veloppement des champs d&rsquo;exploitation op\u00e9r\u00e9s en partenariat \u00e0 Tin Fouy\u00e9 Tabankort TFT II et TFT Sud et permettront de faire b\u00e9n\u00e9ficier les deux contractants de dispositions pr\u00e9vues dans la nouvelle loi des hydrocarbures 19-13.<\/p>\n\n\n\n<p>Des accords ont \u00e9galement \u00e9t\u00e9 sign\u00e9s dans le domaine du GNL concernent l&rsquo;extension des engagements contractuels liant Sonatrach et TotalEnergies pour la vente\/achat de GNL. Un protocole d&rsquo;accord dans le domaine de la transition \u00e9nerg\u00e9tique et des \u00e9nergies renouvelables, en particulier l&rsquo;\u00e9nergie solaire et \u00e9olienne, l&rsquo;hydrog\u00e8ne bas carbone ainsi que la r\u00e9duction et la valorisation des gaz torch\u00e9s, a \u00e9galement \u00e9t\u00e9 sign\u00e9.<\/p>\n\n\n\n<p>Rappelons que les importations fran\u00e7aises de gaz alg\u00e9rien en pratiquement doubl\u00e9 au cours du premier semestre de l\u2019ann\u00e9e. Selon les chiffres officiels publi\u00e9s en France, les importations fran\u00e7aises de gaz alg\u00e9rien ont connu une augmentation de 92,1 %, repr\u00e9sentant pr\u00e8s de la moiti\u00e9 du gaz achet\u00e9 par Paris \u00e0 l\u2019\u00e9tranger. Les importations fran\u00e7aises de gaz alg\u00e9rien ont atteint un niveau record d\u2019environ 49,9 % des importations totales de gaz de Paris dans le monde, s\u2019\u00e9levant \u00e0 1,5 milliard d\u2019euros, selon les statistiques publi\u00e9es.<\/p>\n\n\n\n<p><strong>Samira Ghrib<\/strong><\/p>\n","protected":false},"excerpt":{"rendered":"<p>Les entretiens ont \u00e9voqu\u00e9 les relations entre la Sonatrach et TotalEnergies, notamment dans les domaines du gaz naturel et du<\/p>\n","protected":false},"author":3,"featured_media":46592,"comment_status":"open","ping_status":"closed","sticky":false,"template":"","format":"standard","meta":{"colormag_page_container_layout":"default_layout","colormag_page_sidebar_layout":"default_layout","om_disable_all_campaigns":false,"_monsterinsights_skip_tracking":false,"_monsterinsights_sitenote_active":false,"_monsterinsights_sitenote_note":"","_monsterinsights_sitenote_category":0,"footnotes":"","_wpscppro_dont_share_socialmedia":false,"_wpscppro_custom_social_share_image":0,"_facebook_share_type":"","_twitter_share_type":"","_linkedin_share_type":"","_pinterest_share_type":"","_linkedin_share_type_page":"","_instagram_share_type":"","_medium_share_type":"","_threads_share_type":"","_google_business_share_type":"","_selected_social_profile":[],"_wpsp_enable_custom_social_template":false,"_wpsp_social_scheduling":{"enabled":false,"datetime":null,"platforms":[],"status":"template_only","dateOption":"today","timeOption":"now","customDays":"","customHours":"","customDate":"","customTime":"","schedulingType":"absolute"},"_wpsp_active_default_template":true},"categories":[52,29],"tags":[],"class_list":["post-46591","post","type-post","status-publish","format-standard","has-post-thumbnail","hentry","category-a-la-une","category-economie"],"aioseo_notices":[],"yoast_head":"<!-- This site is optimized with the Yoast SEO plugin v27.5 - https:\/\/yoast.com\/product\/yoast-seo-wordpress\/ -->\n<title>Le groupe fran\u00e7ais veut renforcer sa coop\u00e9ration avec Sonatrach\u00a0: Total\u00c9nergies veut plus de gaz alg\u00e9rien - La Sentinelle<\/title>\n<meta name=\"robots\" content=\"index, follow, max-snippet:-1, max-image-preview:large, max-video-preview:-1\" \/>\n<link rel=\"canonical\" href=\"https:\/\/lasentinelle.dz\/index.php\/2023\/10\/23\/le-groupe-francais-veut-renforcer-sa-cooperation-avec-sonatrach-totalenergies-veut-plus-de-gaz-algerien\/\" \/>\n<meta property=\"og:locale\" content=\"fr_FR\" \/>\n<meta property=\"og:type\" content=\"article\" \/>\n<meta property=\"og:title\" content=\"Le groupe fran\u00e7ais veut renforcer sa coop\u00e9ration avec Sonatrach\u00a0: Total\u00c9nergies veut plus de gaz alg\u00e9rien - La Sentinelle\" \/>\n<meta property=\"og:description\" content=\"Les entretiens ont \u00e9voqu\u00e9 les relations entre la Sonatrach et TotalEnergies, notamment dans les domaines du gaz naturel et du\" \/>\n<meta property=\"og:url\" content=\"https:\/\/lasentinelle.dz\/index.php\/2023\/10\/23\/le-groupe-francais-veut-renforcer-sa-cooperation-avec-sonatrach-totalenergies-veut-plus-de-gaz-algerien\/\" \/>\n<meta property=\"og:site_name\" content=\"La Sentinelle\" \/>\n<meta property=\"article:publisher\" content=\"https:\/\/www.facebook.com\/La-Sentinelle-104059864394773\" \/>\n<meta property=\"article:published_time\" content=\"2023-10-23T20:34:00+00:00\" \/>\n<meta property=\"article:modified_time\" content=\"2023-10-23T20:56:33+00:00\" \/>\n<meta property=\"og:image\" content=\"https:\/\/lasentinelle.dz\/wp-content\/uploads\/2023\/10\/arkab-pouyanne.jpeg\" \/>\n\t<meta property=\"og:image:width\" content=\"2048\" \/>\n\t<meta property=\"og:image:height\" content=\"1280\" \/>\n\t<meta property=\"og:image:type\" content=\"image\/jpeg\" \/>\n<meta name=\"author\" content=\"La Sentinelle\" \/>\n<meta name=\"twitter:card\" content=\"summary_large_image\" \/>\n<meta name=\"twitter:label1\" content=\"\u00c9crit par\" \/>\n\t<meta name=\"twitter:data1\" content=\"La Sentinelle\" \/>\n\t<meta name=\"twitter:label2\" content=\"Dur\u00e9e de lecture estim\u00e9e\" \/>\n\t<meta name=\"twitter:data2\" content=\"4 minutes\" \/>\n<script type=\"application\/ld+json\" class=\"yoast-schema-graph\">{\"@context\":\"https:\\\/\\\/schema.org\",\"@graph\":[{\"@type\":\"Article\",\"@id\":\"https:\\\/\\\/lasentinelle.dz\\\/index.php\\\/2023\\\/10\\\/23\\\/le-groupe-francais-veut-renforcer-sa-cooperation-avec-sonatrach-totalenergies-veut-plus-de-gaz-algerien\\\/#article\",\"isPartOf\":{\"@id\":\"https:\\\/\\\/lasentinelle.dz\\\/index.php\\\/2023\\\/10\\\/23\\\/le-groupe-francais-veut-renforcer-sa-cooperation-avec-sonatrach-totalenergies-veut-plus-de-gaz-algerien\\\/\"},\"author\":{\"name\":\"La Sentinelle\",\"@id\":\"https:\\\/\\\/lasentinelle.dz\\\/#\\\/schema\\\/person\\\/d865044e22e70a75174ce8bcad3acfb3\"},\"headline\":\"Le groupe fran\u00e7ais veut renforcer sa coop\u00e9ration avec Sonatrach\u00a0: Total\u00c9nergies veut plus de gaz alg\u00e9rien\",\"datePublished\":\"2023-10-23T20:34:00+00:00\",\"dateModified\":\"2023-10-23T20:56:33+00:00\",\"mainEntityOfPage\":{\"@id\":\"https:\\\/\\\/lasentinelle.dz\\\/index.php\\\/2023\\\/10\\\/23\\\/le-groupe-francais-veut-renforcer-sa-cooperation-avec-sonatrach-totalenergies-veut-plus-de-gaz-algerien\\\/\"},\"wordCount\":768,\"commentCount\":0,\"publisher\":{\"@id\":\"https:\\\/\\\/lasentinelle.dz\\\/#organization\"},\"image\":{\"@id\":\"https:\\\/\\\/lasentinelle.dz\\\/index.php\\\/2023\\\/10\\\/23\\\/le-groupe-francais-veut-renforcer-sa-cooperation-avec-sonatrach-totalenergies-veut-plus-de-gaz-algerien\\\/#primaryimage\"},\"thumbnailUrl\":\"https:\\\/\\\/lasentinelle.dz\\\/wp-content\\\/uploads\\\/2023\\\/10\\\/arkab-pouyanne.jpeg\",\"articleSection\":[\"\u00c0 la Une\",\"\u00c9conomie\"],\"inLanguage\":\"fr-FR\",\"potentialAction\":[{\"@type\":\"CommentAction\",\"name\":\"Comment\",\"target\":[\"https:\\\/\\\/lasentinelle.dz\\\/index.php\\\/2023\\\/10\\\/23\\\/le-groupe-francais-veut-renforcer-sa-cooperation-avec-sonatrach-totalenergies-veut-plus-de-gaz-algerien\\\/#respond\"]}]},{\"@type\":\"WebPage\",\"@id\":\"https:\\\/\\\/lasentinelle.dz\\\/index.php\\\/2023\\\/10\\\/23\\\/le-groupe-francais-veut-renforcer-sa-cooperation-avec-sonatrach-totalenergies-veut-plus-de-gaz-algerien\\\/\",\"url\":\"https:\\\/\\\/lasentinelle.dz\\\/index.php\\\/2023\\\/10\\\/23\\\/le-groupe-francais-veut-renforcer-sa-cooperation-avec-sonatrach-totalenergies-veut-plus-de-gaz-algerien\\\/\",\"name\":\"Le groupe fran\u00e7ais veut renforcer sa coop\u00e9ration avec Sonatrach\u00a0: Total\u00c9nergies veut plus de gaz alg\u00e9rien - La Sentinelle\",\"isPartOf\":{\"@id\":\"https:\\\/\\\/lasentinelle.dz\\\/#website\"},\"primaryImageOfPage\":{\"@id\":\"https:\\\/\\\/lasentinelle.dz\\\/index.php\\\/2023\\\/10\\\/23\\\/le-groupe-francais-veut-renforcer-sa-cooperation-avec-sonatrach-totalenergies-veut-plus-de-gaz-algerien\\\/#primaryimage\"},\"image\":{\"@id\":\"https:\\\/\\\/lasentinelle.dz\\\/index.php\\\/2023\\\/10\\\/23\\\/le-groupe-francais-veut-renforcer-sa-cooperation-avec-sonatrach-totalenergies-veut-plus-de-gaz-algerien\\\/#primaryimage\"},\"thumbnailUrl\":\"https:\\\/\\\/lasentinelle.dz\\\/wp-content\\\/uploads\\\/2023\\\/10\\\/arkab-pouyanne.jpeg\",\"datePublished\":\"2023-10-23T20:34:00+00:00\",\"dateModified\":\"2023-10-23T20:56:33+00:00\",\"breadcrumb\":{\"@id\":\"https:\\\/\\\/lasentinelle.dz\\\/index.php\\\/2023\\\/10\\\/23\\\/le-groupe-francais-veut-renforcer-sa-cooperation-avec-sonatrach-totalenergies-veut-plus-de-gaz-algerien\\\/#breadcrumb\"},\"inLanguage\":\"fr-FR\",\"potentialAction\":[{\"@type\":\"ReadAction\",\"target\":[\"https:\\\/\\\/lasentinelle.dz\\\/index.php\\\/2023\\\/10\\\/23\\\/le-groupe-francais-veut-renforcer-sa-cooperation-avec-sonatrach-totalenergies-veut-plus-de-gaz-algerien\\\/\"]}]},{\"@type\":\"ImageObject\",\"inLanguage\":\"fr-FR\",\"@id\":\"https:\\\/\\\/lasentinelle.dz\\\/index.php\\\/2023\\\/10\\\/23\\\/le-groupe-francais-veut-renforcer-sa-cooperation-avec-sonatrach-totalenergies-veut-plus-de-gaz-algerien\\\/#primaryimage\",\"url\":\"https:\\\/\\\/lasentinelle.dz\\\/wp-content\\\/uploads\\\/2023\\\/10\\\/arkab-pouyanne.jpeg\",\"contentUrl\":\"https:\\\/\\\/lasentinelle.dz\\\/wp-content\\\/uploads\\\/2023\\\/10\\\/arkab-pouyanne.jpeg\",\"width\":2048,\"height\":1280},{\"@type\":\"BreadcrumbList\",\"@id\":\"https:\\\/\\\/lasentinelle.dz\\\/index.php\\\/2023\\\/10\\\/23\\\/le-groupe-francais-veut-renforcer-sa-cooperation-avec-sonatrach-totalenergies-veut-plus-de-gaz-algerien\\\/#breadcrumb\",\"itemListElement\":[{\"@type\":\"ListItem\",\"position\":1,\"name\":\"Accueil\",\"item\":\"https:\\\/\\\/lasentinelle.dz\\\/\"},{\"@type\":\"ListItem\",\"position\":2,\"name\":\"Le groupe fran\u00e7ais veut renforcer sa coop\u00e9ration avec Sonatrach\u00a0: Total\u00c9nergies veut plus de gaz alg\u00e9rien\"}]},{\"@type\":\"WebSite\",\"@id\":\"https:\\\/\\\/lasentinelle.dz\\\/#website\",\"url\":\"https:\\\/\\\/lasentinelle.dz\\\/\",\"name\":\"La Sentinelle\",\"description\":\"Quotidien national d&#039;information\",\"publisher\":{\"@id\":\"https:\\\/\\\/lasentinelle.dz\\\/#organization\"},\"potentialAction\":[{\"@type\":\"SearchAction\",\"target\":{\"@type\":\"EntryPoint\",\"urlTemplate\":\"https:\\\/\\\/lasentinelle.dz\\\/?s={search_term_string}\"},\"query-input\":{\"@type\":\"PropertyValueSpecification\",\"valueRequired\":true,\"valueName\":\"search_term_string\"}}],\"inLanguage\":\"fr-FR\"},{\"@type\":\"Organization\",\"@id\":\"https:\\\/\\\/lasentinelle.dz\\\/#organization\",\"name\":\"Quotidien La Sentinelle\",\"url\":\"https:\\\/\\\/lasentinelle.dz\\\/\",\"logo\":{\"@type\":\"ImageObject\",\"inLanguage\":\"fr-FR\",\"@id\":\"https:\\\/\\\/lasentinelle.dz\\\/#\\\/schema\\\/logo\\\/image\\\/\",\"url\":\"https:\\\/\\\/lasentinelle.dz\\\/wp-content\\\/uploads\\\/2021\\\/09\\\/logo-sentinelleSLOGAN-1.png\",\"contentUrl\":\"https:\\\/\\\/lasentinelle.dz\\\/wp-content\\\/uploads\\\/2021\\\/09\\\/logo-sentinelleSLOGAN-1.png\",\"width\":615,\"height\":142,\"caption\":\"Quotidien La Sentinelle\"},\"image\":{\"@id\":\"https:\\\/\\\/lasentinelle.dz\\\/#\\\/schema\\\/logo\\\/image\\\/\"},\"sameAs\":[\"https:\\\/\\\/www.facebook.com\\\/La-Sentinelle-104059864394773\"]},{\"@type\":\"Person\",\"@id\":\"https:\\\/\\\/lasentinelle.dz\\\/#\\\/schema\\\/person\\\/d865044e22e70a75174ce8bcad3acfb3\",\"name\":\"La Sentinelle\",\"image\":{\"@type\":\"ImageObject\",\"inLanguage\":\"fr-FR\",\"@id\":\"https:\\\/\\\/secure.gravatar.com\\\/avatar\\\/57de8e5d4b15d43fb361a71fbb36338450fe67865b528a43dd10ef7c51a20392?s=96&d=mm&r=g\",\"url\":\"https:\\\/\\\/secure.gravatar.com\\\/avatar\\\/57de8e5d4b15d43fb361a71fbb36338450fe67865b528a43dd10ef7c51a20392?s=96&d=mm&r=g\",\"contentUrl\":\"https:\\\/\\\/secure.gravatar.com\\\/avatar\\\/57de8e5d4b15d43fb361a71fbb36338450fe67865b528a43dd10ef7c51a20392?s=96&d=mm&r=g\",\"caption\":\"La Sentinelle\"},\"sameAs\":[\"http:\\\/\\\/www.lasentinelle.dz\"],\"url\":\"https:\\\/\\\/lasentinelle.dz\\\/author\\\/redaction\\\/\"}]}<\/script>\n<!-- \/ Yoast SEO plugin. -->","yoast_head_json":{"title":"Le groupe fran\u00e7ais veut renforcer sa coop\u00e9ration avec Sonatrach\u00a0: Total\u00c9nergies veut plus de gaz alg\u00e9rien - La Sentinelle","robots":{"index":"index","follow":"follow","max-snippet":"max-snippet:-1","max-image-preview":"max-image-preview:large","max-video-preview":"max-video-preview:-1"},"canonical":"https:\/\/lasentinelle.dz\/index.php\/2023\/10\/23\/le-groupe-francais-veut-renforcer-sa-cooperation-avec-sonatrach-totalenergies-veut-plus-de-gaz-algerien\/","og_locale":"fr_FR","og_type":"article","og_title":"Le groupe fran\u00e7ais veut renforcer sa coop\u00e9ration avec Sonatrach\u00a0: Total\u00c9nergies veut plus de gaz alg\u00e9rien - La Sentinelle","og_description":"Les entretiens ont \u00e9voqu\u00e9 les relations entre la Sonatrach et TotalEnergies, notamment dans les domaines du gaz naturel et du","og_url":"https:\/\/lasentinelle.dz\/index.php\/2023\/10\/23\/le-groupe-francais-veut-renforcer-sa-cooperation-avec-sonatrach-totalenergies-veut-plus-de-gaz-algerien\/","og_site_name":"La Sentinelle","article_publisher":"https:\/\/www.facebook.com\/La-Sentinelle-104059864394773","article_published_time":"2023-10-23T20:34:00+00:00","article_modified_time":"2023-10-23T20:56:33+00:00","og_image":[{"width":2048,"height":1280,"url":"https:\/\/lasentinelle.dz\/wp-content\/uploads\/2023\/10\/arkab-pouyanne.jpeg","type":"image\/jpeg"}],"author":"La Sentinelle","twitter_card":"summary_large_image","twitter_misc":{"\u00c9crit par":"La Sentinelle","Dur\u00e9e de lecture estim\u00e9e":"4 minutes"},"schema":{"@context":"https:\/\/schema.org","@graph":[{"@type":"Article","@id":"https:\/\/lasentinelle.dz\/index.php\/2023\/10\/23\/le-groupe-francais-veut-renforcer-sa-cooperation-avec-sonatrach-totalenergies-veut-plus-de-gaz-algerien\/#article","isPartOf":{"@id":"https:\/\/lasentinelle.dz\/index.php\/2023\/10\/23\/le-groupe-francais-veut-renforcer-sa-cooperation-avec-sonatrach-totalenergies-veut-plus-de-gaz-algerien\/"},"author":{"name":"La Sentinelle","@id":"https:\/\/lasentinelle.dz\/#\/schema\/person\/d865044e22e70a75174ce8bcad3acfb3"},"headline":"Le groupe fran\u00e7ais veut renforcer sa coop\u00e9ration avec Sonatrach\u00a0: Total\u00c9nergies veut plus de gaz alg\u00e9rien","datePublished":"2023-10-23T20:34:00+00:00","dateModified":"2023-10-23T20:56:33+00:00","mainEntityOfPage":{"@id":"https:\/\/lasentinelle.dz\/index.php\/2023\/10\/23\/le-groupe-francais-veut-renforcer-sa-cooperation-avec-sonatrach-totalenergies-veut-plus-de-gaz-algerien\/"},"wordCount":768,"commentCount":0,"publisher":{"@id":"https:\/\/lasentinelle.dz\/#organization"},"image":{"@id":"https:\/\/lasentinelle.dz\/index.php\/2023\/10\/23\/le-groupe-francais-veut-renforcer-sa-cooperation-avec-sonatrach-totalenergies-veut-plus-de-gaz-algerien\/#primaryimage"},"thumbnailUrl":"https:\/\/lasentinelle.dz\/wp-content\/uploads\/2023\/10\/arkab-pouyanne.jpeg","articleSection":["\u00c0 la Une","\u00c9conomie"],"inLanguage":"fr-FR","potentialAction":[{"@type":"CommentAction","name":"Comment","target":["https:\/\/lasentinelle.dz\/index.php\/2023\/10\/23\/le-groupe-francais-veut-renforcer-sa-cooperation-avec-sonatrach-totalenergies-veut-plus-de-gaz-algerien\/#respond"]}]},{"@type":"WebPage","@id":"https:\/\/lasentinelle.dz\/index.php\/2023\/10\/23\/le-groupe-francais-veut-renforcer-sa-cooperation-avec-sonatrach-totalenergies-veut-plus-de-gaz-algerien\/","url":"https:\/\/lasentinelle.dz\/index.php\/2023\/10\/23\/le-groupe-francais-veut-renforcer-sa-cooperation-avec-sonatrach-totalenergies-veut-plus-de-gaz-algerien\/","name":"Le groupe fran\u00e7ais veut renforcer sa coop\u00e9ration avec Sonatrach\u00a0: Total\u00c9nergies veut plus de gaz alg\u00e9rien - La Sentinelle","isPartOf":{"@id":"https:\/\/lasentinelle.dz\/#website"},"primaryImageOfPage":{"@id":"https:\/\/lasentinelle.dz\/index.php\/2023\/10\/23\/le-groupe-francais-veut-renforcer-sa-cooperation-avec-sonatrach-totalenergies-veut-plus-de-gaz-algerien\/#primaryimage"},"image":{"@id":"https:\/\/lasentinelle.dz\/index.php\/2023\/10\/23\/le-groupe-francais-veut-renforcer-sa-cooperation-avec-sonatrach-totalenergies-veut-plus-de-gaz-algerien\/#primaryimage"},"thumbnailUrl":"https:\/\/lasentinelle.dz\/wp-content\/uploads\/2023\/10\/arkab-pouyanne.jpeg","datePublished":"2023-10-23T20:34:00+00:00","dateModified":"2023-10-23T20:56:33+00:00","breadcrumb":{"@id":"https:\/\/lasentinelle.dz\/index.php\/2023\/10\/23\/le-groupe-francais-veut-renforcer-sa-cooperation-avec-sonatrach-totalenergies-veut-plus-de-gaz-algerien\/#breadcrumb"},"inLanguage":"fr-FR","potentialAction":[{"@type":"ReadAction","target":["https:\/\/lasentinelle.dz\/index.php\/2023\/10\/23\/le-groupe-francais-veut-renforcer-sa-cooperation-avec-sonatrach-totalenergies-veut-plus-de-gaz-algerien\/"]}]},{"@type":"ImageObject","inLanguage":"fr-FR","@id":"https:\/\/lasentinelle.dz\/index.php\/2023\/10\/23\/le-groupe-francais-veut-renforcer-sa-cooperation-avec-sonatrach-totalenergies-veut-plus-de-gaz-algerien\/#primaryimage","url":"https:\/\/lasentinelle.dz\/wp-content\/uploads\/2023\/10\/arkab-pouyanne.jpeg","contentUrl":"https:\/\/lasentinelle.dz\/wp-content\/uploads\/2023\/10\/arkab-pouyanne.jpeg","width":2048,"height":1280},{"@type":"BreadcrumbList","@id":"https:\/\/lasentinelle.dz\/index.php\/2023\/10\/23\/le-groupe-francais-veut-renforcer-sa-cooperation-avec-sonatrach-totalenergies-veut-plus-de-gaz-algerien\/#breadcrumb","itemListElement":[{"@type":"ListItem","position":1,"name":"Accueil","item":"https:\/\/lasentinelle.dz\/"},{"@type":"ListItem","position":2,"name":"Le groupe fran\u00e7ais veut renforcer sa coop\u00e9ration avec Sonatrach\u00a0: Total\u00c9nergies veut plus de gaz alg\u00e9rien"}]},{"@type":"WebSite","@id":"https:\/\/lasentinelle.dz\/#website","url":"https:\/\/lasentinelle.dz\/","name":"La Sentinelle","description":"Quotidien national d&#039;information","publisher":{"@id":"https:\/\/lasentinelle.dz\/#organization"},"potentialAction":[{"@type":"SearchAction","target":{"@type":"EntryPoint","urlTemplate":"https:\/\/lasentinelle.dz\/?s={search_term_string}"},"query-input":{"@type":"PropertyValueSpecification","valueRequired":true,"valueName":"search_term_string"}}],"inLanguage":"fr-FR"},{"@type":"Organization","@id":"https:\/\/lasentinelle.dz\/#organization","name":"Quotidien La Sentinelle","url":"https:\/\/lasentinelle.dz\/","logo":{"@type":"ImageObject","inLanguage":"fr-FR","@id":"https:\/\/lasentinelle.dz\/#\/schema\/logo\/image\/","url":"https:\/\/lasentinelle.dz\/wp-content\/uploads\/2021\/09\/logo-sentinelleSLOGAN-1.png","contentUrl":"https:\/\/lasentinelle.dz\/wp-content\/uploads\/2021\/09\/logo-sentinelleSLOGAN-1.png","width":615,"height":142,"caption":"Quotidien La Sentinelle"},"image":{"@id":"https:\/\/lasentinelle.dz\/#\/schema\/logo\/image\/"},"sameAs":["https:\/\/www.facebook.com\/La-Sentinelle-104059864394773"]},{"@type":"Person","@id":"https:\/\/lasentinelle.dz\/#\/schema\/person\/d865044e22e70a75174ce8bcad3acfb3","name":"La Sentinelle","image":{"@type":"ImageObject","inLanguage":"fr-FR","@id":"https:\/\/secure.gravatar.com\/avatar\/57de8e5d4b15d43fb361a71fbb36338450fe67865b528a43dd10ef7c51a20392?s=96&d=mm&r=g","url":"https:\/\/secure.gravatar.com\/avatar\/57de8e5d4b15d43fb361a71fbb36338450fe67865b528a43dd10ef7c51a20392?s=96&d=mm&r=g","contentUrl":"https:\/\/secure.gravatar.com\/avatar\/57de8e5d4b15d43fb361a71fbb36338450fe67865b528a43dd10ef7c51a20392?s=96&d=mm&r=g","caption":"La Sentinelle"},"sameAs":["http:\/\/www.lasentinelle.dz"],"url":"https:\/\/lasentinelle.dz\/author\/redaction\/"}]}},"_links":{"self":[{"href":"https:\/\/lasentinelle.dz\/index.php\/wp-json\/wp\/v2\/posts\/46591","targetHints":{"allow":["GET"]}}],"collection":[{"href":"https:\/\/lasentinelle.dz\/index.php\/wp-json\/wp\/v2\/posts"}],"about":[{"href":"https:\/\/lasentinelle.dz\/index.php\/wp-json\/wp\/v2\/types\/post"}],"author":[{"embeddable":true,"href":"https:\/\/lasentinelle.dz\/index.php\/wp-json\/wp\/v2\/users\/3"}],"replies":[{"embeddable":true,"href":"https:\/\/lasentinelle.dz\/index.php\/wp-json\/wp\/v2\/comments?post=46591"}],"version-history":[{"count":1,"href":"https:\/\/lasentinelle.dz\/index.php\/wp-json\/wp\/v2\/posts\/46591\/revisions"}],"predecessor-version":[{"id":46593,"href":"https:\/\/lasentinelle.dz\/index.php\/wp-json\/wp\/v2\/posts\/46591\/revisions\/46593"}],"wp:featuredmedia":[{"embeddable":true,"href":"https:\/\/lasentinelle.dz\/index.php\/wp-json\/wp\/v2\/media\/46592"}],"wp:attachment":[{"href":"https:\/\/lasentinelle.dz\/index.php\/wp-json\/wp\/v2\/media?parent=46591"}],"wp:term":[{"taxonomy":"category","embeddable":true,"href":"https:\/\/lasentinelle.dz\/index.php\/wp-json\/wp\/v2\/categories?post=46591"},{"taxonomy":"post_tag","embeddable":true,"href":"https:\/\/lasentinelle.dz\/index.php\/wp-json\/wp\/v2\/tags?post=46591"}],"curies":[{"name":"wp","href":"https:\/\/api.w.org\/{rel}","templated":true}]}}